{"id":116508,"date":"2025-09-02T19:26:13","date_gmt":"2025-09-03T02:26:13","guid":{"rendered":"https:\/\/fuentesfidedignas.com.mx\/?p=116508"},"modified":"2025-09-02T19:26:13","modified_gmt":"2025-09-03T02:26:13","slug":"trump-confirma-que-11-terroristas-del-tren-de-aragua-fueron-eliminados-en-ataque-a-embarcacion","status":"publish","type":"post","link":"https:\/\/fuentesfidedignas.com.mx\/index.php\/2025\/09\/02\/trump-confirma-que-11-terroristas-del-tren-de-aragua-fueron-eliminados-en-ataque-a-embarcacion\/","title":{"rendered":"Trump confirma que 11 \u201cterroristas\u201d del Tren de Aragua fueron eliminados en ataque a embarcaci\u00f3n"},"content":{"rendered":"\n<p><\/p>\n\n\n\n<p><strong><em>El presidente de Estados Unidos asegur\u00f3 que las fuerzas armadas de su pa\u00eds eliminaron a 11 integrantes de el Tren de Aragua durante un \u201cataque cin\u00e9tico\u201d contra \u201cnarcoterroristas\u201d en el Atl\u00e1ntico este martes<\/em><\/strong><\/p>\n\n\n\n<p>El presidente de Estados Unidos,&nbsp;<strong>Donald Trump<\/strong>, asegur\u00f3 que las fuerzas armadas de su pa\u00eds eliminaron a 11 integrantes de el&nbsp;<strong>Tren de Aragua<\/strong>&nbsp;durante un \u201c<strong>ataque cin\u00e9tico<\/strong>\u201d contra \u201cnarcoterroristas\u201d en el Atl\u00e1ntico este martes.<\/p>\n\n\n\n<p><strong>Trump<\/strong>&nbsp;public\u00f3 en su cuenta de&nbsp;<strong>Truth<\/strong>&nbsp;un v\u00eddeo del&nbsp;<strong>Comando Sur del Ej\u00e9rcito estadounidense<\/strong>&nbsp;donde se observa una embarcaci\u00f3n siendo monitoreada segundos antes de ser eliminada con un misil.<\/p>\n\n\n\n<p>El&nbsp;<strong>mandatario estadounidense<\/strong>&nbsp;asegur\u00f3 que 11 \u201cnarcoterroristas\u201d perdieron la vida en el ataque y que fueron identificados como integrantes del&nbsp;<strong>Tren de Aragua<\/strong>, una organizaci\u00f3n que fue designada como terrorista por su&nbsp;<strong>Administraci\u00f3n<\/strong>.<\/p>\n\n\n\n<blockquote class=\"wp-block-quote is-layout-flow wp-block-quote-is-layout-flow\">\n<p>\u201cOperan bajo el control de&nbsp;<strong>Nicol\u00e1s Maduro<\/strong>&nbsp;(presidente de Venezuela), responsable de&nbsp;<strong>asesinatos en masa<\/strong>, tr\u00e1fico de drogas, tr\u00e1fico sexual y actos de violencia y terrorismo en Estados Unidos\u201d, agreg\u00f3 Trump en su comunicado.<\/p>\n<\/blockquote>\n\n\n\n<p>Una hora antes de confirmar el deceso de los supuestos narcotraficantes, el&nbsp;<strong>Pent\u00e1gono<\/strong>&nbsp;hab\u00eda confirmado a EFE que el ataque fue realizado en el sur del&nbsp;<strong>Caribe<\/strong>&nbsp;contra un buque con drogas que hab\u00eda salido de&nbsp;<strong>Venezuela<\/strong>&nbsp;y que estaba siendo perado por narcoterroristas y la misma informaci\u00f3n fue publicada en la cuenta oficial del Secretario de Estado, Marco Rubio.<\/p>\n\n\n\n<p>EE.UU. ha desplegado ocho barcos militares con misiles y un submarino de propulsi\u00f3n nuclear en \u00e1reas del&nbsp;<strong>mar Caribe<\/strong>&nbsp;cercanas a las costas de&nbsp;<strong>Venezuela<\/strong>&nbsp;para combatir el tr\u00e1fico de drogas que \u00abcontaminan\u00bb las calles del pa\u00eds norteamericano.<\/p>\n\n\n\n<p>En respuesta, el presidente de&nbsp;<strong>Venezuela<\/strong>&nbsp;advirti\u00f3 ayer que su pa\u00eds enfrenta la que considera la \u00abm\u00e1s grande amenaza que se haya visto\u00bb en Am\u00e9rica \u00aben los \u00faltimos cien a\u00f1os\u00bb y asegur\u00f3 que su naci\u00f3n se declarar\u00eda \u00aben armas\u00bb si \u00abfuera agredida\u00bb.<\/p>\n","protected":false},"excerpt":{"rendered":"<p>El presidente de Estados Unidos asegur\u00f3 que las fuerzas armadas de su pa\u00eds eliminaron a 11 integrantes de el Tren de Aragua durante un \u201cataque cin\u00e9tico\u201d contra \u201cnarcoterroristas\u201d en el Atl\u00e1ntico este martes El presidente de Estados Unidos,&nbsp;Donald Trump, asegur\u00f3 que las fuerzas armadas de su pa\u00eds eliminaron a 11 integrantes de el&nbsp;Tren de Aragua&nbsp;durante [&hellip;]<\/p>\n","protected":false},"author":22,"featured_media":116507,"comment_status":"closed","ping_status":"open","sticky":false,"template":"","format":"standard","meta":{"tdm_status":"","tdm_grid_status":"","footnotes":""},"categories":[39],"tags":[],"class_list":{"0":"post-116508","1":"post","2":"type-post","3":"status-publish","4":"format-standard","5":"has-post-thumbnail","7":"category-noticias-nacionales"},"yoast_head":"<!-- This site is optimized with the Yoast SEO plugin v27.5 - https:\/\/yoast.com\/product\/yoast-seo-wordpress\/ -->\n<title>Trump confirma que 11 \u201cterroristas\u201d del Tren de Aragua fueron eliminados en ataque a embarcaci\u00f3n - Fuentes Fidedignas<\/title>\n<meta name=\"robots\" content=\"index, follow, max-snippet:-1, max-image-preview:large, max-video-preview:-1\" \/>\n<link rel=\"canonical\" href=\"https:\/\/fuentesfidedignas.com.mx\/index.php\/2025\/09\/02\/trump-confirma-que-11-terroristas-del-tren-de-aragua-fueron-eliminados-en-ataque-a-embarcacion\/\" \/>\n<meta property=\"og:locale\" content=\"es_MX\" \/>\n<meta property=\"og:type\" content=\"article\" \/>\n<meta property=\"og:title\" content=\"Trump confirma que 11 \u201cterroristas\u201d del Tren de Aragua fueron eliminados en ataque a embarcaci\u00f3n - Fuentes Fidedignas\" \/>\n<meta property=\"og:description\" content=\"El presidente de Estados Unidos asegur\u00f3 que las fuerzas armadas de su pa\u00eds eliminaron a 11 integrantes de el Tren de Aragua durante un \u201cataque cin\u00e9tico\u201d contra \u201cnarcoterroristas\u201d en el Atl\u00e1ntico este martes El presidente de Estados Unidos,&nbsp;Donald Trump, asegur\u00f3 que las fuerzas armadas de su pa\u00eds eliminaron a 11 integrantes de el&nbsp;Tren de Aragua&nbsp;durante [&hellip;]\" \/>\n<meta property=\"og:url\" content=\"https:\/\/fuentesfidedignas.com.mx\/index.php\/2025\/09\/02\/trump-confirma-que-11-terroristas-del-tren-de-aragua-fueron-eliminados-en-ataque-a-embarcacion\/\" \/>\n<meta property=\"og:site_name\" content=\"Fuentes Fidedignas\" \/>\n<meta property=\"article:publisher\" content=\"https:\/\/www.facebook.com\/Fuentes-Fidedignas-368234489921644\" \/>\n<meta property=\"article:published_time\" content=\"2025-09-03T02:26:13+00:00\" \/>\n<meta property=\"og:image\" content=\"https:\/\/fuentesfidedignas.com.mx\/wp-content\/uploads\/2025\/09\/img_7490.png\" \/>\n\t<meta property=\"og:image:width\" content=\"390\" \/>\n\t<meta property=\"og:image:height\" content=\"260\" \/>\n\t<meta property=\"og:image:type\" content=\"image\/png\" \/>\n<meta name=\"author\" content=\"EFE\" \/>\n<meta name=\"twitter:card\" content=\"summary_large_image\" \/>\n<meta name=\"twitter:creator\" content=\"@fidedignas\" \/>\n<meta name=\"twitter:site\" content=\"@fidedignas\" \/>\n<meta name=\"twitter:label1\" content=\"Escrito por\" \/>\n\t<meta name=\"twitter:data1\" content=\"EFE\" \/>\n\t<meta name=\"twitter:label2\" content=\"Tiempo de lectura\" \/>\n\t<meta name=\"twitter:data2\" content=\"2 minutos\" \/>\n<script type=\"application\/ld+json\" class=\"yoast-schema-graph\">{\"@context\":\"https:\\\/\\\/schema.org\",\"@graph\":[{\"@type\":\"Article\",\"@id\":\"https:\\\/\\\/fuentesfidedignas.com.mx\\\/index.php\\\/2025\\\/09\\\/02\\\/trump-confirma-que-11-terroristas-del-tren-de-aragua-fueron-eliminados-en-ataque-a-embarcacion\\\/#article\",\"isPartOf\":{\"@id\":\"https:\\\/\\\/fuentesfidedignas.com.mx\\\/index.php\\\/2025\\\/09\\\/02\\\/trump-confirma-que-11-terroristas-del-tren-de-aragua-fueron-eliminados-en-ataque-a-embarcacion\\\/\"},\"author\":{\"name\":\"EFE\",\"@id\":\"https:\\\/\\\/fuentesfidedignas.com.mx\\\/#\\\/schema\\\/person\\\/0d44615087b5a626d5d3f13afe31ac41\"},\"headline\":\"Trump confirma que 11 \u201cterroristas\u201d del Tren de Aragua fueron eliminados en ataque a embarcaci\u00f3n\",\"datePublished\":\"2025-09-03T02:26:13+00:00\",\"mainEntityOfPage\":{\"@id\":\"https:\\\/\\\/fuentesfidedignas.com.mx\\\/index.php\\\/2025\\\/09\\\/02\\\/trump-confirma-que-11-terroristas-del-tren-de-aragua-fueron-eliminados-en-ataque-a-embarcacion\\\/\"},\"wordCount\":372,\"publisher\":{\"@id\":\"https:\\\/\\\/fuentesfidedignas.com.mx\\\/#organization\"},\"image\":{\"@id\":\"https:\\\/\\\/fuentesfidedignas.com.mx\\\/index.php\\\/2025\\\/09\\\/02\\\/trump-confirma-que-11-terroristas-del-tren-de-aragua-fueron-eliminados-en-ataque-a-embarcacion\\\/#primaryimage\"},\"thumbnailUrl\":\"https:\\\/\\\/fuentesfidedignas.com.mx\\\/wp-content\\\/uploads\\\/2025\\\/09\\\/img_7490.png\",\"articleSection\":[\"NOTICIAS NACIONALES\"],\"inLanguage\":\"es\"},{\"@type\":\"WebPage\",\"@id\":\"https:\\\/\\\/fuentesfidedignas.com.mx\\\/index.php\\\/2025\\\/09\\\/02\\\/trump-confirma-que-11-terroristas-del-tren-de-aragua-fueron-eliminados-en-ataque-a-embarcacion\\\/\",\"url\":\"https:\\\/\\\/fuentesfidedignas.com.mx\\\/index.php\\\/2025\\\/09\\\/02\\\/trump-confirma-que-11-terroristas-del-tren-de-aragua-fueron-eliminados-en-ataque-a-embarcacion\\\/\",\"name\":\"Trump confirma que 11 \u201cterroristas\u201d del Tren de Aragua fueron eliminados en ataque a embarcaci\u00f3n - Fuentes Fidedignas\",\"isPartOf\":{\"@id\":\"https:\\\/\\\/fuentesfidedignas.com.mx\\\/#website\"},\"primaryImageOfPage\":{\"@id\":\"https:\\\/\\\/fuentesfidedignas.com.mx\\\/index.php\\\/2025\\\/09\\\/02\\\/trump-confirma-que-11-terroristas-del-tren-de-aragua-fueron-eliminados-en-ataque-a-embarcacion\\\/#primaryimage\"},\"image\":{\"@id\":\"https:\\\/\\\/fuentesfidedignas.com.mx\\\/index.php\\\/2025\\\/09\\\/02\\\/trump-confirma-que-11-terroristas-del-tren-de-aragua-fueron-eliminados-en-ataque-a-embarcacion\\\/#primaryimage\"},\"thumbnailUrl\":\"https:\\\/\\\/fuentesfidedignas.com.mx\\\/wp-content\\\/uploads\\\/2025\\\/09\\\/img_7490.png\",\"datePublished\":\"2025-09-03T02:26:13+00:00\",\"breadcrumb\":{\"@id\":\"https:\\\/\\\/fuentesfidedignas.com.mx\\\/index.php\\\/2025\\\/09\\\/02\\\/trump-confirma-que-11-terroristas-del-tren-de-aragua-fueron-eliminados-en-ataque-a-embarcacion\\\/#breadcrumb\"},\"inLanguage\":\"es\",\"potentialAction\":[{\"@type\":\"ReadAction\",\"target\":[\"https:\\\/\\\/fuentesfidedignas.com.mx\\\/index.php\\\/2025\\\/09\\\/02\\\/trump-confirma-que-11-terroristas-del-tren-de-aragua-fueron-eliminados-en-ataque-a-embarcacion\\\/\"]}]},{\"@type\":\"ImageObject\",\"inLanguage\":\"es\",\"@id\":\"https:\\\/\\\/fuentesfidedignas.com.mx\\\/index.php\\\/2025\\\/09\\\/02\\\/trump-confirma-que-11-terroristas-del-tren-de-aragua-fueron-eliminados-en-ataque-a-embarcacion\\\/#primaryimage\",\"url\":\"https:\\\/\\\/fuentesfidedignas.com.mx\\\/wp-content\\\/uploads\\\/2025\\\/09\\\/img_7490.png\",\"contentUrl\":\"https:\\\/\\\/fuentesfidedignas.com.mx\\\/wp-content\\\/uploads\\\/2025\\\/09\\\/img_7490.png\",\"width\":390,\"height\":260},{\"@type\":\"BreadcrumbList\",\"@id\":\"https:\\\/\\\/fuentesfidedignas.com.mx\\\/index.php\\\/2025\\\/09\\\/02\\\/trump-confirma-que-11-terroristas-del-tren-de-aragua-fueron-eliminados-en-ataque-a-embarcacion\\\/#breadcrumb\",\"itemListElement\":[{\"@type\":\"ListItem\",\"position\":1,\"name\":\"Inicio\",\"item\":\"https:\\\/\\\/fuentesfidedignas.com.mx\\\/\"},{\"@type\":\"ListItem\",\"position\":2,\"name\":\"Trump confirma que 11 \u201cterroristas\u201d del Tren de Aragua fueron eliminados en ataque a embarcaci\u00f3n\"}]},{\"@type\":\"WebSite\",\"@id\":\"https:\\\/\\\/fuentesfidedignas.com.mx\\\/#website\",\"url\":\"https:\\\/\\\/fuentesfidedignas.com.mx\\\/\",\"name\":\"Fuentes Fidedignas\",\"description\":\"Otro sitio realizado con WordPress\",\"publisher\":{\"@id\":\"https:\\\/\\\/fuentesfidedignas.com.mx\\\/#organization\"},\"potentialAction\":[{\"@type\":\"SearchAction\",\"target\":{\"@type\":\"EntryPoint\",\"urlTemplate\":\"https:\\\/\\\/fuentesfidedignas.com.mx\\\/?s={search_term_string}\"},\"query-input\":{\"@type\":\"PropertyValueSpecification\",\"valueRequired\":true,\"valueName\":\"search_term_string\"}}],\"inLanguage\":\"es\"},{\"@type\":\"Organization\",\"@id\":\"https:\\\/\\\/fuentesfidedignas.com.mx\\\/#organization\",\"name\":\"Fuentes Fidedignas\",\"url\":\"https:\\\/\\\/fuentesfidedignas.com.mx\\\/\",\"logo\":{\"@type\":\"ImageObject\",\"inLanguage\":\"es\",\"@id\":\"https:\\\/\\\/fuentesfidedignas.com.mx\\\/#\\\/schema\\\/logo\\\/image\\\/\",\"url\":\"https:\\\/\\\/fuentesfidedignas.com.mx\\\/wp-content\\\/uploads\\\/2021\\\/04\\\/logo-retina.png\",\"contentUrl\":\"https:\\\/\\\/fuentesfidedignas.com.mx\\\/wp-content\\\/uploads\\\/2021\\\/04\\\/logo-retina.png\",\"width\":280,\"height\":51,\"caption\":\"Fuentes Fidedignas\"},\"image\":{\"@id\":\"https:\\\/\\\/fuentesfidedignas.com.mx\\\/#\\\/schema\\\/logo\\\/image\\\/\"},\"sameAs\":[\"https:\\\/\\\/www.facebook.com\\\/Fuentes-Fidedignas-368234489921644\",\"https:\\\/\\\/x.com\\\/fidedignas\"]},{\"@type\":\"Person\",\"@id\":\"https:\\\/\\\/fuentesfidedignas.com.mx\\\/#\\\/schema\\\/person\\\/0d44615087b5a626d5d3f13afe31ac41\",\"name\":\"EFE\",\"image\":{\"@type\":\"ImageObject\",\"inLanguage\":\"es\",\"@id\":\"https:\\\/\\\/secure.gravatar.com\\\/avatar\\\/7048c2d9b569d9bed55bb53ad23821e6e047aa66338fb6ea9868627bbb9f54e8?s=96&d=mm&r=g\",\"url\":\"https:\\\/\\\/secure.gravatar.com\\\/avatar\\\/7048c2d9b569d9bed55bb53ad23821e6e047aa66338fb6ea9868627bbb9f54e8?s=96&d=mm&r=g\",\"contentUrl\":\"https:\\\/\\\/secure.gravatar.com\\\/avatar\\\/7048c2d9b569d9bed55bb53ad23821e6e047aa66338fb6ea9868627bbb9f54e8?s=96&d=mm&r=g\",\"caption\":\"EFE\"},\"url\":\"https:\\\/\\\/fuentesfidedignas.com.mx\\\/index.php\\\/author\\\/efe\\\/\"}]}<\/script>\n<!-- \/ Yoast SEO plugin. -->","yoast_head_json":{"title":"Trump confirma que 11 \u201cterroristas\u201d del Tren de Aragua fueron eliminados en ataque a embarcaci\u00f3n - Fuentes Fidedignas","robots":{"index":"index","follow":"follow","max-snippet":"max-snippet:-1","max-image-preview":"max-image-preview:large","max-video-preview":"max-video-preview:-1"},"canonical":"https:\/\/fuentesfidedignas.com.mx\/index.php\/2025\/09\/02\/trump-confirma-que-11-terroristas-del-tren-de-aragua-fueron-eliminados-en-ataque-a-embarcacion\/","og_locale":"es_MX","og_type":"article","og_title":"Trump confirma que 11 \u201cterroristas\u201d del Tren de Aragua fueron eliminados en ataque a embarcaci\u00f3n - Fuentes Fidedignas","og_description":"El presidente de Estados Unidos asegur\u00f3 que las fuerzas armadas de su pa\u00eds eliminaron a 11 integrantes de el Tren de Aragua durante un \u201cataque cin\u00e9tico\u201d contra \u201cnarcoterroristas\u201d en el Atl\u00e1ntico este martes El presidente de Estados Unidos,&nbsp;Donald Trump, asegur\u00f3 que las fuerzas armadas de su pa\u00eds eliminaron a 11 integrantes de el&nbsp;Tren de Aragua&nbsp;durante [&hellip;]","og_url":"https:\/\/fuentesfidedignas.com.mx\/index.php\/2025\/09\/02\/trump-confirma-que-11-terroristas-del-tren-de-aragua-fueron-eliminados-en-ataque-a-embarcacion\/","og_site_name":"Fuentes Fidedignas","article_publisher":"https:\/\/www.facebook.com\/Fuentes-Fidedignas-368234489921644","article_published_time":"2025-09-03T02:26:13+00:00","og_image":[{"width":390,"height":260,"url":"https:\/\/fuentesfidedignas.com.mx\/wp-content\/uploads\/2025\/09\/img_7490.png","type":"image\/png"}],"author":"EFE","twitter_card":"summary_large_image","twitter_creator":"@fidedignas","twitter_site":"@fidedignas","twitter_misc":{"Escrito por":"EFE","Tiempo de lectura":"2 minutos"},"schema":{"@context":"https:\/\/schema.org","@graph":[{"@type":"Article","@id":"https:\/\/fuentesfidedignas.com.mx\/index.php\/2025\/09\/02\/trump-confirma-que-11-terroristas-del-tren-de-aragua-fueron-eliminados-en-ataque-a-embarcacion\/#article","isPartOf":{"@id":"https:\/\/fuentesfidedignas.com.mx\/index.php\/2025\/09\/02\/trump-confirma-que-11-terroristas-del-tren-de-aragua-fueron-eliminados-en-ataque-a-embarcacion\/"},"author":{"name":"EFE","@id":"https:\/\/fuentesfidedignas.com.mx\/#\/schema\/person\/0d44615087b5a626d5d3f13afe31ac41"},"headline":"Trump confirma que 11 \u201cterroristas\u201d del Tren de Aragua fueron eliminados en ataque a embarcaci\u00f3n","datePublished":"2025-09-03T02:26:13+00:00","mainEntityOfPage":{"@id":"https:\/\/fuentesfidedignas.com.mx\/index.php\/2025\/09\/02\/trump-confirma-que-11-terroristas-del-tren-de-aragua-fueron-eliminados-en-ataque-a-embarcacion\/"},"wordCount":372,"publisher":{"@id":"https:\/\/fuentesfidedignas.com.mx\/#organization"},"image":{"@id":"https:\/\/fuentesfidedignas.com.mx\/index.php\/2025\/09\/02\/trump-confirma-que-11-terroristas-del-tren-de-aragua-fueron-eliminados-en-ataque-a-embarcacion\/#primaryimage"},"thumbnailUrl":"https:\/\/fuentesfidedignas.com.mx\/wp-content\/uploads\/2025\/09\/img_7490.png","articleSection":["NOTICIAS NACIONALES"],"inLanguage":"es"},{"@type":"WebPage","@id":"https:\/\/fuentesfidedignas.com.mx\/index.php\/2025\/09\/02\/trump-confirma-que-11-terroristas-del-tren-de-aragua-fueron-eliminados-en-ataque-a-embarcacion\/","url":"https:\/\/fuentesfidedignas.com.mx\/index.php\/2025\/09\/02\/trump-confirma-que-11-terroristas-del-tren-de-aragua-fueron-eliminados-en-ataque-a-embarcacion\/","name":"Trump confirma que 11 \u201cterroristas\u201d del Tren de Aragua fueron eliminados en ataque a embarcaci\u00f3n - Fuentes Fidedignas","isPartOf":{"@id":"https:\/\/fuentesfidedignas.com.mx\/#website"},"primaryImageOfPage":{"@id":"https:\/\/fuentesfidedignas.com.mx\/index.php\/2025\/09\/02\/trump-confirma-que-11-terroristas-del-tren-de-aragua-fueron-eliminados-en-ataque-a-embarcacion\/#primaryimage"},"image":{"@id":"https:\/\/fuentesfidedignas.com.mx\/index.php\/2025\/09\/02\/trump-confirma-que-11-terroristas-del-tren-de-aragua-fueron-eliminados-en-ataque-a-embarcacion\/#primaryimage"},"thumbnailUrl":"https:\/\/fuentesfidedignas.com.mx\/wp-content\/uploads\/2025\/09\/img_7490.png","datePublished":"2025-09-03T02:26:13+00:00","breadcrumb":{"@id":"https:\/\/fuentesfidedignas.com.mx\/index.php\/2025\/09\/02\/trump-confirma-que-11-terroristas-del-tren-de-aragua-fueron-eliminados-en-ataque-a-embarcacion\/#breadcrumb"},"inLanguage":"es","potentialAction":[{"@type":"ReadAction","target":["https:\/\/fuentesfidedignas.com.mx\/index.php\/2025\/09\/02\/trump-confirma-que-11-terroristas-del-tren-de-aragua-fueron-eliminados-en-ataque-a-embarcacion\/"]}]},{"@type":"ImageObject","inLanguage":"es","@id":"https:\/\/fuentesfidedignas.com.mx\/index.php\/2025\/09\/02\/trump-confirma-que-11-terroristas-del-tren-de-aragua-fueron-eliminados-en-ataque-a-embarcacion\/#primaryimage","url":"https:\/\/fuentesfidedignas.com.mx\/wp-content\/uploads\/2025\/09\/img_7490.png","contentUrl":"https:\/\/fuentesfidedignas.com.mx\/wp-content\/uploads\/2025\/09\/img_7490.png","width":390,"height":260},{"@type":"BreadcrumbList","@id":"https:\/\/fuentesfidedignas.com.mx\/index.php\/2025\/09\/02\/trump-confirma-que-11-terroristas-del-tren-de-aragua-fueron-eliminados-en-ataque-a-embarcacion\/#breadcrumb","itemListElement":[{"@type":"ListItem","position":1,"name":"Inicio","item":"https:\/\/fuentesfidedignas.com.mx\/"},{"@type":"ListItem","position":2,"name":"Trump confirma que 11 \u201cterroristas\u201d del Tren de Aragua fueron eliminados en ataque a embarcaci\u00f3n"}]},{"@type":"WebSite","@id":"https:\/\/fuentesfidedignas.com.mx\/#website","url":"https:\/\/fuentesfidedignas.com.mx\/","name":"Fuentes Fidedignas","description":"Otro sitio realizado con WordPress","publisher":{"@id":"https:\/\/fuentesfidedignas.com.mx\/#organization"},"potentialAction":[{"@type":"SearchAction","target":{"@type":"EntryPoint","urlTemplate":"https:\/\/fuentesfidedignas.com.mx\/?s={search_term_string}"},"query-input":{"@type":"PropertyValueSpecification","valueRequired":true,"valueName":"search_term_string"}}],"inLanguage":"es"},{"@type":"Organization","@id":"https:\/\/fuentesfidedignas.com.mx\/#organization","name":"Fuentes Fidedignas","url":"https:\/\/fuentesfidedignas.com.mx\/","logo":{"@type":"ImageObject","inLanguage":"es","@id":"https:\/\/fuentesfidedignas.com.mx\/#\/schema\/logo\/image\/","url":"https:\/\/fuentesfidedignas.com.mx\/wp-content\/uploads\/2021\/04\/logo-retina.png","contentUrl":"https:\/\/fuentesfidedignas.com.mx\/wp-content\/uploads\/2021\/04\/logo-retina.png","width":280,"height":51,"caption":"Fuentes Fidedignas"},"image":{"@id":"https:\/\/fuentesfidedignas.com.mx\/#\/schema\/logo\/image\/"},"sameAs":["https:\/\/www.facebook.com\/Fuentes-Fidedignas-368234489921644","https:\/\/x.com\/fidedignas"]},{"@type":"Person","@id":"https:\/\/fuentesfidedignas.com.mx\/#\/schema\/person\/0d44615087b5a626d5d3f13afe31ac41","name":"EFE","image":{"@type":"ImageObject","inLanguage":"es","@id":"https:\/\/secure.gravatar.com\/avatar\/7048c2d9b569d9bed55bb53ad23821e6e047aa66338fb6ea9868627bbb9f54e8?s=96&d=mm&r=g","url":"https:\/\/secure.gravatar.com\/avatar\/7048c2d9b569d9bed55bb53ad23821e6e047aa66338fb6ea9868627bbb9f54e8?s=96&d=mm&r=g","contentUrl":"https:\/\/secure.gravatar.com\/avatar\/7048c2d9b569d9bed55bb53ad23821e6e047aa66338fb6ea9868627bbb9f54e8?s=96&d=mm&r=g","caption":"EFE"},"url":"https:\/\/fuentesfidedignas.com.mx\/index.php\/author\/efe\/"}]}},"_links":{"self":[{"href":"https:\/\/fuentesfidedignas.com.mx\/index.php\/wp-json\/wp\/v2\/posts\/116508","targetHints":{"allow":["GET"]}}],"collection":[{"href":"https:\/\/fuentesfidedignas.com.mx\/index.php\/wp-json\/wp\/v2\/posts"}],"about":[{"href":"https:\/\/fuentesfidedignas.com.mx\/index.php\/wp-json\/wp\/v2\/types\/post"}],"author":[{"embeddable":true,"href":"https:\/\/fuentesfidedignas.com.mx\/index.php\/wp-json\/wp\/v2\/users\/22"}],"replies":[{"embeddable":true,"href":"https:\/\/fuentesfidedignas.com.mx\/index.php\/wp-json\/wp\/v2\/comments?post=116508"}],"version-history":[{"count":1,"href":"https:\/\/fuentesfidedignas.com.mx\/index.php\/wp-json\/wp\/v2\/posts\/116508\/revisions"}],"predecessor-version":[{"id":116509,"href":"https:\/\/fuentesfidedignas.com.mx\/index.php\/wp-json\/wp\/v2\/posts\/116508\/revisions\/116509"}],"wp:featuredmedia":[{"embeddable":true,"href":"https:\/\/fuentesfidedignas.com.mx\/index.php\/wp-json\/wp\/v2\/media\/116507"}],"wp:attachment":[{"href":"https:\/\/fuentesfidedignas.com.mx\/index.php\/wp-json\/wp\/v2\/media?parent=116508"}],"wp:term":[{"taxonomy":"category","embeddable":true,"href":"https:\/\/fuentesfidedignas.com.mx\/index.php\/wp-json\/wp\/v2\/categories?post=116508"},{"taxonomy":"post_tag","embeddable":true,"href":"https:\/\/fuentesfidedignas.com.mx\/index.php\/wp-json\/wp\/v2\/tags?post=116508"}],"curies":[{"name":"wp","href":"https:\/\/api.w.org\/{rel}","templated":true}]}}