{"id":116443,"date":"2025-09-01T22:30:18","date_gmt":"2025-09-02T05:30:18","guid":{"rendered":"https:\/\/fuentesfidedignas.com.mx\/?p=116443"},"modified":"2025-09-01T22:30:18","modified_gmt":"2025-09-02T05:30:18","slug":"asiste-rocha-a-instalacion-de-la-nueva-suprema-corte-de-justicia-de-la-nacion","status":"publish","type":"post","link":"https:\/\/fuentesfidedignas.com.mx\/index.php\/2025\/09\/01\/asiste-rocha-a-instalacion-de-la-nueva-suprema-corte-de-justicia-de-la-nacion\/","title":{"rendered":"Asiste Rocha a instalaci\u00f3n de la nueva Suprema Corte de Justicia de la Naci\u00f3n"},"content":{"rendered":"\n<p><\/p>\n\n\n\n<p><em>Ciudad de M\u00e9xico.-<\/em> El gobernador Rub\u00e9n Rocha Moya, acudi\u00f3 como invitado, a la investidura de las nuevas y nuevos ministros que, a partir de hoy, conforman la Suprema Corte de Justicia de la Naci\u00f3n, una nueva era en el Poder Judicial, ya que fueron elegidos por el voto popular.<\/p>\n\n\n\n<p>Previo a la instalaci\u00f3n de la nueva Suprema Corte de Justicia los 9 ministros tomaron protesta en la C\u00e1mara de Senadores, ante la presidenta del Senado Laura Itzel Castillo.<\/p>\n\n\n\n<p>Posteriormente, desde el sal\u00f3n de plenos de la SCJN, el mandatario estatal, atestigu\u00f3 la instalaci\u00f3n de la nueva Corte Suprema mexicana que ser\u00e1 presidida por el magistrado Hugo Aguilar Ortiz, e integrada por las y los ministros Loretta Ortiz Ahlf, Lenia Batres Guadarrama, Yasm\u00edn Esquivel Mossa, Mar\u00eda Estela R\u00edos Gonz\u00e1lez , Sara Irene Herrer\u00edas Guerra, Ar\u00edstides Rodrigo Guerrero Garc\u00eda, Irving Espinosa Betanzo y Giovanni Azael Figueroa Mej\u00eda, quienes ser\u00e1n los encargados de garantizar la impartici\u00f3n de justicia con legalidad, generando un verdadero estado de derecho.<\/p>\n\n\n\n<p>Por su parte, el Ministro Presidente Aguilar Ortiz, realiz\u00f3 la apertura de las puertas de la Suprema Corte al pueblo de M\u00e9xico como s\u00edmbolo de una nueva era en la impartici\u00f3n de justicia cercana, transparente y que rinda cuentas a la poblaci\u00f3n, comprometidos a guardar la Constituci\u00f3n Pol\u00edtica.<\/p>\n\n\n\n<p>Cabe agregar que, tambi\u00e9n se renuevan las Magistraturas de la Sala Superior del Tribunal Electoral del Poder Judicial de la Federaci\u00f3n (TEPJF); Magistraturas de Salas Regionales del Tribunal Electoral del Poder Judicial de la Federaci\u00f3n (TEPJF); Magistradas y Magistrados del Tribunal de Disciplina Judicial (TDJ).<\/p>\n","protected":false},"excerpt":{"rendered":"<p>Ciudad de M\u00e9xico.- El gobernador Rub\u00e9n Rocha Moya, acudi\u00f3 como invitado, a la investidura de las nuevas y nuevos ministros que, a partir de hoy, conforman la Suprema Corte de Justicia de la Naci\u00f3n, una nueva era en el Poder Judicial, ya que fueron elegidos por el voto popular. Previo a la instalaci\u00f3n de la [&hellip;]<\/p>\n","protected":false},"author":4,"featured_media":116442,"comment_status":"closed","ping_status":"open","sticky":false,"template":"","format":"standard","meta":{"tdm_status":"","tdm_grid_status":"","footnotes":""},"categories":[37],"tags":[],"class_list":{"0":"post-116443","1":"post","2":"type-post","3":"status-publish","4":"format-standard","5":"has-post-thumbnail","7":"category-nota-principal"},"yoast_head":"<!-- This site is optimized with the Yoast SEO plugin v27.5 - https:\/\/yoast.com\/product\/yoast-seo-wordpress\/ -->\n<title>Asiste Rocha a instalaci\u00f3n de la nueva Suprema Corte de Justicia de la Naci\u00f3n - Fuentes Fidedignas<\/title>\n<meta name=\"robots\" content=\"index, follow, max-snippet:-1, max-image-preview:large, max-video-preview:-1\" \/>\n<link rel=\"canonical\" href=\"https:\/\/fuentesfidedignas.com.mx\/index.php\/2025\/09\/01\/asiste-rocha-a-instalacion-de-la-nueva-suprema-corte-de-justicia-de-la-nacion\/\" \/>\n<meta property=\"og:locale\" content=\"es_MX\" \/>\n<meta property=\"og:type\" content=\"article\" \/>\n<meta property=\"og:title\" content=\"Asiste Rocha a instalaci\u00f3n de la nueva Suprema Corte de Justicia de la Naci\u00f3n - Fuentes Fidedignas\" \/>\n<meta property=\"og:description\" content=\"Ciudad de M\u00e9xico.- El gobernador Rub\u00e9n Rocha Moya, acudi\u00f3 como invitado, a la investidura de las nuevas y nuevos ministros que, a partir de hoy, conforman la Suprema Corte de Justicia de la Naci\u00f3n, una nueva era en el Poder Judicial, ya que fueron elegidos por el voto popular. Previo a la instalaci\u00f3n de la [&hellip;]\" \/>\n<meta property=\"og:url\" content=\"https:\/\/fuentesfidedignas.com.mx\/index.php\/2025\/09\/01\/asiste-rocha-a-instalacion-de-la-nueva-suprema-corte-de-justicia-de-la-nacion\/\" \/>\n<meta property=\"og:site_name\" content=\"Fuentes Fidedignas\" \/>\n<meta property=\"article:publisher\" content=\"https:\/\/www.facebook.com\/Fuentes-Fidedignas-368234489921644\" \/>\n<meta property=\"article:published_time\" content=\"2025-09-02T05:30:18+00:00\" \/>\n<meta property=\"og:image\" content=\"https:\/\/fuentesfidedignas.com.mx\/wp-content\/uploads\/2025\/09\/90362cd4-189f-4cd5-b868-fdd73856b637.jpg\" \/>\n\t<meta property=\"og:image:width\" content=\"1600\" \/>\n\t<meta property=\"og:image:height\" content=\"1067\" \/>\n\t<meta property=\"og:image:type\" content=\"image\/jpeg\" \/>\n<meta name=\"author\" content=\"Redacci\u00f3n\" \/>\n<meta name=\"twitter:card\" content=\"summary_large_image\" \/>\n<meta name=\"twitter:creator\" content=\"@fidedignas\" \/>\n<meta name=\"twitter:site\" content=\"@fidedignas\" \/>\n<meta name=\"twitter:label1\" content=\"Escrito por\" \/>\n\t<meta name=\"twitter:data1\" content=\"Redacci\u00f3n\" \/>\n\t<meta name=\"twitter:label2\" content=\"Tiempo de lectura\" \/>\n\t<meta name=\"twitter:data2\" content=\"1 minuto\" \/>\n<script type=\"application\/ld+json\" class=\"yoast-schema-graph\">{\"@context\":\"https:\\\/\\\/schema.org\",\"@graph\":[{\"@type\":\"Article\",\"@id\":\"https:\\\/\\\/fuentesfidedignas.com.mx\\\/index.php\\\/2025\\\/09\\\/01\\\/asiste-rocha-a-instalacion-de-la-nueva-suprema-corte-de-justicia-de-la-nacion\\\/#article\",\"isPartOf\":{\"@id\":\"https:\\\/\\\/fuentesfidedignas.com.mx\\\/index.php\\\/2025\\\/09\\\/01\\\/asiste-rocha-a-instalacion-de-la-nueva-suprema-corte-de-justicia-de-la-nacion\\\/\"},\"author\":{\"name\":\"Redacci\u00f3n\",\"@id\":\"https:\\\/\\\/fuentesfidedignas.com.mx\\\/#\\\/schema\\\/person\\\/331be9283d37198e2acd5750279085b0\"},\"headline\":\"Asiste Rocha a instalaci\u00f3n de la nueva Suprema Corte de Justicia de la Naci\u00f3n\",\"datePublished\":\"2025-09-02T05:30:18+00:00\",\"mainEntityOfPage\":{\"@id\":\"https:\\\/\\\/fuentesfidedignas.com.mx\\\/index.php\\\/2025\\\/09\\\/01\\\/asiste-rocha-a-instalacion-de-la-nueva-suprema-corte-de-justicia-de-la-nacion\\\/\"},\"wordCount\":297,\"publisher\":{\"@id\":\"https:\\\/\\\/fuentesfidedignas.com.mx\\\/#organization\"},\"image\":{\"@id\":\"https:\\\/\\\/fuentesfidedignas.com.mx\\\/index.php\\\/2025\\\/09\\\/01\\\/asiste-rocha-a-instalacion-de-la-nueva-suprema-corte-de-justicia-de-la-nacion\\\/#primaryimage\"},\"thumbnailUrl\":\"https:\\\/\\\/fuentesfidedignas.com.mx\\\/wp-content\\\/uploads\\\/2025\\\/09\\\/90362cd4-189f-4cd5-b868-fdd73856b637.jpg\",\"articleSection\":[\"NOTA PRINCIPAL\"],\"inLanguage\":\"es\"},{\"@type\":\"WebPage\",\"@id\":\"https:\\\/\\\/fuentesfidedignas.com.mx\\\/index.php\\\/2025\\\/09\\\/01\\\/asiste-rocha-a-instalacion-de-la-nueva-suprema-corte-de-justicia-de-la-nacion\\\/\",\"url\":\"https:\\\/\\\/fuentesfidedignas.com.mx\\\/index.php\\\/2025\\\/09\\\/01\\\/asiste-rocha-a-instalacion-de-la-nueva-suprema-corte-de-justicia-de-la-nacion\\\/\",\"name\":\"Asiste Rocha a instalaci\u00f3n de la nueva Suprema Corte de Justicia de la Naci\u00f3n - Fuentes Fidedignas\",\"isPartOf\":{\"@id\":\"https:\\\/\\\/fuentesfidedignas.com.mx\\\/#website\"},\"primaryImageOfPage\":{\"@id\":\"https:\\\/\\\/fuentesfidedignas.com.mx\\\/index.php\\\/2025\\\/09\\\/01\\\/asiste-rocha-a-instalacion-de-la-nueva-suprema-corte-de-justicia-de-la-nacion\\\/#primaryimage\"},\"image\":{\"@id\":\"https:\\\/\\\/fuentesfidedignas.com.mx\\\/index.php\\\/2025\\\/09\\\/01\\\/asiste-rocha-a-instalacion-de-la-nueva-suprema-corte-de-justicia-de-la-nacion\\\/#primaryimage\"},\"thumbnailUrl\":\"https:\\\/\\\/fuentesfidedignas.com.mx\\\/wp-content\\\/uploads\\\/2025\\\/09\\\/90362cd4-189f-4cd5-b868-fdd73856b637.jpg\",\"datePublished\":\"2025-09-02T05:30:18+00:00\",\"breadcrumb\":{\"@id\":\"https:\\\/\\\/fuentesfidedignas.com.mx\\\/index.php\\\/2025\\\/09\\\/01\\\/asiste-rocha-a-instalacion-de-la-nueva-suprema-corte-de-justicia-de-la-nacion\\\/#breadcrumb\"},\"inLanguage\":\"es\",\"potentialAction\":[{\"@type\":\"ReadAction\",\"target\":[\"https:\\\/\\\/fuentesfidedignas.com.mx\\\/index.php\\\/2025\\\/09\\\/01\\\/asiste-rocha-a-instalacion-de-la-nueva-suprema-corte-de-justicia-de-la-nacion\\\/\"]}]},{\"@type\":\"ImageObject\",\"inLanguage\":\"es\",\"@id\":\"https:\\\/\\\/fuentesfidedignas.com.mx\\\/index.php\\\/2025\\\/09\\\/01\\\/asiste-rocha-a-instalacion-de-la-nueva-suprema-corte-de-justicia-de-la-nacion\\\/#primaryimage\",\"url\":\"https:\\\/\\\/fuentesfidedignas.com.mx\\\/wp-content\\\/uploads\\\/2025\\\/09\\\/90362cd4-189f-4cd5-b868-fdd73856b637.jpg\",\"contentUrl\":\"https:\\\/\\\/fuentesfidedignas.com.mx\\\/wp-content\\\/uploads\\\/2025\\\/09\\\/90362cd4-189f-4cd5-b868-fdd73856b637.jpg\",\"width\":1600,\"height\":1067},{\"@type\":\"BreadcrumbList\",\"@id\":\"https:\\\/\\\/fuentesfidedignas.com.mx\\\/index.php\\\/2025\\\/09\\\/01\\\/asiste-rocha-a-instalacion-de-la-nueva-suprema-corte-de-justicia-de-la-nacion\\\/#breadcrumb\",\"itemListElement\":[{\"@type\":\"ListItem\",\"position\":1,\"name\":\"Inicio\",\"item\":\"https:\\\/\\\/fuentesfidedignas.com.mx\\\/\"},{\"@type\":\"ListItem\",\"position\":2,\"name\":\"Asiste Rocha a instalaci\u00f3n de la nueva Suprema Corte de Justicia de la Naci\u00f3n\"}]},{\"@type\":\"WebSite\",\"@id\":\"https:\\\/\\\/fuentesfidedignas.com.mx\\\/#website\",\"url\":\"https:\\\/\\\/fuentesfidedignas.com.mx\\\/\",\"name\":\"Fuentes Fidedignas\",\"description\":\"Otro sitio realizado con WordPress\",\"publisher\":{\"@id\":\"https:\\\/\\\/fuentesfidedignas.com.mx\\\/#organization\"},\"potentialAction\":[{\"@type\":\"SearchAction\",\"target\":{\"@type\":\"EntryPoint\",\"urlTemplate\":\"https:\\\/\\\/fuentesfidedignas.com.mx\\\/?s={search_term_string}\"},\"query-input\":{\"@type\":\"PropertyValueSpecification\",\"valueRequired\":true,\"valueName\":\"search_term_string\"}}],\"inLanguage\":\"es\"},{\"@type\":\"Organization\",\"@id\":\"https:\\\/\\\/fuentesfidedignas.com.mx\\\/#organization\",\"name\":\"Fuentes Fidedignas\",\"url\":\"https:\\\/\\\/fuentesfidedignas.com.mx\\\/\",\"logo\":{\"@type\":\"ImageObject\",\"inLanguage\":\"es\",\"@id\":\"https:\\\/\\\/fuentesfidedignas.com.mx\\\/#\\\/schema\\\/logo\\\/image\\\/\",\"url\":\"https:\\\/\\\/fuentesfidedignas.com.mx\\\/wp-content\\\/uploads\\\/2021\\\/04\\\/logo-retina.png\",\"contentUrl\":\"https:\\\/\\\/fuentesfidedignas.com.mx\\\/wp-content\\\/uploads\\\/2021\\\/04\\\/logo-retina.png\",\"width\":280,\"height\":51,\"caption\":\"Fuentes Fidedignas\"},\"image\":{\"@id\":\"https:\\\/\\\/fuentesfidedignas.com.mx\\\/#\\\/schema\\\/logo\\\/image\\\/\"},\"sameAs\":[\"https:\\\/\\\/www.facebook.com\\\/Fuentes-Fidedignas-368234489921644\",\"https:\\\/\\\/x.com\\\/fidedignas\"]},{\"@type\":\"Person\",\"@id\":\"https:\\\/\\\/fuentesfidedignas.com.mx\\\/#\\\/schema\\\/person\\\/331be9283d37198e2acd5750279085b0\",\"name\":\"Redacci\u00f3n\",\"image\":{\"@type\":\"ImageObject\",\"inLanguage\":\"es\",\"@id\":\"https:\\\/\\\/secure.gravatar.com\\\/avatar\\\/f6d8782c11d12b2d4ad3fbb6931aeab5309937a4d6cd2fc9cfaa28a6396a5aec?s=96&d=mm&r=g\",\"url\":\"https:\\\/\\\/secure.gravatar.com\\\/avatar\\\/f6d8782c11d12b2d4ad3fbb6931aeab5309937a4d6cd2fc9cfaa28a6396a5aec?s=96&d=mm&r=g\",\"contentUrl\":\"https:\\\/\\\/secure.gravatar.com\\\/avatar\\\/f6d8782c11d12b2d4ad3fbb6931aeab5309937a4d6cd2fc9cfaa28a6396a5aec?s=96&d=mm&r=g\",\"caption\":\"Redacci\u00f3n\"},\"url\":\"https:\\\/\\\/fuentesfidedignas.com.mx\\\/index.php\\\/author\\\/redaccion\\\/\"}]}<\/script>\n<!-- \/ Yoast SEO plugin. -->","yoast_head_json":{"title":"Asiste Rocha a instalaci\u00f3n de la nueva Suprema Corte de Justicia de la Naci\u00f3n - Fuentes Fidedignas","robots":{"index":"index","follow":"follow","max-snippet":"max-snippet:-1","max-image-preview":"max-image-preview:large","max-video-preview":"max-video-preview:-1"},"canonical":"https:\/\/fuentesfidedignas.com.mx\/index.php\/2025\/09\/01\/asiste-rocha-a-instalacion-de-la-nueva-suprema-corte-de-justicia-de-la-nacion\/","og_locale":"es_MX","og_type":"article","og_title":"Asiste Rocha a instalaci\u00f3n de la nueva Suprema Corte de Justicia de la Naci\u00f3n - Fuentes Fidedignas","og_description":"Ciudad de M\u00e9xico.- El gobernador Rub\u00e9n Rocha Moya, acudi\u00f3 como invitado, a la investidura de las nuevas y nuevos ministros que, a partir de hoy, conforman la Suprema Corte de Justicia de la Naci\u00f3n, una nueva era en el Poder Judicial, ya que fueron elegidos por el voto popular. Previo a la instalaci\u00f3n de la [&hellip;]","og_url":"https:\/\/fuentesfidedignas.com.mx\/index.php\/2025\/09\/01\/asiste-rocha-a-instalacion-de-la-nueva-suprema-corte-de-justicia-de-la-nacion\/","og_site_name":"Fuentes Fidedignas","article_publisher":"https:\/\/www.facebook.com\/Fuentes-Fidedignas-368234489921644","article_published_time":"2025-09-02T05:30:18+00:00","og_image":[{"width":1600,"height":1067,"url":"https:\/\/fuentesfidedignas.com.mx\/wp-content\/uploads\/2025\/09\/90362cd4-189f-4cd5-b868-fdd73856b637.jpg","type":"image\/jpeg"}],"author":"Redacci\u00f3n","twitter_card":"summary_large_image","twitter_creator":"@fidedignas","twitter_site":"@fidedignas","twitter_misc":{"Escrito por":"Redacci\u00f3n","Tiempo de lectura":"1 minuto"},"schema":{"@context":"https:\/\/schema.org","@graph":[{"@type":"Article","@id":"https:\/\/fuentesfidedignas.com.mx\/index.php\/2025\/09\/01\/asiste-rocha-a-instalacion-de-la-nueva-suprema-corte-de-justicia-de-la-nacion\/#article","isPartOf":{"@id":"https:\/\/fuentesfidedignas.com.mx\/index.php\/2025\/09\/01\/asiste-rocha-a-instalacion-de-la-nueva-suprema-corte-de-justicia-de-la-nacion\/"},"author":{"name":"Redacci\u00f3n","@id":"https:\/\/fuentesfidedignas.com.mx\/#\/schema\/person\/331be9283d37198e2acd5750279085b0"},"headline":"Asiste Rocha a instalaci\u00f3n de la nueva Suprema Corte de Justicia de la Naci\u00f3n","datePublished":"2025-09-02T05:30:18+00:00","mainEntityOfPage":{"@id":"https:\/\/fuentesfidedignas.com.mx\/index.php\/2025\/09\/01\/asiste-rocha-a-instalacion-de-la-nueva-suprema-corte-de-justicia-de-la-nacion\/"},"wordCount":297,"publisher":{"@id":"https:\/\/fuentesfidedignas.com.mx\/#organization"},"image":{"@id":"https:\/\/fuentesfidedignas.com.mx\/index.php\/2025\/09\/01\/asiste-rocha-a-instalacion-de-la-nueva-suprema-corte-de-justicia-de-la-nacion\/#primaryimage"},"thumbnailUrl":"https:\/\/fuentesfidedignas.com.mx\/wp-content\/uploads\/2025\/09\/90362cd4-189f-4cd5-b868-fdd73856b637.jpg","articleSection":["NOTA PRINCIPAL"],"inLanguage":"es"},{"@type":"WebPage","@id":"https:\/\/fuentesfidedignas.com.mx\/index.php\/2025\/09\/01\/asiste-rocha-a-instalacion-de-la-nueva-suprema-corte-de-justicia-de-la-nacion\/","url":"https:\/\/fuentesfidedignas.com.mx\/index.php\/2025\/09\/01\/asiste-rocha-a-instalacion-de-la-nueva-suprema-corte-de-justicia-de-la-nacion\/","name":"Asiste Rocha a instalaci\u00f3n de la nueva Suprema Corte de Justicia de la Naci\u00f3n - Fuentes Fidedignas","isPartOf":{"@id":"https:\/\/fuentesfidedignas.com.mx\/#website"},"primaryImageOfPage":{"@id":"https:\/\/fuentesfidedignas.com.mx\/index.php\/2025\/09\/01\/asiste-rocha-a-instalacion-de-la-nueva-suprema-corte-de-justicia-de-la-nacion\/#primaryimage"},"image":{"@id":"https:\/\/fuentesfidedignas.com.mx\/index.php\/2025\/09\/01\/asiste-rocha-a-instalacion-de-la-nueva-suprema-corte-de-justicia-de-la-nacion\/#primaryimage"},"thumbnailUrl":"https:\/\/fuentesfidedignas.com.mx\/wp-content\/uploads\/2025\/09\/90362cd4-189f-4cd5-b868-fdd73856b637.jpg","datePublished":"2025-09-02T05:30:18+00:00","breadcrumb":{"@id":"https:\/\/fuentesfidedignas.com.mx\/index.php\/2025\/09\/01\/asiste-rocha-a-instalacion-de-la-nueva-suprema-corte-de-justicia-de-la-nacion\/#breadcrumb"},"inLanguage":"es","potentialAction":[{"@type":"ReadAction","target":["https:\/\/fuentesfidedignas.com.mx\/index.php\/2025\/09\/01\/asiste-rocha-a-instalacion-de-la-nueva-suprema-corte-de-justicia-de-la-nacion\/"]}]},{"@type":"ImageObject","inLanguage":"es","@id":"https:\/\/fuentesfidedignas.com.mx\/index.php\/2025\/09\/01\/asiste-rocha-a-instalacion-de-la-nueva-suprema-corte-de-justicia-de-la-nacion\/#primaryimage","url":"https:\/\/fuentesfidedignas.com.mx\/wp-content\/uploads\/2025\/09\/90362cd4-189f-4cd5-b868-fdd73856b637.jpg","contentUrl":"https:\/\/fuentesfidedignas.com.mx\/wp-content\/uploads\/2025\/09\/90362cd4-189f-4cd5-b868-fdd73856b637.jpg","width":1600,"height":1067},{"@type":"BreadcrumbList","@id":"https:\/\/fuentesfidedignas.com.mx\/index.php\/2025\/09\/01\/asiste-rocha-a-instalacion-de-la-nueva-suprema-corte-de-justicia-de-la-nacion\/#breadcrumb","itemListElement":[{"@type":"ListItem","position":1,"name":"Inicio","item":"https:\/\/fuentesfidedignas.com.mx\/"},{"@type":"ListItem","position":2,"name":"Asiste Rocha a instalaci\u00f3n de la nueva Suprema Corte de Justicia de la Naci\u00f3n"}]},{"@type":"WebSite","@id":"https:\/\/fuentesfidedignas.com.mx\/#website","url":"https:\/\/fuentesfidedignas.com.mx\/","name":"Fuentes Fidedignas","description":"Otro sitio realizado con WordPress","publisher":{"@id":"https:\/\/fuentesfidedignas.com.mx\/#organization"},"potentialAction":[{"@type":"SearchAction","target":{"@type":"EntryPoint","urlTemplate":"https:\/\/fuentesfidedignas.com.mx\/?s={search_term_string}"},"query-input":{"@type":"PropertyValueSpecification","valueRequired":true,"valueName":"search_term_string"}}],"inLanguage":"es"},{"@type":"Organization","@id":"https:\/\/fuentesfidedignas.com.mx\/#organization","name":"Fuentes Fidedignas","url":"https:\/\/fuentesfidedignas.com.mx\/","logo":{"@type":"ImageObject","inLanguage":"es","@id":"https:\/\/fuentesfidedignas.com.mx\/#\/schema\/logo\/image\/","url":"https:\/\/fuentesfidedignas.com.mx\/wp-content\/uploads\/2021\/04\/logo-retina.png","contentUrl":"https:\/\/fuentesfidedignas.com.mx\/wp-content\/uploads\/2021\/04\/logo-retina.png","width":280,"height":51,"caption":"Fuentes Fidedignas"},"image":{"@id":"https:\/\/fuentesfidedignas.com.mx\/#\/schema\/logo\/image\/"},"sameAs":["https:\/\/www.facebook.com\/Fuentes-Fidedignas-368234489921644","https:\/\/x.com\/fidedignas"]},{"@type":"Person","@id":"https:\/\/fuentesfidedignas.com.mx\/#\/schema\/person\/331be9283d37198e2acd5750279085b0","name":"Redacci\u00f3n","image":{"@type":"ImageObject","inLanguage":"es","@id":"https:\/\/secure.gravatar.com\/avatar\/f6d8782c11d12b2d4ad3fbb6931aeab5309937a4d6cd2fc9cfaa28a6396a5aec?s=96&d=mm&r=g","url":"https:\/\/secure.gravatar.com\/avatar\/f6d8782c11d12b2d4ad3fbb6931aeab5309937a4d6cd2fc9cfaa28a6396a5aec?s=96&d=mm&r=g","contentUrl":"https:\/\/secure.gravatar.com\/avatar\/f6d8782c11d12b2d4ad3fbb6931aeab5309937a4d6cd2fc9cfaa28a6396a5aec?s=96&d=mm&r=g","caption":"Redacci\u00f3n"},"url":"https:\/\/fuentesfidedignas.com.mx\/index.php\/author\/redaccion\/"}]}},"_links":{"self":[{"href":"https:\/\/fuentesfidedignas.com.mx\/index.php\/wp-json\/wp\/v2\/posts\/116443","targetHints":{"allow":["GET"]}}],"collection":[{"href":"https:\/\/fuentesfidedignas.com.mx\/index.php\/wp-json\/wp\/v2\/posts"}],"about":[{"href":"https:\/\/fuentesfidedignas.com.mx\/index.php\/wp-json\/wp\/v2\/types\/post"}],"author":[{"embeddable":true,"href":"https:\/\/fuentesfidedignas.com.mx\/index.php\/wp-json\/wp\/v2\/users\/4"}],"replies":[{"embeddable":true,"href":"https:\/\/fuentesfidedignas.com.mx\/index.php\/wp-json\/wp\/v2\/comments?post=116443"}],"version-history":[{"count":1,"href":"https:\/\/fuentesfidedignas.com.mx\/index.php\/wp-json\/wp\/v2\/posts\/116443\/revisions"}],"predecessor-version":[{"id":116444,"href":"https:\/\/fuentesfidedignas.com.mx\/index.php\/wp-json\/wp\/v2\/posts\/116443\/revisions\/116444"}],"wp:featuredmedia":[{"embeddable":true,"href":"https:\/\/fuentesfidedignas.com.mx\/index.php\/wp-json\/wp\/v2\/media\/116442"}],"wp:attachment":[{"href":"https:\/\/fuentesfidedignas.com.mx\/index.php\/wp-json\/wp\/v2\/media?parent=116443"}],"wp:term":[{"taxonomy":"category","embeddable":true,"href":"https:\/\/fuentesfidedignas.com.mx\/index.php\/wp-json\/wp\/v2\/categories?post=116443"},{"taxonomy":"post_tag","embeddable":true,"href":"https:\/\/fuentesfidedignas.com.mx\/index.php\/wp-json\/wp\/v2\/tags?post=116443"}],"curies":[{"name":"wp","href":"https:\/\/api.w.org\/{rel}","templated":true}]}}