{"id":116117,"date":"2025-08-29T04:51:00","date_gmt":"2025-08-29T11:51:00","guid":{"rendered":"https:\/\/fuentesfidedignas.com.mx\/?p=116117"},"modified":"2025-08-28T12:32:21","modified_gmt":"2025-08-28T19:32:21","slug":"alito-con-valor-ante-un-gallito-fernandez-norona-el-corrido-viral-arre-con-la-que-barre","status":"publish","type":"post","link":"https:\/\/fuentesfidedignas.com.mx\/index.php\/2025\/08\/29\/alito-con-valor-ante-un-gallito-fernandez-norona-el-corrido-viral-arre-con-la-que-barre\/","title":{"rendered":"&#8216;Alito&#8217; con valor ante un gallito Fern\u00e1ndez Noro\u00f1a, el corrido viral \u00a1Arre con la que barre!"},"content":{"rendered":"\n<p><br><em><strong>La canci\u00f3n describe a Moreno como un pol\u00edtico \u201cvaliente\u201d que fren\u00f3 al petista, Fern\u00e1ndez Noro\u00f1a<\/strong><\/em><\/p>\n\n\n\n<p>Subi\u00f3 Alito con todo el honor<\/p>\n\n\n\n<p>Sin pedir permiso lleg\u00f3 con valor<\/p>\n\n\n\n<p>Mientras el himno sonaba en el aire, Noro\u00f1a temblaba<\/p>\n\n\n\n<p>Ya no le sali\u00f3 el aire\u2026<\/p>\n\n\n\n<p>Dame la palabra le grit\u00f3 sin miedo<\/p>\n\n\n\n<p>Y Noro\u00f1a baj\u00f3 la cara, se hizo pendejo\u2026<\/p>\n\n\n\n<p>Muy gallito en redes, es muy macho al hablar\u2026<\/p>\n\n\n\n<p>Pero frente a Alito se quiso rajar\u2026<\/p>\n\n\n\n<p>Lo que parec\u00eda ser una sesi\u00f3n m\u00e1s de la Comisi\u00f3n Permanente en el Congreso de la Uni\u00f3n termin\u00f3 convirti\u00e9ndose en un espect\u00e1culo que no solo gener\u00f3 memes, sino tambi\u00e9n inspiraci\u00f3n musical. La confrontaci\u00f3n entre Alejandro \u201cAlito\u201d Moreno, dirigente nacional del PRI, y Gerardo Fern\u00e1ndez Noro\u00f1a, presidente del Senado, desat\u00f3 una ola de reacciones en redes sociales y ahora hasta un corrido viral que narra la bronca pol\u00edtica del 27 de agosto.<\/p>\n\n\n\n<figure class=\"wp-block-embed is-type-rich is-provider-twitter wp-block-embed-twitter\"><div class=\"wp-block-embed__wrapper\">\n<blockquote class=\"twitter-tweet\" data-width=\"550\" data-dnt=\"true\"><p lang=\"es\" dir=\"ltr\">Ya sali\u00f3 el corrido de Alito Moreno (<a href=\"https:\/\/twitter.com\/alitomorenoc?ref_src=twsrc%5Etfw\">@alitomorenoc<\/a>) \ud83d\ude02 <a href=\"https:\/\/twitter.com\/hashtag\/Senado?src=hash&amp;ref_src=twsrc%5Etfw\">#Senado<\/a> <a href=\"https:\/\/t.co\/FfdWcD7Jif\">pic.twitter.com\/FfdWcD7Jif<\/a><\/p>&mdash; Avi \ud83e\udd86 (@avieu) <a href=\"https:\/\/twitter.com\/avieu\/status\/1960883381350301718?ref_src=twsrc%5Etfw\">August 28, 2025<\/a><\/blockquote><script async src=\"https:\/\/platform.twitter.com\/widgets.js\" charset=\"utf-8\"><\/script>\n<\/div><\/figure>\n\n\n\n<p><strong>Trifulca que encendi\u00f3 las redes<\/strong><br>El altercado ocurri\u00f3 en plena clausura, mientras sonaba el Himno Nacional. Entre reclamos por la palabra, empujones y manotazos, Alito Moreno encar\u00f3 a Noro\u00f1a, generando un momento que r\u00e1pidamente fue catalogado como un episodio bochornoso en la vida pol\u00edtica mexicana. Las c\u00e1maras y celulares captaron cada detalle, y lo que pas\u00f3 en el Congreso pronto se volvi\u00f3 tendencia digital.<\/p>\n\n\n\n<p><strong>De los gritos al corrido<\/strong><br>Horas despu\u00e9s, internautas sorprendieron al difundir en plataformas un corrido dedicado a la pelea, con rimas directas y estilo cantinero. La canci\u00f3n describe a Moreno como un pol\u00edtico \u201cvaliente\u201d que fren\u00f3 al petista, mientras ridiculiza a Fern\u00e1ndez Noro\u00f1a, present\u00e1ndolo como alguien que \u201cse qued\u00f3 sin palabra y sin fuerza\u201d tras el enfrentamiento.<\/p>\n\n\n\n<p><strong>Reacciones divididas<\/strong><br>El corrido sum\u00f3 miles de reproducciones y comentarios en cuesti\u00f3n de horas. En la plataforma X, TikTok y Facebook, usuarios celebraron la composici\u00f3n como una \u201cbocanada de humor\u201d en medio de la tensi\u00f3n pol\u00edtica. Para algunos, el PRIista represent\u00f3 el hartazgo ciudadano, mientras que otros criticaron la violencia y se\u00f1alaron que el Congreso no deber\u00eda convertirse en un ring.<\/p>\n","protected":false},"excerpt":{"rendered":"<p>La canci\u00f3n describe a Moreno como un pol\u00edtico \u201cvaliente\u201d que fren\u00f3 al petista, Fern\u00e1ndez Noro\u00f1a Subi\u00f3 Alito con todo el honor Sin pedir permiso lleg\u00f3 con valor Mientras el himno sonaba en el aire, Noro\u00f1a temblaba Ya no le sali\u00f3 el aire\u2026 Dame la palabra le grit\u00f3 sin miedo Y Noro\u00f1a baj\u00f3 la cara, se [&hellip;]<\/p>\n","protected":false},"author":7,"featured_media":116101,"comment_status":"open","ping_status":"open","sticky":false,"template":"","format":"standard","meta":{"tdm_status":"","tdm_grid_status":"","footnotes":""},"categories":[40],"tags":[],"class_list":{"0":"post-116117","1":"post","2":"type-post","3":"status-publish","4":"format-standard","5":"has-post-thumbnail","7":"category-las-asombrosas"},"yoast_head":"<!-- This site is optimized with the Yoast SEO plugin v27.5 - https:\/\/yoast.com\/product\/yoast-seo-wordpress\/ -->\n<title>&#039;Alito&#039; con valor ante un gallito Fern\u00e1ndez Noro\u00f1a, el corrido viral \u00a1Arre con la que barre! - Fuentes Fidedignas<\/title>\n<meta name=\"robots\" content=\"index, follow, max-snippet:-1, max-image-preview:large, max-video-preview:-1\" \/>\n<link rel=\"canonical\" href=\"https:\/\/fuentesfidedignas.com.mx\/index.php\/2025\/08\/29\/alito-con-valor-ante-un-gallito-fernandez-norona-el-corrido-viral-arre-con-la-que-barre\/\" \/>\n<meta property=\"og:locale\" content=\"es_MX\" \/>\n<meta property=\"og:type\" content=\"article\" \/>\n<meta property=\"og:title\" content=\"&#039;Alito&#039; con valor ante un gallito Fern\u00e1ndez Noro\u00f1a, el corrido viral \u00a1Arre con la que barre! - Fuentes Fidedignas\" \/>\n<meta property=\"og:description\" content=\"La canci\u00f3n describe a Moreno como un pol\u00edtico \u201cvaliente\u201d que fren\u00f3 al petista, Fern\u00e1ndez Noro\u00f1a Subi\u00f3 Alito con todo el honor Sin pedir permiso lleg\u00f3 con valor Mientras el himno sonaba en el aire, Noro\u00f1a temblaba Ya no le sali\u00f3 el aire\u2026 Dame la palabra le grit\u00f3 sin miedo Y Noro\u00f1a baj\u00f3 la cara, se [&hellip;]\" \/>\n<meta property=\"og:url\" content=\"https:\/\/fuentesfidedignas.com.mx\/index.php\/2025\/08\/29\/alito-con-valor-ante-un-gallito-fernandez-norona-el-corrido-viral-arre-con-la-que-barre\/\" \/>\n<meta property=\"og:site_name\" content=\"Fuentes Fidedignas\" \/>\n<meta property=\"article:publisher\" content=\"https:\/\/www.facebook.com\/Fuentes-Fidedignas-368234489921644\" \/>\n<meta property=\"article:published_time\" content=\"2025-08-29T11:51:00+00:00\" \/>\n<meta property=\"og:image\" content=\"https:\/\/fuentesfidedignas.com.mx\/wp-content\/uploads\/2025\/08\/img_6692.jpg\" \/>\n\t<meta property=\"og:image:width\" content=\"1536\" \/>\n\t<meta property=\"og:image:height\" content=\"1024\" \/>\n\t<meta property=\"og:image:type\" content=\"image\/jpeg\" \/>\n<meta name=\"author\" content=\"Exc\u00e9lsior\" \/>\n<meta name=\"twitter:card\" content=\"summary_large_image\" \/>\n<meta name=\"twitter:creator\" content=\"@fidedignas\" \/>\n<meta name=\"twitter:site\" content=\"@fidedignas\" \/>\n<meta name=\"twitter:label1\" content=\"Escrito por\" \/>\n\t<meta name=\"twitter:data1\" content=\"Exc\u00e9lsior\" \/>\n\t<meta name=\"twitter:label2\" content=\"Tiempo de lectura\" \/>\n\t<meta name=\"twitter:data2\" content=\"2 minutos\" \/>\n<script type=\"application\/ld+json\" class=\"yoast-schema-graph\">{\"@context\":\"https:\\\/\\\/schema.org\",\"@graph\":[{\"@type\":\"Article\",\"@id\":\"https:\\\/\\\/fuentesfidedignas.com.mx\\\/index.php\\\/2025\\\/08\\\/29\\\/alito-con-valor-ante-un-gallito-fernandez-norona-el-corrido-viral-arre-con-la-que-barre\\\/#article\",\"isPartOf\":{\"@id\":\"https:\\\/\\\/fuentesfidedignas.com.mx\\\/index.php\\\/2025\\\/08\\\/29\\\/alito-con-valor-ante-un-gallito-fernandez-norona-el-corrido-viral-arre-con-la-que-barre\\\/\"},\"author\":{\"name\":\"Exc\u00e9lsior\",\"@id\":\"https:\\\/\\\/fuentesfidedignas.com.mx\\\/#\\\/schema\\\/person\\\/ec4edd1fbf5efa3e44fce34fe2787780\"},\"headline\":\"&#8216;Alito&#8217; con valor ante un gallito Fern\u00e1ndez Noro\u00f1a, el corrido viral \u00a1Arre con la que barre!\",\"datePublished\":\"2025-08-29T11:51:00+00:00\",\"mainEntityOfPage\":{\"@id\":\"https:\\\/\\\/fuentesfidedignas.com.mx\\\/index.php\\\/2025\\\/08\\\/29\\\/alito-con-valor-ante-un-gallito-fernandez-norona-el-corrido-viral-arre-con-la-que-barre\\\/\"},\"wordCount\":419,\"commentCount\":0,\"publisher\":{\"@id\":\"https:\\\/\\\/fuentesfidedignas.com.mx\\\/#organization\"},\"image\":{\"@id\":\"https:\\\/\\\/fuentesfidedignas.com.mx\\\/index.php\\\/2025\\\/08\\\/29\\\/alito-con-valor-ante-un-gallito-fernandez-norona-el-corrido-viral-arre-con-la-que-barre\\\/#primaryimage\"},\"thumbnailUrl\":\"https:\\\/\\\/fuentesfidedignas.com.mx\\\/wp-content\\\/uploads\\\/2025\\\/08\\\/img_6692.jpg\",\"articleSection\":[\"LAS ASOMBROSAS\"],\"inLanguage\":\"es\",\"potentialAction\":[{\"@type\":\"CommentAction\",\"name\":\"Comment\",\"target\":[\"https:\\\/\\\/fuentesfidedignas.com.mx\\\/index.php\\\/2025\\\/08\\\/29\\\/alito-con-valor-ante-un-gallito-fernandez-norona-el-corrido-viral-arre-con-la-que-barre\\\/#respond\"]}]},{\"@type\":\"WebPage\",\"@id\":\"https:\\\/\\\/fuentesfidedignas.com.mx\\\/index.php\\\/2025\\\/08\\\/29\\\/alito-con-valor-ante-un-gallito-fernandez-norona-el-corrido-viral-arre-con-la-que-barre\\\/\",\"url\":\"https:\\\/\\\/fuentesfidedignas.com.mx\\\/index.php\\\/2025\\\/08\\\/29\\\/alito-con-valor-ante-un-gallito-fernandez-norona-el-corrido-viral-arre-con-la-que-barre\\\/\",\"name\":\"'Alito' con valor ante un gallito Fern\u00e1ndez Noro\u00f1a, el corrido viral \u00a1Arre con la que barre! - Fuentes Fidedignas\",\"isPartOf\":{\"@id\":\"https:\\\/\\\/fuentesfidedignas.com.mx\\\/#website\"},\"primaryImageOfPage\":{\"@id\":\"https:\\\/\\\/fuentesfidedignas.com.mx\\\/index.php\\\/2025\\\/08\\\/29\\\/alito-con-valor-ante-un-gallito-fernandez-norona-el-corrido-viral-arre-con-la-que-barre\\\/#primaryimage\"},\"image\":{\"@id\":\"https:\\\/\\\/fuentesfidedignas.com.mx\\\/index.php\\\/2025\\\/08\\\/29\\\/alito-con-valor-ante-un-gallito-fernandez-norona-el-corrido-viral-arre-con-la-que-barre\\\/#primaryimage\"},\"thumbnailUrl\":\"https:\\\/\\\/fuentesfidedignas.com.mx\\\/wp-content\\\/uploads\\\/2025\\\/08\\\/img_6692.jpg\",\"datePublished\":\"2025-08-29T11:51:00+00:00\",\"breadcrumb\":{\"@id\":\"https:\\\/\\\/fuentesfidedignas.com.mx\\\/index.php\\\/2025\\\/08\\\/29\\\/alito-con-valor-ante-un-gallito-fernandez-norona-el-corrido-viral-arre-con-la-que-barre\\\/#breadcrumb\"},\"inLanguage\":\"es\",\"potentialAction\":[{\"@type\":\"ReadAction\",\"target\":[\"https:\\\/\\\/fuentesfidedignas.com.mx\\\/index.php\\\/2025\\\/08\\\/29\\\/alito-con-valor-ante-un-gallito-fernandez-norona-el-corrido-viral-arre-con-la-que-barre\\\/\"]}]},{\"@type\":\"ImageObject\",\"inLanguage\":\"es\",\"@id\":\"https:\\\/\\\/fuentesfidedignas.com.mx\\\/index.php\\\/2025\\\/08\\\/29\\\/alito-con-valor-ante-un-gallito-fernandez-norona-el-corrido-viral-arre-con-la-que-barre\\\/#primaryimage\",\"url\":\"https:\\\/\\\/fuentesfidedignas.com.mx\\\/wp-content\\\/uploads\\\/2025\\\/08\\\/img_6692.jpg\",\"contentUrl\":\"https:\\\/\\\/fuentesfidedignas.com.mx\\\/wp-content\\\/uploads\\\/2025\\\/08\\\/img_6692.jpg\",\"width\":1536,\"height\":1024},{\"@type\":\"BreadcrumbList\",\"@id\":\"https:\\\/\\\/fuentesfidedignas.com.mx\\\/index.php\\\/2025\\\/08\\\/29\\\/alito-con-valor-ante-un-gallito-fernandez-norona-el-corrido-viral-arre-con-la-que-barre\\\/#breadcrumb\",\"itemListElement\":[{\"@type\":\"ListItem\",\"position\":1,\"name\":\"Inicio\",\"item\":\"https:\\\/\\\/fuentesfidedignas.com.mx\\\/\"},{\"@type\":\"ListItem\",\"position\":2,\"name\":\"&#8216;Alito&#8217; con valor ante un gallito Fern\u00e1ndez Noro\u00f1a, el corrido viral \u00a1Arre con la que barre!\"}]},{\"@type\":\"WebSite\",\"@id\":\"https:\\\/\\\/fuentesfidedignas.com.mx\\\/#website\",\"url\":\"https:\\\/\\\/fuentesfidedignas.com.mx\\\/\",\"name\":\"Fuentes Fidedignas\",\"description\":\"Otro sitio realizado con WordPress\",\"publisher\":{\"@id\":\"https:\\\/\\\/fuentesfidedignas.com.mx\\\/#organization\"},\"potentialAction\":[{\"@type\":\"SearchAction\",\"target\":{\"@type\":\"EntryPoint\",\"urlTemplate\":\"https:\\\/\\\/fuentesfidedignas.com.mx\\\/?s={search_term_string}\"},\"query-input\":{\"@type\":\"PropertyValueSpecification\",\"valueRequired\":true,\"valueName\":\"search_term_string\"}}],\"inLanguage\":\"es\"},{\"@type\":\"Organization\",\"@id\":\"https:\\\/\\\/fuentesfidedignas.com.mx\\\/#organization\",\"name\":\"Fuentes Fidedignas\",\"url\":\"https:\\\/\\\/fuentesfidedignas.com.mx\\\/\",\"logo\":{\"@type\":\"ImageObject\",\"inLanguage\":\"es\",\"@id\":\"https:\\\/\\\/fuentesfidedignas.com.mx\\\/#\\\/schema\\\/logo\\\/image\\\/\",\"url\":\"https:\\\/\\\/fuentesfidedignas.com.mx\\\/wp-content\\\/uploads\\\/2021\\\/04\\\/logo-retina.png\",\"contentUrl\":\"https:\\\/\\\/fuentesfidedignas.com.mx\\\/wp-content\\\/uploads\\\/2021\\\/04\\\/logo-retina.png\",\"width\":280,\"height\":51,\"caption\":\"Fuentes Fidedignas\"},\"image\":{\"@id\":\"https:\\\/\\\/fuentesfidedignas.com.mx\\\/#\\\/schema\\\/logo\\\/image\\\/\"},\"sameAs\":[\"https:\\\/\\\/www.facebook.com\\\/Fuentes-Fidedignas-368234489921644\",\"https:\\\/\\\/x.com\\\/fidedignas\"]},{\"@type\":\"Person\",\"@id\":\"https:\\\/\\\/fuentesfidedignas.com.mx\\\/#\\\/schema\\\/person\\\/ec4edd1fbf5efa3e44fce34fe2787780\",\"name\":\"Exc\u00e9lsior\",\"image\":{\"@type\":\"ImageObject\",\"inLanguage\":\"es\",\"@id\":\"https:\\\/\\\/secure.gravatar.com\\\/avatar\\\/4b7ee9206b48be08447852b3f0814dbc7c0f3b51541b164f1464a2725614020b?s=96&d=mm&r=g\",\"url\":\"https:\\\/\\\/secure.gravatar.com\\\/avatar\\\/4b7ee9206b48be08447852b3f0814dbc7c0f3b51541b164f1464a2725614020b?s=96&d=mm&r=g\",\"contentUrl\":\"https:\\\/\\\/secure.gravatar.com\\\/avatar\\\/4b7ee9206b48be08447852b3f0814dbc7c0f3b51541b164f1464a2725614020b?s=96&d=mm&r=g\",\"caption\":\"Exc\u00e9lsior\"},\"url\":\"https:\\\/\\\/fuentesfidedignas.com.mx\\\/index.php\\\/author\\\/excelsior\\\/\"}]}<\/script>\n<!-- \/ Yoast SEO plugin. -->","yoast_head_json":{"title":"'Alito' con valor ante un gallito Fern\u00e1ndez Noro\u00f1a, el corrido viral \u00a1Arre con la que barre! - Fuentes Fidedignas","robots":{"index":"index","follow":"follow","max-snippet":"max-snippet:-1","max-image-preview":"max-image-preview:large","max-video-preview":"max-video-preview:-1"},"canonical":"https:\/\/fuentesfidedignas.com.mx\/index.php\/2025\/08\/29\/alito-con-valor-ante-un-gallito-fernandez-norona-el-corrido-viral-arre-con-la-que-barre\/","og_locale":"es_MX","og_type":"article","og_title":"'Alito' con valor ante un gallito Fern\u00e1ndez Noro\u00f1a, el corrido viral \u00a1Arre con la que barre! - Fuentes Fidedignas","og_description":"La canci\u00f3n describe a Moreno como un pol\u00edtico \u201cvaliente\u201d que fren\u00f3 al petista, Fern\u00e1ndez Noro\u00f1a Subi\u00f3 Alito con todo el honor Sin pedir permiso lleg\u00f3 con valor Mientras el himno sonaba en el aire, Noro\u00f1a temblaba Ya no le sali\u00f3 el aire\u2026 Dame la palabra le grit\u00f3 sin miedo Y Noro\u00f1a baj\u00f3 la cara, se [&hellip;]","og_url":"https:\/\/fuentesfidedignas.com.mx\/index.php\/2025\/08\/29\/alito-con-valor-ante-un-gallito-fernandez-norona-el-corrido-viral-arre-con-la-que-barre\/","og_site_name":"Fuentes Fidedignas","article_publisher":"https:\/\/www.facebook.com\/Fuentes-Fidedignas-368234489921644","article_published_time":"2025-08-29T11:51:00+00:00","og_image":[{"width":1536,"height":1024,"url":"https:\/\/fuentesfidedignas.com.mx\/wp-content\/uploads\/2025\/08\/img_6692.jpg","type":"image\/jpeg"}],"author":"Exc\u00e9lsior","twitter_card":"summary_large_image","twitter_creator":"@fidedignas","twitter_site":"@fidedignas","twitter_misc":{"Escrito por":"Exc\u00e9lsior","Tiempo de lectura":"2 minutos"},"schema":{"@context":"https:\/\/schema.org","@graph":[{"@type":"Article","@id":"https:\/\/fuentesfidedignas.com.mx\/index.php\/2025\/08\/29\/alito-con-valor-ante-un-gallito-fernandez-norona-el-corrido-viral-arre-con-la-que-barre\/#article","isPartOf":{"@id":"https:\/\/fuentesfidedignas.com.mx\/index.php\/2025\/08\/29\/alito-con-valor-ante-un-gallito-fernandez-norona-el-corrido-viral-arre-con-la-que-barre\/"},"author":{"name":"Exc\u00e9lsior","@id":"https:\/\/fuentesfidedignas.com.mx\/#\/schema\/person\/ec4edd1fbf5efa3e44fce34fe2787780"},"headline":"&#8216;Alito&#8217; con valor ante un gallito Fern\u00e1ndez Noro\u00f1a, el corrido viral \u00a1Arre con la que barre!","datePublished":"2025-08-29T11:51:00+00:00","mainEntityOfPage":{"@id":"https:\/\/fuentesfidedignas.com.mx\/index.php\/2025\/08\/29\/alito-con-valor-ante-un-gallito-fernandez-norona-el-corrido-viral-arre-con-la-que-barre\/"},"wordCount":419,"commentCount":0,"publisher":{"@id":"https:\/\/fuentesfidedignas.com.mx\/#organization"},"image":{"@id":"https:\/\/fuentesfidedignas.com.mx\/index.php\/2025\/08\/29\/alito-con-valor-ante-un-gallito-fernandez-norona-el-corrido-viral-arre-con-la-que-barre\/#primaryimage"},"thumbnailUrl":"https:\/\/fuentesfidedignas.com.mx\/wp-content\/uploads\/2025\/08\/img_6692.jpg","articleSection":["LAS ASOMBROSAS"],"inLanguage":"es","potentialAction":[{"@type":"CommentAction","name":"Comment","target":["https:\/\/fuentesfidedignas.com.mx\/index.php\/2025\/08\/29\/alito-con-valor-ante-un-gallito-fernandez-norona-el-corrido-viral-arre-con-la-que-barre\/#respond"]}]},{"@type":"WebPage","@id":"https:\/\/fuentesfidedignas.com.mx\/index.php\/2025\/08\/29\/alito-con-valor-ante-un-gallito-fernandez-norona-el-corrido-viral-arre-con-la-que-barre\/","url":"https:\/\/fuentesfidedignas.com.mx\/index.php\/2025\/08\/29\/alito-con-valor-ante-un-gallito-fernandez-norona-el-corrido-viral-arre-con-la-que-barre\/","name":"'Alito' con valor ante un gallito Fern\u00e1ndez Noro\u00f1a, el corrido viral \u00a1Arre con la que barre! - Fuentes Fidedignas","isPartOf":{"@id":"https:\/\/fuentesfidedignas.com.mx\/#website"},"primaryImageOfPage":{"@id":"https:\/\/fuentesfidedignas.com.mx\/index.php\/2025\/08\/29\/alito-con-valor-ante-un-gallito-fernandez-norona-el-corrido-viral-arre-con-la-que-barre\/#primaryimage"},"image":{"@id":"https:\/\/fuentesfidedignas.com.mx\/index.php\/2025\/08\/29\/alito-con-valor-ante-un-gallito-fernandez-norona-el-corrido-viral-arre-con-la-que-barre\/#primaryimage"},"thumbnailUrl":"https:\/\/fuentesfidedignas.com.mx\/wp-content\/uploads\/2025\/08\/img_6692.jpg","datePublished":"2025-08-29T11:51:00+00:00","breadcrumb":{"@id":"https:\/\/fuentesfidedignas.com.mx\/index.php\/2025\/08\/29\/alito-con-valor-ante-un-gallito-fernandez-norona-el-corrido-viral-arre-con-la-que-barre\/#breadcrumb"},"inLanguage":"es","potentialAction":[{"@type":"ReadAction","target":["https:\/\/fuentesfidedignas.com.mx\/index.php\/2025\/08\/29\/alito-con-valor-ante-un-gallito-fernandez-norona-el-corrido-viral-arre-con-la-que-barre\/"]}]},{"@type":"ImageObject","inLanguage":"es","@id":"https:\/\/fuentesfidedignas.com.mx\/index.php\/2025\/08\/29\/alito-con-valor-ante-un-gallito-fernandez-norona-el-corrido-viral-arre-con-la-que-barre\/#primaryimage","url":"https:\/\/fuentesfidedignas.com.mx\/wp-content\/uploads\/2025\/08\/img_6692.jpg","contentUrl":"https:\/\/fuentesfidedignas.com.mx\/wp-content\/uploads\/2025\/08\/img_6692.jpg","width":1536,"height":1024},{"@type":"BreadcrumbList","@id":"https:\/\/fuentesfidedignas.com.mx\/index.php\/2025\/08\/29\/alito-con-valor-ante-un-gallito-fernandez-norona-el-corrido-viral-arre-con-la-que-barre\/#breadcrumb","itemListElement":[{"@type":"ListItem","position":1,"name":"Inicio","item":"https:\/\/fuentesfidedignas.com.mx\/"},{"@type":"ListItem","position":2,"name":"&#8216;Alito&#8217; con valor ante un gallito Fern\u00e1ndez Noro\u00f1a, el corrido viral \u00a1Arre con la que barre!"}]},{"@type":"WebSite","@id":"https:\/\/fuentesfidedignas.com.mx\/#website","url":"https:\/\/fuentesfidedignas.com.mx\/","name":"Fuentes Fidedignas","description":"Otro sitio realizado con WordPress","publisher":{"@id":"https:\/\/fuentesfidedignas.com.mx\/#organization"},"potentialAction":[{"@type":"SearchAction","target":{"@type":"EntryPoint","urlTemplate":"https:\/\/fuentesfidedignas.com.mx\/?s={search_term_string}"},"query-input":{"@type":"PropertyValueSpecification","valueRequired":true,"valueName":"search_term_string"}}],"inLanguage":"es"},{"@type":"Organization","@id":"https:\/\/fuentesfidedignas.com.mx\/#organization","name":"Fuentes Fidedignas","url":"https:\/\/fuentesfidedignas.com.mx\/","logo":{"@type":"ImageObject","inLanguage":"es","@id":"https:\/\/fuentesfidedignas.com.mx\/#\/schema\/logo\/image\/","url":"https:\/\/fuentesfidedignas.com.mx\/wp-content\/uploads\/2021\/04\/logo-retina.png","contentUrl":"https:\/\/fuentesfidedignas.com.mx\/wp-content\/uploads\/2021\/04\/logo-retina.png","width":280,"height":51,"caption":"Fuentes Fidedignas"},"image":{"@id":"https:\/\/fuentesfidedignas.com.mx\/#\/schema\/logo\/image\/"},"sameAs":["https:\/\/www.facebook.com\/Fuentes-Fidedignas-368234489921644","https:\/\/x.com\/fidedignas"]},{"@type":"Person","@id":"https:\/\/fuentesfidedignas.com.mx\/#\/schema\/person\/ec4edd1fbf5efa3e44fce34fe2787780","name":"Exc\u00e9lsior","image":{"@type":"ImageObject","inLanguage":"es","@id":"https:\/\/secure.gravatar.com\/avatar\/4b7ee9206b48be08447852b3f0814dbc7c0f3b51541b164f1464a2725614020b?s=96&d=mm&r=g","url":"https:\/\/secure.gravatar.com\/avatar\/4b7ee9206b48be08447852b3f0814dbc7c0f3b51541b164f1464a2725614020b?s=96&d=mm&r=g","contentUrl":"https:\/\/secure.gravatar.com\/avatar\/4b7ee9206b48be08447852b3f0814dbc7c0f3b51541b164f1464a2725614020b?s=96&d=mm&r=g","caption":"Exc\u00e9lsior"},"url":"https:\/\/fuentesfidedignas.com.mx\/index.php\/author\/excelsior\/"}]}},"_links":{"self":[{"href":"https:\/\/fuentesfidedignas.com.mx\/index.php\/wp-json\/wp\/v2\/posts\/116117","targetHints":{"allow":["GET"]}}],"collection":[{"href":"https:\/\/fuentesfidedignas.com.mx\/index.php\/wp-json\/wp\/v2\/posts"}],"about":[{"href":"https:\/\/fuentesfidedignas.com.mx\/index.php\/wp-json\/wp\/v2\/types\/post"}],"author":[{"embeddable":true,"href":"https:\/\/fuentesfidedignas.com.mx\/index.php\/wp-json\/wp\/v2\/users\/7"}],"replies":[{"embeddable":true,"href":"https:\/\/fuentesfidedignas.com.mx\/index.php\/wp-json\/wp\/v2\/comments?post=116117"}],"version-history":[{"count":1,"href":"https:\/\/fuentesfidedignas.com.mx\/index.php\/wp-json\/wp\/v2\/posts\/116117\/revisions"}],"predecessor-version":[{"id":116129,"href":"https:\/\/fuentesfidedignas.com.mx\/index.php\/wp-json\/wp\/v2\/posts\/116117\/revisions\/116129"}],"wp:featuredmedia":[{"embeddable":true,"href":"https:\/\/fuentesfidedignas.com.mx\/index.php\/wp-json\/wp\/v2\/media\/116101"}],"wp:attachment":[{"href":"https:\/\/fuentesfidedignas.com.mx\/index.php\/wp-json\/wp\/v2\/media?parent=116117"}],"wp:term":[{"taxonomy":"category","embeddable":true,"href":"https:\/\/fuentesfidedignas.com.mx\/index.php\/wp-json\/wp\/v2\/categories?post=116117"},{"taxonomy":"post_tag","embeddable":true,"href":"https:\/\/fuentesfidedignas.com.mx\/index.php\/wp-json\/wp\/v2\/tags?post=116117"}],"curies":[{"name":"wp","href":"https:\/\/api.w.org\/{rel}","templated":true}]}}