{"id":115762,"date":"2025-08-25T05:45:00","date_gmt":"2025-08-25T12:45:00","guid":{"rendered":"https:\/\/fuentesfidedignas.com.mx\/?p=115762"},"modified":"2025-08-24T11:51:57","modified_gmt":"2025-08-24T18:51:57","slug":"video-oso-se-adelanta-al-regreso-a-clases-invade-salon-en-nuevo-leon","status":"publish","type":"post","link":"https:\/\/fuentesfidedignas.com.mx\/index.php\/2025\/08\/25\/video-oso-se-adelanta-al-regreso-a-clases-invade-salon-en-nuevo-leon\/","title":{"rendered":"VIDEO: Oso se adelanta al regreso a clases; invade sal\u00f3n en Nuevo Le\u00f3n"},"content":{"rendered":"\n<p><strong><em>Un hecho inesperado y de tensi\u00f3n se present\u00f3 en la UANL, cuando el peculiar animal irrumpi\u00f3 en un sal\u00f3n de clases.<\/em><\/strong><\/p>\n\n\n\n<p>Un hecho inesperado y de tensi\u00f3n se present\u00f3 en la Universidad Aut\u00f3noma del Estado de Nuevo Le\u00f3n (UANL), cuando un peculiar animal irrumpi\u00f3 en un sal\u00f3n de clases.<\/p>\n\n\n\n<p>As\u00ed es, el hecho qued\u00f3 captado en video por una de las personas que se encontraba en ese momento al interior del aula perteneciente a la Facultad de Ciencias de la Comunicaci\u00f3n de la referida casa de estudios.<\/p>\n\n\n\n<p>El alumno sorpresa fue un oso, el cual ingres\u00f3 la ma\u00f1ana del viernes 22 de agosto del 2025, dejando a propios y extra\u00f1os anonadados ante semanas aparici\u00f3n, causando de momento miedo entre los alumnos y docentes cuando el animal silvestre de gran tama\u00f1o se acerc\u00f3 a la puerta del sal\u00f3n de clases.<\/p>\n\n\n\n<p><strong>As\u00ed fue el dram\u00e1tico momento<\/strong><\/p>\n\n\n\n<p>El animal, que merodea con frecuencia las instalaciones del Campus Mederos, esta vez sorprendi\u00f3 a todos al llegar hasta las aulas, donde dos personas\u2014presumiblemente un profesor y una alumna\u2014se encontraban en el interior.<\/p>\n\n\n\n<p>El momento qued\u00f3 registrado en video y r\u00e1pidamente se viraliz\u00f3 en redes sociales, mostrando al oso detenido frente a la entrada del aula, observando hacia adentro con curiosidad. Afortunadamente, la situaci\u00f3n no escal\u00f3 a un ataque, y el animal se retir\u00f3 sin causar da\u00f1os.<\/p>\n\n\n\n<p>En las im\u00e1genes difundidas, se observa que las dos personas dentro del sal\u00f3n permanecieron en calma, evitando movimientos bruscos para no provocar al oso. Esta es la recomendaci\u00f3n b\u00e1sica en estos casos, ya que los animales suelen atacar solo si se sienten amenazados.<\/p>\n\n\n\n<figure class=\"wp-block-embed is-type-rich is-provider-twitter wp-block-embed-twitter\"><div class=\"wp-block-embed__wrapper\">\n<blockquote class=\"twitter-tweet\" data-width=\"550\" data-dnt=\"true\"><p lang=\"es\" dir=\"ltr\">Oso \ud83d\udc3b  quer\u00eda entrar a clases en la <a href=\"https:\/\/twitter.com\/hashtag\/UANL?src=hash&amp;ref_src=twsrc%5Etfw\">#UANL<\/a><br><br>Un video que circula en redes sociales muestra el momento en que un oso deambula por los salones de la Facultad de Ciencias de la Comunicaci\u00f3n de la UANL en Monterrey. <a href=\"https:\/\/twitter.com\/hashtag\/tierradeosos?src=hash&amp;ref_src=twsrc%5Etfw\">#tierradeosos<\/a> \ud83d\udc3b<br><br>\ud83d\udc3b Ent\u00e9rate aqu\u00ed \ud83d\udc47 <a href=\"https:\/\/t.co\/ese1QRPiKy\">https:\/\/t.co\/ese1QRPiKy<\/a> <a href=\"https:\/\/t.co\/Y5bvp4Rvyt\">pic.twitter.com\/Y5bvp4Rvyt<\/a><\/p>&mdash; Hora Cero Web (@horaceroweb) <a href=\"https:\/\/twitter.com\/horaceroweb\/status\/1956417004027470191?ref_src=twsrc%5Etfw\">August 15, 2025<\/a><\/blockquote><script async src=\"https:\/\/platform.twitter.com\/widgets.js\" charset=\"utf-8\"><\/script>\n<\/div><\/figure>\n","protected":false},"excerpt":{"rendered":"<p>Un hecho inesperado y de tensi\u00f3n se present\u00f3 en la UANL, cuando el peculiar animal irrumpi\u00f3 en un sal\u00f3n de clases. Un hecho inesperado y de tensi\u00f3n se present\u00f3 en la Universidad Aut\u00f3noma del Estado de Nuevo Le\u00f3n (UANL), cuando un peculiar animal irrumpi\u00f3 en un sal\u00f3n de clases. As\u00ed es, el hecho qued\u00f3 captado [&hellip;]<\/p>\n","protected":false},"author":7,"featured_media":115763,"comment_status":"open","ping_status":"open","sticky":false,"template":"","format":"standard","meta":{"tdm_status":"","tdm_grid_status":"","footnotes":""},"categories":[40],"tags":[],"class_list":{"0":"post-115762","1":"post","2":"type-post","3":"status-publish","4":"format-standard","5":"has-post-thumbnail","7":"category-las-asombrosas"},"yoast_head":"<!-- This site is optimized with the Yoast SEO plugin v27.5 - https:\/\/yoast.com\/product\/yoast-seo-wordpress\/ -->\n<title>VIDEO: Oso se adelanta al regreso a clases; invade sal\u00f3n en Nuevo Le\u00f3n - Fuentes Fidedignas<\/title>\n<meta name=\"robots\" content=\"index, follow, max-snippet:-1, max-image-preview:large, max-video-preview:-1\" \/>\n<link rel=\"canonical\" href=\"https:\/\/fuentesfidedignas.com.mx\/index.php\/2025\/08\/25\/video-oso-se-adelanta-al-regreso-a-clases-invade-salon-en-nuevo-leon\/\" \/>\n<meta property=\"og:locale\" content=\"es_MX\" \/>\n<meta property=\"og:type\" content=\"article\" \/>\n<meta property=\"og:title\" content=\"VIDEO: Oso se adelanta al regreso a clases; invade sal\u00f3n en Nuevo Le\u00f3n - Fuentes Fidedignas\" \/>\n<meta property=\"og:description\" content=\"Un hecho inesperado y de tensi\u00f3n se present\u00f3 en la UANL, cuando el peculiar animal irrumpi\u00f3 en un sal\u00f3n de clases. Un hecho inesperado y de tensi\u00f3n se present\u00f3 en la Universidad Aut\u00f3noma del Estado de Nuevo Le\u00f3n (UANL), cuando un peculiar animal irrumpi\u00f3 en un sal\u00f3n de clases. As\u00ed es, el hecho qued\u00f3 captado [&hellip;]\" \/>\n<meta property=\"og:url\" content=\"https:\/\/fuentesfidedignas.com.mx\/index.php\/2025\/08\/25\/video-oso-se-adelanta-al-regreso-a-clases-invade-salon-en-nuevo-leon\/\" \/>\n<meta property=\"og:site_name\" content=\"Fuentes Fidedignas\" \/>\n<meta property=\"article:publisher\" content=\"https:\/\/www.facebook.com\/Fuentes-Fidedignas-368234489921644\" \/>\n<meta property=\"article:published_time\" content=\"2025-08-25T12:45:00+00:00\" \/>\n<meta property=\"og:image\" content=\"https:\/\/fuentesfidedignas.com.mx\/wp-content\/uploads\/2025\/08\/oso-en-aula.jpg\" \/>\n\t<meta property=\"og:image:width\" content=\"500\" \/>\n\t<meta property=\"og:image:height\" content=\"343\" \/>\n\t<meta property=\"og:image:type\" content=\"image\/jpeg\" \/>\n<meta name=\"author\" content=\"Exc\u00e9lsior\" \/>\n<meta name=\"twitter:card\" content=\"summary_large_image\" \/>\n<meta name=\"twitter:creator\" content=\"@fidedignas\" \/>\n<meta name=\"twitter:site\" content=\"@fidedignas\" \/>\n<meta name=\"twitter:label1\" content=\"Escrito por\" \/>\n\t<meta name=\"twitter:data1\" content=\"Exc\u00e9lsior\" \/>\n\t<meta name=\"twitter:label2\" content=\"Tiempo de lectura\" \/>\n\t<meta name=\"twitter:data2\" content=\"2 minutos\" \/>\n<script type=\"application\/ld+json\" class=\"yoast-schema-graph\">{\"@context\":\"https:\\\/\\\/schema.org\",\"@graph\":[{\"@type\":\"Article\",\"@id\":\"https:\\\/\\\/fuentesfidedignas.com.mx\\\/index.php\\\/2025\\\/08\\\/25\\\/video-oso-se-adelanta-al-regreso-a-clases-invade-salon-en-nuevo-leon\\\/#article\",\"isPartOf\":{\"@id\":\"https:\\\/\\\/fuentesfidedignas.com.mx\\\/index.php\\\/2025\\\/08\\\/25\\\/video-oso-se-adelanta-al-regreso-a-clases-invade-salon-en-nuevo-leon\\\/\"},\"author\":{\"name\":\"Exc\u00e9lsior\",\"@id\":\"https:\\\/\\\/fuentesfidedignas.com.mx\\\/#\\\/schema\\\/person\\\/ec4edd1fbf5efa3e44fce34fe2787780\"},\"headline\":\"VIDEO: Oso se adelanta al regreso a clases; invade sal\u00f3n en Nuevo Le\u00f3n\",\"datePublished\":\"2025-08-25T12:45:00+00:00\",\"mainEntityOfPage\":{\"@id\":\"https:\\\/\\\/fuentesfidedignas.com.mx\\\/index.php\\\/2025\\\/08\\\/25\\\/video-oso-se-adelanta-al-regreso-a-clases-invade-salon-en-nuevo-leon\\\/\"},\"wordCount\":304,\"commentCount\":0,\"publisher\":{\"@id\":\"https:\\\/\\\/fuentesfidedignas.com.mx\\\/#organization\"},\"image\":{\"@id\":\"https:\\\/\\\/fuentesfidedignas.com.mx\\\/index.php\\\/2025\\\/08\\\/25\\\/video-oso-se-adelanta-al-regreso-a-clases-invade-salon-en-nuevo-leon\\\/#primaryimage\"},\"thumbnailUrl\":\"https:\\\/\\\/fuentesfidedignas.com.mx\\\/wp-content\\\/uploads\\\/2025\\\/08\\\/oso-en-aula.jpg\",\"articleSection\":[\"LAS ASOMBROSAS\"],\"inLanguage\":\"es\",\"potentialAction\":[{\"@type\":\"CommentAction\",\"name\":\"Comment\",\"target\":[\"https:\\\/\\\/fuentesfidedignas.com.mx\\\/index.php\\\/2025\\\/08\\\/25\\\/video-oso-se-adelanta-al-regreso-a-clases-invade-salon-en-nuevo-leon\\\/#respond\"]}]},{\"@type\":\"WebPage\",\"@id\":\"https:\\\/\\\/fuentesfidedignas.com.mx\\\/index.php\\\/2025\\\/08\\\/25\\\/video-oso-se-adelanta-al-regreso-a-clases-invade-salon-en-nuevo-leon\\\/\",\"url\":\"https:\\\/\\\/fuentesfidedignas.com.mx\\\/index.php\\\/2025\\\/08\\\/25\\\/video-oso-se-adelanta-al-regreso-a-clases-invade-salon-en-nuevo-leon\\\/\",\"name\":\"VIDEO: Oso se adelanta al regreso a clases; invade sal\u00f3n en Nuevo Le\u00f3n - Fuentes Fidedignas\",\"isPartOf\":{\"@id\":\"https:\\\/\\\/fuentesfidedignas.com.mx\\\/#website\"},\"primaryImageOfPage\":{\"@id\":\"https:\\\/\\\/fuentesfidedignas.com.mx\\\/index.php\\\/2025\\\/08\\\/25\\\/video-oso-se-adelanta-al-regreso-a-clases-invade-salon-en-nuevo-leon\\\/#primaryimage\"},\"image\":{\"@id\":\"https:\\\/\\\/fuentesfidedignas.com.mx\\\/index.php\\\/2025\\\/08\\\/25\\\/video-oso-se-adelanta-al-regreso-a-clases-invade-salon-en-nuevo-leon\\\/#primaryimage\"},\"thumbnailUrl\":\"https:\\\/\\\/fuentesfidedignas.com.mx\\\/wp-content\\\/uploads\\\/2025\\\/08\\\/oso-en-aula.jpg\",\"datePublished\":\"2025-08-25T12:45:00+00:00\",\"breadcrumb\":{\"@id\":\"https:\\\/\\\/fuentesfidedignas.com.mx\\\/index.php\\\/2025\\\/08\\\/25\\\/video-oso-se-adelanta-al-regreso-a-clases-invade-salon-en-nuevo-leon\\\/#breadcrumb\"},\"inLanguage\":\"es\",\"potentialAction\":[{\"@type\":\"ReadAction\",\"target\":[\"https:\\\/\\\/fuentesfidedignas.com.mx\\\/index.php\\\/2025\\\/08\\\/25\\\/video-oso-se-adelanta-al-regreso-a-clases-invade-salon-en-nuevo-leon\\\/\"]}]},{\"@type\":\"ImageObject\",\"inLanguage\":\"es\",\"@id\":\"https:\\\/\\\/fuentesfidedignas.com.mx\\\/index.php\\\/2025\\\/08\\\/25\\\/video-oso-se-adelanta-al-regreso-a-clases-invade-salon-en-nuevo-leon\\\/#primaryimage\",\"url\":\"https:\\\/\\\/fuentesfidedignas.com.mx\\\/wp-content\\\/uploads\\\/2025\\\/08\\\/oso-en-aula.jpg\",\"contentUrl\":\"https:\\\/\\\/fuentesfidedignas.com.mx\\\/wp-content\\\/uploads\\\/2025\\\/08\\\/oso-en-aula.jpg\",\"width\":500,\"height\":343},{\"@type\":\"BreadcrumbList\",\"@id\":\"https:\\\/\\\/fuentesfidedignas.com.mx\\\/index.php\\\/2025\\\/08\\\/25\\\/video-oso-se-adelanta-al-regreso-a-clases-invade-salon-en-nuevo-leon\\\/#breadcrumb\",\"itemListElement\":[{\"@type\":\"ListItem\",\"position\":1,\"name\":\"Inicio\",\"item\":\"https:\\\/\\\/fuentesfidedignas.com.mx\\\/\"},{\"@type\":\"ListItem\",\"position\":2,\"name\":\"VIDEO: Oso se adelanta al regreso a clases; invade sal\u00f3n en Nuevo Le\u00f3n\"}]},{\"@type\":\"WebSite\",\"@id\":\"https:\\\/\\\/fuentesfidedignas.com.mx\\\/#website\",\"url\":\"https:\\\/\\\/fuentesfidedignas.com.mx\\\/\",\"name\":\"Fuentes Fidedignas\",\"description\":\"Otro sitio realizado con WordPress\",\"publisher\":{\"@id\":\"https:\\\/\\\/fuentesfidedignas.com.mx\\\/#organization\"},\"potentialAction\":[{\"@type\":\"SearchAction\",\"target\":{\"@type\":\"EntryPoint\",\"urlTemplate\":\"https:\\\/\\\/fuentesfidedignas.com.mx\\\/?s={search_term_string}\"},\"query-input\":{\"@type\":\"PropertyValueSpecification\",\"valueRequired\":true,\"valueName\":\"search_term_string\"}}],\"inLanguage\":\"es\"},{\"@type\":\"Organization\",\"@id\":\"https:\\\/\\\/fuentesfidedignas.com.mx\\\/#organization\",\"name\":\"Fuentes Fidedignas\",\"url\":\"https:\\\/\\\/fuentesfidedignas.com.mx\\\/\",\"logo\":{\"@type\":\"ImageObject\",\"inLanguage\":\"es\",\"@id\":\"https:\\\/\\\/fuentesfidedignas.com.mx\\\/#\\\/schema\\\/logo\\\/image\\\/\",\"url\":\"https:\\\/\\\/fuentesfidedignas.com.mx\\\/wp-content\\\/uploads\\\/2021\\\/04\\\/logo-retina.png\",\"contentUrl\":\"https:\\\/\\\/fuentesfidedignas.com.mx\\\/wp-content\\\/uploads\\\/2021\\\/04\\\/logo-retina.png\",\"width\":280,\"height\":51,\"caption\":\"Fuentes Fidedignas\"},\"image\":{\"@id\":\"https:\\\/\\\/fuentesfidedignas.com.mx\\\/#\\\/schema\\\/logo\\\/image\\\/\"},\"sameAs\":[\"https:\\\/\\\/www.facebook.com\\\/Fuentes-Fidedignas-368234489921644\",\"https:\\\/\\\/x.com\\\/fidedignas\"]},{\"@type\":\"Person\",\"@id\":\"https:\\\/\\\/fuentesfidedignas.com.mx\\\/#\\\/schema\\\/person\\\/ec4edd1fbf5efa3e44fce34fe2787780\",\"name\":\"Exc\u00e9lsior\",\"image\":{\"@type\":\"ImageObject\",\"inLanguage\":\"es\",\"@id\":\"https:\\\/\\\/secure.gravatar.com\\\/avatar\\\/4b7ee9206b48be08447852b3f0814dbc7c0f3b51541b164f1464a2725614020b?s=96&d=mm&r=g\",\"url\":\"https:\\\/\\\/secure.gravatar.com\\\/avatar\\\/4b7ee9206b48be08447852b3f0814dbc7c0f3b51541b164f1464a2725614020b?s=96&d=mm&r=g\",\"contentUrl\":\"https:\\\/\\\/secure.gravatar.com\\\/avatar\\\/4b7ee9206b48be08447852b3f0814dbc7c0f3b51541b164f1464a2725614020b?s=96&d=mm&r=g\",\"caption\":\"Exc\u00e9lsior\"},\"url\":\"https:\\\/\\\/fuentesfidedignas.com.mx\\\/index.php\\\/author\\\/excelsior\\\/\"}]}<\/script>\n<!-- \/ Yoast SEO plugin. -->","yoast_head_json":{"title":"VIDEO: Oso se adelanta al regreso a clases; invade sal\u00f3n en Nuevo Le\u00f3n - Fuentes Fidedignas","robots":{"index":"index","follow":"follow","max-snippet":"max-snippet:-1","max-image-preview":"max-image-preview:large","max-video-preview":"max-video-preview:-1"},"canonical":"https:\/\/fuentesfidedignas.com.mx\/index.php\/2025\/08\/25\/video-oso-se-adelanta-al-regreso-a-clases-invade-salon-en-nuevo-leon\/","og_locale":"es_MX","og_type":"article","og_title":"VIDEO: Oso se adelanta al regreso a clases; invade sal\u00f3n en Nuevo Le\u00f3n - Fuentes Fidedignas","og_description":"Un hecho inesperado y de tensi\u00f3n se present\u00f3 en la UANL, cuando el peculiar animal irrumpi\u00f3 en un sal\u00f3n de clases. Un hecho inesperado y de tensi\u00f3n se present\u00f3 en la Universidad Aut\u00f3noma del Estado de Nuevo Le\u00f3n (UANL), cuando un peculiar animal irrumpi\u00f3 en un sal\u00f3n de clases. As\u00ed es, el hecho qued\u00f3 captado [&hellip;]","og_url":"https:\/\/fuentesfidedignas.com.mx\/index.php\/2025\/08\/25\/video-oso-se-adelanta-al-regreso-a-clases-invade-salon-en-nuevo-leon\/","og_site_name":"Fuentes Fidedignas","article_publisher":"https:\/\/www.facebook.com\/Fuentes-Fidedignas-368234489921644","article_published_time":"2025-08-25T12:45:00+00:00","og_image":[{"width":500,"height":343,"url":"https:\/\/fuentesfidedignas.com.mx\/wp-content\/uploads\/2025\/08\/oso-en-aula.jpg","type":"image\/jpeg"}],"author":"Exc\u00e9lsior","twitter_card":"summary_large_image","twitter_creator":"@fidedignas","twitter_site":"@fidedignas","twitter_misc":{"Escrito por":"Exc\u00e9lsior","Tiempo de lectura":"2 minutos"},"schema":{"@context":"https:\/\/schema.org","@graph":[{"@type":"Article","@id":"https:\/\/fuentesfidedignas.com.mx\/index.php\/2025\/08\/25\/video-oso-se-adelanta-al-regreso-a-clases-invade-salon-en-nuevo-leon\/#article","isPartOf":{"@id":"https:\/\/fuentesfidedignas.com.mx\/index.php\/2025\/08\/25\/video-oso-se-adelanta-al-regreso-a-clases-invade-salon-en-nuevo-leon\/"},"author":{"name":"Exc\u00e9lsior","@id":"https:\/\/fuentesfidedignas.com.mx\/#\/schema\/person\/ec4edd1fbf5efa3e44fce34fe2787780"},"headline":"VIDEO: Oso se adelanta al regreso a clases; invade sal\u00f3n en Nuevo Le\u00f3n","datePublished":"2025-08-25T12:45:00+00:00","mainEntityOfPage":{"@id":"https:\/\/fuentesfidedignas.com.mx\/index.php\/2025\/08\/25\/video-oso-se-adelanta-al-regreso-a-clases-invade-salon-en-nuevo-leon\/"},"wordCount":304,"commentCount":0,"publisher":{"@id":"https:\/\/fuentesfidedignas.com.mx\/#organization"},"image":{"@id":"https:\/\/fuentesfidedignas.com.mx\/index.php\/2025\/08\/25\/video-oso-se-adelanta-al-regreso-a-clases-invade-salon-en-nuevo-leon\/#primaryimage"},"thumbnailUrl":"https:\/\/fuentesfidedignas.com.mx\/wp-content\/uploads\/2025\/08\/oso-en-aula.jpg","articleSection":["LAS ASOMBROSAS"],"inLanguage":"es","potentialAction":[{"@type":"CommentAction","name":"Comment","target":["https:\/\/fuentesfidedignas.com.mx\/index.php\/2025\/08\/25\/video-oso-se-adelanta-al-regreso-a-clases-invade-salon-en-nuevo-leon\/#respond"]}]},{"@type":"WebPage","@id":"https:\/\/fuentesfidedignas.com.mx\/index.php\/2025\/08\/25\/video-oso-se-adelanta-al-regreso-a-clases-invade-salon-en-nuevo-leon\/","url":"https:\/\/fuentesfidedignas.com.mx\/index.php\/2025\/08\/25\/video-oso-se-adelanta-al-regreso-a-clases-invade-salon-en-nuevo-leon\/","name":"VIDEO: Oso se adelanta al regreso a clases; invade sal\u00f3n en Nuevo Le\u00f3n - Fuentes Fidedignas","isPartOf":{"@id":"https:\/\/fuentesfidedignas.com.mx\/#website"},"primaryImageOfPage":{"@id":"https:\/\/fuentesfidedignas.com.mx\/index.php\/2025\/08\/25\/video-oso-se-adelanta-al-regreso-a-clases-invade-salon-en-nuevo-leon\/#primaryimage"},"image":{"@id":"https:\/\/fuentesfidedignas.com.mx\/index.php\/2025\/08\/25\/video-oso-se-adelanta-al-regreso-a-clases-invade-salon-en-nuevo-leon\/#primaryimage"},"thumbnailUrl":"https:\/\/fuentesfidedignas.com.mx\/wp-content\/uploads\/2025\/08\/oso-en-aula.jpg","datePublished":"2025-08-25T12:45:00+00:00","breadcrumb":{"@id":"https:\/\/fuentesfidedignas.com.mx\/index.php\/2025\/08\/25\/video-oso-se-adelanta-al-regreso-a-clases-invade-salon-en-nuevo-leon\/#breadcrumb"},"inLanguage":"es","potentialAction":[{"@type":"ReadAction","target":["https:\/\/fuentesfidedignas.com.mx\/index.php\/2025\/08\/25\/video-oso-se-adelanta-al-regreso-a-clases-invade-salon-en-nuevo-leon\/"]}]},{"@type":"ImageObject","inLanguage":"es","@id":"https:\/\/fuentesfidedignas.com.mx\/index.php\/2025\/08\/25\/video-oso-se-adelanta-al-regreso-a-clases-invade-salon-en-nuevo-leon\/#primaryimage","url":"https:\/\/fuentesfidedignas.com.mx\/wp-content\/uploads\/2025\/08\/oso-en-aula.jpg","contentUrl":"https:\/\/fuentesfidedignas.com.mx\/wp-content\/uploads\/2025\/08\/oso-en-aula.jpg","width":500,"height":343},{"@type":"BreadcrumbList","@id":"https:\/\/fuentesfidedignas.com.mx\/index.php\/2025\/08\/25\/video-oso-se-adelanta-al-regreso-a-clases-invade-salon-en-nuevo-leon\/#breadcrumb","itemListElement":[{"@type":"ListItem","position":1,"name":"Inicio","item":"https:\/\/fuentesfidedignas.com.mx\/"},{"@type":"ListItem","position":2,"name":"VIDEO: Oso se adelanta al regreso a clases; invade sal\u00f3n en Nuevo Le\u00f3n"}]},{"@type":"WebSite","@id":"https:\/\/fuentesfidedignas.com.mx\/#website","url":"https:\/\/fuentesfidedignas.com.mx\/","name":"Fuentes Fidedignas","description":"Otro sitio realizado con WordPress","publisher":{"@id":"https:\/\/fuentesfidedignas.com.mx\/#organization"},"potentialAction":[{"@type":"SearchAction","target":{"@type":"EntryPoint","urlTemplate":"https:\/\/fuentesfidedignas.com.mx\/?s={search_term_string}"},"query-input":{"@type":"PropertyValueSpecification","valueRequired":true,"valueName":"search_term_string"}}],"inLanguage":"es"},{"@type":"Organization","@id":"https:\/\/fuentesfidedignas.com.mx\/#organization","name":"Fuentes Fidedignas","url":"https:\/\/fuentesfidedignas.com.mx\/","logo":{"@type":"ImageObject","inLanguage":"es","@id":"https:\/\/fuentesfidedignas.com.mx\/#\/schema\/logo\/image\/","url":"https:\/\/fuentesfidedignas.com.mx\/wp-content\/uploads\/2021\/04\/logo-retina.png","contentUrl":"https:\/\/fuentesfidedignas.com.mx\/wp-content\/uploads\/2021\/04\/logo-retina.png","width":280,"height":51,"caption":"Fuentes Fidedignas"},"image":{"@id":"https:\/\/fuentesfidedignas.com.mx\/#\/schema\/logo\/image\/"},"sameAs":["https:\/\/www.facebook.com\/Fuentes-Fidedignas-368234489921644","https:\/\/x.com\/fidedignas"]},{"@type":"Person","@id":"https:\/\/fuentesfidedignas.com.mx\/#\/schema\/person\/ec4edd1fbf5efa3e44fce34fe2787780","name":"Exc\u00e9lsior","image":{"@type":"ImageObject","inLanguage":"es","@id":"https:\/\/secure.gravatar.com\/avatar\/4b7ee9206b48be08447852b3f0814dbc7c0f3b51541b164f1464a2725614020b?s=96&d=mm&r=g","url":"https:\/\/secure.gravatar.com\/avatar\/4b7ee9206b48be08447852b3f0814dbc7c0f3b51541b164f1464a2725614020b?s=96&d=mm&r=g","contentUrl":"https:\/\/secure.gravatar.com\/avatar\/4b7ee9206b48be08447852b3f0814dbc7c0f3b51541b164f1464a2725614020b?s=96&d=mm&r=g","caption":"Exc\u00e9lsior"},"url":"https:\/\/fuentesfidedignas.com.mx\/index.php\/author\/excelsior\/"}]}},"_links":{"self":[{"href":"https:\/\/fuentesfidedignas.com.mx\/index.php\/wp-json\/wp\/v2\/posts\/115762","targetHints":{"allow":["GET"]}}],"collection":[{"href":"https:\/\/fuentesfidedignas.com.mx\/index.php\/wp-json\/wp\/v2\/posts"}],"about":[{"href":"https:\/\/fuentesfidedignas.com.mx\/index.php\/wp-json\/wp\/v2\/types\/post"}],"author":[{"embeddable":true,"href":"https:\/\/fuentesfidedignas.com.mx\/index.php\/wp-json\/wp\/v2\/users\/7"}],"replies":[{"embeddable":true,"href":"https:\/\/fuentesfidedignas.com.mx\/index.php\/wp-json\/wp\/v2\/comments?post=115762"}],"version-history":[{"count":1,"href":"https:\/\/fuentesfidedignas.com.mx\/index.php\/wp-json\/wp\/v2\/posts\/115762\/revisions"}],"predecessor-version":[{"id":115764,"href":"https:\/\/fuentesfidedignas.com.mx\/index.php\/wp-json\/wp\/v2\/posts\/115762\/revisions\/115764"}],"wp:featuredmedia":[{"embeddable":true,"href":"https:\/\/fuentesfidedignas.com.mx\/index.php\/wp-json\/wp\/v2\/media\/115763"}],"wp:attachment":[{"href":"https:\/\/fuentesfidedignas.com.mx\/index.php\/wp-json\/wp\/v2\/media?parent=115762"}],"wp:term":[{"taxonomy":"category","embeddable":true,"href":"https:\/\/fuentesfidedignas.com.mx\/index.php\/wp-json\/wp\/v2\/categories?post=115762"},{"taxonomy":"post_tag","embeddable":true,"href":"https:\/\/fuentesfidedignas.com.mx\/index.php\/wp-json\/wp\/v2\/tags?post=115762"}],"curies":[{"name":"wp","href":"https:\/\/api.w.org\/{rel}","templated":true}]}}