{"id":115754,"date":"2025-08-24T09:50:59","date_gmt":"2025-08-24T16:50:59","guid":{"rendered":"https:\/\/fuentesfidedignas.com.mx\/?p=115754"},"modified":"2025-08-24T09:51:02","modified_gmt":"2025-08-24T16:51:02","slug":"el-mayo-zambada-se-declarara-culpable-traicionara-al-cartel-de-sinaloa","status":"publish","type":"post","link":"https:\/\/fuentesfidedignas.com.mx\/index.php\/2025\/08\/24\/el-mayo-zambada-se-declarara-culpable-traicionara-al-cartel-de-sinaloa\/","title":{"rendered":"\u201cEl Mayo\u201d Zambada se declarar\u00e1 culpable; \u00bftraicionar\u00e1 al C\u00e1rtel de Sinaloa?"},"content":{"rendered":"\n<p><strong><em>La pregunta sobre la mesa es: \u00bfhacia d\u00f3nde apunta EE.UU. negociando con \u2018el Mayo\u2019 Zambada para extraer informaci\u00f3n sobre los c\u00e1rteles?<\/em><\/strong><\/p>\n\n\n\n<p>Ismael \u201cel Mayo\u201d Zambada, l\u00edder hist\u00f3rico y cofundador del C\u00e1rtel de Sinaloa, se declarar\u00e1 culpable formalmente ante un tribunal federal de Nueva York este lunes 25 de agosto, despu\u00e9s de que la Fiscal\u00eda anunciara semanas atr\u00e1s que renuncia a pedir la pena de muerte para el \u2018capo\u2019 mexicano de la droga.<\/p>\n\n\n\n<p>Pese a que Zambada enfrenta 17 cargos relacionados con narcotr\u00e1fico, lavado de dinero y uso de armas despu\u00e9s de m\u00e1s de medio siglo dedicado a actividades criminales, el Ministerio P\u00fablico opt\u00f3 por no pedir la pena capital para el acusado, que fue entregado a EE.UU. el a\u00f1o pasado en una operaci\u00f3n a la que siguen rodeando un mar de inc\u00f3gnitas.<\/p>\n\n\n\n<p>M\u00e1s all\u00e1 del previsible acuerdo de culpabilidad de este lunes, acreditado en documentos judiciales como \u201cun cambio de declaraci\u00f3n\u201d de \u201cel Mayo\u201d (77 a\u00f1os), se desconoce a\u00fan si reconocer\u00e1 formalmente haber cometido todos los delitos o solo algunos de ellos.<\/p>\n\n\n\n<p><strong>Los beneficios que podr\u00eda solicitar \u201cel Mayo\u201d<br><\/strong>El hombre que esquiv\u00f3 a la Justicia mexicana durante d\u00e9cadas y por cuya cabeza EE.UU. lleg\u00f3 a ofrecer hasta 15 millones de d\u00f3lares evitar\u00e1 as\u00ed comparecer en juicio a cambio de entregar informaci\u00f3n sensible a las autoridades estadounidenses.<\/p>\n\n\n\n<p>Fuentes del Departamento de Justicia de EE.UU. que prefirieron guardar el anonimato explicaron a EFE que, probablemente, Zambada -aquejado de graves problemas de salud- podr\u00eda pedir una o varias de estas cosas: no ser recluido en un penal de m\u00e1xima seguridad, una reducci\u00f3n de condena o mayor acceso a su familia.<\/p>\n\n\n\n<p>Un hijo de \u201cel Mayo\u201d, Vicente Zambada Niebla, alias \u201cVicentillo\u201d, ya fue testigo clave de la fiscal\u00eda en 2019 durante el proceso legal contra el otrora socio de su padre y afamado l\u00edder del C\u00e1rtel de Sinaloa, Joaqu\u00edn \u201cel Chapo\u201d Guzm\u00e1n, despu\u00e9s de haberse declarado culpable seis a\u00f1os antes de conspiraci\u00f3n para el tr\u00e1fico de drogas y lavado de dinero.<\/p>\n\n\n\n<p><strong>Posible plazo para su sentencia<\/strong><br>Ser\u00e1 el juez encargado Brian Cogan quien fije un plazo para dictar sentencia contra \u201cel Mayo\u201d en un plazo que podr\u00eda alargarse hasta seis meses, en funci\u00f3n del valor y la utilidad de la informaci\u00f3n que facilite al Gobierno estadounidense.<\/p>\n\n\n\n<p>Antes, la Fiscal\u00eda deber\u00e1 analizar el contenido aportado por Zambada para presentar una recomendaci\u00f3n de condena contra el \u201ccapo\u201d al juez Cogan.<\/p>\n\n\n\n<p>De concretarse la declaraci\u00f3n de culpabilidad de Zambada, EE.UU. tendr\u00e1 bajo su control a los dos cabecillas m\u00e1s poderosos en la historia del narcotr\u00e1fico mexicano, con \u201cel Chapo\u201d cumpliendo cadena perpetua en un penal impenetrable del estado de Colorado desde el mismo 2019.<\/p>\n\n\n\n<p>Ahora, la pregunta sobre la mesa es: \u00bfhacia d\u00f3nde apunta el Gobierno estadounidense negociando para extraer informaci\u00f3n a los que hasta hace no tanto eran sus objetivos prioritarios en la lucha contra el narcotr\u00e1fico?<\/p>\n\n\n\n<p>Por ahora, la colusi\u00f3n entre el \u2018narco\u2019 y la pol\u00edtica en M\u00e9xico solo se ha saldado en los tribunales estadounidenses con la condena en 2024 a m\u00e1s de 38 a\u00f1os de c\u00e1rcel para Genaro Garc\u00eda Luna, exsecretario mexicano de Seguridad P\u00fablica durante el mandato de Felipe Calder\u00f3n (2006-2012).<\/p>\n\n\n\n<p><strong>Cambio de estrategia de Ismael Zambada<\/strong><br>Zambada qued\u00f3 detenido en julio del a\u00f1o pasado tras aterrizar en el aeropuerto de Santa Teresa (Nuevo M\u00e9xico, EE.UU.) en una avioneta junto a Joaqu\u00edn Guzm\u00e1n L\u00f3pez, uno de los hijos de \u201cel Chapo\u201d que, seg\u00fan \u201cel Mayo\u201d, le tendi\u00f3 una trampa para llevarlo a Estados Unidos y entregarlo a las autoridades.<\/p>\n\n\n\n<p>Guzm\u00e1n L\u00f3pez permanece detenido pero actualmente tambi\u00e9n negocia un acuerdo de culpabilidad despu\u00e9s de que su hermano Ovidio, alias \u201cel Rat\u00f3n\u201d y extraditado a EE.UU. en 2023, hiciera lo propio en julio de este a\u00f1o.<\/p>\n\n\n\n<p>Desde su env\u00edo a Nueva York en septiembre del a\u00f1o pasado, Zambada se hab\u00eda declarado no culpable, pero en febrero su abogado, Frank P\u00e9rez, ya se\u00f1al\u00f3 que si la Fiscal\u00eda descartaba la pena de muerte, la situaci\u00f3n pod\u00eda cambiar.<\/p>\n\n\n\n<p>P\u00e9rez recalc\u00f3 anteriormente que, pese a la posibilidad del acuerdo, esto no implicaba directamente que su defendido colaborara con la Justicia.<\/p>\n","protected":false},"excerpt":{"rendered":"<p>La pregunta sobre la mesa es: \u00bfhacia d\u00f3nde apunta EE.UU. negociando con \u2018el Mayo\u2019 Zambada para extraer informaci\u00f3n sobre los c\u00e1rteles? Ismael \u201cel Mayo\u201d Zambada, l\u00edder hist\u00f3rico y cofundador del C\u00e1rtel de Sinaloa, se declarar\u00e1 culpable formalmente ante un tribunal federal de Nueva York este lunes 25 de agosto, despu\u00e9s de que la Fiscal\u00eda anunciara [&hellip;]<\/p>\n","protected":false},"author":22,"featured_media":102268,"comment_status":"open","ping_status":"open","sticky":false,"template":"","format":"standard","meta":{"tdm_status":"","tdm_grid_status":"","footnotes":""},"categories":[37],"tags":[],"class_list":{"0":"post-115754","1":"post","2":"type-post","3":"status-publish","4":"format-standard","5":"has-post-thumbnail","7":"category-nota-principal"},"yoast_head":"<!-- This site is optimized with the Yoast SEO plugin v27.5 - https:\/\/yoast.com\/product\/yoast-seo-wordpress\/ -->\n<title>\u201cEl Mayo\u201d Zambada se declarar\u00e1 culpable; \u00bftraicionar\u00e1 al C\u00e1rtel de Sinaloa? - Fuentes Fidedignas<\/title>\n<meta name=\"robots\" content=\"index, follow, max-snippet:-1, max-image-preview:large, max-video-preview:-1\" \/>\n<link rel=\"canonical\" href=\"https:\/\/fuentesfidedignas.com.mx\/index.php\/2025\/08\/24\/el-mayo-zambada-se-declarara-culpable-traicionara-al-cartel-de-sinaloa\/\" \/>\n<meta property=\"og:locale\" content=\"es_MX\" \/>\n<meta property=\"og:type\" content=\"article\" \/>\n<meta property=\"og:title\" content=\"\u201cEl Mayo\u201d Zambada se declarar\u00e1 culpable; \u00bftraicionar\u00e1 al C\u00e1rtel de Sinaloa? - Fuentes Fidedignas\" \/>\n<meta property=\"og:description\" content=\"La pregunta sobre la mesa es: \u00bfhacia d\u00f3nde apunta EE.UU. negociando con \u2018el Mayo\u2019 Zambada para extraer informaci\u00f3n sobre los c\u00e1rteles? Ismael \u201cel Mayo\u201d Zambada, l\u00edder hist\u00f3rico y cofundador del C\u00e1rtel de Sinaloa, se declarar\u00e1 culpable formalmente ante un tribunal federal de Nueva York este lunes 25 de agosto, despu\u00e9s de que la Fiscal\u00eda anunciara [&hellip;]\" \/>\n<meta property=\"og:url\" content=\"https:\/\/fuentesfidedignas.com.mx\/index.php\/2025\/08\/24\/el-mayo-zambada-se-declarara-culpable-traicionara-al-cartel-de-sinaloa\/\" \/>\n<meta property=\"og:site_name\" content=\"Fuentes Fidedignas\" \/>\n<meta property=\"article:publisher\" content=\"https:\/\/www.facebook.com\/Fuentes-Fidedignas-368234489921644\" \/>\n<meta property=\"article:published_time\" content=\"2025-08-24T16:50:59+00:00\" \/>\n<meta property=\"article:modified_time\" content=\"2025-08-24T16:51:02+00:00\" \/>\n<meta property=\"og:image\" content=\"https:\/\/fuentesfidedignas.com.mx\/wp-content\/uploads\/2025\/02\/mayo_zambada.jpg\" \/>\n\t<meta property=\"og:image:width\" content=\"600\" \/>\n\t<meta property=\"og:image:height\" content=\"335\" \/>\n\t<meta property=\"og:image:type\" content=\"image\/jpeg\" \/>\n<meta name=\"author\" content=\"EFE\" \/>\n<meta name=\"twitter:card\" content=\"summary_large_image\" \/>\n<meta name=\"twitter:creator\" content=\"@fidedignas\" \/>\n<meta name=\"twitter:site\" content=\"@fidedignas\" \/>\n<meta name=\"twitter:label1\" content=\"Escrito por\" \/>\n\t<meta name=\"twitter:data1\" content=\"EFE\" \/>\n\t<meta name=\"twitter:label2\" content=\"Tiempo de lectura\" \/>\n\t<meta name=\"twitter:data2\" content=\"4 minutos\" \/>\n<script type=\"application\/ld+json\" class=\"yoast-schema-graph\">{\"@context\":\"https:\\\/\\\/schema.org\",\"@graph\":[{\"@type\":\"Article\",\"@id\":\"https:\\\/\\\/fuentesfidedignas.com.mx\\\/index.php\\\/2025\\\/08\\\/24\\\/el-mayo-zambada-se-declarara-culpable-traicionara-al-cartel-de-sinaloa\\\/#article\",\"isPartOf\":{\"@id\":\"https:\\\/\\\/fuentesfidedignas.com.mx\\\/index.php\\\/2025\\\/08\\\/24\\\/el-mayo-zambada-se-declarara-culpable-traicionara-al-cartel-de-sinaloa\\\/\"},\"author\":{\"name\":\"EFE\",\"@id\":\"https:\\\/\\\/fuentesfidedignas.com.mx\\\/#\\\/schema\\\/person\\\/0d44615087b5a626d5d3f13afe31ac41\"},\"headline\":\"\u201cEl Mayo\u201d Zambada se declarar\u00e1 culpable; \u00bftraicionar\u00e1 al C\u00e1rtel de Sinaloa?\",\"datePublished\":\"2025-08-24T16:50:59+00:00\",\"dateModified\":\"2025-08-24T16:51:02+00:00\",\"mainEntityOfPage\":{\"@id\":\"https:\\\/\\\/fuentesfidedignas.com.mx\\\/index.php\\\/2025\\\/08\\\/24\\\/el-mayo-zambada-se-declarara-culpable-traicionara-al-cartel-de-sinaloa\\\/\"},\"wordCount\":760,\"commentCount\":0,\"publisher\":{\"@id\":\"https:\\\/\\\/fuentesfidedignas.com.mx\\\/#organization\"},\"image\":{\"@id\":\"https:\\\/\\\/fuentesfidedignas.com.mx\\\/index.php\\\/2025\\\/08\\\/24\\\/el-mayo-zambada-se-declarara-culpable-traicionara-al-cartel-de-sinaloa\\\/#primaryimage\"},\"thumbnailUrl\":\"https:\\\/\\\/fuentesfidedignas.com.mx\\\/wp-content\\\/uploads\\\/2025\\\/02\\\/mayo_zambada.jpg\",\"articleSection\":[\"NOTA PRINCIPAL\"],\"inLanguage\":\"es\",\"potentialAction\":[{\"@type\":\"CommentAction\",\"name\":\"Comment\",\"target\":[\"https:\\\/\\\/fuentesfidedignas.com.mx\\\/index.php\\\/2025\\\/08\\\/24\\\/el-mayo-zambada-se-declarara-culpable-traicionara-al-cartel-de-sinaloa\\\/#respond\"]}]},{\"@type\":\"WebPage\",\"@id\":\"https:\\\/\\\/fuentesfidedignas.com.mx\\\/index.php\\\/2025\\\/08\\\/24\\\/el-mayo-zambada-se-declarara-culpable-traicionara-al-cartel-de-sinaloa\\\/\",\"url\":\"https:\\\/\\\/fuentesfidedignas.com.mx\\\/index.php\\\/2025\\\/08\\\/24\\\/el-mayo-zambada-se-declarara-culpable-traicionara-al-cartel-de-sinaloa\\\/\",\"name\":\"\u201cEl Mayo\u201d Zambada se declarar\u00e1 culpable; \u00bftraicionar\u00e1 al C\u00e1rtel de Sinaloa? - Fuentes Fidedignas\",\"isPartOf\":{\"@id\":\"https:\\\/\\\/fuentesfidedignas.com.mx\\\/#website\"},\"primaryImageOfPage\":{\"@id\":\"https:\\\/\\\/fuentesfidedignas.com.mx\\\/index.php\\\/2025\\\/08\\\/24\\\/el-mayo-zambada-se-declarara-culpable-traicionara-al-cartel-de-sinaloa\\\/#primaryimage\"},\"image\":{\"@id\":\"https:\\\/\\\/fuentesfidedignas.com.mx\\\/index.php\\\/2025\\\/08\\\/24\\\/el-mayo-zambada-se-declarara-culpable-traicionara-al-cartel-de-sinaloa\\\/#primaryimage\"},\"thumbnailUrl\":\"https:\\\/\\\/fuentesfidedignas.com.mx\\\/wp-content\\\/uploads\\\/2025\\\/02\\\/mayo_zambada.jpg\",\"datePublished\":\"2025-08-24T16:50:59+00:00\",\"dateModified\":\"2025-08-24T16:51:02+00:00\",\"breadcrumb\":{\"@id\":\"https:\\\/\\\/fuentesfidedignas.com.mx\\\/index.php\\\/2025\\\/08\\\/24\\\/el-mayo-zambada-se-declarara-culpable-traicionara-al-cartel-de-sinaloa\\\/#breadcrumb\"},\"inLanguage\":\"es\",\"potentialAction\":[{\"@type\":\"ReadAction\",\"target\":[\"https:\\\/\\\/fuentesfidedignas.com.mx\\\/index.php\\\/2025\\\/08\\\/24\\\/el-mayo-zambada-se-declarara-culpable-traicionara-al-cartel-de-sinaloa\\\/\"]}]},{\"@type\":\"ImageObject\",\"inLanguage\":\"es\",\"@id\":\"https:\\\/\\\/fuentesfidedignas.com.mx\\\/index.php\\\/2025\\\/08\\\/24\\\/el-mayo-zambada-se-declarara-culpable-traicionara-al-cartel-de-sinaloa\\\/#primaryimage\",\"url\":\"https:\\\/\\\/fuentesfidedignas.com.mx\\\/wp-content\\\/uploads\\\/2025\\\/02\\\/mayo_zambada.jpg\",\"contentUrl\":\"https:\\\/\\\/fuentesfidedignas.com.mx\\\/wp-content\\\/uploads\\\/2025\\\/02\\\/mayo_zambada.jpg\",\"width\":600,\"height\":335},{\"@type\":\"BreadcrumbList\",\"@id\":\"https:\\\/\\\/fuentesfidedignas.com.mx\\\/index.php\\\/2025\\\/08\\\/24\\\/el-mayo-zambada-se-declarara-culpable-traicionara-al-cartel-de-sinaloa\\\/#breadcrumb\",\"itemListElement\":[{\"@type\":\"ListItem\",\"position\":1,\"name\":\"Inicio\",\"item\":\"https:\\\/\\\/fuentesfidedignas.com.mx\\\/\"},{\"@type\":\"ListItem\",\"position\":2,\"name\":\"\u201cEl Mayo\u201d Zambada se declarar\u00e1 culpable; \u00bftraicionar\u00e1 al C\u00e1rtel de Sinaloa?\"}]},{\"@type\":\"WebSite\",\"@id\":\"https:\\\/\\\/fuentesfidedignas.com.mx\\\/#website\",\"url\":\"https:\\\/\\\/fuentesfidedignas.com.mx\\\/\",\"name\":\"Fuentes Fidedignas\",\"description\":\"Otro sitio realizado con WordPress\",\"publisher\":{\"@id\":\"https:\\\/\\\/fuentesfidedignas.com.mx\\\/#organization\"},\"potentialAction\":[{\"@type\":\"SearchAction\",\"target\":{\"@type\":\"EntryPoint\",\"urlTemplate\":\"https:\\\/\\\/fuentesfidedignas.com.mx\\\/?s={search_term_string}\"},\"query-input\":{\"@type\":\"PropertyValueSpecification\",\"valueRequired\":true,\"valueName\":\"search_term_string\"}}],\"inLanguage\":\"es\"},{\"@type\":\"Organization\",\"@id\":\"https:\\\/\\\/fuentesfidedignas.com.mx\\\/#organization\",\"name\":\"Fuentes Fidedignas\",\"url\":\"https:\\\/\\\/fuentesfidedignas.com.mx\\\/\",\"logo\":{\"@type\":\"ImageObject\",\"inLanguage\":\"es\",\"@id\":\"https:\\\/\\\/fuentesfidedignas.com.mx\\\/#\\\/schema\\\/logo\\\/image\\\/\",\"url\":\"https:\\\/\\\/fuentesfidedignas.com.mx\\\/wp-content\\\/uploads\\\/2021\\\/04\\\/logo-retina.png\",\"contentUrl\":\"https:\\\/\\\/fuentesfidedignas.com.mx\\\/wp-content\\\/uploads\\\/2021\\\/04\\\/logo-retina.png\",\"width\":280,\"height\":51,\"caption\":\"Fuentes Fidedignas\"},\"image\":{\"@id\":\"https:\\\/\\\/fuentesfidedignas.com.mx\\\/#\\\/schema\\\/logo\\\/image\\\/\"},\"sameAs\":[\"https:\\\/\\\/www.facebook.com\\\/Fuentes-Fidedignas-368234489921644\",\"https:\\\/\\\/x.com\\\/fidedignas\"]},{\"@type\":\"Person\",\"@id\":\"https:\\\/\\\/fuentesfidedignas.com.mx\\\/#\\\/schema\\\/person\\\/0d44615087b5a626d5d3f13afe31ac41\",\"name\":\"EFE\",\"image\":{\"@type\":\"ImageObject\",\"inLanguage\":\"es\",\"@id\":\"https:\\\/\\\/secure.gravatar.com\\\/avatar\\\/7048c2d9b569d9bed55bb53ad23821e6e047aa66338fb6ea9868627bbb9f54e8?s=96&d=mm&r=g\",\"url\":\"https:\\\/\\\/secure.gravatar.com\\\/avatar\\\/7048c2d9b569d9bed55bb53ad23821e6e047aa66338fb6ea9868627bbb9f54e8?s=96&d=mm&r=g\",\"contentUrl\":\"https:\\\/\\\/secure.gravatar.com\\\/avatar\\\/7048c2d9b569d9bed55bb53ad23821e6e047aa66338fb6ea9868627bbb9f54e8?s=96&d=mm&r=g\",\"caption\":\"EFE\"},\"url\":\"https:\\\/\\\/fuentesfidedignas.com.mx\\\/index.php\\\/author\\\/efe\\\/\"}]}<\/script>\n<!-- \/ Yoast SEO plugin. -->","yoast_head_json":{"title":"\u201cEl Mayo\u201d Zambada se declarar\u00e1 culpable; \u00bftraicionar\u00e1 al C\u00e1rtel de Sinaloa? - Fuentes Fidedignas","robots":{"index":"index","follow":"follow","max-snippet":"max-snippet:-1","max-image-preview":"max-image-preview:large","max-video-preview":"max-video-preview:-1"},"canonical":"https:\/\/fuentesfidedignas.com.mx\/index.php\/2025\/08\/24\/el-mayo-zambada-se-declarara-culpable-traicionara-al-cartel-de-sinaloa\/","og_locale":"es_MX","og_type":"article","og_title":"\u201cEl Mayo\u201d Zambada se declarar\u00e1 culpable; \u00bftraicionar\u00e1 al C\u00e1rtel de Sinaloa? - Fuentes Fidedignas","og_description":"La pregunta sobre la mesa es: \u00bfhacia d\u00f3nde apunta EE.UU. negociando con \u2018el Mayo\u2019 Zambada para extraer informaci\u00f3n sobre los c\u00e1rteles? Ismael \u201cel Mayo\u201d Zambada, l\u00edder hist\u00f3rico y cofundador del C\u00e1rtel de Sinaloa, se declarar\u00e1 culpable formalmente ante un tribunal federal de Nueva York este lunes 25 de agosto, despu\u00e9s de que la Fiscal\u00eda anunciara [&hellip;]","og_url":"https:\/\/fuentesfidedignas.com.mx\/index.php\/2025\/08\/24\/el-mayo-zambada-se-declarara-culpable-traicionara-al-cartel-de-sinaloa\/","og_site_name":"Fuentes Fidedignas","article_publisher":"https:\/\/www.facebook.com\/Fuentes-Fidedignas-368234489921644","article_published_time":"2025-08-24T16:50:59+00:00","article_modified_time":"2025-08-24T16:51:02+00:00","og_image":[{"width":600,"height":335,"url":"https:\/\/fuentesfidedignas.com.mx\/wp-content\/uploads\/2025\/02\/mayo_zambada.jpg","type":"image\/jpeg"}],"author":"EFE","twitter_card":"summary_large_image","twitter_creator":"@fidedignas","twitter_site":"@fidedignas","twitter_misc":{"Escrito por":"EFE","Tiempo de lectura":"4 minutos"},"schema":{"@context":"https:\/\/schema.org","@graph":[{"@type":"Article","@id":"https:\/\/fuentesfidedignas.com.mx\/index.php\/2025\/08\/24\/el-mayo-zambada-se-declarara-culpable-traicionara-al-cartel-de-sinaloa\/#article","isPartOf":{"@id":"https:\/\/fuentesfidedignas.com.mx\/index.php\/2025\/08\/24\/el-mayo-zambada-se-declarara-culpable-traicionara-al-cartel-de-sinaloa\/"},"author":{"name":"EFE","@id":"https:\/\/fuentesfidedignas.com.mx\/#\/schema\/person\/0d44615087b5a626d5d3f13afe31ac41"},"headline":"\u201cEl Mayo\u201d Zambada se declarar\u00e1 culpable; \u00bftraicionar\u00e1 al C\u00e1rtel de Sinaloa?","datePublished":"2025-08-24T16:50:59+00:00","dateModified":"2025-08-24T16:51:02+00:00","mainEntityOfPage":{"@id":"https:\/\/fuentesfidedignas.com.mx\/index.php\/2025\/08\/24\/el-mayo-zambada-se-declarara-culpable-traicionara-al-cartel-de-sinaloa\/"},"wordCount":760,"commentCount":0,"publisher":{"@id":"https:\/\/fuentesfidedignas.com.mx\/#organization"},"image":{"@id":"https:\/\/fuentesfidedignas.com.mx\/index.php\/2025\/08\/24\/el-mayo-zambada-se-declarara-culpable-traicionara-al-cartel-de-sinaloa\/#primaryimage"},"thumbnailUrl":"https:\/\/fuentesfidedignas.com.mx\/wp-content\/uploads\/2025\/02\/mayo_zambada.jpg","articleSection":["NOTA PRINCIPAL"],"inLanguage":"es","potentialAction":[{"@type":"CommentAction","name":"Comment","target":["https:\/\/fuentesfidedignas.com.mx\/index.php\/2025\/08\/24\/el-mayo-zambada-se-declarara-culpable-traicionara-al-cartel-de-sinaloa\/#respond"]}]},{"@type":"WebPage","@id":"https:\/\/fuentesfidedignas.com.mx\/index.php\/2025\/08\/24\/el-mayo-zambada-se-declarara-culpable-traicionara-al-cartel-de-sinaloa\/","url":"https:\/\/fuentesfidedignas.com.mx\/index.php\/2025\/08\/24\/el-mayo-zambada-se-declarara-culpable-traicionara-al-cartel-de-sinaloa\/","name":"\u201cEl Mayo\u201d Zambada se declarar\u00e1 culpable; \u00bftraicionar\u00e1 al C\u00e1rtel de Sinaloa? - Fuentes Fidedignas","isPartOf":{"@id":"https:\/\/fuentesfidedignas.com.mx\/#website"},"primaryImageOfPage":{"@id":"https:\/\/fuentesfidedignas.com.mx\/index.php\/2025\/08\/24\/el-mayo-zambada-se-declarara-culpable-traicionara-al-cartel-de-sinaloa\/#primaryimage"},"image":{"@id":"https:\/\/fuentesfidedignas.com.mx\/index.php\/2025\/08\/24\/el-mayo-zambada-se-declarara-culpable-traicionara-al-cartel-de-sinaloa\/#primaryimage"},"thumbnailUrl":"https:\/\/fuentesfidedignas.com.mx\/wp-content\/uploads\/2025\/02\/mayo_zambada.jpg","datePublished":"2025-08-24T16:50:59+00:00","dateModified":"2025-08-24T16:51:02+00:00","breadcrumb":{"@id":"https:\/\/fuentesfidedignas.com.mx\/index.php\/2025\/08\/24\/el-mayo-zambada-se-declarara-culpable-traicionara-al-cartel-de-sinaloa\/#breadcrumb"},"inLanguage":"es","potentialAction":[{"@type":"ReadAction","target":["https:\/\/fuentesfidedignas.com.mx\/index.php\/2025\/08\/24\/el-mayo-zambada-se-declarara-culpable-traicionara-al-cartel-de-sinaloa\/"]}]},{"@type":"ImageObject","inLanguage":"es","@id":"https:\/\/fuentesfidedignas.com.mx\/index.php\/2025\/08\/24\/el-mayo-zambada-se-declarara-culpable-traicionara-al-cartel-de-sinaloa\/#primaryimage","url":"https:\/\/fuentesfidedignas.com.mx\/wp-content\/uploads\/2025\/02\/mayo_zambada.jpg","contentUrl":"https:\/\/fuentesfidedignas.com.mx\/wp-content\/uploads\/2025\/02\/mayo_zambada.jpg","width":600,"height":335},{"@type":"BreadcrumbList","@id":"https:\/\/fuentesfidedignas.com.mx\/index.php\/2025\/08\/24\/el-mayo-zambada-se-declarara-culpable-traicionara-al-cartel-de-sinaloa\/#breadcrumb","itemListElement":[{"@type":"ListItem","position":1,"name":"Inicio","item":"https:\/\/fuentesfidedignas.com.mx\/"},{"@type":"ListItem","position":2,"name":"\u201cEl Mayo\u201d Zambada se declarar\u00e1 culpable; \u00bftraicionar\u00e1 al C\u00e1rtel de Sinaloa?"}]},{"@type":"WebSite","@id":"https:\/\/fuentesfidedignas.com.mx\/#website","url":"https:\/\/fuentesfidedignas.com.mx\/","name":"Fuentes Fidedignas","description":"Otro sitio realizado con WordPress","publisher":{"@id":"https:\/\/fuentesfidedignas.com.mx\/#organization"},"potentialAction":[{"@type":"SearchAction","target":{"@type":"EntryPoint","urlTemplate":"https:\/\/fuentesfidedignas.com.mx\/?s={search_term_string}"},"query-input":{"@type":"PropertyValueSpecification","valueRequired":true,"valueName":"search_term_string"}}],"inLanguage":"es"},{"@type":"Organization","@id":"https:\/\/fuentesfidedignas.com.mx\/#organization","name":"Fuentes Fidedignas","url":"https:\/\/fuentesfidedignas.com.mx\/","logo":{"@type":"ImageObject","inLanguage":"es","@id":"https:\/\/fuentesfidedignas.com.mx\/#\/schema\/logo\/image\/","url":"https:\/\/fuentesfidedignas.com.mx\/wp-content\/uploads\/2021\/04\/logo-retina.png","contentUrl":"https:\/\/fuentesfidedignas.com.mx\/wp-content\/uploads\/2021\/04\/logo-retina.png","width":280,"height":51,"caption":"Fuentes Fidedignas"},"image":{"@id":"https:\/\/fuentesfidedignas.com.mx\/#\/schema\/logo\/image\/"},"sameAs":["https:\/\/www.facebook.com\/Fuentes-Fidedignas-368234489921644","https:\/\/x.com\/fidedignas"]},{"@type":"Person","@id":"https:\/\/fuentesfidedignas.com.mx\/#\/schema\/person\/0d44615087b5a626d5d3f13afe31ac41","name":"EFE","image":{"@type":"ImageObject","inLanguage":"es","@id":"https:\/\/secure.gravatar.com\/avatar\/7048c2d9b569d9bed55bb53ad23821e6e047aa66338fb6ea9868627bbb9f54e8?s=96&d=mm&r=g","url":"https:\/\/secure.gravatar.com\/avatar\/7048c2d9b569d9bed55bb53ad23821e6e047aa66338fb6ea9868627bbb9f54e8?s=96&d=mm&r=g","contentUrl":"https:\/\/secure.gravatar.com\/avatar\/7048c2d9b569d9bed55bb53ad23821e6e047aa66338fb6ea9868627bbb9f54e8?s=96&d=mm&r=g","caption":"EFE"},"url":"https:\/\/fuentesfidedignas.com.mx\/index.php\/author\/efe\/"}]}},"_links":{"self":[{"href":"https:\/\/fuentesfidedignas.com.mx\/index.php\/wp-json\/wp\/v2\/posts\/115754","targetHints":{"allow":["GET"]}}],"collection":[{"href":"https:\/\/fuentesfidedignas.com.mx\/index.php\/wp-json\/wp\/v2\/posts"}],"about":[{"href":"https:\/\/fuentesfidedignas.com.mx\/index.php\/wp-json\/wp\/v2\/types\/post"}],"author":[{"embeddable":true,"href":"https:\/\/fuentesfidedignas.com.mx\/index.php\/wp-json\/wp\/v2\/users\/22"}],"replies":[{"embeddable":true,"href":"https:\/\/fuentesfidedignas.com.mx\/index.php\/wp-json\/wp\/v2\/comments?post=115754"}],"version-history":[{"count":1,"href":"https:\/\/fuentesfidedignas.com.mx\/index.php\/wp-json\/wp\/v2\/posts\/115754\/revisions"}],"predecessor-version":[{"id":115755,"href":"https:\/\/fuentesfidedignas.com.mx\/index.php\/wp-json\/wp\/v2\/posts\/115754\/revisions\/115755"}],"wp:featuredmedia":[{"embeddable":true,"href":"https:\/\/fuentesfidedignas.com.mx\/index.php\/wp-json\/wp\/v2\/media\/102268"}],"wp:attachment":[{"href":"https:\/\/fuentesfidedignas.com.mx\/index.php\/wp-json\/wp\/v2\/media?parent=115754"}],"wp:term":[{"taxonomy":"category","embeddable":true,"href":"https:\/\/fuentesfidedignas.com.mx\/index.php\/wp-json\/wp\/v2\/categories?post=115754"},{"taxonomy":"post_tag","embeddable":true,"href":"https:\/\/fuentesfidedignas.com.mx\/index.php\/wp-json\/wp\/v2\/tags?post=115754"}],"curies":[{"name":"wp","href":"https:\/\/api.w.org\/{rel}","templated":true}]}}