{"id":115705,"date":"2025-08-23T13:13:00","date_gmt":"2025-08-23T20:13:00","guid":{"rendered":"https:\/\/fuentesfidedignas.com.mx\/?p=115705"},"modified":"2025-08-23T13:13:00","modified_gmt":"2025-08-23T20:13:00","slug":"onu-declara-oficialmente-la-situacion-de-hambruna-en-la-franja-de-gaza","status":"publish","type":"post","link":"https:\/\/fuentesfidedignas.com.mx\/index.php\/2025\/08\/23\/onu-declara-oficialmente-la-situacion-de-hambruna-en-la-franja-de-gaza\/","title":{"rendered":"ONU declara oficialmente la situaci\u00f3n de hambruna en la Franja de Gaza"},"content":{"rendered":"\n<p><\/p>\n\n\n\n<p><strong><em>La ONU refiere que m\u00e1s de medio mill\u00f3n de personas en la Franja de Gaza se enfrenta a condiciones catastr\u00f3ficas de hambre, indigencia y muerte<\/em><\/strong><\/p>\n\n\n\n<p>Un grupo independiente sobre seguridad alimentaria respaldado por la&nbsp;<strong>ONU<\/strong>&nbsp;confirm\u00f3 por primera vez de manera oficial que se est\u00e1 produciendo una&nbsp;<strong>hambruna<\/strong>&nbsp;en la&nbsp;<strong>Franja de Gaza<\/strong>.<\/p>\n\n\n\n<p>\u201cUn grupo independiente sobre seguridad alimentaria respaldado por la&nbsp;<strong>ONU<\/strong>&nbsp;confirm\u00f3 por primera vez de manera oficial que se est\u00e1 produciendo una&nbsp;<strong>hambruna<\/strong>&nbsp;en la&nbsp;<strong>Franja de Gaza<\/strong>.\u201d<\/p>\n\n\n\n<p>Lo peor se est\u00e1 viviendo en el norte de&nbsp;<strong>Gaza<\/strong>&nbsp;y particularmente en Ciudad de Gaza, donde hay un mill\u00f3n de personas y contra la cual Israel prepara una nueva&nbsp;<strong>ofensiva militar<\/strong>, pero los datos revelados indican que \u201centre mediados de agosto y finales de septiembre de 2025 se prev\u00e9 que las condiciones empeoren a\u00fan m\u00e1s, con una expansi\u00f3n de la hambruna\u201d hacia el centro y el sur del enclave.<\/p>\n\n\n\n<p>Por su parte, el secretario general adjunto de la ONU para asuntos humanitarios, Tom Fletcher, afirm\u00f3 que la&nbsp;<strong>hambruna<\/strong>&nbsp;en la Franja de Gaza ha sido promovida como&nbsp;<strong>arma de guerra<\/strong>&nbsp;en el contexto de la guerra entre Israel y el movimiento islamista Ham\u00e1s.<\/p>\n\n\n\n<blockquote class=\"wp-block-quote is-layout-flow wp-block-quote-is-layout-flow\">\n<p>\u201cEstamos ante una hambruna que nos perseguir\u00e1 a todos, porque es una hambruna predecible y evitable, una hambruna causada por la crueldad, justificada por la venganza, propiciada por la indiferencia y sostenida por la complicidad\u201d, dijo en Ginebra.<\/p>\n<\/blockquote>\n\n\n\n<p>Sostuvo que el hambre que se ha extendido por Gaza, pero que golpea con m\u00e1s fuerza el norte de este territorio, se est\u00e1 produciendo \u201ca pocos cientos de metros de los alimentos\u201d, que se encuentran de lado israel\u00ed de la frontera, pero que el gobierno de Israel no deja pasar.<\/p>\n","protected":false},"excerpt":{"rendered":"<p>La ONU refiere que m\u00e1s de medio mill\u00f3n de personas en la Franja de Gaza se enfrenta a condiciones catastr\u00f3ficas de hambre, indigencia y muerte Un grupo independiente sobre seguridad alimentaria respaldado por la&nbsp;ONU&nbsp;confirm\u00f3 por primera vez de manera oficial que se est\u00e1 produciendo una&nbsp;hambruna&nbsp;en la&nbsp;Franja de Gaza. \u201cUn grupo independiente sobre seguridad alimentaria respaldado [&hellip;]<\/p>\n","protected":false},"author":22,"featured_media":115704,"comment_status":"closed","ping_status":"open","sticky":false,"template":"","format":"standard","meta":{"tdm_status":"","tdm_grid_status":"","footnotes":""},"categories":[39],"tags":[],"class_list":{"0":"post-115705","1":"post","2":"type-post","3":"status-publish","4":"format-standard","5":"has-post-thumbnail","7":"category-noticias-nacionales"},"yoast_head":"<!-- This site is optimized with the Yoast SEO plugin v27.5 - https:\/\/yoast.com\/product\/yoast-seo-wordpress\/ -->\n<title>ONU declara oficialmente la situaci\u00f3n de hambruna en la Franja de Gaza - Fuentes Fidedignas<\/title>\n<meta name=\"robots\" content=\"index, follow, max-snippet:-1, max-image-preview:large, max-video-preview:-1\" \/>\n<link rel=\"canonical\" href=\"https:\/\/fuentesfidedignas.com.mx\/index.php\/2025\/08\/23\/onu-declara-oficialmente-la-situacion-de-hambruna-en-la-franja-de-gaza\/\" \/>\n<meta property=\"og:locale\" content=\"es_MX\" \/>\n<meta property=\"og:type\" content=\"article\" \/>\n<meta property=\"og:title\" content=\"ONU declara oficialmente la situaci\u00f3n de hambruna en la Franja de Gaza - Fuentes Fidedignas\" \/>\n<meta property=\"og:description\" content=\"La ONU refiere que m\u00e1s de medio mill\u00f3n de personas en la Franja de Gaza se enfrenta a condiciones catastr\u00f3ficas de hambre, indigencia y muerte Un grupo independiente sobre seguridad alimentaria respaldado por la&nbsp;ONU&nbsp;confirm\u00f3 por primera vez de manera oficial que se est\u00e1 produciendo una&nbsp;hambruna&nbsp;en la&nbsp;Franja de Gaza. \u201cUn grupo independiente sobre seguridad alimentaria respaldado [&hellip;]\" \/>\n<meta property=\"og:url\" content=\"https:\/\/fuentesfidedignas.com.mx\/index.php\/2025\/08\/23\/onu-declara-oficialmente-la-situacion-de-hambruna-en-la-franja-de-gaza\/\" \/>\n<meta property=\"og:site_name\" content=\"Fuentes Fidedignas\" \/>\n<meta property=\"article:publisher\" content=\"https:\/\/www.facebook.com\/Fuentes-Fidedignas-368234489921644\" \/>\n<meta property=\"article:published_time\" content=\"2025-08-23T20:13:00+00:00\" \/>\n<meta property=\"og:image\" content=\"https:\/\/fuentesfidedignas.com.mx\/wp-content\/uploads\/2025\/08\/img_6266.png\" \/>\n\t<meta property=\"og:image:width\" content=\"390\" \/>\n\t<meta property=\"og:image:height\" content=\"240\" \/>\n\t<meta property=\"og:image:type\" content=\"image\/png\" \/>\n<meta name=\"author\" content=\"EFE\" \/>\n<meta name=\"twitter:card\" content=\"summary_large_image\" \/>\n<meta name=\"twitter:creator\" content=\"@fidedignas\" \/>\n<meta name=\"twitter:site\" content=\"@fidedignas\" \/>\n<meta name=\"twitter:label1\" content=\"Escrito por\" \/>\n\t<meta name=\"twitter:data1\" content=\"EFE\" \/>\n\t<meta name=\"twitter:label2\" content=\"Tiempo de lectura\" \/>\n\t<meta name=\"twitter:data2\" content=\"2 minutos\" \/>\n<script type=\"application\/ld+json\" class=\"yoast-schema-graph\">{\"@context\":\"https:\\\/\\\/schema.org\",\"@graph\":[{\"@type\":\"Article\",\"@id\":\"https:\\\/\\\/fuentesfidedignas.com.mx\\\/index.php\\\/2025\\\/08\\\/23\\\/onu-declara-oficialmente-la-situacion-de-hambruna-en-la-franja-de-gaza\\\/#article\",\"isPartOf\":{\"@id\":\"https:\\\/\\\/fuentesfidedignas.com.mx\\\/index.php\\\/2025\\\/08\\\/23\\\/onu-declara-oficialmente-la-situacion-de-hambruna-en-la-franja-de-gaza\\\/\"},\"author\":{\"name\":\"EFE\",\"@id\":\"https:\\\/\\\/fuentesfidedignas.com.mx\\\/#\\\/schema\\\/person\\\/0d44615087b5a626d5d3f13afe31ac41\"},\"headline\":\"ONU declara oficialmente la situaci\u00f3n de hambruna en la Franja de Gaza\",\"datePublished\":\"2025-08-23T20:13:00+00:00\",\"mainEntityOfPage\":{\"@id\":\"https:\\\/\\\/fuentesfidedignas.com.mx\\\/index.php\\\/2025\\\/08\\\/23\\\/onu-declara-oficialmente-la-situacion-de-hambruna-en-la-franja-de-gaza\\\/\"},\"wordCount\":321,\"publisher\":{\"@id\":\"https:\\\/\\\/fuentesfidedignas.com.mx\\\/#organization\"},\"image\":{\"@id\":\"https:\\\/\\\/fuentesfidedignas.com.mx\\\/index.php\\\/2025\\\/08\\\/23\\\/onu-declara-oficialmente-la-situacion-de-hambruna-en-la-franja-de-gaza\\\/#primaryimage\"},\"thumbnailUrl\":\"https:\\\/\\\/fuentesfidedignas.com.mx\\\/wp-content\\\/uploads\\\/2025\\\/08\\\/img_6266.png\",\"articleSection\":[\"NOTICIAS NACIONALES\"],\"inLanguage\":\"es\"},{\"@type\":\"WebPage\",\"@id\":\"https:\\\/\\\/fuentesfidedignas.com.mx\\\/index.php\\\/2025\\\/08\\\/23\\\/onu-declara-oficialmente-la-situacion-de-hambruna-en-la-franja-de-gaza\\\/\",\"url\":\"https:\\\/\\\/fuentesfidedignas.com.mx\\\/index.php\\\/2025\\\/08\\\/23\\\/onu-declara-oficialmente-la-situacion-de-hambruna-en-la-franja-de-gaza\\\/\",\"name\":\"ONU declara oficialmente la situaci\u00f3n de hambruna en la Franja de Gaza - Fuentes Fidedignas\",\"isPartOf\":{\"@id\":\"https:\\\/\\\/fuentesfidedignas.com.mx\\\/#website\"},\"primaryImageOfPage\":{\"@id\":\"https:\\\/\\\/fuentesfidedignas.com.mx\\\/index.php\\\/2025\\\/08\\\/23\\\/onu-declara-oficialmente-la-situacion-de-hambruna-en-la-franja-de-gaza\\\/#primaryimage\"},\"image\":{\"@id\":\"https:\\\/\\\/fuentesfidedignas.com.mx\\\/index.php\\\/2025\\\/08\\\/23\\\/onu-declara-oficialmente-la-situacion-de-hambruna-en-la-franja-de-gaza\\\/#primaryimage\"},\"thumbnailUrl\":\"https:\\\/\\\/fuentesfidedignas.com.mx\\\/wp-content\\\/uploads\\\/2025\\\/08\\\/img_6266.png\",\"datePublished\":\"2025-08-23T20:13:00+00:00\",\"breadcrumb\":{\"@id\":\"https:\\\/\\\/fuentesfidedignas.com.mx\\\/index.php\\\/2025\\\/08\\\/23\\\/onu-declara-oficialmente-la-situacion-de-hambruna-en-la-franja-de-gaza\\\/#breadcrumb\"},\"inLanguage\":\"es\",\"potentialAction\":[{\"@type\":\"ReadAction\",\"target\":[\"https:\\\/\\\/fuentesfidedignas.com.mx\\\/index.php\\\/2025\\\/08\\\/23\\\/onu-declara-oficialmente-la-situacion-de-hambruna-en-la-franja-de-gaza\\\/\"]}]},{\"@type\":\"ImageObject\",\"inLanguage\":\"es\",\"@id\":\"https:\\\/\\\/fuentesfidedignas.com.mx\\\/index.php\\\/2025\\\/08\\\/23\\\/onu-declara-oficialmente-la-situacion-de-hambruna-en-la-franja-de-gaza\\\/#primaryimage\",\"url\":\"https:\\\/\\\/fuentesfidedignas.com.mx\\\/wp-content\\\/uploads\\\/2025\\\/08\\\/img_6266.png\",\"contentUrl\":\"https:\\\/\\\/fuentesfidedignas.com.mx\\\/wp-content\\\/uploads\\\/2025\\\/08\\\/img_6266.png\",\"width\":390,\"height\":240},{\"@type\":\"BreadcrumbList\",\"@id\":\"https:\\\/\\\/fuentesfidedignas.com.mx\\\/index.php\\\/2025\\\/08\\\/23\\\/onu-declara-oficialmente-la-situacion-de-hambruna-en-la-franja-de-gaza\\\/#breadcrumb\",\"itemListElement\":[{\"@type\":\"ListItem\",\"position\":1,\"name\":\"Inicio\",\"item\":\"https:\\\/\\\/fuentesfidedignas.com.mx\\\/\"},{\"@type\":\"ListItem\",\"position\":2,\"name\":\"ONU declara oficialmente la situaci\u00f3n de hambruna en la Franja de Gaza\"}]},{\"@type\":\"WebSite\",\"@id\":\"https:\\\/\\\/fuentesfidedignas.com.mx\\\/#website\",\"url\":\"https:\\\/\\\/fuentesfidedignas.com.mx\\\/\",\"name\":\"Fuentes Fidedignas\",\"description\":\"Otro sitio realizado con WordPress\",\"publisher\":{\"@id\":\"https:\\\/\\\/fuentesfidedignas.com.mx\\\/#organization\"},\"potentialAction\":[{\"@type\":\"SearchAction\",\"target\":{\"@type\":\"EntryPoint\",\"urlTemplate\":\"https:\\\/\\\/fuentesfidedignas.com.mx\\\/?s={search_term_string}\"},\"query-input\":{\"@type\":\"PropertyValueSpecification\",\"valueRequired\":true,\"valueName\":\"search_term_string\"}}],\"inLanguage\":\"es\"},{\"@type\":\"Organization\",\"@id\":\"https:\\\/\\\/fuentesfidedignas.com.mx\\\/#organization\",\"name\":\"Fuentes Fidedignas\",\"url\":\"https:\\\/\\\/fuentesfidedignas.com.mx\\\/\",\"logo\":{\"@type\":\"ImageObject\",\"inLanguage\":\"es\",\"@id\":\"https:\\\/\\\/fuentesfidedignas.com.mx\\\/#\\\/schema\\\/logo\\\/image\\\/\",\"url\":\"https:\\\/\\\/fuentesfidedignas.com.mx\\\/wp-content\\\/uploads\\\/2021\\\/04\\\/logo-retina.png\",\"contentUrl\":\"https:\\\/\\\/fuentesfidedignas.com.mx\\\/wp-content\\\/uploads\\\/2021\\\/04\\\/logo-retina.png\",\"width\":280,\"height\":51,\"caption\":\"Fuentes Fidedignas\"},\"image\":{\"@id\":\"https:\\\/\\\/fuentesfidedignas.com.mx\\\/#\\\/schema\\\/logo\\\/image\\\/\"},\"sameAs\":[\"https:\\\/\\\/www.facebook.com\\\/Fuentes-Fidedignas-368234489921644\",\"https:\\\/\\\/x.com\\\/fidedignas\"]},{\"@type\":\"Person\",\"@id\":\"https:\\\/\\\/fuentesfidedignas.com.mx\\\/#\\\/schema\\\/person\\\/0d44615087b5a626d5d3f13afe31ac41\",\"name\":\"EFE\",\"image\":{\"@type\":\"ImageObject\",\"inLanguage\":\"es\",\"@id\":\"https:\\\/\\\/secure.gravatar.com\\\/avatar\\\/7048c2d9b569d9bed55bb53ad23821e6e047aa66338fb6ea9868627bbb9f54e8?s=96&d=mm&r=g\",\"url\":\"https:\\\/\\\/secure.gravatar.com\\\/avatar\\\/7048c2d9b569d9bed55bb53ad23821e6e047aa66338fb6ea9868627bbb9f54e8?s=96&d=mm&r=g\",\"contentUrl\":\"https:\\\/\\\/secure.gravatar.com\\\/avatar\\\/7048c2d9b569d9bed55bb53ad23821e6e047aa66338fb6ea9868627bbb9f54e8?s=96&d=mm&r=g\",\"caption\":\"EFE\"},\"url\":\"https:\\\/\\\/fuentesfidedignas.com.mx\\\/index.php\\\/author\\\/efe\\\/\"}]}<\/script>\n<!-- \/ Yoast SEO plugin. -->","yoast_head_json":{"title":"ONU declara oficialmente la situaci\u00f3n de hambruna en la Franja de Gaza - Fuentes Fidedignas","robots":{"index":"index","follow":"follow","max-snippet":"max-snippet:-1","max-image-preview":"max-image-preview:large","max-video-preview":"max-video-preview:-1"},"canonical":"https:\/\/fuentesfidedignas.com.mx\/index.php\/2025\/08\/23\/onu-declara-oficialmente-la-situacion-de-hambruna-en-la-franja-de-gaza\/","og_locale":"es_MX","og_type":"article","og_title":"ONU declara oficialmente la situaci\u00f3n de hambruna en la Franja de Gaza - Fuentes Fidedignas","og_description":"La ONU refiere que m\u00e1s de medio mill\u00f3n de personas en la Franja de Gaza se enfrenta a condiciones catastr\u00f3ficas de hambre, indigencia y muerte Un grupo independiente sobre seguridad alimentaria respaldado por la&nbsp;ONU&nbsp;confirm\u00f3 por primera vez de manera oficial que se est\u00e1 produciendo una&nbsp;hambruna&nbsp;en la&nbsp;Franja de Gaza. \u201cUn grupo independiente sobre seguridad alimentaria respaldado [&hellip;]","og_url":"https:\/\/fuentesfidedignas.com.mx\/index.php\/2025\/08\/23\/onu-declara-oficialmente-la-situacion-de-hambruna-en-la-franja-de-gaza\/","og_site_name":"Fuentes Fidedignas","article_publisher":"https:\/\/www.facebook.com\/Fuentes-Fidedignas-368234489921644","article_published_time":"2025-08-23T20:13:00+00:00","og_image":[{"width":390,"height":240,"url":"https:\/\/fuentesfidedignas.com.mx\/wp-content\/uploads\/2025\/08\/img_6266.png","type":"image\/png"}],"author":"EFE","twitter_card":"summary_large_image","twitter_creator":"@fidedignas","twitter_site":"@fidedignas","twitter_misc":{"Escrito por":"EFE","Tiempo de lectura":"2 minutos"},"schema":{"@context":"https:\/\/schema.org","@graph":[{"@type":"Article","@id":"https:\/\/fuentesfidedignas.com.mx\/index.php\/2025\/08\/23\/onu-declara-oficialmente-la-situacion-de-hambruna-en-la-franja-de-gaza\/#article","isPartOf":{"@id":"https:\/\/fuentesfidedignas.com.mx\/index.php\/2025\/08\/23\/onu-declara-oficialmente-la-situacion-de-hambruna-en-la-franja-de-gaza\/"},"author":{"name":"EFE","@id":"https:\/\/fuentesfidedignas.com.mx\/#\/schema\/person\/0d44615087b5a626d5d3f13afe31ac41"},"headline":"ONU declara oficialmente la situaci\u00f3n de hambruna en la Franja de Gaza","datePublished":"2025-08-23T20:13:00+00:00","mainEntityOfPage":{"@id":"https:\/\/fuentesfidedignas.com.mx\/index.php\/2025\/08\/23\/onu-declara-oficialmente-la-situacion-de-hambruna-en-la-franja-de-gaza\/"},"wordCount":321,"publisher":{"@id":"https:\/\/fuentesfidedignas.com.mx\/#organization"},"image":{"@id":"https:\/\/fuentesfidedignas.com.mx\/index.php\/2025\/08\/23\/onu-declara-oficialmente-la-situacion-de-hambruna-en-la-franja-de-gaza\/#primaryimage"},"thumbnailUrl":"https:\/\/fuentesfidedignas.com.mx\/wp-content\/uploads\/2025\/08\/img_6266.png","articleSection":["NOTICIAS NACIONALES"],"inLanguage":"es"},{"@type":"WebPage","@id":"https:\/\/fuentesfidedignas.com.mx\/index.php\/2025\/08\/23\/onu-declara-oficialmente-la-situacion-de-hambruna-en-la-franja-de-gaza\/","url":"https:\/\/fuentesfidedignas.com.mx\/index.php\/2025\/08\/23\/onu-declara-oficialmente-la-situacion-de-hambruna-en-la-franja-de-gaza\/","name":"ONU declara oficialmente la situaci\u00f3n de hambruna en la Franja de Gaza - Fuentes Fidedignas","isPartOf":{"@id":"https:\/\/fuentesfidedignas.com.mx\/#website"},"primaryImageOfPage":{"@id":"https:\/\/fuentesfidedignas.com.mx\/index.php\/2025\/08\/23\/onu-declara-oficialmente-la-situacion-de-hambruna-en-la-franja-de-gaza\/#primaryimage"},"image":{"@id":"https:\/\/fuentesfidedignas.com.mx\/index.php\/2025\/08\/23\/onu-declara-oficialmente-la-situacion-de-hambruna-en-la-franja-de-gaza\/#primaryimage"},"thumbnailUrl":"https:\/\/fuentesfidedignas.com.mx\/wp-content\/uploads\/2025\/08\/img_6266.png","datePublished":"2025-08-23T20:13:00+00:00","breadcrumb":{"@id":"https:\/\/fuentesfidedignas.com.mx\/index.php\/2025\/08\/23\/onu-declara-oficialmente-la-situacion-de-hambruna-en-la-franja-de-gaza\/#breadcrumb"},"inLanguage":"es","potentialAction":[{"@type":"ReadAction","target":["https:\/\/fuentesfidedignas.com.mx\/index.php\/2025\/08\/23\/onu-declara-oficialmente-la-situacion-de-hambruna-en-la-franja-de-gaza\/"]}]},{"@type":"ImageObject","inLanguage":"es","@id":"https:\/\/fuentesfidedignas.com.mx\/index.php\/2025\/08\/23\/onu-declara-oficialmente-la-situacion-de-hambruna-en-la-franja-de-gaza\/#primaryimage","url":"https:\/\/fuentesfidedignas.com.mx\/wp-content\/uploads\/2025\/08\/img_6266.png","contentUrl":"https:\/\/fuentesfidedignas.com.mx\/wp-content\/uploads\/2025\/08\/img_6266.png","width":390,"height":240},{"@type":"BreadcrumbList","@id":"https:\/\/fuentesfidedignas.com.mx\/index.php\/2025\/08\/23\/onu-declara-oficialmente-la-situacion-de-hambruna-en-la-franja-de-gaza\/#breadcrumb","itemListElement":[{"@type":"ListItem","position":1,"name":"Inicio","item":"https:\/\/fuentesfidedignas.com.mx\/"},{"@type":"ListItem","position":2,"name":"ONU declara oficialmente la situaci\u00f3n de hambruna en la Franja de Gaza"}]},{"@type":"WebSite","@id":"https:\/\/fuentesfidedignas.com.mx\/#website","url":"https:\/\/fuentesfidedignas.com.mx\/","name":"Fuentes Fidedignas","description":"Otro sitio realizado con WordPress","publisher":{"@id":"https:\/\/fuentesfidedignas.com.mx\/#organization"},"potentialAction":[{"@type":"SearchAction","target":{"@type":"EntryPoint","urlTemplate":"https:\/\/fuentesfidedignas.com.mx\/?s={search_term_string}"},"query-input":{"@type":"PropertyValueSpecification","valueRequired":true,"valueName":"search_term_string"}}],"inLanguage":"es"},{"@type":"Organization","@id":"https:\/\/fuentesfidedignas.com.mx\/#organization","name":"Fuentes Fidedignas","url":"https:\/\/fuentesfidedignas.com.mx\/","logo":{"@type":"ImageObject","inLanguage":"es","@id":"https:\/\/fuentesfidedignas.com.mx\/#\/schema\/logo\/image\/","url":"https:\/\/fuentesfidedignas.com.mx\/wp-content\/uploads\/2021\/04\/logo-retina.png","contentUrl":"https:\/\/fuentesfidedignas.com.mx\/wp-content\/uploads\/2021\/04\/logo-retina.png","width":280,"height":51,"caption":"Fuentes Fidedignas"},"image":{"@id":"https:\/\/fuentesfidedignas.com.mx\/#\/schema\/logo\/image\/"},"sameAs":["https:\/\/www.facebook.com\/Fuentes-Fidedignas-368234489921644","https:\/\/x.com\/fidedignas"]},{"@type":"Person","@id":"https:\/\/fuentesfidedignas.com.mx\/#\/schema\/person\/0d44615087b5a626d5d3f13afe31ac41","name":"EFE","image":{"@type":"ImageObject","inLanguage":"es","@id":"https:\/\/secure.gravatar.com\/avatar\/7048c2d9b569d9bed55bb53ad23821e6e047aa66338fb6ea9868627bbb9f54e8?s=96&d=mm&r=g","url":"https:\/\/secure.gravatar.com\/avatar\/7048c2d9b569d9bed55bb53ad23821e6e047aa66338fb6ea9868627bbb9f54e8?s=96&d=mm&r=g","contentUrl":"https:\/\/secure.gravatar.com\/avatar\/7048c2d9b569d9bed55bb53ad23821e6e047aa66338fb6ea9868627bbb9f54e8?s=96&d=mm&r=g","caption":"EFE"},"url":"https:\/\/fuentesfidedignas.com.mx\/index.php\/author\/efe\/"}]}},"_links":{"self":[{"href":"https:\/\/fuentesfidedignas.com.mx\/index.php\/wp-json\/wp\/v2\/posts\/115705","targetHints":{"allow":["GET"]}}],"collection":[{"href":"https:\/\/fuentesfidedignas.com.mx\/index.php\/wp-json\/wp\/v2\/posts"}],"about":[{"href":"https:\/\/fuentesfidedignas.com.mx\/index.php\/wp-json\/wp\/v2\/types\/post"}],"author":[{"embeddable":true,"href":"https:\/\/fuentesfidedignas.com.mx\/index.php\/wp-json\/wp\/v2\/users\/22"}],"replies":[{"embeddable":true,"href":"https:\/\/fuentesfidedignas.com.mx\/index.php\/wp-json\/wp\/v2\/comments?post=115705"}],"version-history":[{"count":1,"href":"https:\/\/fuentesfidedignas.com.mx\/index.php\/wp-json\/wp\/v2\/posts\/115705\/revisions"}],"predecessor-version":[{"id":115706,"href":"https:\/\/fuentesfidedignas.com.mx\/index.php\/wp-json\/wp\/v2\/posts\/115705\/revisions\/115706"}],"wp:featuredmedia":[{"embeddable":true,"href":"https:\/\/fuentesfidedignas.com.mx\/index.php\/wp-json\/wp\/v2\/media\/115704"}],"wp:attachment":[{"href":"https:\/\/fuentesfidedignas.com.mx\/index.php\/wp-json\/wp\/v2\/media?parent=115705"}],"wp:term":[{"taxonomy":"category","embeddable":true,"href":"https:\/\/fuentesfidedignas.com.mx\/index.php\/wp-json\/wp\/v2\/categories?post=115705"},{"taxonomy":"post_tag","embeddable":true,"href":"https:\/\/fuentesfidedignas.com.mx\/index.php\/wp-json\/wp\/v2\/tags?post=115705"}],"curies":[{"name":"wp","href":"https:\/\/api.w.org\/{rel}","templated":true}]}}