{"id":115526,"date":"2025-08-21T06:25:34","date_gmt":"2025-08-21T13:25:34","guid":{"rendered":"https:\/\/fuentesfidedignas.com.mx\/?p=115526"},"modified":"2025-08-21T06:27:01","modified_gmt":"2025-08-21T13:27:01","slug":"filtran-fotos-de-13-implicados-en-asesinato-de-colaboradores-de-clara-brugada","status":"publish","type":"post","link":"https:\/\/fuentesfidedignas.com.mx\/index.php\/2025\/08\/21\/filtran-fotos-de-13-implicados-en-asesinato-de-colaboradores-de-clara-brugada\/","title":{"rendered":"Filtran fotos de 13 implicados en asesinato de colaboradores de Clara Brugada"},"content":{"rendered":"\n<p><\/p>\n\n\n\n<p><strong><em>Estas im\u00e1genes se dan a conocer tras la detenci\u00f3n de 13 personas implicadas en el caso en 11 cateos realizados en la Ciudad de M\u00e9xico y el Estado de M\u00e9xico<\/em><\/strong><\/p>\n\n\n\n<p>Este mi\u00e9rcoles el periodista Carlos Jim\u00e9nez dio a conocer fotograf\u00edas de los implicados en el asesinato de&nbsp;<strong>Ximena Guzm\u00e1n<\/strong>&nbsp;y&nbsp;<strong>Jos\u00e9 Mu\u00f1oz<\/strong>, colaboradores de la jefa de Gobierno de la Ciudad de M\u00e9xico,&nbsp;<strong>Clara Brugada<\/strong>.<\/p>\n\n\n\n<figure class=\"wp-block-embed is-type-rich is-provider-twitter wp-block-embed-twitter\"><div class=\"wp-block-embed__wrapper\">\n<blockquote class=\"twitter-tweet\" data-width=\"550\" data-dnt=\"true\"><p lang=\"es\" dir=\"ltr\">DE TLAXCALA y EDOMEX, 3 de los DETENIDOS por el ASESINATO de COLABORADORES de <a href=\"https:\/\/twitter.com\/ClaraBrugadaM?ref_src=twsrc%5Etfw\">@ClaraBrugadaM<\/a> <br>Son: Jes\u00fas Mart\u00ednez<br>Arlet Aco<br>Javier Ambriz<br>Agentes de <a href=\"https:\/\/twitter.com\/OHarfuch?ref_src=twsrc%5Etfw\">@OHarfuch<\/a> <a href=\"https:\/\/twitter.com\/BerthaAlcalde?ref_src=twsrc%5Etfw\">@BerthaAlcalde<\/a> <a href=\"https:\/\/twitter.com\/PabloVazC?ref_src=twsrc%5Etfw\">@PabloVazC<\/a> los sacaron de casas en Otumba.<br>Tb hallaron armas, balas, computadora\u2026<br><br>Detalles <a href=\"https:\/\/twitter.com\/hashtag\/C4ENALERTA?src=hash&amp;ref_src=twsrc%5Etfw\">#C4ENALERTA<\/a> <a href=\"https:\/\/t.co\/AqlTSimWRO\">pic.twitter.com\/AqlTSimWRO<\/a><\/p>&mdash; Carlos Jim\u00e9nez (@c4jimenez) <a href=\"https:\/\/twitter.com\/c4jimenez\/status\/1958311521613680991?ref_src=twsrc%5Etfw\">August 20, 2025<\/a><\/blockquote><script async src=\"https:\/\/platform.twitter.com\/widgets.js\" charset=\"utf-8\"><\/script>\n<\/div><\/figure>\n\n\n\n<p>Estas im\u00e1genes se dan a conocer tras la detenci\u00f3n de 13 personas implicadas en el caso en 11 cateos realizados en la Ciudad de M\u00e9xico y el Estado de M\u00e9xico.<\/p>\n\n\n\n<p>Adem\u00e1s, el periodista revel\u00f3 un video que muestra la vivienda en la que se encontraban dos de los hoy detenidos.<\/p>\n\n\n\n<figure class=\"wp-block-embed is-type-rich is-provider-twitter wp-block-embed-twitter\"><div class=\"wp-block-embed__wrapper\">\n<blockquote class=\"twitter-tweet\" data-width=\"550\" data-dnt=\"true\"><p lang=\"es\" dir=\"ltr\">EL REFUGIO de 2 de LOS DETENIDOS por el ASESINATO de COLABORADORES de <a href=\"https:\/\/twitter.com\/ClaraBrugadaM?ref_src=twsrc%5Etfw\">@ClaraBrugadaM<\/a><br>De este pulguero sacaron a una pareja q particip\u00f3 en el crimen.<br>Es una casa en <a href=\"https:\/\/twitter.com\/Edomex?ref_src=twsrc%5Etfw\">@edomex<\/a>.<br>Y estos son 5 de los detenidos por agentes de <a href=\"https:\/\/twitter.com\/OHarfuch?ref_src=twsrc%5Etfw\">@OHarfuch<\/a> <a href=\"https:\/\/twitter.com\/PabloVazC?ref_src=twsrc%5Etfw\">@PabloVazC<\/a> y <a href=\"https:\/\/twitter.com\/BerthaAlcalde?ref_src=twsrc%5Etfw\">@BerthaAlcalde<\/a> <br><br>Detalles <a href=\"https:\/\/twitter.com\/hashtag\/C4ENALERTA?src=hash&amp;ref_src=twsrc%5Etfw\">#C4ENALERTA<\/a> <a href=\"https:\/\/t.co\/uB3Egskc7n\">pic.twitter.com\/uB3Egskc7n<\/a><\/p>&mdash; Carlos Jim\u00e9nez (@c4jimenez) <a href=\"https:\/\/twitter.com\/c4jimenez\/status\/1958323902247276654?ref_src=twsrc%5Etfw\">August 21, 2025<\/a><\/blockquote><script async src=\"https:\/\/platform.twitter.com\/widgets.js\" charset=\"utf-8\"><\/script>\n<\/div><\/figure>\n\n\n\n<h2 class=\"wp-block-heading\">Se realizaron 11 cateos para detener a implicados<\/h2>\n\n\n\n<p>Las investigaciones llevaron a la identificaci\u00f3n de varios de los responsables del ataque y las rutas que emplearon para escapar.<\/p>\n\n\n\n<p>Se identific\u00f3 que tras la agresi\u00f3n, los responsables se concentraron en la colonia Barrio de Asunci\u00f3n, en Iztacalco, donde abordaron una camioneta gris y huyeron hacia Ecatepec, Estado de M\u00e9xico.<\/p>\n\n\n\n<p>Las investigaciones derivaron en 11 cateos: Seis se hicieron en las alcald\u00edas&nbsp;<strong>Gustavo A. Madero<\/strong>&nbsp;y&nbsp;<strong>Xochimilco<\/strong>&nbsp;de la&nbsp;<strong>CDMX<\/strong>; cinco m\u00e1s en los municipios de&nbsp;<strong>Otumba<\/strong>&nbsp;y&nbsp;<strong>Coacalco<\/strong>, en el Estado de M\u00e9xico.<\/p>\n\n\n\n<h2 class=\"wp-block-heading\">Los avances en la investigaci\u00f3n sobre el asesinato de los colaboradores de Clara Brugada<\/h2>\n\n\n\n<p>Estos son los principales puntos de la investigaci\u00f3n del caso:<\/p>\n\n\n\n<ul class=\"wp-block-list\">\n<li>El sujeto que dispar\u00f3 contra los funcionarios sigue pr\u00f3fugo.<\/li>\n\n\n\n<li>La agresi\u00f3n fue producto de una planeaci\u00f3n.<\/li>\n\n\n\n<li>Se utilizaron al menos cinco veh\u00edculos en el ataque.<\/li>\n\n\n\n<li>Al menos seis personas participaron en la ejecuci\u00f3n material del doble homicidio.<\/li>\n<\/ul>\n\n\n\n<h2 class=\"wp-block-heading\">\u00bfC\u00f3mo ocurri\u00f3 el ataque contra Ximena y Jos\u00e9?<\/h2>\n\n\n\n<p>Ximena Guzm\u00e1n, de 42 a\u00f1os de edad, y Jos\u00e9 Mu\u00f1oz, de 52, funcionarios cercanos a la Jefa de Gobierno de Ciudad de M\u00e9xico, Clara Brugada, fueron asesinados la ma\u00f1ana del 20 de mayo de 2024 en un ataque a balazos ocurrido en&nbsp;<strong>Calzada Tlalpan<\/strong>, una de las m\u00e1s transitadas de la ciudad del pa\u00eds.<\/p>\n\n\n\n<p class=\"paragraph\">La agresi\u00f3n a ambos funcionarios fue perpetrada por un sujeto que huy\u00f3 corriendo y luego abord\u00f3 una motocicleta, para despu\u00e9s cambiarse de veh\u00edculo y en un auto se dio a la fuga rumbo al Estado de M\u00e9xico.<\/p>\n\n\n\n<p class=\"paragraph\">Seg\u00fan las autoridades, en el ataque habr\u00edan participado al menos cuatro personas y, de acuerdo con las primeras indagatorias, tuvo \u201cun importante grado de planeaci\u00f3n\u201d.<\/p>\n","protected":false},"excerpt":{"rendered":"<p>Estas im\u00e1genes se dan a conocer tras la detenci\u00f3n de 13 personas implicadas en el caso en 11 cateos realizados en la Ciudad de M\u00e9xico y el Estado de M\u00e9xico Este mi\u00e9rcoles el periodista Carlos Jim\u00e9nez dio a conocer fotograf\u00edas de los implicados en el asesinato de&nbsp;Ximena Guzm\u00e1n&nbsp;y&nbsp;Jos\u00e9 Mu\u00f1oz, colaboradores de la jefa de Gobierno [&hellip;]<\/p>\n","protected":false},"author":47,"featured_media":115525,"comment_status":"closed","ping_status":"open","sticky":false,"template":"","format":"standard","meta":{"tdm_status":"","tdm_grid_status":"","footnotes":""},"categories":[39],"tags":[],"class_list":{"0":"post-115526","1":"post","2":"type-post","3":"status-publish","4":"format-standard","5":"has-post-thumbnail","7":"category-noticias-nacionales"},"yoast_head":"<!-- This site is optimized with the Yoast SEO plugin v27.4 - https:\/\/yoast.com\/product\/yoast-seo-wordpress\/ -->\n<title>Filtran fotos de 13 implicados en asesinato de colaboradores de Clara Brugada - Fuentes Fidedignas<\/title>\n<meta name=\"robots\" content=\"index, follow, max-snippet:-1, max-image-preview:large, max-video-preview:-1\" \/>\n<link rel=\"canonical\" href=\"https:\/\/fuentesfidedignas.com.mx\/index.php\/2025\/08\/21\/filtran-fotos-de-13-implicados-en-asesinato-de-colaboradores-de-clara-brugada\/\" \/>\n<meta property=\"og:locale\" content=\"es_MX\" \/>\n<meta property=\"og:type\" content=\"article\" \/>\n<meta property=\"og:title\" content=\"Filtran fotos de 13 implicados en asesinato de colaboradores de Clara Brugada - Fuentes Fidedignas\" \/>\n<meta property=\"og:description\" content=\"Estas im\u00e1genes se dan a conocer tras la detenci\u00f3n de 13 personas implicadas en el caso en 11 cateos realizados en la Ciudad de M\u00e9xico y el Estado de M\u00e9xico Este mi\u00e9rcoles el periodista Carlos Jim\u00e9nez dio a conocer fotograf\u00edas de los implicados en el asesinato de&nbsp;Ximena Guzm\u00e1n&nbsp;y&nbsp;Jos\u00e9 Mu\u00f1oz, colaboradores de la jefa de Gobierno [&hellip;]\" \/>\n<meta property=\"og:url\" content=\"https:\/\/fuentesfidedignas.com.mx\/index.php\/2025\/08\/21\/filtran-fotos-de-13-implicados-en-asesinato-de-colaboradores-de-clara-brugada\/\" \/>\n<meta property=\"og:site_name\" content=\"Fuentes Fidedignas\" \/>\n<meta property=\"article:publisher\" content=\"https:\/\/www.facebook.com\/Fuentes-Fidedignas-368234489921644\" \/>\n<meta property=\"article:published_time\" content=\"2025-08-21T13:25:34+00:00\" \/>\n<meta property=\"article:modified_time\" content=\"2025-08-21T13:27:01+00:00\" \/>\n<meta property=\"og:image\" content=\"https:\/\/fuentesfidedignas.com.mx\/wp-content\/uploads\/2025\/08\/img_5943.png\" \/>\n\t<meta property=\"og:image:width\" content=\"390\" \/>\n\t<meta property=\"og:image:height\" content=\"240\" \/>\n\t<meta property=\"og:image:type\" content=\"image\/png\" \/>\n<meta name=\"author\" content=\"L\u00f3pez D\u00f3riga\" \/>\n<meta name=\"twitter:card\" content=\"summary_large_image\" \/>\n<meta name=\"twitter:creator\" content=\"@fidedignas\" \/>\n<meta name=\"twitter:site\" content=\"@fidedignas\" \/>\n<meta name=\"twitter:label1\" content=\"Escrito por\" \/>\n\t<meta name=\"twitter:data1\" content=\"L\u00f3pez D\u00f3riga\" \/>\n\t<meta name=\"twitter:label2\" content=\"Tiempo de lectura\" \/>\n\t<meta name=\"twitter:data2\" content=\"3 minutos\" \/>\n<script type=\"application\/ld+json\" class=\"yoast-schema-graph\">{\"@context\":\"https:\\\/\\\/schema.org\",\"@graph\":[{\"@type\":\"Article\",\"@id\":\"https:\\\/\\\/fuentesfidedignas.com.mx\\\/index.php\\\/2025\\\/08\\\/21\\\/filtran-fotos-de-13-implicados-en-asesinato-de-colaboradores-de-clara-brugada\\\/#article\",\"isPartOf\":{\"@id\":\"https:\\\/\\\/fuentesfidedignas.com.mx\\\/index.php\\\/2025\\\/08\\\/21\\\/filtran-fotos-de-13-implicados-en-asesinato-de-colaboradores-de-clara-brugada\\\/\"},\"author\":{\"name\":\"L\u00f3pez D\u00f3riga\",\"@id\":\"https:\\\/\\\/fuentesfidedignas.com.mx\\\/#\\\/schema\\\/person\\\/67d852f0557c8509146a4b9ddebd543a\"},\"headline\":\"Filtran fotos de 13 implicados en asesinato de colaboradores de Clara Brugada\",\"datePublished\":\"2025-08-21T13:25:34+00:00\",\"dateModified\":\"2025-08-21T13:27:01+00:00\",\"mainEntityOfPage\":{\"@id\":\"https:\\\/\\\/fuentesfidedignas.com.mx\\\/index.php\\\/2025\\\/08\\\/21\\\/filtran-fotos-de-13-implicados-en-asesinato-de-colaboradores-de-clara-brugada\\\/\"},\"wordCount\":520,\"publisher\":{\"@id\":\"https:\\\/\\\/fuentesfidedignas.com.mx\\\/#organization\"},\"image\":{\"@id\":\"https:\\\/\\\/fuentesfidedignas.com.mx\\\/index.php\\\/2025\\\/08\\\/21\\\/filtran-fotos-de-13-implicados-en-asesinato-de-colaboradores-de-clara-brugada\\\/#primaryimage\"},\"thumbnailUrl\":\"https:\\\/\\\/fuentesfidedignas.com.mx\\\/wp-content\\\/uploads\\\/2025\\\/08\\\/img_5943.png\",\"articleSection\":[\"NOTICIAS NACIONALES\"],\"inLanguage\":\"es\"},{\"@type\":\"WebPage\",\"@id\":\"https:\\\/\\\/fuentesfidedignas.com.mx\\\/index.php\\\/2025\\\/08\\\/21\\\/filtran-fotos-de-13-implicados-en-asesinato-de-colaboradores-de-clara-brugada\\\/\",\"url\":\"https:\\\/\\\/fuentesfidedignas.com.mx\\\/index.php\\\/2025\\\/08\\\/21\\\/filtran-fotos-de-13-implicados-en-asesinato-de-colaboradores-de-clara-brugada\\\/\",\"name\":\"Filtran fotos de 13 implicados en asesinato de colaboradores de Clara Brugada - Fuentes Fidedignas\",\"isPartOf\":{\"@id\":\"https:\\\/\\\/fuentesfidedignas.com.mx\\\/#website\"},\"primaryImageOfPage\":{\"@id\":\"https:\\\/\\\/fuentesfidedignas.com.mx\\\/index.php\\\/2025\\\/08\\\/21\\\/filtran-fotos-de-13-implicados-en-asesinato-de-colaboradores-de-clara-brugada\\\/#primaryimage\"},\"image\":{\"@id\":\"https:\\\/\\\/fuentesfidedignas.com.mx\\\/index.php\\\/2025\\\/08\\\/21\\\/filtran-fotos-de-13-implicados-en-asesinato-de-colaboradores-de-clara-brugada\\\/#primaryimage\"},\"thumbnailUrl\":\"https:\\\/\\\/fuentesfidedignas.com.mx\\\/wp-content\\\/uploads\\\/2025\\\/08\\\/img_5943.png\",\"datePublished\":\"2025-08-21T13:25:34+00:00\",\"dateModified\":\"2025-08-21T13:27:01+00:00\",\"breadcrumb\":{\"@id\":\"https:\\\/\\\/fuentesfidedignas.com.mx\\\/index.php\\\/2025\\\/08\\\/21\\\/filtran-fotos-de-13-implicados-en-asesinato-de-colaboradores-de-clara-brugada\\\/#breadcrumb\"},\"inLanguage\":\"es\",\"potentialAction\":[{\"@type\":\"ReadAction\",\"target\":[\"https:\\\/\\\/fuentesfidedignas.com.mx\\\/index.php\\\/2025\\\/08\\\/21\\\/filtran-fotos-de-13-implicados-en-asesinato-de-colaboradores-de-clara-brugada\\\/\"]}]},{\"@type\":\"ImageObject\",\"inLanguage\":\"es\",\"@id\":\"https:\\\/\\\/fuentesfidedignas.com.mx\\\/index.php\\\/2025\\\/08\\\/21\\\/filtran-fotos-de-13-implicados-en-asesinato-de-colaboradores-de-clara-brugada\\\/#primaryimage\",\"url\":\"https:\\\/\\\/fuentesfidedignas.com.mx\\\/wp-content\\\/uploads\\\/2025\\\/08\\\/img_5943.png\",\"contentUrl\":\"https:\\\/\\\/fuentesfidedignas.com.mx\\\/wp-content\\\/uploads\\\/2025\\\/08\\\/img_5943.png\",\"width\":390,\"height\":240},{\"@type\":\"BreadcrumbList\",\"@id\":\"https:\\\/\\\/fuentesfidedignas.com.mx\\\/index.php\\\/2025\\\/08\\\/21\\\/filtran-fotos-de-13-implicados-en-asesinato-de-colaboradores-de-clara-brugada\\\/#breadcrumb\",\"itemListElement\":[{\"@type\":\"ListItem\",\"position\":1,\"name\":\"Inicio\",\"item\":\"https:\\\/\\\/fuentesfidedignas.com.mx\\\/\"},{\"@type\":\"ListItem\",\"position\":2,\"name\":\"Filtran fotos de 13 implicados en asesinato de colaboradores de Clara Brugada\"}]},{\"@type\":\"WebSite\",\"@id\":\"https:\\\/\\\/fuentesfidedignas.com.mx\\\/#website\",\"url\":\"https:\\\/\\\/fuentesfidedignas.com.mx\\\/\",\"name\":\"Fuentes Fidedignas\",\"description\":\"Otro sitio realizado con WordPress\",\"publisher\":{\"@id\":\"https:\\\/\\\/fuentesfidedignas.com.mx\\\/#organization\"},\"potentialAction\":[{\"@type\":\"SearchAction\",\"target\":{\"@type\":\"EntryPoint\",\"urlTemplate\":\"https:\\\/\\\/fuentesfidedignas.com.mx\\\/?s={search_term_string}\"},\"query-input\":{\"@type\":\"PropertyValueSpecification\",\"valueRequired\":true,\"valueName\":\"search_term_string\"}}],\"inLanguage\":\"es\"},{\"@type\":\"Organization\",\"@id\":\"https:\\\/\\\/fuentesfidedignas.com.mx\\\/#organization\",\"name\":\"Fuentes Fidedignas\",\"url\":\"https:\\\/\\\/fuentesfidedignas.com.mx\\\/\",\"logo\":{\"@type\":\"ImageObject\",\"inLanguage\":\"es\",\"@id\":\"https:\\\/\\\/fuentesfidedignas.com.mx\\\/#\\\/schema\\\/logo\\\/image\\\/\",\"url\":\"https:\\\/\\\/fuentesfidedignas.com.mx\\\/wp-content\\\/uploads\\\/2021\\\/04\\\/logo-retina.png\",\"contentUrl\":\"https:\\\/\\\/fuentesfidedignas.com.mx\\\/wp-content\\\/uploads\\\/2021\\\/04\\\/logo-retina.png\",\"width\":280,\"height\":51,\"caption\":\"Fuentes Fidedignas\"},\"image\":{\"@id\":\"https:\\\/\\\/fuentesfidedignas.com.mx\\\/#\\\/schema\\\/logo\\\/image\\\/\"},\"sameAs\":[\"https:\\\/\\\/www.facebook.com\\\/Fuentes-Fidedignas-368234489921644\",\"https:\\\/\\\/x.com\\\/fidedignas\"]},{\"@type\":\"Person\",\"@id\":\"https:\\\/\\\/fuentesfidedignas.com.mx\\\/#\\\/schema\\\/person\\\/67d852f0557c8509146a4b9ddebd543a\",\"name\":\"L\u00f3pez D\u00f3riga\",\"image\":{\"@type\":\"ImageObject\",\"inLanguage\":\"es\",\"@id\":\"https:\\\/\\\/secure.gravatar.com\\\/avatar\\\/e525b06574ca18b33cded59dfe5778d6c823b9513154eff47da551b0551bdd1e?s=96&d=mm&r=g\",\"url\":\"https:\\\/\\\/secure.gravatar.com\\\/avatar\\\/e525b06574ca18b33cded59dfe5778d6c823b9513154eff47da551b0551bdd1e?s=96&d=mm&r=g\",\"contentUrl\":\"https:\\\/\\\/secure.gravatar.com\\\/avatar\\\/e525b06574ca18b33cded59dfe5778d6c823b9513154eff47da551b0551bdd1e?s=96&d=mm&r=g\",\"caption\":\"L\u00f3pez D\u00f3riga\"},\"url\":\"https:\\\/\\\/fuentesfidedignas.com.mx\\\/index.php\\\/author\\\/doriga\\\/\"}]}<\/script>\n<!-- \/ Yoast SEO plugin. -->","yoast_head_json":{"title":"Filtran fotos de 13 implicados en asesinato de colaboradores de Clara Brugada - Fuentes Fidedignas","robots":{"index":"index","follow":"follow","max-snippet":"max-snippet:-1","max-image-preview":"max-image-preview:large","max-video-preview":"max-video-preview:-1"},"canonical":"https:\/\/fuentesfidedignas.com.mx\/index.php\/2025\/08\/21\/filtran-fotos-de-13-implicados-en-asesinato-de-colaboradores-de-clara-brugada\/","og_locale":"es_MX","og_type":"article","og_title":"Filtran fotos de 13 implicados en asesinato de colaboradores de Clara Brugada - Fuentes Fidedignas","og_description":"Estas im\u00e1genes se dan a conocer tras la detenci\u00f3n de 13 personas implicadas en el caso en 11 cateos realizados en la Ciudad de M\u00e9xico y el Estado de M\u00e9xico Este mi\u00e9rcoles el periodista Carlos Jim\u00e9nez dio a conocer fotograf\u00edas de los implicados en el asesinato de&nbsp;Ximena Guzm\u00e1n&nbsp;y&nbsp;Jos\u00e9 Mu\u00f1oz, colaboradores de la jefa de Gobierno [&hellip;]","og_url":"https:\/\/fuentesfidedignas.com.mx\/index.php\/2025\/08\/21\/filtran-fotos-de-13-implicados-en-asesinato-de-colaboradores-de-clara-brugada\/","og_site_name":"Fuentes Fidedignas","article_publisher":"https:\/\/www.facebook.com\/Fuentes-Fidedignas-368234489921644","article_published_time":"2025-08-21T13:25:34+00:00","article_modified_time":"2025-08-21T13:27:01+00:00","og_image":[{"width":390,"height":240,"url":"https:\/\/fuentesfidedignas.com.mx\/wp-content\/uploads\/2025\/08\/img_5943.png","type":"image\/png"}],"author":"L\u00f3pez D\u00f3riga","twitter_card":"summary_large_image","twitter_creator":"@fidedignas","twitter_site":"@fidedignas","twitter_misc":{"Escrito por":"L\u00f3pez D\u00f3riga","Tiempo de lectura":"3 minutos"},"schema":{"@context":"https:\/\/schema.org","@graph":[{"@type":"Article","@id":"https:\/\/fuentesfidedignas.com.mx\/index.php\/2025\/08\/21\/filtran-fotos-de-13-implicados-en-asesinato-de-colaboradores-de-clara-brugada\/#article","isPartOf":{"@id":"https:\/\/fuentesfidedignas.com.mx\/index.php\/2025\/08\/21\/filtran-fotos-de-13-implicados-en-asesinato-de-colaboradores-de-clara-brugada\/"},"author":{"name":"L\u00f3pez D\u00f3riga","@id":"https:\/\/fuentesfidedignas.com.mx\/#\/schema\/person\/67d852f0557c8509146a4b9ddebd543a"},"headline":"Filtran fotos de 13 implicados en asesinato de colaboradores de Clara Brugada","datePublished":"2025-08-21T13:25:34+00:00","dateModified":"2025-08-21T13:27:01+00:00","mainEntityOfPage":{"@id":"https:\/\/fuentesfidedignas.com.mx\/index.php\/2025\/08\/21\/filtran-fotos-de-13-implicados-en-asesinato-de-colaboradores-de-clara-brugada\/"},"wordCount":520,"publisher":{"@id":"https:\/\/fuentesfidedignas.com.mx\/#organization"},"image":{"@id":"https:\/\/fuentesfidedignas.com.mx\/index.php\/2025\/08\/21\/filtran-fotos-de-13-implicados-en-asesinato-de-colaboradores-de-clara-brugada\/#primaryimage"},"thumbnailUrl":"https:\/\/fuentesfidedignas.com.mx\/wp-content\/uploads\/2025\/08\/img_5943.png","articleSection":["NOTICIAS NACIONALES"],"inLanguage":"es"},{"@type":"WebPage","@id":"https:\/\/fuentesfidedignas.com.mx\/index.php\/2025\/08\/21\/filtran-fotos-de-13-implicados-en-asesinato-de-colaboradores-de-clara-brugada\/","url":"https:\/\/fuentesfidedignas.com.mx\/index.php\/2025\/08\/21\/filtran-fotos-de-13-implicados-en-asesinato-de-colaboradores-de-clara-brugada\/","name":"Filtran fotos de 13 implicados en asesinato de colaboradores de Clara Brugada - Fuentes Fidedignas","isPartOf":{"@id":"https:\/\/fuentesfidedignas.com.mx\/#website"},"primaryImageOfPage":{"@id":"https:\/\/fuentesfidedignas.com.mx\/index.php\/2025\/08\/21\/filtran-fotos-de-13-implicados-en-asesinato-de-colaboradores-de-clara-brugada\/#primaryimage"},"image":{"@id":"https:\/\/fuentesfidedignas.com.mx\/index.php\/2025\/08\/21\/filtran-fotos-de-13-implicados-en-asesinato-de-colaboradores-de-clara-brugada\/#primaryimage"},"thumbnailUrl":"https:\/\/fuentesfidedignas.com.mx\/wp-content\/uploads\/2025\/08\/img_5943.png","datePublished":"2025-08-21T13:25:34+00:00","dateModified":"2025-08-21T13:27:01+00:00","breadcrumb":{"@id":"https:\/\/fuentesfidedignas.com.mx\/index.php\/2025\/08\/21\/filtran-fotos-de-13-implicados-en-asesinato-de-colaboradores-de-clara-brugada\/#breadcrumb"},"inLanguage":"es","potentialAction":[{"@type":"ReadAction","target":["https:\/\/fuentesfidedignas.com.mx\/index.php\/2025\/08\/21\/filtran-fotos-de-13-implicados-en-asesinato-de-colaboradores-de-clara-brugada\/"]}]},{"@type":"ImageObject","inLanguage":"es","@id":"https:\/\/fuentesfidedignas.com.mx\/index.php\/2025\/08\/21\/filtran-fotos-de-13-implicados-en-asesinato-de-colaboradores-de-clara-brugada\/#primaryimage","url":"https:\/\/fuentesfidedignas.com.mx\/wp-content\/uploads\/2025\/08\/img_5943.png","contentUrl":"https:\/\/fuentesfidedignas.com.mx\/wp-content\/uploads\/2025\/08\/img_5943.png","width":390,"height":240},{"@type":"BreadcrumbList","@id":"https:\/\/fuentesfidedignas.com.mx\/index.php\/2025\/08\/21\/filtran-fotos-de-13-implicados-en-asesinato-de-colaboradores-de-clara-brugada\/#breadcrumb","itemListElement":[{"@type":"ListItem","position":1,"name":"Inicio","item":"https:\/\/fuentesfidedignas.com.mx\/"},{"@type":"ListItem","position":2,"name":"Filtran fotos de 13 implicados en asesinato de colaboradores de Clara Brugada"}]},{"@type":"WebSite","@id":"https:\/\/fuentesfidedignas.com.mx\/#website","url":"https:\/\/fuentesfidedignas.com.mx\/","name":"Fuentes Fidedignas","description":"Otro sitio realizado con WordPress","publisher":{"@id":"https:\/\/fuentesfidedignas.com.mx\/#organization"},"potentialAction":[{"@type":"SearchAction","target":{"@type":"EntryPoint","urlTemplate":"https:\/\/fuentesfidedignas.com.mx\/?s={search_term_string}"},"query-input":{"@type":"PropertyValueSpecification","valueRequired":true,"valueName":"search_term_string"}}],"inLanguage":"es"},{"@type":"Organization","@id":"https:\/\/fuentesfidedignas.com.mx\/#organization","name":"Fuentes Fidedignas","url":"https:\/\/fuentesfidedignas.com.mx\/","logo":{"@type":"ImageObject","inLanguage":"es","@id":"https:\/\/fuentesfidedignas.com.mx\/#\/schema\/logo\/image\/","url":"https:\/\/fuentesfidedignas.com.mx\/wp-content\/uploads\/2021\/04\/logo-retina.png","contentUrl":"https:\/\/fuentesfidedignas.com.mx\/wp-content\/uploads\/2021\/04\/logo-retina.png","width":280,"height":51,"caption":"Fuentes Fidedignas"},"image":{"@id":"https:\/\/fuentesfidedignas.com.mx\/#\/schema\/logo\/image\/"},"sameAs":["https:\/\/www.facebook.com\/Fuentes-Fidedignas-368234489921644","https:\/\/x.com\/fidedignas"]},{"@type":"Person","@id":"https:\/\/fuentesfidedignas.com.mx\/#\/schema\/person\/67d852f0557c8509146a4b9ddebd543a","name":"L\u00f3pez D\u00f3riga","image":{"@type":"ImageObject","inLanguage":"es","@id":"https:\/\/secure.gravatar.com\/avatar\/e525b06574ca18b33cded59dfe5778d6c823b9513154eff47da551b0551bdd1e?s=96&d=mm&r=g","url":"https:\/\/secure.gravatar.com\/avatar\/e525b06574ca18b33cded59dfe5778d6c823b9513154eff47da551b0551bdd1e?s=96&d=mm&r=g","contentUrl":"https:\/\/secure.gravatar.com\/avatar\/e525b06574ca18b33cded59dfe5778d6c823b9513154eff47da551b0551bdd1e?s=96&d=mm&r=g","caption":"L\u00f3pez D\u00f3riga"},"url":"https:\/\/fuentesfidedignas.com.mx\/index.php\/author\/doriga\/"}]}},"_links":{"self":[{"href":"https:\/\/fuentesfidedignas.com.mx\/index.php\/wp-json\/wp\/v2\/posts\/115526","targetHints":{"allow":["GET"]}}],"collection":[{"href":"https:\/\/fuentesfidedignas.com.mx\/index.php\/wp-json\/wp\/v2\/posts"}],"about":[{"href":"https:\/\/fuentesfidedignas.com.mx\/index.php\/wp-json\/wp\/v2\/types\/post"}],"author":[{"embeddable":true,"href":"https:\/\/fuentesfidedignas.com.mx\/index.php\/wp-json\/wp\/v2\/users\/47"}],"replies":[{"embeddable":true,"href":"https:\/\/fuentesfidedignas.com.mx\/index.php\/wp-json\/wp\/v2\/comments?post=115526"}],"version-history":[{"count":2,"href":"https:\/\/fuentesfidedignas.com.mx\/index.php\/wp-json\/wp\/v2\/posts\/115526\/revisions"}],"predecessor-version":[{"id":115528,"href":"https:\/\/fuentesfidedignas.com.mx\/index.php\/wp-json\/wp\/v2\/posts\/115526\/revisions\/115528"}],"wp:featuredmedia":[{"embeddable":true,"href":"https:\/\/fuentesfidedignas.com.mx\/index.php\/wp-json\/wp\/v2\/media\/115525"}],"wp:attachment":[{"href":"https:\/\/fuentesfidedignas.com.mx\/index.php\/wp-json\/wp\/v2\/media?parent=115526"}],"wp:term":[{"taxonomy":"category","embeddable":true,"href":"https:\/\/fuentesfidedignas.com.mx\/index.php\/wp-json\/wp\/v2\/categories?post=115526"},{"taxonomy":"post_tag","embeddable":true,"href":"https:\/\/fuentesfidedignas.com.mx\/index.php\/wp-json\/wp\/v2\/tags?post=115526"}],"curies":[{"name":"wp","href":"https:\/\/api.w.org\/{rel}","templated":true}]}}