{"id":115513,"date":"2025-08-21T04:59:00","date_gmt":"2025-08-21T11:59:00","guid":{"rendered":"https:\/\/fuentesfidedignas.com.mx\/?p=115513"},"modified":"2025-08-20T21:59:51","modified_gmt":"2025-08-21T04:59:51","slug":"una-gemela-es-mama-y-la-otra-no-famosas-siamesas-que-comparten-cuerpo-fueron-vistas-con-un-bebe","status":"publish","type":"post","link":"https:\/\/fuentesfidedignas.com.mx\/index.php\/2025\/08\/21\/una-gemela-es-mama-y-la-otra-no-famosas-siamesas-que-comparten-cuerpo-fueron-vistas-con-un-bebe\/","title":{"rendered":"\u00bfUna gemela es mam\u00e1 y la otra no? Famosas siamesas que comparten cuerpo fueron vistas con un beb\u00e9"},"content":{"rendered":"\n<p><\/p>\n\n\n\n<p><strong><em>Las gemelas siamesas Abby y Brittany Hensel fueron vistas con un beb\u00e9. Abby est\u00e1 casada y Brittany no, adem\u00e1s de que comparten varios \u00f3rganos, entre estos, el \u00fatero<\/em><\/strong><\/p>\n\n\n\n<p><strong>Abby y Brittany Hensel, las gemelas siamesas<\/strong>m\u00e1s famosas del mundo, vuelven a llamar la atenci\u00f3n, aunque esta vez no por su condici\u00f3n f\u00edsica, ni por sus logros acad\u00e9micos o televisivos, sino porque fueron vistas recientemente&nbsp;<strong>con un beb\u00e9 en brazos<\/strong>, lo m\u00e1s inquietante del asunto es que este peque\u00f1o podr\u00eda ser hijo de Abby, quien contrajo matrimonio en meses pasados, pero que comparte \u00f3rganos con su hermana Brittany en todo esto.<\/p>\n\n\n\n<p>Las gemelas, de 35 a\u00f1os, fueron fotografiadas mientras colocaban a un beb\u00e9 en un portabeb\u00e9s dentro de un Tesla negro. La imagen fue suficiente para que las redes explotaran en teor\u00edas, dudas y muchos, muchos comentarios en donde decenas de internautas ya se preguntan si se convirtieron en madres recientemente.<\/p>\n\n\n\n<p>Y es que hay mucho por descifrar en este caso, pues Abby est\u00e1&nbsp;<strong>casada legalmente desde 2021<\/strong>con Joshua Bowling, un veterano del ej\u00e9rcito estadounidense, mientras que Brittany sigue siendo soltera. A pesar de compartir cuerpo, el matrimonio, seg\u00fan documentos obtenidos por TMZ,&nbsp;<strong>es v\u00e1lido solo para Abby<\/strong>.<\/p>\n\n\n\n<h3 class=\"wp-block-heading\"><strong>\u00bfEmbarazo, adopci\u00f3n o madre sustituta?<\/strong><\/h3>\n\n\n\n<p>Aunque a\u00fan no hay confirmaci\u00f3n oficial sobre c\u00f3mo lleg\u00f3 el beb\u00e9 a sus vidas, muchos fans recuerdan un&nbsp;<strong>video publicado por las gemelas en TikTok<\/strong>, donde mostraban el titular \u201cCasadas y beb\u00e9 en camino\u201d. M\u00e1s tarde, Joshua comparti\u00f3 una imagen de una alfombra de beb\u00e9 en X.<\/p>\n\n\n\n<p>Ahora, con la reciente aparici\u00f3n del beb\u00e9, los rumores est\u00e1n m\u00e1s vivos que nunca. \u00bfFue un embarazo natural? M\u00e9dicamente, se sabe que&nbsp;<strong>comparten \u00f3rganos reproductivos funcionales<\/strong>, lo que har\u00eda posible una gestaci\u00f3n. Sin embargo, tampoco se descarta una adopci\u00f3n o el uso de un vientre subrogado.<\/p>\n\n\n\n<figure class=\"wp-block-image size-large\"><img decoding=\"async\" width=\"212\" height=\"300\" src=\"https:\/\/fuentesfidedignas.com.mx\/wp-content\/uploads\/2025\/08\/img_5935-212x300.jpg\" class=\"wp-image-115511\" srcset=\"https:\/\/fuentesfidedignas.com.mx\/wp-content\/uploads\/2025\/08\/img_5935-212x300.jpg 212w, https:\/\/fuentesfidedignas.com.mx\/wp-content\/uploads\/2025\/08\/img_5935.jpg 297w\" sizes=\"(max-width: 212px) 100vw, 212px\" \/><\/figure>\n","protected":false},"excerpt":{"rendered":"<p>Las gemelas siamesas Abby y Brittany Hensel fueron vistas con un beb\u00e9. Abby est\u00e1 casada y Brittany no, adem\u00e1s de que comparten varios \u00f3rganos, entre estos, el \u00fatero Abby y Brittany Hensel, las gemelas siamesasm\u00e1s famosas del mundo, vuelven a llamar la atenci\u00f3n, aunque esta vez no por su condici\u00f3n f\u00edsica, ni por sus logros [&hellip;]<\/p>\n","protected":false},"author":7,"featured_media":115512,"comment_status":"closed","ping_status":"open","sticky":false,"template":"","format":"standard","meta":{"tdm_status":"","tdm_grid_status":"","footnotes":""},"categories":[40],"tags":[],"class_list":{"0":"post-115513","1":"post","2":"type-post","3":"status-publish","4":"format-standard","5":"has-post-thumbnail","7":"category-las-asombrosas"},"yoast_head":"<!-- This site is optimized with the Yoast SEO plugin v27.5 - https:\/\/yoast.com\/product\/yoast-seo-wordpress\/ -->\n<title>\u00bfUna gemela es mam\u00e1 y la otra no? Famosas siamesas que comparten cuerpo fueron vistas con un beb\u00e9 - Fuentes Fidedignas<\/title>\n<meta name=\"robots\" content=\"index, follow, max-snippet:-1, max-image-preview:large, max-video-preview:-1\" \/>\n<link rel=\"canonical\" href=\"https:\/\/fuentesfidedignas.com.mx\/index.php\/2025\/08\/21\/una-gemela-es-mama-y-la-otra-no-famosas-siamesas-que-comparten-cuerpo-fueron-vistas-con-un-bebe\/\" \/>\n<meta property=\"og:locale\" content=\"es_MX\" \/>\n<meta property=\"og:type\" content=\"article\" \/>\n<meta property=\"og:title\" content=\"\u00bfUna gemela es mam\u00e1 y la otra no? Famosas siamesas que comparten cuerpo fueron vistas con un beb\u00e9 - Fuentes Fidedignas\" \/>\n<meta property=\"og:description\" content=\"Las gemelas siamesas Abby y Brittany Hensel fueron vistas con un beb\u00e9. Abby est\u00e1 casada y Brittany no, adem\u00e1s de que comparten varios \u00f3rganos, entre estos, el \u00fatero Abby y Brittany Hensel, las gemelas siamesasm\u00e1s famosas del mundo, vuelven a llamar la atenci\u00f3n, aunque esta vez no por su condici\u00f3n f\u00edsica, ni por sus logros [&hellip;]\" \/>\n<meta property=\"og:url\" content=\"https:\/\/fuentesfidedignas.com.mx\/index.php\/2025\/08\/21\/una-gemela-es-mama-y-la-otra-no-famosas-siamesas-que-comparten-cuerpo-fueron-vistas-con-un-bebe\/\" \/>\n<meta property=\"og:site_name\" content=\"Fuentes Fidedignas\" \/>\n<meta property=\"article:publisher\" content=\"https:\/\/www.facebook.com\/Fuentes-Fidedignas-368234489921644\" \/>\n<meta property=\"article:published_time\" content=\"2025-08-21T11:59:00+00:00\" \/>\n<meta property=\"og:image\" content=\"https:\/\/fuentesfidedignas.com.mx\/wp-content\/uploads\/2025\/08\/img_5934.jpg\" \/>\n\t<meta property=\"og:image:width\" content=\"380\" \/>\n\t<meta property=\"og:image:height\" content=\"308\" \/>\n\t<meta property=\"og:image:type\" content=\"image\/jpeg\" \/>\n<meta name=\"author\" content=\"Exc\u00e9lsior\" \/>\n<meta name=\"twitter:card\" content=\"summary_large_image\" \/>\n<meta name=\"twitter:creator\" content=\"@fidedignas\" \/>\n<meta name=\"twitter:site\" content=\"@fidedignas\" \/>\n<meta name=\"twitter:label1\" content=\"Escrito por\" \/>\n\t<meta name=\"twitter:data1\" content=\"Exc\u00e9lsior\" \/>\n\t<meta name=\"twitter:label2\" content=\"Tiempo de lectura\" \/>\n\t<meta name=\"twitter:data2\" content=\"2 minutos\" \/>\n<script type=\"application\/ld+json\" class=\"yoast-schema-graph\">{\"@context\":\"https:\\\/\\\/schema.org\",\"@graph\":[{\"@type\":\"Article\",\"@id\":\"https:\\\/\\\/fuentesfidedignas.com.mx\\\/index.php\\\/2025\\\/08\\\/21\\\/una-gemela-es-mama-y-la-otra-no-famosas-siamesas-que-comparten-cuerpo-fueron-vistas-con-un-bebe\\\/#article\",\"isPartOf\":{\"@id\":\"https:\\\/\\\/fuentesfidedignas.com.mx\\\/index.php\\\/2025\\\/08\\\/21\\\/una-gemela-es-mama-y-la-otra-no-famosas-siamesas-que-comparten-cuerpo-fueron-vistas-con-un-bebe\\\/\"},\"author\":{\"name\":\"Exc\u00e9lsior\",\"@id\":\"https:\\\/\\\/fuentesfidedignas.com.mx\\\/#\\\/schema\\\/person\\\/ec4edd1fbf5efa3e44fce34fe2787780\"},\"headline\":\"\u00bfUna gemela es mam\u00e1 y la otra no? Famosas siamesas que comparten cuerpo fueron vistas con un beb\u00e9\",\"datePublished\":\"2025-08-21T11:59:00+00:00\",\"mainEntityOfPage\":{\"@id\":\"https:\\\/\\\/fuentesfidedignas.com.mx\\\/index.php\\\/2025\\\/08\\\/21\\\/una-gemela-es-mama-y-la-otra-no-famosas-siamesas-que-comparten-cuerpo-fueron-vistas-con-un-bebe\\\/\"},\"wordCount\":343,\"publisher\":{\"@id\":\"https:\\\/\\\/fuentesfidedignas.com.mx\\\/#organization\"},\"image\":{\"@id\":\"https:\\\/\\\/fuentesfidedignas.com.mx\\\/index.php\\\/2025\\\/08\\\/21\\\/una-gemela-es-mama-y-la-otra-no-famosas-siamesas-que-comparten-cuerpo-fueron-vistas-con-un-bebe\\\/#primaryimage\"},\"thumbnailUrl\":\"https:\\\/\\\/fuentesfidedignas.com.mx\\\/wp-content\\\/uploads\\\/2025\\\/08\\\/img_5934.jpg\",\"articleSection\":[\"LAS ASOMBROSAS\"],\"inLanguage\":\"es\"},{\"@type\":\"WebPage\",\"@id\":\"https:\\\/\\\/fuentesfidedignas.com.mx\\\/index.php\\\/2025\\\/08\\\/21\\\/una-gemela-es-mama-y-la-otra-no-famosas-siamesas-que-comparten-cuerpo-fueron-vistas-con-un-bebe\\\/\",\"url\":\"https:\\\/\\\/fuentesfidedignas.com.mx\\\/index.php\\\/2025\\\/08\\\/21\\\/una-gemela-es-mama-y-la-otra-no-famosas-siamesas-que-comparten-cuerpo-fueron-vistas-con-un-bebe\\\/\",\"name\":\"\u00bfUna gemela es mam\u00e1 y la otra no? Famosas siamesas que comparten cuerpo fueron vistas con un beb\u00e9 - Fuentes Fidedignas\",\"isPartOf\":{\"@id\":\"https:\\\/\\\/fuentesfidedignas.com.mx\\\/#website\"},\"primaryImageOfPage\":{\"@id\":\"https:\\\/\\\/fuentesfidedignas.com.mx\\\/index.php\\\/2025\\\/08\\\/21\\\/una-gemela-es-mama-y-la-otra-no-famosas-siamesas-que-comparten-cuerpo-fueron-vistas-con-un-bebe\\\/#primaryimage\"},\"image\":{\"@id\":\"https:\\\/\\\/fuentesfidedignas.com.mx\\\/index.php\\\/2025\\\/08\\\/21\\\/una-gemela-es-mama-y-la-otra-no-famosas-siamesas-que-comparten-cuerpo-fueron-vistas-con-un-bebe\\\/#primaryimage\"},\"thumbnailUrl\":\"https:\\\/\\\/fuentesfidedignas.com.mx\\\/wp-content\\\/uploads\\\/2025\\\/08\\\/img_5934.jpg\",\"datePublished\":\"2025-08-21T11:59:00+00:00\",\"breadcrumb\":{\"@id\":\"https:\\\/\\\/fuentesfidedignas.com.mx\\\/index.php\\\/2025\\\/08\\\/21\\\/una-gemela-es-mama-y-la-otra-no-famosas-siamesas-que-comparten-cuerpo-fueron-vistas-con-un-bebe\\\/#breadcrumb\"},\"inLanguage\":\"es\",\"potentialAction\":[{\"@type\":\"ReadAction\",\"target\":[\"https:\\\/\\\/fuentesfidedignas.com.mx\\\/index.php\\\/2025\\\/08\\\/21\\\/una-gemela-es-mama-y-la-otra-no-famosas-siamesas-que-comparten-cuerpo-fueron-vistas-con-un-bebe\\\/\"]}]},{\"@type\":\"ImageObject\",\"inLanguage\":\"es\",\"@id\":\"https:\\\/\\\/fuentesfidedignas.com.mx\\\/index.php\\\/2025\\\/08\\\/21\\\/una-gemela-es-mama-y-la-otra-no-famosas-siamesas-que-comparten-cuerpo-fueron-vistas-con-un-bebe\\\/#primaryimage\",\"url\":\"https:\\\/\\\/fuentesfidedignas.com.mx\\\/wp-content\\\/uploads\\\/2025\\\/08\\\/img_5934.jpg\",\"contentUrl\":\"https:\\\/\\\/fuentesfidedignas.com.mx\\\/wp-content\\\/uploads\\\/2025\\\/08\\\/img_5934.jpg\",\"width\":380,\"height\":308},{\"@type\":\"BreadcrumbList\",\"@id\":\"https:\\\/\\\/fuentesfidedignas.com.mx\\\/index.php\\\/2025\\\/08\\\/21\\\/una-gemela-es-mama-y-la-otra-no-famosas-siamesas-que-comparten-cuerpo-fueron-vistas-con-un-bebe\\\/#breadcrumb\",\"itemListElement\":[{\"@type\":\"ListItem\",\"position\":1,\"name\":\"Inicio\",\"item\":\"https:\\\/\\\/fuentesfidedignas.com.mx\\\/\"},{\"@type\":\"ListItem\",\"position\":2,\"name\":\"\u00bfUna gemela es mam\u00e1 y la otra no? Famosas siamesas que comparten cuerpo fueron vistas con un beb\u00e9\"}]},{\"@type\":\"WebSite\",\"@id\":\"https:\\\/\\\/fuentesfidedignas.com.mx\\\/#website\",\"url\":\"https:\\\/\\\/fuentesfidedignas.com.mx\\\/\",\"name\":\"Fuentes Fidedignas\",\"description\":\"Otro sitio realizado con WordPress\",\"publisher\":{\"@id\":\"https:\\\/\\\/fuentesfidedignas.com.mx\\\/#organization\"},\"potentialAction\":[{\"@type\":\"SearchAction\",\"target\":{\"@type\":\"EntryPoint\",\"urlTemplate\":\"https:\\\/\\\/fuentesfidedignas.com.mx\\\/?s={search_term_string}\"},\"query-input\":{\"@type\":\"PropertyValueSpecification\",\"valueRequired\":true,\"valueName\":\"search_term_string\"}}],\"inLanguage\":\"es\"},{\"@type\":\"Organization\",\"@id\":\"https:\\\/\\\/fuentesfidedignas.com.mx\\\/#organization\",\"name\":\"Fuentes Fidedignas\",\"url\":\"https:\\\/\\\/fuentesfidedignas.com.mx\\\/\",\"logo\":{\"@type\":\"ImageObject\",\"inLanguage\":\"es\",\"@id\":\"https:\\\/\\\/fuentesfidedignas.com.mx\\\/#\\\/schema\\\/logo\\\/image\\\/\",\"url\":\"https:\\\/\\\/fuentesfidedignas.com.mx\\\/wp-content\\\/uploads\\\/2021\\\/04\\\/logo-retina.png\",\"contentUrl\":\"https:\\\/\\\/fuentesfidedignas.com.mx\\\/wp-content\\\/uploads\\\/2021\\\/04\\\/logo-retina.png\",\"width\":280,\"height\":51,\"caption\":\"Fuentes Fidedignas\"},\"image\":{\"@id\":\"https:\\\/\\\/fuentesfidedignas.com.mx\\\/#\\\/schema\\\/logo\\\/image\\\/\"},\"sameAs\":[\"https:\\\/\\\/www.facebook.com\\\/Fuentes-Fidedignas-368234489921644\",\"https:\\\/\\\/x.com\\\/fidedignas\"]},{\"@type\":\"Person\",\"@id\":\"https:\\\/\\\/fuentesfidedignas.com.mx\\\/#\\\/schema\\\/person\\\/ec4edd1fbf5efa3e44fce34fe2787780\",\"name\":\"Exc\u00e9lsior\",\"image\":{\"@type\":\"ImageObject\",\"inLanguage\":\"es\",\"@id\":\"https:\\\/\\\/secure.gravatar.com\\\/avatar\\\/4b7ee9206b48be08447852b3f0814dbc7c0f3b51541b164f1464a2725614020b?s=96&d=mm&r=g\",\"url\":\"https:\\\/\\\/secure.gravatar.com\\\/avatar\\\/4b7ee9206b48be08447852b3f0814dbc7c0f3b51541b164f1464a2725614020b?s=96&d=mm&r=g\",\"contentUrl\":\"https:\\\/\\\/secure.gravatar.com\\\/avatar\\\/4b7ee9206b48be08447852b3f0814dbc7c0f3b51541b164f1464a2725614020b?s=96&d=mm&r=g\",\"caption\":\"Exc\u00e9lsior\"},\"url\":\"https:\\\/\\\/fuentesfidedignas.com.mx\\\/index.php\\\/author\\\/excelsior\\\/\"}]}<\/script>\n<!-- \/ Yoast SEO plugin. -->","yoast_head_json":{"title":"\u00bfUna gemela es mam\u00e1 y la otra no? Famosas siamesas que comparten cuerpo fueron vistas con un beb\u00e9 - Fuentes Fidedignas","robots":{"index":"index","follow":"follow","max-snippet":"max-snippet:-1","max-image-preview":"max-image-preview:large","max-video-preview":"max-video-preview:-1"},"canonical":"https:\/\/fuentesfidedignas.com.mx\/index.php\/2025\/08\/21\/una-gemela-es-mama-y-la-otra-no-famosas-siamesas-que-comparten-cuerpo-fueron-vistas-con-un-bebe\/","og_locale":"es_MX","og_type":"article","og_title":"\u00bfUna gemela es mam\u00e1 y la otra no? Famosas siamesas que comparten cuerpo fueron vistas con un beb\u00e9 - Fuentes Fidedignas","og_description":"Las gemelas siamesas Abby y Brittany Hensel fueron vistas con un beb\u00e9. Abby est\u00e1 casada y Brittany no, adem\u00e1s de que comparten varios \u00f3rganos, entre estos, el \u00fatero Abby y Brittany Hensel, las gemelas siamesasm\u00e1s famosas del mundo, vuelven a llamar la atenci\u00f3n, aunque esta vez no por su condici\u00f3n f\u00edsica, ni por sus logros [&hellip;]","og_url":"https:\/\/fuentesfidedignas.com.mx\/index.php\/2025\/08\/21\/una-gemela-es-mama-y-la-otra-no-famosas-siamesas-que-comparten-cuerpo-fueron-vistas-con-un-bebe\/","og_site_name":"Fuentes Fidedignas","article_publisher":"https:\/\/www.facebook.com\/Fuentes-Fidedignas-368234489921644","article_published_time":"2025-08-21T11:59:00+00:00","og_image":[{"width":380,"height":308,"url":"https:\/\/fuentesfidedignas.com.mx\/wp-content\/uploads\/2025\/08\/img_5934.jpg","type":"image\/jpeg"}],"author":"Exc\u00e9lsior","twitter_card":"summary_large_image","twitter_creator":"@fidedignas","twitter_site":"@fidedignas","twitter_misc":{"Escrito por":"Exc\u00e9lsior","Tiempo de lectura":"2 minutos"},"schema":{"@context":"https:\/\/schema.org","@graph":[{"@type":"Article","@id":"https:\/\/fuentesfidedignas.com.mx\/index.php\/2025\/08\/21\/una-gemela-es-mama-y-la-otra-no-famosas-siamesas-que-comparten-cuerpo-fueron-vistas-con-un-bebe\/#article","isPartOf":{"@id":"https:\/\/fuentesfidedignas.com.mx\/index.php\/2025\/08\/21\/una-gemela-es-mama-y-la-otra-no-famosas-siamesas-que-comparten-cuerpo-fueron-vistas-con-un-bebe\/"},"author":{"name":"Exc\u00e9lsior","@id":"https:\/\/fuentesfidedignas.com.mx\/#\/schema\/person\/ec4edd1fbf5efa3e44fce34fe2787780"},"headline":"\u00bfUna gemela es mam\u00e1 y la otra no? Famosas siamesas que comparten cuerpo fueron vistas con un beb\u00e9","datePublished":"2025-08-21T11:59:00+00:00","mainEntityOfPage":{"@id":"https:\/\/fuentesfidedignas.com.mx\/index.php\/2025\/08\/21\/una-gemela-es-mama-y-la-otra-no-famosas-siamesas-que-comparten-cuerpo-fueron-vistas-con-un-bebe\/"},"wordCount":343,"publisher":{"@id":"https:\/\/fuentesfidedignas.com.mx\/#organization"},"image":{"@id":"https:\/\/fuentesfidedignas.com.mx\/index.php\/2025\/08\/21\/una-gemela-es-mama-y-la-otra-no-famosas-siamesas-que-comparten-cuerpo-fueron-vistas-con-un-bebe\/#primaryimage"},"thumbnailUrl":"https:\/\/fuentesfidedignas.com.mx\/wp-content\/uploads\/2025\/08\/img_5934.jpg","articleSection":["LAS ASOMBROSAS"],"inLanguage":"es"},{"@type":"WebPage","@id":"https:\/\/fuentesfidedignas.com.mx\/index.php\/2025\/08\/21\/una-gemela-es-mama-y-la-otra-no-famosas-siamesas-que-comparten-cuerpo-fueron-vistas-con-un-bebe\/","url":"https:\/\/fuentesfidedignas.com.mx\/index.php\/2025\/08\/21\/una-gemela-es-mama-y-la-otra-no-famosas-siamesas-que-comparten-cuerpo-fueron-vistas-con-un-bebe\/","name":"\u00bfUna gemela es mam\u00e1 y la otra no? Famosas siamesas que comparten cuerpo fueron vistas con un beb\u00e9 - Fuentes Fidedignas","isPartOf":{"@id":"https:\/\/fuentesfidedignas.com.mx\/#website"},"primaryImageOfPage":{"@id":"https:\/\/fuentesfidedignas.com.mx\/index.php\/2025\/08\/21\/una-gemela-es-mama-y-la-otra-no-famosas-siamesas-que-comparten-cuerpo-fueron-vistas-con-un-bebe\/#primaryimage"},"image":{"@id":"https:\/\/fuentesfidedignas.com.mx\/index.php\/2025\/08\/21\/una-gemela-es-mama-y-la-otra-no-famosas-siamesas-que-comparten-cuerpo-fueron-vistas-con-un-bebe\/#primaryimage"},"thumbnailUrl":"https:\/\/fuentesfidedignas.com.mx\/wp-content\/uploads\/2025\/08\/img_5934.jpg","datePublished":"2025-08-21T11:59:00+00:00","breadcrumb":{"@id":"https:\/\/fuentesfidedignas.com.mx\/index.php\/2025\/08\/21\/una-gemela-es-mama-y-la-otra-no-famosas-siamesas-que-comparten-cuerpo-fueron-vistas-con-un-bebe\/#breadcrumb"},"inLanguage":"es","potentialAction":[{"@type":"ReadAction","target":["https:\/\/fuentesfidedignas.com.mx\/index.php\/2025\/08\/21\/una-gemela-es-mama-y-la-otra-no-famosas-siamesas-que-comparten-cuerpo-fueron-vistas-con-un-bebe\/"]}]},{"@type":"ImageObject","inLanguage":"es","@id":"https:\/\/fuentesfidedignas.com.mx\/index.php\/2025\/08\/21\/una-gemela-es-mama-y-la-otra-no-famosas-siamesas-que-comparten-cuerpo-fueron-vistas-con-un-bebe\/#primaryimage","url":"https:\/\/fuentesfidedignas.com.mx\/wp-content\/uploads\/2025\/08\/img_5934.jpg","contentUrl":"https:\/\/fuentesfidedignas.com.mx\/wp-content\/uploads\/2025\/08\/img_5934.jpg","width":380,"height":308},{"@type":"BreadcrumbList","@id":"https:\/\/fuentesfidedignas.com.mx\/index.php\/2025\/08\/21\/una-gemela-es-mama-y-la-otra-no-famosas-siamesas-que-comparten-cuerpo-fueron-vistas-con-un-bebe\/#breadcrumb","itemListElement":[{"@type":"ListItem","position":1,"name":"Inicio","item":"https:\/\/fuentesfidedignas.com.mx\/"},{"@type":"ListItem","position":2,"name":"\u00bfUna gemela es mam\u00e1 y la otra no? Famosas siamesas que comparten cuerpo fueron vistas con un beb\u00e9"}]},{"@type":"WebSite","@id":"https:\/\/fuentesfidedignas.com.mx\/#website","url":"https:\/\/fuentesfidedignas.com.mx\/","name":"Fuentes Fidedignas","description":"Otro sitio realizado con WordPress","publisher":{"@id":"https:\/\/fuentesfidedignas.com.mx\/#organization"},"potentialAction":[{"@type":"SearchAction","target":{"@type":"EntryPoint","urlTemplate":"https:\/\/fuentesfidedignas.com.mx\/?s={search_term_string}"},"query-input":{"@type":"PropertyValueSpecification","valueRequired":true,"valueName":"search_term_string"}}],"inLanguage":"es"},{"@type":"Organization","@id":"https:\/\/fuentesfidedignas.com.mx\/#organization","name":"Fuentes Fidedignas","url":"https:\/\/fuentesfidedignas.com.mx\/","logo":{"@type":"ImageObject","inLanguage":"es","@id":"https:\/\/fuentesfidedignas.com.mx\/#\/schema\/logo\/image\/","url":"https:\/\/fuentesfidedignas.com.mx\/wp-content\/uploads\/2021\/04\/logo-retina.png","contentUrl":"https:\/\/fuentesfidedignas.com.mx\/wp-content\/uploads\/2021\/04\/logo-retina.png","width":280,"height":51,"caption":"Fuentes Fidedignas"},"image":{"@id":"https:\/\/fuentesfidedignas.com.mx\/#\/schema\/logo\/image\/"},"sameAs":["https:\/\/www.facebook.com\/Fuentes-Fidedignas-368234489921644","https:\/\/x.com\/fidedignas"]},{"@type":"Person","@id":"https:\/\/fuentesfidedignas.com.mx\/#\/schema\/person\/ec4edd1fbf5efa3e44fce34fe2787780","name":"Exc\u00e9lsior","image":{"@type":"ImageObject","inLanguage":"es","@id":"https:\/\/secure.gravatar.com\/avatar\/4b7ee9206b48be08447852b3f0814dbc7c0f3b51541b164f1464a2725614020b?s=96&d=mm&r=g","url":"https:\/\/secure.gravatar.com\/avatar\/4b7ee9206b48be08447852b3f0814dbc7c0f3b51541b164f1464a2725614020b?s=96&d=mm&r=g","contentUrl":"https:\/\/secure.gravatar.com\/avatar\/4b7ee9206b48be08447852b3f0814dbc7c0f3b51541b164f1464a2725614020b?s=96&d=mm&r=g","caption":"Exc\u00e9lsior"},"url":"https:\/\/fuentesfidedignas.com.mx\/index.php\/author\/excelsior\/"}]}},"_links":{"self":[{"href":"https:\/\/fuentesfidedignas.com.mx\/index.php\/wp-json\/wp\/v2\/posts\/115513","targetHints":{"allow":["GET"]}}],"collection":[{"href":"https:\/\/fuentesfidedignas.com.mx\/index.php\/wp-json\/wp\/v2\/posts"}],"about":[{"href":"https:\/\/fuentesfidedignas.com.mx\/index.php\/wp-json\/wp\/v2\/types\/post"}],"author":[{"embeddable":true,"href":"https:\/\/fuentesfidedignas.com.mx\/index.php\/wp-json\/wp\/v2\/users\/7"}],"replies":[{"embeddable":true,"href":"https:\/\/fuentesfidedignas.com.mx\/index.php\/wp-json\/wp\/v2\/comments?post=115513"}],"version-history":[{"count":1,"href":"https:\/\/fuentesfidedignas.com.mx\/index.php\/wp-json\/wp\/v2\/posts\/115513\/revisions"}],"predecessor-version":[{"id":115514,"href":"https:\/\/fuentesfidedignas.com.mx\/index.php\/wp-json\/wp\/v2\/posts\/115513\/revisions\/115514"}],"wp:featuredmedia":[{"embeddable":true,"href":"https:\/\/fuentesfidedignas.com.mx\/index.php\/wp-json\/wp\/v2\/media\/115512"}],"wp:attachment":[{"href":"https:\/\/fuentesfidedignas.com.mx\/index.php\/wp-json\/wp\/v2\/media?parent=115513"}],"wp:term":[{"taxonomy":"category","embeddable":true,"href":"https:\/\/fuentesfidedignas.com.mx\/index.php\/wp-json\/wp\/v2\/categories?post=115513"},{"taxonomy":"post_tag","embeddable":true,"href":"https:\/\/fuentesfidedignas.com.mx\/index.php\/wp-json\/wp\/v2\/tags?post=115513"}],"curies":[{"name":"wp","href":"https:\/\/api.w.org\/{rel}","templated":true}]}}