{"id":11542,"date":"2021-09-02T12:27:10","date_gmt":"2021-09-02T19:27:10","guid":{"rendered":"https:\/\/fuentesfidedignas.com.mx\/?p=11542"},"modified":"2021-09-02T12:27:11","modified_gmt":"2021-09-02T19:27:11","slug":"es-imperante-volver-a-clases-presenciales-pero-cuidando-la-salud-de-nuestros-ninos-cuen","status":"publish","type":"post","link":"https:\/\/fuentesfidedignas.com.mx\/index.php\/2021\/09\/02\/es-imperante-volver-a-clases-presenciales-pero-cuidando-la-salud-de-nuestros-ninos-cuen\/","title":{"rendered":"Es imperante volver a clases presenciales, pero cuidando la salud de nuestros ni\u00f1os: Cu\u00e9n"},"content":{"rendered":"\n<p><strong><em>Mencion\u00f3 que ser\u00eda importante que primero vuelvan a las escuelas profesores y personal administrativo para checar las condiciones existentes<\/em><\/strong><\/p>\n\n\n\n<p>Culiac\u00e1n, Sin.- H\u00e9ctor Melesio Cu\u00e9n Ojeda, presidente estatal del Partido Sinaloense reiter\u00f3 la prevenci\u00f3n que se debe tener con la propuesta de regresar a clases presenciales, as\u00ed fue la forma en que lo expres\u00f3, \u201cyo he insistido en que se tenga mucho cuidado de parte de las autoridades, pero lo m\u00ednimo que deben de hacer ellos es mantener en condiciones dignas las escuelas y los centros de trabajo, lo cual dista mucho aqu\u00ed en Sinaloa\u201d.<\/p>\n\n\n\n<p>Nosotros hemos visitado muchas escuelas y no hay condiciones, est\u00e1n enmontadas, y no solamente est\u00e1 presente el posible contagio de COVID 19, tambi\u00e9n hay problemas con otro tipo de enfermedades como es el dengue, por ello hace d\u00edas hice la propuesta de que las primeras semanas solo se presentar\u00e1n el personal acad\u00e9mico y administrativo para verificar las condiciones de cada plantel, y ya que se tuviera la seguridad necesaria se implementara el regreso a clases para las y los ni\u00f1os, manifest\u00f3 Cu\u00e9n Ojeda.<\/p>\n\n\n\n<p>La situaci\u00f3n que dificulta el regreso a clases es que no contamos con un monitoreo del nivel de contagio, de la cadena que existe con respecto al contagio comunitario, recu\u00e9rdese que en los ni\u00f1os que se contagian el 50 % son asintom\u00e1ticos y ello facilita llevar el virus a sus casas y contagiar a sus familias donde hay muchas personas vulnerables.<\/p>\n\n\n\n<p>Cu\u00e9n Ojeda cuestion\u00f3 las cifras oficiales de la cantidad de gente que ya est\u00e1 vacunada, \u201ctenemos el 54 % de los mexicanos que no tienen una sola dosis lo cual significa que hay mucha gente vulnerable, y por lo tanto lo que tenemos que hacer es que avance el proceso de vacunaci\u00f3n\u201d.<\/p>\n\n\n\n<p>\u201cYo se que tenemos que regresar a clases, eso es algo fundamental, pero hay que hacerlo con cautela porque se est\u00e1 afectando el desarrollo intelectual, emocional y mental de las ni\u00f1as y ni\u00f1os, pero parad\u00f3jicamente regresamos cuando esta la curva de contagio en lo m\u00e1s alto, el d\u00eda de ayer rompimos r\u00e9cord en la ola de contagios, mil ciento setenta y siete muertos y se dieron m\u00e1s de 17 mil contagios aqu\u00ed en M\u00e9xico\u201d: As\u00ed lo coment\u00f3 Cu\u00e9n Ojeda.<\/p>\n\n\n\n<p>Por ello mi llamado a los padres de familia, cuiden muy bien a sus ni\u00f1os con las medidas que ustedes ya conocen. &nbsp;&nbsp;<\/p>\n","protected":false},"excerpt":{"rendered":"<p>Mencion\u00f3 que ser\u00eda importante que primero vuelvan a las escuelas profesores y personal administrativo para checar las condiciones existentes Culiac\u00e1n, Sin.- H\u00e9ctor Melesio Cu\u00e9n Ojeda, presidente estatal del Partido Sinaloense reiter\u00f3 la prevenci\u00f3n que se debe tener con la propuesta de regresar a clases presenciales, as\u00ed fue la forma en que lo expres\u00f3, \u201cyo he [&hellip;]<\/p>\n","protected":false},"author":4,"featured_media":0,"comment_status":"open","ping_status":"open","sticky":false,"template":"","format":"standard","meta":{"tdm_status":"","tdm_grid_status":"","footnotes":""},"categories":[38],"tags":[1287,700,1328,1365,308,1329],"class_list":{"0":"post-11542","1":"post","2":"type-post","3":"status-publish","4":"format-standard","6":"category-noticias-locales","7":"tag-ciclo-escolar-2021-2022","8":"tag-clases-presenciales","9":"tag-hector-melesio-cuen-ojeda","10":"tag-partido-sinaloense","11":"tag-pas","12":"tag-presidente-del-partido-sinaloense"},"yoast_head":"<!-- This site is optimized with the Yoast SEO plugin v27.5 - https:\/\/yoast.com\/product\/yoast-seo-wordpress\/ -->\n<title>Es imperante volver a clases presenciales, pero cuidando la salud de nuestros ni\u00f1os: Cu\u00e9n - Fuentes Fidedignas<\/title>\n<meta name=\"robots\" content=\"index, follow, max-snippet:-1, max-image-preview:large, max-video-preview:-1\" \/>\n<link rel=\"canonical\" href=\"https:\/\/fuentesfidedignas.com.mx\/index.php\/2021\/09\/02\/es-imperante-volver-a-clases-presenciales-pero-cuidando-la-salud-de-nuestros-ninos-cuen\/\" \/>\n<meta property=\"og:locale\" content=\"es_MX\" \/>\n<meta property=\"og:type\" content=\"article\" \/>\n<meta property=\"og:title\" content=\"Es imperante volver a clases presenciales, pero cuidando la salud de nuestros ni\u00f1os: Cu\u00e9n - Fuentes Fidedignas\" \/>\n<meta property=\"og:description\" content=\"Mencion\u00f3 que ser\u00eda importante que primero vuelvan a las escuelas profesores y personal administrativo para checar las condiciones existentes Culiac\u00e1n, Sin.- H\u00e9ctor Melesio Cu\u00e9n Ojeda, presidente estatal del Partido Sinaloense reiter\u00f3 la prevenci\u00f3n que se debe tener con la propuesta de regresar a clases presenciales, as\u00ed fue la forma en que lo expres\u00f3, \u201cyo he [&hellip;]\" \/>\n<meta property=\"og:url\" content=\"https:\/\/fuentesfidedignas.com.mx\/index.php\/2021\/09\/02\/es-imperante-volver-a-clases-presenciales-pero-cuidando-la-salud-de-nuestros-ninos-cuen\/\" \/>\n<meta property=\"og:site_name\" content=\"Fuentes Fidedignas\" \/>\n<meta property=\"article:publisher\" content=\"https:\/\/www.facebook.com\/Fuentes-Fidedignas-368234489921644\" \/>\n<meta property=\"article:published_time\" content=\"2021-09-02T19:27:10+00:00\" \/>\n<meta property=\"article:modified_time\" content=\"2021-09-02T19:27:11+00:00\" \/>\n<meta property=\"og:image\" content=\"https:\/\/fuentesfidedignas.com.mx\/wp-content\/uploads\/2021\/09\/WhatsApp-Image-2021-09-02-at-12.28.20-PM.jpeg\" \/>\n\t<meta property=\"og:image:width\" content=\"1280\" \/>\n\t<meta property=\"og:image:height\" content=\"750\" \/>\n\t<meta property=\"og:image:type\" content=\"image\/jpeg\" \/>\n<meta name=\"author\" content=\"Redacci\u00f3n\" \/>\n<meta name=\"twitter:card\" content=\"summary_large_image\" \/>\n<meta name=\"twitter:creator\" content=\"@fidedignas\" \/>\n<meta name=\"twitter:site\" content=\"@fidedignas\" \/>\n<meta name=\"twitter:label1\" content=\"Escrito por\" \/>\n\t<meta name=\"twitter:data1\" content=\"Redacci\u00f3n\" \/>\n\t<meta name=\"twitter:label2\" content=\"Tiempo de lectura\" \/>\n\t<meta name=\"twitter:data2\" content=\"2 minutos\" \/>\n<script type=\"application\/ld+json\" class=\"yoast-schema-graph\">{\"@context\":\"https:\\\/\\\/schema.org\",\"@graph\":[{\"@type\":\"Article\",\"@id\":\"https:\\\/\\\/fuentesfidedignas.com.mx\\\/index.php\\\/2021\\\/09\\\/02\\\/es-imperante-volver-a-clases-presenciales-pero-cuidando-la-salud-de-nuestros-ninos-cuen\\\/#article\",\"isPartOf\":{\"@id\":\"https:\\\/\\\/fuentesfidedignas.com.mx\\\/index.php\\\/2021\\\/09\\\/02\\\/es-imperante-volver-a-clases-presenciales-pero-cuidando-la-salud-de-nuestros-ninos-cuen\\\/\"},\"author\":{\"name\":\"Redacci\u00f3n\",\"@id\":\"https:\\\/\\\/fuentesfidedignas.com.mx\\\/#\\\/schema\\\/person\\\/331be9283d37198e2acd5750279085b0\"},\"headline\":\"Es imperante volver a clases presenciales, pero cuidando la salud de nuestros ni\u00f1os: Cu\u00e9n\",\"datePublished\":\"2021-09-02T19:27:10+00:00\",\"dateModified\":\"2021-09-02T19:27:11+00:00\",\"mainEntityOfPage\":{\"@id\":\"https:\\\/\\\/fuentesfidedignas.com.mx\\\/index.php\\\/2021\\\/09\\\/02\\\/es-imperante-volver-a-clases-presenciales-pero-cuidando-la-salud-de-nuestros-ninos-cuen\\\/\"},\"wordCount\":433,\"commentCount\":0,\"publisher\":{\"@id\":\"https:\\\/\\\/fuentesfidedignas.com.mx\\\/#organization\"},\"keywords\":[\"Ciclo escolar 2021-2022\",\"Clases presenciales\",\"H\u00e9ctor Melesio Cu\u00e9n Ojeda\",\"Partido Sinaloense\",\"PAS\",\"presidente del Partido Sinaloense\"],\"articleSection\":[\"NOTICIAS LOCALES\"],\"inLanguage\":\"es\",\"potentialAction\":[{\"@type\":\"CommentAction\",\"name\":\"Comment\",\"target\":[\"https:\\\/\\\/fuentesfidedignas.com.mx\\\/index.php\\\/2021\\\/09\\\/02\\\/es-imperante-volver-a-clases-presenciales-pero-cuidando-la-salud-de-nuestros-ninos-cuen\\\/#respond\"]}]},{\"@type\":\"WebPage\",\"@id\":\"https:\\\/\\\/fuentesfidedignas.com.mx\\\/index.php\\\/2021\\\/09\\\/02\\\/es-imperante-volver-a-clases-presenciales-pero-cuidando-la-salud-de-nuestros-ninos-cuen\\\/\",\"url\":\"https:\\\/\\\/fuentesfidedignas.com.mx\\\/index.php\\\/2021\\\/09\\\/02\\\/es-imperante-volver-a-clases-presenciales-pero-cuidando-la-salud-de-nuestros-ninos-cuen\\\/\",\"name\":\"Es imperante volver a clases presenciales, pero cuidando la salud de nuestros ni\u00f1os: Cu\u00e9n - Fuentes Fidedignas\",\"isPartOf\":{\"@id\":\"https:\\\/\\\/fuentesfidedignas.com.mx\\\/#website\"},\"datePublished\":\"2021-09-02T19:27:10+00:00\",\"dateModified\":\"2021-09-02T19:27:11+00:00\",\"breadcrumb\":{\"@id\":\"https:\\\/\\\/fuentesfidedignas.com.mx\\\/index.php\\\/2021\\\/09\\\/02\\\/es-imperante-volver-a-clases-presenciales-pero-cuidando-la-salud-de-nuestros-ninos-cuen\\\/#breadcrumb\"},\"inLanguage\":\"es\",\"potentialAction\":[{\"@type\":\"ReadAction\",\"target\":[\"https:\\\/\\\/fuentesfidedignas.com.mx\\\/index.php\\\/2021\\\/09\\\/02\\\/es-imperante-volver-a-clases-presenciales-pero-cuidando-la-salud-de-nuestros-ninos-cuen\\\/\"]}]},{\"@type\":\"BreadcrumbList\",\"@id\":\"https:\\\/\\\/fuentesfidedignas.com.mx\\\/index.php\\\/2021\\\/09\\\/02\\\/es-imperante-volver-a-clases-presenciales-pero-cuidando-la-salud-de-nuestros-ninos-cuen\\\/#breadcrumb\",\"itemListElement\":[{\"@type\":\"ListItem\",\"position\":1,\"name\":\"Inicio\",\"item\":\"https:\\\/\\\/fuentesfidedignas.com.mx\\\/\"},{\"@type\":\"ListItem\",\"position\":2,\"name\":\"Es imperante volver a clases presenciales, pero cuidando la salud de nuestros ni\u00f1os: Cu\u00e9n\"}]},{\"@type\":\"WebSite\",\"@id\":\"https:\\\/\\\/fuentesfidedignas.com.mx\\\/#website\",\"url\":\"https:\\\/\\\/fuentesfidedignas.com.mx\\\/\",\"name\":\"Fuentes Fidedignas\",\"description\":\"Otro sitio realizado con WordPress\",\"publisher\":{\"@id\":\"https:\\\/\\\/fuentesfidedignas.com.mx\\\/#organization\"},\"potentialAction\":[{\"@type\":\"SearchAction\",\"target\":{\"@type\":\"EntryPoint\",\"urlTemplate\":\"https:\\\/\\\/fuentesfidedignas.com.mx\\\/?s={search_term_string}\"},\"query-input\":{\"@type\":\"PropertyValueSpecification\",\"valueRequired\":true,\"valueName\":\"search_term_string\"}}],\"inLanguage\":\"es\"},{\"@type\":\"Organization\",\"@id\":\"https:\\\/\\\/fuentesfidedignas.com.mx\\\/#organization\",\"name\":\"Fuentes Fidedignas\",\"url\":\"https:\\\/\\\/fuentesfidedignas.com.mx\\\/\",\"logo\":{\"@type\":\"ImageObject\",\"inLanguage\":\"es\",\"@id\":\"https:\\\/\\\/fuentesfidedignas.com.mx\\\/#\\\/schema\\\/logo\\\/image\\\/\",\"url\":\"https:\\\/\\\/fuentesfidedignas.com.mx\\\/wp-content\\\/uploads\\\/2021\\\/04\\\/logo-retina.png\",\"contentUrl\":\"https:\\\/\\\/fuentesfidedignas.com.mx\\\/wp-content\\\/uploads\\\/2021\\\/04\\\/logo-retina.png\",\"width\":280,\"height\":51,\"caption\":\"Fuentes Fidedignas\"},\"image\":{\"@id\":\"https:\\\/\\\/fuentesfidedignas.com.mx\\\/#\\\/schema\\\/logo\\\/image\\\/\"},\"sameAs\":[\"https:\\\/\\\/www.facebook.com\\\/Fuentes-Fidedignas-368234489921644\",\"https:\\\/\\\/x.com\\\/fidedignas\"]},{\"@type\":\"Person\",\"@id\":\"https:\\\/\\\/fuentesfidedignas.com.mx\\\/#\\\/schema\\\/person\\\/331be9283d37198e2acd5750279085b0\",\"name\":\"Redacci\u00f3n\",\"image\":{\"@type\":\"ImageObject\",\"inLanguage\":\"es\",\"@id\":\"https:\\\/\\\/secure.gravatar.com\\\/avatar\\\/f6d8782c11d12b2d4ad3fbb6931aeab5309937a4d6cd2fc9cfaa28a6396a5aec?s=96&d=mm&r=g\",\"url\":\"https:\\\/\\\/secure.gravatar.com\\\/avatar\\\/f6d8782c11d12b2d4ad3fbb6931aeab5309937a4d6cd2fc9cfaa28a6396a5aec?s=96&d=mm&r=g\",\"contentUrl\":\"https:\\\/\\\/secure.gravatar.com\\\/avatar\\\/f6d8782c11d12b2d4ad3fbb6931aeab5309937a4d6cd2fc9cfaa28a6396a5aec?s=96&d=mm&r=g\",\"caption\":\"Redacci\u00f3n\"},\"url\":\"https:\\\/\\\/fuentesfidedignas.com.mx\\\/index.php\\\/author\\\/redaccion\\\/\"}]}<\/script>\n<!-- \/ Yoast SEO plugin. -->","yoast_head_json":{"title":"Es imperante volver a clases presenciales, pero cuidando la salud de nuestros ni\u00f1os: Cu\u00e9n - Fuentes Fidedignas","robots":{"index":"index","follow":"follow","max-snippet":"max-snippet:-1","max-image-preview":"max-image-preview:large","max-video-preview":"max-video-preview:-1"},"canonical":"https:\/\/fuentesfidedignas.com.mx\/index.php\/2021\/09\/02\/es-imperante-volver-a-clases-presenciales-pero-cuidando-la-salud-de-nuestros-ninos-cuen\/","og_locale":"es_MX","og_type":"article","og_title":"Es imperante volver a clases presenciales, pero cuidando la salud de nuestros ni\u00f1os: Cu\u00e9n - Fuentes Fidedignas","og_description":"Mencion\u00f3 que ser\u00eda importante que primero vuelvan a las escuelas profesores y personal administrativo para checar las condiciones existentes Culiac\u00e1n, Sin.- H\u00e9ctor Melesio Cu\u00e9n Ojeda, presidente estatal del Partido Sinaloense reiter\u00f3 la prevenci\u00f3n que se debe tener con la propuesta de regresar a clases presenciales, as\u00ed fue la forma en que lo expres\u00f3, \u201cyo he [&hellip;]","og_url":"https:\/\/fuentesfidedignas.com.mx\/index.php\/2021\/09\/02\/es-imperante-volver-a-clases-presenciales-pero-cuidando-la-salud-de-nuestros-ninos-cuen\/","og_site_name":"Fuentes Fidedignas","article_publisher":"https:\/\/www.facebook.com\/Fuentes-Fidedignas-368234489921644","article_published_time":"2021-09-02T19:27:10+00:00","article_modified_time":"2021-09-02T19:27:11+00:00","og_image":[{"width":1280,"height":750,"url":"https:\/\/fuentesfidedignas.com.mx\/wp-content\/uploads\/2021\/09\/WhatsApp-Image-2021-09-02-at-12.28.20-PM.jpeg","type":"image\/jpeg"}],"author":"Redacci\u00f3n","twitter_card":"summary_large_image","twitter_creator":"@fidedignas","twitter_site":"@fidedignas","twitter_misc":{"Escrito por":"Redacci\u00f3n","Tiempo de lectura":"2 minutos"},"schema":{"@context":"https:\/\/schema.org","@graph":[{"@type":"Article","@id":"https:\/\/fuentesfidedignas.com.mx\/index.php\/2021\/09\/02\/es-imperante-volver-a-clases-presenciales-pero-cuidando-la-salud-de-nuestros-ninos-cuen\/#article","isPartOf":{"@id":"https:\/\/fuentesfidedignas.com.mx\/index.php\/2021\/09\/02\/es-imperante-volver-a-clases-presenciales-pero-cuidando-la-salud-de-nuestros-ninos-cuen\/"},"author":{"name":"Redacci\u00f3n","@id":"https:\/\/fuentesfidedignas.com.mx\/#\/schema\/person\/331be9283d37198e2acd5750279085b0"},"headline":"Es imperante volver a clases presenciales, pero cuidando la salud de nuestros ni\u00f1os: Cu\u00e9n","datePublished":"2021-09-02T19:27:10+00:00","dateModified":"2021-09-02T19:27:11+00:00","mainEntityOfPage":{"@id":"https:\/\/fuentesfidedignas.com.mx\/index.php\/2021\/09\/02\/es-imperante-volver-a-clases-presenciales-pero-cuidando-la-salud-de-nuestros-ninos-cuen\/"},"wordCount":433,"commentCount":0,"publisher":{"@id":"https:\/\/fuentesfidedignas.com.mx\/#organization"},"keywords":["Ciclo escolar 2021-2022","Clases presenciales","H\u00e9ctor Melesio Cu\u00e9n Ojeda","Partido Sinaloense","PAS","presidente del Partido Sinaloense"],"articleSection":["NOTICIAS LOCALES"],"inLanguage":"es","potentialAction":[{"@type":"CommentAction","name":"Comment","target":["https:\/\/fuentesfidedignas.com.mx\/index.php\/2021\/09\/02\/es-imperante-volver-a-clases-presenciales-pero-cuidando-la-salud-de-nuestros-ninos-cuen\/#respond"]}]},{"@type":"WebPage","@id":"https:\/\/fuentesfidedignas.com.mx\/index.php\/2021\/09\/02\/es-imperante-volver-a-clases-presenciales-pero-cuidando-la-salud-de-nuestros-ninos-cuen\/","url":"https:\/\/fuentesfidedignas.com.mx\/index.php\/2021\/09\/02\/es-imperante-volver-a-clases-presenciales-pero-cuidando-la-salud-de-nuestros-ninos-cuen\/","name":"Es imperante volver a clases presenciales, pero cuidando la salud de nuestros ni\u00f1os: Cu\u00e9n - Fuentes Fidedignas","isPartOf":{"@id":"https:\/\/fuentesfidedignas.com.mx\/#website"},"datePublished":"2021-09-02T19:27:10+00:00","dateModified":"2021-09-02T19:27:11+00:00","breadcrumb":{"@id":"https:\/\/fuentesfidedignas.com.mx\/index.php\/2021\/09\/02\/es-imperante-volver-a-clases-presenciales-pero-cuidando-la-salud-de-nuestros-ninos-cuen\/#breadcrumb"},"inLanguage":"es","potentialAction":[{"@type":"ReadAction","target":["https:\/\/fuentesfidedignas.com.mx\/index.php\/2021\/09\/02\/es-imperante-volver-a-clases-presenciales-pero-cuidando-la-salud-de-nuestros-ninos-cuen\/"]}]},{"@type":"BreadcrumbList","@id":"https:\/\/fuentesfidedignas.com.mx\/index.php\/2021\/09\/02\/es-imperante-volver-a-clases-presenciales-pero-cuidando-la-salud-de-nuestros-ninos-cuen\/#breadcrumb","itemListElement":[{"@type":"ListItem","position":1,"name":"Inicio","item":"https:\/\/fuentesfidedignas.com.mx\/"},{"@type":"ListItem","position":2,"name":"Es imperante volver a clases presenciales, pero cuidando la salud de nuestros ni\u00f1os: Cu\u00e9n"}]},{"@type":"WebSite","@id":"https:\/\/fuentesfidedignas.com.mx\/#website","url":"https:\/\/fuentesfidedignas.com.mx\/","name":"Fuentes Fidedignas","description":"Otro sitio realizado con WordPress","publisher":{"@id":"https:\/\/fuentesfidedignas.com.mx\/#organization"},"potentialAction":[{"@type":"SearchAction","target":{"@type":"EntryPoint","urlTemplate":"https:\/\/fuentesfidedignas.com.mx\/?s={search_term_string}"},"query-input":{"@type":"PropertyValueSpecification","valueRequired":true,"valueName":"search_term_string"}}],"inLanguage":"es"},{"@type":"Organization","@id":"https:\/\/fuentesfidedignas.com.mx\/#organization","name":"Fuentes Fidedignas","url":"https:\/\/fuentesfidedignas.com.mx\/","logo":{"@type":"ImageObject","inLanguage":"es","@id":"https:\/\/fuentesfidedignas.com.mx\/#\/schema\/logo\/image\/","url":"https:\/\/fuentesfidedignas.com.mx\/wp-content\/uploads\/2021\/04\/logo-retina.png","contentUrl":"https:\/\/fuentesfidedignas.com.mx\/wp-content\/uploads\/2021\/04\/logo-retina.png","width":280,"height":51,"caption":"Fuentes Fidedignas"},"image":{"@id":"https:\/\/fuentesfidedignas.com.mx\/#\/schema\/logo\/image\/"},"sameAs":["https:\/\/www.facebook.com\/Fuentes-Fidedignas-368234489921644","https:\/\/x.com\/fidedignas"]},{"@type":"Person","@id":"https:\/\/fuentesfidedignas.com.mx\/#\/schema\/person\/331be9283d37198e2acd5750279085b0","name":"Redacci\u00f3n","image":{"@type":"ImageObject","inLanguage":"es","@id":"https:\/\/secure.gravatar.com\/avatar\/f6d8782c11d12b2d4ad3fbb6931aeab5309937a4d6cd2fc9cfaa28a6396a5aec?s=96&d=mm&r=g","url":"https:\/\/secure.gravatar.com\/avatar\/f6d8782c11d12b2d4ad3fbb6931aeab5309937a4d6cd2fc9cfaa28a6396a5aec?s=96&d=mm&r=g","contentUrl":"https:\/\/secure.gravatar.com\/avatar\/f6d8782c11d12b2d4ad3fbb6931aeab5309937a4d6cd2fc9cfaa28a6396a5aec?s=96&d=mm&r=g","caption":"Redacci\u00f3n"},"url":"https:\/\/fuentesfidedignas.com.mx\/index.php\/author\/redaccion\/"}]}},"_links":{"self":[{"href":"https:\/\/fuentesfidedignas.com.mx\/index.php\/wp-json\/wp\/v2\/posts\/11542","targetHints":{"allow":["GET"]}}],"collection":[{"href":"https:\/\/fuentesfidedignas.com.mx\/index.php\/wp-json\/wp\/v2\/posts"}],"about":[{"href":"https:\/\/fuentesfidedignas.com.mx\/index.php\/wp-json\/wp\/v2\/types\/post"}],"author":[{"embeddable":true,"href":"https:\/\/fuentesfidedignas.com.mx\/index.php\/wp-json\/wp\/v2\/users\/4"}],"replies":[{"embeddable":true,"href":"https:\/\/fuentesfidedignas.com.mx\/index.php\/wp-json\/wp\/v2\/comments?post=11542"}],"version-history":[{"count":1,"href":"https:\/\/fuentesfidedignas.com.mx\/index.php\/wp-json\/wp\/v2\/posts\/11542\/revisions"}],"predecessor-version":[{"id":11544,"href":"https:\/\/fuentesfidedignas.com.mx\/index.php\/wp-json\/wp\/v2\/posts\/11542\/revisions\/11544"}],"wp:attachment":[{"href":"https:\/\/fuentesfidedignas.com.mx\/index.php\/wp-json\/wp\/v2\/media?parent=11542"}],"wp:term":[{"taxonomy":"category","embeddable":true,"href":"https:\/\/fuentesfidedignas.com.mx\/index.php\/wp-json\/wp\/v2\/categories?post=11542"},{"taxonomy":"post_tag","embeddable":true,"href":"https:\/\/fuentesfidedignas.com.mx\/index.php\/wp-json\/wp\/v2\/tags?post=11542"}],"curies":[{"name":"wp","href":"https:\/\/api.w.org\/{rel}","templated":true}]}}