{"id":115260,"date":"2025-08-18T08:33:00","date_gmt":"2025-08-18T15:33:00","guid":{"rendered":"https:\/\/fuentesfidedignas.com.mx\/?p=115260"},"modified":"2025-08-18T08:33:00","modified_gmt":"2025-08-18T15:33:00","slug":"el-mayo-zambada-acepta-declararse-culpable-en-eu-pacta-con-fiscales-no-ir-a-juicio","status":"publish","type":"post","link":"https:\/\/fuentesfidedignas.com.mx\/index.php\/2025\/08\/18\/el-mayo-zambada-acepta-declararse-culpable-en-eu-pacta-con-fiscales-no-ir-a-juicio\/","title":{"rendered":"&#8216;El Mayo&#8217; Zambada acepta declararse culpable en EU; pacta con fiscales no ir a juicio"},"content":{"rendered":"\n<p><\/p>\n\n\n\n<p><strong><em>El fundador del C\u00e1rtel de Sinaloa podr\u00eda volverse testigo colaborador de las autoridades estadunidenses<\/em><\/strong><\/p>\n\n\n\n<p>Ismael El Mayo Zambada, l\u00edder fundador del Cartel de Sinaloa, se declarar\u00e1 culpable el pr\u00f3ximo lunes 25 de agosto de diversos cargos de narcotr\u00e1fico ante la corte del juez Brian Cogan, a cambio de posibles beneficios en la pena que se le imponga y de, probablemente, volverse testigo colaborador de los Estados Unidos.<\/p>\n\n\n\n<p>Los registros judiciales de la corte federal en Brooklyn, Nueva York, se\u00f1alan que la&nbsp;<strong>audiencia de declaraci\u00f3n de culpabilidad<\/strong>&nbsp;se llevar\u00e1 a cabo a las&nbsp;<strong>12:00 horas<\/strong>.<\/p>\n\n\n\n<p>El anuncio viene precedido del aviso que los&nbsp;<strong>fiscales estadunidenses<\/strong>&nbsp;enviaron, donde informaron que&nbsp;<strong>no buscar\u00edan la pena de muerte<\/strong>para Zambada.<\/p>\n\n\n\n<p><\/p>\n","protected":false},"excerpt":{"rendered":"<p>El fundador del C\u00e1rtel de Sinaloa podr\u00eda volverse testigo colaborador de las autoridades estadunidenses Ismael El Mayo Zambada, l\u00edder fundador del Cartel de Sinaloa, se declarar\u00e1 culpable el pr\u00f3ximo lunes 25 de agosto de diversos cargos de narcotr\u00e1fico ante la corte del juez Brian Cogan, a cambio de posibles beneficios en la pena que se [&hellip;]<\/p>\n","protected":false},"author":9,"featured_media":88463,"comment_status":"closed","ping_status":"open","sticky":false,"template":"","format":"standard","meta":{"tdm_status":"","tdm_grid_status":"","footnotes":""},"categories":[39],"tags":[],"class_list":{"0":"post-115260","1":"post","2":"type-post","3":"status-publish","4":"format-standard","5":"has-post-thumbnail","7":"category-noticias-nacionales"},"yoast_head":"<!-- This site is optimized with the Yoast SEO plugin v27.4 - https:\/\/yoast.com\/product\/yoast-seo-wordpress\/ -->\n<title>&#039;El Mayo&#039; Zambada acepta declararse culpable en EU; pacta con fiscales no ir a juicio - Fuentes Fidedignas<\/title>\n<meta name=\"robots\" content=\"index, follow, max-snippet:-1, max-image-preview:large, max-video-preview:-1\" \/>\n<link rel=\"canonical\" href=\"https:\/\/fuentesfidedignas.com.mx\/index.php\/2025\/08\/18\/el-mayo-zambada-acepta-declararse-culpable-en-eu-pacta-con-fiscales-no-ir-a-juicio\/\" \/>\n<meta property=\"og:locale\" content=\"es_MX\" \/>\n<meta property=\"og:type\" content=\"article\" \/>\n<meta property=\"og:title\" content=\"&#039;El Mayo&#039; Zambada acepta declararse culpable en EU; pacta con fiscales no ir a juicio - Fuentes Fidedignas\" \/>\n<meta property=\"og:description\" content=\"El fundador del C\u00e1rtel de Sinaloa podr\u00eda volverse testigo colaborador de las autoridades estadunidenses Ismael El Mayo Zambada, l\u00edder fundador del Cartel de Sinaloa, se declarar\u00e1 culpable el pr\u00f3ximo lunes 25 de agosto de diversos cargos de narcotr\u00e1fico ante la corte del juez Brian Cogan, a cambio de posibles beneficios en la pena que se [&hellip;]\" \/>\n<meta property=\"og:url\" content=\"https:\/\/fuentesfidedignas.com.mx\/index.php\/2025\/08\/18\/el-mayo-zambada-acepta-declararse-culpable-en-eu-pacta-con-fiscales-no-ir-a-juicio\/\" \/>\n<meta property=\"og:site_name\" content=\"Fuentes Fidedignas\" \/>\n<meta property=\"article:publisher\" content=\"https:\/\/www.facebook.com\/Fuentes-Fidedignas-368234489921644\" \/>\n<meta property=\"article:published_time\" content=\"2025-08-18T15:33:00+00:00\" \/>\n<meta property=\"og:image\" content=\"https:\/\/fuentesfidedignas.com.mx\/wp-content\/uploads\/2024\/08\/mayo_zambada.jpg\" \/>\n\t<meta property=\"og:image:width\" content=\"929\" \/>\n\t<meta property=\"og:image:height\" content=\"580\" \/>\n\t<meta property=\"og:image:type\" content=\"image\/jpeg\" \/>\n<meta name=\"author\" content=\"Milenio\" \/>\n<meta name=\"twitter:card\" content=\"summary_large_image\" \/>\n<meta name=\"twitter:creator\" content=\"@fidedignas\" \/>\n<meta name=\"twitter:site\" content=\"@fidedignas\" \/>\n<meta name=\"twitter:label1\" content=\"Escrito por\" \/>\n\t<meta name=\"twitter:data1\" content=\"Milenio\" \/>\n\t<meta name=\"twitter:label2\" content=\"Tiempo de lectura\" \/>\n\t<meta name=\"twitter:data2\" content=\"1 minuto\" \/>\n<script type=\"application\/ld+json\" class=\"yoast-schema-graph\">{\"@context\":\"https:\\\/\\\/schema.org\",\"@graph\":[{\"@type\":\"Article\",\"@id\":\"https:\\\/\\\/fuentesfidedignas.com.mx\\\/index.php\\\/2025\\\/08\\\/18\\\/el-mayo-zambada-acepta-declararse-culpable-en-eu-pacta-con-fiscales-no-ir-a-juicio\\\/#article\",\"isPartOf\":{\"@id\":\"https:\\\/\\\/fuentesfidedignas.com.mx\\\/index.php\\\/2025\\\/08\\\/18\\\/el-mayo-zambada-acepta-declararse-culpable-en-eu-pacta-con-fiscales-no-ir-a-juicio\\\/\"},\"author\":{\"name\":\"Milenio\",\"@id\":\"https:\\\/\\\/fuentesfidedignas.com.mx\\\/#\\\/schema\\\/person\\\/47ec0135738f4b0c7495f06a77a2c976\"},\"headline\":\"&#8216;El Mayo&#8217; Zambada acepta declararse culpable en EU; pacta con fiscales no ir a juicio\",\"datePublished\":\"2025-08-18T15:33:00+00:00\",\"mainEntityOfPage\":{\"@id\":\"https:\\\/\\\/fuentesfidedignas.com.mx\\\/index.php\\\/2025\\\/08\\\/18\\\/el-mayo-zambada-acepta-declararse-culpable-en-eu-pacta-con-fiscales-no-ir-a-juicio\\\/\"},\"wordCount\":142,\"publisher\":{\"@id\":\"https:\\\/\\\/fuentesfidedignas.com.mx\\\/#organization\"},\"image\":{\"@id\":\"https:\\\/\\\/fuentesfidedignas.com.mx\\\/index.php\\\/2025\\\/08\\\/18\\\/el-mayo-zambada-acepta-declararse-culpable-en-eu-pacta-con-fiscales-no-ir-a-juicio\\\/#primaryimage\"},\"thumbnailUrl\":\"https:\\\/\\\/fuentesfidedignas.com.mx\\\/wp-content\\\/uploads\\\/2024\\\/08\\\/mayo_zambada.jpg\",\"articleSection\":[\"NOTICIAS NACIONALES\"],\"inLanguage\":\"es\"},{\"@type\":\"WebPage\",\"@id\":\"https:\\\/\\\/fuentesfidedignas.com.mx\\\/index.php\\\/2025\\\/08\\\/18\\\/el-mayo-zambada-acepta-declararse-culpable-en-eu-pacta-con-fiscales-no-ir-a-juicio\\\/\",\"url\":\"https:\\\/\\\/fuentesfidedignas.com.mx\\\/index.php\\\/2025\\\/08\\\/18\\\/el-mayo-zambada-acepta-declararse-culpable-en-eu-pacta-con-fiscales-no-ir-a-juicio\\\/\",\"name\":\"'El Mayo' Zambada acepta declararse culpable en EU; pacta con fiscales no ir a juicio - Fuentes Fidedignas\",\"isPartOf\":{\"@id\":\"https:\\\/\\\/fuentesfidedignas.com.mx\\\/#website\"},\"primaryImageOfPage\":{\"@id\":\"https:\\\/\\\/fuentesfidedignas.com.mx\\\/index.php\\\/2025\\\/08\\\/18\\\/el-mayo-zambada-acepta-declararse-culpable-en-eu-pacta-con-fiscales-no-ir-a-juicio\\\/#primaryimage\"},\"image\":{\"@id\":\"https:\\\/\\\/fuentesfidedignas.com.mx\\\/index.php\\\/2025\\\/08\\\/18\\\/el-mayo-zambada-acepta-declararse-culpable-en-eu-pacta-con-fiscales-no-ir-a-juicio\\\/#primaryimage\"},\"thumbnailUrl\":\"https:\\\/\\\/fuentesfidedignas.com.mx\\\/wp-content\\\/uploads\\\/2024\\\/08\\\/mayo_zambada.jpg\",\"datePublished\":\"2025-08-18T15:33:00+00:00\",\"breadcrumb\":{\"@id\":\"https:\\\/\\\/fuentesfidedignas.com.mx\\\/index.php\\\/2025\\\/08\\\/18\\\/el-mayo-zambada-acepta-declararse-culpable-en-eu-pacta-con-fiscales-no-ir-a-juicio\\\/#breadcrumb\"},\"inLanguage\":\"es\",\"potentialAction\":[{\"@type\":\"ReadAction\",\"target\":[\"https:\\\/\\\/fuentesfidedignas.com.mx\\\/index.php\\\/2025\\\/08\\\/18\\\/el-mayo-zambada-acepta-declararse-culpable-en-eu-pacta-con-fiscales-no-ir-a-juicio\\\/\"]}]},{\"@type\":\"ImageObject\",\"inLanguage\":\"es\",\"@id\":\"https:\\\/\\\/fuentesfidedignas.com.mx\\\/index.php\\\/2025\\\/08\\\/18\\\/el-mayo-zambada-acepta-declararse-culpable-en-eu-pacta-con-fiscales-no-ir-a-juicio\\\/#primaryimage\",\"url\":\"https:\\\/\\\/fuentesfidedignas.com.mx\\\/wp-content\\\/uploads\\\/2024\\\/08\\\/mayo_zambada.jpg\",\"contentUrl\":\"https:\\\/\\\/fuentesfidedignas.com.mx\\\/wp-content\\\/uploads\\\/2024\\\/08\\\/mayo_zambada.jpg\",\"width\":929,\"height\":580},{\"@type\":\"BreadcrumbList\",\"@id\":\"https:\\\/\\\/fuentesfidedignas.com.mx\\\/index.php\\\/2025\\\/08\\\/18\\\/el-mayo-zambada-acepta-declararse-culpable-en-eu-pacta-con-fiscales-no-ir-a-juicio\\\/#breadcrumb\",\"itemListElement\":[{\"@type\":\"ListItem\",\"position\":1,\"name\":\"Inicio\",\"item\":\"https:\\\/\\\/fuentesfidedignas.com.mx\\\/\"},{\"@type\":\"ListItem\",\"position\":2,\"name\":\"&#8216;El Mayo&#8217; Zambada acepta declararse culpable en EU; pacta con fiscales no ir a juicio\"}]},{\"@type\":\"WebSite\",\"@id\":\"https:\\\/\\\/fuentesfidedignas.com.mx\\\/#website\",\"url\":\"https:\\\/\\\/fuentesfidedignas.com.mx\\\/\",\"name\":\"Fuentes Fidedignas\",\"description\":\"Otro sitio realizado con WordPress\",\"publisher\":{\"@id\":\"https:\\\/\\\/fuentesfidedignas.com.mx\\\/#organization\"},\"potentialAction\":[{\"@type\":\"SearchAction\",\"target\":{\"@type\":\"EntryPoint\",\"urlTemplate\":\"https:\\\/\\\/fuentesfidedignas.com.mx\\\/?s={search_term_string}\"},\"query-input\":{\"@type\":\"PropertyValueSpecification\",\"valueRequired\":true,\"valueName\":\"search_term_string\"}}],\"inLanguage\":\"es\"},{\"@type\":\"Organization\",\"@id\":\"https:\\\/\\\/fuentesfidedignas.com.mx\\\/#organization\",\"name\":\"Fuentes Fidedignas\",\"url\":\"https:\\\/\\\/fuentesfidedignas.com.mx\\\/\",\"logo\":{\"@type\":\"ImageObject\",\"inLanguage\":\"es\",\"@id\":\"https:\\\/\\\/fuentesfidedignas.com.mx\\\/#\\\/schema\\\/logo\\\/image\\\/\",\"url\":\"https:\\\/\\\/fuentesfidedignas.com.mx\\\/wp-content\\\/uploads\\\/2021\\\/04\\\/logo-retina.png\",\"contentUrl\":\"https:\\\/\\\/fuentesfidedignas.com.mx\\\/wp-content\\\/uploads\\\/2021\\\/04\\\/logo-retina.png\",\"width\":280,\"height\":51,\"caption\":\"Fuentes Fidedignas\"},\"image\":{\"@id\":\"https:\\\/\\\/fuentesfidedignas.com.mx\\\/#\\\/schema\\\/logo\\\/image\\\/\"},\"sameAs\":[\"https:\\\/\\\/www.facebook.com\\\/Fuentes-Fidedignas-368234489921644\",\"https:\\\/\\\/x.com\\\/fidedignas\"]},{\"@type\":\"Person\",\"@id\":\"https:\\\/\\\/fuentesfidedignas.com.mx\\\/#\\\/schema\\\/person\\\/47ec0135738f4b0c7495f06a77a2c976\",\"name\":\"Milenio\",\"image\":{\"@type\":\"ImageObject\",\"inLanguage\":\"es\",\"@id\":\"https:\\\/\\\/secure.gravatar.com\\\/avatar\\\/acabf7b54753e51c2c76457954577c236b3b764789b19879565769739d1e4a75?s=96&d=mm&r=g\",\"url\":\"https:\\\/\\\/secure.gravatar.com\\\/avatar\\\/acabf7b54753e51c2c76457954577c236b3b764789b19879565769739d1e4a75?s=96&d=mm&r=g\",\"contentUrl\":\"https:\\\/\\\/secure.gravatar.com\\\/avatar\\\/acabf7b54753e51c2c76457954577c236b3b764789b19879565769739d1e4a75?s=96&d=mm&r=g\",\"caption\":\"Milenio\"},\"url\":\"https:\\\/\\\/fuentesfidedignas.com.mx\\\/index.php\\\/author\\\/milenio\\\/\"}]}<\/script>\n<!-- \/ Yoast SEO plugin. -->","yoast_head_json":{"title":"'El Mayo' Zambada acepta declararse culpable en EU; pacta con fiscales no ir a juicio - Fuentes Fidedignas","robots":{"index":"index","follow":"follow","max-snippet":"max-snippet:-1","max-image-preview":"max-image-preview:large","max-video-preview":"max-video-preview:-1"},"canonical":"https:\/\/fuentesfidedignas.com.mx\/index.php\/2025\/08\/18\/el-mayo-zambada-acepta-declararse-culpable-en-eu-pacta-con-fiscales-no-ir-a-juicio\/","og_locale":"es_MX","og_type":"article","og_title":"'El Mayo' Zambada acepta declararse culpable en EU; pacta con fiscales no ir a juicio - Fuentes Fidedignas","og_description":"El fundador del C\u00e1rtel de Sinaloa podr\u00eda volverse testigo colaborador de las autoridades estadunidenses Ismael El Mayo Zambada, l\u00edder fundador del Cartel de Sinaloa, se declarar\u00e1 culpable el pr\u00f3ximo lunes 25 de agosto de diversos cargos de narcotr\u00e1fico ante la corte del juez Brian Cogan, a cambio de posibles beneficios en la pena que se [&hellip;]","og_url":"https:\/\/fuentesfidedignas.com.mx\/index.php\/2025\/08\/18\/el-mayo-zambada-acepta-declararse-culpable-en-eu-pacta-con-fiscales-no-ir-a-juicio\/","og_site_name":"Fuentes Fidedignas","article_publisher":"https:\/\/www.facebook.com\/Fuentes-Fidedignas-368234489921644","article_published_time":"2025-08-18T15:33:00+00:00","og_image":[{"width":929,"height":580,"url":"https:\/\/fuentesfidedignas.com.mx\/wp-content\/uploads\/2024\/08\/mayo_zambada.jpg","type":"image\/jpeg"}],"author":"Milenio","twitter_card":"summary_large_image","twitter_creator":"@fidedignas","twitter_site":"@fidedignas","twitter_misc":{"Escrito por":"Milenio","Tiempo de lectura":"1 minuto"},"schema":{"@context":"https:\/\/schema.org","@graph":[{"@type":"Article","@id":"https:\/\/fuentesfidedignas.com.mx\/index.php\/2025\/08\/18\/el-mayo-zambada-acepta-declararse-culpable-en-eu-pacta-con-fiscales-no-ir-a-juicio\/#article","isPartOf":{"@id":"https:\/\/fuentesfidedignas.com.mx\/index.php\/2025\/08\/18\/el-mayo-zambada-acepta-declararse-culpable-en-eu-pacta-con-fiscales-no-ir-a-juicio\/"},"author":{"name":"Milenio","@id":"https:\/\/fuentesfidedignas.com.mx\/#\/schema\/person\/47ec0135738f4b0c7495f06a77a2c976"},"headline":"&#8216;El Mayo&#8217; Zambada acepta declararse culpable en EU; pacta con fiscales no ir a juicio","datePublished":"2025-08-18T15:33:00+00:00","mainEntityOfPage":{"@id":"https:\/\/fuentesfidedignas.com.mx\/index.php\/2025\/08\/18\/el-mayo-zambada-acepta-declararse-culpable-en-eu-pacta-con-fiscales-no-ir-a-juicio\/"},"wordCount":142,"publisher":{"@id":"https:\/\/fuentesfidedignas.com.mx\/#organization"},"image":{"@id":"https:\/\/fuentesfidedignas.com.mx\/index.php\/2025\/08\/18\/el-mayo-zambada-acepta-declararse-culpable-en-eu-pacta-con-fiscales-no-ir-a-juicio\/#primaryimage"},"thumbnailUrl":"https:\/\/fuentesfidedignas.com.mx\/wp-content\/uploads\/2024\/08\/mayo_zambada.jpg","articleSection":["NOTICIAS NACIONALES"],"inLanguage":"es"},{"@type":"WebPage","@id":"https:\/\/fuentesfidedignas.com.mx\/index.php\/2025\/08\/18\/el-mayo-zambada-acepta-declararse-culpable-en-eu-pacta-con-fiscales-no-ir-a-juicio\/","url":"https:\/\/fuentesfidedignas.com.mx\/index.php\/2025\/08\/18\/el-mayo-zambada-acepta-declararse-culpable-en-eu-pacta-con-fiscales-no-ir-a-juicio\/","name":"'El Mayo' Zambada acepta declararse culpable en EU; pacta con fiscales no ir a juicio - Fuentes Fidedignas","isPartOf":{"@id":"https:\/\/fuentesfidedignas.com.mx\/#website"},"primaryImageOfPage":{"@id":"https:\/\/fuentesfidedignas.com.mx\/index.php\/2025\/08\/18\/el-mayo-zambada-acepta-declararse-culpable-en-eu-pacta-con-fiscales-no-ir-a-juicio\/#primaryimage"},"image":{"@id":"https:\/\/fuentesfidedignas.com.mx\/index.php\/2025\/08\/18\/el-mayo-zambada-acepta-declararse-culpable-en-eu-pacta-con-fiscales-no-ir-a-juicio\/#primaryimage"},"thumbnailUrl":"https:\/\/fuentesfidedignas.com.mx\/wp-content\/uploads\/2024\/08\/mayo_zambada.jpg","datePublished":"2025-08-18T15:33:00+00:00","breadcrumb":{"@id":"https:\/\/fuentesfidedignas.com.mx\/index.php\/2025\/08\/18\/el-mayo-zambada-acepta-declararse-culpable-en-eu-pacta-con-fiscales-no-ir-a-juicio\/#breadcrumb"},"inLanguage":"es","potentialAction":[{"@type":"ReadAction","target":["https:\/\/fuentesfidedignas.com.mx\/index.php\/2025\/08\/18\/el-mayo-zambada-acepta-declararse-culpable-en-eu-pacta-con-fiscales-no-ir-a-juicio\/"]}]},{"@type":"ImageObject","inLanguage":"es","@id":"https:\/\/fuentesfidedignas.com.mx\/index.php\/2025\/08\/18\/el-mayo-zambada-acepta-declararse-culpable-en-eu-pacta-con-fiscales-no-ir-a-juicio\/#primaryimage","url":"https:\/\/fuentesfidedignas.com.mx\/wp-content\/uploads\/2024\/08\/mayo_zambada.jpg","contentUrl":"https:\/\/fuentesfidedignas.com.mx\/wp-content\/uploads\/2024\/08\/mayo_zambada.jpg","width":929,"height":580},{"@type":"BreadcrumbList","@id":"https:\/\/fuentesfidedignas.com.mx\/index.php\/2025\/08\/18\/el-mayo-zambada-acepta-declararse-culpable-en-eu-pacta-con-fiscales-no-ir-a-juicio\/#breadcrumb","itemListElement":[{"@type":"ListItem","position":1,"name":"Inicio","item":"https:\/\/fuentesfidedignas.com.mx\/"},{"@type":"ListItem","position":2,"name":"&#8216;El Mayo&#8217; Zambada acepta declararse culpable en EU; pacta con fiscales no ir a juicio"}]},{"@type":"WebSite","@id":"https:\/\/fuentesfidedignas.com.mx\/#website","url":"https:\/\/fuentesfidedignas.com.mx\/","name":"Fuentes Fidedignas","description":"Otro sitio realizado con WordPress","publisher":{"@id":"https:\/\/fuentesfidedignas.com.mx\/#organization"},"potentialAction":[{"@type":"SearchAction","target":{"@type":"EntryPoint","urlTemplate":"https:\/\/fuentesfidedignas.com.mx\/?s={search_term_string}"},"query-input":{"@type":"PropertyValueSpecification","valueRequired":true,"valueName":"search_term_string"}}],"inLanguage":"es"},{"@type":"Organization","@id":"https:\/\/fuentesfidedignas.com.mx\/#organization","name":"Fuentes Fidedignas","url":"https:\/\/fuentesfidedignas.com.mx\/","logo":{"@type":"ImageObject","inLanguage":"es","@id":"https:\/\/fuentesfidedignas.com.mx\/#\/schema\/logo\/image\/","url":"https:\/\/fuentesfidedignas.com.mx\/wp-content\/uploads\/2021\/04\/logo-retina.png","contentUrl":"https:\/\/fuentesfidedignas.com.mx\/wp-content\/uploads\/2021\/04\/logo-retina.png","width":280,"height":51,"caption":"Fuentes Fidedignas"},"image":{"@id":"https:\/\/fuentesfidedignas.com.mx\/#\/schema\/logo\/image\/"},"sameAs":["https:\/\/www.facebook.com\/Fuentes-Fidedignas-368234489921644","https:\/\/x.com\/fidedignas"]},{"@type":"Person","@id":"https:\/\/fuentesfidedignas.com.mx\/#\/schema\/person\/47ec0135738f4b0c7495f06a77a2c976","name":"Milenio","image":{"@type":"ImageObject","inLanguage":"es","@id":"https:\/\/secure.gravatar.com\/avatar\/acabf7b54753e51c2c76457954577c236b3b764789b19879565769739d1e4a75?s=96&d=mm&r=g","url":"https:\/\/secure.gravatar.com\/avatar\/acabf7b54753e51c2c76457954577c236b3b764789b19879565769739d1e4a75?s=96&d=mm&r=g","contentUrl":"https:\/\/secure.gravatar.com\/avatar\/acabf7b54753e51c2c76457954577c236b3b764789b19879565769739d1e4a75?s=96&d=mm&r=g","caption":"Milenio"},"url":"https:\/\/fuentesfidedignas.com.mx\/index.php\/author\/milenio\/"}]}},"_links":{"self":[{"href":"https:\/\/fuentesfidedignas.com.mx\/index.php\/wp-json\/wp\/v2\/posts\/115260","targetHints":{"allow":["GET"]}}],"collection":[{"href":"https:\/\/fuentesfidedignas.com.mx\/index.php\/wp-json\/wp\/v2\/posts"}],"about":[{"href":"https:\/\/fuentesfidedignas.com.mx\/index.php\/wp-json\/wp\/v2\/types\/post"}],"author":[{"embeddable":true,"href":"https:\/\/fuentesfidedignas.com.mx\/index.php\/wp-json\/wp\/v2\/users\/9"}],"replies":[{"embeddable":true,"href":"https:\/\/fuentesfidedignas.com.mx\/index.php\/wp-json\/wp\/v2\/comments?post=115260"}],"version-history":[{"count":1,"href":"https:\/\/fuentesfidedignas.com.mx\/index.php\/wp-json\/wp\/v2\/posts\/115260\/revisions"}],"predecessor-version":[{"id":115261,"href":"https:\/\/fuentesfidedignas.com.mx\/index.php\/wp-json\/wp\/v2\/posts\/115260\/revisions\/115261"}],"wp:featuredmedia":[{"embeddable":true,"href":"https:\/\/fuentesfidedignas.com.mx\/index.php\/wp-json\/wp\/v2\/media\/88463"}],"wp:attachment":[{"href":"https:\/\/fuentesfidedignas.com.mx\/index.php\/wp-json\/wp\/v2\/media?parent=115260"}],"wp:term":[{"taxonomy":"category","embeddable":true,"href":"https:\/\/fuentesfidedignas.com.mx\/index.php\/wp-json\/wp\/v2\/categories?post=115260"},{"taxonomy":"post_tag","embeddable":true,"href":"https:\/\/fuentesfidedignas.com.mx\/index.php\/wp-json\/wp\/v2\/tags?post=115260"}],"curies":[{"name":"wp","href":"https:\/\/api.w.org\/{rel}","templated":true}]}}