{"id":115004,"date":"2025-08-15T04:40:00","date_gmt":"2025-08-15T11:40:00","guid":{"rendered":"https:\/\/fuentesfidedignas.com.mx\/?p=115004"},"modified":"2025-08-14T07:40:43","modified_gmt":"2025-08-14T14:40:43","slug":"del-look-sonado-al-dolor-extremo-joven-sufre-quemaduras-por-usar-ropa-de-shein-en-vacaciones","status":"publish","type":"post","link":"https:\/\/fuentesfidedignas.com.mx\/index.php\/2025\/08\/15\/del-look-sonado-al-dolor-extremo-joven-sufre-quemaduras-por-usar-ropa-de-shein-en-vacaciones\/","title":{"rendered":"Del look so\u00f1ado al dolor extremo, joven sufre quemaduras por usar ropa de Shein en vacaciones"},"content":{"rendered":"\n<p><\/p>\n\n\n\n<p><strong><em>\u00bfModa r\u00e1pida a qu\u00e9 precio? Una joven sufri\u00f3 quemaduras graves tras usar un top de Shein durante sus vacaciones<\/em><\/strong><\/p>\n\n\n\n<p>En los \u00faltimos a\u00f1os comprar&nbsp;<strong>ropa<\/strong>&nbsp;que se anuncia en&nbsp;<strong>Shein<\/strong>&nbsp;se ha convertido en una pr\u00e1ctica muy popular, pues los dise\u00f1os suelen ser del gusto de las personas, adem\u00e1s de que se trata de&nbsp;<strong>precios accesibles<\/strong>, por lo que estas prendas se han convertido en las favoritas para muchos consumidores.<\/p>\n\n\n\n<p>Sin embargo, tambi\u00e9n se ha alertado sobre la&nbsp;<strong>calidad de la ropa de Shein,<\/strong>&nbsp;la&nbsp;<strong>explotaci\u00f3n de personas<\/strong>&nbsp;que existe tras su fabricaci\u00f3n, adem\u00e1s del&nbsp;<strong>da\u00f1o al medio ambiente<\/strong>&nbsp;que produce, y por si esto pareciera poco, ahora se est\u00e1 revelando que estas prendas tambi\u00e9n podr\u00edan causar un&nbsp;<strong>da\u00f1o a la salud.&nbsp;<\/strong><\/p>\n\n\n\n<h3 class=\"wp-block-heading\"><strong>\u201cPens\u00e9 que era una quemadura solar\u201d<\/strong><\/h3>\n\n\n\n<p><strong>Soraya Young, una joven brit\u00e1nica de 25 a\u00f1os,<\/strong>asegura haber sufrido quemaduras dolorosas en la piel despu\u00e9s de usar un top comprado en la&nbsp;<strong>popular tienda online Shein<\/strong>&nbsp;durante sus vacaciones en Turqu\u00eda.<\/p>\n\n\n\n<p>null<\/p>\n\n\n\n<p>Soraya cont\u00f3 su historia a los medios&nbsp;<em>The Sun<\/em>&nbsp;y&nbsp;<em>Daily Mail<\/em>, donde relat\u00f3 que compr\u00f3 un set de tres tops por apenas 5 d\u00f3lares antes de emprender su viaje. Los lav\u00f3 como corresponde y se los llev\u00f3 en la maleta con toda la ilusi\u00f3n de&nbsp;<strong>estrenar ropa veraniega<\/strong>, lo que no esperaba es que uno de ellos le dejar\u00eda marcas que podr\u00edan acompa\u00f1arla de por vida.<\/p>\n\n\n\n<blockquote class=\"wp-block-quote is-layout-flow wp-block-quote-is-layout-flow\">\n<p>\u201cEra un dolor insoportable. Por las noches no pod\u00eda dormir y cualquier movimiento del brazo me causaba un dolor intenso\u201d, record\u00f3.<\/p>\n<\/blockquote>\n\n\n\n<p>A pesar del malestar inicial, sigui\u00f3 usando la prenda algunos d\u00edas m\u00e1s, lo que empeor\u00f3 notablemente la situaci\u00f3n. La irritaci\u00f3n fue tal que lleg\u00f3 a presentar&nbsp;<strong>ampollas con pus en la espalda<\/strong>, en la forma exacta del top que hab\u00eda usado.<\/p>\n\n\n\n<p>La joven fue atendida en un centro m\u00e9dico, donde le indicaron que probablemente se trataba de una&nbsp;<strong>reacci\u00f3n al\u00e9rgica de la tela<\/strong>&nbsp;al exponerse al sol o al cloro de la piscina. Luego, ya de vuelta en Reino Unido, recibi\u00f3&nbsp;<strong>tratamiento con antibi\u00f3ticos y cremas especiales<\/strong>, aun as\u00ed, confiesa estar preocupada por las posibles cicatrices.<\/p>\n\n\n\n<blockquote class=\"wp-block-quote is-layout-flow wp-block-quote-is-layout-flow\">\n<p>\u201cLo peor no es solo el dolor, sino la forma que tiene. Parece que estoy usando una camiseta para siempre\u201d, dijo.<\/p>\n<\/blockquote>\n\n\n\n<p>La joven tambi\u00e9n quiso advertir a otros usuarios sobre los riesgos:&nbsp;<\/p>\n\n\n\n<blockquote class=\"wp-block-quote is-layout-flow wp-block-quote-is-layout-flow\">\n<p>&#8220;Mucha gente compra ah\u00ed para los chicos, y la piel de los nenes es mucho m\u00e1s sensible. No quiero imaginar&nbsp;si esto le pasaba a un ni\u00f1o&#8221;.<\/p>\n<\/blockquote>\n\n\n\n<p>Tras la viralizaci\u00f3n del caso,&nbsp;<strong>Shein retir\u00f3 la prenda de su cat\u00e1logo y ofreci\u00f3 disculpas p\u00fablicas<\/strong>, aunque no se conocen m\u00e1s detalles sobre una posible investigaci\u00f3n de calidad del producto.<\/p>\n\n\n\n<p>En tanto, dermat\u00f3logos recomend\u00f3 evitar prendas de tejidos sint\u00e9ticos, sobre todo si van en contacto directo con la piel.<\/p>\n","protected":false},"excerpt":{"rendered":"<p>\u00bfModa r\u00e1pida a qu\u00e9 precio? Una joven sufri\u00f3 quemaduras graves tras usar un top de Shein durante sus vacaciones En los \u00faltimos a\u00f1os comprar&nbsp;ropa&nbsp;que se anuncia en&nbsp;Shein&nbsp;se ha convertido en una pr\u00e1ctica muy popular, pues los dise\u00f1os suelen ser del gusto de las personas, adem\u00e1s de que se trata de&nbsp;precios accesibles, por lo que estas [&hellip;]<\/p>\n","protected":false},"author":7,"featured_media":115003,"comment_status":"closed","ping_status":"open","sticky":false,"template":"","format":"standard","meta":{"tdm_status":"","tdm_grid_status":"","footnotes":""},"categories":[40],"tags":[],"class_list":{"0":"post-115004","1":"post","2":"type-post","3":"status-publish","4":"format-standard","5":"has-post-thumbnail","7":"category-las-asombrosas"},"yoast_head":"<!-- This site is optimized with the Yoast SEO plugin v27.5 - https:\/\/yoast.com\/product\/yoast-seo-wordpress\/ -->\n<title>Del look so\u00f1ado al dolor extremo, joven sufre quemaduras por usar ropa de Shein en vacaciones - Fuentes Fidedignas<\/title>\n<meta name=\"robots\" content=\"index, follow, max-snippet:-1, max-image-preview:large, max-video-preview:-1\" \/>\n<link rel=\"canonical\" href=\"https:\/\/fuentesfidedignas.com.mx\/index.php\/2025\/08\/15\/del-look-sonado-al-dolor-extremo-joven-sufre-quemaduras-por-usar-ropa-de-shein-en-vacaciones\/\" \/>\n<meta property=\"og:locale\" content=\"es_MX\" \/>\n<meta property=\"og:type\" content=\"article\" \/>\n<meta property=\"og:title\" content=\"Del look so\u00f1ado al dolor extremo, joven sufre quemaduras por usar ropa de Shein en vacaciones - Fuentes Fidedignas\" \/>\n<meta property=\"og:description\" content=\"\u00bfModa r\u00e1pida a qu\u00e9 precio? Una joven sufri\u00f3 quemaduras graves tras usar un top de Shein durante sus vacaciones En los \u00faltimos a\u00f1os comprar&nbsp;ropa&nbsp;que se anuncia en&nbsp;Shein&nbsp;se ha convertido en una pr\u00e1ctica muy popular, pues los dise\u00f1os suelen ser del gusto de las personas, adem\u00e1s de que se trata de&nbsp;precios accesibles, por lo que estas [&hellip;]\" \/>\n<meta property=\"og:url\" content=\"https:\/\/fuentesfidedignas.com.mx\/index.php\/2025\/08\/15\/del-look-sonado-al-dolor-extremo-joven-sufre-quemaduras-por-usar-ropa-de-shein-en-vacaciones\/\" \/>\n<meta property=\"og:site_name\" content=\"Fuentes Fidedignas\" \/>\n<meta property=\"article:publisher\" content=\"https:\/\/www.facebook.com\/Fuentes-Fidedignas-368234489921644\" \/>\n<meta property=\"article:published_time\" content=\"2025-08-15T11:40:00+00:00\" \/>\n<meta property=\"og:image\" content=\"https:\/\/fuentesfidedignas.com.mx\/wp-content\/uploads\/2025\/08\/img_5246.jpg\" \/>\n\t<meta property=\"og:image:width\" content=\"380\" \/>\n\t<meta property=\"og:image:height\" content=\"308\" \/>\n\t<meta property=\"og:image:type\" content=\"image\/jpeg\" \/>\n<meta name=\"author\" content=\"Exc\u00e9lsior\" \/>\n<meta name=\"twitter:card\" content=\"summary_large_image\" \/>\n<meta name=\"twitter:creator\" content=\"@fidedignas\" \/>\n<meta name=\"twitter:site\" content=\"@fidedignas\" \/>\n<meta name=\"twitter:label1\" content=\"Escrito por\" \/>\n\t<meta name=\"twitter:data1\" content=\"Exc\u00e9lsior\" \/>\n\t<meta name=\"twitter:label2\" content=\"Tiempo de lectura\" \/>\n\t<meta name=\"twitter:data2\" content=\"3 minutos\" \/>\n<script type=\"application\/ld+json\" class=\"yoast-schema-graph\">{\"@context\":\"https:\\\/\\\/schema.org\",\"@graph\":[{\"@type\":\"Article\",\"@id\":\"https:\\\/\\\/fuentesfidedignas.com.mx\\\/index.php\\\/2025\\\/08\\\/15\\\/del-look-sonado-al-dolor-extremo-joven-sufre-quemaduras-por-usar-ropa-de-shein-en-vacaciones\\\/#article\",\"isPartOf\":{\"@id\":\"https:\\\/\\\/fuentesfidedignas.com.mx\\\/index.php\\\/2025\\\/08\\\/15\\\/del-look-sonado-al-dolor-extremo-joven-sufre-quemaduras-por-usar-ropa-de-shein-en-vacaciones\\\/\"},\"author\":{\"name\":\"Exc\u00e9lsior\",\"@id\":\"https:\\\/\\\/fuentesfidedignas.com.mx\\\/#\\\/schema\\\/person\\\/ec4edd1fbf5efa3e44fce34fe2787780\"},\"headline\":\"Del look so\u00f1ado al dolor extremo, joven sufre quemaduras por usar ropa de Shein en vacaciones\",\"datePublished\":\"2025-08-15T11:40:00+00:00\",\"mainEntityOfPage\":{\"@id\":\"https:\\\/\\\/fuentesfidedignas.com.mx\\\/index.php\\\/2025\\\/08\\\/15\\\/del-look-sonado-al-dolor-extremo-joven-sufre-quemaduras-por-usar-ropa-de-shein-en-vacaciones\\\/\"},\"wordCount\":537,\"publisher\":{\"@id\":\"https:\\\/\\\/fuentesfidedignas.com.mx\\\/#organization\"},\"image\":{\"@id\":\"https:\\\/\\\/fuentesfidedignas.com.mx\\\/index.php\\\/2025\\\/08\\\/15\\\/del-look-sonado-al-dolor-extremo-joven-sufre-quemaduras-por-usar-ropa-de-shein-en-vacaciones\\\/#primaryimage\"},\"thumbnailUrl\":\"https:\\\/\\\/fuentesfidedignas.com.mx\\\/wp-content\\\/uploads\\\/2025\\\/08\\\/img_5246.jpg\",\"articleSection\":[\"LAS ASOMBROSAS\"],\"inLanguage\":\"es\"},{\"@type\":\"WebPage\",\"@id\":\"https:\\\/\\\/fuentesfidedignas.com.mx\\\/index.php\\\/2025\\\/08\\\/15\\\/del-look-sonado-al-dolor-extremo-joven-sufre-quemaduras-por-usar-ropa-de-shein-en-vacaciones\\\/\",\"url\":\"https:\\\/\\\/fuentesfidedignas.com.mx\\\/index.php\\\/2025\\\/08\\\/15\\\/del-look-sonado-al-dolor-extremo-joven-sufre-quemaduras-por-usar-ropa-de-shein-en-vacaciones\\\/\",\"name\":\"Del look so\u00f1ado al dolor extremo, joven sufre quemaduras por usar ropa de Shein en vacaciones - Fuentes Fidedignas\",\"isPartOf\":{\"@id\":\"https:\\\/\\\/fuentesfidedignas.com.mx\\\/#website\"},\"primaryImageOfPage\":{\"@id\":\"https:\\\/\\\/fuentesfidedignas.com.mx\\\/index.php\\\/2025\\\/08\\\/15\\\/del-look-sonado-al-dolor-extremo-joven-sufre-quemaduras-por-usar-ropa-de-shein-en-vacaciones\\\/#primaryimage\"},\"image\":{\"@id\":\"https:\\\/\\\/fuentesfidedignas.com.mx\\\/index.php\\\/2025\\\/08\\\/15\\\/del-look-sonado-al-dolor-extremo-joven-sufre-quemaduras-por-usar-ropa-de-shein-en-vacaciones\\\/#primaryimage\"},\"thumbnailUrl\":\"https:\\\/\\\/fuentesfidedignas.com.mx\\\/wp-content\\\/uploads\\\/2025\\\/08\\\/img_5246.jpg\",\"datePublished\":\"2025-08-15T11:40:00+00:00\",\"breadcrumb\":{\"@id\":\"https:\\\/\\\/fuentesfidedignas.com.mx\\\/index.php\\\/2025\\\/08\\\/15\\\/del-look-sonado-al-dolor-extremo-joven-sufre-quemaduras-por-usar-ropa-de-shein-en-vacaciones\\\/#breadcrumb\"},\"inLanguage\":\"es\",\"potentialAction\":[{\"@type\":\"ReadAction\",\"target\":[\"https:\\\/\\\/fuentesfidedignas.com.mx\\\/index.php\\\/2025\\\/08\\\/15\\\/del-look-sonado-al-dolor-extremo-joven-sufre-quemaduras-por-usar-ropa-de-shein-en-vacaciones\\\/\"]}]},{\"@type\":\"ImageObject\",\"inLanguage\":\"es\",\"@id\":\"https:\\\/\\\/fuentesfidedignas.com.mx\\\/index.php\\\/2025\\\/08\\\/15\\\/del-look-sonado-al-dolor-extremo-joven-sufre-quemaduras-por-usar-ropa-de-shein-en-vacaciones\\\/#primaryimage\",\"url\":\"https:\\\/\\\/fuentesfidedignas.com.mx\\\/wp-content\\\/uploads\\\/2025\\\/08\\\/img_5246.jpg\",\"contentUrl\":\"https:\\\/\\\/fuentesfidedignas.com.mx\\\/wp-content\\\/uploads\\\/2025\\\/08\\\/img_5246.jpg\",\"width\":380,\"height\":308},{\"@type\":\"BreadcrumbList\",\"@id\":\"https:\\\/\\\/fuentesfidedignas.com.mx\\\/index.php\\\/2025\\\/08\\\/15\\\/del-look-sonado-al-dolor-extremo-joven-sufre-quemaduras-por-usar-ropa-de-shein-en-vacaciones\\\/#breadcrumb\",\"itemListElement\":[{\"@type\":\"ListItem\",\"position\":1,\"name\":\"Inicio\",\"item\":\"https:\\\/\\\/fuentesfidedignas.com.mx\\\/\"},{\"@type\":\"ListItem\",\"position\":2,\"name\":\"Del look so\u00f1ado al dolor extremo, joven sufre quemaduras por usar ropa de Shein en vacaciones\"}]},{\"@type\":\"WebSite\",\"@id\":\"https:\\\/\\\/fuentesfidedignas.com.mx\\\/#website\",\"url\":\"https:\\\/\\\/fuentesfidedignas.com.mx\\\/\",\"name\":\"Fuentes Fidedignas\",\"description\":\"Otro sitio realizado con WordPress\",\"publisher\":{\"@id\":\"https:\\\/\\\/fuentesfidedignas.com.mx\\\/#organization\"},\"potentialAction\":[{\"@type\":\"SearchAction\",\"target\":{\"@type\":\"EntryPoint\",\"urlTemplate\":\"https:\\\/\\\/fuentesfidedignas.com.mx\\\/?s={search_term_string}\"},\"query-input\":{\"@type\":\"PropertyValueSpecification\",\"valueRequired\":true,\"valueName\":\"search_term_string\"}}],\"inLanguage\":\"es\"},{\"@type\":\"Organization\",\"@id\":\"https:\\\/\\\/fuentesfidedignas.com.mx\\\/#organization\",\"name\":\"Fuentes Fidedignas\",\"url\":\"https:\\\/\\\/fuentesfidedignas.com.mx\\\/\",\"logo\":{\"@type\":\"ImageObject\",\"inLanguage\":\"es\",\"@id\":\"https:\\\/\\\/fuentesfidedignas.com.mx\\\/#\\\/schema\\\/logo\\\/image\\\/\",\"url\":\"https:\\\/\\\/fuentesfidedignas.com.mx\\\/wp-content\\\/uploads\\\/2021\\\/04\\\/logo-retina.png\",\"contentUrl\":\"https:\\\/\\\/fuentesfidedignas.com.mx\\\/wp-content\\\/uploads\\\/2021\\\/04\\\/logo-retina.png\",\"width\":280,\"height\":51,\"caption\":\"Fuentes Fidedignas\"},\"image\":{\"@id\":\"https:\\\/\\\/fuentesfidedignas.com.mx\\\/#\\\/schema\\\/logo\\\/image\\\/\"},\"sameAs\":[\"https:\\\/\\\/www.facebook.com\\\/Fuentes-Fidedignas-368234489921644\",\"https:\\\/\\\/x.com\\\/fidedignas\"]},{\"@type\":\"Person\",\"@id\":\"https:\\\/\\\/fuentesfidedignas.com.mx\\\/#\\\/schema\\\/person\\\/ec4edd1fbf5efa3e44fce34fe2787780\",\"name\":\"Exc\u00e9lsior\",\"image\":{\"@type\":\"ImageObject\",\"inLanguage\":\"es\",\"@id\":\"https:\\\/\\\/secure.gravatar.com\\\/avatar\\\/4b7ee9206b48be08447852b3f0814dbc7c0f3b51541b164f1464a2725614020b?s=96&d=mm&r=g\",\"url\":\"https:\\\/\\\/secure.gravatar.com\\\/avatar\\\/4b7ee9206b48be08447852b3f0814dbc7c0f3b51541b164f1464a2725614020b?s=96&d=mm&r=g\",\"contentUrl\":\"https:\\\/\\\/secure.gravatar.com\\\/avatar\\\/4b7ee9206b48be08447852b3f0814dbc7c0f3b51541b164f1464a2725614020b?s=96&d=mm&r=g\",\"caption\":\"Exc\u00e9lsior\"},\"url\":\"https:\\\/\\\/fuentesfidedignas.com.mx\\\/index.php\\\/author\\\/excelsior\\\/\"}]}<\/script>\n<!-- \/ Yoast SEO plugin. -->","yoast_head_json":{"title":"Del look so\u00f1ado al dolor extremo, joven sufre quemaduras por usar ropa de Shein en vacaciones - Fuentes Fidedignas","robots":{"index":"index","follow":"follow","max-snippet":"max-snippet:-1","max-image-preview":"max-image-preview:large","max-video-preview":"max-video-preview:-1"},"canonical":"https:\/\/fuentesfidedignas.com.mx\/index.php\/2025\/08\/15\/del-look-sonado-al-dolor-extremo-joven-sufre-quemaduras-por-usar-ropa-de-shein-en-vacaciones\/","og_locale":"es_MX","og_type":"article","og_title":"Del look so\u00f1ado al dolor extremo, joven sufre quemaduras por usar ropa de Shein en vacaciones - Fuentes Fidedignas","og_description":"\u00bfModa r\u00e1pida a qu\u00e9 precio? Una joven sufri\u00f3 quemaduras graves tras usar un top de Shein durante sus vacaciones En los \u00faltimos a\u00f1os comprar&nbsp;ropa&nbsp;que se anuncia en&nbsp;Shein&nbsp;se ha convertido en una pr\u00e1ctica muy popular, pues los dise\u00f1os suelen ser del gusto de las personas, adem\u00e1s de que se trata de&nbsp;precios accesibles, por lo que estas [&hellip;]","og_url":"https:\/\/fuentesfidedignas.com.mx\/index.php\/2025\/08\/15\/del-look-sonado-al-dolor-extremo-joven-sufre-quemaduras-por-usar-ropa-de-shein-en-vacaciones\/","og_site_name":"Fuentes Fidedignas","article_publisher":"https:\/\/www.facebook.com\/Fuentes-Fidedignas-368234489921644","article_published_time":"2025-08-15T11:40:00+00:00","og_image":[{"width":380,"height":308,"url":"https:\/\/fuentesfidedignas.com.mx\/wp-content\/uploads\/2025\/08\/img_5246.jpg","type":"image\/jpeg"}],"author":"Exc\u00e9lsior","twitter_card":"summary_large_image","twitter_creator":"@fidedignas","twitter_site":"@fidedignas","twitter_misc":{"Escrito por":"Exc\u00e9lsior","Tiempo de lectura":"3 minutos"},"schema":{"@context":"https:\/\/schema.org","@graph":[{"@type":"Article","@id":"https:\/\/fuentesfidedignas.com.mx\/index.php\/2025\/08\/15\/del-look-sonado-al-dolor-extremo-joven-sufre-quemaduras-por-usar-ropa-de-shein-en-vacaciones\/#article","isPartOf":{"@id":"https:\/\/fuentesfidedignas.com.mx\/index.php\/2025\/08\/15\/del-look-sonado-al-dolor-extremo-joven-sufre-quemaduras-por-usar-ropa-de-shein-en-vacaciones\/"},"author":{"name":"Exc\u00e9lsior","@id":"https:\/\/fuentesfidedignas.com.mx\/#\/schema\/person\/ec4edd1fbf5efa3e44fce34fe2787780"},"headline":"Del look so\u00f1ado al dolor extremo, joven sufre quemaduras por usar ropa de Shein en vacaciones","datePublished":"2025-08-15T11:40:00+00:00","mainEntityOfPage":{"@id":"https:\/\/fuentesfidedignas.com.mx\/index.php\/2025\/08\/15\/del-look-sonado-al-dolor-extremo-joven-sufre-quemaduras-por-usar-ropa-de-shein-en-vacaciones\/"},"wordCount":537,"publisher":{"@id":"https:\/\/fuentesfidedignas.com.mx\/#organization"},"image":{"@id":"https:\/\/fuentesfidedignas.com.mx\/index.php\/2025\/08\/15\/del-look-sonado-al-dolor-extremo-joven-sufre-quemaduras-por-usar-ropa-de-shein-en-vacaciones\/#primaryimage"},"thumbnailUrl":"https:\/\/fuentesfidedignas.com.mx\/wp-content\/uploads\/2025\/08\/img_5246.jpg","articleSection":["LAS ASOMBROSAS"],"inLanguage":"es"},{"@type":"WebPage","@id":"https:\/\/fuentesfidedignas.com.mx\/index.php\/2025\/08\/15\/del-look-sonado-al-dolor-extremo-joven-sufre-quemaduras-por-usar-ropa-de-shein-en-vacaciones\/","url":"https:\/\/fuentesfidedignas.com.mx\/index.php\/2025\/08\/15\/del-look-sonado-al-dolor-extremo-joven-sufre-quemaduras-por-usar-ropa-de-shein-en-vacaciones\/","name":"Del look so\u00f1ado al dolor extremo, joven sufre quemaduras por usar ropa de Shein en vacaciones - Fuentes Fidedignas","isPartOf":{"@id":"https:\/\/fuentesfidedignas.com.mx\/#website"},"primaryImageOfPage":{"@id":"https:\/\/fuentesfidedignas.com.mx\/index.php\/2025\/08\/15\/del-look-sonado-al-dolor-extremo-joven-sufre-quemaduras-por-usar-ropa-de-shein-en-vacaciones\/#primaryimage"},"image":{"@id":"https:\/\/fuentesfidedignas.com.mx\/index.php\/2025\/08\/15\/del-look-sonado-al-dolor-extremo-joven-sufre-quemaduras-por-usar-ropa-de-shein-en-vacaciones\/#primaryimage"},"thumbnailUrl":"https:\/\/fuentesfidedignas.com.mx\/wp-content\/uploads\/2025\/08\/img_5246.jpg","datePublished":"2025-08-15T11:40:00+00:00","breadcrumb":{"@id":"https:\/\/fuentesfidedignas.com.mx\/index.php\/2025\/08\/15\/del-look-sonado-al-dolor-extremo-joven-sufre-quemaduras-por-usar-ropa-de-shein-en-vacaciones\/#breadcrumb"},"inLanguage":"es","potentialAction":[{"@type":"ReadAction","target":["https:\/\/fuentesfidedignas.com.mx\/index.php\/2025\/08\/15\/del-look-sonado-al-dolor-extremo-joven-sufre-quemaduras-por-usar-ropa-de-shein-en-vacaciones\/"]}]},{"@type":"ImageObject","inLanguage":"es","@id":"https:\/\/fuentesfidedignas.com.mx\/index.php\/2025\/08\/15\/del-look-sonado-al-dolor-extremo-joven-sufre-quemaduras-por-usar-ropa-de-shein-en-vacaciones\/#primaryimage","url":"https:\/\/fuentesfidedignas.com.mx\/wp-content\/uploads\/2025\/08\/img_5246.jpg","contentUrl":"https:\/\/fuentesfidedignas.com.mx\/wp-content\/uploads\/2025\/08\/img_5246.jpg","width":380,"height":308},{"@type":"BreadcrumbList","@id":"https:\/\/fuentesfidedignas.com.mx\/index.php\/2025\/08\/15\/del-look-sonado-al-dolor-extremo-joven-sufre-quemaduras-por-usar-ropa-de-shein-en-vacaciones\/#breadcrumb","itemListElement":[{"@type":"ListItem","position":1,"name":"Inicio","item":"https:\/\/fuentesfidedignas.com.mx\/"},{"@type":"ListItem","position":2,"name":"Del look so\u00f1ado al dolor extremo, joven sufre quemaduras por usar ropa de Shein en vacaciones"}]},{"@type":"WebSite","@id":"https:\/\/fuentesfidedignas.com.mx\/#website","url":"https:\/\/fuentesfidedignas.com.mx\/","name":"Fuentes Fidedignas","description":"Otro sitio realizado con WordPress","publisher":{"@id":"https:\/\/fuentesfidedignas.com.mx\/#organization"},"potentialAction":[{"@type":"SearchAction","target":{"@type":"EntryPoint","urlTemplate":"https:\/\/fuentesfidedignas.com.mx\/?s={search_term_string}"},"query-input":{"@type":"PropertyValueSpecification","valueRequired":true,"valueName":"search_term_string"}}],"inLanguage":"es"},{"@type":"Organization","@id":"https:\/\/fuentesfidedignas.com.mx\/#organization","name":"Fuentes Fidedignas","url":"https:\/\/fuentesfidedignas.com.mx\/","logo":{"@type":"ImageObject","inLanguage":"es","@id":"https:\/\/fuentesfidedignas.com.mx\/#\/schema\/logo\/image\/","url":"https:\/\/fuentesfidedignas.com.mx\/wp-content\/uploads\/2021\/04\/logo-retina.png","contentUrl":"https:\/\/fuentesfidedignas.com.mx\/wp-content\/uploads\/2021\/04\/logo-retina.png","width":280,"height":51,"caption":"Fuentes Fidedignas"},"image":{"@id":"https:\/\/fuentesfidedignas.com.mx\/#\/schema\/logo\/image\/"},"sameAs":["https:\/\/www.facebook.com\/Fuentes-Fidedignas-368234489921644","https:\/\/x.com\/fidedignas"]},{"@type":"Person","@id":"https:\/\/fuentesfidedignas.com.mx\/#\/schema\/person\/ec4edd1fbf5efa3e44fce34fe2787780","name":"Exc\u00e9lsior","image":{"@type":"ImageObject","inLanguage":"es","@id":"https:\/\/secure.gravatar.com\/avatar\/4b7ee9206b48be08447852b3f0814dbc7c0f3b51541b164f1464a2725614020b?s=96&d=mm&r=g","url":"https:\/\/secure.gravatar.com\/avatar\/4b7ee9206b48be08447852b3f0814dbc7c0f3b51541b164f1464a2725614020b?s=96&d=mm&r=g","contentUrl":"https:\/\/secure.gravatar.com\/avatar\/4b7ee9206b48be08447852b3f0814dbc7c0f3b51541b164f1464a2725614020b?s=96&d=mm&r=g","caption":"Exc\u00e9lsior"},"url":"https:\/\/fuentesfidedignas.com.mx\/index.php\/author\/excelsior\/"}]}},"_links":{"self":[{"href":"https:\/\/fuentesfidedignas.com.mx\/index.php\/wp-json\/wp\/v2\/posts\/115004","targetHints":{"allow":["GET"]}}],"collection":[{"href":"https:\/\/fuentesfidedignas.com.mx\/index.php\/wp-json\/wp\/v2\/posts"}],"about":[{"href":"https:\/\/fuentesfidedignas.com.mx\/index.php\/wp-json\/wp\/v2\/types\/post"}],"author":[{"embeddable":true,"href":"https:\/\/fuentesfidedignas.com.mx\/index.php\/wp-json\/wp\/v2\/users\/7"}],"replies":[{"embeddable":true,"href":"https:\/\/fuentesfidedignas.com.mx\/index.php\/wp-json\/wp\/v2\/comments?post=115004"}],"version-history":[{"count":1,"href":"https:\/\/fuentesfidedignas.com.mx\/index.php\/wp-json\/wp\/v2\/posts\/115004\/revisions"}],"predecessor-version":[{"id":115005,"href":"https:\/\/fuentesfidedignas.com.mx\/index.php\/wp-json\/wp\/v2\/posts\/115004\/revisions\/115005"}],"wp:featuredmedia":[{"embeddable":true,"href":"https:\/\/fuentesfidedignas.com.mx\/index.php\/wp-json\/wp\/v2\/media\/115003"}],"wp:attachment":[{"href":"https:\/\/fuentesfidedignas.com.mx\/index.php\/wp-json\/wp\/v2\/media?parent=115004"}],"wp:term":[{"taxonomy":"category","embeddable":true,"href":"https:\/\/fuentesfidedignas.com.mx\/index.php\/wp-json\/wp\/v2\/categories?post=115004"},{"taxonomy":"post_tag","embeddable":true,"href":"https:\/\/fuentesfidedignas.com.mx\/index.php\/wp-json\/wp\/v2\/tags?post=115004"}],"curies":[{"name":"wp","href":"https:\/\/api.w.org\/{rel}","templated":true}]}}