{"id":114819,"date":"2025-08-13T05:26:00","date_gmt":"2025-08-13T12:26:00","guid":{"rendered":"https:\/\/fuentesfidedignas.com.mx\/?p=114819"},"modified":"2025-08-12T08:28:23","modified_gmt":"2025-08-12T15:28:23","slug":"video-un-iphone-cae-de-un-avion-a-800-metros-de-altura-y-esto-fue-lo-que-grabo","status":"publish","type":"post","link":"https:\/\/fuentesfidedignas.com.mx\/index.php\/2025\/08\/13\/video-un-iphone-cae-de-un-avion-a-800-metros-de-altura-y-esto-fue-lo-que-grabo\/","title":{"rendered":"VIDEO: Un iPhone cae de un avi\u00f3n a 800 metros de altura y esto fue lo que grab\u00f3"},"content":{"rendered":"\n<p><br>Una mujer en Alemania dej\u00f3 caer por accidente su iPhone 16 Pro mientras grababa durante un sobrevuelo en un peque\u00f1o avi\u00f3n. El tel\u00e9fono, que sigui\u00f3 filmando, cay\u00f3 desde m\u00e1s de 800 metros en un bosque. La due\u00f1a pens\u00f3 que lo hab\u00eda perdido para siempre. Sin embargo, ya que su tarjeta de cr\u00e9dito estaba all\u00ed, decidi\u00f3 buscarlo con la funci\u00f3n de localizaci\u00f3n de iPhone y lo hall\u00f3. Para su sorpresa, el &#8216;smartphone&#8217; estaba intacto. Ella cree que la carcasa, con apenas unos rasgu\u00f1os, lo salv\u00f3<\/p>\n\n\n\n<figure class=\"wp-block-embed is-type-rich is-provider-twitter wp-block-embed-twitter\"><div class=\"wp-block-embed__wrapper\">\n<blockquote class=\"twitter-tweet\" data-width=\"550\" data-dnt=\"true\"><p lang=\"en\" dir=\"ltr\">AirDrop happened in\ud83c\udde9\ud83c\uddeaGermany.\ud83d\udde3\ufe0fLiterally <br>\ud83d\udde3\ufe0fAmateur pilot Ashley Prange was filming the views from the cockpit of a light aircraft on an iPhone 16 Pro when the gadget was torn out of her hands at an altitude of about 800 meters at a flight speed of ~205 km \/ h. But the smartphone\u2026 <a href=\"https:\/\/t.co\/koCppJ4Sty\">pic.twitter.com\/koCppJ4Sty<\/a><\/p>&mdash; m\u1eb7t\ud83c\udf17tr\u0103ng\u201d (@MatTrang911) <a href=\"https:\/\/twitter.com\/MatTrang911\/status\/1954127318353355133?ref_src=twsrc%5Etfw\">August 9, 2025<\/a><\/blockquote><script async src=\"https:\/\/platform.twitter.com\/widgets.js\" charset=\"utf-8\"><\/script>\n<\/div><\/figure>\n","protected":false},"excerpt":{"rendered":"<p>Una mujer en Alemania dej\u00f3 caer por accidente su iPhone 16 Pro mientras grababa durante un sobrevuelo en un peque\u00f1o avi\u00f3n. El tel\u00e9fono, que sigui\u00f3 filmando, cay\u00f3 desde m\u00e1s de 800 metros en un bosque. La due\u00f1a pens\u00f3 que lo hab\u00eda perdido para siempre. Sin embargo, ya que su tarjeta de cr\u00e9dito estaba all\u00ed, decidi\u00f3 [&hellip;]<\/p>\n","protected":false},"author":38,"featured_media":114818,"comment_status":"closed","ping_status":"open","sticky":false,"template":"","format":"standard","meta":{"tdm_status":"","tdm_grid_status":"","footnotes":""},"categories":[40],"tags":[],"class_list":{"0":"post-114819","1":"post","2":"type-post","3":"status-publish","4":"format-standard","5":"has-post-thumbnail","7":"category-las-asombrosas"},"yoast_head":"<!-- This site is optimized with the Yoast SEO plugin v27.5 - https:\/\/yoast.com\/product\/yoast-seo-wordpress\/ -->\n<title>VIDEO: Un iPhone cae de un avi\u00f3n a 800 metros de altura y esto fue lo que grab\u00f3 - Fuentes Fidedignas<\/title>\n<meta name=\"robots\" content=\"index, follow, max-snippet:-1, max-image-preview:large, max-video-preview:-1\" \/>\n<link rel=\"canonical\" href=\"https:\/\/fuentesfidedignas.com.mx\/index.php\/2025\/08\/13\/video-un-iphone-cae-de-un-avion-a-800-metros-de-altura-y-esto-fue-lo-que-grabo\/\" \/>\n<meta property=\"og:locale\" content=\"es_MX\" \/>\n<meta property=\"og:type\" content=\"article\" \/>\n<meta property=\"og:title\" content=\"VIDEO: Un iPhone cae de un avi\u00f3n a 800 metros de altura y esto fue lo que grab\u00f3 - Fuentes Fidedignas\" \/>\n<meta property=\"og:description\" content=\"Una mujer en Alemania dej\u00f3 caer por accidente su iPhone 16 Pro mientras grababa durante un sobrevuelo en un peque\u00f1o avi\u00f3n. El tel\u00e9fono, que sigui\u00f3 filmando, cay\u00f3 desde m\u00e1s de 800 metros en un bosque. La due\u00f1a pens\u00f3 que lo hab\u00eda perdido para siempre. Sin embargo, ya que su tarjeta de cr\u00e9dito estaba all\u00ed, decidi\u00f3 [&hellip;]\" \/>\n<meta property=\"og:url\" content=\"https:\/\/fuentesfidedignas.com.mx\/index.php\/2025\/08\/13\/video-un-iphone-cae-de-un-avion-a-800-metros-de-altura-y-esto-fue-lo-que-grabo\/\" \/>\n<meta property=\"og:site_name\" content=\"Fuentes Fidedignas\" \/>\n<meta property=\"article:publisher\" content=\"https:\/\/www.facebook.com\/Fuentes-Fidedignas-368234489921644\" \/>\n<meta property=\"article:published_time\" content=\"2025-08-13T12:26:00+00:00\" \/>\n<meta property=\"og:image\" content=\"https:\/\/fuentesfidedignas.com.mx\/wp-content\/uploads\/2025\/08\/img_5135.jpg\" \/>\n\t<meta property=\"og:image:width\" content=\"1104\" \/>\n\t<meta property=\"og:image:height\" content=\"622\" \/>\n\t<meta property=\"og:image:type\" content=\"image\/jpeg\" \/>\n<meta name=\"author\" content=\"Actualidad RT\" \/>\n<meta name=\"twitter:card\" content=\"summary_large_image\" \/>\n<meta name=\"twitter:creator\" content=\"@fidedignas\" \/>\n<meta name=\"twitter:site\" content=\"@fidedignas\" \/>\n<meta name=\"twitter:label1\" content=\"Escrito por\" \/>\n\t<meta name=\"twitter:data1\" content=\"Actualidad RT\" \/>\n\t<meta name=\"twitter:label2\" content=\"Tiempo de lectura\" \/>\n\t<meta name=\"twitter:data2\" content=\"1 minuto\" \/>\n<script type=\"application\/ld+json\" class=\"yoast-schema-graph\">{\"@context\":\"https:\\\/\\\/schema.org\",\"@graph\":[{\"@type\":\"Article\",\"@id\":\"https:\\\/\\\/fuentesfidedignas.com.mx\\\/index.php\\\/2025\\\/08\\\/13\\\/video-un-iphone-cae-de-un-avion-a-800-metros-de-altura-y-esto-fue-lo-que-grabo\\\/#article\",\"isPartOf\":{\"@id\":\"https:\\\/\\\/fuentesfidedignas.com.mx\\\/index.php\\\/2025\\\/08\\\/13\\\/video-un-iphone-cae-de-un-avion-a-800-metros-de-altura-y-esto-fue-lo-que-grabo\\\/\"},\"author\":{\"name\":\"Actualidad RT\",\"@id\":\"https:\\\/\\\/fuentesfidedignas.com.mx\\\/#\\\/schema\\\/person\\\/eade03a5d4a96f9b557ac266e3d63718\"},\"headline\":\"VIDEO: Un iPhone cae de un avi\u00f3n a 800 metros de altura y esto fue lo que grab\u00f3\",\"datePublished\":\"2025-08-13T12:26:00+00:00\",\"mainEntityOfPage\":{\"@id\":\"https:\\\/\\\/fuentesfidedignas.com.mx\\\/index.php\\\/2025\\\/08\\\/13\\\/video-un-iphone-cae-de-un-avion-a-800-metros-de-altura-y-esto-fue-lo-que-grabo\\\/\"},\"wordCount\":116,\"publisher\":{\"@id\":\"https:\\\/\\\/fuentesfidedignas.com.mx\\\/#organization\"},\"image\":{\"@id\":\"https:\\\/\\\/fuentesfidedignas.com.mx\\\/index.php\\\/2025\\\/08\\\/13\\\/video-un-iphone-cae-de-un-avion-a-800-metros-de-altura-y-esto-fue-lo-que-grabo\\\/#primaryimage\"},\"thumbnailUrl\":\"https:\\\/\\\/fuentesfidedignas.com.mx\\\/wp-content\\\/uploads\\\/2025\\\/08\\\/img_5135.jpg\",\"articleSection\":[\"LAS ASOMBROSAS\"],\"inLanguage\":\"es\"},{\"@type\":\"WebPage\",\"@id\":\"https:\\\/\\\/fuentesfidedignas.com.mx\\\/index.php\\\/2025\\\/08\\\/13\\\/video-un-iphone-cae-de-un-avion-a-800-metros-de-altura-y-esto-fue-lo-que-grabo\\\/\",\"url\":\"https:\\\/\\\/fuentesfidedignas.com.mx\\\/index.php\\\/2025\\\/08\\\/13\\\/video-un-iphone-cae-de-un-avion-a-800-metros-de-altura-y-esto-fue-lo-que-grabo\\\/\",\"name\":\"VIDEO: Un iPhone cae de un avi\u00f3n a 800 metros de altura y esto fue lo que grab\u00f3 - Fuentes Fidedignas\",\"isPartOf\":{\"@id\":\"https:\\\/\\\/fuentesfidedignas.com.mx\\\/#website\"},\"primaryImageOfPage\":{\"@id\":\"https:\\\/\\\/fuentesfidedignas.com.mx\\\/index.php\\\/2025\\\/08\\\/13\\\/video-un-iphone-cae-de-un-avion-a-800-metros-de-altura-y-esto-fue-lo-que-grabo\\\/#primaryimage\"},\"image\":{\"@id\":\"https:\\\/\\\/fuentesfidedignas.com.mx\\\/index.php\\\/2025\\\/08\\\/13\\\/video-un-iphone-cae-de-un-avion-a-800-metros-de-altura-y-esto-fue-lo-que-grabo\\\/#primaryimage\"},\"thumbnailUrl\":\"https:\\\/\\\/fuentesfidedignas.com.mx\\\/wp-content\\\/uploads\\\/2025\\\/08\\\/img_5135.jpg\",\"datePublished\":\"2025-08-13T12:26:00+00:00\",\"breadcrumb\":{\"@id\":\"https:\\\/\\\/fuentesfidedignas.com.mx\\\/index.php\\\/2025\\\/08\\\/13\\\/video-un-iphone-cae-de-un-avion-a-800-metros-de-altura-y-esto-fue-lo-que-grabo\\\/#breadcrumb\"},\"inLanguage\":\"es\",\"potentialAction\":[{\"@type\":\"ReadAction\",\"target\":[\"https:\\\/\\\/fuentesfidedignas.com.mx\\\/index.php\\\/2025\\\/08\\\/13\\\/video-un-iphone-cae-de-un-avion-a-800-metros-de-altura-y-esto-fue-lo-que-grabo\\\/\"]}]},{\"@type\":\"ImageObject\",\"inLanguage\":\"es\",\"@id\":\"https:\\\/\\\/fuentesfidedignas.com.mx\\\/index.php\\\/2025\\\/08\\\/13\\\/video-un-iphone-cae-de-un-avion-a-800-metros-de-altura-y-esto-fue-lo-que-grabo\\\/#primaryimage\",\"url\":\"https:\\\/\\\/fuentesfidedignas.com.mx\\\/wp-content\\\/uploads\\\/2025\\\/08\\\/img_5135.jpg\",\"contentUrl\":\"https:\\\/\\\/fuentesfidedignas.com.mx\\\/wp-content\\\/uploads\\\/2025\\\/08\\\/img_5135.jpg\",\"width\":1104,\"height\":622},{\"@type\":\"BreadcrumbList\",\"@id\":\"https:\\\/\\\/fuentesfidedignas.com.mx\\\/index.php\\\/2025\\\/08\\\/13\\\/video-un-iphone-cae-de-un-avion-a-800-metros-de-altura-y-esto-fue-lo-que-grabo\\\/#breadcrumb\",\"itemListElement\":[{\"@type\":\"ListItem\",\"position\":1,\"name\":\"Inicio\",\"item\":\"https:\\\/\\\/fuentesfidedignas.com.mx\\\/\"},{\"@type\":\"ListItem\",\"position\":2,\"name\":\"VIDEO: Un iPhone cae de un avi\u00f3n a 800 metros de altura y esto fue lo que grab\u00f3\"}]},{\"@type\":\"WebSite\",\"@id\":\"https:\\\/\\\/fuentesfidedignas.com.mx\\\/#website\",\"url\":\"https:\\\/\\\/fuentesfidedignas.com.mx\\\/\",\"name\":\"Fuentes Fidedignas\",\"description\":\"Otro sitio realizado con WordPress\",\"publisher\":{\"@id\":\"https:\\\/\\\/fuentesfidedignas.com.mx\\\/#organization\"},\"potentialAction\":[{\"@type\":\"SearchAction\",\"target\":{\"@type\":\"EntryPoint\",\"urlTemplate\":\"https:\\\/\\\/fuentesfidedignas.com.mx\\\/?s={search_term_string}\"},\"query-input\":{\"@type\":\"PropertyValueSpecification\",\"valueRequired\":true,\"valueName\":\"search_term_string\"}}],\"inLanguage\":\"es\"},{\"@type\":\"Organization\",\"@id\":\"https:\\\/\\\/fuentesfidedignas.com.mx\\\/#organization\",\"name\":\"Fuentes Fidedignas\",\"url\":\"https:\\\/\\\/fuentesfidedignas.com.mx\\\/\",\"logo\":{\"@type\":\"ImageObject\",\"inLanguage\":\"es\",\"@id\":\"https:\\\/\\\/fuentesfidedignas.com.mx\\\/#\\\/schema\\\/logo\\\/image\\\/\",\"url\":\"https:\\\/\\\/fuentesfidedignas.com.mx\\\/wp-content\\\/uploads\\\/2021\\\/04\\\/logo-retina.png\",\"contentUrl\":\"https:\\\/\\\/fuentesfidedignas.com.mx\\\/wp-content\\\/uploads\\\/2021\\\/04\\\/logo-retina.png\",\"width\":280,\"height\":51,\"caption\":\"Fuentes Fidedignas\"},\"image\":{\"@id\":\"https:\\\/\\\/fuentesfidedignas.com.mx\\\/#\\\/schema\\\/logo\\\/image\\\/\"},\"sameAs\":[\"https:\\\/\\\/www.facebook.com\\\/Fuentes-Fidedignas-368234489921644\",\"https:\\\/\\\/x.com\\\/fidedignas\"]},{\"@type\":\"Person\",\"@id\":\"https:\\\/\\\/fuentesfidedignas.com.mx\\\/#\\\/schema\\\/person\\\/eade03a5d4a96f9b557ac266e3d63718\",\"name\":\"Actualidad RT\",\"image\":{\"@type\":\"ImageObject\",\"inLanguage\":\"es\",\"@id\":\"https:\\\/\\\/secure.gravatar.com\\\/avatar\\\/443e88260a6a7111cf83d7014ab1894f91a4053ffd4e9da37d79effad3a35c81?s=96&d=mm&r=g\",\"url\":\"https:\\\/\\\/secure.gravatar.com\\\/avatar\\\/443e88260a6a7111cf83d7014ab1894f91a4053ffd4e9da37d79effad3a35c81?s=96&d=mm&r=g\",\"contentUrl\":\"https:\\\/\\\/secure.gravatar.com\\\/avatar\\\/443e88260a6a7111cf83d7014ab1894f91a4053ffd4e9da37d79effad3a35c81?s=96&d=mm&r=g\",\"caption\":\"Actualidad RT\"},\"url\":\"https:\\\/\\\/fuentesfidedignas.com.mx\\\/index.php\\\/author\\\/actualidad\\\/\"}]}<\/script>\n<!-- \/ Yoast SEO plugin. -->","yoast_head_json":{"title":"VIDEO: Un iPhone cae de un avi\u00f3n a 800 metros de altura y esto fue lo que grab\u00f3 - Fuentes Fidedignas","robots":{"index":"index","follow":"follow","max-snippet":"max-snippet:-1","max-image-preview":"max-image-preview:large","max-video-preview":"max-video-preview:-1"},"canonical":"https:\/\/fuentesfidedignas.com.mx\/index.php\/2025\/08\/13\/video-un-iphone-cae-de-un-avion-a-800-metros-de-altura-y-esto-fue-lo-que-grabo\/","og_locale":"es_MX","og_type":"article","og_title":"VIDEO: Un iPhone cae de un avi\u00f3n a 800 metros de altura y esto fue lo que grab\u00f3 - Fuentes Fidedignas","og_description":"Una mujer en Alemania dej\u00f3 caer por accidente su iPhone 16 Pro mientras grababa durante un sobrevuelo en un peque\u00f1o avi\u00f3n. El tel\u00e9fono, que sigui\u00f3 filmando, cay\u00f3 desde m\u00e1s de 800 metros en un bosque. La due\u00f1a pens\u00f3 que lo hab\u00eda perdido para siempre. Sin embargo, ya que su tarjeta de cr\u00e9dito estaba all\u00ed, decidi\u00f3 [&hellip;]","og_url":"https:\/\/fuentesfidedignas.com.mx\/index.php\/2025\/08\/13\/video-un-iphone-cae-de-un-avion-a-800-metros-de-altura-y-esto-fue-lo-que-grabo\/","og_site_name":"Fuentes Fidedignas","article_publisher":"https:\/\/www.facebook.com\/Fuentes-Fidedignas-368234489921644","article_published_time":"2025-08-13T12:26:00+00:00","og_image":[{"width":1104,"height":622,"url":"https:\/\/fuentesfidedignas.com.mx\/wp-content\/uploads\/2025\/08\/img_5135.jpg","type":"image\/jpeg"}],"author":"Actualidad RT","twitter_card":"summary_large_image","twitter_creator":"@fidedignas","twitter_site":"@fidedignas","twitter_misc":{"Escrito por":"Actualidad RT","Tiempo de lectura":"1 minuto"},"schema":{"@context":"https:\/\/schema.org","@graph":[{"@type":"Article","@id":"https:\/\/fuentesfidedignas.com.mx\/index.php\/2025\/08\/13\/video-un-iphone-cae-de-un-avion-a-800-metros-de-altura-y-esto-fue-lo-que-grabo\/#article","isPartOf":{"@id":"https:\/\/fuentesfidedignas.com.mx\/index.php\/2025\/08\/13\/video-un-iphone-cae-de-un-avion-a-800-metros-de-altura-y-esto-fue-lo-que-grabo\/"},"author":{"name":"Actualidad RT","@id":"https:\/\/fuentesfidedignas.com.mx\/#\/schema\/person\/eade03a5d4a96f9b557ac266e3d63718"},"headline":"VIDEO: Un iPhone cae de un avi\u00f3n a 800 metros de altura y esto fue lo que grab\u00f3","datePublished":"2025-08-13T12:26:00+00:00","mainEntityOfPage":{"@id":"https:\/\/fuentesfidedignas.com.mx\/index.php\/2025\/08\/13\/video-un-iphone-cae-de-un-avion-a-800-metros-de-altura-y-esto-fue-lo-que-grabo\/"},"wordCount":116,"publisher":{"@id":"https:\/\/fuentesfidedignas.com.mx\/#organization"},"image":{"@id":"https:\/\/fuentesfidedignas.com.mx\/index.php\/2025\/08\/13\/video-un-iphone-cae-de-un-avion-a-800-metros-de-altura-y-esto-fue-lo-que-grabo\/#primaryimage"},"thumbnailUrl":"https:\/\/fuentesfidedignas.com.mx\/wp-content\/uploads\/2025\/08\/img_5135.jpg","articleSection":["LAS ASOMBROSAS"],"inLanguage":"es"},{"@type":"WebPage","@id":"https:\/\/fuentesfidedignas.com.mx\/index.php\/2025\/08\/13\/video-un-iphone-cae-de-un-avion-a-800-metros-de-altura-y-esto-fue-lo-que-grabo\/","url":"https:\/\/fuentesfidedignas.com.mx\/index.php\/2025\/08\/13\/video-un-iphone-cae-de-un-avion-a-800-metros-de-altura-y-esto-fue-lo-que-grabo\/","name":"VIDEO: Un iPhone cae de un avi\u00f3n a 800 metros de altura y esto fue lo que grab\u00f3 - Fuentes Fidedignas","isPartOf":{"@id":"https:\/\/fuentesfidedignas.com.mx\/#website"},"primaryImageOfPage":{"@id":"https:\/\/fuentesfidedignas.com.mx\/index.php\/2025\/08\/13\/video-un-iphone-cae-de-un-avion-a-800-metros-de-altura-y-esto-fue-lo-que-grabo\/#primaryimage"},"image":{"@id":"https:\/\/fuentesfidedignas.com.mx\/index.php\/2025\/08\/13\/video-un-iphone-cae-de-un-avion-a-800-metros-de-altura-y-esto-fue-lo-que-grabo\/#primaryimage"},"thumbnailUrl":"https:\/\/fuentesfidedignas.com.mx\/wp-content\/uploads\/2025\/08\/img_5135.jpg","datePublished":"2025-08-13T12:26:00+00:00","breadcrumb":{"@id":"https:\/\/fuentesfidedignas.com.mx\/index.php\/2025\/08\/13\/video-un-iphone-cae-de-un-avion-a-800-metros-de-altura-y-esto-fue-lo-que-grabo\/#breadcrumb"},"inLanguage":"es","potentialAction":[{"@type":"ReadAction","target":["https:\/\/fuentesfidedignas.com.mx\/index.php\/2025\/08\/13\/video-un-iphone-cae-de-un-avion-a-800-metros-de-altura-y-esto-fue-lo-que-grabo\/"]}]},{"@type":"ImageObject","inLanguage":"es","@id":"https:\/\/fuentesfidedignas.com.mx\/index.php\/2025\/08\/13\/video-un-iphone-cae-de-un-avion-a-800-metros-de-altura-y-esto-fue-lo-que-grabo\/#primaryimage","url":"https:\/\/fuentesfidedignas.com.mx\/wp-content\/uploads\/2025\/08\/img_5135.jpg","contentUrl":"https:\/\/fuentesfidedignas.com.mx\/wp-content\/uploads\/2025\/08\/img_5135.jpg","width":1104,"height":622},{"@type":"BreadcrumbList","@id":"https:\/\/fuentesfidedignas.com.mx\/index.php\/2025\/08\/13\/video-un-iphone-cae-de-un-avion-a-800-metros-de-altura-y-esto-fue-lo-que-grabo\/#breadcrumb","itemListElement":[{"@type":"ListItem","position":1,"name":"Inicio","item":"https:\/\/fuentesfidedignas.com.mx\/"},{"@type":"ListItem","position":2,"name":"VIDEO: Un iPhone cae de un avi\u00f3n a 800 metros de altura y esto fue lo que grab\u00f3"}]},{"@type":"WebSite","@id":"https:\/\/fuentesfidedignas.com.mx\/#website","url":"https:\/\/fuentesfidedignas.com.mx\/","name":"Fuentes Fidedignas","description":"Otro sitio realizado con WordPress","publisher":{"@id":"https:\/\/fuentesfidedignas.com.mx\/#organization"},"potentialAction":[{"@type":"SearchAction","target":{"@type":"EntryPoint","urlTemplate":"https:\/\/fuentesfidedignas.com.mx\/?s={search_term_string}"},"query-input":{"@type":"PropertyValueSpecification","valueRequired":true,"valueName":"search_term_string"}}],"inLanguage":"es"},{"@type":"Organization","@id":"https:\/\/fuentesfidedignas.com.mx\/#organization","name":"Fuentes Fidedignas","url":"https:\/\/fuentesfidedignas.com.mx\/","logo":{"@type":"ImageObject","inLanguage":"es","@id":"https:\/\/fuentesfidedignas.com.mx\/#\/schema\/logo\/image\/","url":"https:\/\/fuentesfidedignas.com.mx\/wp-content\/uploads\/2021\/04\/logo-retina.png","contentUrl":"https:\/\/fuentesfidedignas.com.mx\/wp-content\/uploads\/2021\/04\/logo-retina.png","width":280,"height":51,"caption":"Fuentes Fidedignas"},"image":{"@id":"https:\/\/fuentesfidedignas.com.mx\/#\/schema\/logo\/image\/"},"sameAs":["https:\/\/www.facebook.com\/Fuentes-Fidedignas-368234489921644","https:\/\/x.com\/fidedignas"]},{"@type":"Person","@id":"https:\/\/fuentesfidedignas.com.mx\/#\/schema\/person\/eade03a5d4a96f9b557ac266e3d63718","name":"Actualidad RT","image":{"@type":"ImageObject","inLanguage":"es","@id":"https:\/\/secure.gravatar.com\/avatar\/443e88260a6a7111cf83d7014ab1894f91a4053ffd4e9da37d79effad3a35c81?s=96&d=mm&r=g","url":"https:\/\/secure.gravatar.com\/avatar\/443e88260a6a7111cf83d7014ab1894f91a4053ffd4e9da37d79effad3a35c81?s=96&d=mm&r=g","contentUrl":"https:\/\/secure.gravatar.com\/avatar\/443e88260a6a7111cf83d7014ab1894f91a4053ffd4e9da37d79effad3a35c81?s=96&d=mm&r=g","caption":"Actualidad RT"},"url":"https:\/\/fuentesfidedignas.com.mx\/index.php\/author\/actualidad\/"}]}},"_links":{"self":[{"href":"https:\/\/fuentesfidedignas.com.mx\/index.php\/wp-json\/wp\/v2\/posts\/114819","targetHints":{"allow":["GET"]}}],"collection":[{"href":"https:\/\/fuentesfidedignas.com.mx\/index.php\/wp-json\/wp\/v2\/posts"}],"about":[{"href":"https:\/\/fuentesfidedignas.com.mx\/index.php\/wp-json\/wp\/v2\/types\/post"}],"author":[{"embeddable":true,"href":"https:\/\/fuentesfidedignas.com.mx\/index.php\/wp-json\/wp\/v2\/users\/38"}],"replies":[{"embeddable":true,"href":"https:\/\/fuentesfidedignas.com.mx\/index.php\/wp-json\/wp\/v2\/comments?post=114819"}],"version-history":[{"count":2,"href":"https:\/\/fuentesfidedignas.com.mx\/index.php\/wp-json\/wp\/v2\/posts\/114819\/revisions"}],"predecessor-version":[{"id":114821,"href":"https:\/\/fuentesfidedignas.com.mx\/index.php\/wp-json\/wp\/v2\/posts\/114819\/revisions\/114821"}],"wp:featuredmedia":[{"embeddable":true,"href":"https:\/\/fuentesfidedignas.com.mx\/index.php\/wp-json\/wp\/v2\/media\/114818"}],"wp:attachment":[{"href":"https:\/\/fuentesfidedignas.com.mx\/index.php\/wp-json\/wp\/v2\/media?parent=114819"}],"wp:term":[{"taxonomy":"category","embeddable":true,"href":"https:\/\/fuentesfidedignas.com.mx\/index.php\/wp-json\/wp\/v2\/categories?post=114819"},{"taxonomy":"post_tag","embeddable":true,"href":"https:\/\/fuentesfidedignas.com.mx\/index.php\/wp-json\/wp\/v2\/tags?post=114819"}],"curies":[{"name":"wp","href":"https:\/\/api.w.org\/{rel}","templated":true}]}}