{"id":114816,"date":"2025-08-13T05:23:00","date_gmt":"2025-08-13T12:23:00","guid":{"rendered":"https:\/\/fuentesfidedignas.com.mx\/?p=114816"},"modified":"2025-08-12T08:23:43","modified_gmt":"2025-08-12T15:23:43","slug":"es-un-acto-de-irresponsabilidad-maluma-regana-a-fan-en-su-concierto","status":"publish","type":"post","link":"https:\/\/fuentesfidedignas.com.mx\/index.php\/2025\/08\/13\/es-un-acto-de-irresponsabilidad-maluma-regana-a-fan-en-su-concierto\/","title":{"rendered":"\u201cEs un acto de irresponsabilidad\u201d: Maluma rega\u00f1a a fan en su concierto"},"content":{"rendered":"\n<p><strong><em>Maluma no se qued\u00f3 callado y en medio de su concierto llam\u00f3 la atenci\u00f3n a una fan que llevaba a un beb\u00e9 de aproximadamente un a\u00f1o.<\/em><\/strong><\/p>\n\n\n\n<p><strong>Maluma<\/strong>&nbsp;dio tres conciertos en el Palacio de los Deportes de la CDMX y aunque miles de fans disfrutaron de su presentaci\u00f3n, se ha hecho&nbsp;<strong>viral<\/strong>un momento en el que&nbsp;<strong>el cantante rega\u00f1a a una de sus fans<\/strong>.<\/p>\n\n\n\n<p>Por medio de redes sociales, se han compartido varios videos donde se puede ver al cantante y compositor colombiano dirigi\u00e9ndose a una de sus fans al percatarse de que hab\u00eda llevado un beb\u00e9 a su concierto.<\/p>\n\n\n\n<figure class=\"wp-block-embed\"><div class=\"wp-block-embed__wrapper\">\n<blockquote class=\"tiktok-embed\" cite=\"https:\/\/www.tiktok.com\/@edher_kamparte\/video\/7537169207302065424\" data-video-id=\"7537169207302065424\" data-embed-from=\"oembed\" style=\"max-width:605px; min-width:325px;\"> <section> <a target=\"_blank\" title=\"@edher_kamparte\" href=\"https:\/\/www.tiktok.com\/@edher_kamparte?refer=embed\">@edher_kamparte<\/a> <p>Maluma detiene concierto para rega\u00f1ar a una mam\u00e1 que llevo a un beb\u00e9 de un a\u00f1o a su concierto \ud83d\ude2c <a title=\"maluma\" target=\"_blank\" href=\"https:\/\/www.tiktok.com\/tag\/maluma?refer=embed\">#Maluma<\/a> <a title=\"malumababy\" target=\"_blank\" href=\"https:\/\/www.tiktok.com\/tag\/malumababy?refer=embed\">#malumababy<\/a> <a title=\"concierto\" target=\"_blank\" href=\"https:\/\/www.tiktok.com\/tag\/concierto?refer=embed\">#concierto<\/a> <a title=\"rega\u00f1o\" target=\"_blank\" href=\"https:\/\/www.tiktok.com\/tag\/rega%C3%B1o?refer=embed\">#rega\u00f1o<\/a>  <a title=\"mam\u00e1\" target=\"_blank\" href=\"https:\/\/www.tiktok.com\/tag\/mam%C3%A1?refer=embed\">#mam\u00e1<\/a> <a title=\"beb\u00e9\" target=\"_blank\" href=\"https:\/\/www.tiktok.com\/tag\/beb%C3%A9?refer=embed\">#beb\u00e9<\/a> <a title=\"noticiastiktok\" target=\"_blank\" href=\"https:\/\/www.tiktok.com\/tag\/noticiastiktok?refer=embed\">#noticiastiktok<\/a> <a title=\"viral\" target=\"_blank\" href=\"https:\/\/www.tiktok.com\/tag\/viral?refer=embed\">#viral<\/a> <\/p> <a target=\"_blank\" title=\"\u266c sonido original - Lo+\ud83d\udd1d about celebrities\" href=\"https:\/\/www.tiktok.com\/music\/sonido-original-7537169429110377217?refer=embed\">\u266c sonido original &#8211; Lo+\ud83d\udd1d about celebrities<\/a> <\/section> <\/blockquote> <script async src=\"https:\/\/www.tiktok.com\/embed.js\"><\/script>\n<\/div><\/figure>\n","protected":false},"excerpt":{"rendered":"<p>Maluma no se qued\u00f3 callado y en medio de su concierto llam\u00f3 la atenci\u00f3n a una fan que llevaba a un beb\u00e9 de aproximadamente un a\u00f1o. Maluma&nbsp;dio tres conciertos en el Palacio de los Deportes de la CDMX y aunque miles de fans disfrutaron de su presentaci\u00f3n, se ha hecho&nbsp;viralun momento en el que&nbsp;el cantante [&hellip;]<\/p>\n","protected":false},"author":24,"featured_media":114815,"comment_status":"closed","ping_status":"open","sticky":false,"template":"","format":"standard","meta":{"tdm_status":"","tdm_grid_status":"","footnotes":""},"categories":[40],"tags":[],"class_list":{"0":"post-114816","1":"post","2":"type-post","3":"status-publish","4":"format-standard","5":"has-post-thumbnail","7":"category-las-asombrosas"},"yoast_head":"<!-- This site is optimized with the Yoast SEO plugin v27.5 - https:\/\/yoast.com\/product\/yoast-seo-wordpress\/ -->\n<title>\u201cEs un acto de irresponsabilidad\u201d: Maluma rega\u00f1a a fan en su concierto - Fuentes Fidedignas<\/title>\n<meta name=\"robots\" content=\"index, follow, max-snippet:-1, max-image-preview:large, max-video-preview:-1\" \/>\n<link rel=\"canonical\" href=\"https:\/\/fuentesfidedignas.com.mx\/index.php\/2025\/08\/13\/es-un-acto-de-irresponsabilidad-maluma-regana-a-fan-en-su-concierto\/\" \/>\n<meta property=\"og:locale\" content=\"es_MX\" \/>\n<meta property=\"og:type\" content=\"article\" \/>\n<meta property=\"og:title\" content=\"\u201cEs un acto de irresponsabilidad\u201d: Maluma rega\u00f1a a fan en su concierto - Fuentes Fidedignas\" \/>\n<meta property=\"og:description\" content=\"Maluma no se qued\u00f3 callado y en medio de su concierto llam\u00f3 la atenci\u00f3n a una fan que llevaba a un beb\u00e9 de aproximadamente un a\u00f1o. Maluma&nbsp;dio tres conciertos en el Palacio de los Deportes de la CDMX y aunque miles de fans disfrutaron de su presentaci\u00f3n, se ha hecho&nbsp;viralun momento en el que&nbsp;el cantante [&hellip;]\" \/>\n<meta property=\"og:url\" content=\"https:\/\/fuentesfidedignas.com.mx\/index.php\/2025\/08\/13\/es-un-acto-de-irresponsabilidad-maluma-regana-a-fan-en-su-concierto\/\" \/>\n<meta property=\"og:site_name\" content=\"Fuentes Fidedignas\" \/>\n<meta property=\"article:publisher\" content=\"https:\/\/www.facebook.com\/Fuentes-Fidedignas-368234489921644\" \/>\n<meta property=\"article:published_time\" content=\"2025-08-13T12:23:00+00:00\" \/>\n<meta property=\"og:image\" content=\"https:\/\/fuentesfidedignas.com.mx\/wp-content\/uploads\/2025\/08\/img_5134.jpg\" \/>\n\t<meta property=\"og:image:width\" content=\"1200\" \/>\n\t<meta property=\"og:image:height\" content=\"800\" \/>\n\t<meta property=\"og:image:type\" content=\"image\/jpeg\" \/>\n<meta name=\"author\" content=\"Animal Politico\" \/>\n<meta name=\"twitter:card\" content=\"summary_large_image\" \/>\n<meta name=\"twitter:creator\" content=\"@fidedignas\" \/>\n<meta name=\"twitter:site\" content=\"@fidedignas\" \/>\n<meta name=\"twitter:label1\" content=\"Escrito por\" \/>\n\t<meta name=\"twitter:data1\" content=\"Animal Politico\" \/>\n\t<meta name=\"twitter:label2\" content=\"Tiempo de lectura\" \/>\n\t<meta name=\"twitter:data2\" content=\"1 minuto\" \/>\n<script type=\"application\/ld+json\" class=\"yoast-schema-graph\">{\"@context\":\"https:\\\/\\\/schema.org\",\"@graph\":[{\"@type\":\"Article\",\"@id\":\"https:\\\/\\\/fuentesfidedignas.com.mx\\\/index.php\\\/2025\\\/08\\\/13\\\/es-un-acto-de-irresponsabilidad-maluma-regana-a-fan-en-su-concierto\\\/#article\",\"isPartOf\":{\"@id\":\"https:\\\/\\\/fuentesfidedignas.com.mx\\\/index.php\\\/2025\\\/08\\\/13\\\/es-un-acto-de-irresponsabilidad-maluma-regana-a-fan-en-su-concierto\\\/\"},\"author\":{\"name\":\"Animal Politico\",\"@id\":\"https:\\\/\\\/fuentesfidedignas.com.mx\\\/#\\\/schema\\\/person\\\/46034ce436b72de8f0cb35d8168f96dc\"},\"headline\":\"\u201cEs un acto de irresponsabilidad\u201d: Maluma rega\u00f1a a fan en su concierto\",\"datePublished\":\"2025-08-13T12:23:00+00:00\",\"mainEntityOfPage\":{\"@id\":\"https:\\\/\\\/fuentesfidedignas.com.mx\\\/index.php\\\/2025\\\/08\\\/13\\\/es-un-acto-de-irresponsabilidad-maluma-regana-a-fan-en-su-concierto\\\/\"},\"wordCount\":134,\"publisher\":{\"@id\":\"https:\\\/\\\/fuentesfidedignas.com.mx\\\/#organization\"},\"image\":{\"@id\":\"https:\\\/\\\/fuentesfidedignas.com.mx\\\/index.php\\\/2025\\\/08\\\/13\\\/es-un-acto-de-irresponsabilidad-maluma-regana-a-fan-en-su-concierto\\\/#primaryimage\"},\"thumbnailUrl\":\"https:\\\/\\\/fuentesfidedignas.com.mx\\\/wp-content\\\/uploads\\\/2025\\\/08\\\/img_5134.jpg\",\"articleSection\":[\"LAS ASOMBROSAS\"],\"inLanguage\":\"es\"},{\"@type\":\"WebPage\",\"@id\":\"https:\\\/\\\/fuentesfidedignas.com.mx\\\/index.php\\\/2025\\\/08\\\/13\\\/es-un-acto-de-irresponsabilidad-maluma-regana-a-fan-en-su-concierto\\\/\",\"url\":\"https:\\\/\\\/fuentesfidedignas.com.mx\\\/index.php\\\/2025\\\/08\\\/13\\\/es-un-acto-de-irresponsabilidad-maluma-regana-a-fan-en-su-concierto\\\/\",\"name\":\"\u201cEs un acto de irresponsabilidad\u201d: Maluma rega\u00f1a a fan en su concierto - Fuentes Fidedignas\",\"isPartOf\":{\"@id\":\"https:\\\/\\\/fuentesfidedignas.com.mx\\\/#website\"},\"primaryImageOfPage\":{\"@id\":\"https:\\\/\\\/fuentesfidedignas.com.mx\\\/index.php\\\/2025\\\/08\\\/13\\\/es-un-acto-de-irresponsabilidad-maluma-regana-a-fan-en-su-concierto\\\/#primaryimage\"},\"image\":{\"@id\":\"https:\\\/\\\/fuentesfidedignas.com.mx\\\/index.php\\\/2025\\\/08\\\/13\\\/es-un-acto-de-irresponsabilidad-maluma-regana-a-fan-en-su-concierto\\\/#primaryimage\"},\"thumbnailUrl\":\"https:\\\/\\\/fuentesfidedignas.com.mx\\\/wp-content\\\/uploads\\\/2025\\\/08\\\/img_5134.jpg\",\"datePublished\":\"2025-08-13T12:23:00+00:00\",\"breadcrumb\":{\"@id\":\"https:\\\/\\\/fuentesfidedignas.com.mx\\\/index.php\\\/2025\\\/08\\\/13\\\/es-un-acto-de-irresponsabilidad-maluma-regana-a-fan-en-su-concierto\\\/#breadcrumb\"},\"inLanguage\":\"es\",\"potentialAction\":[{\"@type\":\"ReadAction\",\"target\":[\"https:\\\/\\\/fuentesfidedignas.com.mx\\\/index.php\\\/2025\\\/08\\\/13\\\/es-un-acto-de-irresponsabilidad-maluma-regana-a-fan-en-su-concierto\\\/\"]}]},{\"@type\":\"ImageObject\",\"inLanguage\":\"es\",\"@id\":\"https:\\\/\\\/fuentesfidedignas.com.mx\\\/index.php\\\/2025\\\/08\\\/13\\\/es-un-acto-de-irresponsabilidad-maluma-regana-a-fan-en-su-concierto\\\/#primaryimage\",\"url\":\"https:\\\/\\\/fuentesfidedignas.com.mx\\\/wp-content\\\/uploads\\\/2025\\\/08\\\/img_5134.jpg\",\"contentUrl\":\"https:\\\/\\\/fuentesfidedignas.com.mx\\\/wp-content\\\/uploads\\\/2025\\\/08\\\/img_5134.jpg\",\"width\":1200,\"height\":800},{\"@type\":\"BreadcrumbList\",\"@id\":\"https:\\\/\\\/fuentesfidedignas.com.mx\\\/index.php\\\/2025\\\/08\\\/13\\\/es-un-acto-de-irresponsabilidad-maluma-regana-a-fan-en-su-concierto\\\/#breadcrumb\",\"itemListElement\":[{\"@type\":\"ListItem\",\"position\":1,\"name\":\"Inicio\",\"item\":\"https:\\\/\\\/fuentesfidedignas.com.mx\\\/\"},{\"@type\":\"ListItem\",\"position\":2,\"name\":\"\u201cEs un acto de irresponsabilidad\u201d: Maluma rega\u00f1a a fan en su concierto\"}]},{\"@type\":\"WebSite\",\"@id\":\"https:\\\/\\\/fuentesfidedignas.com.mx\\\/#website\",\"url\":\"https:\\\/\\\/fuentesfidedignas.com.mx\\\/\",\"name\":\"Fuentes Fidedignas\",\"description\":\"Otro sitio realizado con WordPress\",\"publisher\":{\"@id\":\"https:\\\/\\\/fuentesfidedignas.com.mx\\\/#organization\"},\"potentialAction\":[{\"@type\":\"SearchAction\",\"target\":{\"@type\":\"EntryPoint\",\"urlTemplate\":\"https:\\\/\\\/fuentesfidedignas.com.mx\\\/?s={search_term_string}\"},\"query-input\":{\"@type\":\"PropertyValueSpecification\",\"valueRequired\":true,\"valueName\":\"search_term_string\"}}],\"inLanguage\":\"es\"},{\"@type\":\"Organization\",\"@id\":\"https:\\\/\\\/fuentesfidedignas.com.mx\\\/#organization\",\"name\":\"Fuentes Fidedignas\",\"url\":\"https:\\\/\\\/fuentesfidedignas.com.mx\\\/\",\"logo\":{\"@type\":\"ImageObject\",\"inLanguage\":\"es\",\"@id\":\"https:\\\/\\\/fuentesfidedignas.com.mx\\\/#\\\/schema\\\/logo\\\/image\\\/\",\"url\":\"https:\\\/\\\/fuentesfidedignas.com.mx\\\/wp-content\\\/uploads\\\/2021\\\/04\\\/logo-retina.png\",\"contentUrl\":\"https:\\\/\\\/fuentesfidedignas.com.mx\\\/wp-content\\\/uploads\\\/2021\\\/04\\\/logo-retina.png\",\"width\":280,\"height\":51,\"caption\":\"Fuentes Fidedignas\"},\"image\":{\"@id\":\"https:\\\/\\\/fuentesfidedignas.com.mx\\\/#\\\/schema\\\/logo\\\/image\\\/\"},\"sameAs\":[\"https:\\\/\\\/www.facebook.com\\\/Fuentes-Fidedignas-368234489921644\",\"https:\\\/\\\/x.com\\\/fidedignas\"]},{\"@type\":\"Person\",\"@id\":\"https:\\\/\\\/fuentesfidedignas.com.mx\\\/#\\\/schema\\\/person\\\/46034ce436b72de8f0cb35d8168f96dc\",\"name\":\"Animal Politico\",\"image\":{\"@type\":\"ImageObject\",\"inLanguage\":\"es\",\"@id\":\"https:\\\/\\\/secure.gravatar.com\\\/avatar\\\/5c8b42abba0c23cdccccfc885a8cfe2e0faaa5e86c5b918524de5cb33c9b1e8a?s=96&d=mm&r=g\",\"url\":\"https:\\\/\\\/secure.gravatar.com\\\/avatar\\\/5c8b42abba0c23cdccccfc885a8cfe2e0faaa5e86c5b918524de5cb33c9b1e8a?s=96&d=mm&r=g\",\"contentUrl\":\"https:\\\/\\\/secure.gravatar.com\\\/avatar\\\/5c8b42abba0c23cdccccfc885a8cfe2e0faaa5e86c5b918524de5cb33c9b1e8a?s=96&d=mm&r=g\",\"caption\":\"Animal Politico\"},\"url\":\"https:\\\/\\\/fuentesfidedignas.com.mx\\\/index.php\\\/author\\\/animal\\\/\"}]}<\/script>\n<!-- \/ Yoast SEO plugin. -->","yoast_head_json":{"title":"\u201cEs un acto de irresponsabilidad\u201d: Maluma rega\u00f1a a fan en su concierto - Fuentes Fidedignas","robots":{"index":"index","follow":"follow","max-snippet":"max-snippet:-1","max-image-preview":"max-image-preview:large","max-video-preview":"max-video-preview:-1"},"canonical":"https:\/\/fuentesfidedignas.com.mx\/index.php\/2025\/08\/13\/es-un-acto-de-irresponsabilidad-maluma-regana-a-fan-en-su-concierto\/","og_locale":"es_MX","og_type":"article","og_title":"\u201cEs un acto de irresponsabilidad\u201d: Maluma rega\u00f1a a fan en su concierto - Fuentes Fidedignas","og_description":"Maluma no se qued\u00f3 callado y en medio de su concierto llam\u00f3 la atenci\u00f3n a una fan que llevaba a un beb\u00e9 de aproximadamente un a\u00f1o. Maluma&nbsp;dio tres conciertos en el Palacio de los Deportes de la CDMX y aunque miles de fans disfrutaron de su presentaci\u00f3n, se ha hecho&nbsp;viralun momento en el que&nbsp;el cantante [&hellip;]","og_url":"https:\/\/fuentesfidedignas.com.mx\/index.php\/2025\/08\/13\/es-un-acto-de-irresponsabilidad-maluma-regana-a-fan-en-su-concierto\/","og_site_name":"Fuentes Fidedignas","article_publisher":"https:\/\/www.facebook.com\/Fuentes-Fidedignas-368234489921644","article_published_time":"2025-08-13T12:23:00+00:00","og_image":[{"width":1200,"height":800,"url":"https:\/\/fuentesfidedignas.com.mx\/wp-content\/uploads\/2025\/08\/img_5134.jpg","type":"image\/jpeg"}],"author":"Animal Politico","twitter_card":"summary_large_image","twitter_creator":"@fidedignas","twitter_site":"@fidedignas","twitter_misc":{"Escrito por":"Animal Politico","Tiempo de lectura":"1 minuto"},"schema":{"@context":"https:\/\/schema.org","@graph":[{"@type":"Article","@id":"https:\/\/fuentesfidedignas.com.mx\/index.php\/2025\/08\/13\/es-un-acto-de-irresponsabilidad-maluma-regana-a-fan-en-su-concierto\/#article","isPartOf":{"@id":"https:\/\/fuentesfidedignas.com.mx\/index.php\/2025\/08\/13\/es-un-acto-de-irresponsabilidad-maluma-regana-a-fan-en-su-concierto\/"},"author":{"name":"Animal Politico","@id":"https:\/\/fuentesfidedignas.com.mx\/#\/schema\/person\/46034ce436b72de8f0cb35d8168f96dc"},"headline":"\u201cEs un acto de irresponsabilidad\u201d: Maluma rega\u00f1a a fan en su concierto","datePublished":"2025-08-13T12:23:00+00:00","mainEntityOfPage":{"@id":"https:\/\/fuentesfidedignas.com.mx\/index.php\/2025\/08\/13\/es-un-acto-de-irresponsabilidad-maluma-regana-a-fan-en-su-concierto\/"},"wordCount":134,"publisher":{"@id":"https:\/\/fuentesfidedignas.com.mx\/#organization"},"image":{"@id":"https:\/\/fuentesfidedignas.com.mx\/index.php\/2025\/08\/13\/es-un-acto-de-irresponsabilidad-maluma-regana-a-fan-en-su-concierto\/#primaryimage"},"thumbnailUrl":"https:\/\/fuentesfidedignas.com.mx\/wp-content\/uploads\/2025\/08\/img_5134.jpg","articleSection":["LAS ASOMBROSAS"],"inLanguage":"es"},{"@type":"WebPage","@id":"https:\/\/fuentesfidedignas.com.mx\/index.php\/2025\/08\/13\/es-un-acto-de-irresponsabilidad-maluma-regana-a-fan-en-su-concierto\/","url":"https:\/\/fuentesfidedignas.com.mx\/index.php\/2025\/08\/13\/es-un-acto-de-irresponsabilidad-maluma-regana-a-fan-en-su-concierto\/","name":"\u201cEs un acto de irresponsabilidad\u201d: Maluma rega\u00f1a a fan en su concierto - Fuentes Fidedignas","isPartOf":{"@id":"https:\/\/fuentesfidedignas.com.mx\/#website"},"primaryImageOfPage":{"@id":"https:\/\/fuentesfidedignas.com.mx\/index.php\/2025\/08\/13\/es-un-acto-de-irresponsabilidad-maluma-regana-a-fan-en-su-concierto\/#primaryimage"},"image":{"@id":"https:\/\/fuentesfidedignas.com.mx\/index.php\/2025\/08\/13\/es-un-acto-de-irresponsabilidad-maluma-regana-a-fan-en-su-concierto\/#primaryimage"},"thumbnailUrl":"https:\/\/fuentesfidedignas.com.mx\/wp-content\/uploads\/2025\/08\/img_5134.jpg","datePublished":"2025-08-13T12:23:00+00:00","breadcrumb":{"@id":"https:\/\/fuentesfidedignas.com.mx\/index.php\/2025\/08\/13\/es-un-acto-de-irresponsabilidad-maluma-regana-a-fan-en-su-concierto\/#breadcrumb"},"inLanguage":"es","potentialAction":[{"@type":"ReadAction","target":["https:\/\/fuentesfidedignas.com.mx\/index.php\/2025\/08\/13\/es-un-acto-de-irresponsabilidad-maluma-regana-a-fan-en-su-concierto\/"]}]},{"@type":"ImageObject","inLanguage":"es","@id":"https:\/\/fuentesfidedignas.com.mx\/index.php\/2025\/08\/13\/es-un-acto-de-irresponsabilidad-maluma-regana-a-fan-en-su-concierto\/#primaryimage","url":"https:\/\/fuentesfidedignas.com.mx\/wp-content\/uploads\/2025\/08\/img_5134.jpg","contentUrl":"https:\/\/fuentesfidedignas.com.mx\/wp-content\/uploads\/2025\/08\/img_5134.jpg","width":1200,"height":800},{"@type":"BreadcrumbList","@id":"https:\/\/fuentesfidedignas.com.mx\/index.php\/2025\/08\/13\/es-un-acto-de-irresponsabilidad-maluma-regana-a-fan-en-su-concierto\/#breadcrumb","itemListElement":[{"@type":"ListItem","position":1,"name":"Inicio","item":"https:\/\/fuentesfidedignas.com.mx\/"},{"@type":"ListItem","position":2,"name":"\u201cEs un acto de irresponsabilidad\u201d: Maluma rega\u00f1a a fan en su concierto"}]},{"@type":"WebSite","@id":"https:\/\/fuentesfidedignas.com.mx\/#website","url":"https:\/\/fuentesfidedignas.com.mx\/","name":"Fuentes Fidedignas","description":"Otro sitio realizado con WordPress","publisher":{"@id":"https:\/\/fuentesfidedignas.com.mx\/#organization"},"potentialAction":[{"@type":"SearchAction","target":{"@type":"EntryPoint","urlTemplate":"https:\/\/fuentesfidedignas.com.mx\/?s={search_term_string}"},"query-input":{"@type":"PropertyValueSpecification","valueRequired":true,"valueName":"search_term_string"}}],"inLanguage":"es"},{"@type":"Organization","@id":"https:\/\/fuentesfidedignas.com.mx\/#organization","name":"Fuentes Fidedignas","url":"https:\/\/fuentesfidedignas.com.mx\/","logo":{"@type":"ImageObject","inLanguage":"es","@id":"https:\/\/fuentesfidedignas.com.mx\/#\/schema\/logo\/image\/","url":"https:\/\/fuentesfidedignas.com.mx\/wp-content\/uploads\/2021\/04\/logo-retina.png","contentUrl":"https:\/\/fuentesfidedignas.com.mx\/wp-content\/uploads\/2021\/04\/logo-retina.png","width":280,"height":51,"caption":"Fuentes Fidedignas"},"image":{"@id":"https:\/\/fuentesfidedignas.com.mx\/#\/schema\/logo\/image\/"},"sameAs":["https:\/\/www.facebook.com\/Fuentes-Fidedignas-368234489921644","https:\/\/x.com\/fidedignas"]},{"@type":"Person","@id":"https:\/\/fuentesfidedignas.com.mx\/#\/schema\/person\/46034ce436b72de8f0cb35d8168f96dc","name":"Animal Politico","image":{"@type":"ImageObject","inLanguage":"es","@id":"https:\/\/secure.gravatar.com\/avatar\/5c8b42abba0c23cdccccfc885a8cfe2e0faaa5e86c5b918524de5cb33c9b1e8a?s=96&d=mm&r=g","url":"https:\/\/secure.gravatar.com\/avatar\/5c8b42abba0c23cdccccfc885a8cfe2e0faaa5e86c5b918524de5cb33c9b1e8a?s=96&d=mm&r=g","contentUrl":"https:\/\/secure.gravatar.com\/avatar\/5c8b42abba0c23cdccccfc885a8cfe2e0faaa5e86c5b918524de5cb33c9b1e8a?s=96&d=mm&r=g","caption":"Animal Politico"},"url":"https:\/\/fuentesfidedignas.com.mx\/index.php\/author\/animal\/"}]}},"_links":{"self":[{"href":"https:\/\/fuentesfidedignas.com.mx\/index.php\/wp-json\/wp\/v2\/posts\/114816","targetHints":{"allow":["GET"]}}],"collection":[{"href":"https:\/\/fuentesfidedignas.com.mx\/index.php\/wp-json\/wp\/v2\/posts"}],"about":[{"href":"https:\/\/fuentesfidedignas.com.mx\/index.php\/wp-json\/wp\/v2\/types\/post"}],"author":[{"embeddable":true,"href":"https:\/\/fuentesfidedignas.com.mx\/index.php\/wp-json\/wp\/v2\/users\/24"}],"replies":[{"embeddable":true,"href":"https:\/\/fuentesfidedignas.com.mx\/index.php\/wp-json\/wp\/v2\/comments?post=114816"}],"version-history":[{"count":1,"href":"https:\/\/fuentesfidedignas.com.mx\/index.php\/wp-json\/wp\/v2\/posts\/114816\/revisions"}],"predecessor-version":[{"id":114817,"href":"https:\/\/fuentesfidedignas.com.mx\/index.php\/wp-json\/wp\/v2\/posts\/114816\/revisions\/114817"}],"wp:featuredmedia":[{"embeddable":true,"href":"https:\/\/fuentesfidedignas.com.mx\/index.php\/wp-json\/wp\/v2\/media\/114815"}],"wp:attachment":[{"href":"https:\/\/fuentesfidedignas.com.mx\/index.php\/wp-json\/wp\/v2\/media?parent=114816"}],"wp:term":[{"taxonomy":"category","embeddable":true,"href":"https:\/\/fuentesfidedignas.com.mx\/index.php\/wp-json\/wp\/v2\/categories?post=114816"},{"taxonomy":"post_tag","embeddable":true,"href":"https:\/\/fuentesfidedignas.com.mx\/index.php\/wp-json\/wp\/v2\/tags?post=114816"}],"curies":[{"name":"wp","href":"https:\/\/api.w.org\/{rel}","templated":true}]}}