{"id":114659,"date":"2025-08-10T12:56:42","date_gmt":"2025-08-10T19:56:42","guid":{"rendered":"https:\/\/fuentesfidedignas.com.mx\/?p=114659"},"modified":"2025-08-10T12:57:01","modified_gmt":"2025-08-10T19:57:01","slug":"sismo-de-magnitud-6-1-sacude-turquia-hay-heridos-y-edificios-derrumbados","status":"publish","type":"post","link":"https:\/\/fuentesfidedignas.com.mx\/index.php\/2025\/08\/10\/sismo-de-magnitud-6-1-sacude-turquia-hay-heridos-y-edificios-derrumbados\/","title":{"rendered":"Sismo de magnitud 6.1 sacude Turqu\u00eda: hay heridos y edificios derrumbados"},"content":{"rendered":"\n<p><strong><em>El sismo se produjo a las 19:53 h local, con epicentro en el distrito de Sindirgi, al noroeste de Turqu\u00eda<\/em><\/strong><\/p>\n\n\n\n<p>Un terremoto de magnitud 6.1 sacudi\u00f3 este domingo la regi\u00f3n de M\u00e1rmara, en el noroeste de Turqu\u00eda, causando un n\u00famero no determinado de heridos y al menos diez edificios colapsados.<\/p>\n\n\n\n<figure class=\"wp-block-embed is-type-rich is-provider-twitter wp-block-embed-twitter\"><div class=\"wp-block-embed__wrapper\">\n<blockquote class=\"twitter-tweet\" data-width=\"550\" data-dnt=\"true\"><p lang=\"tr\" dir=\"ltr\">G\u00f6lc\u00fck k\u00f6y\u00fcnde y\u0131k\u0131lan yerlerin oldu\u011fu bilgisi var. <br>S\u0131nd\u0131rg\u0131\u2019ya ba\u011fl\u0131 bir k\u00f6y. <a href=\"https:\/\/t.co\/sF6jjzx8so\">pic.twitter.com\/sF6jjzx8so<\/a><\/p>&mdash; Adem Metan (@AdemMetan) <a href=\"https:\/\/twitter.com\/AdemMetan\/status\/1954595569520775192?ref_src=twsrc%5Etfw\">August 10, 2025<\/a><\/blockquote><script async src=\"https:\/\/platform.twitter.com\/widgets.js\" charset=\"utf-8\"><\/script>\n<\/div><\/figure>\n\n\n\n<p>\u201cDiez edificios se derrumbaron en nuestro distrito. Logramos rescatar a cuatro personas que se encontraban en un edificio derrumbado y estamos intentando llegar a dos. La farmacia que se encontraba debajo del edificio qued\u00f3 completamente destruida. Hay derrumbes en muchos barrios. No hemos recibido noticias de algunos lugares\u201d, declar\u00f3 a la prensa el alcalde de la ciudad de Sindirgi, Serkan Sak.<\/p>\n\n\n\n<p>El ministro del Interior tuco, Ali Yerlikaya, declar\u00f3 a la emisora CNNT\u00fcrk que los equipos de rescate est\u00e1n intentando contactar con dos v\u00edctimas sepultadas.<\/p>\n\n\n\n<figure class=\"wp-block-embed is-type-rich is-provider-twitter wp-block-embed-twitter\"><div class=\"wp-block-embed__wrapper\">\n<blockquote class=\"twitter-tweet\" data-width=\"550\" data-dnt=\"true\"><p lang=\"tr\" dir=\"ltr\">Enkazdan 1 ki\u015fi \u00e7\u0131kar\u0131ld\u0131; Ekol TV olay yerinde<br><br>S\u0131nd\u0131rg\u0131&#39;da y\u0131k\u0131lan binada 2 ki\u015fi kurtar\u0131ld\u0131, 2 ki\u015fiyi kurtarma \u00e7al\u0131\u015fmalar\u0131 devam ediyor. <br><br>\u0130\u015fte bir vatanda\u015f\u0131m\u0131z\u0131n enkazdan \u00e7\u0131kar\u0131lma an\u0131.<a href=\"https:\/\/twitter.com\/hashtag\/deprem?src=hash&amp;ref_src=twsrc%5Etfw\">#deprem<\/a> <a href=\"https:\/\/t.co\/DXSJ93jKoL\">pic.twitter.com\/DXSJ93jKoL<\/a><\/p>&mdash; Ekol TV (@ekoltvv) <a href=\"https:\/\/twitter.com\/ekoltvv\/status\/1954613115859218603?ref_src=twsrc%5Etfw\">August 10, 2025<\/a><\/blockquote><script async src=\"https:\/\/platform.twitter.com\/widgets.js\" charset=\"utf-8\"><\/script>\n<\/div><\/figure>\n\n\n\n<p>Hasta el momento cuatro personas heridas han sido hospitalizadas, sin que ninguna corra peligro de vida, seg\u00fan confirmaron a la prensa tanto Yerlikaya como el titular de Salud, Kemal Memisoglu.<\/p>\n\n\n\n<p>El sismo se produjo a las 19:53 h local, con epicentro en el distrito de Sindirgi, en la provincia de Balikesir, a una profundidad de 11 kil\u00f3metros, seg\u00fan la informaci\u00f3n publicada por la Autoridad de Gesti\u00f3n de Desastres y Emergencias turca (AFAD).<\/p>\n\n\n\n<p>El temblor se sinti\u00f3 en un amplio radio que ha incluido grandes ciudades como Estambul (situada a m\u00e1s de 200 kil\u00f3metros de distancia del epicentro), Esmirna, Bursa y Kocaeli, y en solo una hora se registraron seis r\u00e9plicas de magnitud superior a 4, inform\u00f3 la Agencia de Protecci\u00f3n Civil.<\/p>\n\n\n\n<p>\u201cAFAD y todos los equipos pertinentes de nuestras instituciones iniciaron de inmediato estudios de campo sobre el terremoto, que tambi\u00e9n se sinti\u00f3 en Estambul y las provincias circundantes\u201d, indic\u00f3 Yerlikaya en un breve comunicado publicado en redes sociales.<\/p>\n\n\n\n<p>\u201cEstamos monitoreando la evoluci\u00f3n del estado de cosas de forma continua\u201d, a\u00f1adi\u00f3.<\/p>\n\n\n\n<p>El canal de noticias&nbsp;<em>NTV<\/em>&nbsp;dijo que en muchas ciudades la gente sali\u00f3 a las calles en p\u00e1nico.<\/p>\n\n\n\n<p>El gobernador de Estambul, Davut Gul, dijo que no se hab\u00edan registrado problemas en esa urbe, la mayor de Turqu\u00eda, aunque se estaban a\u00fan realizando \u201cpruebas de detecci\u00f3n\u201d.<\/p>\n\n\n\n<p>El 17 de agosto de 1999, la regi\u00f3n de M\u00e1rmara fue golpeada por un terremoto de magnitud 7.5 que caus\u00f3 la muerte de 19 mil personas y dej\u00f3 heridas a otras 50 mil.<\/p>\n","protected":false},"excerpt":{"rendered":"<p>El sismo se produjo a las 19:53 h local, con epicentro en el distrito de Sindirgi, al noroeste de Turqu\u00eda Un terremoto de magnitud 6.1 sacudi\u00f3 este domingo la regi\u00f3n de M\u00e1rmara, en el noroeste de Turqu\u00eda, causando un n\u00famero no determinado de heridos y al menos diez edificios colapsados. \u201cDiez edificios se derrumbaron en [&hellip;]<\/p>\n","protected":false},"author":22,"featured_media":114660,"comment_status":"open","ping_status":"open","sticky":false,"template":"","format":"standard","meta":{"tdm_status":"","tdm_grid_status":"","footnotes":""},"categories":[39],"tags":[],"class_list":{"0":"post-114659","1":"post","2":"type-post","3":"status-publish","4":"format-standard","5":"has-post-thumbnail","7":"category-noticias-nacionales"},"yoast_head":"<!-- This site is optimized with the Yoast SEO plugin v27.5 - https:\/\/yoast.com\/product\/yoast-seo-wordpress\/ -->\n<title>Sismo de magnitud 6.1 sacude Turqu\u00eda: hay heridos y edificios derrumbados - Fuentes Fidedignas<\/title>\n<meta name=\"robots\" content=\"index, follow, max-snippet:-1, max-image-preview:large, max-video-preview:-1\" \/>\n<link rel=\"canonical\" href=\"https:\/\/fuentesfidedignas.com.mx\/index.php\/2025\/08\/10\/sismo-de-magnitud-6-1-sacude-turquia-hay-heridos-y-edificios-derrumbados\/\" \/>\n<meta property=\"og:locale\" content=\"es_MX\" \/>\n<meta property=\"og:type\" content=\"article\" \/>\n<meta property=\"og:title\" content=\"Sismo de magnitud 6.1 sacude Turqu\u00eda: hay heridos y edificios derrumbados - Fuentes Fidedignas\" \/>\n<meta property=\"og:description\" content=\"El sismo se produjo a las 19:53 h local, con epicentro en el distrito de Sindirgi, al noroeste de Turqu\u00eda Un terremoto de magnitud 6.1 sacudi\u00f3 este domingo la regi\u00f3n de M\u00e1rmara, en el noroeste de Turqu\u00eda, causando un n\u00famero no determinado de heridos y al menos diez edificios colapsados. \u201cDiez edificios se derrumbaron en [&hellip;]\" \/>\n<meta property=\"og:url\" content=\"https:\/\/fuentesfidedignas.com.mx\/index.php\/2025\/08\/10\/sismo-de-magnitud-6-1-sacude-turquia-hay-heridos-y-edificios-derrumbados\/\" \/>\n<meta property=\"og:site_name\" content=\"Fuentes Fidedignas\" \/>\n<meta property=\"article:publisher\" content=\"https:\/\/www.facebook.com\/Fuentes-Fidedignas-368234489921644\" \/>\n<meta property=\"article:published_time\" content=\"2025-08-10T19:56:42+00:00\" \/>\n<meta property=\"article:modified_time\" content=\"2025-08-10T19:57:01+00:00\" \/>\n<meta property=\"og:image\" content=\"https:\/\/fuentesfidedignas.com.mx\/wp-content\/uploads\/2025\/08\/labores-de-rescate-tras-sismo-magnitud-61-en-turquia.jpg\" \/>\n\t<meta property=\"og:image:width\" content=\"500\" \/>\n\t<meta property=\"og:image:height\" content=\"308\" \/>\n\t<meta property=\"og:image:type\" content=\"image\/jpeg\" \/>\n<meta name=\"author\" content=\"EFE\" \/>\n<meta name=\"twitter:card\" content=\"summary_large_image\" \/>\n<meta name=\"twitter:creator\" content=\"@fidedignas\" \/>\n<meta name=\"twitter:site\" content=\"@fidedignas\" \/>\n<meta name=\"twitter:label1\" content=\"Escrito por\" \/>\n\t<meta name=\"twitter:data1\" content=\"EFE\" \/>\n\t<meta name=\"twitter:label2\" content=\"Tiempo de lectura\" \/>\n\t<meta name=\"twitter:data2\" content=\"2 minutos\" \/>\n<script type=\"application\/ld+json\" class=\"yoast-schema-graph\">{\"@context\":\"https:\\\/\\\/schema.org\",\"@graph\":[{\"@type\":\"Article\",\"@id\":\"https:\\\/\\\/fuentesfidedignas.com.mx\\\/index.php\\\/2025\\\/08\\\/10\\\/sismo-de-magnitud-6-1-sacude-turquia-hay-heridos-y-edificios-derrumbados\\\/#article\",\"isPartOf\":{\"@id\":\"https:\\\/\\\/fuentesfidedignas.com.mx\\\/index.php\\\/2025\\\/08\\\/10\\\/sismo-de-magnitud-6-1-sacude-turquia-hay-heridos-y-edificios-derrumbados\\\/\"},\"author\":{\"name\":\"EFE\",\"@id\":\"https:\\\/\\\/fuentesfidedignas.com.mx\\\/#\\\/schema\\\/person\\\/0d44615087b5a626d5d3f13afe31ac41\"},\"headline\":\"Sismo de magnitud 6.1 sacude Turqu\u00eda: hay heridos y edificios derrumbados\",\"datePublished\":\"2025-08-10T19:56:42+00:00\",\"dateModified\":\"2025-08-10T19:57:01+00:00\",\"mainEntityOfPage\":{\"@id\":\"https:\\\/\\\/fuentesfidedignas.com.mx\\\/index.php\\\/2025\\\/08\\\/10\\\/sismo-de-magnitud-6-1-sacude-turquia-hay-heridos-y-edificios-derrumbados\\\/\"},\"wordCount\":424,\"commentCount\":0,\"publisher\":{\"@id\":\"https:\\\/\\\/fuentesfidedignas.com.mx\\\/#organization\"},\"image\":{\"@id\":\"https:\\\/\\\/fuentesfidedignas.com.mx\\\/index.php\\\/2025\\\/08\\\/10\\\/sismo-de-magnitud-6-1-sacude-turquia-hay-heridos-y-edificios-derrumbados\\\/#primaryimage\"},\"thumbnailUrl\":\"https:\\\/\\\/fuentesfidedignas.com.mx\\\/wp-content\\\/uploads\\\/2025\\\/08\\\/labores-de-rescate-tras-sismo-magnitud-61-en-turquia.jpg\",\"articleSection\":[\"NOTICIAS NACIONALES\"],\"inLanguage\":\"es\",\"potentialAction\":[{\"@type\":\"CommentAction\",\"name\":\"Comment\",\"target\":[\"https:\\\/\\\/fuentesfidedignas.com.mx\\\/index.php\\\/2025\\\/08\\\/10\\\/sismo-de-magnitud-6-1-sacude-turquia-hay-heridos-y-edificios-derrumbados\\\/#respond\"]}]},{\"@type\":\"WebPage\",\"@id\":\"https:\\\/\\\/fuentesfidedignas.com.mx\\\/index.php\\\/2025\\\/08\\\/10\\\/sismo-de-magnitud-6-1-sacude-turquia-hay-heridos-y-edificios-derrumbados\\\/\",\"url\":\"https:\\\/\\\/fuentesfidedignas.com.mx\\\/index.php\\\/2025\\\/08\\\/10\\\/sismo-de-magnitud-6-1-sacude-turquia-hay-heridos-y-edificios-derrumbados\\\/\",\"name\":\"Sismo de magnitud 6.1 sacude Turqu\u00eda: hay heridos y edificios derrumbados - Fuentes Fidedignas\",\"isPartOf\":{\"@id\":\"https:\\\/\\\/fuentesfidedignas.com.mx\\\/#website\"},\"primaryImageOfPage\":{\"@id\":\"https:\\\/\\\/fuentesfidedignas.com.mx\\\/index.php\\\/2025\\\/08\\\/10\\\/sismo-de-magnitud-6-1-sacude-turquia-hay-heridos-y-edificios-derrumbados\\\/#primaryimage\"},\"image\":{\"@id\":\"https:\\\/\\\/fuentesfidedignas.com.mx\\\/index.php\\\/2025\\\/08\\\/10\\\/sismo-de-magnitud-6-1-sacude-turquia-hay-heridos-y-edificios-derrumbados\\\/#primaryimage\"},\"thumbnailUrl\":\"https:\\\/\\\/fuentesfidedignas.com.mx\\\/wp-content\\\/uploads\\\/2025\\\/08\\\/labores-de-rescate-tras-sismo-magnitud-61-en-turquia.jpg\",\"datePublished\":\"2025-08-10T19:56:42+00:00\",\"dateModified\":\"2025-08-10T19:57:01+00:00\",\"breadcrumb\":{\"@id\":\"https:\\\/\\\/fuentesfidedignas.com.mx\\\/index.php\\\/2025\\\/08\\\/10\\\/sismo-de-magnitud-6-1-sacude-turquia-hay-heridos-y-edificios-derrumbados\\\/#breadcrumb\"},\"inLanguage\":\"es\",\"potentialAction\":[{\"@type\":\"ReadAction\",\"target\":[\"https:\\\/\\\/fuentesfidedignas.com.mx\\\/index.php\\\/2025\\\/08\\\/10\\\/sismo-de-magnitud-6-1-sacude-turquia-hay-heridos-y-edificios-derrumbados\\\/\"]}]},{\"@type\":\"ImageObject\",\"inLanguage\":\"es\",\"@id\":\"https:\\\/\\\/fuentesfidedignas.com.mx\\\/index.php\\\/2025\\\/08\\\/10\\\/sismo-de-magnitud-6-1-sacude-turquia-hay-heridos-y-edificios-derrumbados\\\/#primaryimage\",\"url\":\"https:\\\/\\\/fuentesfidedignas.com.mx\\\/wp-content\\\/uploads\\\/2025\\\/08\\\/labores-de-rescate-tras-sismo-magnitud-61-en-turquia.jpg\",\"contentUrl\":\"https:\\\/\\\/fuentesfidedignas.com.mx\\\/wp-content\\\/uploads\\\/2025\\\/08\\\/labores-de-rescate-tras-sismo-magnitud-61-en-turquia.jpg\",\"width\":500,\"height\":308},{\"@type\":\"BreadcrumbList\",\"@id\":\"https:\\\/\\\/fuentesfidedignas.com.mx\\\/index.php\\\/2025\\\/08\\\/10\\\/sismo-de-magnitud-6-1-sacude-turquia-hay-heridos-y-edificios-derrumbados\\\/#breadcrumb\",\"itemListElement\":[{\"@type\":\"ListItem\",\"position\":1,\"name\":\"Inicio\",\"item\":\"https:\\\/\\\/fuentesfidedignas.com.mx\\\/\"},{\"@type\":\"ListItem\",\"position\":2,\"name\":\"Sismo de magnitud 6.1 sacude Turqu\u00eda: hay heridos y edificios derrumbados\"}]},{\"@type\":\"WebSite\",\"@id\":\"https:\\\/\\\/fuentesfidedignas.com.mx\\\/#website\",\"url\":\"https:\\\/\\\/fuentesfidedignas.com.mx\\\/\",\"name\":\"Fuentes Fidedignas\",\"description\":\"Otro sitio realizado con WordPress\",\"publisher\":{\"@id\":\"https:\\\/\\\/fuentesfidedignas.com.mx\\\/#organization\"},\"potentialAction\":[{\"@type\":\"SearchAction\",\"target\":{\"@type\":\"EntryPoint\",\"urlTemplate\":\"https:\\\/\\\/fuentesfidedignas.com.mx\\\/?s={search_term_string}\"},\"query-input\":{\"@type\":\"PropertyValueSpecification\",\"valueRequired\":true,\"valueName\":\"search_term_string\"}}],\"inLanguage\":\"es\"},{\"@type\":\"Organization\",\"@id\":\"https:\\\/\\\/fuentesfidedignas.com.mx\\\/#organization\",\"name\":\"Fuentes Fidedignas\",\"url\":\"https:\\\/\\\/fuentesfidedignas.com.mx\\\/\",\"logo\":{\"@type\":\"ImageObject\",\"inLanguage\":\"es\",\"@id\":\"https:\\\/\\\/fuentesfidedignas.com.mx\\\/#\\\/schema\\\/logo\\\/image\\\/\",\"url\":\"https:\\\/\\\/fuentesfidedignas.com.mx\\\/wp-content\\\/uploads\\\/2021\\\/04\\\/logo-retina.png\",\"contentUrl\":\"https:\\\/\\\/fuentesfidedignas.com.mx\\\/wp-content\\\/uploads\\\/2021\\\/04\\\/logo-retina.png\",\"width\":280,\"height\":51,\"caption\":\"Fuentes Fidedignas\"},\"image\":{\"@id\":\"https:\\\/\\\/fuentesfidedignas.com.mx\\\/#\\\/schema\\\/logo\\\/image\\\/\"},\"sameAs\":[\"https:\\\/\\\/www.facebook.com\\\/Fuentes-Fidedignas-368234489921644\",\"https:\\\/\\\/x.com\\\/fidedignas\"]},{\"@type\":\"Person\",\"@id\":\"https:\\\/\\\/fuentesfidedignas.com.mx\\\/#\\\/schema\\\/person\\\/0d44615087b5a626d5d3f13afe31ac41\",\"name\":\"EFE\",\"image\":{\"@type\":\"ImageObject\",\"inLanguage\":\"es\",\"@id\":\"https:\\\/\\\/secure.gravatar.com\\\/avatar\\\/7048c2d9b569d9bed55bb53ad23821e6e047aa66338fb6ea9868627bbb9f54e8?s=96&d=mm&r=g\",\"url\":\"https:\\\/\\\/secure.gravatar.com\\\/avatar\\\/7048c2d9b569d9bed55bb53ad23821e6e047aa66338fb6ea9868627bbb9f54e8?s=96&d=mm&r=g\",\"contentUrl\":\"https:\\\/\\\/secure.gravatar.com\\\/avatar\\\/7048c2d9b569d9bed55bb53ad23821e6e047aa66338fb6ea9868627bbb9f54e8?s=96&d=mm&r=g\",\"caption\":\"EFE\"},\"url\":\"https:\\\/\\\/fuentesfidedignas.com.mx\\\/index.php\\\/author\\\/efe\\\/\"}]}<\/script>\n<!-- \/ Yoast SEO plugin. -->","yoast_head_json":{"title":"Sismo de magnitud 6.1 sacude Turqu\u00eda: hay heridos y edificios derrumbados - Fuentes Fidedignas","robots":{"index":"index","follow":"follow","max-snippet":"max-snippet:-1","max-image-preview":"max-image-preview:large","max-video-preview":"max-video-preview:-1"},"canonical":"https:\/\/fuentesfidedignas.com.mx\/index.php\/2025\/08\/10\/sismo-de-magnitud-6-1-sacude-turquia-hay-heridos-y-edificios-derrumbados\/","og_locale":"es_MX","og_type":"article","og_title":"Sismo de magnitud 6.1 sacude Turqu\u00eda: hay heridos y edificios derrumbados - Fuentes Fidedignas","og_description":"El sismo se produjo a las 19:53 h local, con epicentro en el distrito de Sindirgi, al noroeste de Turqu\u00eda Un terremoto de magnitud 6.1 sacudi\u00f3 este domingo la regi\u00f3n de M\u00e1rmara, en el noroeste de Turqu\u00eda, causando un n\u00famero no determinado de heridos y al menos diez edificios colapsados. \u201cDiez edificios se derrumbaron en [&hellip;]","og_url":"https:\/\/fuentesfidedignas.com.mx\/index.php\/2025\/08\/10\/sismo-de-magnitud-6-1-sacude-turquia-hay-heridos-y-edificios-derrumbados\/","og_site_name":"Fuentes Fidedignas","article_publisher":"https:\/\/www.facebook.com\/Fuentes-Fidedignas-368234489921644","article_published_time":"2025-08-10T19:56:42+00:00","article_modified_time":"2025-08-10T19:57:01+00:00","og_image":[{"width":500,"height":308,"url":"https:\/\/fuentesfidedignas.com.mx\/wp-content\/uploads\/2025\/08\/labores-de-rescate-tras-sismo-magnitud-61-en-turquia.jpg","type":"image\/jpeg"}],"author":"EFE","twitter_card":"summary_large_image","twitter_creator":"@fidedignas","twitter_site":"@fidedignas","twitter_misc":{"Escrito por":"EFE","Tiempo de lectura":"2 minutos"},"schema":{"@context":"https:\/\/schema.org","@graph":[{"@type":"Article","@id":"https:\/\/fuentesfidedignas.com.mx\/index.php\/2025\/08\/10\/sismo-de-magnitud-6-1-sacude-turquia-hay-heridos-y-edificios-derrumbados\/#article","isPartOf":{"@id":"https:\/\/fuentesfidedignas.com.mx\/index.php\/2025\/08\/10\/sismo-de-magnitud-6-1-sacude-turquia-hay-heridos-y-edificios-derrumbados\/"},"author":{"name":"EFE","@id":"https:\/\/fuentesfidedignas.com.mx\/#\/schema\/person\/0d44615087b5a626d5d3f13afe31ac41"},"headline":"Sismo de magnitud 6.1 sacude Turqu\u00eda: hay heridos y edificios derrumbados","datePublished":"2025-08-10T19:56:42+00:00","dateModified":"2025-08-10T19:57:01+00:00","mainEntityOfPage":{"@id":"https:\/\/fuentesfidedignas.com.mx\/index.php\/2025\/08\/10\/sismo-de-magnitud-6-1-sacude-turquia-hay-heridos-y-edificios-derrumbados\/"},"wordCount":424,"commentCount":0,"publisher":{"@id":"https:\/\/fuentesfidedignas.com.mx\/#organization"},"image":{"@id":"https:\/\/fuentesfidedignas.com.mx\/index.php\/2025\/08\/10\/sismo-de-magnitud-6-1-sacude-turquia-hay-heridos-y-edificios-derrumbados\/#primaryimage"},"thumbnailUrl":"https:\/\/fuentesfidedignas.com.mx\/wp-content\/uploads\/2025\/08\/labores-de-rescate-tras-sismo-magnitud-61-en-turquia.jpg","articleSection":["NOTICIAS NACIONALES"],"inLanguage":"es","potentialAction":[{"@type":"CommentAction","name":"Comment","target":["https:\/\/fuentesfidedignas.com.mx\/index.php\/2025\/08\/10\/sismo-de-magnitud-6-1-sacude-turquia-hay-heridos-y-edificios-derrumbados\/#respond"]}]},{"@type":"WebPage","@id":"https:\/\/fuentesfidedignas.com.mx\/index.php\/2025\/08\/10\/sismo-de-magnitud-6-1-sacude-turquia-hay-heridos-y-edificios-derrumbados\/","url":"https:\/\/fuentesfidedignas.com.mx\/index.php\/2025\/08\/10\/sismo-de-magnitud-6-1-sacude-turquia-hay-heridos-y-edificios-derrumbados\/","name":"Sismo de magnitud 6.1 sacude Turqu\u00eda: hay heridos y edificios derrumbados - Fuentes Fidedignas","isPartOf":{"@id":"https:\/\/fuentesfidedignas.com.mx\/#website"},"primaryImageOfPage":{"@id":"https:\/\/fuentesfidedignas.com.mx\/index.php\/2025\/08\/10\/sismo-de-magnitud-6-1-sacude-turquia-hay-heridos-y-edificios-derrumbados\/#primaryimage"},"image":{"@id":"https:\/\/fuentesfidedignas.com.mx\/index.php\/2025\/08\/10\/sismo-de-magnitud-6-1-sacude-turquia-hay-heridos-y-edificios-derrumbados\/#primaryimage"},"thumbnailUrl":"https:\/\/fuentesfidedignas.com.mx\/wp-content\/uploads\/2025\/08\/labores-de-rescate-tras-sismo-magnitud-61-en-turquia.jpg","datePublished":"2025-08-10T19:56:42+00:00","dateModified":"2025-08-10T19:57:01+00:00","breadcrumb":{"@id":"https:\/\/fuentesfidedignas.com.mx\/index.php\/2025\/08\/10\/sismo-de-magnitud-6-1-sacude-turquia-hay-heridos-y-edificios-derrumbados\/#breadcrumb"},"inLanguage":"es","potentialAction":[{"@type":"ReadAction","target":["https:\/\/fuentesfidedignas.com.mx\/index.php\/2025\/08\/10\/sismo-de-magnitud-6-1-sacude-turquia-hay-heridos-y-edificios-derrumbados\/"]}]},{"@type":"ImageObject","inLanguage":"es","@id":"https:\/\/fuentesfidedignas.com.mx\/index.php\/2025\/08\/10\/sismo-de-magnitud-6-1-sacude-turquia-hay-heridos-y-edificios-derrumbados\/#primaryimage","url":"https:\/\/fuentesfidedignas.com.mx\/wp-content\/uploads\/2025\/08\/labores-de-rescate-tras-sismo-magnitud-61-en-turquia.jpg","contentUrl":"https:\/\/fuentesfidedignas.com.mx\/wp-content\/uploads\/2025\/08\/labores-de-rescate-tras-sismo-magnitud-61-en-turquia.jpg","width":500,"height":308},{"@type":"BreadcrumbList","@id":"https:\/\/fuentesfidedignas.com.mx\/index.php\/2025\/08\/10\/sismo-de-magnitud-6-1-sacude-turquia-hay-heridos-y-edificios-derrumbados\/#breadcrumb","itemListElement":[{"@type":"ListItem","position":1,"name":"Inicio","item":"https:\/\/fuentesfidedignas.com.mx\/"},{"@type":"ListItem","position":2,"name":"Sismo de magnitud 6.1 sacude Turqu\u00eda: hay heridos y edificios derrumbados"}]},{"@type":"WebSite","@id":"https:\/\/fuentesfidedignas.com.mx\/#website","url":"https:\/\/fuentesfidedignas.com.mx\/","name":"Fuentes Fidedignas","description":"Otro sitio realizado con WordPress","publisher":{"@id":"https:\/\/fuentesfidedignas.com.mx\/#organization"},"potentialAction":[{"@type":"SearchAction","target":{"@type":"EntryPoint","urlTemplate":"https:\/\/fuentesfidedignas.com.mx\/?s={search_term_string}"},"query-input":{"@type":"PropertyValueSpecification","valueRequired":true,"valueName":"search_term_string"}}],"inLanguage":"es"},{"@type":"Organization","@id":"https:\/\/fuentesfidedignas.com.mx\/#organization","name":"Fuentes Fidedignas","url":"https:\/\/fuentesfidedignas.com.mx\/","logo":{"@type":"ImageObject","inLanguage":"es","@id":"https:\/\/fuentesfidedignas.com.mx\/#\/schema\/logo\/image\/","url":"https:\/\/fuentesfidedignas.com.mx\/wp-content\/uploads\/2021\/04\/logo-retina.png","contentUrl":"https:\/\/fuentesfidedignas.com.mx\/wp-content\/uploads\/2021\/04\/logo-retina.png","width":280,"height":51,"caption":"Fuentes Fidedignas"},"image":{"@id":"https:\/\/fuentesfidedignas.com.mx\/#\/schema\/logo\/image\/"},"sameAs":["https:\/\/www.facebook.com\/Fuentes-Fidedignas-368234489921644","https:\/\/x.com\/fidedignas"]},{"@type":"Person","@id":"https:\/\/fuentesfidedignas.com.mx\/#\/schema\/person\/0d44615087b5a626d5d3f13afe31ac41","name":"EFE","image":{"@type":"ImageObject","inLanguage":"es","@id":"https:\/\/secure.gravatar.com\/avatar\/7048c2d9b569d9bed55bb53ad23821e6e047aa66338fb6ea9868627bbb9f54e8?s=96&d=mm&r=g","url":"https:\/\/secure.gravatar.com\/avatar\/7048c2d9b569d9bed55bb53ad23821e6e047aa66338fb6ea9868627bbb9f54e8?s=96&d=mm&r=g","contentUrl":"https:\/\/secure.gravatar.com\/avatar\/7048c2d9b569d9bed55bb53ad23821e6e047aa66338fb6ea9868627bbb9f54e8?s=96&d=mm&r=g","caption":"EFE"},"url":"https:\/\/fuentesfidedignas.com.mx\/index.php\/author\/efe\/"}]}},"_links":{"self":[{"href":"https:\/\/fuentesfidedignas.com.mx\/index.php\/wp-json\/wp\/v2\/posts\/114659","targetHints":{"allow":["GET"]}}],"collection":[{"href":"https:\/\/fuentesfidedignas.com.mx\/index.php\/wp-json\/wp\/v2\/posts"}],"about":[{"href":"https:\/\/fuentesfidedignas.com.mx\/index.php\/wp-json\/wp\/v2\/types\/post"}],"author":[{"embeddable":true,"href":"https:\/\/fuentesfidedignas.com.mx\/index.php\/wp-json\/wp\/v2\/users\/22"}],"replies":[{"embeddable":true,"href":"https:\/\/fuentesfidedignas.com.mx\/index.php\/wp-json\/wp\/v2\/comments?post=114659"}],"version-history":[{"count":1,"href":"https:\/\/fuentesfidedignas.com.mx\/index.php\/wp-json\/wp\/v2\/posts\/114659\/revisions"}],"predecessor-version":[{"id":114661,"href":"https:\/\/fuentesfidedignas.com.mx\/index.php\/wp-json\/wp\/v2\/posts\/114659\/revisions\/114661"}],"wp:featuredmedia":[{"embeddable":true,"href":"https:\/\/fuentesfidedignas.com.mx\/index.php\/wp-json\/wp\/v2\/media\/114660"}],"wp:attachment":[{"href":"https:\/\/fuentesfidedignas.com.mx\/index.php\/wp-json\/wp\/v2\/media?parent=114659"}],"wp:term":[{"taxonomy":"category","embeddable":true,"href":"https:\/\/fuentesfidedignas.com.mx\/index.php\/wp-json\/wp\/v2\/categories?post=114659"},{"taxonomy":"post_tag","embeddable":true,"href":"https:\/\/fuentesfidedignas.com.mx\/index.php\/wp-json\/wp\/v2\/tags?post=114659"}],"curies":[{"name":"wp","href":"https:\/\/api.w.org\/{rel}","templated":true}]}}