{"id":114412,"date":"2025-08-06T10:36:58","date_gmt":"2025-08-06T17:36:58","guid":{"rendered":"https:\/\/fuentesfidedignas.com.mx\/?p=114412"},"modified":"2025-08-06T10:37:02","modified_gmt":"2025-08-06T17:37:02","slug":"hijo-de-amlo-mandaron-a-espiarme-a-japon-para-armar-campana-de-linchamiento","status":"publish","type":"post","link":"https:\/\/fuentesfidedignas.com.mx\/index.php\/2025\/08\/06\/hijo-de-amlo-mandaron-a-espiarme-a-japon-para-armar-campana-de-linchamiento\/","title":{"rendered":"Hijo de AMLO: \u201cMandaron a espiarme a Jap\u00f3n para armar campa\u00f1a de linchamiento\u201d"},"content":{"rendered":"\n<p><strong><em>El hijo del expresidente L\u00f3pez Obrador asegur\u00f3 que su viaje a Jap\u00f3n lo realiz\u00f3 en aerol\u00edneas comerciales y que pag\u00f3 7,500 pesos por d\u00eda en el hotel.<\/em><\/strong><\/p>\n\n\n\n<p>Andr\u00e9s Manuel L\u00f3pez Beltr\u00e1n, hijo del expresidente Andr\u00e9s Manuel L\u00f3pez Obrador, asegur\u00f3 que sus adversarios pol\u00edticos lo esp\u00edan y acosan, luego de que se difundieran im\u00e1genes de \u00e9l en un hotel de lujo en Tokio, Jap\u00f3n.<\/p>\n\n\n\n<p>&#8221;Mis adversarios y los hip\u00f3critas conservadores que solo suelen ver la paja en el ojo ajeno y no la viga en el propio, mandaron a sus esp\u00edas a fotografiarme y acosarme para as\u00ed emprender una campa\u00f1a de linchamiento pol\u00edtico impregnada de odio clasismo y calumnias&#8221;, dijo L\u00f3pez Beltr\u00e1n, secretario de Organizaci\u00f3n de Morena.<\/p>\n\n\n\n<p>El hijo del expresidente L\u00f3pez Obrador asegur\u00f3 que su viaje a Jap\u00f3n lo realiz\u00f3 en aerol\u00edneas comerciales y que pag\u00f3 7,500 pesos por d\u00eda en el hotel.<\/p>\n\n\n\n<figure class=\"wp-block-image size-large\"><img decoding=\"async\" width=\"784\" height=\"1024\" src=\"https:\/\/fuentesfidedignas.com.mx\/wp-content\/uploads\/2025\/08\/image-2-784x1024.jpg\" alt=\"\" class=\"wp-image-114413\" srcset=\"https:\/\/fuentesfidedignas.com.mx\/wp-content\/uploads\/2025\/08\/image-2-784x1024.jpg 784w, https:\/\/fuentesfidedignas.com.mx\/wp-content\/uploads\/2025\/08\/image-2-230x300.jpg 230w, https:\/\/fuentesfidedignas.com.mx\/wp-content\/uploads\/2025\/08\/image-2-768x1004.jpg 768w, https:\/\/fuentesfidedignas.com.mx\/wp-content\/uploads\/2025\/08\/image-2-1176x1536.jpg 1176w, https:\/\/fuentesfidedignas.com.mx\/wp-content\/uploads\/2025\/08\/image-2-321x420.jpg 321w, https:\/\/fuentesfidedignas.com.mx\/wp-content\/uploads\/2025\/08\/image-2-643x840.jpg 643w, https:\/\/fuentesfidedignas.com.mx\/wp-content\/uploads\/2025\/08\/image-2-300x392.jpg 300w, https:\/\/fuentesfidedignas.com.mx\/wp-content\/uploads\/2025\/08\/image-2-600x784.jpg 600w, https:\/\/fuentesfidedignas.com.mx\/wp-content\/uploads\/2025\/08\/image-2-696x909.jpg 696w, https:\/\/fuentesfidedignas.com.mx\/wp-content\/uploads\/2025\/08\/image-2-1068x1396.jpg 1068w, https:\/\/fuentesfidedignas.com.mx\/wp-content\/uploads\/2025\/08\/image-2.jpg 1200w\" sizes=\"(max-width: 784px) 100vw, 784px\" \/><\/figure>\n\n\n\n<p>L\u00f3pez Beltr\u00e1n dijo que no le extra\u00f1a &#8221;la agresividad del hampa del periodismo&#8221;, pero destac\u00f3 que es importante aclarar los hechos con &#8221;la gente que tiene confianza en nosotros&#8221;.<\/p>\n\n\n\n<p>&#8221;No somo iguales, nosotros no somos corruptos y en mi caso desde ni\u00f1o aprend\u00ed, posiblemente antes que otros, que el poder es humildad, que la austeridad es un asunto de principios y que se debe vivir en la justa median\u00eda&#8221;, agreg\u00f3.<\/p>\n\n\n\n<p>\u00f3pez Beltr\u00e1n se\u00f1al\u00f3 que avis\u00f3 a Luisa Alcalde, dirigente nacional de Morena, que usar\u00eda recursos propios para hacer su viaje a Jap\u00f3n, &#8221;luego de extenuantes jornadas de trabajo&#8221;.<\/p>\n\n\n\n<p>&#8221;Jam\u00e1s olvidaremos hacer de nuestra vida p\u00fablica una l\u00ednea recta y seguiremos el ejemplo de nuestra presidenta Claudia Sheinbaum&#8221;, a\u00f1adi\u00f3.<\/p>\n\n\n\n<p><strong>Alcalde pide evitar lujos<\/strong><br>Ante los viajes que realizaron al extranjero pol\u00edticos de Morena, la presidenta de ese partido, Luisa Mar\u00eda Alcalde, les pidi\u00f3 evitar los lujos y vivir con \u201chumildad\u201d, aunque tengan dinero.<\/p>\n\n\n\n<p>\u201c\u00bfEso significa que alguien de Morena no pueda viajar? No, pero evitar los lujos. Alguien puede haber tenido mucho dinero y haber sido empresario y tener dinero suficiente para comprarse ropa de alta gama, joyas, relojes caros, pero no se debe hacer por congruencia, porque es contrario a la justa median\u00eda\u201d, mencion\u00f3.<\/p>\n\n\n\n<p>Al ser cuestionada por los viajes, la dirigente enfatiz\u00f3 que los recorridos se hicieron con recursos propios de los morenistas y no p\u00fablicos como se realizaban, acus\u00f3, en a\u00f1os pasados con el PAN y el PRI.<\/p>\n\n\n\n<p>La presidenta de Morena record\u00f3 que en mayo pasado se aprobaron unos lineamientos de comportamiento en el partido, donde se estableci\u00f3 como conductas contrarias a la Cuarta Transformaci\u00f3n realizar viajes a\u00e9reos privados, promover el consumismo o signos de ostentaci\u00f3n, como joyer\u00eda, ropa de marca y autom\u00f3viles y propiedades de alto valor, entre otros.<\/p>\n\n\n\n<p><\/p>\n","protected":false},"excerpt":{"rendered":"<p>El hijo del expresidente L\u00f3pez Obrador asegur\u00f3 que su viaje a Jap\u00f3n lo realiz\u00f3 en aerol\u00edneas comerciales y que pag\u00f3 7,500 pesos por d\u00eda en el hotel. Andr\u00e9s Manuel L\u00f3pez Beltr\u00e1n, hijo del expresidente Andr\u00e9s Manuel L\u00f3pez Obrador, asegur\u00f3 que sus adversarios pol\u00edticos lo esp\u00edan y acosan, luego de que se difundieran im\u00e1genes de \u00e9l [&hellip;]<\/p>\n","protected":false},"author":89,"featured_media":114414,"comment_status":"open","ping_status":"open","sticky":false,"template":"","format":"standard","meta":{"tdm_status":"","tdm_grid_status":"","footnotes":""},"categories":[39],"tags":[],"class_list":{"0":"post-114412","1":"post","2":"type-post","3":"status-publish","4":"format-standard","5":"has-post-thumbnail","7":"category-noticias-nacionales"},"yoast_head":"<!-- This site is optimized with the Yoast SEO plugin v27.4 - https:\/\/yoast.com\/product\/yoast-seo-wordpress\/ -->\n<title>Hijo de AMLO: \u201cMandaron a espiarme a Jap\u00f3n para armar campa\u00f1a de linchamiento\u201d - Fuentes Fidedignas<\/title>\n<meta name=\"robots\" content=\"index, follow, max-snippet:-1, max-image-preview:large, max-video-preview:-1\" \/>\n<link rel=\"canonical\" href=\"https:\/\/fuentesfidedignas.com.mx\/index.php\/2025\/08\/06\/hijo-de-amlo-mandaron-a-espiarme-a-japon-para-armar-campana-de-linchamiento\/\" \/>\n<meta property=\"og:locale\" content=\"es_MX\" \/>\n<meta property=\"og:type\" content=\"article\" \/>\n<meta property=\"og:title\" content=\"Hijo de AMLO: \u201cMandaron a espiarme a Jap\u00f3n para armar campa\u00f1a de linchamiento\u201d - Fuentes Fidedignas\" \/>\n<meta property=\"og:description\" content=\"El hijo del expresidente L\u00f3pez Obrador asegur\u00f3 que su viaje a Jap\u00f3n lo realiz\u00f3 en aerol\u00edneas comerciales y que pag\u00f3 7,500 pesos por d\u00eda en el hotel. Andr\u00e9s Manuel L\u00f3pez Beltr\u00e1n, hijo del expresidente Andr\u00e9s Manuel L\u00f3pez Obrador, asegur\u00f3 que sus adversarios pol\u00edticos lo esp\u00edan y acosan, luego de que se difundieran im\u00e1genes de \u00e9l [&hellip;]\" \/>\n<meta property=\"og:url\" content=\"https:\/\/fuentesfidedignas.com.mx\/index.php\/2025\/08\/06\/hijo-de-amlo-mandaron-a-espiarme-a-japon-para-armar-campana-de-linchamiento\/\" \/>\n<meta property=\"og:site_name\" content=\"Fuentes Fidedignas\" \/>\n<meta property=\"article:publisher\" content=\"https:\/\/www.facebook.com\/Fuentes-Fidedignas-368234489921644\" \/>\n<meta property=\"article:published_time\" content=\"2025-08-06T17:36:58+00:00\" \/>\n<meta property=\"article:modified_time\" content=\"2025-08-06T17:37:02+00:00\" \/>\n<meta property=\"og:image\" content=\"https:\/\/fuentesfidedignas.com.mx\/wp-content\/uploads\/2025\/08\/Andy-Lopez.jpg\" \/>\n\t<meta property=\"og:image:width\" content=\"500\" \/>\n\t<meta property=\"og:image:height\" content=\"334\" \/>\n\t<meta property=\"og:image:type\" content=\"image\/jpeg\" \/>\n<meta name=\"author\" content=\"Expansi\u00f3n \u00a0\" \/>\n<meta name=\"twitter:card\" content=\"summary_large_image\" \/>\n<meta name=\"twitter:creator\" content=\"@fidedignas\" \/>\n<meta name=\"twitter:site\" content=\"@fidedignas\" \/>\n<meta name=\"twitter:label1\" content=\"Escrito por\" \/>\n\t<meta name=\"twitter:data1\" content=\"Expansi\u00f3n \u00a0\" \/>\n\t<meta name=\"twitter:label2\" content=\"Tiempo de lectura\" \/>\n\t<meta name=\"twitter:data2\" content=\"3 minutos\" \/>\n<script type=\"application\/ld+json\" class=\"yoast-schema-graph\">{\"@context\":\"https:\\\/\\\/schema.org\",\"@graph\":[{\"@type\":\"Article\",\"@id\":\"https:\\\/\\\/fuentesfidedignas.com.mx\\\/index.php\\\/2025\\\/08\\\/06\\\/hijo-de-amlo-mandaron-a-espiarme-a-japon-para-armar-campana-de-linchamiento\\\/#article\",\"isPartOf\":{\"@id\":\"https:\\\/\\\/fuentesfidedignas.com.mx\\\/index.php\\\/2025\\\/08\\\/06\\\/hijo-de-amlo-mandaron-a-espiarme-a-japon-para-armar-campana-de-linchamiento\\\/\"},\"author\":{\"name\":\"Expansi\u00f3n \u00a0\",\"@id\":\"https:\\\/\\\/fuentesfidedignas.com.mx\\\/#\\\/schema\\\/person\\\/927b77c3bc41c5093b47873a3f0c99ae\"},\"headline\":\"Hijo de AMLO: \u201cMandaron a espiarme a Jap\u00f3n para armar campa\u00f1a de linchamiento\u201d\",\"datePublished\":\"2025-08-06T17:36:58+00:00\",\"dateModified\":\"2025-08-06T17:37:02+00:00\",\"mainEntityOfPage\":{\"@id\":\"https:\\\/\\\/fuentesfidedignas.com.mx\\\/index.php\\\/2025\\\/08\\\/06\\\/hijo-de-amlo-mandaron-a-espiarme-a-japon-para-armar-campana-de-linchamiento\\\/\"},\"wordCount\":496,\"commentCount\":0,\"publisher\":{\"@id\":\"https:\\\/\\\/fuentesfidedignas.com.mx\\\/#organization\"},\"image\":{\"@id\":\"https:\\\/\\\/fuentesfidedignas.com.mx\\\/index.php\\\/2025\\\/08\\\/06\\\/hijo-de-amlo-mandaron-a-espiarme-a-japon-para-armar-campana-de-linchamiento\\\/#primaryimage\"},\"thumbnailUrl\":\"https:\\\/\\\/fuentesfidedignas.com.mx\\\/wp-content\\\/uploads\\\/2025\\\/08\\\/Andy-Lopez.jpg\",\"articleSection\":[\"NOTICIAS NACIONALES\"],\"inLanguage\":\"es\",\"potentialAction\":[{\"@type\":\"CommentAction\",\"name\":\"Comment\",\"target\":[\"https:\\\/\\\/fuentesfidedignas.com.mx\\\/index.php\\\/2025\\\/08\\\/06\\\/hijo-de-amlo-mandaron-a-espiarme-a-japon-para-armar-campana-de-linchamiento\\\/#respond\"]}]},{\"@type\":\"WebPage\",\"@id\":\"https:\\\/\\\/fuentesfidedignas.com.mx\\\/index.php\\\/2025\\\/08\\\/06\\\/hijo-de-amlo-mandaron-a-espiarme-a-japon-para-armar-campana-de-linchamiento\\\/\",\"url\":\"https:\\\/\\\/fuentesfidedignas.com.mx\\\/index.php\\\/2025\\\/08\\\/06\\\/hijo-de-amlo-mandaron-a-espiarme-a-japon-para-armar-campana-de-linchamiento\\\/\",\"name\":\"Hijo de AMLO: \u201cMandaron a espiarme a Jap\u00f3n para armar campa\u00f1a de linchamiento\u201d - Fuentes Fidedignas\",\"isPartOf\":{\"@id\":\"https:\\\/\\\/fuentesfidedignas.com.mx\\\/#website\"},\"primaryImageOfPage\":{\"@id\":\"https:\\\/\\\/fuentesfidedignas.com.mx\\\/index.php\\\/2025\\\/08\\\/06\\\/hijo-de-amlo-mandaron-a-espiarme-a-japon-para-armar-campana-de-linchamiento\\\/#primaryimage\"},\"image\":{\"@id\":\"https:\\\/\\\/fuentesfidedignas.com.mx\\\/index.php\\\/2025\\\/08\\\/06\\\/hijo-de-amlo-mandaron-a-espiarme-a-japon-para-armar-campana-de-linchamiento\\\/#primaryimage\"},\"thumbnailUrl\":\"https:\\\/\\\/fuentesfidedignas.com.mx\\\/wp-content\\\/uploads\\\/2025\\\/08\\\/Andy-Lopez.jpg\",\"datePublished\":\"2025-08-06T17:36:58+00:00\",\"dateModified\":\"2025-08-06T17:37:02+00:00\",\"breadcrumb\":{\"@id\":\"https:\\\/\\\/fuentesfidedignas.com.mx\\\/index.php\\\/2025\\\/08\\\/06\\\/hijo-de-amlo-mandaron-a-espiarme-a-japon-para-armar-campana-de-linchamiento\\\/#breadcrumb\"},\"inLanguage\":\"es\",\"potentialAction\":[{\"@type\":\"ReadAction\",\"target\":[\"https:\\\/\\\/fuentesfidedignas.com.mx\\\/index.php\\\/2025\\\/08\\\/06\\\/hijo-de-amlo-mandaron-a-espiarme-a-japon-para-armar-campana-de-linchamiento\\\/\"]}]},{\"@type\":\"ImageObject\",\"inLanguage\":\"es\",\"@id\":\"https:\\\/\\\/fuentesfidedignas.com.mx\\\/index.php\\\/2025\\\/08\\\/06\\\/hijo-de-amlo-mandaron-a-espiarme-a-japon-para-armar-campana-de-linchamiento\\\/#primaryimage\",\"url\":\"https:\\\/\\\/fuentesfidedignas.com.mx\\\/wp-content\\\/uploads\\\/2025\\\/08\\\/Andy-Lopez.jpg\",\"contentUrl\":\"https:\\\/\\\/fuentesfidedignas.com.mx\\\/wp-content\\\/uploads\\\/2025\\\/08\\\/Andy-Lopez.jpg\",\"width\":500,\"height\":334},{\"@type\":\"BreadcrumbList\",\"@id\":\"https:\\\/\\\/fuentesfidedignas.com.mx\\\/index.php\\\/2025\\\/08\\\/06\\\/hijo-de-amlo-mandaron-a-espiarme-a-japon-para-armar-campana-de-linchamiento\\\/#breadcrumb\",\"itemListElement\":[{\"@type\":\"ListItem\",\"position\":1,\"name\":\"Inicio\",\"item\":\"https:\\\/\\\/fuentesfidedignas.com.mx\\\/\"},{\"@type\":\"ListItem\",\"position\":2,\"name\":\"Hijo de AMLO: \u201cMandaron a espiarme a Jap\u00f3n para armar campa\u00f1a de linchamiento\u201d\"}]},{\"@type\":\"WebSite\",\"@id\":\"https:\\\/\\\/fuentesfidedignas.com.mx\\\/#website\",\"url\":\"https:\\\/\\\/fuentesfidedignas.com.mx\\\/\",\"name\":\"Fuentes Fidedignas\",\"description\":\"Otro sitio realizado con WordPress\",\"publisher\":{\"@id\":\"https:\\\/\\\/fuentesfidedignas.com.mx\\\/#organization\"},\"potentialAction\":[{\"@type\":\"SearchAction\",\"target\":{\"@type\":\"EntryPoint\",\"urlTemplate\":\"https:\\\/\\\/fuentesfidedignas.com.mx\\\/?s={search_term_string}\"},\"query-input\":{\"@type\":\"PropertyValueSpecification\",\"valueRequired\":true,\"valueName\":\"search_term_string\"}}],\"inLanguage\":\"es\"},{\"@type\":\"Organization\",\"@id\":\"https:\\\/\\\/fuentesfidedignas.com.mx\\\/#organization\",\"name\":\"Fuentes Fidedignas\",\"url\":\"https:\\\/\\\/fuentesfidedignas.com.mx\\\/\",\"logo\":{\"@type\":\"ImageObject\",\"inLanguage\":\"es\",\"@id\":\"https:\\\/\\\/fuentesfidedignas.com.mx\\\/#\\\/schema\\\/logo\\\/image\\\/\",\"url\":\"https:\\\/\\\/fuentesfidedignas.com.mx\\\/wp-content\\\/uploads\\\/2021\\\/04\\\/logo-retina.png\",\"contentUrl\":\"https:\\\/\\\/fuentesfidedignas.com.mx\\\/wp-content\\\/uploads\\\/2021\\\/04\\\/logo-retina.png\",\"width\":280,\"height\":51,\"caption\":\"Fuentes Fidedignas\"},\"image\":{\"@id\":\"https:\\\/\\\/fuentesfidedignas.com.mx\\\/#\\\/schema\\\/logo\\\/image\\\/\"},\"sameAs\":[\"https:\\\/\\\/www.facebook.com\\\/Fuentes-Fidedignas-368234489921644\",\"https:\\\/\\\/x.com\\\/fidedignas\"]},{\"@type\":\"Person\",\"@id\":\"https:\\\/\\\/fuentesfidedignas.com.mx\\\/#\\\/schema\\\/person\\\/927b77c3bc41c5093b47873a3f0c99ae\",\"name\":\"Expansi\u00f3n \u00a0\",\"image\":{\"@type\":\"ImageObject\",\"inLanguage\":\"es\",\"@id\":\"https:\\\/\\\/secure.gravatar.com\\\/avatar\\\/e7c9dbe4c29cb2eb7c516f4e4492be1f7e1a6d27cc733b89158d7523a49b1266?s=96&d=mm&r=g\",\"url\":\"https:\\\/\\\/secure.gravatar.com\\\/avatar\\\/e7c9dbe4c29cb2eb7c516f4e4492be1f7e1a6d27cc733b89158d7523a49b1266?s=96&d=mm&r=g\",\"contentUrl\":\"https:\\\/\\\/secure.gravatar.com\\\/avatar\\\/e7c9dbe4c29cb2eb7c516f4e4492be1f7e1a6d27cc733b89158d7523a49b1266?s=96&d=mm&r=g\",\"caption\":\"Expansi\u00f3n \u00a0\"},\"url\":\"https:\\\/\\\/fuentesfidedignas.com.mx\\\/index.php\\\/author\\\/expansion\\\/\"}]}<\/script>\n<!-- \/ Yoast SEO plugin. -->","yoast_head_json":{"title":"Hijo de AMLO: \u201cMandaron a espiarme a Jap\u00f3n para armar campa\u00f1a de linchamiento\u201d - Fuentes Fidedignas","robots":{"index":"index","follow":"follow","max-snippet":"max-snippet:-1","max-image-preview":"max-image-preview:large","max-video-preview":"max-video-preview:-1"},"canonical":"https:\/\/fuentesfidedignas.com.mx\/index.php\/2025\/08\/06\/hijo-de-amlo-mandaron-a-espiarme-a-japon-para-armar-campana-de-linchamiento\/","og_locale":"es_MX","og_type":"article","og_title":"Hijo de AMLO: \u201cMandaron a espiarme a Jap\u00f3n para armar campa\u00f1a de linchamiento\u201d - Fuentes Fidedignas","og_description":"El hijo del expresidente L\u00f3pez Obrador asegur\u00f3 que su viaje a Jap\u00f3n lo realiz\u00f3 en aerol\u00edneas comerciales y que pag\u00f3 7,500 pesos por d\u00eda en el hotel. Andr\u00e9s Manuel L\u00f3pez Beltr\u00e1n, hijo del expresidente Andr\u00e9s Manuel L\u00f3pez Obrador, asegur\u00f3 que sus adversarios pol\u00edticos lo esp\u00edan y acosan, luego de que se difundieran im\u00e1genes de \u00e9l [&hellip;]","og_url":"https:\/\/fuentesfidedignas.com.mx\/index.php\/2025\/08\/06\/hijo-de-amlo-mandaron-a-espiarme-a-japon-para-armar-campana-de-linchamiento\/","og_site_name":"Fuentes Fidedignas","article_publisher":"https:\/\/www.facebook.com\/Fuentes-Fidedignas-368234489921644","article_published_time":"2025-08-06T17:36:58+00:00","article_modified_time":"2025-08-06T17:37:02+00:00","og_image":[{"width":500,"height":334,"url":"https:\/\/fuentesfidedignas.com.mx\/wp-content\/uploads\/2025\/08\/Andy-Lopez.jpg","type":"image\/jpeg"}],"author":"Expansi\u00f3n \u00a0","twitter_card":"summary_large_image","twitter_creator":"@fidedignas","twitter_site":"@fidedignas","twitter_misc":{"Escrito por":"Expansi\u00f3n \u00a0","Tiempo de lectura":"3 minutos"},"schema":{"@context":"https:\/\/schema.org","@graph":[{"@type":"Article","@id":"https:\/\/fuentesfidedignas.com.mx\/index.php\/2025\/08\/06\/hijo-de-amlo-mandaron-a-espiarme-a-japon-para-armar-campana-de-linchamiento\/#article","isPartOf":{"@id":"https:\/\/fuentesfidedignas.com.mx\/index.php\/2025\/08\/06\/hijo-de-amlo-mandaron-a-espiarme-a-japon-para-armar-campana-de-linchamiento\/"},"author":{"name":"Expansi\u00f3n \u00a0","@id":"https:\/\/fuentesfidedignas.com.mx\/#\/schema\/person\/927b77c3bc41c5093b47873a3f0c99ae"},"headline":"Hijo de AMLO: \u201cMandaron a espiarme a Jap\u00f3n para armar campa\u00f1a de linchamiento\u201d","datePublished":"2025-08-06T17:36:58+00:00","dateModified":"2025-08-06T17:37:02+00:00","mainEntityOfPage":{"@id":"https:\/\/fuentesfidedignas.com.mx\/index.php\/2025\/08\/06\/hijo-de-amlo-mandaron-a-espiarme-a-japon-para-armar-campana-de-linchamiento\/"},"wordCount":496,"commentCount":0,"publisher":{"@id":"https:\/\/fuentesfidedignas.com.mx\/#organization"},"image":{"@id":"https:\/\/fuentesfidedignas.com.mx\/index.php\/2025\/08\/06\/hijo-de-amlo-mandaron-a-espiarme-a-japon-para-armar-campana-de-linchamiento\/#primaryimage"},"thumbnailUrl":"https:\/\/fuentesfidedignas.com.mx\/wp-content\/uploads\/2025\/08\/Andy-Lopez.jpg","articleSection":["NOTICIAS NACIONALES"],"inLanguage":"es","potentialAction":[{"@type":"CommentAction","name":"Comment","target":["https:\/\/fuentesfidedignas.com.mx\/index.php\/2025\/08\/06\/hijo-de-amlo-mandaron-a-espiarme-a-japon-para-armar-campana-de-linchamiento\/#respond"]}]},{"@type":"WebPage","@id":"https:\/\/fuentesfidedignas.com.mx\/index.php\/2025\/08\/06\/hijo-de-amlo-mandaron-a-espiarme-a-japon-para-armar-campana-de-linchamiento\/","url":"https:\/\/fuentesfidedignas.com.mx\/index.php\/2025\/08\/06\/hijo-de-amlo-mandaron-a-espiarme-a-japon-para-armar-campana-de-linchamiento\/","name":"Hijo de AMLO: \u201cMandaron a espiarme a Jap\u00f3n para armar campa\u00f1a de linchamiento\u201d - Fuentes Fidedignas","isPartOf":{"@id":"https:\/\/fuentesfidedignas.com.mx\/#website"},"primaryImageOfPage":{"@id":"https:\/\/fuentesfidedignas.com.mx\/index.php\/2025\/08\/06\/hijo-de-amlo-mandaron-a-espiarme-a-japon-para-armar-campana-de-linchamiento\/#primaryimage"},"image":{"@id":"https:\/\/fuentesfidedignas.com.mx\/index.php\/2025\/08\/06\/hijo-de-amlo-mandaron-a-espiarme-a-japon-para-armar-campana-de-linchamiento\/#primaryimage"},"thumbnailUrl":"https:\/\/fuentesfidedignas.com.mx\/wp-content\/uploads\/2025\/08\/Andy-Lopez.jpg","datePublished":"2025-08-06T17:36:58+00:00","dateModified":"2025-08-06T17:37:02+00:00","breadcrumb":{"@id":"https:\/\/fuentesfidedignas.com.mx\/index.php\/2025\/08\/06\/hijo-de-amlo-mandaron-a-espiarme-a-japon-para-armar-campana-de-linchamiento\/#breadcrumb"},"inLanguage":"es","potentialAction":[{"@type":"ReadAction","target":["https:\/\/fuentesfidedignas.com.mx\/index.php\/2025\/08\/06\/hijo-de-amlo-mandaron-a-espiarme-a-japon-para-armar-campana-de-linchamiento\/"]}]},{"@type":"ImageObject","inLanguage":"es","@id":"https:\/\/fuentesfidedignas.com.mx\/index.php\/2025\/08\/06\/hijo-de-amlo-mandaron-a-espiarme-a-japon-para-armar-campana-de-linchamiento\/#primaryimage","url":"https:\/\/fuentesfidedignas.com.mx\/wp-content\/uploads\/2025\/08\/Andy-Lopez.jpg","contentUrl":"https:\/\/fuentesfidedignas.com.mx\/wp-content\/uploads\/2025\/08\/Andy-Lopez.jpg","width":500,"height":334},{"@type":"BreadcrumbList","@id":"https:\/\/fuentesfidedignas.com.mx\/index.php\/2025\/08\/06\/hijo-de-amlo-mandaron-a-espiarme-a-japon-para-armar-campana-de-linchamiento\/#breadcrumb","itemListElement":[{"@type":"ListItem","position":1,"name":"Inicio","item":"https:\/\/fuentesfidedignas.com.mx\/"},{"@type":"ListItem","position":2,"name":"Hijo de AMLO: \u201cMandaron a espiarme a Jap\u00f3n para armar campa\u00f1a de linchamiento\u201d"}]},{"@type":"WebSite","@id":"https:\/\/fuentesfidedignas.com.mx\/#website","url":"https:\/\/fuentesfidedignas.com.mx\/","name":"Fuentes Fidedignas","description":"Otro sitio realizado con WordPress","publisher":{"@id":"https:\/\/fuentesfidedignas.com.mx\/#organization"},"potentialAction":[{"@type":"SearchAction","target":{"@type":"EntryPoint","urlTemplate":"https:\/\/fuentesfidedignas.com.mx\/?s={search_term_string}"},"query-input":{"@type":"PropertyValueSpecification","valueRequired":true,"valueName":"search_term_string"}}],"inLanguage":"es"},{"@type":"Organization","@id":"https:\/\/fuentesfidedignas.com.mx\/#organization","name":"Fuentes Fidedignas","url":"https:\/\/fuentesfidedignas.com.mx\/","logo":{"@type":"ImageObject","inLanguage":"es","@id":"https:\/\/fuentesfidedignas.com.mx\/#\/schema\/logo\/image\/","url":"https:\/\/fuentesfidedignas.com.mx\/wp-content\/uploads\/2021\/04\/logo-retina.png","contentUrl":"https:\/\/fuentesfidedignas.com.mx\/wp-content\/uploads\/2021\/04\/logo-retina.png","width":280,"height":51,"caption":"Fuentes Fidedignas"},"image":{"@id":"https:\/\/fuentesfidedignas.com.mx\/#\/schema\/logo\/image\/"},"sameAs":["https:\/\/www.facebook.com\/Fuentes-Fidedignas-368234489921644","https:\/\/x.com\/fidedignas"]},{"@type":"Person","@id":"https:\/\/fuentesfidedignas.com.mx\/#\/schema\/person\/927b77c3bc41c5093b47873a3f0c99ae","name":"Expansi\u00f3n \u00a0","image":{"@type":"ImageObject","inLanguage":"es","@id":"https:\/\/secure.gravatar.com\/avatar\/e7c9dbe4c29cb2eb7c516f4e4492be1f7e1a6d27cc733b89158d7523a49b1266?s=96&d=mm&r=g","url":"https:\/\/secure.gravatar.com\/avatar\/e7c9dbe4c29cb2eb7c516f4e4492be1f7e1a6d27cc733b89158d7523a49b1266?s=96&d=mm&r=g","contentUrl":"https:\/\/secure.gravatar.com\/avatar\/e7c9dbe4c29cb2eb7c516f4e4492be1f7e1a6d27cc733b89158d7523a49b1266?s=96&d=mm&r=g","caption":"Expansi\u00f3n \u00a0"},"url":"https:\/\/fuentesfidedignas.com.mx\/index.php\/author\/expansion\/"}]}},"_links":{"self":[{"href":"https:\/\/fuentesfidedignas.com.mx\/index.php\/wp-json\/wp\/v2\/posts\/114412","targetHints":{"allow":["GET"]}}],"collection":[{"href":"https:\/\/fuentesfidedignas.com.mx\/index.php\/wp-json\/wp\/v2\/posts"}],"about":[{"href":"https:\/\/fuentesfidedignas.com.mx\/index.php\/wp-json\/wp\/v2\/types\/post"}],"author":[{"embeddable":true,"href":"https:\/\/fuentesfidedignas.com.mx\/index.php\/wp-json\/wp\/v2\/users\/89"}],"replies":[{"embeddable":true,"href":"https:\/\/fuentesfidedignas.com.mx\/index.php\/wp-json\/wp\/v2\/comments?post=114412"}],"version-history":[{"count":1,"href":"https:\/\/fuentesfidedignas.com.mx\/index.php\/wp-json\/wp\/v2\/posts\/114412\/revisions"}],"predecessor-version":[{"id":114415,"href":"https:\/\/fuentesfidedignas.com.mx\/index.php\/wp-json\/wp\/v2\/posts\/114412\/revisions\/114415"}],"wp:featuredmedia":[{"embeddable":true,"href":"https:\/\/fuentesfidedignas.com.mx\/index.php\/wp-json\/wp\/v2\/media\/114414"}],"wp:attachment":[{"href":"https:\/\/fuentesfidedignas.com.mx\/index.php\/wp-json\/wp\/v2\/media?parent=114412"}],"wp:term":[{"taxonomy":"category","embeddable":true,"href":"https:\/\/fuentesfidedignas.com.mx\/index.php\/wp-json\/wp\/v2\/categories?post=114412"},{"taxonomy":"post_tag","embeddable":true,"href":"https:\/\/fuentesfidedignas.com.mx\/index.php\/wp-json\/wp\/v2\/tags?post=114412"}],"curies":[{"name":"wp","href":"https:\/\/api.w.org\/{rel}","templated":true}]}}