{"id":11438,"date":"2021-09-01T06:16:33","date_gmt":"2021-09-01T13:16:33","guid":{"rendered":"https:\/\/fuentesfidedignas.com.mx\/?p=11438"},"modified":"2021-09-01T06:16:36","modified_gmt":"2021-09-01T13:16:36","slug":"la-flor-y-las-piedritas-en-eldorado-comunidades-afectadas-por-nora","status":"publish","type":"post","link":"https:\/\/fuentesfidedignas.com.mx\/index.php\/2021\/09\/01\/la-flor-y-las-piedritas-en-eldorado-comunidades-afectadas-por-nora\/","title":{"rendered":"La Flor y Las Piedritas, en Eldorado, comunidades afectadas por &#8216;Nora&#8217;"},"content":{"rendered":"\n<p><\/p>\n\n\n\n<p>Culiac\u00e1n, Sin.- A las comunidades de La Flor y Las Piedritas, en Eldorado, arrib\u00f3 el alcalde Jes\u00fas Estrada Ferreiro, con el objetivo de verificar las afectaciones producidas por la tormenta tropical &#8220;Nora&#8221;, donde atendi\u00f3 las solicitudes de habitantes y se comprometi\u00f3 a seguir brindando apoyo desde el municipio como se ha hecho hasta ahora con la habilitaci\u00f3n de albergues y entrega de comida y enseres dom\u00e9sticos.<\/p>\n\n\n\n<p>Acompa\u00f1ado del gobernador del estado Quirino Ordaz Coppel, la presidenta del Sistema DIF Sinaloa Rosy Fuentes de Ordaz y la presidente de DIF Culiac\u00e1n Lupita L\u00f3pez de Estrada, el presidente municipal acudi\u00f3 primero a La Flor donde el dren que cruza por dicha comunidad present\u00f3 desbordamientos afectando a alrededor de 500 personas.<\/p>\n\n\n\n<figure class=\"wp-block-image size-large\"><img decoding=\"async\" width=\"1024\" height=\"683\" src=\"https:\/\/fuentesfidedignas.com.mx\/wp-content\/uploads\/2021\/09\/IMG-20210901-WA0019-1024x683.jpg\" alt=\"\" class=\"wp-image-11440\" srcset=\"https:\/\/fuentesfidedignas.com.mx\/wp-content\/uploads\/2021\/09\/IMG-20210901-WA0019-1024x683.jpg 1024w, https:\/\/fuentesfidedignas.com.mx\/wp-content\/uploads\/2021\/09\/IMG-20210901-WA0019-300x200.jpg 300w, https:\/\/fuentesfidedignas.com.mx\/wp-content\/uploads\/2021\/09\/IMG-20210901-WA0019-768x512.jpg 768w, https:\/\/fuentesfidedignas.com.mx\/wp-content\/uploads\/2021\/09\/IMG-20210901-WA0019.jpg 1368w\" sizes=\"(max-width: 1024px) 100vw, 1024px\" \/><\/figure>\n\n\n\n<p>Ah\u00ed record\u00f3 a los habitantes que el albergue de la sindicatura de Eldorado se encuentra activo con todo lo necesario en las instalaciones del ICATSIN para que puedan acudir, sin embargo reiter\u00f3 que los apoyar\u00e1n con comida, despensas y lo que requieran para contribuir en su recuperaci\u00f3n.<\/p>\n\n\n\n<p>Luego de ello, el primer edil y el mandatario estatal se trasladaron a la comunidad de Las Piedritas donde igualmente atendieron a los damnificados por las inundaciones.<\/p>\n\n\n\n<p>Tras ello, se arrib\u00f3 al albergue habilitado en la sindicatura de Eldorado, donde Estrada Ferreiro, Ordaz Coppel y las titulares de DIF Sinaloa y DIF Culiac\u00e1n, supervisaron que el total de 89 personas refugiadas hasta este momento cuenten con todo lo necesario, verificando que cuentan con colchonetas, comida, enseres dom\u00e9sticos, servicio m\u00e9dico, adem\u00e1s del apoyo de personal de la Guardia Nacional y Plan DN &#8211; III, as\u00ed como trabajadores del municipio.<\/p>\n\n\n\n<figure class=\"wp-block-image size-large\"><img decoding=\"async\" width=\"1024\" height=\"683\" src=\"https:\/\/fuentesfidedignas.com.mx\/wp-content\/uploads\/2021\/09\/IMG-20210901-WA0014-1024x683.jpg\" alt=\"\" class=\"wp-image-11441\" srcset=\"https:\/\/fuentesfidedignas.com.mx\/wp-content\/uploads\/2021\/09\/IMG-20210901-WA0014-1024x683.jpg 1024w, https:\/\/fuentesfidedignas.com.mx\/wp-content\/uploads\/2021\/09\/IMG-20210901-WA0014-300x200.jpg 300w, https:\/\/fuentesfidedignas.com.mx\/wp-content\/uploads\/2021\/09\/IMG-20210901-WA0014-768x512.jpg 768w, https:\/\/fuentesfidedignas.com.mx\/wp-content\/uploads\/2021\/09\/IMG-20210901-WA0014.jpg 1368w\" sizes=\"(max-width: 1024px) 100vw, 1024px\" \/><\/figure>\n\n\n\n<p>Asimismo, por parte de DIF Sinaloa se hizo entrega de despensas, mientras que por parte del Sistema DIF Culiac\u00e1n se han otorgado alimentos no perecederos, colchonetas, ropa, cubrebocas, entre otros apoyos.<\/p>\n\n\n\n<p>El presidente municipal y el gobernador resaltaron que ya est\u00e1 solicitada la declaratoria de emergencia para que por parte de la Federaci\u00f3n lleguen los recursos necesarios para ayudar a las familias damnificadas y por lo pronto se iniciar\u00e1 con un censo para evaluar las afectaciones.<\/p>\n\n\n\n<figure class=\"wp-block-image size-large\"><img decoding=\"async\" width=\"1024\" height=\"683\" src=\"https:\/\/fuentesfidedignas.com.mx\/wp-content\/uploads\/2021\/09\/IMG-20210901-WA0017-1024x683.jpg\" alt=\"\" class=\"wp-image-11442\" srcset=\"https:\/\/fuentesfidedignas.com.mx\/wp-content\/uploads\/2021\/09\/IMG-20210901-WA0017-1024x683.jpg 1024w, https:\/\/fuentesfidedignas.com.mx\/wp-content\/uploads\/2021\/09\/IMG-20210901-WA0017-300x200.jpg 300w, https:\/\/fuentesfidedignas.com.mx\/wp-content\/uploads\/2021\/09\/IMG-20210901-WA0017-768x512.jpg 768w, https:\/\/fuentesfidedignas.com.mx\/wp-content\/uploads\/2021\/09\/IMG-20210901-WA0017.jpg 1368w\" sizes=\"(max-width: 1024px) 100vw, 1024px\" \/><\/figure>\n","protected":false},"excerpt":{"rendered":"<p>Culiac\u00e1n, Sin.- A las comunidades de La Flor y Las Piedritas, en Eldorado, arrib\u00f3 el alcalde Jes\u00fas Estrada Ferreiro, con el objetivo de verificar las afectaciones producidas por la tormenta tropical &#8220;Nora&#8221;, donde atendi\u00f3 las solicitudes de habitantes y se comprometi\u00f3 a seguir brindando apoyo desde el municipio como se ha hecho hasta ahora con [&hellip;]<\/p>\n","protected":false},"author":4,"featured_media":11439,"comment_status":"open","ping_status":"open","sticky":false,"template":"","format":"standard","meta":{"tdm_status":"","tdm_grid_status":"","footnotes":""},"categories":[37],"tags":[],"class_list":{"0":"post-11438","1":"post","2":"type-post","3":"status-publish","4":"format-standard","5":"has-post-thumbnail","7":"category-nota-principal"},"yoast_head":"<!-- This site is optimized with the Yoast SEO plugin v27.5 - https:\/\/yoast.com\/product\/yoast-seo-wordpress\/ -->\n<title>La Flor y Las Piedritas, en Eldorado, comunidades afectadas por &#039;Nora&#039; - Fuentes Fidedignas<\/title>\n<meta name=\"robots\" content=\"index, follow, max-snippet:-1, max-image-preview:large, max-video-preview:-1\" \/>\n<link rel=\"canonical\" href=\"https:\/\/fuentesfidedignas.com.mx\/index.php\/2021\/09\/01\/la-flor-y-las-piedritas-en-eldorado-comunidades-afectadas-por-nora\/\" \/>\n<meta property=\"og:locale\" content=\"es_MX\" \/>\n<meta property=\"og:type\" content=\"article\" \/>\n<meta property=\"og:title\" content=\"La Flor y Las Piedritas, en Eldorado, comunidades afectadas por &#039;Nora&#039; - Fuentes Fidedignas\" \/>\n<meta property=\"og:description\" content=\"Culiac\u00e1n, Sin.- A las comunidades de La Flor y Las Piedritas, en Eldorado, arrib\u00f3 el alcalde Jes\u00fas Estrada Ferreiro, con el objetivo de verificar las afectaciones producidas por la tormenta tropical &#8220;Nora&#8221;, donde atendi\u00f3 las solicitudes de habitantes y se comprometi\u00f3 a seguir brindando apoyo desde el municipio como se ha hecho hasta ahora con [&hellip;]\" \/>\n<meta property=\"og:url\" content=\"https:\/\/fuentesfidedignas.com.mx\/index.php\/2021\/09\/01\/la-flor-y-las-piedritas-en-eldorado-comunidades-afectadas-por-nora\/\" \/>\n<meta property=\"og:site_name\" content=\"Fuentes Fidedignas\" \/>\n<meta property=\"article:publisher\" content=\"https:\/\/www.facebook.com\/Fuentes-Fidedignas-368234489921644\" \/>\n<meta property=\"article:published_time\" content=\"2021-09-01T13:16:33+00:00\" \/>\n<meta property=\"article:modified_time\" content=\"2021-09-01T13:16:36+00:00\" \/>\n<meta property=\"og:image\" content=\"https:\/\/fuentesfidedignas.com.mx\/wp-content\/uploads\/2021\/09\/IMG-20210901-WA0015.jpg\" \/>\n\t<meta property=\"og:image:width\" content=\"960\" \/>\n\t<meta property=\"og:image:height\" content=\"640\" \/>\n\t<meta property=\"og:image:type\" content=\"image\/jpeg\" \/>\n<meta name=\"author\" content=\"Redacci\u00f3n\" \/>\n<meta name=\"twitter:card\" content=\"summary_large_image\" \/>\n<meta name=\"twitter:creator\" content=\"@fidedignas\" \/>\n<meta name=\"twitter:site\" content=\"@fidedignas\" \/>\n<meta name=\"twitter:label1\" content=\"Escrito por\" \/>\n\t<meta name=\"twitter:data1\" content=\"Redacci\u00f3n\" \/>\n\t<meta name=\"twitter:label2\" content=\"Tiempo de lectura\" \/>\n\t<meta name=\"twitter:data2\" content=\"3 minutos\" \/>\n<script type=\"application\/ld+json\" class=\"yoast-schema-graph\">{\"@context\":\"https:\\\/\\\/schema.org\",\"@graph\":[{\"@type\":\"Article\",\"@id\":\"https:\\\/\\\/fuentesfidedignas.com.mx\\\/index.php\\\/2021\\\/09\\\/01\\\/la-flor-y-las-piedritas-en-eldorado-comunidades-afectadas-por-nora\\\/#article\",\"isPartOf\":{\"@id\":\"https:\\\/\\\/fuentesfidedignas.com.mx\\\/index.php\\\/2021\\\/09\\\/01\\\/la-flor-y-las-piedritas-en-eldorado-comunidades-afectadas-por-nora\\\/\"},\"author\":{\"name\":\"Redacci\u00f3n\",\"@id\":\"https:\\\/\\\/fuentesfidedignas.com.mx\\\/#\\\/schema\\\/person\\\/331be9283d37198e2acd5750279085b0\"},\"headline\":\"La Flor y Las Piedritas, en Eldorado, comunidades afectadas por &#8216;Nora&#8217;\",\"datePublished\":\"2021-09-01T13:16:33+00:00\",\"dateModified\":\"2021-09-01T13:16:36+00:00\",\"mainEntityOfPage\":{\"@id\":\"https:\\\/\\\/fuentesfidedignas.com.mx\\\/index.php\\\/2021\\\/09\\\/01\\\/la-flor-y-las-piedritas-en-eldorado-comunidades-afectadas-por-nora\\\/\"},\"wordCount\":364,\"commentCount\":0,\"publisher\":{\"@id\":\"https:\\\/\\\/fuentesfidedignas.com.mx\\\/#organization\"},\"image\":{\"@id\":\"https:\\\/\\\/fuentesfidedignas.com.mx\\\/index.php\\\/2021\\\/09\\\/01\\\/la-flor-y-las-piedritas-en-eldorado-comunidades-afectadas-por-nora\\\/#primaryimage\"},\"thumbnailUrl\":\"https:\\\/\\\/fuentesfidedignas.com.mx\\\/wp-content\\\/uploads\\\/2021\\\/09\\\/IMG-20210901-WA0015.jpg\",\"articleSection\":[\"NOTA PRINCIPAL\"],\"inLanguage\":\"es\",\"potentialAction\":[{\"@type\":\"CommentAction\",\"name\":\"Comment\",\"target\":[\"https:\\\/\\\/fuentesfidedignas.com.mx\\\/index.php\\\/2021\\\/09\\\/01\\\/la-flor-y-las-piedritas-en-eldorado-comunidades-afectadas-por-nora\\\/#respond\"]}]},{\"@type\":\"WebPage\",\"@id\":\"https:\\\/\\\/fuentesfidedignas.com.mx\\\/index.php\\\/2021\\\/09\\\/01\\\/la-flor-y-las-piedritas-en-eldorado-comunidades-afectadas-por-nora\\\/\",\"url\":\"https:\\\/\\\/fuentesfidedignas.com.mx\\\/index.php\\\/2021\\\/09\\\/01\\\/la-flor-y-las-piedritas-en-eldorado-comunidades-afectadas-por-nora\\\/\",\"name\":\"La Flor y Las Piedritas, en Eldorado, comunidades afectadas por 'Nora' - Fuentes Fidedignas\",\"isPartOf\":{\"@id\":\"https:\\\/\\\/fuentesfidedignas.com.mx\\\/#website\"},\"primaryImageOfPage\":{\"@id\":\"https:\\\/\\\/fuentesfidedignas.com.mx\\\/index.php\\\/2021\\\/09\\\/01\\\/la-flor-y-las-piedritas-en-eldorado-comunidades-afectadas-por-nora\\\/#primaryimage\"},\"image\":{\"@id\":\"https:\\\/\\\/fuentesfidedignas.com.mx\\\/index.php\\\/2021\\\/09\\\/01\\\/la-flor-y-las-piedritas-en-eldorado-comunidades-afectadas-por-nora\\\/#primaryimage\"},\"thumbnailUrl\":\"https:\\\/\\\/fuentesfidedignas.com.mx\\\/wp-content\\\/uploads\\\/2021\\\/09\\\/IMG-20210901-WA0015.jpg\",\"datePublished\":\"2021-09-01T13:16:33+00:00\",\"dateModified\":\"2021-09-01T13:16:36+00:00\",\"breadcrumb\":{\"@id\":\"https:\\\/\\\/fuentesfidedignas.com.mx\\\/index.php\\\/2021\\\/09\\\/01\\\/la-flor-y-las-piedritas-en-eldorado-comunidades-afectadas-por-nora\\\/#breadcrumb\"},\"inLanguage\":\"es\",\"potentialAction\":[{\"@type\":\"ReadAction\",\"target\":[\"https:\\\/\\\/fuentesfidedignas.com.mx\\\/index.php\\\/2021\\\/09\\\/01\\\/la-flor-y-las-piedritas-en-eldorado-comunidades-afectadas-por-nora\\\/\"]}]},{\"@type\":\"ImageObject\",\"inLanguage\":\"es\",\"@id\":\"https:\\\/\\\/fuentesfidedignas.com.mx\\\/index.php\\\/2021\\\/09\\\/01\\\/la-flor-y-las-piedritas-en-eldorado-comunidades-afectadas-por-nora\\\/#primaryimage\",\"url\":\"https:\\\/\\\/fuentesfidedignas.com.mx\\\/wp-content\\\/uploads\\\/2021\\\/09\\\/IMG-20210901-WA0015.jpg\",\"contentUrl\":\"https:\\\/\\\/fuentesfidedignas.com.mx\\\/wp-content\\\/uploads\\\/2021\\\/09\\\/IMG-20210901-WA0015.jpg\",\"width\":960,\"height\":640},{\"@type\":\"BreadcrumbList\",\"@id\":\"https:\\\/\\\/fuentesfidedignas.com.mx\\\/index.php\\\/2021\\\/09\\\/01\\\/la-flor-y-las-piedritas-en-eldorado-comunidades-afectadas-por-nora\\\/#breadcrumb\",\"itemListElement\":[{\"@type\":\"ListItem\",\"position\":1,\"name\":\"Inicio\",\"item\":\"https:\\\/\\\/fuentesfidedignas.com.mx\\\/\"},{\"@type\":\"ListItem\",\"position\":2,\"name\":\"La Flor y Las Piedritas, en Eldorado, comunidades afectadas por &#8216;Nora&#8217;\"}]},{\"@type\":\"WebSite\",\"@id\":\"https:\\\/\\\/fuentesfidedignas.com.mx\\\/#website\",\"url\":\"https:\\\/\\\/fuentesfidedignas.com.mx\\\/\",\"name\":\"Fuentes Fidedignas\",\"description\":\"Otro sitio realizado con WordPress\",\"publisher\":{\"@id\":\"https:\\\/\\\/fuentesfidedignas.com.mx\\\/#organization\"},\"potentialAction\":[{\"@type\":\"SearchAction\",\"target\":{\"@type\":\"EntryPoint\",\"urlTemplate\":\"https:\\\/\\\/fuentesfidedignas.com.mx\\\/?s={search_term_string}\"},\"query-input\":{\"@type\":\"PropertyValueSpecification\",\"valueRequired\":true,\"valueName\":\"search_term_string\"}}],\"inLanguage\":\"es\"},{\"@type\":\"Organization\",\"@id\":\"https:\\\/\\\/fuentesfidedignas.com.mx\\\/#organization\",\"name\":\"Fuentes Fidedignas\",\"url\":\"https:\\\/\\\/fuentesfidedignas.com.mx\\\/\",\"logo\":{\"@type\":\"ImageObject\",\"inLanguage\":\"es\",\"@id\":\"https:\\\/\\\/fuentesfidedignas.com.mx\\\/#\\\/schema\\\/logo\\\/image\\\/\",\"url\":\"https:\\\/\\\/fuentesfidedignas.com.mx\\\/wp-content\\\/uploads\\\/2021\\\/04\\\/logo-retina.png\",\"contentUrl\":\"https:\\\/\\\/fuentesfidedignas.com.mx\\\/wp-content\\\/uploads\\\/2021\\\/04\\\/logo-retina.png\",\"width\":280,\"height\":51,\"caption\":\"Fuentes Fidedignas\"},\"image\":{\"@id\":\"https:\\\/\\\/fuentesfidedignas.com.mx\\\/#\\\/schema\\\/logo\\\/image\\\/\"},\"sameAs\":[\"https:\\\/\\\/www.facebook.com\\\/Fuentes-Fidedignas-368234489921644\",\"https:\\\/\\\/x.com\\\/fidedignas\"]},{\"@type\":\"Person\",\"@id\":\"https:\\\/\\\/fuentesfidedignas.com.mx\\\/#\\\/schema\\\/person\\\/331be9283d37198e2acd5750279085b0\",\"name\":\"Redacci\u00f3n\",\"image\":{\"@type\":\"ImageObject\",\"inLanguage\":\"es\",\"@id\":\"https:\\\/\\\/secure.gravatar.com\\\/avatar\\\/f6d8782c11d12b2d4ad3fbb6931aeab5309937a4d6cd2fc9cfaa28a6396a5aec?s=96&d=mm&r=g\",\"url\":\"https:\\\/\\\/secure.gravatar.com\\\/avatar\\\/f6d8782c11d12b2d4ad3fbb6931aeab5309937a4d6cd2fc9cfaa28a6396a5aec?s=96&d=mm&r=g\",\"contentUrl\":\"https:\\\/\\\/secure.gravatar.com\\\/avatar\\\/f6d8782c11d12b2d4ad3fbb6931aeab5309937a4d6cd2fc9cfaa28a6396a5aec?s=96&d=mm&r=g\",\"caption\":\"Redacci\u00f3n\"},\"url\":\"https:\\\/\\\/fuentesfidedignas.com.mx\\\/index.php\\\/author\\\/redaccion\\\/\"}]}<\/script>\n<!-- \/ Yoast SEO plugin. -->","yoast_head_json":{"title":"La Flor y Las Piedritas, en Eldorado, comunidades afectadas por 'Nora' - Fuentes Fidedignas","robots":{"index":"index","follow":"follow","max-snippet":"max-snippet:-1","max-image-preview":"max-image-preview:large","max-video-preview":"max-video-preview:-1"},"canonical":"https:\/\/fuentesfidedignas.com.mx\/index.php\/2021\/09\/01\/la-flor-y-las-piedritas-en-eldorado-comunidades-afectadas-por-nora\/","og_locale":"es_MX","og_type":"article","og_title":"La Flor y Las Piedritas, en Eldorado, comunidades afectadas por 'Nora' - Fuentes Fidedignas","og_description":"Culiac\u00e1n, Sin.- A las comunidades de La Flor y Las Piedritas, en Eldorado, arrib\u00f3 el alcalde Jes\u00fas Estrada Ferreiro, con el objetivo de verificar las afectaciones producidas por la tormenta tropical &#8220;Nora&#8221;, donde atendi\u00f3 las solicitudes de habitantes y se comprometi\u00f3 a seguir brindando apoyo desde el municipio como se ha hecho hasta ahora con [&hellip;]","og_url":"https:\/\/fuentesfidedignas.com.mx\/index.php\/2021\/09\/01\/la-flor-y-las-piedritas-en-eldorado-comunidades-afectadas-por-nora\/","og_site_name":"Fuentes Fidedignas","article_publisher":"https:\/\/www.facebook.com\/Fuentes-Fidedignas-368234489921644","article_published_time":"2021-09-01T13:16:33+00:00","article_modified_time":"2021-09-01T13:16:36+00:00","og_image":[{"width":960,"height":640,"url":"https:\/\/fuentesfidedignas.com.mx\/wp-content\/uploads\/2021\/09\/IMG-20210901-WA0015.jpg","type":"image\/jpeg"}],"author":"Redacci\u00f3n","twitter_card":"summary_large_image","twitter_creator":"@fidedignas","twitter_site":"@fidedignas","twitter_misc":{"Escrito por":"Redacci\u00f3n","Tiempo de lectura":"3 minutos"},"schema":{"@context":"https:\/\/schema.org","@graph":[{"@type":"Article","@id":"https:\/\/fuentesfidedignas.com.mx\/index.php\/2021\/09\/01\/la-flor-y-las-piedritas-en-eldorado-comunidades-afectadas-por-nora\/#article","isPartOf":{"@id":"https:\/\/fuentesfidedignas.com.mx\/index.php\/2021\/09\/01\/la-flor-y-las-piedritas-en-eldorado-comunidades-afectadas-por-nora\/"},"author":{"name":"Redacci\u00f3n","@id":"https:\/\/fuentesfidedignas.com.mx\/#\/schema\/person\/331be9283d37198e2acd5750279085b0"},"headline":"La Flor y Las Piedritas, en Eldorado, comunidades afectadas por &#8216;Nora&#8217;","datePublished":"2021-09-01T13:16:33+00:00","dateModified":"2021-09-01T13:16:36+00:00","mainEntityOfPage":{"@id":"https:\/\/fuentesfidedignas.com.mx\/index.php\/2021\/09\/01\/la-flor-y-las-piedritas-en-eldorado-comunidades-afectadas-por-nora\/"},"wordCount":364,"commentCount":0,"publisher":{"@id":"https:\/\/fuentesfidedignas.com.mx\/#organization"},"image":{"@id":"https:\/\/fuentesfidedignas.com.mx\/index.php\/2021\/09\/01\/la-flor-y-las-piedritas-en-eldorado-comunidades-afectadas-por-nora\/#primaryimage"},"thumbnailUrl":"https:\/\/fuentesfidedignas.com.mx\/wp-content\/uploads\/2021\/09\/IMG-20210901-WA0015.jpg","articleSection":["NOTA PRINCIPAL"],"inLanguage":"es","potentialAction":[{"@type":"CommentAction","name":"Comment","target":["https:\/\/fuentesfidedignas.com.mx\/index.php\/2021\/09\/01\/la-flor-y-las-piedritas-en-eldorado-comunidades-afectadas-por-nora\/#respond"]}]},{"@type":"WebPage","@id":"https:\/\/fuentesfidedignas.com.mx\/index.php\/2021\/09\/01\/la-flor-y-las-piedritas-en-eldorado-comunidades-afectadas-por-nora\/","url":"https:\/\/fuentesfidedignas.com.mx\/index.php\/2021\/09\/01\/la-flor-y-las-piedritas-en-eldorado-comunidades-afectadas-por-nora\/","name":"La Flor y Las Piedritas, en Eldorado, comunidades afectadas por 'Nora' - Fuentes Fidedignas","isPartOf":{"@id":"https:\/\/fuentesfidedignas.com.mx\/#website"},"primaryImageOfPage":{"@id":"https:\/\/fuentesfidedignas.com.mx\/index.php\/2021\/09\/01\/la-flor-y-las-piedritas-en-eldorado-comunidades-afectadas-por-nora\/#primaryimage"},"image":{"@id":"https:\/\/fuentesfidedignas.com.mx\/index.php\/2021\/09\/01\/la-flor-y-las-piedritas-en-eldorado-comunidades-afectadas-por-nora\/#primaryimage"},"thumbnailUrl":"https:\/\/fuentesfidedignas.com.mx\/wp-content\/uploads\/2021\/09\/IMG-20210901-WA0015.jpg","datePublished":"2021-09-01T13:16:33+00:00","dateModified":"2021-09-01T13:16:36+00:00","breadcrumb":{"@id":"https:\/\/fuentesfidedignas.com.mx\/index.php\/2021\/09\/01\/la-flor-y-las-piedritas-en-eldorado-comunidades-afectadas-por-nora\/#breadcrumb"},"inLanguage":"es","potentialAction":[{"@type":"ReadAction","target":["https:\/\/fuentesfidedignas.com.mx\/index.php\/2021\/09\/01\/la-flor-y-las-piedritas-en-eldorado-comunidades-afectadas-por-nora\/"]}]},{"@type":"ImageObject","inLanguage":"es","@id":"https:\/\/fuentesfidedignas.com.mx\/index.php\/2021\/09\/01\/la-flor-y-las-piedritas-en-eldorado-comunidades-afectadas-por-nora\/#primaryimage","url":"https:\/\/fuentesfidedignas.com.mx\/wp-content\/uploads\/2021\/09\/IMG-20210901-WA0015.jpg","contentUrl":"https:\/\/fuentesfidedignas.com.mx\/wp-content\/uploads\/2021\/09\/IMG-20210901-WA0015.jpg","width":960,"height":640},{"@type":"BreadcrumbList","@id":"https:\/\/fuentesfidedignas.com.mx\/index.php\/2021\/09\/01\/la-flor-y-las-piedritas-en-eldorado-comunidades-afectadas-por-nora\/#breadcrumb","itemListElement":[{"@type":"ListItem","position":1,"name":"Inicio","item":"https:\/\/fuentesfidedignas.com.mx\/"},{"@type":"ListItem","position":2,"name":"La Flor y Las Piedritas, en Eldorado, comunidades afectadas por &#8216;Nora&#8217;"}]},{"@type":"WebSite","@id":"https:\/\/fuentesfidedignas.com.mx\/#website","url":"https:\/\/fuentesfidedignas.com.mx\/","name":"Fuentes Fidedignas","description":"Otro sitio realizado con WordPress","publisher":{"@id":"https:\/\/fuentesfidedignas.com.mx\/#organization"},"potentialAction":[{"@type":"SearchAction","target":{"@type":"EntryPoint","urlTemplate":"https:\/\/fuentesfidedignas.com.mx\/?s={search_term_string}"},"query-input":{"@type":"PropertyValueSpecification","valueRequired":true,"valueName":"search_term_string"}}],"inLanguage":"es"},{"@type":"Organization","@id":"https:\/\/fuentesfidedignas.com.mx\/#organization","name":"Fuentes Fidedignas","url":"https:\/\/fuentesfidedignas.com.mx\/","logo":{"@type":"ImageObject","inLanguage":"es","@id":"https:\/\/fuentesfidedignas.com.mx\/#\/schema\/logo\/image\/","url":"https:\/\/fuentesfidedignas.com.mx\/wp-content\/uploads\/2021\/04\/logo-retina.png","contentUrl":"https:\/\/fuentesfidedignas.com.mx\/wp-content\/uploads\/2021\/04\/logo-retina.png","width":280,"height":51,"caption":"Fuentes Fidedignas"},"image":{"@id":"https:\/\/fuentesfidedignas.com.mx\/#\/schema\/logo\/image\/"},"sameAs":["https:\/\/www.facebook.com\/Fuentes-Fidedignas-368234489921644","https:\/\/x.com\/fidedignas"]},{"@type":"Person","@id":"https:\/\/fuentesfidedignas.com.mx\/#\/schema\/person\/331be9283d37198e2acd5750279085b0","name":"Redacci\u00f3n","image":{"@type":"ImageObject","inLanguage":"es","@id":"https:\/\/secure.gravatar.com\/avatar\/f6d8782c11d12b2d4ad3fbb6931aeab5309937a4d6cd2fc9cfaa28a6396a5aec?s=96&d=mm&r=g","url":"https:\/\/secure.gravatar.com\/avatar\/f6d8782c11d12b2d4ad3fbb6931aeab5309937a4d6cd2fc9cfaa28a6396a5aec?s=96&d=mm&r=g","contentUrl":"https:\/\/secure.gravatar.com\/avatar\/f6d8782c11d12b2d4ad3fbb6931aeab5309937a4d6cd2fc9cfaa28a6396a5aec?s=96&d=mm&r=g","caption":"Redacci\u00f3n"},"url":"https:\/\/fuentesfidedignas.com.mx\/index.php\/author\/redaccion\/"}]}},"_links":{"self":[{"href":"https:\/\/fuentesfidedignas.com.mx\/index.php\/wp-json\/wp\/v2\/posts\/11438","targetHints":{"allow":["GET"]}}],"collection":[{"href":"https:\/\/fuentesfidedignas.com.mx\/index.php\/wp-json\/wp\/v2\/posts"}],"about":[{"href":"https:\/\/fuentesfidedignas.com.mx\/index.php\/wp-json\/wp\/v2\/types\/post"}],"author":[{"embeddable":true,"href":"https:\/\/fuentesfidedignas.com.mx\/index.php\/wp-json\/wp\/v2\/users\/4"}],"replies":[{"embeddable":true,"href":"https:\/\/fuentesfidedignas.com.mx\/index.php\/wp-json\/wp\/v2\/comments?post=11438"}],"version-history":[{"count":1,"href":"https:\/\/fuentesfidedignas.com.mx\/index.php\/wp-json\/wp\/v2\/posts\/11438\/revisions"}],"predecessor-version":[{"id":11443,"href":"https:\/\/fuentesfidedignas.com.mx\/index.php\/wp-json\/wp\/v2\/posts\/11438\/revisions\/11443"}],"wp:featuredmedia":[{"embeddable":true,"href":"https:\/\/fuentesfidedignas.com.mx\/index.php\/wp-json\/wp\/v2\/media\/11439"}],"wp:attachment":[{"href":"https:\/\/fuentesfidedignas.com.mx\/index.php\/wp-json\/wp\/v2\/media?parent=11438"}],"wp:term":[{"taxonomy":"category","embeddable":true,"href":"https:\/\/fuentesfidedignas.com.mx\/index.php\/wp-json\/wp\/v2\/categories?post=11438"},{"taxonomy":"post_tag","embeddable":true,"href":"https:\/\/fuentesfidedignas.com.mx\/index.php\/wp-json\/wp\/v2\/tags?post=11438"}],"curies":[{"name":"wp","href":"https:\/\/api.w.org\/{rel}","templated":true}]}}