{"id":114355,"date":"2025-08-05T11:28:28","date_gmt":"2025-08-05T18:28:28","guid":{"rendered":"https:\/\/fuentesfidedignas.com.mx\/?p=114355"},"modified":"2025-08-05T11:28:35","modified_gmt":"2025-08-05T18:28:35","slug":"video-sujeto-intenta-acuchillar-a-feligres-durante-misa-en-la-paz-edomex","status":"publish","type":"post","link":"https:\/\/fuentesfidedignas.com.mx\/index.php\/2025\/08\/05\/video-sujeto-intenta-acuchillar-a-feligres-durante-misa-en-la-paz-edomex\/","title":{"rendered":"Video: Sujeto intenta acuchillar a feligr\u00e9s durante misa en La Paz, Edomex"},"content":{"rendered":"\n<p><strong><em>Un sujeto sac\u00f3 un cuchillo y atac\u00f3 a un hombre, durante la celebraci\u00f3n de una misa en La Paz, Edomex<\/em><\/strong><\/p>\n\n\n\n<p>Un sujeto fue detenido en Los Reyes La Paz, Edomex, tras intentar acuchillar a un feligr\u00e9s durante una misa.<\/p>\n\n\n\n<figure class=\"wp-block-embed is-type-rich is-provider-twitter wp-block-embed-twitter\"><div class=\"wp-block-embed__wrapper\">\n<blockquote class=\"twitter-tweet\" data-width=\"550\" data-dnt=\"true\"><p lang=\"es\" dir=\"ltr\">SIN TERMOR a DIOS\u2026 INTENTA MATAR a un HOMBRE FRENTE al ALTAR<br>As\u00ed apu\u00f1al\u00f3 este tipo a un hombre dentro de una iglesia en La Paz <a href=\"https:\/\/twitter.com\/Edomex?ref_src=twsrc%5Etfw\">@Edomex<\/a> <br>Feligreses y ac\u00f3litos tuvieron q someterlo.<br>La <a href=\"https:\/\/twitter.com\/FiscaliaEdomex?ref_src=twsrc%5Etfw\">@FiscaliaEdomex<\/a> ya lo mand\u00f3 a prisi\u00f3n por intento de homicidio.<br><br>El caso <a href=\"https:\/\/twitter.com\/hashtag\/C4ENALERTA?src=hash&amp;ref_src=twsrc%5Etfw\">#C4ENALERTA<\/a> <a href=\"https:\/\/t.co\/p9ltKa91Wx\">pic.twitter.com\/p9ltKa91Wx<\/a><\/p>&mdash; Carlos Jim\u00e9nez (@c4jimenez) <a href=\"https:\/\/twitter.com\/c4jimenez\/status\/1952514779823608080?ref_src=twsrc%5Etfw\">August 4, 2025<\/a><\/blockquote><script async src=\"https:\/\/platform.twitter.com\/widgets.js\" charset=\"utf-8\"><\/script>\n<\/div><\/figure>\n\n\n\n<p>Los hechos se registraron el domingo 3 de agosto en la Parroquia de Santa Mar\u00eda Magdalena de Atlicpac.<\/p>\n\n\n\n<p>Una c\u00e1mara de vigilancia del templo capt\u00f3 el momento en que uno de los asistentes a la misa saca un cuchillo, se dirige a un hombre e intenta clav\u00e1rselo en por lo menos dos ocasiones.<\/p>\n\n\n\n<p>La r\u00e1pida intervenci\u00f3n de otro asistente impidi\u00f3 que el agresor continuara el ataque.<\/p>\n\n\n\n<p>El sujeto fue derribado y sometido en el piso mientras que varios de los asistentes a la misa optaron por retirarse.<\/p>\n\n\n\n<figure class=\"wp-block-image size-large\"><img decoding=\"async\" width=\"648\" height=\"1024\" src=\"https:\/\/fuentesfidedignas.com.mx\/wp-content\/uploads\/2025\/08\/image-1-3-648x1024.jpg\" alt=\"\" class=\"wp-image-114356\" srcset=\"https:\/\/fuentesfidedignas.com.mx\/wp-content\/uploads\/2025\/08\/image-1-3-648x1024.jpg 648w, https:\/\/fuentesfidedignas.com.mx\/wp-content\/uploads\/2025\/08\/image-1-3-190x300.jpg 190w, https:\/\/fuentesfidedignas.com.mx\/wp-content\/uploads\/2025\/08\/image-1-3-768x1213.jpg 768w, https:\/\/fuentesfidedignas.com.mx\/wp-content\/uploads\/2025\/08\/image-1-3-972x1536.jpg 972w, https:\/\/fuentesfidedignas.com.mx\/wp-content\/uploads\/2025\/08\/image-1-3-266x420.jpg 266w, https:\/\/fuentesfidedignas.com.mx\/wp-content\/uploads\/2025\/08\/image-1-3-532x840.jpg 532w, https:\/\/fuentesfidedignas.com.mx\/wp-content\/uploads\/2025\/08\/image-1-3-300x474.jpg 300w, https:\/\/fuentesfidedignas.com.mx\/wp-content\/uploads\/2025\/08\/image-1-3-600x948.jpg 600w, https:\/\/fuentesfidedignas.com.mx\/wp-content\/uploads\/2025\/08\/image-1-3-696x1100.jpg 696w, https:\/\/fuentesfidedignas.com.mx\/wp-content\/uploads\/2025\/08\/image-1-3.jpg 1000w\" sizes=\"(max-width: 648px) 100vw, 648px\" \/><figcaption class=\"wp-element-caption\">Marco Antonio N., sujeto que atac\u00f3 a otro durante una misa en La Paz, Edomex. Foto de @FiscaliaEdomex<\/figcaption><\/figure>\n\n\n\n<p>Tras la viralizaci\u00f3n del ataque en redes sociales, la Fiscal\u00eda General de Justicia del Estado de M\u00e9xico (FGJEM) inform\u00f3 la detenci\u00f3n del agresor, identificado como Marco Antonio N.<\/p>\n\n\n\n<p>El sujeto ser\u00e1 investigado por homicidio calificado en grado de tentativa.<\/p>\n\n\n\n<p>Tras la viralizaci\u00f3n del ataque en redes sociales, la Fiscal\u00eda General de Justicia del Estado de M\u00e9xico (FGJEM) inform\u00f3 la detenci\u00f3n del agresor, identificado como Marco Antonio N.<\/p>\n\n\n\n<p>El sujeto ser\u00e1 investigado por homicidio calificado en grado de tentativa.<\/p>\n\n\n\n<p>&#8220;Al detenido se le debe considerar inocente hasta que sea dictada una sentencia condenatoria en su contra\u201d, se\u00f1al\u00f3 la FGJEM en un comunicado.<\/p>\n","protected":false},"excerpt":{"rendered":"<p>Un sujeto sac\u00f3 un cuchillo y atac\u00f3 a un hombre, durante la celebraci\u00f3n de una misa en La Paz, Edomex Un sujeto fue detenido en Los Reyes La Paz, Edomex, tras intentar acuchillar a un feligr\u00e9s durante una misa. Los hechos se registraron el domingo 3 de agosto en la Parroquia de Santa Mar\u00eda Magdalena [&hellip;]<\/p>\n","protected":false},"author":47,"featured_media":114357,"comment_status":"open","ping_status":"open","sticky":false,"template":"","format":"standard","meta":{"tdm_status":"","tdm_grid_status":"","footnotes":""},"categories":[39],"tags":[],"class_list":{"0":"post-114355","1":"post","2":"type-post","3":"status-publish","4":"format-standard","5":"has-post-thumbnail","7":"category-noticias-nacionales"},"yoast_head":"<!-- This site is optimized with the Yoast SEO plugin v27.4 - https:\/\/yoast.com\/product\/yoast-seo-wordpress\/ -->\n<title>Video: Sujeto intenta acuchillar a feligr\u00e9s durante misa en La Paz, Edomex - Fuentes Fidedignas<\/title>\n<meta name=\"robots\" content=\"index, follow, max-snippet:-1, max-image-preview:large, max-video-preview:-1\" \/>\n<link rel=\"canonical\" href=\"https:\/\/fuentesfidedignas.com.mx\/index.php\/2025\/08\/05\/video-sujeto-intenta-acuchillar-a-feligres-durante-misa-en-la-paz-edomex\/\" \/>\n<meta property=\"og:locale\" content=\"es_MX\" \/>\n<meta property=\"og:type\" content=\"article\" \/>\n<meta property=\"og:title\" content=\"Video: Sujeto intenta acuchillar a feligr\u00e9s durante misa en La Paz, Edomex - Fuentes Fidedignas\" \/>\n<meta property=\"og:description\" content=\"Un sujeto sac\u00f3 un cuchillo y atac\u00f3 a un hombre, durante la celebraci\u00f3n de una misa en La Paz, Edomex Un sujeto fue detenido en Los Reyes La Paz, Edomex, tras intentar acuchillar a un feligr\u00e9s durante una misa. Los hechos se registraron el domingo 3 de agosto en la Parroquia de Santa Mar\u00eda Magdalena [&hellip;]\" \/>\n<meta property=\"og:url\" content=\"https:\/\/fuentesfidedignas.com.mx\/index.php\/2025\/08\/05\/video-sujeto-intenta-acuchillar-a-feligres-durante-misa-en-la-paz-edomex\/\" \/>\n<meta property=\"og:site_name\" content=\"Fuentes Fidedignas\" \/>\n<meta property=\"article:publisher\" content=\"https:\/\/www.facebook.com\/Fuentes-Fidedignas-368234489921644\" \/>\n<meta property=\"article:published_time\" content=\"2025-08-05T18:28:28+00:00\" \/>\n<meta property=\"article:modified_time\" content=\"2025-08-05T18:28:35+00:00\" \/>\n<meta property=\"og:image\" content=\"https:\/\/fuentesfidedignas.com.mx\/wp-content\/uploads\/2025\/08\/ataque-con-cuchillo-en-iglesia.jpg\" \/>\n\t<meta property=\"og:image:width\" content=\"500\" \/>\n\t<meta property=\"og:image:height\" content=\"308\" \/>\n\t<meta property=\"og:image:type\" content=\"image\/jpeg\" \/>\n<meta name=\"author\" content=\"L\u00f3pez D\u00f3riga\" \/>\n<meta name=\"twitter:card\" content=\"summary_large_image\" \/>\n<meta name=\"twitter:creator\" content=\"@fidedignas\" \/>\n<meta name=\"twitter:site\" content=\"@fidedignas\" \/>\n<meta name=\"twitter:label1\" content=\"Escrito por\" \/>\n\t<meta name=\"twitter:data1\" content=\"L\u00f3pez D\u00f3riga\" \/>\n\t<meta name=\"twitter:label2\" content=\"Tiempo de lectura\" \/>\n\t<meta name=\"twitter:data2\" content=\"2 minutos\" \/>\n<script type=\"application\/ld+json\" class=\"yoast-schema-graph\">{\"@context\":\"https:\\\/\\\/schema.org\",\"@graph\":[{\"@type\":\"Article\",\"@id\":\"https:\\\/\\\/fuentesfidedignas.com.mx\\\/index.php\\\/2025\\\/08\\\/05\\\/video-sujeto-intenta-acuchillar-a-feligres-durante-misa-en-la-paz-edomex\\\/#article\",\"isPartOf\":{\"@id\":\"https:\\\/\\\/fuentesfidedignas.com.mx\\\/index.php\\\/2025\\\/08\\\/05\\\/video-sujeto-intenta-acuchillar-a-feligres-durante-misa-en-la-paz-edomex\\\/\"},\"author\":{\"name\":\"L\u00f3pez D\u00f3riga\",\"@id\":\"https:\\\/\\\/fuentesfidedignas.com.mx\\\/#\\\/schema\\\/person\\\/67d852f0557c8509146a4b9ddebd543a\"},\"headline\":\"Video: Sujeto intenta acuchillar a feligr\u00e9s durante misa en La Paz, Edomex\",\"datePublished\":\"2025-08-05T18:28:28+00:00\",\"dateModified\":\"2025-08-05T18:28:35+00:00\",\"mainEntityOfPage\":{\"@id\":\"https:\\\/\\\/fuentesfidedignas.com.mx\\\/index.php\\\/2025\\\/08\\\/05\\\/video-sujeto-intenta-acuchillar-a-feligres-durante-misa-en-la-paz-edomex\\\/\"},\"wordCount\":278,\"commentCount\":0,\"publisher\":{\"@id\":\"https:\\\/\\\/fuentesfidedignas.com.mx\\\/#organization\"},\"image\":{\"@id\":\"https:\\\/\\\/fuentesfidedignas.com.mx\\\/index.php\\\/2025\\\/08\\\/05\\\/video-sujeto-intenta-acuchillar-a-feligres-durante-misa-en-la-paz-edomex\\\/#primaryimage\"},\"thumbnailUrl\":\"https:\\\/\\\/fuentesfidedignas.com.mx\\\/wp-content\\\/uploads\\\/2025\\\/08\\\/ataque-con-cuchillo-en-iglesia.jpg\",\"articleSection\":[\"NOTICIAS NACIONALES\"],\"inLanguage\":\"es\",\"potentialAction\":[{\"@type\":\"CommentAction\",\"name\":\"Comment\",\"target\":[\"https:\\\/\\\/fuentesfidedignas.com.mx\\\/index.php\\\/2025\\\/08\\\/05\\\/video-sujeto-intenta-acuchillar-a-feligres-durante-misa-en-la-paz-edomex\\\/#respond\"]}]},{\"@type\":\"WebPage\",\"@id\":\"https:\\\/\\\/fuentesfidedignas.com.mx\\\/index.php\\\/2025\\\/08\\\/05\\\/video-sujeto-intenta-acuchillar-a-feligres-durante-misa-en-la-paz-edomex\\\/\",\"url\":\"https:\\\/\\\/fuentesfidedignas.com.mx\\\/index.php\\\/2025\\\/08\\\/05\\\/video-sujeto-intenta-acuchillar-a-feligres-durante-misa-en-la-paz-edomex\\\/\",\"name\":\"Video: Sujeto intenta acuchillar a feligr\u00e9s durante misa en La Paz, Edomex - Fuentes Fidedignas\",\"isPartOf\":{\"@id\":\"https:\\\/\\\/fuentesfidedignas.com.mx\\\/#website\"},\"primaryImageOfPage\":{\"@id\":\"https:\\\/\\\/fuentesfidedignas.com.mx\\\/index.php\\\/2025\\\/08\\\/05\\\/video-sujeto-intenta-acuchillar-a-feligres-durante-misa-en-la-paz-edomex\\\/#primaryimage\"},\"image\":{\"@id\":\"https:\\\/\\\/fuentesfidedignas.com.mx\\\/index.php\\\/2025\\\/08\\\/05\\\/video-sujeto-intenta-acuchillar-a-feligres-durante-misa-en-la-paz-edomex\\\/#primaryimage\"},\"thumbnailUrl\":\"https:\\\/\\\/fuentesfidedignas.com.mx\\\/wp-content\\\/uploads\\\/2025\\\/08\\\/ataque-con-cuchillo-en-iglesia.jpg\",\"datePublished\":\"2025-08-05T18:28:28+00:00\",\"dateModified\":\"2025-08-05T18:28:35+00:00\",\"breadcrumb\":{\"@id\":\"https:\\\/\\\/fuentesfidedignas.com.mx\\\/index.php\\\/2025\\\/08\\\/05\\\/video-sujeto-intenta-acuchillar-a-feligres-durante-misa-en-la-paz-edomex\\\/#breadcrumb\"},\"inLanguage\":\"es\",\"potentialAction\":[{\"@type\":\"ReadAction\",\"target\":[\"https:\\\/\\\/fuentesfidedignas.com.mx\\\/index.php\\\/2025\\\/08\\\/05\\\/video-sujeto-intenta-acuchillar-a-feligres-durante-misa-en-la-paz-edomex\\\/\"]}]},{\"@type\":\"ImageObject\",\"inLanguage\":\"es\",\"@id\":\"https:\\\/\\\/fuentesfidedignas.com.mx\\\/index.php\\\/2025\\\/08\\\/05\\\/video-sujeto-intenta-acuchillar-a-feligres-durante-misa-en-la-paz-edomex\\\/#primaryimage\",\"url\":\"https:\\\/\\\/fuentesfidedignas.com.mx\\\/wp-content\\\/uploads\\\/2025\\\/08\\\/ataque-con-cuchillo-en-iglesia.jpg\",\"contentUrl\":\"https:\\\/\\\/fuentesfidedignas.com.mx\\\/wp-content\\\/uploads\\\/2025\\\/08\\\/ataque-con-cuchillo-en-iglesia.jpg\",\"width\":500,\"height\":308},{\"@type\":\"BreadcrumbList\",\"@id\":\"https:\\\/\\\/fuentesfidedignas.com.mx\\\/index.php\\\/2025\\\/08\\\/05\\\/video-sujeto-intenta-acuchillar-a-feligres-durante-misa-en-la-paz-edomex\\\/#breadcrumb\",\"itemListElement\":[{\"@type\":\"ListItem\",\"position\":1,\"name\":\"Inicio\",\"item\":\"https:\\\/\\\/fuentesfidedignas.com.mx\\\/\"},{\"@type\":\"ListItem\",\"position\":2,\"name\":\"Video: Sujeto intenta acuchillar a feligr\u00e9s durante misa en La Paz, Edomex\"}]},{\"@type\":\"WebSite\",\"@id\":\"https:\\\/\\\/fuentesfidedignas.com.mx\\\/#website\",\"url\":\"https:\\\/\\\/fuentesfidedignas.com.mx\\\/\",\"name\":\"Fuentes Fidedignas\",\"description\":\"Otro sitio realizado con WordPress\",\"publisher\":{\"@id\":\"https:\\\/\\\/fuentesfidedignas.com.mx\\\/#organization\"},\"potentialAction\":[{\"@type\":\"SearchAction\",\"target\":{\"@type\":\"EntryPoint\",\"urlTemplate\":\"https:\\\/\\\/fuentesfidedignas.com.mx\\\/?s={search_term_string}\"},\"query-input\":{\"@type\":\"PropertyValueSpecification\",\"valueRequired\":true,\"valueName\":\"search_term_string\"}}],\"inLanguage\":\"es\"},{\"@type\":\"Organization\",\"@id\":\"https:\\\/\\\/fuentesfidedignas.com.mx\\\/#organization\",\"name\":\"Fuentes Fidedignas\",\"url\":\"https:\\\/\\\/fuentesfidedignas.com.mx\\\/\",\"logo\":{\"@type\":\"ImageObject\",\"inLanguage\":\"es\",\"@id\":\"https:\\\/\\\/fuentesfidedignas.com.mx\\\/#\\\/schema\\\/logo\\\/image\\\/\",\"url\":\"https:\\\/\\\/fuentesfidedignas.com.mx\\\/wp-content\\\/uploads\\\/2021\\\/04\\\/logo-retina.png\",\"contentUrl\":\"https:\\\/\\\/fuentesfidedignas.com.mx\\\/wp-content\\\/uploads\\\/2021\\\/04\\\/logo-retina.png\",\"width\":280,\"height\":51,\"caption\":\"Fuentes Fidedignas\"},\"image\":{\"@id\":\"https:\\\/\\\/fuentesfidedignas.com.mx\\\/#\\\/schema\\\/logo\\\/image\\\/\"},\"sameAs\":[\"https:\\\/\\\/www.facebook.com\\\/Fuentes-Fidedignas-368234489921644\",\"https:\\\/\\\/x.com\\\/fidedignas\"]},{\"@type\":\"Person\",\"@id\":\"https:\\\/\\\/fuentesfidedignas.com.mx\\\/#\\\/schema\\\/person\\\/67d852f0557c8509146a4b9ddebd543a\",\"name\":\"L\u00f3pez D\u00f3riga\",\"image\":{\"@type\":\"ImageObject\",\"inLanguage\":\"es\",\"@id\":\"https:\\\/\\\/secure.gravatar.com\\\/avatar\\\/e525b06574ca18b33cded59dfe5778d6c823b9513154eff47da551b0551bdd1e?s=96&d=mm&r=g\",\"url\":\"https:\\\/\\\/secure.gravatar.com\\\/avatar\\\/e525b06574ca18b33cded59dfe5778d6c823b9513154eff47da551b0551bdd1e?s=96&d=mm&r=g\",\"contentUrl\":\"https:\\\/\\\/secure.gravatar.com\\\/avatar\\\/e525b06574ca18b33cded59dfe5778d6c823b9513154eff47da551b0551bdd1e?s=96&d=mm&r=g\",\"caption\":\"L\u00f3pez D\u00f3riga\"},\"url\":\"https:\\\/\\\/fuentesfidedignas.com.mx\\\/index.php\\\/author\\\/doriga\\\/\"}]}<\/script>\n<!-- \/ Yoast SEO plugin. -->","yoast_head_json":{"title":"Video: Sujeto intenta acuchillar a feligr\u00e9s durante misa en La Paz, Edomex - Fuentes Fidedignas","robots":{"index":"index","follow":"follow","max-snippet":"max-snippet:-1","max-image-preview":"max-image-preview:large","max-video-preview":"max-video-preview:-1"},"canonical":"https:\/\/fuentesfidedignas.com.mx\/index.php\/2025\/08\/05\/video-sujeto-intenta-acuchillar-a-feligres-durante-misa-en-la-paz-edomex\/","og_locale":"es_MX","og_type":"article","og_title":"Video: Sujeto intenta acuchillar a feligr\u00e9s durante misa en La Paz, Edomex - Fuentes Fidedignas","og_description":"Un sujeto sac\u00f3 un cuchillo y atac\u00f3 a un hombre, durante la celebraci\u00f3n de una misa en La Paz, Edomex Un sujeto fue detenido en Los Reyes La Paz, Edomex, tras intentar acuchillar a un feligr\u00e9s durante una misa. Los hechos se registraron el domingo 3 de agosto en la Parroquia de Santa Mar\u00eda Magdalena [&hellip;]","og_url":"https:\/\/fuentesfidedignas.com.mx\/index.php\/2025\/08\/05\/video-sujeto-intenta-acuchillar-a-feligres-durante-misa-en-la-paz-edomex\/","og_site_name":"Fuentes Fidedignas","article_publisher":"https:\/\/www.facebook.com\/Fuentes-Fidedignas-368234489921644","article_published_time":"2025-08-05T18:28:28+00:00","article_modified_time":"2025-08-05T18:28:35+00:00","og_image":[{"width":500,"height":308,"url":"https:\/\/fuentesfidedignas.com.mx\/wp-content\/uploads\/2025\/08\/ataque-con-cuchillo-en-iglesia.jpg","type":"image\/jpeg"}],"author":"L\u00f3pez D\u00f3riga","twitter_card":"summary_large_image","twitter_creator":"@fidedignas","twitter_site":"@fidedignas","twitter_misc":{"Escrito por":"L\u00f3pez D\u00f3riga","Tiempo de lectura":"2 minutos"},"schema":{"@context":"https:\/\/schema.org","@graph":[{"@type":"Article","@id":"https:\/\/fuentesfidedignas.com.mx\/index.php\/2025\/08\/05\/video-sujeto-intenta-acuchillar-a-feligres-durante-misa-en-la-paz-edomex\/#article","isPartOf":{"@id":"https:\/\/fuentesfidedignas.com.mx\/index.php\/2025\/08\/05\/video-sujeto-intenta-acuchillar-a-feligres-durante-misa-en-la-paz-edomex\/"},"author":{"name":"L\u00f3pez D\u00f3riga","@id":"https:\/\/fuentesfidedignas.com.mx\/#\/schema\/person\/67d852f0557c8509146a4b9ddebd543a"},"headline":"Video: Sujeto intenta acuchillar a feligr\u00e9s durante misa en La Paz, Edomex","datePublished":"2025-08-05T18:28:28+00:00","dateModified":"2025-08-05T18:28:35+00:00","mainEntityOfPage":{"@id":"https:\/\/fuentesfidedignas.com.mx\/index.php\/2025\/08\/05\/video-sujeto-intenta-acuchillar-a-feligres-durante-misa-en-la-paz-edomex\/"},"wordCount":278,"commentCount":0,"publisher":{"@id":"https:\/\/fuentesfidedignas.com.mx\/#organization"},"image":{"@id":"https:\/\/fuentesfidedignas.com.mx\/index.php\/2025\/08\/05\/video-sujeto-intenta-acuchillar-a-feligres-durante-misa-en-la-paz-edomex\/#primaryimage"},"thumbnailUrl":"https:\/\/fuentesfidedignas.com.mx\/wp-content\/uploads\/2025\/08\/ataque-con-cuchillo-en-iglesia.jpg","articleSection":["NOTICIAS NACIONALES"],"inLanguage":"es","potentialAction":[{"@type":"CommentAction","name":"Comment","target":["https:\/\/fuentesfidedignas.com.mx\/index.php\/2025\/08\/05\/video-sujeto-intenta-acuchillar-a-feligres-durante-misa-en-la-paz-edomex\/#respond"]}]},{"@type":"WebPage","@id":"https:\/\/fuentesfidedignas.com.mx\/index.php\/2025\/08\/05\/video-sujeto-intenta-acuchillar-a-feligres-durante-misa-en-la-paz-edomex\/","url":"https:\/\/fuentesfidedignas.com.mx\/index.php\/2025\/08\/05\/video-sujeto-intenta-acuchillar-a-feligres-durante-misa-en-la-paz-edomex\/","name":"Video: Sujeto intenta acuchillar a feligr\u00e9s durante misa en La Paz, Edomex - Fuentes Fidedignas","isPartOf":{"@id":"https:\/\/fuentesfidedignas.com.mx\/#website"},"primaryImageOfPage":{"@id":"https:\/\/fuentesfidedignas.com.mx\/index.php\/2025\/08\/05\/video-sujeto-intenta-acuchillar-a-feligres-durante-misa-en-la-paz-edomex\/#primaryimage"},"image":{"@id":"https:\/\/fuentesfidedignas.com.mx\/index.php\/2025\/08\/05\/video-sujeto-intenta-acuchillar-a-feligres-durante-misa-en-la-paz-edomex\/#primaryimage"},"thumbnailUrl":"https:\/\/fuentesfidedignas.com.mx\/wp-content\/uploads\/2025\/08\/ataque-con-cuchillo-en-iglesia.jpg","datePublished":"2025-08-05T18:28:28+00:00","dateModified":"2025-08-05T18:28:35+00:00","breadcrumb":{"@id":"https:\/\/fuentesfidedignas.com.mx\/index.php\/2025\/08\/05\/video-sujeto-intenta-acuchillar-a-feligres-durante-misa-en-la-paz-edomex\/#breadcrumb"},"inLanguage":"es","potentialAction":[{"@type":"ReadAction","target":["https:\/\/fuentesfidedignas.com.mx\/index.php\/2025\/08\/05\/video-sujeto-intenta-acuchillar-a-feligres-durante-misa-en-la-paz-edomex\/"]}]},{"@type":"ImageObject","inLanguage":"es","@id":"https:\/\/fuentesfidedignas.com.mx\/index.php\/2025\/08\/05\/video-sujeto-intenta-acuchillar-a-feligres-durante-misa-en-la-paz-edomex\/#primaryimage","url":"https:\/\/fuentesfidedignas.com.mx\/wp-content\/uploads\/2025\/08\/ataque-con-cuchillo-en-iglesia.jpg","contentUrl":"https:\/\/fuentesfidedignas.com.mx\/wp-content\/uploads\/2025\/08\/ataque-con-cuchillo-en-iglesia.jpg","width":500,"height":308},{"@type":"BreadcrumbList","@id":"https:\/\/fuentesfidedignas.com.mx\/index.php\/2025\/08\/05\/video-sujeto-intenta-acuchillar-a-feligres-durante-misa-en-la-paz-edomex\/#breadcrumb","itemListElement":[{"@type":"ListItem","position":1,"name":"Inicio","item":"https:\/\/fuentesfidedignas.com.mx\/"},{"@type":"ListItem","position":2,"name":"Video: Sujeto intenta acuchillar a feligr\u00e9s durante misa en La Paz, Edomex"}]},{"@type":"WebSite","@id":"https:\/\/fuentesfidedignas.com.mx\/#website","url":"https:\/\/fuentesfidedignas.com.mx\/","name":"Fuentes Fidedignas","description":"Otro sitio realizado con WordPress","publisher":{"@id":"https:\/\/fuentesfidedignas.com.mx\/#organization"},"potentialAction":[{"@type":"SearchAction","target":{"@type":"EntryPoint","urlTemplate":"https:\/\/fuentesfidedignas.com.mx\/?s={search_term_string}"},"query-input":{"@type":"PropertyValueSpecification","valueRequired":true,"valueName":"search_term_string"}}],"inLanguage":"es"},{"@type":"Organization","@id":"https:\/\/fuentesfidedignas.com.mx\/#organization","name":"Fuentes Fidedignas","url":"https:\/\/fuentesfidedignas.com.mx\/","logo":{"@type":"ImageObject","inLanguage":"es","@id":"https:\/\/fuentesfidedignas.com.mx\/#\/schema\/logo\/image\/","url":"https:\/\/fuentesfidedignas.com.mx\/wp-content\/uploads\/2021\/04\/logo-retina.png","contentUrl":"https:\/\/fuentesfidedignas.com.mx\/wp-content\/uploads\/2021\/04\/logo-retina.png","width":280,"height":51,"caption":"Fuentes Fidedignas"},"image":{"@id":"https:\/\/fuentesfidedignas.com.mx\/#\/schema\/logo\/image\/"},"sameAs":["https:\/\/www.facebook.com\/Fuentes-Fidedignas-368234489921644","https:\/\/x.com\/fidedignas"]},{"@type":"Person","@id":"https:\/\/fuentesfidedignas.com.mx\/#\/schema\/person\/67d852f0557c8509146a4b9ddebd543a","name":"L\u00f3pez D\u00f3riga","image":{"@type":"ImageObject","inLanguage":"es","@id":"https:\/\/secure.gravatar.com\/avatar\/e525b06574ca18b33cded59dfe5778d6c823b9513154eff47da551b0551bdd1e?s=96&d=mm&r=g","url":"https:\/\/secure.gravatar.com\/avatar\/e525b06574ca18b33cded59dfe5778d6c823b9513154eff47da551b0551bdd1e?s=96&d=mm&r=g","contentUrl":"https:\/\/secure.gravatar.com\/avatar\/e525b06574ca18b33cded59dfe5778d6c823b9513154eff47da551b0551bdd1e?s=96&d=mm&r=g","caption":"L\u00f3pez D\u00f3riga"},"url":"https:\/\/fuentesfidedignas.com.mx\/index.php\/author\/doriga\/"}]}},"_links":{"self":[{"href":"https:\/\/fuentesfidedignas.com.mx\/index.php\/wp-json\/wp\/v2\/posts\/114355","targetHints":{"allow":["GET"]}}],"collection":[{"href":"https:\/\/fuentesfidedignas.com.mx\/index.php\/wp-json\/wp\/v2\/posts"}],"about":[{"href":"https:\/\/fuentesfidedignas.com.mx\/index.php\/wp-json\/wp\/v2\/types\/post"}],"author":[{"embeddable":true,"href":"https:\/\/fuentesfidedignas.com.mx\/index.php\/wp-json\/wp\/v2\/users\/47"}],"replies":[{"embeddable":true,"href":"https:\/\/fuentesfidedignas.com.mx\/index.php\/wp-json\/wp\/v2\/comments?post=114355"}],"version-history":[{"count":1,"href":"https:\/\/fuentesfidedignas.com.mx\/index.php\/wp-json\/wp\/v2\/posts\/114355\/revisions"}],"predecessor-version":[{"id":114358,"href":"https:\/\/fuentesfidedignas.com.mx\/index.php\/wp-json\/wp\/v2\/posts\/114355\/revisions\/114358"}],"wp:featuredmedia":[{"embeddable":true,"href":"https:\/\/fuentesfidedignas.com.mx\/index.php\/wp-json\/wp\/v2\/media\/114357"}],"wp:attachment":[{"href":"https:\/\/fuentesfidedignas.com.mx\/index.php\/wp-json\/wp\/v2\/media?parent=114355"}],"wp:term":[{"taxonomy":"category","embeddable":true,"href":"https:\/\/fuentesfidedignas.com.mx\/index.php\/wp-json\/wp\/v2\/categories?post=114355"},{"taxonomy":"post_tag","embeddable":true,"href":"https:\/\/fuentesfidedignas.com.mx\/index.php\/wp-json\/wp\/v2\/tags?post=114355"}],"curies":[{"name":"wp","href":"https:\/\/api.w.org\/{rel}","templated":true}]}}