{"id":11430,"date":"2021-08-31T18:52:00","date_gmt":"2021-09-01T01:52:00","guid":{"rendered":"https:\/\/fuentesfidedignas.com.mx\/?p=11430"},"modified":"2021-08-31T18:52:01","modified_gmt":"2021-09-01T01:52:01","slug":"acuerdan-codesin-y-alcalde-electo-jose-paz-lopez-elenes-impulsar-agenda-de-desarrollo-para-badiraguato","status":"publish","type":"post","link":"https:\/\/fuentesfidedignas.com.mx\/index.php\/2021\/08\/31\/acuerdan-codesin-y-alcalde-electo-jose-paz-lopez-elenes-impulsar-agenda-de-desarrollo-para-badiraguato\/","title":{"rendered":"Acuerdan Codesin y alcalde electo Jos\u00e9 Paz L\u00f3pez Elenes impulsar agenda de desarrollo para Badiraguato"},"content":{"rendered":"\n<p><strong><em>H\u00e9ctor Ley agradeci\u00f3 la disponibilidad del Alcalde Electo para el di\u00e1logo y comparti\u00f3 que existe toda la disposici\u00f3n del organismo que preside en la regi\u00f3n centro de apoyar al municipio en los temas prioritarios<\/em><\/strong><\/p>\n\n\n\n<p>Culiac\u00e1n, Sin.- Mediante encuentro v\u00eda digital, encabezados por el Presidente H\u00e9ctor Ley Pineda, consejeros del Comit\u00e9 Regional de Promoci\u00f3n Econ\u00f3mica Zona Centro de Codesin se reunieron con el alcalde electo de Badiraguato, Jos\u00e9 Paz L\u00f3pez Elenes, con el objetivo de definir una agenda colaborativa que retome los proyectos prioritarios de desarrollo, infraestructura e inversi\u00f3n identificados para el desarrollo y la competitividad del municipio e incorporarlos a la Agenda Regional Estrat\u00e9gica del organismo p\u00fablico-privado.<\/p>\n\n\n\n<p>H\u00e9ctor Ley agradeci\u00f3 la disponibilidad del Alcalde Electo para el di\u00e1logo y comparti\u00f3 que existe toda la disposici\u00f3n del organismo que preside en la regi\u00f3n centro de apoyar al municipio en los temas prioritarios, manifestando adem\u00e1s que Codesin cuenta con una estructura y capacidad de gesti\u00f3n para cumplir con su prop\u00f3sito de generar competitividad y mejorar la vida de los habitantes de las comunidades.<\/p>\n\n\n\n<p>L\u00f3pez Elenes resalt\u00f3 que su gobierno ser\u00e1 abierto, cercano a la gente, con una administraci\u00f3n eficiente, y buscar\u00e1 generar condiciones para el desarrollo econ\u00f3mico, y social; comparti\u00f3 como temas estrat\u00e9gicos de su agenda: promover la cultura, el deporte especializado, la educaci\u00f3n, la salud, el mejoramiento de servicios p\u00fablicos e inversi\u00f3n en infraestructura.<\/p>\n\n\n\n<p>Destac\u00f3 adem\u00e1s la importancia de impulsar al sector tur\u00edstico, el embellecimiento de la cabecera municipal y continuar con el crecimiento de Surutato como destino.<\/p>\n\n\n\n<p>Tanto el pr\u00f3ximo presidente municipal como consejeros de Codesin acordaron dar seguimiento peri\u00f3dico a las iniciativas mencionadas en la reuni\u00f3n.<\/p>\n\n\n\n<p>Esta es la und\u00e9cima reuni\u00f3n que Codesin realiza con autoridades electas con el prop\u00f3sito de acordar una agenda y perseguir una visi\u00f3n de desarrollo de largo plazo. Durante julio y agosto el organismo se reuni\u00f3 con las autoridades electas en el siguiente orden cronol\u00f3gico: con las alcaldesas electas de la regi\u00f3n sur de Rosario y Escuinapa, Claudia Valdez y Blanca Estela Garc\u00eda, respectivamente; de manera conjunta con los diputados federales electos Ana Elizabeth Ayala Leyva, Casimiro Zamora Valdez, Nancy Yadira Santiago Marcos, Olegaria Carrazco Mac\u00edas y Merary Villegas S\u00e1nchez; as\u00ed como con los presidentes municipales electos de Angostura, Mocorito, Salvador Alvarado, El Fuerte, Guasave, Elota y Cosal\u00e1: Miguel Angulo, Mar\u00eda Elizalde, Armando Camacho, Gildardo Leyva, Miguel Ahumada Quintero, Ana Karen Val y Carla Corrales, en ese orden.<\/p>\n\n\n\n<p>Codesin busca realizar estos encuentros con el resto de los alcaldes electos de la entidad, los diputados electos tanto locales como federales, as\u00ed como con el pr\u00f3ximo gobernador Rub\u00e9n Rocha Moya, en busca de socializar un modelo de desarrollo que consolide sectores econ\u00f3micos de mayor valor y crecimiento a trav\u00e9s del conocimiento, la innovaci\u00f3n y el capital humano bajo un enfoque de desarrollo incluyente y sostenible. En cada reuni\u00f3n se presenta la agenda del organismo para lograrlo, destacando la importancia de la colaboraci\u00f3n y cooperaci\u00f3n de los participantes en la toma de decisiones de la administraci\u00f3n p\u00fablica con el sector productivo, civil y acad\u00e9mico.<\/p>\n","protected":false},"excerpt":{"rendered":"<p>H\u00e9ctor Ley agradeci\u00f3 la disponibilidad del Alcalde Electo para el di\u00e1logo y comparti\u00f3 que existe toda la disposici\u00f3n del organismo que preside en la regi\u00f3n centro de apoyar al municipio en los temas prioritarios Culiac\u00e1n, Sin.- Mediante encuentro v\u00eda digital, encabezados por el Presidente H\u00e9ctor Ley Pineda, consejeros del Comit\u00e9 Regional de Promoci\u00f3n Econ\u00f3mica Zona [&hellip;]<\/p>\n","protected":false},"author":4,"featured_media":11431,"comment_status":"open","ping_status":"open","sticky":false,"template":"","format":"standard","meta":{"tdm_status":"","tdm_grid_status":"","footnotes":""},"categories":[38],"tags":[],"class_list":{"0":"post-11430","1":"post","2":"type-post","3":"status-publish","4":"format-standard","5":"has-post-thumbnail","7":"category-noticias-locales"},"yoast_head":"<!-- This site is optimized with the Yoast SEO plugin v27.5 - https:\/\/yoast.com\/product\/yoast-seo-wordpress\/ -->\n<title>Acuerdan Codesin y alcalde electo Jos\u00e9 Paz L\u00f3pez Elenes impulsar agenda de desarrollo para Badiraguato - Fuentes Fidedignas<\/title>\n<meta name=\"robots\" content=\"index, follow, max-snippet:-1, max-image-preview:large, max-video-preview:-1\" \/>\n<link rel=\"canonical\" href=\"https:\/\/fuentesfidedignas.com.mx\/index.php\/2021\/08\/31\/acuerdan-codesin-y-alcalde-electo-jose-paz-lopez-elenes-impulsar-agenda-de-desarrollo-para-badiraguato\/\" \/>\n<meta property=\"og:locale\" content=\"es_MX\" \/>\n<meta property=\"og:type\" content=\"article\" \/>\n<meta property=\"og:title\" content=\"Acuerdan Codesin y alcalde electo Jos\u00e9 Paz L\u00f3pez Elenes impulsar agenda de desarrollo para Badiraguato - Fuentes Fidedignas\" \/>\n<meta property=\"og:description\" content=\"H\u00e9ctor Ley agradeci\u00f3 la disponibilidad del Alcalde Electo para el di\u00e1logo y comparti\u00f3 que existe toda la disposici\u00f3n del organismo que preside en la regi\u00f3n centro de apoyar al municipio en los temas prioritarios Culiac\u00e1n, Sin.- Mediante encuentro v\u00eda digital, encabezados por el Presidente H\u00e9ctor Ley Pineda, consejeros del Comit\u00e9 Regional de Promoci\u00f3n Econ\u00f3mica Zona [&hellip;]\" \/>\n<meta property=\"og:url\" content=\"https:\/\/fuentesfidedignas.com.mx\/index.php\/2021\/08\/31\/acuerdan-codesin-y-alcalde-electo-jose-paz-lopez-elenes-impulsar-agenda-de-desarrollo-para-badiraguato\/\" \/>\n<meta property=\"og:site_name\" content=\"Fuentes Fidedignas\" \/>\n<meta property=\"article:publisher\" content=\"https:\/\/www.facebook.com\/Fuentes-Fidedignas-368234489921644\" \/>\n<meta property=\"article:published_time\" content=\"2021-09-01T01:52:00+00:00\" \/>\n<meta property=\"article:modified_time\" content=\"2021-09-01T01:52:01+00:00\" \/>\n<meta property=\"og:image\" content=\"https:\/\/fuentesfidedignas.com.mx\/wp-content\/uploads\/2021\/08\/reunion-alcalde-badiraguato.jpg\" \/>\n\t<meta property=\"og:image:width\" content=\"889\" \/>\n\t<meta property=\"og:image:height\" content=\"576\" \/>\n\t<meta property=\"og:image:type\" content=\"image\/jpeg\" \/>\n<meta name=\"author\" content=\"Redacci\u00f3n\" \/>\n<meta name=\"twitter:card\" content=\"summary_large_image\" \/>\n<meta name=\"twitter:creator\" content=\"@fidedignas\" \/>\n<meta name=\"twitter:site\" content=\"@fidedignas\" \/>\n<meta name=\"twitter:label1\" content=\"Escrito por\" \/>\n\t<meta name=\"twitter:data1\" content=\"Redacci\u00f3n\" \/>\n\t<meta name=\"twitter:label2\" content=\"Tiempo de lectura\" \/>\n\t<meta name=\"twitter:data2\" content=\"3 minutos\" \/>\n<script type=\"application\/ld+json\" class=\"yoast-schema-graph\">{\"@context\":\"https:\\\/\\\/schema.org\",\"@graph\":[{\"@type\":\"Article\",\"@id\":\"https:\\\/\\\/fuentesfidedignas.com.mx\\\/index.php\\\/2021\\\/08\\\/31\\\/acuerdan-codesin-y-alcalde-electo-jose-paz-lopez-elenes-impulsar-agenda-de-desarrollo-para-badiraguato\\\/#article\",\"isPartOf\":{\"@id\":\"https:\\\/\\\/fuentesfidedignas.com.mx\\\/index.php\\\/2021\\\/08\\\/31\\\/acuerdan-codesin-y-alcalde-electo-jose-paz-lopez-elenes-impulsar-agenda-de-desarrollo-para-badiraguato\\\/\"},\"author\":{\"name\":\"Redacci\u00f3n\",\"@id\":\"https:\\\/\\\/fuentesfidedignas.com.mx\\\/#\\\/schema\\\/person\\\/331be9283d37198e2acd5750279085b0\"},\"headline\":\"Acuerdan Codesin y alcalde electo Jos\u00e9 Paz L\u00f3pez Elenes impulsar agenda de desarrollo para Badiraguato\",\"datePublished\":\"2021-09-01T01:52:00+00:00\",\"dateModified\":\"2021-09-01T01:52:01+00:00\",\"mainEntityOfPage\":{\"@id\":\"https:\\\/\\\/fuentesfidedignas.com.mx\\\/index.php\\\/2021\\\/08\\\/31\\\/acuerdan-codesin-y-alcalde-electo-jose-paz-lopez-elenes-impulsar-agenda-de-desarrollo-para-badiraguato\\\/\"},\"wordCount\":568,\"commentCount\":0,\"publisher\":{\"@id\":\"https:\\\/\\\/fuentesfidedignas.com.mx\\\/#organization\"},\"image\":{\"@id\":\"https:\\\/\\\/fuentesfidedignas.com.mx\\\/index.php\\\/2021\\\/08\\\/31\\\/acuerdan-codesin-y-alcalde-electo-jose-paz-lopez-elenes-impulsar-agenda-de-desarrollo-para-badiraguato\\\/#primaryimage\"},\"thumbnailUrl\":\"https:\\\/\\\/fuentesfidedignas.com.mx\\\/wp-content\\\/uploads\\\/2021\\\/08\\\/reunion-alcalde-badiraguato.jpg\",\"articleSection\":[\"NOTICIAS LOCALES\"],\"inLanguage\":\"es\",\"potentialAction\":[{\"@type\":\"CommentAction\",\"name\":\"Comment\",\"target\":[\"https:\\\/\\\/fuentesfidedignas.com.mx\\\/index.php\\\/2021\\\/08\\\/31\\\/acuerdan-codesin-y-alcalde-electo-jose-paz-lopez-elenes-impulsar-agenda-de-desarrollo-para-badiraguato\\\/#respond\"]}]},{\"@type\":\"WebPage\",\"@id\":\"https:\\\/\\\/fuentesfidedignas.com.mx\\\/index.php\\\/2021\\\/08\\\/31\\\/acuerdan-codesin-y-alcalde-electo-jose-paz-lopez-elenes-impulsar-agenda-de-desarrollo-para-badiraguato\\\/\",\"url\":\"https:\\\/\\\/fuentesfidedignas.com.mx\\\/index.php\\\/2021\\\/08\\\/31\\\/acuerdan-codesin-y-alcalde-electo-jose-paz-lopez-elenes-impulsar-agenda-de-desarrollo-para-badiraguato\\\/\",\"name\":\"Acuerdan Codesin y alcalde electo Jos\u00e9 Paz L\u00f3pez Elenes impulsar agenda de desarrollo para Badiraguato - Fuentes Fidedignas\",\"isPartOf\":{\"@id\":\"https:\\\/\\\/fuentesfidedignas.com.mx\\\/#website\"},\"primaryImageOfPage\":{\"@id\":\"https:\\\/\\\/fuentesfidedignas.com.mx\\\/index.php\\\/2021\\\/08\\\/31\\\/acuerdan-codesin-y-alcalde-electo-jose-paz-lopez-elenes-impulsar-agenda-de-desarrollo-para-badiraguato\\\/#primaryimage\"},\"image\":{\"@id\":\"https:\\\/\\\/fuentesfidedignas.com.mx\\\/index.php\\\/2021\\\/08\\\/31\\\/acuerdan-codesin-y-alcalde-electo-jose-paz-lopez-elenes-impulsar-agenda-de-desarrollo-para-badiraguato\\\/#primaryimage\"},\"thumbnailUrl\":\"https:\\\/\\\/fuentesfidedignas.com.mx\\\/wp-content\\\/uploads\\\/2021\\\/08\\\/reunion-alcalde-badiraguato.jpg\",\"datePublished\":\"2021-09-01T01:52:00+00:00\",\"dateModified\":\"2021-09-01T01:52:01+00:00\",\"breadcrumb\":{\"@id\":\"https:\\\/\\\/fuentesfidedignas.com.mx\\\/index.php\\\/2021\\\/08\\\/31\\\/acuerdan-codesin-y-alcalde-electo-jose-paz-lopez-elenes-impulsar-agenda-de-desarrollo-para-badiraguato\\\/#breadcrumb\"},\"inLanguage\":\"es\",\"potentialAction\":[{\"@type\":\"ReadAction\",\"target\":[\"https:\\\/\\\/fuentesfidedignas.com.mx\\\/index.php\\\/2021\\\/08\\\/31\\\/acuerdan-codesin-y-alcalde-electo-jose-paz-lopez-elenes-impulsar-agenda-de-desarrollo-para-badiraguato\\\/\"]}]},{\"@type\":\"ImageObject\",\"inLanguage\":\"es\",\"@id\":\"https:\\\/\\\/fuentesfidedignas.com.mx\\\/index.php\\\/2021\\\/08\\\/31\\\/acuerdan-codesin-y-alcalde-electo-jose-paz-lopez-elenes-impulsar-agenda-de-desarrollo-para-badiraguato\\\/#primaryimage\",\"url\":\"https:\\\/\\\/fuentesfidedignas.com.mx\\\/wp-content\\\/uploads\\\/2021\\\/08\\\/reunion-alcalde-badiraguato.jpg\",\"contentUrl\":\"https:\\\/\\\/fuentesfidedignas.com.mx\\\/wp-content\\\/uploads\\\/2021\\\/08\\\/reunion-alcalde-badiraguato.jpg\",\"width\":889,\"height\":576},{\"@type\":\"BreadcrumbList\",\"@id\":\"https:\\\/\\\/fuentesfidedignas.com.mx\\\/index.php\\\/2021\\\/08\\\/31\\\/acuerdan-codesin-y-alcalde-electo-jose-paz-lopez-elenes-impulsar-agenda-de-desarrollo-para-badiraguato\\\/#breadcrumb\",\"itemListElement\":[{\"@type\":\"ListItem\",\"position\":1,\"name\":\"Inicio\",\"item\":\"https:\\\/\\\/fuentesfidedignas.com.mx\\\/\"},{\"@type\":\"ListItem\",\"position\":2,\"name\":\"Acuerdan Codesin y alcalde electo Jos\u00e9 Paz L\u00f3pez Elenes impulsar agenda de desarrollo para Badiraguato\"}]},{\"@type\":\"WebSite\",\"@id\":\"https:\\\/\\\/fuentesfidedignas.com.mx\\\/#website\",\"url\":\"https:\\\/\\\/fuentesfidedignas.com.mx\\\/\",\"name\":\"Fuentes Fidedignas\",\"description\":\"Otro sitio realizado con WordPress\",\"publisher\":{\"@id\":\"https:\\\/\\\/fuentesfidedignas.com.mx\\\/#organization\"},\"potentialAction\":[{\"@type\":\"SearchAction\",\"target\":{\"@type\":\"EntryPoint\",\"urlTemplate\":\"https:\\\/\\\/fuentesfidedignas.com.mx\\\/?s={search_term_string}\"},\"query-input\":{\"@type\":\"PropertyValueSpecification\",\"valueRequired\":true,\"valueName\":\"search_term_string\"}}],\"inLanguage\":\"es\"},{\"@type\":\"Organization\",\"@id\":\"https:\\\/\\\/fuentesfidedignas.com.mx\\\/#organization\",\"name\":\"Fuentes Fidedignas\",\"url\":\"https:\\\/\\\/fuentesfidedignas.com.mx\\\/\",\"logo\":{\"@type\":\"ImageObject\",\"inLanguage\":\"es\",\"@id\":\"https:\\\/\\\/fuentesfidedignas.com.mx\\\/#\\\/schema\\\/logo\\\/image\\\/\",\"url\":\"https:\\\/\\\/fuentesfidedignas.com.mx\\\/wp-content\\\/uploads\\\/2021\\\/04\\\/logo-retina.png\",\"contentUrl\":\"https:\\\/\\\/fuentesfidedignas.com.mx\\\/wp-content\\\/uploads\\\/2021\\\/04\\\/logo-retina.png\",\"width\":280,\"height\":51,\"caption\":\"Fuentes Fidedignas\"},\"image\":{\"@id\":\"https:\\\/\\\/fuentesfidedignas.com.mx\\\/#\\\/schema\\\/logo\\\/image\\\/\"},\"sameAs\":[\"https:\\\/\\\/www.facebook.com\\\/Fuentes-Fidedignas-368234489921644\",\"https:\\\/\\\/x.com\\\/fidedignas\"]},{\"@type\":\"Person\",\"@id\":\"https:\\\/\\\/fuentesfidedignas.com.mx\\\/#\\\/schema\\\/person\\\/331be9283d37198e2acd5750279085b0\",\"name\":\"Redacci\u00f3n\",\"image\":{\"@type\":\"ImageObject\",\"inLanguage\":\"es\",\"@id\":\"https:\\\/\\\/secure.gravatar.com\\\/avatar\\\/f6d8782c11d12b2d4ad3fbb6931aeab5309937a4d6cd2fc9cfaa28a6396a5aec?s=96&d=mm&r=g\",\"url\":\"https:\\\/\\\/secure.gravatar.com\\\/avatar\\\/f6d8782c11d12b2d4ad3fbb6931aeab5309937a4d6cd2fc9cfaa28a6396a5aec?s=96&d=mm&r=g\",\"contentUrl\":\"https:\\\/\\\/secure.gravatar.com\\\/avatar\\\/f6d8782c11d12b2d4ad3fbb6931aeab5309937a4d6cd2fc9cfaa28a6396a5aec?s=96&d=mm&r=g\",\"caption\":\"Redacci\u00f3n\"},\"url\":\"https:\\\/\\\/fuentesfidedignas.com.mx\\\/index.php\\\/author\\\/redaccion\\\/\"}]}<\/script>\n<!-- \/ Yoast SEO plugin. -->","yoast_head_json":{"title":"Acuerdan Codesin y alcalde electo Jos\u00e9 Paz L\u00f3pez Elenes impulsar agenda de desarrollo para Badiraguato - Fuentes Fidedignas","robots":{"index":"index","follow":"follow","max-snippet":"max-snippet:-1","max-image-preview":"max-image-preview:large","max-video-preview":"max-video-preview:-1"},"canonical":"https:\/\/fuentesfidedignas.com.mx\/index.php\/2021\/08\/31\/acuerdan-codesin-y-alcalde-electo-jose-paz-lopez-elenes-impulsar-agenda-de-desarrollo-para-badiraguato\/","og_locale":"es_MX","og_type":"article","og_title":"Acuerdan Codesin y alcalde electo Jos\u00e9 Paz L\u00f3pez Elenes impulsar agenda de desarrollo para Badiraguato - Fuentes Fidedignas","og_description":"H\u00e9ctor Ley agradeci\u00f3 la disponibilidad del Alcalde Electo para el di\u00e1logo y comparti\u00f3 que existe toda la disposici\u00f3n del organismo que preside en la regi\u00f3n centro de apoyar al municipio en los temas prioritarios Culiac\u00e1n, Sin.- Mediante encuentro v\u00eda digital, encabezados por el Presidente H\u00e9ctor Ley Pineda, consejeros del Comit\u00e9 Regional de Promoci\u00f3n Econ\u00f3mica Zona [&hellip;]","og_url":"https:\/\/fuentesfidedignas.com.mx\/index.php\/2021\/08\/31\/acuerdan-codesin-y-alcalde-electo-jose-paz-lopez-elenes-impulsar-agenda-de-desarrollo-para-badiraguato\/","og_site_name":"Fuentes Fidedignas","article_publisher":"https:\/\/www.facebook.com\/Fuentes-Fidedignas-368234489921644","article_published_time":"2021-09-01T01:52:00+00:00","article_modified_time":"2021-09-01T01:52:01+00:00","og_image":[{"width":889,"height":576,"url":"https:\/\/fuentesfidedignas.com.mx\/wp-content\/uploads\/2021\/08\/reunion-alcalde-badiraguato.jpg","type":"image\/jpeg"}],"author":"Redacci\u00f3n","twitter_card":"summary_large_image","twitter_creator":"@fidedignas","twitter_site":"@fidedignas","twitter_misc":{"Escrito por":"Redacci\u00f3n","Tiempo de lectura":"3 minutos"},"schema":{"@context":"https:\/\/schema.org","@graph":[{"@type":"Article","@id":"https:\/\/fuentesfidedignas.com.mx\/index.php\/2021\/08\/31\/acuerdan-codesin-y-alcalde-electo-jose-paz-lopez-elenes-impulsar-agenda-de-desarrollo-para-badiraguato\/#article","isPartOf":{"@id":"https:\/\/fuentesfidedignas.com.mx\/index.php\/2021\/08\/31\/acuerdan-codesin-y-alcalde-electo-jose-paz-lopez-elenes-impulsar-agenda-de-desarrollo-para-badiraguato\/"},"author":{"name":"Redacci\u00f3n","@id":"https:\/\/fuentesfidedignas.com.mx\/#\/schema\/person\/331be9283d37198e2acd5750279085b0"},"headline":"Acuerdan Codesin y alcalde electo Jos\u00e9 Paz L\u00f3pez Elenes impulsar agenda de desarrollo para Badiraguato","datePublished":"2021-09-01T01:52:00+00:00","dateModified":"2021-09-01T01:52:01+00:00","mainEntityOfPage":{"@id":"https:\/\/fuentesfidedignas.com.mx\/index.php\/2021\/08\/31\/acuerdan-codesin-y-alcalde-electo-jose-paz-lopez-elenes-impulsar-agenda-de-desarrollo-para-badiraguato\/"},"wordCount":568,"commentCount":0,"publisher":{"@id":"https:\/\/fuentesfidedignas.com.mx\/#organization"},"image":{"@id":"https:\/\/fuentesfidedignas.com.mx\/index.php\/2021\/08\/31\/acuerdan-codesin-y-alcalde-electo-jose-paz-lopez-elenes-impulsar-agenda-de-desarrollo-para-badiraguato\/#primaryimage"},"thumbnailUrl":"https:\/\/fuentesfidedignas.com.mx\/wp-content\/uploads\/2021\/08\/reunion-alcalde-badiraguato.jpg","articleSection":["NOTICIAS LOCALES"],"inLanguage":"es","potentialAction":[{"@type":"CommentAction","name":"Comment","target":["https:\/\/fuentesfidedignas.com.mx\/index.php\/2021\/08\/31\/acuerdan-codesin-y-alcalde-electo-jose-paz-lopez-elenes-impulsar-agenda-de-desarrollo-para-badiraguato\/#respond"]}]},{"@type":"WebPage","@id":"https:\/\/fuentesfidedignas.com.mx\/index.php\/2021\/08\/31\/acuerdan-codesin-y-alcalde-electo-jose-paz-lopez-elenes-impulsar-agenda-de-desarrollo-para-badiraguato\/","url":"https:\/\/fuentesfidedignas.com.mx\/index.php\/2021\/08\/31\/acuerdan-codesin-y-alcalde-electo-jose-paz-lopez-elenes-impulsar-agenda-de-desarrollo-para-badiraguato\/","name":"Acuerdan Codesin y alcalde electo Jos\u00e9 Paz L\u00f3pez Elenes impulsar agenda de desarrollo para Badiraguato - Fuentes Fidedignas","isPartOf":{"@id":"https:\/\/fuentesfidedignas.com.mx\/#website"},"primaryImageOfPage":{"@id":"https:\/\/fuentesfidedignas.com.mx\/index.php\/2021\/08\/31\/acuerdan-codesin-y-alcalde-electo-jose-paz-lopez-elenes-impulsar-agenda-de-desarrollo-para-badiraguato\/#primaryimage"},"image":{"@id":"https:\/\/fuentesfidedignas.com.mx\/index.php\/2021\/08\/31\/acuerdan-codesin-y-alcalde-electo-jose-paz-lopez-elenes-impulsar-agenda-de-desarrollo-para-badiraguato\/#primaryimage"},"thumbnailUrl":"https:\/\/fuentesfidedignas.com.mx\/wp-content\/uploads\/2021\/08\/reunion-alcalde-badiraguato.jpg","datePublished":"2021-09-01T01:52:00+00:00","dateModified":"2021-09-01T01:52:01+00:00","breadcrumb":{"@id":"https:\/\/fuentesfidedignas.com.mx\/index.php\/2021\/08\/31\/acuerdan-codesin-y-alcalde-electo-jose-paz-lopez-elenes-impulsar-agenda-de-desarrollo-para-badiraguato\/#breadcrumb"},"inLanguage":"es","potentialAction":[{"@type":"ReadAction","target":["https:\/\/fuentesfidedignas.com.mx\/index.php\/2021\/08\/31\/acuerdan-codesin-y-alcalde-electo-jose-paz-lopez-elenes-impulsar-agenda-de-desarrollo-para-badiraguato\/"]}]},{"@type":"ImageObject","inLanguage":"es","@id":"https:\/\/fuentesfidedignas.com.mx\/index.php\/2021\/08\/31\/acuerdan-codesin-y-alcalde-electo-jose-paz-lopez-elenes-impulsar-agenda-de-desarrollo-para-badiraguato\/#primaryimage","url":"https:\/\/fuentesfidedignas.com.mx\/wp-content\/uploads\/2021\/08\/reunion-alcalde-badiraguato.jpg","contentUrl":"https:\/\/fuentesfidedignas.com.mx\/wp-content\/uploads\/2021\/08\/reunion-alcalde-badiraguato.jpg","width":889,"height":576},{"@type":"BreadcrumbList","@id":"https:\/\/fuentesfidedignas.com.mx\/index.php\/2021\/08\/31\/acuerdan-codesin-y-alcalde-electo-jose-paz-lopez-elenes-impulsar-agenda-de-desarrollo-para-badiraguato\/#breadcrumb","itemListElement":[{"@type":"ListItem","position":1,"name":"Inicio","item":"https:\/\/fuentesfidedignas.com.mx\/"},{"@type":"ListItem","position":2,"name":"Acuerdan Codesin y alcalde electo Jos\u00e9 Paz L\u00f3pez Elenes impulsar agenda de desarrollo para Badiraguato"}]},{"@type":"WebSite","@id":"https:\/\/fuentesfidedignas.com.mx\/#website","url":"https:\/\/fuentesfidedignas.com.mx\/","name":"Fuentes Fidedignas","description":"Otro sitio realizado con WordPress","publisher":{"@id":"https:\/\/fuentesfidedignas.com.mx\/#organization"},"potentialAction":[{"@type":"SearchAction","target":{"@type":"EntryPoint","urlTemplate":"https:\/\/fuentesfidedignas.com.mx\/?s={search_term_string}"},"query-input":{"@type":"PropertyValueSpecification","valueRequired":true,"valueName":"search_term_string"}}],"inLanguage":"es"},{"@type":"Organization","@id":"https:\/\/fuentesfidedignas.com.mx\/#organization","name":"Fuentes Fidedignas","url":"https:\/\/fuentesfidedignas.com.mx\/","logo":{"@type":"ImageObject","inLanguage":"es","@id":"https:\/\/fuentesfidedignas.com.mx\/#\/schema\/logo\/image\/","url":"https:\/\/fuentesfidedignas.com.mx\/wp-content\/uploads\/2021\/04\/logo-retina.png","contentUrl":"https:\/\/fuentesfidedignas.com.mx\/wp-content\/uploads\/2021\/04\/logo-retina.png","width":280,"height":51,"caption":"Fuentes Fidedignas"},"image":{"@id":"https:\/\/fuentesfidedignas.com.mx\/#\/schema\/logo\/image\/"},"sameAs":["https:\/\/www.facebook.com\/Fuentes-Fidedignas-368234489921644","https:\/\/x.com\/fidedignas"]},{"@type":"Person","@id":"https:\/\/fuentesfidedignas.com.mx\/#\/schema\/person\/331be9283d37198e2acd5750279085b0","name":"Redacci\u00f3n","image":{"@type":"ImageObject","inLanguage":"es","@id":"https:\/\/secure.gravatar.com\/avatar\/f6d8782c11d12b2d4ad3fbb6931aeab5309937a4d6cd2fc9cfaa28a6396a5aec?s=96&d=mm&r=g","url":"https:\/\/secure.gravatar.com\/avatar\/f6d8782c11d12b2d4ad3fbb6931aeab5309937a4d6cd2fc9cfaa28a6396a5aec?s=96&d=mm&r=g","contentUrl":"https:\/\/secure.gravatar.com\/avatar\/f6d8782c11d12b2d4ad3fbb6931aeab5309937a4d6cd2fc9cfaa28a6396a5aec?s=96&d=mm&r=g","caption":"Redacci\u00f3n"},"url":"https:\/\/fuentesfidedignas.com.mx\/index.php\/author\/redaccion\/"}]}},"_links":{"self":[{"href":"https:\/\/fuentesfidedignas.com.mx\/index.php\/wp-json\/wp\/v2\/posts\/11430","targetHints":{"allow":["GET"]}}],"collection":[{"href":"https:\/\/fuentesfidedignas.com.mx\/index.php\/wp-json\/wp\/v2\/posts"}],"about":[{"href":"https:\/\/fuentesfidedignas.com.mx\/index.php\/wp-json\/wp\/v2\/types\/post"}],"author":[{"embeddable":true,"href":"https:\/\/fuentesfidedignas.com.mx\/index.php\/wp-json\/wp\/v2\/users\/4"}],"replies":[{"embeddable":true,"href":"https:\/\/fuentesfidedignas.com.mx\/index.php\/wp-json\/wp\/v2\/comments?post=11430"}],"version-history":[{"count":1,"href":"https:\/\/fuentesfidedignas.com.mx\/index.php\/wp-json\/wp\/v2\/posts\/11430\/revisions"}],"predecessor-version":[{"id":11432,"href":"https:\/\/fuentesfidedignas.com.mx\/index.php\/wp-json\/wp\/v2\/posts\/11430\/revisions\/11432"}],"wp:featuredmedia":[{"embeddable":true,"href":"https:\/\/fuentesfidedignas.com.mx\/index.php\/wp-json\/wp\/v2\/media\/11431"}],"wp:attachment":[{"href":"https:\/\/fuentesfidedignas.com.mx\/index.php\/wp-json\/wp\/v2\/media?parent=11430"}],"wp:term":[{"taxonomy":"category","embeddable":true,"href":"https:\/\/fuentesfidedignas.com.mx\/index.php\/wp-json\/wp\/v2\/categories?post=11430"},{"taxonomy":"post_tag","embeddable":true,"href":"https:\/\/fuentesfidedignas.com.mx\/index.php\/wp-json\/wp\/v2\/tags?post=11430"}],"curies":[{"name":"wp","href":"https:\/\/api.w.org\/{rel}","templated":true}]}}