{"id":114215,"date":"2025-08-03T10:25:05","date_gmt":"2025-08-03T17:25:05","guid":{"rendered":"https:\/\/fuentesfidedignas.com.mx\/?p=114215"},"modified":"2025-08-03T10:25:06","modified_gmt":"2025-08-03T17:25:06","slug":"el-cuento-como-cuerpo-forma-ritmo-y-respiracion","status":"publish","type":"post","link":"https:\/\/fuentesfidedignas.com.mx\/index.php\/2025\/08\/03\/el-cuento-como-cuerpo-forma-ritmo-y-respiracion\/","title":{"rendered":"El cuento como cuerpo, Forma, ritmo y respiraci\u00f3n"},"content":{"rendered":"\n<p>Escribir un cuento no es simplemente armar una historia con principio, desarrollo y final. No es una receta, ni una f\u00f3rmula mec\u00e1nica. Para m\u00ed, escribir un cuento es como construir un cuerpo: cada parte debe estar en funci\u00f3n de un todo, y ese todo debe tener ritmo, respiraci\u00f3n y sentido vital. No escribo pensando en una estructura externa que hay que cumplir, sino en una forma interna que necesita ser escuchada antes de aparecer en la p\u00e1gina.<\/p>\n\n\n\n<p>Cuando uno escribe un texto acad\u00e9mico, lo hace desde la claridad del concepto, con una l\u00f3gica argumentativa que gu\u00eda paso a paso al lector. Se define una tesis, se presentan evidencias, se llega a una conclusi\u00f3n. El cuento, en cambio, no explica: sugiere, evoca, tensiona. En lugar de decir directamente lo que piensa, el cuento muestra algo que el lector debe sentir, completar o incluso cuestionar. Esta diferencia no es menor. Mientras que el ensayo quiere convencer, el cuento quiere conmover, y para eso necesita un ritmo distinto, m\u00e1s parecido a la respiraci\u00f3n que a la demostraci\u00f3n.<\/p>\n\n\n\n<p>En mi proceso personal, ese ritmo es fundamental. Antes de escribir una sola palabra, escucho c\u00f3mo quiere hablar el relato. Algunas veces es pausado, otras m\u00e1s tenso, pero siempre tiene una cadencia que le es propia. Me dejo llevar por ella. Si siento que estoy forzando la historia para que \u201cfuncione\u201d, dejo de escribir. Porque escribir no es imponer una forma, sino encontrar la forma que ese relato necesita. Un cuento bien escrito no solo se entiende, tambi\u00e9n se siente en el cuerpo: en c\u00f3mo respira el texto, en c\u00f3mo fluyen sus silencios y en c\u00f3mo se tensa o se afloja en el momento justo.<\/p>\n\n\n\n<p>Es aqu\u00ed donde entra el estilo. Algunos me han dicho que mis textos podr\u00edan usar un lenguaje m\u00e1s simple, m\u00e1s coloquial. Yo respeto esa opini\u00f3n, pero no la comparto. No busco escribir como se habla, sino como se piensa y como se siente cuando uno se detiene a observar con atenci\u00f3n. Me importa la precisi\u00f3n, la palabra justa, la cadencia elegante, sin caer en lo pretencioso ni en lo rebuscado. Escribir as\u00ed no es una pose: es una \u00e9tica. No escribo para halagar al lector, sino para invitarlo a una experiencia m\u00e1s profunda, m\u00e1s rica, m\u00e1s consciente.<\/p>\n\n\n\n<p>Cuando ense\u00f1o a escribir, trato de que mis estudiantes comprendan esta diferencia fundamental: un texto acad\u00e9mico exige claridad; un cuento exige sensibilidad. El primero se apoya en ideas expl\u00edcitas; el segundo en atm\u00f3sferas, en gestos, en detalles m\u00ednimos que, si est\u00e1n bien ubicados, pueden decir m\u00e1s que un p\u00e1rrafo entero. En un ensayo, lo importante es lo que se argumenta. En un cuento, lo que no se dice puede ser m\u00e1s potente que todo lo dicho. Por eso hay que aprender a escuchar el texto mientras se escribe: dejar que tome forma poco a poco, como un cuerpo que crece, que respira, que se equilibra a su propio ritmo.<\/p>\n\n\n\n<p>No todo puede explicarse cuando uno escribe un cuento. Hay partes del proceso que pertenecen al terreno de la intuici\u00f3n, del silencio, incluso de lo inconsciente. Pero eso no significa que el cuento sea un caos o una improvisaci\u00f3n. Al contrario: requiere mucha precisi\u00f3n, atenci\u00f3n al detalle, conciencia de cada palabra. Cuando todo est\u00e1 en su lugar, el cuento fluye, respira por s\u00ed solo. Y uno lo siente, igual que se siente cuando algo en el cuerpo est\u00e1 en armon\u00eda.<\/p>\n\n\n\n<p>Quiz\u00e1 por eso me gusta pensar que los cuentos no se construyen, sino que se descubren. Como si ya existieran en alguna parte, y uno solo tuviera que encontrarlos, escucharlos, escribirlos. No es magia, pero tampoco es solo t\u00e9cnica. Es una mezcla de pensamiento, emoci\u00f3n y forma. Y cuando esa mezcla funciona, no solo se obtiene un buen texto, sino una experiencia que puede transformar tanto al lector como al que escribe.<\/p>\n","protected":false},"excerpt":{"rendered":"<p>Escribir un cuento no es simplemente armar una historia con principio, desarrollo y final. No es una receta, ni una f\u00f3rmula mec\u00e1nica. Para m\u00ed, escribir un cuento es como construir un cuerpo: cada parte debe estar en funci\u00f3n de un todo, y ese todo debe tener ritmo, respiraci\u00f3n y sentido vital. No escribo pensando en [&hellip;]<\/p>\n","protected":false},"author":146,"featured_media":114216,"comment_status":"open","ping_status":"open","sticky":false,"template":"","format":"standard","meta":{"tdm_status":"","tdm_grid_status":"","footnotes":""},"categories":[3064,3089],"tags":[],"class_list":{"0":"post-114215","1":"post","2":"type-post","3":"status-publish","4":"format-standard","5":"has-post-thumbnail","7":"category-columnas","8":"category-nutriendo-la-mente"},"yoast_head":"<!-- This site is optimized with the Yoast SEO plugin v27.5 - https:\/\/yoast.com\/product\/yoast-seo-wordpress\/ -->\n<title>El cuento como cuerpo, Forma, ritmo y respiraci\u00f3n - Fuentes Fidedignas<\/title>\n<meta name=\"robots\" content=\"index, follow, max-snippet:-1, max-image-preview:large, max-video-preview:-1\" \/>\n<link rel=\"canonical\" href=\"https:\/\/fuentesfidedignas.com.mx\/index.php\/2025\/08\/03\/el-cuento-como-cuerpo-forma-ritmo-y-respiracion\/\" \/>\n<meta property=\"og:locale\" content=\"es_MX\" \/>\n<meta property=\"og:type\" content=\"article\" \/>\n<meta property=\"og:title\" content=\"El cuento como cuerpo, Forma, ritmo y respiraci\u00f3n - Fuentes Fidedignas\" \/>\n<meta property=\"og:description\" content=\"Escribir un cuento no es simplemente armar una historia con principio, desarrollo y final. No es una receta, ni una f\u00f3rmula mec\u00e1nica. Para m\u00ed, escribir un cuento es como construir un cuerpo: cada parte debe estar en funci\u00f3n de un todo, y ese todo debe tener ritmo, respiraci\u00f3n y sentido vital. No escribo pensando en [&hellip;]\" \/>\n<meta property=\"og:url\" content=\"https:\/\/fuentesfidedignas.com.mx\/index.php\/2025\/08\/03\/el-cuento-como-cuerpo-forma-ritmo-y-respiracion\/\" \/>\n<meta property=\"og:site_name\" content=\"Fuentes Fidedignas\" \/>\n<meta property=\"article:publisher\" content=\"https:\/\/www.facebook.com\/Fuentes-Fidedignas-368234489921644\" \/>\n<meta property=\"article:published_time\" content=\"2025-08-03T17:25:05+00:00\" \/>\n<meta property=\"article:modified_time\" content=\"2025-08-03T17:25:06+00:00\" \/>\n<meta property=\"og:image\" content=\"https:\/\/fuentesfidedignas.com.mx\/wp-content\/uploads\/2025\/08\/WhatsApp-Image-2025-08-03-at-10.10.00-AM.jpeg\" \/>\n\t<meta property=\"og:image:width\" content=\"500\" \/>\n\t<meta property=\"og:image:height\" content=\"333\" \/>\n\t<meta property=\"og:image:type\" content=\"image\/jpeg\" \/>\n<meta name=\"author\" content=\"Mtro. Horacio de Jes\u00fas Malcampo Moreno\" \/>\n<meta name=\"twitter:card\" content=\"summary_large_image\" \/>\n<meta name=\"twitter:creator\" content=\"@fidedignas\" \/>\n<meta name=\"twitter:site\" content=\"@fidedignas\" \/>\n<meta name=\"twitter:label1\" content=\"Escrito por\" \/>\n\t<meta name=\"twitter:data1\" content=\"Mtro. Horacio de Jes\u00fas Malcampo Moreno\" \/>\n\t<meta name=\"twitter:label2\" content=\"Tiempo de lectura\" \/>\n\t<meta name=\"twitter:data2\" content=\"4 minutos\" \/>\n<script type=\"application\/ld+json\" class=\"yoast-schema-graph\">{\"@context\":\"https:\\\/\\\/schema.org\",\"@graph\":[{\"@type\":\"Article\",\"@id\":\"https:\\\/\\\/fuentesfidedignas.com.mx\\\/index.php\\\/2025\\\/08\\\/03\\\/el-cuento-como-cuerpo-forma-ritmo-y-respiracion\\\/#article\",\"isPartOf\":{\"@id\":\"https:\\\/\\\/fuentesfidedignas.com.mx\\\/index.php\\\/2025\\\/08\\\/03\\\/el-cuento-como-cuerpo-forma-ritmo-y-respiracion\\\/\"},\"author\":{\"name\":\"Mtro. Horacio de Jes\u00fas Malcampo Moreno\",\"@id\":\"https:\\\/\\\/fuentesfidedignas.com.mx\\\/#\\\/schema\\\/person\\\/3f687c55082c557a647c7836bde45728\"},\"headline\":\"El cuento como cuerpo, Forma, ritmo y respiraci\u00f3n\",\"datePublished\":\"2025-08-03T17:25:05+00:00\",\"dateModified\":\"2025-08-03T17:25:06+00:00\",\"mainEntityOfPage\":{\"@id\":\"https:\\\/\\\/fuentesfidedignas.com.mx\\\/index.php\\\/2025\\\/08\\\/03\\\/el-cuento-como-cuerpo-forma-ritmo-y-respiracion\\\/\"},\"wordCount\":689,\"commentCount\":0,\"publisher\":{\"@id\":\"https:\\\/\\\/fuentesfidedignas.com.mx\\\/#organization\"},\"image\":{\"@id\":\"https:\\\/\\\/fuentesfidedignas.com.mx\\\/index.php\\\/2025\\\/08\\\/03\\\/el-cuento-como-cuerpo-forma-ritmo-y-respiracion\\\/#primaryimage\"},\"thumbnailUrl\":\"https:\\\/\\\/fuentesfidedignas.com.mx\\\/wp-content\\\/uploads\\\/2025\\\/08\\\/WhatsApp-Image-2025-08-03-at-10.10.00-AM.jpeg\",\"articleSection\":[\"COLUMNAS\",\"NUTRIENDO LA MENTE\"],\"inLanguage\":\"es\",\"potentialAction\":[{\"@type\":\"CommentAction\",\"name\":\"Comment\",\"target\":[\"https:\\\/\\\/fuentesfidedignas.com.mx\\\/index.php\\\/2025\\\/08\\\/03\\\/el-cuento-como-cuerpo-forma-ritmo-y-respiracion\\\/#respond\"]}]},{\"@type\":\"WebPage\",\"@id\":\"https:\\\/\\\/fuentesfidedignas.com.mx\\\/index.php\\\/2025\\\/08\\\/03\\\/el-cuento-como-cuerpo-forma-ritmo-y-respiracion\\\/\",\"url\":\"https:\\\/\\\/fuentesfidedignas.com.mx\\\/index.php\\\/2025\\\/08\\\/03\\\/el-cuento-como-cuerpo-forma-ritmo-y-respiracion\\\/\",\"name\":\"El cuento como cuerpo, Forma, ritmo y respiraci\u00f3n - Fuentes Fidedignas\",\"isPartOf\":{\"@id\":\"https:\\\/\\\/fuentesfidedignas.com.mx\\\/#website\"},\"primaryImageOfPage\":{\"@id\":\"https:\\\/\\\/fuentesfidedignas.com.mx\\\/index.php\\\/2025\\\/08\\\/03\\\/el-cuento-como-cuerpo-forma-ritmo-y-respiracion\\\/#primaryimage\"},\"image\":{\"@id\":\"https:\\\/\\\/fuentesfidedignas.com.mx\\\/index.php\\\/2025\\\/08\\\/03\\\/el-cuento-como-cuerpo-forma-ritmo-y-respiracion\\\/#primaryimage\"},\"thumbnailUrl\":\"https:\\\/\\\/fuentesfidedignas.com.mx\\\/wp-content\\\/uploads\\\/2025\\\/08\\\/WhatsApp-Image-2025-08-03-at-10.10.00-AM.jpeg\",\"datePublished\":\"2025-08-03T17:25:05+00:00\",\"dateModified\":\"2025-08-03T17:25:06+00:00\",\"breadcrumb\":{\"@id\":\"https:\\\/\\\/fuentesfidedignas.com.mx\\\/index.php\\\/2025\\\/08\\\/03\\\/el-cuento-como-cuerpo-forma-ritmo-y-respiracion\\\/#breadcrumb\"},\"inLanguage\":\"es\",\"potentialAction\":[{\"@type\":\"ReadAction\",\"target\":[\"https:\\\/\\\/fuentesfidedignas.com.mx\\\/index.php\\\/2025\\\/08\\\/03\\\/el-cuento-como-cuerpo-forma-ritmo-y-respiracion\\\/\"]}]},{\"@type\":\"ImageObject\",\"inLanguage\":\"es\",\"@id\":\"https:\\\/\\\/fuentesfidedignas.com.mx\\\/index.php\\\/2025\\\/08\\\/03\\\/el-cuento-como-cuerpo-forma-ritmo-y-respiracion\\\/#primaryimage\",\"url\":\"https:\\\/\\\/fuentesfidedignas.com.mx\\\/wp-content\\\/uploads\\\/2025\\\/08\\\/WhatsApp-Image-2025-08-03-at-10.10.00-AM.jpeg\",\"contentUrl\":\"https:\\\/\\\/fuentesfidedignas.com.mx\\\/wp-content\\\/uploads\\\/2025\\\/08\\\/WhatsApp-Image-2025-08-03-at-10.10.00-AM.jpeg\",\"width\":500,\"height\":333},{\"@type\":\"BreadcrumbList\",\"@id\":\"https:\\\/\\\/fuentesfidedignas.com.mx\\\/index.php\\\/2025\\\/08\\\/03\\\/el-cuento-como-cuerpo-forma-ritmo-y-respiracion\\\/#breadcrumb\",\"itemListElement\":[{\"@type\":\"ListItem\",\"position\":1,\"name\":\"Inicio\",\"item\":\"https:\\\/\\\/fuentesfidedignas.com.mx\\\/\"},{\"@type\":\"ListItem\",\"position\":2,\"name\":\"El cuento como cuerpo, Forma, ritmo y respiraci\u00f3n\"}]},{\"@type\":\"WebSite\",\"@id\":\"https:\\\/\\\/fuentesfidedignas.com.mx\\\/#website\",\"url\":\"https:\\\/\\\/fuentesfidedignas.com.mx\\\/\",\"name\":\"Fuentes Fidedignas\",\"description\":\"Otro sitio realizado con WordPress\",\"publisher\":{\"@id\":\"https:\\\/\\\/fuentesfidedignas.com.mx\\\/#organization\"},\"potentialAction\":[{\"@type\":\"SearchAction\",\"target\":{\"@type\":\"EntryPoint\",\"urlTemplate\":\"https:\\\/\\\/fuentesfidedignas.com.mx\\\/?s={search_term_string}\"},\"query-input\":{\"@type\":\"PropertyValueSpecification\",\"valueRequired\":true,\"valueName\":\"search_term_string\"}}],\"inLanguage\":\"es\"},{\"@type\":\"Organization\",\"@id\":\"https:\\\/\\\/fuentesfidedignas.com.mx\\\/#organization\",\"name\":\"Fuentes Fidedignas\",\"url\":\"https:\\\/\\\/fuentesfidedignas.com.mx\\\/\",\"logo\":{\"@type\":\"ImageObject\",\"inLanguage\":\"es\",\"@id\":\"https:\\\/\\\/fuentesfidedignas.com.mx\\\/#\\\/schema\\\/logo\\\/image\\\/\",\"url\":\"https:\\\/\\\/fuentesfidedignas.com.mx\\\/wp-content\\\/uploads\\\/2021\\\/04\\\/logo-retina.png\",\"contentUrl\":\"https:\\\/\\\/fuentesfidedignas.com.mx\\\/wp-content\\\/uploads\\\/2021\\\/04\\\/logo-retina.png\",\"width\":280,\"height\":51,\"caption\":\"Fuentes Fidedignas\"},\"image\":{\"@id\":\"https:\\\/\\\/fuentesfidedignas.com.mx\\\/#\\\/schema\\\/logo\\\/image\\\/\"},\"sameAs\":[\"https:\\\/\\\/www.facebook.com\\\/Fuentes-Fidedignas-368234489921644\",\"https:\\\/\\\/x.com\\\/fidedignas\"]},{\"@type\":\"Person\",\"@id\":\"https:\\\/\\\/fuentesfidedignas.com.mx\\\/#\\\/schema\\\/person\\\/3f687c55082c557a647c7836bde45728\",\"name\":\"Mtro. Horacio de Jes\u00fas Malcampo Moreno\",\"image\":{\"@type\":\"ImageObject\",\"inLanguage\":\"es\",\"@id\":\"https:\\\/\\\/secure.gravatar.com\\\/avatar\\\/21fd667a5b9de079d383e44390566d4c728a6ce47b9b5e8419c61f1b793461ac?s=96&d=mm&r=g\",\"url\":\"https:\\\/\\\/secure.gravatar.com\\\/avatar\\\/21fd667a5b9de079d383e44390566d4c728a6ce47b9b5e8419c61f1b793461ac?s=96&d=mm&r=g\",\"contentUrl\":\"https:\\\/\\\/secure.gravatar.com\\\/avatar\\\/21fd667a5b9de079d383e44390566d4c728a6ce47b9b5e8419c61f1b793461ac?s=96&d=mm&r=g\",\"caption\":\"Mtro. Horacio de Jes\u00fas Malcampo Moreno\"},\"url\":\"https:\\\/\\\/fuentesfidedignas.com.mx\\\/index.php\\\/author\\\/horacio\\\/\"}]}<\/script>\n<!-- \/ Yoast SEO plugin. -->","yoast_head_json":{"title":"El cuento como cuerpo, Forma, ritmo y respiraci\u00f3n - Fuentes Fidedignas","robots":{"index":"index","follow":"follow","max-snippet":"max-snippet:-1","max-image-preview":"max-image-preview:large","max-video-preview":"max-video-preview:-1"},"canonical":"https:\/\/fuentesfidedignas.com.mx\/index.php\/2025\/08\/03\/el-cuento-como-cuerpo-forma-ritmo-y-respiracion\/","og_locale":"es_MX","og_type":"article","og_title":"El cuento como cuerpo, Forma, ritmo y respiraci\u00f3n - Fuentes Fidedignas","og_description":"Escribir un cuento no es simplemente armar una historia con principio, desarrollo y final. No es una receta, ni una f\u00f3rmula mec\u00e1nica. Para m\u00ed, escribir un cuento es como construir un cuerpo: cada parte debe estar en funci\u00f3n de un todo, y ese todo debe tener ritmo, respiraci\u00f3n y sentido vital. No escribo pensando en [&hellip;]","og_url":"https:\/\/fuentesfidedignas.com.mx\/index.php\/2025\/08\/03\/el-cuento-como-cuerpo-forma-ritmo-y-respiracion\/","og_site_name":"Fuentes Fidedignas","article_publisher":"https:\/\/www.facebook.com\/Fuentes-Fidedignas-368234489921644","article_published_time":"2025-08-03T17:25:05+00:00","article_modified_time":"2025-08-03T17:25:06+00:00","og_image":[{"width":500,"height":333,"url":"https:\/\/fuentesfidedignas.com.mx\/wp-content\/uploads\/2025\/08\/WhatsApp-Image-2025-08-03-at-10.10.00-AM.jpeg","type":"image\/jpeg"}],"author":"Mtro. Horacio de Jes\u00fas Malcampo Moreno","twitter_card":"summary_large_image","twitter_creator":"@fidedignas","twitter_site":"@fidedignas","twitter_misc":{"Escrito por":"Mtro. Horacio de Jes\u00fas Malcampo Moreno","Tiempo de lectura":"4 minutos"},"schema":{"@context":"https:\/\/schema.org","@graph":[{"@type":"Article","@id":"https:\/\/fuentesfidedignas.com.mx\/index.php\/2025\/08\/03\/el-cuento-como-cuerpo-forma-ritmo-y-respiracion\/#article","isPartOf":{"@id":"https:\/\/fuentesfidedignas.com.mx\/index.php\/2025\/08\/03\/el-cuento-como-cuerpo-forma-ritmo-y-respiracion\/"},"author":{"name":"Mtro. Horacio de Jes\u00fas Malcampo Moreno","@id":"https:\/\/fuentesfidedignas.com.mx\/#\/schema\/person\/3f687c55082c557a647c7836bde45728"},"headline":"El cuento como cuerpo, Forma, ritmo y respiraci\u00f3n","datePublished":"2025-08-03T17:25:05+00:00","dateModified":"2025-08-03T17:25:06+00:00","mainEntityOfPage":{"@id":"https:\/\/fuentesfidedignas.com.mx\/index.php\/2025\/08\/03\/el-cuento-como-cuerpo-forma-ritmo-y-respiracion\/"},"wordCount":689,"commentCount":0,"publisher":{"@id":"https:\/\/fuentesfidedignas.com.mx\/#organization"},"image":{"@id":"https:\/\/fuentesfidedignas.com.mx\/index.php\/2025\/08\/03\/el-cuento-como-cuerpo-forma-ritmo-y-respiracion\/#primaryimage"},"thumbnailUrl":"https:\/\/fuentesfidedignas.com.mx\/wp-content\/uploads\/2025\/08\/WhatsApp-Image-2025-08-03-at-10.10.00-AM.jpeg","articleSection":["COLUMNAS","NUTRIENDO LA MENTE"],"inLanguage":"es","potentialAction":[{"@type":"CommentAction","name":"Comment","target":["https:\/\/fuentesfidedignas.com.mx\/index.php\/2025\/08\/03\/el-cuento-como-cuerpo-forma-ritmo-y-respiracion\/#respond"]}]},{"@type":"WebPage","@id":"https:\/\/fuentesfidedignas.com.mx\/index.php\/2025\/08\/03\/el-cuento-como-cuerpo-forma-ritmo-y-respiracion\/","url":"https:\/\/fuentesfidedignas.com.mx\/index.php\/2025\/08\/03\/el-cuento-como-cuerpo-forma-ritmo-y-respiracion\/","name":"El cuento como cuerpo, Forma, ritmo y respiraci\u00f3n - Fuentes Fidedignas","isPartOf":{"@id":"https:\/\/fuentesfidedignas.com.mx\/#website"},"primaryImageOfPage":{"@id":"https:\/\/fuentesfidedignas.com.mx\/index.php\/2025\/08\/03\/el-cuento-como-cuerpo-forma-ritmo-y-respiracion\/#primaryimage"},"image":{"@id":"https:\/\/fuentesfidedignas.com.mx\/index.php\/2025\/08\/03\/el-cuento-como-cuerpo-forma-ritmo-y-respiracion\/#primaryimage"},"thumbnailUrl":"https:\/\/fuentesfidedignas.com.mx\/wp-content\/uploads\/2025\/08\/WhatsApp-Image-2025-08-03-at-10.10.00-AM.jpeg","datePublished":"2025-08-03T17:25:05+00:00","dateModified":"2025-08-03T17:25:06+00:00","breadcrumb":{"@id":"https:\/\/fuentesfidedignas.com.mx\/index.php\/2025\/08\/03\/el-cuento-como-cuerpo-forma-ritmo-y-respiracion\/#breadcrumb"},"inLanguage":"es","potentialAction":[{"@type":"ReadAction","target":["https:\/\/fuentesfidedignas.com.mx\/index.php\/2025\/08\/03\/el-cuento-como-cuerpo-forma-ritmo-y-respiracion\/"]}]},{"@type":"ImageObject","inLanguage":"es","@id":"https:\/\/fuentesfidedignas.com.mx\/index.php\/2025\/08\/03\/el-cuento-como-cuerpo-forma-ritmo-y-respiracion\/#primaryimage","url":"https:\/\/fuentesfidedignas.com.mx\/wp-content\/uploads\/2025\/08\/WhatsApp-Image-2025-08-03-at-10.10.00-AM.jpeg","contentUrl":"https:\/\/fuentesfidedignas.com.mx\/wp-content\/uploads\/2025\/08\/WhatsApp-Image-2025-08-03-at-10.10.00-AM.jpeg","width":500,"height":333},{"@type":"BreadcrumbList","@id":"https:\/\/fuentesfidedignas.com.mx\/index.php\/2025\/08\/03\/el-cuento-como-cuerpo-forma-ritmo-y-respiracion\/#breadcrumb","itemListElement":[{"@type":"ListItem","position":1,"name":"Inicio","item":"https:\/\/fuentesfidedignas.com.mx\/"},{"@type":"ListItem","position":2,"name":"El cuento como cuerpo, Forma, ritmo y respiraci\u00f3n"}]},{"@type":"WebSite","@id":"https:\/\/fuentesfidedignas.com.mx\/#website","url":"https:\/\/fuentesfidedignas.com.mx\/","name":"Fuentes Fidedignas","description":"Otro sitio realizado con WordPress","publisher":{"@id":"https:\/\/fuentesfidedignas.com.mx\/#organization"},"potentialAction":[{"@type":"SearchAction","target":{"@type":"EntryPoint","urlTemplate":"https:\/\/fuentesfidedignas.com.mx\/?s={search_term_string}"},"query-input":{"@type":"PropertyValueSpecification","valueRequired":true,"valueName":"search_term_string"}}],"inLanguage":"es"},{"@type":"Organization","@id":"https:\/\/fuentesfidedignas.com.mx\/#organization","name":"Fuentes Fidedignas","url":"https:\/\/fuentesfidedignas.com.mx\/","logo":{"@type":"ImageObject","inLanguage":"es","@id":"https:\/\/fuentesfidedignas.com.mx\/#\/schema\/logo\/image\/","url":"https:\/\/fuentesfidedignas.com.mx\/wp-content\/uploads\/2021\/04\/logo-retina.png","contentUrl":"https:\/\/fuentesfidedignas.com.mx\/wp-content\/uploads\/2021\/04\/logo-retina.png","width":280,"height":51,"caption":"Fuentes Fidedignas"},"image":{"@id":"https:\/\/fuentesfidedignas.com.mx\/#\/schema\/logo\/image\/"},"sameAs":["https:\/\/www.facebook.com\/Fuentes-Fidedignas-368234489921644","https:\/\/x.com\/fidedignas"]},{"@type":"Person","@id":"https:\/\/fuentesfidedignas.com.mx\/#\/schema\/person\/3f687c55082c557a647c7836bde45728","name":"Mtro. Horacio de Jes\u00fas Malcampo Moreno","image":{"@type":"ImageObject","inLanguage":"es","@id":"https:\/\/secure.gravatar.com\/avatar\/21fd667a5b9de079d383e44390566d4c728a6ce47b9b5e8419c61f1b793461ac?s=96&d=mm&r=g","url":"https:\/\/secure.gravatar.com\/avatar\/21fd667a5b9de079d383e44390566d4c728a6ce47b9b5e8419c61f1b793461ac?s=96&d=mm&r=g","contentUrl":"https:\/\/secure.gravatar.com\/avatar\/21fd667a5b9de079d383e44390566d4c728a6ce47b9b5e8419c61f1b793461ac?s=96&d=mm&r=g","caption":"Mtro. Horacio de Jes\u00fas Malcampo Moreno"},"url":"https:\/\/fuentesfidedignas.com.mx\/index.php\/author\/horacio\/"}]}},"_links":{"self":[{"href":"https:\/\/fuentesfidedignas.com.mx\/index.php\/wp-json\/wp\/v2\/posts\/114215","targetHints":{"allow":["GET"]}}],"collection":[{"href":"https:\/\/fuentesfidedignas.com.mx\/index.php\/wp-json\/wp\/v2\/posts"}],"about":[{"href":"https:\/\/fuentesfidedignas.com.mx\/index.php\/wp-json\/wp\/v2\/types\/post"}],"author":[{"embeddable":true,"href":"https:\/\/fuentesfidedignas.com.mx\/index.php\/wp-json\/wp\/v2\/users\/146"}],"replies":[{"embeddable":true,"href":"https:\/\/fuentesfidedignas.com.mx\/index.php\/wp-json\/wp\/v2\/comments?post=114215"}],"version-history":[{"count":1,"href":"https:\/\/fuentesfidedignas.com.mx\/index.php\/wp-json\/wp\/v2\/posts\/114215\/revisions"}],"predecessor-version":[{"id":114217,"href":"https:\/\/fuentesfidedignas.com.mx\/index.php\/wp-json\/wp\/v2\/posts\/114215\/revisions\/114217"}],"wp:featuredmedia":[{"embeddable":true,"href":"https:\/\/fuentesfidedignas.com.mx\/index.php\/wp-json\/wp\/v2\/media\/114216"}],"wp:attachment":[{"href":"https:\/\/fuentesfidedignas.com.mx\/index.php\/wp-json\/wp\/v2\/media?parent=114215"}],"wp:term":[{"taxonomy":"category","embeddable":true,"href":"https:\/\/fuentesfidedignas.com.mx\/index.php\/wp-json\/wp\/v2\/categories?post=114215"},{"taxonomy":"post_tag","embeddable":true,"href":"https:\/\/fuentesfidedignas.com.mx\/index.php\/wp-json\/wp\/v2\/tags?post=114215"}],"curies":[{"name":"wp","href":"https:\/\/api.w.org\/{rel}","templated":true}]}}