{"id":114211,"date":"2025-08-03T09:35:53","date_gmt":"2025-08-03T16:35:53","guid":{"rendered":"https:\/\/fuentesfidedignas.com.mx\/?p=114211"},"modified":"2025-08-03T09:37:38","modified_gmt":"2025-08-03T16:37:38","slug":"sheinbaum-anuncia-la-creacion-de-la-comision-presidencial-para-la-reforma-electoral","status":"publish","type":"post","link":"https:\/\/fuentesfidedignas.com.mx\/index.php\/2025\/08\/03\/sheinbaum-anuncia-la-creacion-de-la-comision-presidencial-para-la-reforma-electoral\/","title":{"rendered":"Sheinbaum anuncia la creaci\u00f3n de la Comisi\u00f3n Presidencial para la Reforma Electoral"},"content":{"rendered":"\n<p><strong><em>La Comisi\u00f3n Presidencial para la Reforma Electoral confeccionar\u00e1 una reforma legislativa que est\u00e9 acorde con los tiempos actuales<\/em><\/strong><\/p>\n\n\n\n<p>El Gobierno de M\u00e9xico anunci\u00f3 la creaci\u00f3n de la Comisi\u00f3n Presidencial para la Reforma Electoral, que tendr\u00e1 como objetivo hacer un diagn\u00f3stico \u201cprofundo\u201d del estado en el que se encuentra el modelo electoral y de partidos, y confeccionar una reforma legislativa.<\/p>\n\n\n\n<p>En un comunicado este s\u00e1bado 2 de agosto de 2025, la Administraci\u00f3n de Claudia Sheinbaum Pardo detall\u00f3 que esta nueva comisi\u00f3n estar\u00e1 encabezada por Pablo G\u00f3mez \u00c1lvarez, quien hasta hoy se desempe\u00f1aba como titular de la Unidad de Inteligencia Financiera (UIF) del pa\u00eds.<\/p>\n\n\n\n<p>\u201cEsta comisi\u00f3n tendr\u00e1 por objetivo la elaboraci\u00f3n de un diagn\u00f3stico profundo del estado en el que se encuentra el modelo electoral y de partidos, y como segunda tarea el confeccionar una reforma legislativa que est\u00e9 acorde con los tiempos actuales en M\u00e9xico, en donde se ponga en el centro la democracia y el pueblo\u201d, apunt\u00f3.<\/p>\n\n\n\n<p>El Gobierno mexicano precis\u00f3 que en los pr\u00f3ximos d\u00edas, Sheinbaum dar\u00e1 a conocer al resto de los integrantes de la comisi\u00f3n \u201cquienes trabajar\u00e1n en coordinaci\u00f3n con miembros del poder legislativo, acad\u00e9micos, expertos, organizaciones y ciudadan\u00eda\u201d.<\/p>\n\n\n\n<p>Adem\u00e1s, abund\u00f3 que la comisi\u00f3n, entre otras cosas, estar\u00e1 encargada de analizar figuras como la representaci\u00f3n popular y mecanismos de participaci\u00f3n ciudadana.<\/p>\n\n\n\n<p>En el comunicado, la Presidencia de la Rep\u00fablica record\u00f3 que G\u00f3mez \u00c1lvarez es licenciado en Econom\u00eda por la Universidad Nacional Aut\u00f3noma de M\u00e9xico (UNAM), y es reconocido por su larga trayectoria pol\u00edtica, acad\u00e9mica y por ser conferencista, autor y coautor de diversos libros, as\u00ed como escritos en diarios nacionales.<\/p>\n\n\n\n<p>\u201cHa sido cuatro veces diputado federal y senador de la Rep\u00fablica. A\u00f1os atr\u00e1s, ha sido art\u00edfice de otras reformas pol\u00edtico electorales para allanar el camino hacia la democracia de nuestro pa\u00eds\u201d, enfatiz\u00f3.<\/p>\n\n\n\n<p>En diversas ocasiones, Sheinbaum ha expresado su intenci\u00f3n de impulsar una reforma electoral que propone reducir el gasto en la organizaci\u00f3n de las elecciones y modificar el sistema de legisladores plurinominales.<\/p>\n","protected":false},"excerpt":{"rendered":"<p>La Comisi\u00f3n Presidencial para la Reforma Electoral confeccionar\u00e1 una reforma legislativa que est\u00e9 acorde con los tiempos actuales El Gobierno de M\u00e9xico anunci\u00f3 la creaci\u00f3n de la Comisi\u00f3n Presidencial para la Reforma Electoral, que tendr\u00e1 como objetivo hacer un diagn\u00f3stico \u201cprofundo\u201d del estado en el que se encuentra el modelo electoral y de partidos, y [&hellip;]<\/p>\n","protected":false},"author":22,"featured_media":114212,"comment_status":"open","ping_status":"open","sticky":false,"template":"","format":"standard","meta":{"tdm_status":"","tdm_grid_status":"","footnotes":""},"categories":[39],"tags":[],"class_list":{"0":"post-114211","1":"post","2":"type-post","3":"status-publish","4":"format-standard","5":"has-post-thumbnail","7":"category-noticias-nacionales"},"yoast_head":"<!-- This site is optimized with the Yoast SEO plugin v27.5 - https:\/\/yoast.com\/product\/yoast-seo-wordpress\/ -->\n<title>Sheinbaum anuncia la creaci\u00f3n de la Comisi\u00f3n Presidencial para la Reforma Electoral - Fuentes Fidedignas<\/title>\n<meta name=\"robots\" content=\"index, follow, max-snippet:-1, max-image-preview:large, max-video-preview:-1\" \/>\n<link rel=\"canonical\" href=\"https:\/\/fuentesfidedignas.com.mx\/index.php\/2025\/08\/03\/sheinbaum-anuncia-la-creacion-de-la-comision-presidencial-para-la-reforma-electoral\/\" \/>\n<meta property=\"og:locale\" content=\"es_MX\" \/>\n<meta property=\"og:type\" content=\"article\" \/>\n<meta property=\"og:title\" content=\"Sheinbaum anuncia la creaci\u00f3n de la Comisi\u00f3n Presidencial para la Reforma Electoral - Fuentes Fidedignas\" \/>\n<meta property=\"og:description\" content=\"La Comisi\u00f3n Presidencial para la Reforma Electoral confeccionar\u00e1 una reforma legislativa que est\u00e9 acorde con los tiempos actuales El Gobierno de M\u00e9xico anunci\u00f3 la creaci\u00f3n de la Comisi\u00f3n Presidencial para la Reforma Electoral, que tendr\u00e1 como objetivo hacer un diagn\u00f3stico \u201cprofundo\u201d del estado en el que se encuentra el modelo electoral y de partidos, y [&hellip;]\" \/>\n<meta property=\"og:url\" content=\"https:\/\/fuentesfidedignas.com.mx\/index.php\/2025\/08\/03\/sheinbaum-anuncia-la-creacion-de-la-comision-presidencial-para-la-reforma-electoral\/\" \/>\n<meta property=\"og:site_name\" content=\"Fuentes Fidedignas\" \/>\n<meta property=\"article:publisher\" content=\"https:\/\/www.facebook.com\/Fuentes-Fidedignas-368234489921644\" \/>\n<meta property=\"article:published_time\" content=\"2025-08-03T16:35:53+00:00\" \/>\n<meta property=\"article:modified_time\" content=\"2025-08-03T16:37:38+00:00\" \/>\n<meta property=\"og:image\" content=\"https:\/\/fuentesfidedignas.com.mx\/wp-content\/uploads\/2025\/08\/sheinbaum-pablo-gomez-uif-2.jpg\" \/>\n\t<meta property=\"og:image:width\" content=\"500\" \/>\n\t<meta property=\"og:image:height\" content=\"333\" \/>\n\t<meta property=\"og:image:type\" content=\"image\/jpeg\" \/>\n<meta name=\"author\" content=\"EFE\" \/>\n<meta name=\"twitter:card\" content=\"summary_large_image\" \/>\n<meta name=\"twitter:creator\" content=\"@fidedignas\" \/>\n<meta name=\"twitter:site\" content=\"@fidedignas\" \/>\n<meta name=\"twitter:label1\" content=\"Escrito por\" \/>\n\t<meta name=\"twitter:data1\" content=\"EFE\" \/>\n\t<meta name=\"twitter:label2\" content=\"Tiempo de lectura\" \/>\n\t<meta name=\"twitter:data2\" content=\"2 minutos\" \/>\n<script type=\"application\/ld+json\" class=\"yoast-schema-graph\">{\"@context\":\"https:\\\/\\\/schema.org\",\"@graph\":[{\"@type\":\"Article\",\"@id\":\"https:\\\/\\\/fuentesfidedignas.com.mx\\\/index.php\\\/2025\\\/08\\\/03\\\/sheinbaum-anuncia-la-creacion-de-la-comision-presidencial-para-la-reforma-electoral\\\/#article\",\"isPartOf\":{\"@id\":\"https:\\\/\\\/fuentesfidedignas.com.mx\\\/index.php\\\/2025\\\/08\\\/03\\\/sheinbaum-anuncia-la-creacion-de-la-comision-presidencial-para-la-reforma-electoral\\\/\"},\"author\":{\"name\":\"EFE\",\"@id\":\"https:\\\/\\\/fuentesfidedignas.com.mx\\\/#\\\/schema\\\/person\\\/0d44615087b5a626d5d3f13afe31ac41\"},\"headline\":\"Sheinbaum anuncia la creaci\u00f3n de la Comisi\u00f3n Presidencial para la Reforma Electoral\",\"datePublished\":\"2025-08-03T16:35:53+00:00\",\"dateModified\":\"2025-08-03T16:37:38+00:00\",\"mainEntityOfPage\":{\"@id\":\"https:\\\/\\\/fuentesfidedignas.com.mx\\\/index.php\\\/2025\\\/08\\\/03\\\/sheinbaum-anuncia-la-creacion-de-la-comision-presidencial-para-la-reforma-electoral\\\/\"},\"wordCount\":379,\"commentCount\":0,\"publisher\":{\"@id\":\"https:\\\/\\\/fuentesfidedignas.com.mx\\\/#organization\"},\"image\":{\"@id\":\"https:\\\/\\\/fuentesfidedignas.com.mx\\\/index.php\\\/2025\\\/08\\\/03\\\/sheinbaum-anuncia-la-creacion-de-la-comision-presidencial-para-la-reforma-electoral\\\/#primaryimage\"},\"thumbnailUrl\":\"https:\\\/\\\/fuentesfidedignas.com.mx\\\/wp-content\\\/uploads\\\/2025\\\/08\\\/sheinbaum-pablo-gomez-uif-2.jpg\",\"articleSection\":[\"NOTICIAS NACIONALES\"],\"inLanguage\":\"es\",\"potentialAction\":[{\"@type\":\"CommentAction\",\"name\":\"Comment\",\"target\":[\"https:\\\/\\\/fuentesfidedignas.com.mx\\\/index.php\\\/2025\\\/08\\\/03\\\/sheinbaum-anuncia-la-creacion-de-la-comision-presidencial-para-la-reforma-electoral\\\/#respond\"]}]},{\"@type\":\"WebPage\",\"@id\":\"https:\\\/\\\/fuentesfidedignas.com.mx\\\/index.php\\\/2025\\\/08\\\/03\\\/sheinbaum-anuncia-la-creacion-de-la-comision-presidencial-para-la-reforma-electoral\\\/\",\"url\":\"https:\\\/\\\/fuentesfidedignas.com.mx\\\/index.php\\\/2025\\\/08\\\/03\\\/sheinbaum-anuncia-la-creacion-de-la-comision-presidencial-para-la-reforma-electoral\\\/\",\"name\":\"Sheinbaum anuncia la creaci\u00f3n de la Comisi\u00f3n Presidencial para la Reforma Electoral - Fuentes Fidedignas\",\"isPartOf\":{\"@id\":\"https:\\\/\\\/fuentesfidedignas.com.mx\\\/#website\"},\"primaryImageOfPage\":{\"@id\":\"https:\\\/\\\/fuentesfidedignas.com.mx\\\/index.php\\\/2025\\\/08\\\/03\\\/sheinbaum-anuncia-la-creacion-de-la-comision-presidencial-para-la-reforma-electoral\\\/#primaryimage\"},\"image\":{\"@id\":\"https:\\\/\\\/fuentesfidedignas.com.mx\\\/index.php\\\/2025\\\/08\\\/03\\\/sheinbaum-anuncia-la-creacion-de-la-comision-presidencial-para-la-reforma-electoral\\\/#primaryimage\"},\"thumbnailUrl\":\"https:\\\/\\\/fuentesfidedignas.com.mx\\\/wp-content\\\/uploads\\\/2025\\\/08\\\/sheinbaum-pablo-gomez-uif-2.jpg\",\"datePublished\":\"2025-08-03T16:35:53+00:00\",\"dateModified\":\"2025-08-03T16:37:38+00:00\",\"breadcrumb\":{\"@id\":\"https:\\\/\\\/fuentesfidedignas.com.mx\\\/index.php\\\/2025\\\/08\\\/03\\\/sheinbaum-anuncia-la-creacion-de-la-comision-presidencial-para-la-reforma-electoral\\\/#breadcrumb\"},\"inLanguage\":\"es\",\"potentialAction\":[{\"@type\":\"ReadAction\",\"target\":[\"https:\\\/\\\/fuentesfidedignas.com.mx\\\/index.php\\\/2025\\\/08\\\/03\\\/sheinbaum-anuncia-la-creacion-de-la-comision-presidencial-para-la-reforma-electoral\\\/\"]}]},{\"@type\":\"ImageObject\",\"inLanguage\":\"es\",\"@id\":\"https:\\\/\\\/fuentesfidedignas.com.mx\\\/index.php\\\/2025\\\/08\\\/03\\\/sheinbaum-anuncia-la-creacion-de-la-comision-presidencial-para-la-reforma-electoral\\\/#primaryimage\",\"url\":\"https:\\\/\\\/fuentesfidedignas.com.mx\\\/wp-content\\\/uploads\\\/2025\\\/08\\\/sheinbaum-pablo-gomez-uif-2.jpg\",\"contentUrl\":\"https:\\\/\\\/fuentesfidedignas.com.mx\\\/wp-content\\\/uploads\\\/2025\\\/08\\\/sheinbaum-pablo-gomez-uif-2.jpg\",\"width\":500,\"height\":333},{\"@type\":\"BreadcrumbList\",\"@id\":\"https:\\\/\\\/fuentesfidedignas.com.mx\\\/index.php\\\/2025\\\/08\\\/03\\\/sheinbaum-anuncia-la-creacion-de-la-comision-presidencial-para-la-reforma-electoral\\\/#breadcrumb\",\"itemListElement\":[{\"@type\":\"ListItem\",\"position\":1,\"name\":\"Inicio\",\"item\":\"https:\\\/\\\/fuentesfidedignas.com.mx\\\/\"},{\"@type\":\"ListItem\",\"position\":2,\"name\":\"Sheinbaum anuncia la creaci\u00f3n de la Comisi\u00f3n Presidencial para la Reforma Electoral\"}]},{\"@type\":\"WebSite\",\"@id\":\"https:\\\/\\\/fuentesfidedignas.com.mx\\\/#website\",\"url\":\"https:\\\/\\\/fuentesfidedignas.com.mx\\\/\",\"name\":\"Fuentes Fidedignas\",\"description\":\"Otro sitio realizado con WordPress\",\"publisher\":{\"@id\":\"https:\\\/\\\/fuentesfidedignas.com.mx\\\/#organization\"},\"potentialAction\":[{\"@type\":\"SearchAction\",\"target\":{\"@type\":\"EntryPoint\",\"urlTemplate\":\"https:\\\/\\\/fuentesfidedignas.com.mx\\\/?s={search_term_string}\"},\"query-input\":{\"@type\":\"PropertyValueSpecification\",\"valueRequired\":true,\"valueName\":\"search_term_string\"}}],\"inLanguage\":\"es\"},{\"@type\":\"Organization\",\"@id\":\"https:\\\/\\\/fuentesfidedignas.com.mx\\\/#organization\",\"name\":\"Fuentes Fidedignas\",\"url\":\"https:\\\/\\\/fuentesfidedignas.com.mx\\\/\",\"logo\":{\"@type\":\"ImageObject\",\"inLanguage\":\"es\",\"@id\":\"https:\\\/\\\/fuentesfidedignas.com.mx\\\/#\\\/schema\\\/logo\\\/image\\\/\",\"url\":\"https:\\\/\\\/fuentesfidedignas.com.mx\\\/wp-content\\\/uploads\\\/2021\\\/04\\\/logo-retina.png\",\"contentUrl\":\"https:\\\/\\\/fuentesfidedignas.com.mx\\\/wp-content\\\/uploads\\\/2021\\\/04\\\/logo-retina.png\",\"width\":280,\"height\":51,\"caption\":\"Fuentes Fidedignas\"},\"image\":{\"@id\":\"https:\\\/\\\/fuentesfidedignas.com.mx\\\/#\\\/schema\\\/logo\\\/image\\\/\"},\"sameAs\":[\"https:\\\/\\\/www.facebook.com\\\/Fuentes-Fidedignas-368234489921644\",\"https:\\\/\\\/x.com\\\/fidedignas\"]},{\"@type\":\"Person\",\"@id\":\"https:\\\/\\\/fuentesfidedignas.com.mx\\\/#\\\/schema\\\/person\\\/0d44615087b5a626d5d3f13afe31ac41\",\"name\":\"EFE\",\"image\":{\"@type\":\"ImageObject\",\"inLanguage\":\"es\",\"@id\":\"https:\\\/\\\/secure.gravatar.com\\\/avatar\\\/7048c2d9b569d9bed55bb53ad23821e6e047aa66338fb6ea9868627bbb9f54e8?s=96&d=mm&r=g\",\"url\":\"https:\\\/\\\/secure.gravatar.com\\\/avatar\\\/7048c2d9b569d9bed55bb53ad23821e6e047aa66338fb6ea9868627bbb9f54e8?s=96&d=mm&r=g\",\"contentUrl\":\"https:\\\/\\\/secure.gravatar.com\\\/avatar\\\/7048c2d9b569d9bed55bb53ad23821e6e047aa66338fb6ea9868627bbb9f54e8?s=96&d=mm&r=g\",\"caption\":\"EFE\"},\"url\":\"https:\\\/\\\/fuentesfidedignas.com.mx\\\/index.php\\\/author\\\/efe\\\/\"}]}<\/script>\n<!-- \/ Yoast SEO plugin. -->","yoast_head_json":{"title":"Sheinbaum anuncia la creaci\u00f3n de la Comisi\u00f3n Presidencial para la Reforma Electoral - Fuentes Fidedignas","robots":{"index":"index","follow":"follow","max-snippet":"max-snippet:-1","max-image-preview":"max-image-preview:large","max-video-preview":"max-video-preview:-1"},"canonical":"https:\/\/fuentesfidedignas.com.mx\/index.php\/2025\/08\/03\/sheinbaum-anuncia-la-creacion-de-la-comision-presidencial-para-la-reforma-electoral\/","og_locale":"es_MX","og_type":"article","og_title":"Sheinbaum anuncia la creaci\u00f3n de la Comisi\u00f3n Presidencial para la Reforma Electoral - Fuentes Fidedignas","og_description":"La Comisi\u00f3n Presidencial para la Reforma Electoral confeccionar\u00e1 una reforma legislativa que est\u00e9 acorde con los tiempos actuales El Gobierno de M\u00e9xico anunci\u00f3 la creaci\u00f3n de la Comisi\u00f3n Presidencial para la Reforma Electoral, que tendr\u00e1 como objetivo hacer un diagn\u00f3stico \u201cprofundo\u201d del estado en el que se encuentra el modelo electoral y de partidos, y [&hellip;]","og_url":"https:\/\/fuentesfidedignas.com.mx\/index.php\/2025\/08\/03\/sheinbaum-anuncia-la-creacion-de-la-comision-presidencial-para-la-reforma-electoral\/","og_site_name":"Fuentes Fidedignas","article_publisher":"https:\/\/www.facebook.com\/Fuentes-Fidedignas-368234489921644","article_published_time":"2025-08-03T16:35:53+00:00","article_modified_time":"2025-08-03T16:37:38+00:00","og_image":[{"width":500,"height":333,"url":"https:\/\/fuentesfidedignas.com.mx\/wp-content\/uploads\/2025\/08\/sheinbaum-pablo-gomez-uif-2.jpg","type":"image\/jpeg"}],"author":"EFE","twitter_card":"summary_large_image","twitter_creator":"@fidedignas","twitter_site":"@fidedignas","twitter_misc":{"Escrito por":"EFE","Tiempo de lectura":"2 minutos"},"schema":{"@context":"https:\/\/schema.org","@graph":[{"@type":"Article","@id":"https:\/\/fuentesfidedignas.com.mx\/index.php\/2025\/08\/03\/sheinbaum-anuncia-la-creacion-de-la-comision-presidencial-para-la-reforma-electoral\/#article","isPartOf":{"@id":"https:\/\/fuentesfidedignas.com.mx\/index.php\/2025\/08\/03\/sheinbaum-anuncia-la-creacion-de-la-comision-presidencial-para-la-reforma-electoral\/"},"author":{"name":"EFE","@id":"https:\/\/fuentesfidedignas.com.mx\/#\/schema\/person\/0d44615087b5a626d5d3f13afe31ac41"},"headline":"Sheinbaum anuncia la creaci\u00f3n de la Comisi\u00f3n Presidencial para la Reforma Electoral","datePublished":"2025-08-03T16:35:53+00:00","dateModified":"2025-08-03T16:37:38+00:00","mainEntityOfPage":{"@id":"https:\/\/fuentesfidedignas.com.mx\/index.php\/2025\/08\/03\/sheinbaum-anuncia-la-creacion-de-la-comision-presidencial-para-la-reforma-electoral\/"},"wordCount":379,"commentCount":0,"publisher":{"@id":"https:\/\/fuentesfidedignas.com.mx\/#organization"},"image":{"@id":"https:\/\/fuentesfidedignas.com.mx\/index.php\/2025\/08\/03\/sheinbaum-anuncia-la-creacion-de-la-comision-presidencial-para-la-reforma-electoral\/#primaryimage"},"thumbnailUrl":"https:\/\/fuentesfidedignas.com.mx\/wp-content\/uploads\/2025\/08\/sheinbaum-pablo-gomez-uif-2.jpg","articleSection":["NOTICIAS NACIONALES"],"inLanguage":"es","potentialAction":[{"@type":"CommentAction","name":"Comment","target":["https:\/\/fuentesfidedignas.com.mx\/index.php\/2025\/08\/03\/sheinbaum-anuncia-la-creacion-de-la-comision-presidencial-para-la-reforma-electoral\/#respond"]}]},{"@type":"WebPage","@id":"https:\/\/fuentesfidedignas.com.mx\/index.php\/2025\/08\/03\/sheinbaum-anuncia-la-creacion-de-la-comision-presidencial-para-la-reforma-electoral\/","url":"https:\/\/fuentesfidedignas.com.mx\/index.php\/2025\/08\/03\/sheinbaum-anuncia-la-creacion-de-la-comision-presidencial-para-la-reforma-electoral\/","name":"Sheinbaum anuncia la creaci\u00f3n de la Comisi\u00f3n Presidencial para la Reforma Electoral - Fuentes Fidedignas","isPartOf":{"@id":"https:\/\/fuentesfidedignas.com.mx\/#website"},"primaryImageOfPage":{"@id":"https:\/\/fuentesfidedignas.com.mx\/index.php\/2025\/08\/03\/sheinbaum-anuncia-la-creacion-de-la-comision-presidencial-para-la-reforma-electoral\/#primaryimage"},"image":{"@id":"https:\/\/fuentesfidedignas.com.mx\/index.php\/2025\/08\/03\/sheinbaum-anuncia-la-creacion-de-la-comision-presidencial-para-la-reforma-electoral\/#primaryimage"},"thumbnailUrl":"https:\/\/fuentesfidedignas.com.mx\/wp-content\/uploads\/2025\/08\/sheinbaum-pablo-gomez-uif-2.jpg","datePublished":"2025-08-03T16:35:53+00:00","dateModified":"2025-08-03T16:37:38+00:00","breadcrumb":{"@id":"https:\/\/fuentesfidedignas.com.mx\/index.php\/2025\/08\/03\/sheinbaum-anuncia-la-creacion-de-la-comision-presidencial-para-la-reforma-electoral\/#breadcrumb"},"inLanguage":"es","potentialAction":[{"@type":"ReadAction","target":["https:\/\/fuentesfidedignas.com.mx\/index.php\/2025\/08\/03\/sheinbaum-anuncia-la-creacion-de-la-comision-presidencial-para-la-reforma-electoral\/"]}]},{"@type":"ImageObject","inLanguage":"es","@id":"https:\/\/fuentesfidedignas.com.mx\/index.php\/2025\/08\/03\/sheinbaum-anuncia-la-creacion-de-la-comision-presidencial-para-la-reforma-electoral\/#primaryimage","url":"https:\/\/fuentesfidedignas.com.mx\/wp-content\/uploads\/2025\/08\/sheinbaum-pablo-gomez-uif-2.jpg","contentUrl":"https:\/\/fuentesfidedignas.com.mx\/wp-content\/uploads\/2025\/08\/sheinbaum-pablo-gomez-uif-2.jpg","width":500,"height":333},{"@type":"BreadcrumbList","@id":"https:\/\/fuentesfidedignas.com.mx\/index.php\/2025\/08\/03\/sheinbaum-anuncia-la-creacion-de-la-comision-presidencial-para-la-reforma-electoral\/#breadcrumb","itemListElement":[{"@type":"ListItem","position":1,"name":"Inicio","item":"https:\/\/fuentesfidedignas.com.mx\/"},{"@type":"ListItem","position":2,"name":"Sheinbaum anuncia la creaci\u00f3n de la Comisi\u00f3n Presidencial para la Reforma Electoral"}]},{"@type":"WebSite","@id":"https:\/\/fuentesfidedignas.com.mx\/#website","url":"https:\/\/fuentesfidedignas.com.mx\/","name":"Fuentes Fidedignas","description":"Otro sitio realizado con WordPress","publisher":{"@id":"https:\/\/fuentesfidedignas.com.mx\/#organization"},"potentialAction":[{"@type":"SearchAction","target":{"@type":"EntryPoint","urlTemplate":"https:\/\/fuentesfidedignas.com.mx\/?s={search_term_string}"},"query-input":{"@type":"PropertyValueSpecification","valueRequired":true,"valueName":"search_term_string"}}],"inLanguage":"es"},{"@type":"Organization","@id":"https:\/\/fuentesfidedignas.com.mx\/#organization","name":"Fuentes Fidedignas","url":"https:\/\/fuentesfidedignas.com.mx\/","logo":{"@type":"ImageObject","inLanguage":"es","@id":"https:\/\/fuentesfidedignas.com.mx\/#\/schema\/logo\/image\/","url":"https:\/\/fuentesfidedignas.com.mx\/wp-content\/uploads\/2021\/04\/logo-retina.png","contentUrl":"https:\/\/fuentesfidedignas.com.mx\/wp-content\/uploads\/2021\/04\/logo-retina.png","width":280,"height":51,"caption":"Fuentes Fidedignas"},"image":{"@id":"https:\/\/fuentesfidedignas.com.mx\/#\/schema\/logo\/image\/"},"sameAs":["https:\/\/www.facebook.com\/Fuentes-Fidedignas-368234489921644","https:\/\/x.com\/fidedignas"]},{"@type":"Person","@id":"https:\/\/fuentesfidedignas.com.mx\/#\/schema\/person\/0d44615087b5a626d5d3f13afe31ac41","name":"EFE","image":{"@type":"ImageObject","inLanguage":"es","@id":"https:\/\/secure.gravatar.com\/avatar\/7048c2d9b569d9bed55bb53ad23821e6e047aa66338fb6ea9868627bbb9f54e8?s=96&d=mm&r=g","url":"https:\/\/secure.gravatar.com\/avatar\/7048c2d9b569d9bed55bb53ad23821e6e047aa66338fb6ea9868627bbb9f54e8?s=96&d=mm&r=g","contentUrl":"https:\/\/secure.gravatar.com\/avatar\/7048c2d9b569d9bed55bb53ad23821e6e047aa66338fb6ea9868627bbb9f54e8?s=96&d=mm&r=g","caption":"EFE"},"url":"https:\/\/fuentesfidedignas.com.mx\/index.php\/author\/efe\/"}]}},"_links":{"self":[{"href":"https:\/\/fuentesfidedignas.com.mx\/index.php\/wp-json\/wp\/v2\/posts\/114211","targetHints":{"allow":["GET"]}}],"collection":[{"href":"https:\/\/fuentesfidedignas.com.mx\/index.php\/wp-json\/wp\/v2\/posts"}],"about":[{"href":"https:\/\/fuentesfidedignas.com.mx\/index.php\/wp-json\/wp\/v2\/types\/post"}],"author":[{"embeddable":true,"href":"https:\/\/fuentesfidedignas.com.mx\/index.php\/wp-json\/wp\/v2\/users\/22"}],"replies":[{"embeddable":true,"href":"https:\/\/fuentesfidedignas.com.mx\/index.php\/wp-json\/wp\/v2\/comments?post=114211"}],"version-history":[{"count":2,"href":"https:\/\/fuentesfidedignas.com.mx\/index.php\/wp-json\/wp\/v2\/posts\/114211\/revisions"}],"predecessor-version":[{"id":114214,"href":"https:\/\/fuentesfidedignas.com.mx\/index.php\/wp-json\/wp\/v2\/posts\/114211\/revisions\/114214"}],"wp:featuredmedia":[{"embeddable":true,"href":"https:\/\/fuentesfidedignas.com.mx\/index.php\/wp-json\/wp\/v2\/media\/114212"}],"wp:attachment":[{"href":"https:\/\/fuentesfidedignas.com.mx\/index.php\/wp-json\/wp\/v2\/media?parent=114211"}],"wp:term":[{"taxonomy":"category","embeddable":true,"href":"https:\/\/fuentesfidedignas.com.mx\/index.php\/wp-json\/wp\/v2\/categories?post=114211"},{"taxonomy":"post_tag","embeddable":true,"href":"https:\/\/fuentesfidedignas.com.mx\/index.php\/wp-json\/wp\/v2\/tags?post=114211"}],"curies":[{"name":"wp","href":"https:\/\/api.w.org\/{rel}","templated":true}]}}