{"id":11419,"date":"2021-08-31T18:25:22","date_gmt":"2021-09-01T01:25:22","guid":{"rendered":"https:\/\/fuentesfidedignas.com.mx\/?p=11419"},"modified":"2021-08-31T18:25:24","modified_gmt":"2021-09-01T01:25:24","slug":"paty-navidad-rompe-en-llanto-tras-criticas-por-haberse-enfermado-de-covid","status":"publish","type":"post","link":"https:\/\/fuentesfidedignas.com.mx\/index.php\/2021\/08\/31\/paty-navidad-rompe-en-llanto-tras-criticas-por-haberse-enfermado-de-covid\/","title":{"rendered":"Paty Navidad rompe en llanto tras cr\u00edticas por haberse enfermado de covid"},"content":{"rendered":"\n<p><strong><em>Luego de contagiarse de covid-19, muchas personas se burlaron de Paty Navidad e, incluso, varios usuarios en redes le desearon la muerte<\/em><\/strong><\/p>\n\n\n\n<p>Ciudad de M\u00e9xico.- Luego de contagiarse de covid-19, muchas personas se burlaron de Paty Navidad e, incluso, varios usuarios en redes le desearon la muerte.<\/p>\n\n\n\n<p>Sin embargo, Paty Navidad apareci\u00f3 en una entrevista con Carmen Mu\u00f1oz en donde se sincero sobre las cosas que ha dicho y las que se han tergiversado.<\/p>\n\n\n\n<p>&#8220;\u00a1No me mor\u00ed, se\u00f1ores. Lo siento, de verdad, todos los que quer\u00edan que muriera. Amo la vida, disfruto la vida y considero que no le hago da\u00f1o a nadie&#8221;, expreso.<\/p>\n\n\n\n<p><strong>Paty Navidad desmiente rumores<\/strong><\/p>\n\n\n\n<p>La actriz que ha sido vetada de Facebook, Instagram y Twitter por su controversial postura asegur\u00f3 que ella jam\u00e1s ha dicho que el Covid-19 no exista:<\/p>\n\n\n\n<p>&#8220;Se ha dicho qu\u00e9 he dicho muchas cosas que no he dicho. La primera: Nunca he dije que el coronavirus no exista, al contrario, he dicho que ha existido toda la vida, virus, bacterias, par\u00e1sitos y es m\u00e1s, tenemos que vivir con ello porque el sistema inmunol\u00f3gico se fortalece. Nunca he dicho que no exista&#8221;.<\/p>\n\n\n\n<p><strong>Paty<\/strong> <strong>Navidad tambi\u00e9n aclar\u00f3:<\/strong><\/p>\n\n\n\n<p>&#8220;Se ha dicho que yo digo que no se vacunen, eso es otra mentira. Yo Patricia Navidad no me vacuno porque es mi derecho a elegir vacunarme a no vacunarme. El mismo derecho que tienen los que eligen vacunarse, lo tenemos quienes elegimos no vacunarnos. Que la gente se haga responsable, como yo lo hago, de mis decisiones y las consecuencias&#8221;.<\/p>\n\n\n\n<p>Paty Navidad tambi\u00e9n afirm\u00f3 que su \u00fanico &#8220;delito&#8221; fue mostrarse tal y como es en redes sociales, en donde la intolerancia es el pan de cada d\u00eda:<\/p>\n\n\n\n<p>&#8220;Soy una mujer honesta, derecha, agradecida, de frente, tengo muchos defectos, lo lamento, no soy perfecta pero no soy una mala persona. S\u00ed soy responsable de lo que digo, de lo que hago, de lo que pienso, pero por m\u00ed. No puedo ser responsable de los dem\u00e1s&#8221;.<\/p>\n\n\n\n<p>Asimismo, la actriz desminti\u00f3 estar mal de sus facultades mentales y afirm\u00f3 que le duele mucho que por pensar diferente, la gente la ataque, la agreda e incluso le desee cosas terribles a ella y a su familia.<\/p>\n\n\n\n<p>&#8220;No tengo un tumor cerebral, s\u00ed lo tuve, tuve un prolactinoma hace como 10 a\u00f1os. Hace 7 desapareci\u00f3 con medicamento, son cuestiones hormonales que se afectan por estr\u00e9s. Pero no hay ning\u00fan tumor&#8221;, agreg\u00f3.<\/p>\n\n\n\n<p><strong>Paty Navidad neg\u00f3 haber estado intubada<\/strong><\/p>\n\n\n\n<p>Respecto a los d\u00edas que estuvo enferma, Paty Navidad neg\u00f3 haber estado intubada<\/p>\n\n\n\n<p>&#8220;Yo llegu\u00e9 al hospital por problemas de oxigenaci\u00f3n. El diagn\u00f3stico era neumon\u00eda. Pero sinceramente nunca me sent\u00ed con neumon\u00eda. S\u00ed me sent\u00ed con problemas de oxigenaci\u00f3n leves; nunca tuve fiebre, nunca tuve problemas para respirar ni estuve, como tambi\u00e9n se dijo, intubada porque no lo permit\u00ed, porque si lo hubiera hecho quiz\u00e1 hoy no estar\u00eda aqu\u00ed&#8221;.<\/p>\n\n\n\n<p>Adem\u00e1s descart\u00f3 que haya escrito un supuesto mensaje de arrepentimiento admitiendo que debi\u00f3 vacunarse:<\/p>\n\n\n\n<p>&#8220;No tengo ni una sola red social, desde hace como mes y medio. Todas las dem\u00e1s me las quitaron en enero, no pasa nada. Me he sentido bien, antes no hab\u00eda (redes) y he sido muy feliz, ahorita son muy t\u00f3xicas; ser\u00edan buenas si las utiliz\u00e1ramos de manera positiva&#8221;<\/p>\n\n\n\n<p><strong>Paty Navidad rompe en llanto por las duras criticas que ha recibido en redes sociales<\/strong><\/p>\n\n\n\n<p>Y sobre las cr\u00edticas por sus opiniones, Paty Navidad aseguro que aunque hay molestia, no existe dolor o tristeza:<\/p>\n\n\n\n<p>&#8220;Hay molestia, pero tambi\u00e9n me lo trato de tomar con sentido del humor. La gente lo que quiere es verlo a uno derrotado, verte mal. El odio se elimina con amor, entonces la gente proyecta toda lo que ellos traen, ese dolor, tristeza o miedo&#8221;.<\/p>\n\n\n\n<p>Sin embargo, poco despu\u00e9s rompi\u00f3 en llanto tras recordar la forma en la que la han tratado en redes sociales:<\/p>\n\n\n\n<p>&#8220;Al final mi locura es sana, mi locura no hace da\u00f1o. Soy rara s\u00ed, soy extra\u00f1a s\u00ed, pero no le hago da\u00f1o a nadie y el pensar diferente no deber\u00eda de limitarme a que no tenga derecho ni a hablar o a pensar, son mis derechos&#8221;.<\/p>\n\n\n\n<figure class=\"wp-block-embed is-type-video is-provider-youtube wp-block-embed-youtube wp-embed-aspect-16-9 wp-has-aspect-ratio\"><div class=\"wp-block-embed__wrapper\">\n<iframe loading=\"lazy\" title=\"\u00a1Tuvimos una entrevista EXCLUSIVA con Paty Navidad en el foro de nuestro programa! | Al Extremo\" width=\"696\" height=\"392\" src=\"https:\/\/www.youtube.com\/embed\/Q3REbZTkP8Y?feature=oembed\" frameborder=\"0\" allow=\"accelerometer; autoplay; clipboard-write; encrypted-media; gyroscope; picture-in-picture\" allowfullscreen><\/iframe>\n<\/div><\/figure>\n","protected":false},"excerpt":{"rendered":"<p>Luego de contagiarse de covid-19, muchas personas se burlaron de Paty Navidad e, incluso, varios usuarios en redes le desearon la muerte Ciudad de M\u00e9xico.- Luego de contagiarse de covid-19, muchas personas se burlaron de Paty Navidad e, incluso, varios usuarios en redes le desearon la muerte. Sin embargo, Paty Navidad apareci\u00f3 en una entrevista [&hellip;]<\/p>\n","protected":false},"author":7,"featured_media":11420,"comment_status":"open","ping_status":"open","sticky":false,"template":"","format":"standard","meta":{"tdm_status":"","tdm_grid_status":"","footnotes":""},"categories":[39],"tags":[332,59,1653,416],"class_list":{"0":"post-11419","1":"post","2":"type-post","3":"status-publish","4":"format-standard","5":"has-post-thumbnail","7":"category-noticias-nacionales","8":"tag-coronavirus","9":"tag-covid-19","10":"tag-paty-navidad","11":"tag-sars-cov-2"},"yoast_head":"<!-- This site is optimized with the Yoast SEO plugin v27.5 - https:\/\/yoast.com\/product\/yoast-seo-wordpress\/ -->\n<title>Paty Navidad rompe en llanto tras cr\u00edticas por haberse enfermado de covid - Fuentes Fidedignas<\/title>\n<meta name=\"robots\" content=\"index, follow, max-snippet:-1, max-image-preview:large, max-video-preview:-1\" \/>\n<link rel=\"canonical\" href=\"https:\/\/fuentesfidedignas.com.mx\/index.php\/2021\/08\/31\/paty-navidad-rompe-en-llanto-tras-criticas-por-haberse-enfermado-de-covid\/\" \/>\n<meta property=\"og:locale\" content=\"es_MX\" \/>\n<meta property=\"og:type\" content=\"article\" \/>\n<meta property=\"og:title\" content=\"Paty Navidad rompe en llanto tras cr\u00edticas por haberse enfermado de covid - Fuentes Fidedignas\" \/>\n<meta property=\"og:description\" content=\"Luego de contagiarse de covid-19, muchas personas se burlaron de Paty Navidad e, incluso, varios usuarios en redes le desearon la muerte Ciudad de M\u00e9xico.- Luego de contagiarse de covid-19, muchas personas se burlaron de Paty Navidad e, incluso, varios usuarios en redes le desearon la muerte. Sin embargo, Paty Navidad apareci\u00f3 en una entrevista [&hellip;]\" \/>\n<meta property=\"og:url\" content=\"https:\/\/fuentesfidedignas.com.mx\/index.php\/2021\/08\/31\/paty-navidad-rompe-en-llanto-tras-criticas-por-haberse-enfermado-de-covid\/\" \/>\n<meta property=\"og:site_name\" content=\"Fuentes Fidedignas\" \/>\n<meta property=\"article:publisher\" content=\"https:\/\/www.facebook.com\/Fuentes-Fidedignas-368234489921644\" \/>\n<meta property=\"article:published_time\" content=\"2021-09-01T01:25:22+00:00\" \/>\n<meta property=\"article:modified_time\" content=\"2021-09-01T01:25:24+00:00\" \/>\n<meta property=\"og:image\" content=\"https:\/\/fuentesfidedignas.com.mx\/wp-content\/uploads\/2021\/08\/PATTY_NAVIDAD.jpg\" \/>\n\t<meta property=\"og:image:width\" content=\"800\" \/>\n\t<meta property=\"og:image:height\" content=\"600\" \/>\n\t<meta property=\"og:image:type\" content=\"image\/jpeg\" \/>\n<meta name=\"author\" content=\"Exc\u00e9lsior\" \/>\n<meta name=\"twitter:card\" content=\"summary_large_image\" \/>\n<meta name=\"twitter:creator\" content=\"@fidedignas\" \/>\n<meta name=\"twitter:site\" content=\"@fidedignas\" \/>\n<meta name=\"twitter:label1\" content=\"Escrito por\" \/>\n\t<meta name=\"twitter:data1\" content=\"Exc\u00e9lsior\" \/>\n\t<meta name=\"twitter:label2\" content=\"Tiempo de lectura\" \/>\n\t<meta name=\"twitter:data2\" content=\"3 minutos\" \/>\n<script type=\"application\/ld+json\" class=\"yoast-schema-graph\">{\"@context\":\"https:\\\/\\\/schema.org\",\"@graph\":[{\"@type\":\"Article\",\"@id\":\"https:\\\/\\\/fuentesfidedignas.com.mx\\\/index.php\\\/2021\\\/08\\\/31\\\/paty-navidad-rompe-en-llanto-tras-criticas-por-haberse-enfermado-de-covid\\\/#article\",\"isPartOf\":{\"@id\":\"https:\\\/\\\/fuentesfidedignas.com.mx\\\/index.php\\\/2021\\\/08\\\/31\\\/paty-navidad-rompe-en-llanto-tras-criticas-por-haberse-enfermado-de-covid\\\/\"},\"author\":{\"name\":\"Exc\u00e9lsior\",\"@id\":\"https:\\\/\\\/fuentesfidedignas.com.mx\\\/#\\\/schema\\\/person\\\/ec4edd1fbf5efa3e44fce34fe2787780\"},\"headline\":\"Paty Navidad rompe en llanto tras cr\u00edticas por haberse enfermado de covid\",\"datePublished\":\"2021-09-01T01:25:22+00:00\",\"dateModified\":\"2021-09-01T01:25:24+00:00\",\"mainEntityOfPage\":{\"@id\":\"https:\\\/\\\/fuentesfidedignas.com.mx\\\/index.php\\\/2021\\\/08\\\/31\\\/paty-navidad-rompe-en-llanto-tras-criticas-por-haberse-enfermado-de-covid\\\/\"},\"wordCount\":738,\"commentCount\":0,\"publisher\":{\"@id\":\"https:\\\/\\\/fuentesfidedignas.com.mx\\\/#organization\"},\"image\":{\"@id\":\"https:\\\/\\\/fuentesfidedignas.com.mx\\\/index.php\\\/2021\\\/08\\\/31\\\/paty-navidad-rompe-en-llanto-tras-criticas-por-haberse-enfermado-de-covid\\\/#primaryimage\"},\"thumbnailUrl\":\"https:\\\/\\\/fuentesfidedignas.com.mx\\\/wp-content\\\/uploads\\\/2021\\\/08\\\/PATTY_NAVIDAD.jpg\",\"keywords\":[\"Coronavirus\",\"Covid-19\",\"Paty Navidad\",\"SARS-CoV-2\"],\"articleSection\":[\"NOTICIAS NACIONALES\"],\"inLanguage\":\"es\",\"potentialAction\":[{\"@type\":\"CommentAction\",\"name\":\"Comment\",\"target\":[\"https:\\\/\\\/fuentesfidedignas.com.mx\\\/index.php\\\/2021\\\/08\\\/31\\\/paty-navidad-rompe-en-llanto-tras-criticas-por-haberse-enfermado-de-covid\\\/#respond\"]}]},{\"@type\":\"WebPage\",\"@id\":\"https:\\\/\\\/fuentesfidedignas.com.mx\\\/index.php\\\/2021\\\/08\\\/31\\\/paty-navidad-rompe-en-llanto-tras-criticas-por-haberse-enfermado-de-covid\\\/\",\"url\":\"https:\\\/\\\/fuentesfidedignas.com.mx\\\/index.php\\\/2021\\\/08\\\/31\\\/paty-navidad-rompe-en-llanto-tras-criticas-por-haberse-enfermado-de-covid\\\/\",\"name\":\"Paty Navidad rompe en llanto tras cr\u00edticas por haberse enfermado de covid - Fuentes Fidedignas\",\"isPartOf\":{\"@id\":\"https:\\\/\\\/fuentesfidedignas.com.mx\\\/#website\"},\"primaryImageOfPage\":{\"@id\":\"https:\\\/\\\/fuentesfidedignas.com.mx\\\/index.php\\\/2021\\\/08\\\/31\\\/paty-navidad-rompe-en-llanto-tras-criticas-por-haberse-enfermado-de-covid\\\/#primaryimage\"},\"image\":{\"@id\":\"https:\\\/\\\/fuentesfidedignas.com.mx\\\/index.php\\\/2021\\\/08\\\/31\\\/paty-navidad-rompe-en-llanto-tras-criticas-por-haberse-enfermado-de-covid\\\/#primaryimage\"},\"thumbnailUrl\":\"https:\\\/\\\/fuentesfidedignas.com.mx\\\/wp-content\\\/uploads\\\/2021\\\/08\\\/PATTY_NAVIDAD.jpg\",\"datePublished\":\"2021-09-01T01:25:22+00:00\",\"dateModified\":\"2021-09-01T01:25:24+00:00\",\"breadcrumb\":{\"@id\":\"https:\\\/\\\/fuentesfidedignas.com.mx\\\/index.php\\\/2021\\\/08\\\/31\\\/paty-navidad-rompe-en-llanto-tras-criticas-por-haberse-enfermado-de-covid\\\/#breadcrumb\"},\"inLanguage\":\"es\",\"potentialAction\":[{\"@type\":\"ReadAction\",\"target\":[\"https:\\\/\\\/fuentesfidedignas.com.mx\\\/index.php\\\/2021\\\/08\\\/31\\\/paty-navidad-rompe-en-llanto-tras-criticas-por-haberse-enfermado-de-covid\\\/\"]}]},{\"@type\":\"ImageObject\",\"inLanguage\":\"es\",\"@id\":\"https:\\\/\\\/fuentesfidedignas.com.mx\\\/index.php\\\/2021\\\/08\\\/31\\\/paty-navidad-rompe-en-llanto-tras-criticas-por-haberse-enfermado-de-covid\\\/#primaryimage\",\"url\":\"https:\\\/\\\/fuentesfidedignas.com.mx\\\/wp-content\\\/uploads\\\/2021\\\/08\\\/PATTY_NAVIDAD.jpg\",\"contentUrl\":\"https:\\\/\\\/fuentesfidedignas.com.mx\\\/wp-content\\\/uploads\\\/2021\\\/08\\\/PATTY_NAVIDAD.jpg\",\"width\":800,\"height\":600},{\"@type\":\"BreadcrumbList\",\"@id\":\"https:\\\/\\\/fuentesfidedignas.com.mx\\\/index.php\\\/2021\\\/08\\\/31\\\/paty-navidad-rompe-en-llanto-tras-criticas-por-haberse-enfermado-de-covid\\\/#breadcrumb\",\"itemListElement\":[{\"@type\":\"ListItem\",\"position\":1,\"name\":\"Inicio\",\"item\":\"https:\\\/\\\/fuentesfidedignas.com.mx\\\/\"},{\"@type\":\"ListItem\",\"position\":2,\"name\":\"Paty Navidad rompe en llanto tras cr\u00edticas por haberse enfermado de covid\"}]},{\"@type\":\"WebSite\",\"@id\":\"https:\\\/\\\/fuentesfidedignas.com.mx\\\/#website\",\"url\":\"https:\\\/\\\/fuentesfidedignas.com.mx\\\/\",\"name\":\"Fuentes Fidedignas\",\"description\":\"Otro sitio realizado con WordPress\",\"publisher\":{\"@id\":\"https:\\\/\\\/fuentesfidedignas.com.mx\\\/#organization\"},\"potentialAction\":[{\"@type\":\"SearchAction\",\"target\":{\"@type\":\"EntryPoint\",\"urlTemplate\":\"https:\\\/\\\/fuentesfidedignas.com.mx\\\/?s={search_term_string}\"},\"query-input\":{\"@type\":\"PropertyValueSpecification\",\"valueRequired\":true,\"valueName\":\"search_term_string\"}}],\"inLanguage\":\"es\"},{\"@type\":\"Organization\",\"@id\":\"https:\\\/\\\/fuentesfidedignas.com.mx\\\/#organization\",\"name\":\"Fuentes Fidedignas\",\"url\":\"https:\\\/\\\/fuentesfidedignas.com.mx\\\/\",\"logo\":{\"@type\":\"ImageObject\",\"inLanguage\":\"es\",\"@id\":\"https:\\\/\\\/fuentesfidedignas.com.mx\\\/#\\\/schema\\\/logo\\\/image\\\/\",\"url\":\"https:\\\/\\\/fuentesfidedignas.com.mx\\\/wp-content\\\/uploads\\\/2021\\\/04\\\/logo-retina.png\",\"contentUrl\":\"https:\\\/\\\/fuentesfidedignas.com.mx\\\/wp-content\\\/uploads\\\/2021\\\/04\\\/logo-retina.png\",\"width\":280,\"height\":51,\"caption\":\"Fuentes Fidedignas\"},\"image\":{\"@id\":\"https:\\\/\\\/fuentesfidedignas.com.mx\\\/#\\\/schema\\\/logo\\\/image\\\/\"},\"sameAs\":[\"https:\\\/\\\/www.facebook.com\\\/Fuentes-Fidedignas-368234489921644\",\"https:\\\/\\\/x.com\\\/fidedignas\"]},{\"@type\":\"Person\",\"@id\":\"https:\\\/\\\/fuentesfidedignas.com.mx\\\/#\\\/schema\\\/person\\\/ec4edd1fbf5efa3e44fce34fe2787780\",\"name\":\"Exc\u00e9lsior\",\"image\":{\"@type\":\"ImageObject\",\"inLanguage\":\"es\",\"@id\":\"https:\\\/\\\/secure.gravatar.com\\\/avatar\\\/4b7ee9206b48be08447852b3f0814dbc7c0f3b51541b164f1464a2725614020b?s=96&d=mm&r=g\",\"url\":\"https:\\\/\\\/secure.gravatar.com\\\/avatar\\\/4b7ee9206b48be08447852b3f0814dbc7c0f3b51541b164f1464a2725614020b?s=96&d=mm&r=g\",\"contentUrl\":\"https:\\\/\\\/secure.gravatar.com\\\/avatar\\\/4b7ee9206b48be08447852b3f0814dbc7c0f3b51541b164f1464a2725614020b?s=96&d=mm&r=g\",\"caption\":\"Exc\u00e9lsior\"},\"url\":\"https:\\\/\\\/fuentesfidedignas.com.mx\\\/index.php\\\/author\\\/excelsior\\\/\"}]}<\/script>\n<!-- \/ Yoast SEO plugin. -->","yoast_head_json":{"title":"Paty Navidad rompe en llanto tras cr\u00edticas por haberse enfermado de covid - Fuentes Fidedignas","robots":{"index":"index","follow":"follow","max-snippet":"max-snippet:-1","max-image-preview":"max-image-preview:large","max-video-preview":"max-video-preview:-1"},"canonical":"https:\/\/fuentesfidedignas.com.mx\/index.php\/2021\/08\/31\/paty-navidad-rompe-en-llanto-tras-criticas-por-haberse-enfermado-de-covid\/","og_locale":"es_MX","og_type":"article","og_title":"Paty Navidad rompe en llanto tras cr\u00edticas por haberse enfermado de covid - Fuentes Fidedignas","og_description":"Luego de contagiarse de covid-19, muchas personas se burlaron de Paty Navidad e, incluso, varios usuarios en redes le desearon la muerte Ciudad de M\u00e9xico.- Luego de contagiarse de covid-19, muchas personas se burlaron de Paty Navidad e, incluso, varios usuarios en redes le desearon la muerte. Sin embargo, Paty Navidad apareci\u00f3 en una entrevista [&hellip;]","og_url":"https:\/\/fuentesfidedignas.com.mx\/index.php\/2021\/08\/31\/paty-navidad-rompe-en-llanto-tras-criticas-por-haberse-enfermado-de-covid\/","og_site_name":"Fuentes Fidedignas","article_publisher":"https:\/\/www.facebook.com\/Fuentes-Fidedignas-368234489921644","article_published_time":"2021-09-01T01:25:22+00:00","article_modified_time":"2021-09-01T01:25:24+00:00","og_image":[{"width":800,"height":600,"url":"https:\/\/fuentesfidedignas.com.mx\/wp-content\/uploads\/2021\/08\/PATTY_NAVIDAD.jpg","type":"image\/jpeg"}],"author":"Exc\u00e9lsior","twitter_card":"summary_large_image","twitter_creator":"@fidedignas","twitter_site":"@fidedignas","twitter_misc":{"Escrito por":"Exc\u00e9lsior","Tiempo de lectura":"3 minutos"},"schema":{"@context":"https:\/\/schema.org","@graph":[{"@type":"Article","@id":"https:\/\/fuentesfidedignas.com.mx\/index.php\/2021\/08\/31\/paty-navidad-rompe-en-llanto-tras-criticas-por-haberse-enfermado-de-covid\/#article","isPartOf":{"@id":"https:\/\/fuentesfidedignas.com.mx\/index.php\/2021\/08\/31\/paty-navidad-rompe-en-llanto-tras-criticas-por-haberse-enfermado-de-covid\/"},"author":{"name":"Exc\u00e9lsior","@id":"https:\/\/fuentesfidedignas.com.mx\/#\/schema\/person\/ec4edd1fbf5efa3e44fce34fe2787780"},"headline":"Paty Navidad rompe en llanto tras cr\u00edticas por haberse enfermado de covid","datePublished":"2021-09-01T01:25:22+00:00","dateModified":"2021-09-01T01:25:24+00:00","mainEntityOfPage":{"@id":"https:\/\/fuentesfidedignas.com.mx\/index.php\/2021\/08\/31\/paty-navidad-rompe-en-llanto-tras-criticas-por-haberse-enfermado-de-covid\/"},"wordCount":738,"commentCount":0,"publisher":{"@id":"https:\/\/fuentesfidedignas.com.mx\/#organization"},"image":{"@id":"https:\/\/fuentesfidedignas.com.mx\/index.php\/2021\/08\/31\/paty-navidad-rompe-en-llanto-tras-criticas-por-haberse-enfermado-de-covid\/#primaryimage"},"thumbnailUrl":"https:\/\/fuentesfidedignas.com.mx\/wp-content\/uploads\/2021\/08\/PATTY_NAVIDAD.jpg","keywords":["Coronavirus","Covid-19","Paty Navidad","SARS-CoV-2"],"articleSection":["NOTICIAS NACIONALES"],"inLanguage":"es","potentialAction":[{"@type":"CommentAction","name":"Comment","target":["https:\/\/fuentesfidedignas.com.mx\/index.php\/2021\/08\/31\/paty-navidad-rompe-en-llanto-tras-criticas-por-haberse-enfermado-de-covid\/#respond"]}]},{"@type":"WebPage","@id":"https:\/\/fuentesfidedignas.com.mx\/index.php\/2021\/08\/31\/paty-navidad-rompe-en-llanto-tras-criticas-por-haberse-enfermado-de-covid\/","url":"https:\/\/fuentesfidedignas.com.mx\/index.php\/2021\/08\/31\/paty-navidad-rompe-en-llanto-tras-criticas-por-haberse-enfermado-de-covid\/","name":"Paty Navidad rompe en llanto tras cr\u00edticas por haberse enfermado de covid - Fuentes Fidedignas","isPartOf":{"@id":"https:\/\/fuentesfidedignas.com.mx\/#website"},"primaryImageOfPage":{"@id":"https:\/\/fuentesfidedignas.com.mx\/index.php\/2021\/08\/31\/paty-navidad-rompe-en-llanto-tras-criticas-por-haberse-enfermado-de-covid\/#primaryimage"},"image":{"@id":"https:\/\/fuentesfidedignas.com.mx\/index.php\/2021\/08\/31\/paty-navidad-rompe-en-llanto-tras-criticas-por-haberse-enfermado-de-covid\/#primaryimage"},"thumbnailUrl":"https:\/\/fuentesfidedignas.com.mx\/wp-content\/uploads\/2021\/08\/PATTY_NAVIDAD.jpg","datePublished":"2021-09-01T01:25:22+00:00","dateModified":"2021-09-01T01:25:24+00:00","breadcrumb":{"@id":"https:\/\/fuentesfidedignas.com.mx\/index.php\/2021\/08\/31\/paty-navidad-rompe-en-llanto-tras-criticas-por-haberse-enfermado-de-covid\/#breadcrumb"},"inLanguage":"es","potentialAction":[{"@type":"ReadAction","target":["https:\/\/fuentesfidedignas.com.mx\/index.php\/2021\/08\/31\/paty-navidad-rompe-en-llanto-tras-criticas-por-haberse-enfermado-de-covid\/"]}]},{"@type":"ImageObject","inLanguage":"es","@id":"https:\/\/fuentesfidedignas.com.mx\/index.php\/2021\/08\/31\/paty-navidad-rompe-en-llanto-tras-criticas-por-haberse-enfermado-de-covid\/#primaryimage","url":"https:\/\/fuentesfidedignas.com.mx\/wp-content\/uploads\/2021\/08\/PATTY_NAVIDAD.jpg","contentUrl":"https:\/\/fuentesfidedignas.com.mx\/wp-content\/uploads\/2021\/08\/PATTY_NAVIDAD.jpg","width":800,"height":600},{"@type":"BreadcrumbList","@id":"https:\/\/fuentesfidedignas.com.mx\/index.php\/2021\/08\/31\/paty-navidad-rompe-en-llanto-tras-criticas-por-haberse-enfermado-de-covid\/#breadcrumb","itemListElement":[{"@type":"ListItem","position":1,"name":"Inicio","item":"https:\/\/fuentesfidedignas.com.mx\/"},{"@type":"ListItem","position":2,"name":"Paty Navidad rompe en llanto tras cr\u00edticas por haberse enfermado de covid"}]},{"@type":"WebSite","@id":"https:\/\/fuentesfidedignas.com.mx\/#website","url":"https:\/\/fuentesfidedignas.com.mx\/","name":"Fuentes Fidedignas","description":"Otro sitio realizado con WordPress","publisher":{"@id":"https:\/\/fuentesfidedignas.com.mx\/#organization"},"potentialAction":[{"@type":"SearchAction","target":{"@type":"EntryPoint","urlTemplate":"https:\/\/fuentesfidedignas.com.mx\/?s={search_term_string}"},"query-input":{"@type":"PropertyValueSpecification","valueRequired":true,"valueName":"search_term_string"}}],"inLanguage":"es"},{"@type":"Organization","@id":"https:\/\/fuentesfidedignas.com.mx\/#organization","name":"Fuentes Fidedignas","url":"https:\/\/fuentesfidedignas.com.mx\/","logo":{"@type":"ImageObject","inLanguage":"es","@id":"https:\/\/fuentesfidedignas.com.mx\/#\/schema\/logo\/image\/","url":"https:\/\/fuentesfidedignas.com.mx\/wp-content\/uploads\/2021\/04\/logo-retina.png","contentUrl":"https:\/\/fuentesfidedignas.com.mx\/wp-content\/uploads\/2021\/04\/logo-retina.png","width":280,"height":51,"caption":"Fuentes Fidedignas"},"image":{"@id":"https:\/\/fuentesfidedignas.com.mx\/#\/schema\/logo\/image\/"},"sameAs":["https:\/\/www.facebook.com\/Fuentes-Fidedignas-368234489921644","https:\/\/x.com\/fidedignas"]},{"@type":"Person","@id":"https:\/\/fuentesfidedignas.com.mx\/#\/schema\/person\/ec4edd1fbf5efa3e44fce34fe2787780","name":"Exc\u00e9lsior","image":{"@type":"ImageObject","inLanguage":"es","@id":"https:\/\/secure.gravatar.com\/avatar\/4b7ee9206b48be08447852b3f0814dbc7c0f3b51541b164f1464a2725614020b?s=96&d=mm&r=g","url":"https:\/\/secure.gravatar.com\/avatar\/4b7ee9206b48be08447852b3f0814dbc7c0f3b51541b164f1464a2725614020b?s=96&d=mm&r=g","contentUrl":"https:\/\/secure.gravatar.com\/avatar\/4b7ee9206b48be08447852b3f0814dbc7c0f3b51541b164f1464a2725614020b?s=96&d=mm&r=g","caption":"Exc\u00e9lsior"},"url":"https:\/\/fuentesfidedignas.com.mx\/index.php\/author\/excelsior\/"}]}},"_links":{"self":[{"href":"https:\/\/fuentesfidedignas.com.mx\/index.php\/wp-json\/wp\/v2\/posts\/11419","targetHints":{"allow":["GET"]}}],"collection":[{"href":"https:\/\/fuentesfidedignas.com.mx\/index.php\/wp-json\/wp\/v2\/posts"}],"about":[{"href":"https:\/\/fuentesfidedignas.com.mx\/index.php\/wp-json\/wp\/v2\/types\/post"}],"author":[{"embeddable":true,"href":"https:\/\/fuentesfidedignas.com.mx\/index.php\/wp-json\/wp\/v2\/users\/7"}],"replies":[{"embeddable":true,"href":"https:\/\/fuentesfidedignas.com.mx\/index.php\/wp-json\/wp\/v2\/comments?post=11419"}],"version-history":[{"count":1,"href":"https:\/\/fuentesfidedignas.com.mx\/index.php\/wp-json\/wp\/v2\/posts\/11419\/revisions"}],"predecessor-version":[{"id":11421,"href":"https:\/\/fuentesfidedignas.com.mx\/index.php\/wp-json\/wp\/v2\/posts\/11419\/revisions\/11421"}],"wp:featuredmedia":[{"embeddable":true,"href":"https:\/\/fuentesfidedignas.com.mx\/index.php\/wp-json\/wp\/v2\/media\/11420"}],"wp:attachment":[{"href":"https:\/\/fuentesfidedignas.com.mx\/index.php\/wp-json\/wp\/v2\/media?parent=11419"}],"wp:term":[{"taxonomy":"category","embeddable":true,"href":"https:\/\/fuentesfidedignas.com.mx\/index.php\/wp-json\/wp\/v2\/categories?post=11419"},{"taxonomy":"post_tag","embeddable":true,"href":"https:\/\/fuentesfidedignas.com.mx\/index.php\/wp-json\/wp\/v2\/tags?post=11419"}],"curies":[{"name":"wp","href":"https:\/\/api.w.org\/{rel}","templated":true}]}}