{"id":114178,"date":"2025-08-02T13:44:03","date_gmt":"2025-08-02T20:44:03","guid":{"rendered":"https:\/\/fuentesfidedignas.com.mx\/?p=114178"},"modified":"2025-08-02T13:46:44","modified_gmt":"2025-08-02T20:46:44","slug":"dios-se-lo-ordeno-detienen-a-presunto-multihomicida-en-tijuana-tras-matar-a-cuatro-persona","status":"publish","type":"post","link":"https:\/\/fuentesfidedignas.com.mx\/index.php\/2025\/08\/02\/dios-se-lo-ordeno-detienen-a-presunto-multihomicida-en-tijuana-tras-matar-a-cuatro-persona\/","title":{"rendered":"\u201cDios se lo orden\u00f3\u201d: Detienen a multihomicida en Tijuana tras matar a cuatro personas"},"content":{"rendered":"\n<p>Un&nbsp;<strong>ataque armado<\/strong>&nbsp;registrado la ma\u00f1ana de este s\u00e1bado en la&nbsp;<strong>colonia Anexa Providencia<\/strong>&nbsp;dej\u00f3 un saldo de cuatro personas&nbsp;<strong>muertas<\/strong>&nbsp;y una m\u00e1s&nbsp;<strong>lesionada<\/strong>, presuntamente a manos de un hombre que, seg\u00fan testigos, actu\u00f3 bajo los efectos de<strong>sustancias prohibidas<\/strong>. Gracias a un operativo conjunto entre elementos de la&nbsp;<strong>Polic\u00eda Municipal de Tijuana<\/strong>&nbsp;y de la&nbsp;<em>Fuerza Estatal de Seguridad Ciudadana<\/em>&nbsp;(<strong>FESC<\/strong>), el presunto responsable fue&nbsp;<strong>capturado&nbsp;<\/strong>tras&nbsp;<strong>atrincherarse&nbsp;<\/strong>en un domicilio cercano al lugar del&nbsp;<strong>crimen<\/strong>.<\/p>\n\n\n\n<ul class=\"wp-block-list\">\n<li><br \/>El reporte de emergencia se recibi\u00f3 alrededor de las 7:00 horas, cuando la \u00fanica&nbsp;<strong>v\u00edctima<\/strong>sobreviviente logr\u00f3 alertar a las autoridades sobre el&nbsp;<strong>violento ataque<\/strong>. En su declaraci\u00f3n, mencion\u00f3 que el&nbsp;<strong>agresor<\/strong>&nbsp;lleg\u00f3 al domicilio aparentemente afectado por una&nbsp;<strong>crisis<\/strong>derivada del consumo de&nbsp;<strong>drogas<\/strong>, y comenz\u00f3 a&nbsp;<strong>disparar<\/strong>&nbsp;contra los presentes mientras sufr\u00eda&nbsp;<strong>alucinaciones auditivas.<\/strong><\/li>\n<\/ul>\n\n\n\n<p>Las&nbsp;<strong>v\u00edctimas<\/strong>&nbsp;fueron identificadas como tres hombres y una mujer, quienes&nbsp;<strong>murieron<\/strong>&nbsp;en el lugar. Una quinta persona result\u00f3&nbsp;<strong>lesionada<\/strong>, aunque su vida no corre peligro.<\/p>\n\n\n\n<h2 class=\"wp-block-heading\">Se atrincher\u00f3 con cuchillo tras el ataque<\/h2>\n\n\n\n<p>Con la informaci\u00f3n proporcionada, las corporaciones de seguridad implementaron un despliegue en la zona y lograron ubicar al presunto&nbsp;<strong>agresor<\/strong>,&nbsp;<strong>Gerardo \u201cN\u201d<\/strong>, en un domicilio cercano. El hombre,&nbsp;<strong>armado<\/strong>&nbsp;con un&nbsp;<strong>cuchillo<\/strong>&nbsp;y en evidente estado&nbsp;<strong>agresivo<\/strong>, se neg\u00f3 a entregarse y mostr\u00f3 conductas&nbsp;<strong>amenazantes<\/strong>, por lo que se utiliz\u00f3&nbsp;<strong>munici\u00f3n no letal<\/strong>&nbsp;para intentar someterlo. Sin embargo, fue necesario&nbsp;<strong>neutralizarlo<\/strong>&nbsp;con un&nbsp;<strong>disparo controlado<\/strong>, tras lo cual fue atendido por param\u00e9dicos en el lugar.<\/p>\n\n\n\n<ul class=\"wp-block-list\">\n<li>El sujeto fue reconocido por la persona sobreviviente y se le asegur\u00f3 un&nbsp;<strong>arma de fuego<\/strong>, un&nbsp;<strong>cuchillo met\u00e1lico<\/strong>&nbsp;y un&nbsp;<strong>cargador<\/strong>&nbsp;con siete cartuchos \u00fatiles. Fue puesto a disposici\u00f3n de las autoridades correspondientes, donde enfrentar\u00e1 cargos por&nbsp;<strong>homicidio m\u00faltiple<\/strong>&nbsp;y lesiones.<\/li>\n<\/ul>\n\n\n\n<h3 class=\"wp-block-heading\">Pusieron a salvo a cuatro menores<\/h3>\n\n\n\n<p>Durante el operativo, un vecino logr\u00f3&nbsp;<strong>rescatar<\/strong>&nbsp;a&nbsp;<strong>cuatro menores<\/strong>&nbsp;que se encontraban dentro del domicilio al momento del&nbsp;<strong>ataque<\/strong>, quienes resultaron ilesos. Los&nbsp;<strong>menores<\/strong>&nbsp;fueron entregados a las autoridades para su protecci\u00f3n y valoraci\u00f3n m\u00e9dica.<\/p>\n\n\n\n<p>El caso ya es investigado por la Fiscal\u00eda General del Estado (<strong>FGE<\/strong>) para fincar responsabilidades y esclarecer las circunstancias que llevaron a esta tragedia.<\/p>\n","protected":false},"excerpt":{"rendered":"<p>Un&nbsp;ataque armado&nbsp;registrado la ma\u00f1ana de este s\u00e1bado en la&nbsp;colonia Anexa Providencia&nbsp;dej\u00f3 un saldo de cuatro personas&nbsp;muertas&nbsp;y una m\u00e1s&nbsp;lesionada, presuntamente a manos de un hombre que, seg\u00fan testigos, actu\u00f3 bajo los efectos desustancias prohibidas. Gracias a un operativo conjunto entre elementos de la&nbsp;Polic\u00eda Municipal de Tijuana&nbsp;y de la&nbsp;Fuerza Estatal de Seguridad Ciudadana&nbsp;(FESC), el presunto responsable fue&nbsp;capturado&nbsp;tras&nbsp;atrincherarse&nbsp;en [&hellip;]<\/p>\n","protected":false},"author":46,"featured_media":114177,"comment_status":"closed","ping_status":"open","sticky":false,"template":"","format":"standard","meta":{"tdm_status":"","tdm_grid_status":"","footnotes":""},"categories":[39],"tags":[],"class_list":{"0":"post-114178","1":"post","2":"type-post","3":"status-publish","4":"format-standard","5":"has-post-thumbnail","7":"category-noticias-nacionales"},"yoast_head":"<!-- This site is optimized with the Yoast SEO plugin v27.5 - https:\/\/yoast.com\/product\/yoast-seo-wordpress\/ -->\n<title>\u201cDios se lo orden\u00f3\u201d: Detienen a multihomicida en Tijuana tras matar a cuatro personas - Fuentes Fidedignas<\/title>\n<meta name=\"robots\" content=\"index, follow, max-snippet:-1, max-image-preview:large, max-video-preview:-1\" \/>\n<link rel=\"canonical\" href=\"https:\/\/fuentesfidedignas.com.mx\/index.php\/2025\/08\/02\/dios-se-lo-ordeno-detienen-a-presunto-multihomicida-en-tijuana-tras-matar-a-cuatro-persona\/\" \/>\n<meta property=\"og:locale\" content=\"es_MX\" \/>\n<meta property=\"og:type\" content=\"article\" \/>\n<meta property=\"og:title\" content=\"\u201cDios se lo orden\u00f3\u201d: Detienen a multihomicida en Tijuana tras matar a cuatro personas - Fuentes Fidedignas\" \/>\n<meta property=\"og:description\" content=\"Un&nbsp;ataque armado&nbsp;registrado la ma\u00f1ana de este s\u00e1bado en la&nbsp;colonia Anexa Providencia&nbsp;dej\u00f3 un saldo de cuatro personas&nbsp;muertas&nbsp;y una m\u00e1s&nbsp;lesionada, presuntamente a manos de un hombre que, seg\u00fan testigos, actu\u00f3 bajo los efectos desustancias prohibidas. Gracias a un operativo conjunto entre elementos de la&nbsp;Polic\u00eda Municipal de Tijuana&nbsp;y de la&nbsp;Fuerza Estatal de Seguridad Ciudadana&nbsp;(FESC), el presunto responsable fue&nbsp;capturado&nbsp;tras&nbsp;atrincherarse&nbsp;en [&hellip;]\" \/>\n<meta property=\"og:url\" content=\"https:\/\/fuentesfidedignas.com.mx\/index.php\/2025\/08\/02\/dios-se-lo-ordeno-detienen-a-presunto-multihomicida-en-tijuana-tras-matar-a-cuatro-persona\/\" \/>\n<meta property=\"og:site_name\" content=\"Fuentes Fidedignas\" \/>\n<meta property=\"article:publisher\" content=\"https:\/\/www.facebook.com\/Fuentes-Fidedignas-368234489921644\" \/>\n<meta property=\"article:published_time\" content=\"2025-08-02T20:44:03+00:00\" \/>\n<meta property=\"article:modified_time\" content=\"2025-08-02T20:46:44+00:00\" \/>\n<meta property=\"og:image\" content=\"https:\/\/fuentesfidedignas.com.mx\/wp-content\/uploads\/2025\/08\/img_4159.jpg\" \/>\n\t<meta property=\"og:image:width\" content=\"1200\" \/>\n\t<meta property=\"og:image:height\" content=\"675\" \/>\n\t<meta property=\"og:image:type\" content=\"image\/jpeg\" \/>\n<meta name=\"author\" content=\"Noticieros Televisa\" \/>\n<meta name=\"twitter:card\" content=\"summary_large_image\" \/>\n<meta name=\"twitter:creator\" content=\"@fidedignas\" \/>\n<meta name=\"twitter:site\" content=\"@fidedignas\" \/>\n<meta name=\"twitter:label1\" content=\"Escrito por\" \/>\n\t<meta name=\"twitter:data1\" content=\"Noticieros Televisa\" \/>\n\t<meta name=\"twitter:label2\" content=\"Tiempo de lectura\" \/>\n\t<meta name=\"twitter:data2\" content=\"2 minutos\" \/>\n<script type=\"application\/ld+json\" class=\"yoast-schema-graph\">{\"@context\":\"https:\\\/\\\/schema.org\",\"@graph\":[{\"@type\":\"Article\",\"@id\":\"https:\\\/\\\/fuentesfidedignas.com.mx\\\/index.php\\\/2025\\\/08\\\/02\\\/dios-se-lo-ordeno-detienen-a-presunto-multihomicida-en-tijuana-tras-matar-a-cuatro-persona\\\/#article\",\"isPartOf\":{\"@id\":\"https:\\\/\\\/fuentesfidedignas.com.mx\\\/index.php\\\/2025\\\/08\\\/02\\\/dios-se-lo-ordeno-detienen-a-presunto-multihomicida-en-tijuana-tras-matar-a-cuatro-persona\\\/\"},\"author\":{\"name\":\"Noticieros Televisa\",\"@id\":\"https:\\\/\\\/fuentesfidedignas.com.mx\\\/#\\\/schema\\\/person\\\/f030e42657a5a464a8bbd891b1aab6ee\"},\"headline\":\"\u201cDios se lo orden\u00f3\u201d: Detienen a multihomicida en Tijuana tras matar a cuatro personas\",\"datePublished\":\"2025-08-02T20:44:03+00:00\",\"dateModified\":\"2025-08-02T20:46:44+00:00\",\"mainEntityOfPage\":{\"@id\":\"https:\\\/\\\/fuentesfidedignas.com.mx\\\/index.php\\\/2025\\\/08\\\/02\\\/dios-se-lo-ordeno-detienen-a-presunto-multihomicida-en-tijuana-tras-matar-a-cuatro-persona\\\/\"},\"wordCount\":436,\"publisher\":{\"@id\":\"https:\\\/\\\/fuentesfidedignas.com.mx\\\/#organization\"},\"image\":{\"@id\":\"https:\\\/\\\/fuentesfidedignas.com.mx\\\/index.php\\\/2025\\\/08\\\/02\\\/dios-se-lo-ordeno-detienen-a-presunto-multihomicida-en-tijuana-tras-matar-a-cuatro-persona\\\/#primaryimage\"},\"thumbnailUrl\":\"https:\\\/\\\/fuentesfidedignas.com.mx\\\/wp-content\\\/uploads\\\/2025\\\/08\\\/img_4159.jpg\",\"articleSection\":[\"NOTICIAS NACIONALES\"],\"inLanguage\":\"es\"},{\"@type\":\"WebPage\",\"@id\":\"https:\\\/\\\/fuentesfidedignas.com.mx\\\/index.php\\\/2025\\\/08\\\/02\\\/dios-se-lo-ordeno-detienen-a-presunto-multihomicida-en-tijuana-tras-matar-a-cuatro-persona\\\/\",\"url\":\"https:\\\/\\\/fuentesfidedignas.com.mx\\\/index.php\\\/2025\\\/08\\\/02\\\/dios-se-lo-ordeno-detienen-a-presunto-multihomicida-en-tijuana-tras-matar-a-cuatro-persona\\\/\",\"name\":\"\u201cDios se lo orden\u00f3\u201d: Detienen a multihomicida en Tijuana tras matar a cuatro personas - Fuentes Fidedignas\",\"isPartOf\":{\"@id\":\"https:\\\/\\\/fuentesfidedignas.com.mx\\\/#website\"},\"primaryImageOfPage\":{\"@id\":\"https:\\\/\\\/fuentesfidedignas.com.mx\\\/index.php\\\/2025\\\/08\\\/02\\\/dios-se-lo-ordeno-detienen-a-presunto-multihomicida-en-tijuana-tras-matar-a-cuatro-persona\\\/#primaryimage\"},\"image\":{\"@id\":\"https:\\\/\\\/fuentesfidedignas.com.mx\\\/index.php\\\/2025\\\/08\\\/02\\\/dios-se-lo-ordeno-detienen-a-presunto-multihomicida-en-tijuana-tras-matar-a-cuatro-persona\\\/#primaryimage\"},\"thumbnailUrl\":\"https:\\\/\\\/fuentesfidedignas.com.mx\\\/wp-content\\\/uploads\\\/2025\\\/08\\\/img_4159.jpg\",\"datePublished\":\"2025-08-02T20:44:03+00:00\",\"dateModified\":\"2025-08-02T20:46:44+00:00\",\"breadcrumb\":{\"@id\":\"https:\\\/\\\/fuentesfidedignas.com.mx\\\/index.php\\\/2025\\\/08\\\/02\\\/dios-se-lo-ordeno-detienen-a-presunto-multihomicida-en-tijuana-tras-matar-a-cuatro-persona\\\/#breadcrumb\"},\"inLanguage\":\"es\",\"potentialAction\":[{\"@type\":\"ReadAction\",\"target\":[\"https:\\\/\\\/fuentesfidedignas.com.mx\\\/index.php\\\/2025\\\/08\\\/02\\\/dios-se-lo-ordeno-detienen-a-presunto-multihomicida-en-tijuana-tras-matar-a-cuatro-persona\\\/\"]}]},{\"@type\":\"ImageObject\",\"inLanguage\":\"es\",\"@id\":\"https:\\\/\\\/fuentesfidedignas.com.mx\\\/index.php\\\/2025\\\/08\\\/02\\\/dios-se-lo-ordeno-detienen-a-presunto-multihomicida-en-tijuana-tras-matar-a-cuatro-persona\\\/#primaryimage\",\"url\":\"https:\\\/\\\/fuentesfidedignas.com.mx\\\/wp-content\\\/uploads\\\/2025\\\/08\\\/img_4159.jpg\",\"contentUrl\":\"https:\\\/\\\/fuentesfidedignas.com.mx\\\/wp-content\\\/uploads\\\/2025\\\/08\\\/img_4159.jpg\",\"width\":1200,\"height\":675},{\"@type\":\"BreadcrumbList\",\"@id\":\"https:\\\/\\\/fuentesfidedignas.com.mx\\\/index.php\\\/2025\\\/08\\\/02\\\/dios-se-lo-ordeno-detienen-a-presunto-multihomicida-en-tijuana-tras-matar-a-cuatro-persona\\\/#breadcrumb\",\"itemListElement\":[{\"@type\":\"ListItem\",\"position\":1,\"name\":\"Inicio\",\"item\":\"https:\\\/\\\/fuentesfidedignas.com.mx\\\/\"},{\"@type\":\"ListItem\",\"position\":2,\"name\":\"\u201cDios se lo orden\u00f3\u201d: Detienen a multihomicida en Tijuana tras matar a cuatro personas\"}]},{\"@type\":\"WebSite\",\"@id\":\"https:\\\/\\\/fuentesfidedignas.com.mx\\\/#website\",\"url\":\"https:\\\/\\\/fuentesfidedignas.com.mx\\\/\",\"name\":\"Fuentes Fidedignas\",\"description\":\"Otro sitio realizado con WordPress\",\"publisher\":{\"@id\":\"https:\\\/\\\/fuentesfidedignas.com.mx\\\/#organization\"},\"potentialAction\":[{\"@type\":\"SearchAction\",\"target\":{\"@type\":\"EntryPoint\",\"urlTemplate\":\"https:\\\/\\\/fuentesfidedignas.com.mx\\\/?s={search_term_string}\"},\"query-input\":{\"@type\":\"PropertyValueSpecification\",\"valueRequired\":true,\"valueName\":\"search_term_string\"}}],\"inLanguage\":\"es\"},{\"@type\":\"Organization\",\"@id\":\"https:\\\/\\\/fuentesfidedignas.com.mx\\\/#organization\",\"name\":\"Fuentes Fidedignas\",\"url\":\"https:\\\/\\\/fuentesfidedignas.com.mx\\\/\",\"logo\":{\"@type\":\"ImageObject\",\"inLanguage\":\"es\",\"@id\":\"https:\\\/\\\/fuentesfidedignas.com.mx\\\/#\\\/schema\\\/logo\\\/image\\\/\",\"url\":\"https:\\\/\\\/fuentesfidedignas.com.mx\\\/wp-content\\\/uploads\\\/2021\\\/04\\\/logo-retina.png\",\"contentUrl\":\"https:\\\/\\\/fuentesfidedignas.com.mx\\\/wp-content\\\/uploads\\\/2021\\\/04\\\/logo-retina.png\",\"width\":280,\"height\":51,\"caption\":\"Fuentes Fidedignas\"},\"image\":{\"@id\":\"https:\\\/\\\/fuentesfidedignas.com.mx\\\/#\\\/schema\\\/logo\\\/image\\\/\"},\"sameAs\":[\"https:\\\/\\\/www.facebook.com\\\/Fuentes-Fidedignas-368234489921644\",\"https:\\\/\\\/x.com\\\/fidedignas\"]},{\"@type\":\"Person\",\"@id\":\"https:\\\/\\\/fuentesfidedignas.com.mx\\\/#\\\/schema\\\/person\\\/f030e42657a5a464a8bbd891b1aab6ee\",\"name\":\"Noticieros Televisa\",\"image\":{\"@type\":\"ImageObject\",\"inLanguage\":\"es\",\"@id\":\"https:\\\/\\\/secure.gravatar.com\\\/avatar\\\/0e47b9e785a628831b8fd9eaf15e090e106760a879abbd4a3306f128ef5d43a9?s=96&d=mm&r=g\",\"url\":\"https:\\\/\\\/secure.gravatar.com\\\/avatar\\\/0e47b9e785a628831b8fd9eaf15e090e106760a879abbd4a3306f128ef5d43a9?s=96&d=mm&r=g\",\"contentUrl\":\"https:\\\/\\\/secure.gravatar.com\\\/avatar\\\/0e47b9e785a628831b8fd9eaf15e090e106760a879abbd4a3306f128ef5d43a9?s=96&d=mm&r=g\",\"caption\":\"Noticieros Televisa\"},\"url\":\"https:\\\/\\\/fuentesfidedignas.com.mx\\\/index.php\\\/author\\\/noticieros-televisa\\\/\"}]}<\/script>\n<!-- \/ Yoast SEO plugin. -->","yoast_head_json":{"title":"\u201cDios se lo orden\u00f3\u201d: Detienen a multihomicida en Tijuana tras matar a cuatro personas - Fuentes Fidedignas","robots":{"index":"index","follow":"follow","max-snippet":"max-snippet:-1","max-image-preview":"max-image-preview:large","max-video-preview":"max-video-preview:-1"},"canonical":"https:\/\/fuentesfidedignas.com.mx\/index.php\/2025\/08\/02\/dios-se-lo-ordeno-detienen-a-presunto-multihomicida-en-tijuana-tras-matar-a-cuatro-persona\/","og_locale":"es_MX","og_type":"article","og_title":"\u201cDios se lo orden\u00f3\u201d: Detienen a multihomicida en Tijuana tras matar a cuatro personas - Fuentes Fidedignas","og_description":"Un&nbsp;ataque armado&nbsp;registrado la ma\u00f1ana de este s\u00e1bado en la&nbsp;colonia Anexa Providencia&nbsp;dej\u00f3 un saldo de cuatro personas&nbsp;muertas&nbsp;y una m\u00e1s&nbsp;lesionada, presuntamente a manos de un hombre que, seg\u00fan testigos, actu\u00f3 bajo los efectos desustancias prohibidas. Gracias a un operativo conjunto entre elementos de la&nbsp;Polic\u00eda Municipal de Tijuana&nbsp;y de la&nbsp;Fuerza Estatal de Seguridad Ciudadana&nbsp;(FESC), el presunto responsable fue&nbsp;capturado&nbsp;tras&nbsp;atrincherarse&nbsp;en [&hellip;]","og_url":"https:\/\/fuentesfidedignas.com.mx\/index.php\/2025\/08\/02\/dios-se-lo-ordeno-detienen-a-presunto-multihomicida-en-tijuana-tras-matar-a-cuatro-persona\/","og_site_name":"Fuentes Fidedignas","article_publisher":"https:\/\/www.facebook.com\/Fuentes-Fidedignas-368234489921644","article_published_time":"2025-08-02T20:44:03+00:00","article_modified_time":"2025-08-02T20:46:44+00:00","og_image":[{"width":1200,"height":675,"url":"https:\/\/fuentesfidedignas.com.mx\/wp-content\/uploads\/2025\/08\/img_4159.jpg","type":"image\/jpeg"}],"author":"Noticieros Televisa","twitter_card":"summary_large_image","twitter_creator":"@fidedignas","twitter_site":"@fidedignas","twitter_misc":{"Escrito por":"Noticieros Televisa","Tiempo de lectura":"2 minutos"},"schema":{"@context":"https:\/\/schema.org","@graph":[{"@type":"Article","@id":"https:\/\/fuentesfidedignas.com.mx\/index.php\/2025\/08\/02\/dios-se-lo-ordeno-detienen-a-presunto-multihomicida-en-tijuana-tras-matar-a-cuatro-persona\/#article","isPartOf":{"@id":"https:\/\/fuentesfidedignas.com.mx\/index.php\/2025\/08\/02\/dios-se-lo-ordeno-detienen-a-presunto-multihomicida-en-tijuana-tras-matar-a-cuatro-persona\/"},"author":{"name":"Noticieros Televisa","@id":"https:\/\/fuentesfidedignas.com.mx\/#\/schema\/person\/f030e42657a5a464a8bbd891b1aab6ee"},"headline":"\u201cDios se lo orden\u00f3\u201d: Detienen a multihomicida en Tijuana tras matar a cuatro personas","datePublished":"2025-08-02T20:44:03+00:00","dateModified":"2025-08-02T20:46:44+00:00","mainEntityOfPage":{"@id":"https:\/\/fuentesfidedignas.com.mx\/index.php\/2025\/08\/02\/dios-se-lo-ordeno-detienen-a-presunto-multihomicida-en-tijuana-tras-matar-a-cuatro-persona\/"},"wordCount":436,"publisher":{"@id":"https:\/\/fuentesfidedignas.com.mx\/#organization"},"image":{"@id":"https:\/\/fuentesfidedignas.com.mx\/index.php\/2025\/08\/02\/dios-se-lo-ordeno-detienen-a-presunto-multihomicida-en-tijuana-tras-matar-a-cuatro-persona\/#primaryimage"},"thumbnailUrl":"https:\/\/fuentesfidedignas.com.mx\/wp-content\/uploads\/2025\/08\/img_4159.jpg","articleSection":["NOTICIAS NACIONALES"],"inLanguage":"es"},{"@type":"WebPage","@id":"https:\/\/fuentesfidedignas.com.mx\/index.php\/2025\/08\/02\/dios-se-lo-ordeno-detienen-a-presunto-multihomicida-en-tijuana-tras-matar-a-cuatro-persona\/","url":"https:\/\/fuentesfidedignas.com.mx\/index.php\/2025\/08\/02\/dios-se-lo-ordeno-detienen-a-presunto-multihomicida-en-tijuana-tras-matar-a-cuatro-persona\/","name":"\u201cDios se lo orden\u00f3\u201d: Detienen a multihomicida en Tijuana tras matar a cuatro personas - Fuentes Fidedignas","isPartOf":{"@id":"https:\/\/fuentesfidedignas.com.mx\/#website"},"primaryImageOfPage":{"@id":"https:\/\/fuentesfidedignas.com.mx\/index.php\/2025\/08\/02\/dios-se-lo-ordeno-detienen-a-presunto-multihomicida-en-tijuana-tras-matar-a-cuatro-persona\/#primaryimage"},"image":{"@id":"https:\/\/fuentesfidedignas.com.mx\/index.php\/2025\/08\/02\/dios-se-lo-ordeno-detienen-a-presunto-multihomicida-en-tijuana-tras-matar-a-cuatro-persona\/#primaryimage"},"thumbnailUrl":"https:\/\/fuentesfidedignas.com.mx\/wp-content\/uploads\/2025\/08\/img_4159.jpg","datePublished":"2025-08-02T20:44:03+00:00","dateModified":"2025-08-02T20:46:44+00:00","breadcrumb":{"@id":"https:\/\/fuentesfidedignas.com.mx\/index.php\/2025\/08\/02\/dios-se-lo-ordeno-detienen-a-presunto-multihomicida-en-tijuana-tras-matar-a-cuatro-persona\/#breadcrumb"},"inLanguage":"es","potentialAction":[{"@type":"ReadAction","target":["https:\/\/fuentesfidedignas.com.mx\/index.php\/2025\/08\/02\/dios-se-lo-ordeno-detienen-a-presunto-multihomicida-en-tijuana-tras-matar-a-cuatro-persona\/"]}]},{"@type":"ImageObject","inLanguage":"es","@id":"https:\/\/fuentesfidedignas.com.mx\/index.php\/2025\/08\/02\/dios-se-lo-ordeno-detienen-a-presunto-multihomicida-en-tijuana-tras-matar-a-cuatro-persona\/#primaryimage","url":"https:\/\/fuentesfidedignas.com.mx\/wp-content\/uploads\/2025\/08\/img_4159.jpg","contentUrl":"https:\/\/fuentesfidedignas.com.mx\/wp-content\/uploads\/2025\/08\/img_4159.jpg","width":1200,"height":675},{"@type":"BreadcrumbList","@id":"https:\/\/fuentesfidedignas.com.mx\/index.php\/2025\/08\/02\/dios-se-lo-ordeno-detienen-a-presunto-multihomicida-en-tijuana-tras-matar-a-cuatro-persona\/#breadcrumb","itemListElement":[{"@type":"ListItem","position":1,"name":"Inicio","item":"https:\/\/fuentesfidedignas.com.mx\/"},{"@type":"ListItem","position":2,"name":"\u201cDios se lo orden\u00f3\u201d: Detienen a multihomicida en Tijuana tras matar a cuatro personas"}]},{"@type":"WebSite","@id":"https:\/\/fuentesfidedignas.com.mx\/#website","url":"https:\/\/fuentesfidedignas.com.mx\/","name":"Fuentes Fidedignas","description":"Otro sitio realizado con WordPress","publisher":{"@id":"https:\/\/fuentesfidedignas.com.mx\/#organization"},"potentialAction":[{"@type":"SearchAction","target":{"@type":"EntryPoint","urlTemplate":"https:\/\/fuentesfidedignas.com.mx\/?s={search_term_string}"},"query-input":{"@type":"PropertyValueSpecification","valueRequired":true,"valueName":"search_term_string"}}],"inLanguage":"es"},{"@type":"Organization","@id":"https:\/\/fuentesfidedignas.com.mx\/#organization","name":"Fuentes Fidedignas","url":"https:\/\/fuentesfidedignas.com.mx\/","logo":{"@type":"ImageObject","inLanguage":"es","@id":"https:\/\/fuentesfidedignas.com.mx\/#\/schema\/logo\/image\/","url":"https:\/\/fuentesfidedignas.com.mx\/wp-content\/uploads\/2021\/04\/logo-retina.png","contentUrl":"https:\/\/fuentesfidedignas.com.mx\/wp-content\/uploads\/2021\/04\/logo-retina.png","width":280,"height":51,"caption":"Fuentes Fidedignas"},"image":{"@id":"https:\/\/fuentesfidedignas.com.mx\/#\/schema\/logo\/image\/"},"sameAs":["https:\/\/www.facebook.com\/Fuentes-Fidedignas-368234489921644","https:\/\/x.com\/fidedignas"]},{"@type":"Person","@id":"https:\/\/fuentesfidedignas.com.mx\/#\/schema\/person\/f030e42657a5a464a8bbd891b1aab6ee","name":"Noticieros Televisa","image":{"@type":"ImageObject","inLanguage":"es","@id":"https:\/\/secure.gravatar.com\/avatar\/0e47b9e785a628831b8fd9eaf15e090e106760a879abbd4a3306f128ef5d43a9?s=96&d=mm&r=g","url":"https:\/\/secure.gravatar.com\/avatar\/0e47b9e785a628831b8fd9eaf15e090e106760a879abbd4a3306f128ef5d43a9?s=96&d=mm&r=g","contentUrl":"https:\/\/secure.gravatar.com\/avatar\/0e47b9e785a628831b8fd9eaf15e090e106760a879abbd4a3306f128ef5d43a9?s=96&d=mm&r=g","caption":"Noticieros Televisa"},"url":"https:\/\/fuentesfidedignas.com.mx\/index.php\/author\/noticieros-televisa\/"}]}},"_links":{"self":[{"href":"https:\/\/fuentesfidedignas.com.mx\/index.php\/wp-json\/wp\/v2\/posts\/114178","targetHints":{"allow":["GET"]}}],"collection":[{"href":"https:\/\/fuentesfidedignas.com.mx\/index.php\/wp-json\/wp\/v2\/posts"}],"about":[{"href":"https:\/\/fuentesfidedignas.com.mx\/index.php\/wp-json\/wp\/v2\/types\/post"}],"author":[{"embeddable":true,"href":"https:\/\/fuentesfidedignas.com.mx\/index.php\/wp-json\/wp\/v2\/users\/46"}],"replies":[{"embeddable":true,"href":"https:\/\/fuentesfidedignas.com.mx\/index.php\/wp-json\/wp\/v2\/comments?post=114178"}],"version-history":[{"count":2,"href":"https:\/\/fuentesfidedignas.com.mx\/index.php\/wp-json\/wp\/v2\/posts\/114178\/revisions"}],"predecessor-version":[{"id":114180,"href":"https:\/\/fuentesfidedignas.com.mx\/index.php\/wp-json\/wp\/v2\/posts\/114178\/revisions\/114180"}],"wp:featuredmedia":[{"embeddable":true,"href":"https:\/\/fuentesfidedignas.com.mx\/index.php\/wp-json\/wp\/v2\/media\/114177"}],"wp:attachment":[{"href":"https:\/\/fuentesfidedignas.com.mx\/index.php\/wp-json\/wp\/v2\/media?parent=114178"}],"wp:term":[{"taxonomy":"category","embeddable":true,"href":"https:\/\/fuentesfidedignas.com.mx\/index.php\/wp-json\/wp\/v2\/categories?post=114178"},{"taxonomy":"post_tag","embeddable":true,"href":"https:\/\/fuentesfidedignas.com.mx\/index.php\/wp-json\/wp\/v2\/tags?post=114178"}],"curies":[{"name":"wp","href":"https:\/\/api.w.org\/{rel}","templated":true}]}}