{"id":114166,"date":"2025-08-02T10:26:59","date_gmt":"2025-08-02T17:26:59","guid":{"rendered":"https:\/\/fuentesfidedignas.com.mx\/?p=114166"},"modified":"2025-08-02T10:26:59","modified_gmt":"2025-08-02T17:26:59","slug":"gil-se-degrada-a-tormenta-tropical","status":"publish","type":"post","link":"https:\/\/fuentesfidedignas.com.mx\/index.php\/2025\/08\/02\/gil-se-degrada-a-tormenta-tropical\/","title":{"rendered":"\u2018Gil\u2019 se degrada a tormenta tropical"},"content":{"rendered":"\n<p><\/p>\n\n\n\n<p><strong><em>\u2018Gil\u2019 contin\u00faa su trayecto como tormenta tropical en el Pac\u00edfico. Las autoridades piden mantenerse informados aunque no hay alertas activas<\/em><\/strong><\/p>\n\n\n\n<p>La Comisi\u00f3n Nacional del Agua (Conagua) inform\u00f3 que \u2018Gil\u2019 contin\u00faa su trayectoria como tormenta tropical sobre el oc\u00e9ano Pac\u00edfico, ubicado a m\u00e1s de 2 mil kil\u00f3metros al suroeste de Baja California Sur.<\/p>\n\n\n\n<p>La instituci\u00f3n se\u00f1ala que la trayectoria de este&nbsp;<strong>sistema cicl\u00f3nico<\/strong>&nbsp;no representa peligro para el territorio nacional, ya que se desplaza hacia el oeste-noroeste, alej\u00e1ndose de las costas mexicanas.<\/p>\n\n\n\n<figure class=\"wp-block-embed is-provider-twitter wp-block-embed-twitter\"><div class=\"wp-block-embed__wrapper\">\n<blockquote class=\"twitter-tweet\" data-width=\"550\" data-dnt=\"true\"><p lang=\"es\" dir=\"ltr\"><a href=\"https:\/\/twitter.com\/hashtag\/Gil?src=hash&amp;ref_src=twsrc%5Etfw\">#Gil<\/a> se desplaza ahora como <a href=\"https:\/\/twitter.com\/hashtag\/TormentaTropical?src=hash&amp;ref_src=twsrc%5Etfw\">#TormentaTropical<\/a> sobre el oc\u00e9ano <a href=\"https:\/\/twitter.com\/hashtag\/Pac%C3%ADfico?src=hash&amp;ref_src=twsrc%5Etfw\">#Pac\u00edfico<\/a>. Se localiza a m\u00e1s de 2 mil km de <a href=\"https:\/\/twitter.com\/hashtag\/BajaCaliforniaSur?src=hash&amp;ref_src=twsrc%5Etfw\">#BajaCaliforniaSur<\/a>. Seguir\u00e1 su desplazamiento hacia el oreste-noroeste sin causar efectos en nuestro pa\u00eds <a href=\"https:\/\/t.co\/G5HZ7o3Xo9\">pic.twitter.com\/G5HZ7o3Xo9<\/a><\/p>&mdash; CONAGUA Clima (@conagua_clima) <a href=\"https:\/\/twitter.com\/conagua_clima\/status\/1951663207375941679?ref_src=twsrc%5Etfw\">August 2, 2025<\/a><\/blockquote><script async src=\"https:\/\/platform.twitter.com\/widgets.js\" charset=\"utf-8\"><\/script>\n<\/div><\/figure>\n\n\n\n<h2 class=\"wp-block-heading\">Otras zonas en vigilancia<\/h2>\n\n\n\n<p>La&nbsp;<strong>Conagua<\/strong>&nbsp;tambi\u00e9n vigila una zona de baja presi\u00f3n en el&nbsp;<strong>Pac\u00edfico,<\/strong>&nbsp;ubicada a 515 km al sur de L\u00e1zaro C\u00e1rdenas,&nbsp;<strong>Michoac\u00e1n.<\/strong>&nbsp;Tiene un 30 % de probabilidad de&nbsp;<strong>desarrollo cicl\u00f3nico<\/strong>&nbsp;en 48 horas y 80 % en siete d\u00edas. Se desplaza hacia el oeste-noroeste a una velocidad de entre 16 y 24 km\/h, y podr\u00eda convertirse en&nbsp;<strong>cicl\u00f3n tropical<\/strong>&nbsp;en los pr\u00f3ximos d\u00edas.<\/p>\n","protected":false},"excerpt":{"rendered":"<p>\u2018Gil\u2019 contin\u00faa su trayecto como tormenta tropical en el Pac\u00edfico. Las autoridades piden mantenerse informados aunque no hay alertas activas La Comisi\u00f3n Nacional del Agua (Conagua) inform\u00f3 que \u2018Gil\u2019 contin\u00faa su trayectoria como tormenta tropical sobre el oc\u00e9ano Pac\u00edfico, ubicado a m\u00e1s de 2 mil kil\u00f3metros al suroeste de Baja California Sur. La instituci\u00f3n se\u00f1ala [&hellip;]<\/p>\n","protected":false},"author":47,"featured_media":114165,"comment_status":"closed","ping_status":"open","sticky":false,"template":"","format":"standard","meta":{"tdm_status":"","tdm_grid_status":"","footnotes":""},"categories":[39],"tags":[],"class_list":{"0":"post-114166","1":"post","2":"type-post","3":"status-publish","4":"format-standard","5":"has-post-thumbnail","7":"category-noticias-nacionales"},"yoast_head":"<!-- This site is optimized with the Yoast SEO plugin v27.4 - https:\/\/yoast.com\/product\/yoast-seo-wordpress\/ -->\n<title>\u2018Gil\u2019 se degrada a tormenta tropical - Fuentes Fidedignas<\/title>\n<meta name=\"robots\" content=\"index, follow, max-snippet:-1, max-image-preview:large, max-video-preview:-1\" \/>\n<link rel=\"canonical\" href=\"https:\/\/fuentesfidedignas.com.mx\/index.php\/2025\/08\/02\/gil-se-degrada-a-tormenta-tropical\/\" \/>\n<meta property=\"og:locale\" content=\"es_MX\" \/>\n<meta property=\"og:type\" content=\"article\" \/>\n<meta property=\"og:title\" content=\"\u2018Gil\u2019 se degrada a tormenta tropical - Fuentes Fidedignas\" \/>\n<meta property=\"og:description\" content=\"\u2018Gil\u2019 contin\u00faa su trayecto como tormenta tropical en el Pac\u00edfico. Las autoridades piden mantenerse informados aunque no hay alertas activas La Comisi\u00f3n Nacional del Agua (Conagua) inform\u00f3 que \u2018Gil\u2019 contin\u00faa su trayectoria como tormenta tropical sobre el oc\u00e9ano Pac\u00edfico, ubicado a m\u00e1s de 2 mil kil\u00f3metros al suroeste de Baja California Sur. La instituci\u00f3n se\u00f1ala [&hellip;]\" \/>\n<meta property=\"og:url\" content=\"https:\/\/fuentesfidedignas.com.mx\/index.php\/2025\/08\/02\/gil-se-degrada-a-tormenta-tropical\/\" \/>\n<meta property=\"og:site_name\" content=\"Fuentes Fidedignas\" \/>\n<meta property=\"article:publisher\" content=\"https:\/\/www.facebook.com\/Fuentes-Fidedignas-368234489921644\" \/>\n<meta property=\"article:published_time\" content=\"2025-08-02T17:26:59+00:00\" \/>\n<meta property=\"og:image\" content=\"https:\/\/fuentesfidedignas.com.mx\/wp-content\/uploads\/2025\/08\/img_4148.jpg\" \/>\n\t<meta property=\"og:image:width\" content=\"1536\" \/>\n\t<meta property=\"og:image:height\" content=\"864\" \/>\n\t<meta property=\"og:image:type\" content=\"image\/jpeg\" \/>\n<meta name=\"author\" content=\"L\u00f3pez D\u00f3riga\" \/>\n<meta name=\"twitter:card\" content=\"summary_large_image\" \/>\n<meta name=\"twitter:creator\" content=\"@fidedignas\" \/>\n<meta name=\"twitter:site\" content=\"@fidedignas\" \/>\n<meta name=\"twitter:label1\" content=\"Escrito por\" \/>\n\t<meta name=\"twitter:data1\" content=\"L\u00f3pez D\u00f3riga\" \/>\n\t<meta name=\"twitter:label2\" content=\"Tiempo de lectura\" \/>\n\t<meta name=\"twitter:data2\" content=\"1 minuto\" \/>\n<script type=\"application\/ld+json\" class=\"yoast-schema-graph\">{\"@context\":\"https:\\\/\\\/schema.org\",\"@graph\":[{\"@type\":\"Article\",\"@id\":\"https:\\\/\\\/fuentesfidedignas.com.mx\\\/index.php\\\/2025\\\/08\\\/02\\\/gil-se-degrada-a-tormenta-tropical\\\/#article\",\"isPartOf\":{\"@id\":\"https:\\\/\\\/fuentesfidedignas.com.mx\\\/index.php\\\/2025\\\/08\\\/02\\\/gil-se-degrada-a-tormenta-tropical\\\/\"},\"author\":{\"name\":\"L\u00f3pez D\u00f3riga\",\"@id\":\"https:\\\/\\\/fuentesfidedignas.com.mx\\\/#\\\/schema\\\/person\\\/67d852f0557c8509146a4b9ddebd543a\"},\"headline\":\"\u2018Gil\u2019 se degrada a tormenta tropical\",\"datePublished\":\"2025-08-02T17:26:59+00:00\",\"mainEntityOfPage\":{\"@id\":\"https:\\\/\\\/fuentesfidedignas.com.mx\\\/index.php\\\/2025\\\/08\\\/02\\\/gil-se-degrada-a-tormenta-tropical\\\/\"},\"wordCount\":226,\"publisher\":{\"@id\":\"https:\\\/\\\/fuentesfidedignas.com.mx\\\/#organization\"},\"image\":{\"@id\":\"https:\\\/\\\/fuentesfidedignas.com.mx\\\/index.php\\\/2025\\\/08\\\/02\\\/gil-se-degrada-a-tormenta-tropical\\\/#primaryimage\"},\"thumbnailUrl\":\"https:\\\/\\\/fuentesfidedignas.com.mx\\\/wp-content\\\/uploads\\\/2025\\\/08\\\/img_4148.jpg\",\"articleSection\":[\"NOTICIAS NACIONALES\"],\"inLanguage\":\"es\"},{\"@type\":\"WebPage\",\"@id\":\"https:\\\/\\\/fuentesfidedignas.com.mx\\\/index.php\\\/2025\\\/08\\\/02\\\/gil-se-degrada-a-tormenta-tropical\\\/\",\"url\":\"https:\\\/\\\/fuentesfidedignas.com.mx\\\/index.php\\\/2025\\\/08\\\/02\\\/gil-se-degrada-a-tormenta-tropical\\\/\",\"name\":\"\u2018Gil\u2019 se degrada a tormenta tropical - Fuentes Fidedignas\",\"isPartOf\":{\"@id\":\"https:\\\/\\\/fuentesfidedignas.com.mx\\\/#website\"},\"primaryImageOfPage\":{\"@id\":\"https:\\\/\\\/fuentesfidedignas.com.mx\\\/index.php\\\/2025\\\/08\\\/02\\\/gil-se-degrada-a-tormenta-tropical\\\/#primaryimage\"},\"image\":{\"@id\":\"https:\\\/\\\/fuentesfidedignas.com.mx\\\/index.php\\\/2025\\\/08\\\/02\\\/gil-se-degrada-a-tormenta-tropical\\\/#primaryimage\"},\"thumbnailUrl\":\"https:\\\/\\\/fuentesfidedignas.com.mx\\\/wp-content\\\/uploads\\\/2025\\\/08\\\/img_4148.jpg\",\"datePublished\":\"2025-08-02T17:26:59+00:00\",\"breadcrumb\":{\"@id\":\"https:\\\/\\\/fuentesfidedignas.com.mx\\\/index.php\\\/2025\\\/08\\\/02\\\/gil-se-degrada-a-tormenta-tropical\\\/#breadcrumb\"},\"inLanguage\":\"es\",\"potentialAction\":[{\"@type\":\"ReadAction\",\"target\":[\"https:\\\/\\\/fuentesfidedignas.com.mx\\\/index.php\\\/2025\\\/08\\\/02\\\/gil-se-degrada-a-tormenta-tropical\\\/\"]}]},{\"@type\":\"ImageObject\",\"inLanguage\":\"es\",\"@id\":\"https:\\\/\\\/fuentesfidedignas.com.mx\\\/index.php\\\/2025\\\/08\\\/02\\\/gil-se-degrada-a-tormenta-tropical\\\/#primaryimage\",\"url\":\"https:\\\/\\\/fuentesfidedignas.com.mx\\\/wp-content\\\/uploads\\\/2025\\\/08\\\/img_4148.jpg\",\"contentUrl\":\"https:\\\/\\\/fuentesfidedignas.com.mx\\\/wp-content\\\/uploads\\\/2025\\\/08\\\/img_4148.jpg\",\"width\":1536,\"height\":864},{\"@type\":\"BreadcrumbList\",\"@id\":\"https:\\\/\\\/fuentesfidedignas.com.mx\\\/index.php\\\/2025\\\/08\\\/02\\\/gil-se-degrada-a-tormenta-tropical\\\/#breadcrumb\",\"itemListElement\":[{\"@type\":\"ListItem\",\"position\":1,\"name\":\"Inicio\",\"item\":\"https:\\\/\\\/fuentesfidedignas.com.mx\\\/\"},{\"@type\":\"ListItem\",\"position\":2,\"name\":\"\u2018Gil\u2019 se degrada a tormenta tropical\"}]},{\"@type\":\"WebSite\",\"@id\":\"https:\\\/\\\/fuentesfidedignas.com.mx\\\/#website\",\"url\":\"https:\\\/\\\/fuentesfidedignas.com.mx\\\/\",\"name\":\"Fuentes Fidedignas\",\"description\":\"Otro sitio realizado con WordPress\",\"publisher\":{\"@id\":\"https:\\\/\\\/fuentesfidedignas.com.mx\\\/#organization\"},\"potentialAction\":[{\"@type\":\"SearchAction\",\"target\":{\"@type\":\"EntryPoint\",\"urlTemplate\":\"https:\\\/\\\/fuentesfidedignas.com.mx\\\/?s={search_term_string}\"},\"query-input\":{\"@type\":\"PropertyValueSpecification\",\"valueRequired\":true,\"valueName\":\"search_term_string\"}}],\"inLanguage\":\"es\"},{\"@type\":\"Organization\",\"@id\":\"https:\\\/\\\/fuentesfidedignas.com.mx\\\/#organization\",\"name\":\"Fuentes Fidedignas\",\"url\":\"https:\\\/\\\/fuentesfidedignas.com.mx\\\/\",\"logo\":{\"@type\":\"ImageObject\",\"inLanguage\":\"es\",\"@id\":\"https:\\\/\\\/fuentesfidedignas.com.mx\\\/#\\\/schema\\\/logo\\\/image\\\/\",\"url\":\"https:\\\/\\\/fuentesfidedignas.com.mx\\\/wp-content\\\/uploads\\\/2021\\\/04\\\/logo-retina.png\",\"contentUrl\":\"https:\\\/\\\/fuentesfidedignas.com.mx\\\/wp-content\\\/uploads\\\/2021\\\/04\\\/logo-retina.png\",\"width\":280,\"height\":51,\"caption\":\"Fuentes Fidedignas\"},\"image\":{\"@id\":\"https:\\\/\\\/fuentesfidedignas.com.mx\\\/#\\\/schema\\\/logo\\\/image\\\/\"},\"sameAs\":[\"https:\\\/\\\/www.facebook.com\\\/Fuentes-Fidedignas-368234489921644\",\"https:\\\/\\\/x.com\\\/fidedignas\"]},{\"@type\":\"Person\",\"@id\":\"https:\\\/\\\/fuentesfidedignas.com.mx\\\/#\\\/schema\\\/person\\\/67d852f0557c8509146a4b9ddebd543a\",\"name\":\"L\u00f3pez D\u00f3riga\",\"image\":{\"@type\":\"ImageObject\",\"inLanguage\":\"es\",\"@id\":\"https:\\\/\\\/secure.gravatar.com\\\/avatar\\\/e525b06574ca18b33cded59dfe5778d6c823b9513154eff47da551b0551bdd1e?s=96&d=mm&r=g\",\"url\":\"https:\\\/\\\/secure.gravatar.com\\\/avatar\\\/e525b06574ca18b33cded59dfe5778d6c823b9513154eff47da551b0551bdd1e?s=96&d=mm&r=g\",\"contentUrl\":\"https:\\\/\\\/secure.gravatar.com\\\/avatar\\\/e525b06574ca18b33cded59dfe5778d6c823b9513154eff47da551b0551bdd1e?s=96&d=mm&r=g\",\"caption\":\"L\u00f3pez D\u00f3riga\"},\"url\":\"https:\\\/\\\/fuentesfidedignas.com.mx\\\/index.php\\\/author\\\/doriga\\\/\"}]}<\/script>\n<!-- \/ Yoast SEO plugin. -->","yoast_head_json":{"title":"\u2018Gil\u2019 se degrada a tormenta tropical - Fuentes Fidedignas","robots":{"index":"index","follow":"follow","max-snippet":"max-snippet:-1","max-image-preview":"max-image-preview:large","max-video-preview":"max-video-preview:-1"},"canonical":"https:\/\/fuentesfidedignas.com.mx\/index.php\/2025\/08\/02\/gil-se-degrada-a-tormenta-tropical\/","og_locale":"es_MX","og_type":"article","og_title":"\u2018Gil\u2019 se degrada a tormenta tropical - Fuentes Fidedignas","og_description":"\u2018Gil\u2019 contin\u00faa su trayecto como tormenta tropical en el Pac\u00edfico. Las autoridades piden mantenerse informados aunque no hay alertas activas La Comisi\u00f3n Nacional del Agua (Conagua) inform\u00f3 que \u2018Gil\u2019 contin\u00faa su trayectoria como tormenta tropical sobre el oc\u00e9ano Pac\u00edfico, ubicado a m\u00e1s de 2 mil kil\u00f3metros al suroeste de Baja California Sur. La instituci\u00f3n se\u00f1ala [&hellip;]","og_url":"https:\/\/fuentesfidedignas.com.mx\/index.php\/2025\/08\/02\/gil-se-degrada-a-tormenta-tropical\/","og_site_name":"Fuentes Fidedignas","article_publisher":"https:\/\/www.facebook.com\/Fuentes-Fidedignas-368234489921644","article_published_time":"2025-08-02T17:26:59+00:00","og_image":[{"width":1536,"height":864,"url":"https:\/\/fuentesfidedignas.com.mx\/wp-content\/uploads\/2025\/08\/img_4148.jpg","type":"image\/jpeg"}],"author":"L\u00f3pez D\u00f3riga","twitter_card":"summary_large_image","twitter_creator":"@fidedignas","twitter_site":"@fidedignas","twitter_misc":{"Escrito por":"L\u00f3pez D\u00f3riga","Tiempo de lectura":"1 minuto"},"schema":{"@context":"https:\/\/schema.org","@graph":[{"@type":"Article","@id":"https:\/\/fuentesfidedignas.com.mx\/index.php\/2025\/08\/02\/gil-se-degrada-a-tormenta-tropical\/#article","isPartOf":{"@id":"https:\/\/fuentesfidedignas.com.mx\/index.php\/2025\/08\/02\/gil-se-degrada-a-tormenta-tropical\/"},"author":{"name":"L\u00f3pez D\u00f3riga","@id":"https:\/\/fuentesfidedignas.com.mx\/#\/schema\/person\/67d852f0557c8509146a4b9ddebd543a"},"headline":"\u2018Gil\u2019 se degrada a tormenta tropical","datePublished":"2025-08-02T17:26:59+00:00","mainEntityOfPage":{"@id":"https:\/\/fuentesfidedignas.com.mx\/index.php\/2025\/08\/02\/gil-se-degrada-a-tormenta-tropical\/"},"wordCount":226,"publisher":{"@id":"https:\/\/fuentesfidedignas.com.mx\/#organization"},"image":{"@id":"https:\/\/fuentesfidedignas.com.mx\/index.php\/2025\/08\/02\/gil-se-degrada-a-tormenta-tropical\/#primaryimage"},"thumbnailUrl":"https:\/\/fuentesfidedignas.com.mx\/wp-content\/uploads\/2025\/08\/img_4148.jpg","articleSection":["NOTICIAS NACIONALES"],"inLanguage":"es"},{"@type":"WebPage","@id":"https:\/\/fuentesfidedignas.com.mx\/index.php\/2025\/08\/02\/gil-se-degrada-a-tormenta-tropical\/","url":"https:\/\/fuentesfidedignas.com.mx\/index.php\/2025\/08\/02\/gil-se-degrada-a-tormenta-tropical\/","name":"\u2018Gil\u2019 se degrada a tormenta tropical - Fuentes Fidedignas","isPartOf":{"@id":"https:\/\/fuentesfidedignas.com.mx\/#website"},"primaryImageOfPage":{"@id":"https:\/\/fuentesfidedignas.com.mx\/index.php\/2025\/08\/02\/gil-se-degrada-a-tormenta-tropical\/#primaryimage"},"image":{"@id":"https:\/\/fuentesfidedignas.com.mx\/index.php\/2025\/08\/02\/gil-se-degrada-a-tormenta-tropical\/#primaryimage"},"thumbnailUrl":"https:\/\/fuentesfidedignas.com.mx\/wp-content\/uploads\/2025\/08\/img_4148.jpg","datePublished":"2025-08-02T17:26:59+00:00","breadcrumb":{"@id":"https:\/\/fuentesfidedignas.com.mx\/index.php\/2025\/08\/02\/gil-se-degrada-a-tormenta-tropical\/#breadcrumb"},"inLanguage":"es","potentialAction":[{"@type":"ReadAction","target":["https:\/\/fuentesfidedignas.com.mx\/index.php\/2025\/08\/02\/gil-se-degrada-a-tormenta-tropical\/"]}]},{"@type":"ImageObject","inLanguage":"es","@id":"https:\/\/fuentesfidedignas.com.mx\/index.php\/2025\/08\/02\/gil-se-degrada-a-tormenta-tropical\/#primaryimage","url":"https:\/\/fuentesfidedignas.com.mx\/wp-content\/uploads\/2025\/08\/img_4148.jpg","contentUrl":"https:\/\/fuentesfidedignas.com.mx\/wp-content\/uploads\/2025\/08\/img_4148.jpg","width":1536,"height":864},{"@type":"BreadcrumbList","@id":"https:\/\/fuentesfidedignas.com.mx\/index.php\/2025\/08\/02\/gil-se-degrada-a-tormenta-tropical\/#breadcrumb","itemListElement":[{"@type":"ListItem","position":1,"name":"Inicio","item":"https:\/\/fuentesfidedignas.com.mx\/"},{"@type":"ListItem","position":2,"name":"\u2018Gil\u2019 se degrada a tormenta tropical"}]},{"@type":"WebSite","@id":"https:\/\/fuentesfidedignas.com.mx\/#website","url":"https:\/\/fuentesfidedignas.com.mx\/","name":"Fuentes Fidedignas","description":"Otro sitio realizado con WordPress","publisher":{"@id":"https:\/\/fuentesfidedignas.com.mx\/#organization"},"potentialAction":[{"@type":"SearchAction","target":{"@type":"EntryPoint","urlTemplate":"https:\/\/fuentesfidedignas.com.mx\/?s={search_term_string}"},"query-input":{"@type":"PropertyValueSpecification","valueRequired":true,"valueName":"search_term_string"}}],"inLanguage":"es"},{"@type":"Organization","@id":"https:\/\/fuentesfidedignas.com.mx\/#organization","name":"Fuentes Fidedignas","url":"https:\/\/fuentesfidedignas.com.mx\/","logo":{"@type":"ImageObject","inLanguage":"es","@id":"https:\/\/fuentesfidedignas.com.mx\/#\/schema\/logo\/image\/","url":"https:\/\/fuentesfidedignas.com.mx\/wp-content\/uploads\/2021\/04\/logo-retina.png","contentUrl":"https:\/\/fuentesfidedignas.com.mx\/wp-content\/uploads\/2021\/04\/logo-retina.png","width":280,"height":51,"caption":"Fuentes Fidedignas"},"image":{"@id":"https:\/\/fuentesfidedignas.com.mx\/#\/schema\/logo\/image\/"},"sameAs":["https:\/\/www.facebook.com\/Fuentes-Fidedignas-368234489921644","https:\/\/x.com\/fidedignas"]},{"@type":"Person","@id":"https:\/\/fuentesfidedignas.com.mx\/#\/schema\/person\/67d852f0557c8509146a4b9ddebd543a","name":"L\u00f3pez D\u00f3riga","image":{"@type":"ImageObject","inLanguage":"es","@id":"https:\/\/secure.gravatar.com\/avatar\/e525b06574ca18b33cded59dfe5778d6c823b9513154eff47da551b0551bdd1e?s=96&d=mm&r=g","url":"https:\/\/secure.gravatar.com\/avatar\/e525b06574ca18b33cded59dfe5778d6c823b9513154eff47da551b0551bdd1e?s=96&d=mm&r=g","contentUrl":"https:\/\/secure.gravatar.com\/avatar\/e525b06574ca18b33cded59dfe5778d6c823b9513154eff47da551b0551bdd1e?s=96&d=mm&r=g","caption":"L\u00f3pez D\u00f3riga"},"url":"https:\/\/fuentesfidedignas.com.mx\/index.php\/author\/doriga\/"}]}},"_links":{"self":[{"href":"https:\/\/fuentesfidedignas.com.mx\/index.php\/wp-json\/wp\/v2\/posts\/114166","targetHints":{"allow":["GET"]}}],"collection":[{"href":"https:\/\/fuentesfidedignas.com.mx\/index.php\/wp-json\/wp\/v2\/posts"}],"about":[{"href":"https:\/\/fuentesfidedignas.com.mx\/index.php\/wp-json\/wp\/v2\/types\/post"}],"author":[{"embeddable":true,"href":"https:\/\/fuentesfidedignas.com.mx\/index.php\/wp-json\/wp\/v2\/users\/47"}],"replies":[{"embeddable":true,"href":"https:\/\/fuentesfidedignas.com.mx\/index.php\/wp-json\/wp\/v2\/comments?post=114166"}],"version-history":[{"count":1,"href":"https:\/\/fuentesfidedignas.com.mx\/index.php\/wp-json\/wp\/v2\/posts\/114166\/revisions"}],"predecessor-version":[{"id":114167,"href":"https:\/\/fuentesfidedignas.com.mx\/index.php\/wp-json\/wp\/v2\/posts\/114166\/revisions\/114167"}],"wp:featuredmedia":[{"embeddable":true,"href":"https:\/\/fuentesfidedignas.com.mx\/index.php\/wp-json\/wp\/v2\/media\/114165"}],"wp:attachment":[{"href":"https:\/\/fuentesfidedignas.com.mx\/index.php\/wp-json\/wp\/v2\/media?parent=114166"}],"wp:term":[{"taxonomy":"category","embeddable":true,"href":"https:\/\/fuentesfidedignas.com.mx\/index.php\/wp-json\/wp\/v2\/categories?post=114166"},{"taxonomy":"post_tag","embeddable":true,"href":"https:\/\/fuentesfidedignas.com.mx\/index.php\/wp-json\/wp\/v2\/tags?post=114166"}],"curies":[{"name":"wp","href":"https:\/\/api.w.org\/{rel}","templated":true}]}}