{"id":11416,"date":"2021-08-31T17:37:15","date_gmt":"2021-09-01T00:37:15","guid":{"rendered":"https:\/\/fuentesfidedignas.com.mx\/?p=11416"},"modified":"2021-08-31T17:37:16","modified_gmt":"2021-09-01T00:37:16","slug":"coepriss-despliega-brigadas-de-atencion-sanitaria-en-sinaloa-por-el-paso-de-la-depresion-tropical-nora","status":"publish","type":"post","link":"https:\/\/fuentesfidedignas.com.mx\/index.php\/2021\/08\/31\/coepriss-despliega-brigadas-de-atencion-sanitaria-en-sinaloa-por-el-paso-de-la-depresion-tropical-nora\/","title":{"rendered":"Coepriss despliega brigadas de atenci\u00f3n sanitaria en Sinaloa por el paso de la depresi\u00f3n tropical \u201cNora\u201d"},"content":{"rendered":"\n<p><strong><em>Se establece el cierre temporal precautorio para la extracci\u00f3n, comercializaci\u00f3n y\/o consumo de moluscos bilvalvos de la barra de Teacap\u00e1n<\/em><\/strong><\/p>\n\n\n\n<p>Culiac\u00e1n, Sin.- Coepriss despleg\u00f3 brigadas de verificadores sanitarios para realizar trabajo de campo en las comunidades afectadas por el paso de la depresi\u00f3n tropical \u201cNora\u201d y atender las emergencias sanitarias en un operativo realizado en todo Sinaloa.<\/p>\n\n\n\n<p>Jorge Alan Urbina Vidales, Comisionado Estatal para la Protecci\u00f3n Contra Riesgos Sanitarios de Sinaloa (COEPRISS), inform\u00f3 que este martes las brigadas se encuentran realizando trabajo de campo en las comunidades afectadas por las inundaciones ocasionadas por el reciente fen\u00f3meno meteorol\u00f3gico.<\/p>\n\n\n\n<p>\u201cEstamos llevando a cabo labores de saneamiento b\u00e1sico, fomento sanitario, evaluaci\u00f3n de establecimientos, monitoreo de cloro residual en red de agua potable y fuentes de abastecimiento, evaluaci\u00f3n de plantas purificadoras de agua y llevamos a cabo, tambi\u00e9n, distribuci\u00f3n de plata coloidal\u201d, coment\u00f3.<\/p>\n\n\n\n<p>Entre las actividades que realiza la Secretar\u00eda de Salud, a trav\u00e9s de la Coepriss, mencion\u00f3 diversas acciones preventivas como muestreo colilert en establecimientos de purificadoras de agua, restaurantes, hospitales, farmacias, mercados, hoteles, escuelas y refugios temporales.<\/p>\n\n\n\n<p>\u201cLos brigadistas realizan diversos trabajos de saneamiento y una bater\u00eda de acciones sanitarias en beneficio de los habitantes afectados\u201d, inform\u00f3.<\/p>\n\n\n\n<p>El comisionado inform\u00f3 que personal sanitario recorre las localidades para evaluar las afectaciones de diversos establecimientos, tales como supermercados, tiendas de abarrotes, tiendas de autoservicio, purificadoras de agua, sistemas de abastecimiento de agua potable, farmacias y almacenes.<\/p>\n\n\n\n<p>\u201cHemos distribuido material de difusi\u00f3n en materia de desinfecci\u00f3n de agua y plata coloidal para el adecuado manejo de alimentos, carteles y tr\u00edpticos de saneamiento b\u00e1sico de letrinas, focos de infecci\u00f3n, fauna nociva y manejo de animales muertos, conjuntamente con platicas de fomento comunitarias al interior de los albergues y en las localidades afectadas\u201d, explic\u00f3.<\/p>\n\n\n\n<p>Sostuvo que simult\u00e1neamente se realiza la identificaci\u00f3n de focos infecciosos para proceder a su saneamiento y se aplica vigilancia permanente de la calidad sanitaria del agua de uso y consumo humano.<\/p>\n\n\n\n<p>Por otro lado, la Coepriss con el objeto de prevenir y salvaguardar la salud de la poblaci\u00f3n establece el cierre temporal precautorio para la extracci\u00f3n, comercializaci\u00f3n y\/o consumo de moluscos bilvalvos de la barra de Teacap\u00e1n.<\/p>\n\n\n\n<p>Sostuvo que la acci\u00f3n precautoria se aplic\u00f3 derivado de la tormenta tropical \u201cNora\u201d, la cual ocasion\u00f3 lluvias muy fuertes en la parte sur de Sinaloa, principalmente en los municipios de Escuinapa, Rosario, San Ignacio, Mazatl\u00e1n y Elota y en la parte centro, en el municipio de Culiac\u00e1n.<\/p>\n\n\n\n<p>Apunt\u00f3 que del 28 al 31 de agosto de 2021, la tormenta provoc\u00f3 mayores arrastres a las bah\u00edas en el sur de Sinaloa, donde se encuentra el \u00e1rea de cultivo de la barra de Teacap\u00e1n, Escuinapa, dentro del Programa Mexicano de Sanidad de Moluscos Bivalvos,<\/p>\n\n\n\n<p>El comisionado anticip\u00f3 que, como en situaciones anteriores, y atendiendo los protocolos establecidos, se realizar\u00e1n los muestreos de agua y producto para an\u00e1lisis microbiol\u00f3gicos para poder hacer el cambio de estatus del cuerpo de agua.<\/p>\n\n\n\n<p>Precis\u00f3 que se ha solicitado a la Conagua la cantidad de precipitaciones que se han presentado en las estaciones meteorol\u00f3gicas cercanas a las \u00e1reas de cultivo de moluscos bivalvos para en base a eso coordinar los trabajos de vigilancia sanitaria en las zonas.<\/p>\n\n\n\n<p>\u201cSe trabaja para evaluar da\u00f1os en las plantas procesadoras de pescados y mariscos para evitar alg\u00fan posible riesgo sanitario, sin embargo, a la fecha no se tiene reporte de establecimientos inundados\u201d, dijo.<\/p>\n\n\n\n<p>Precis\u00f3 que en el sur y centro de Sinaloa se revisaron 12 albergues para garantizar unas condiciones sanitarias adecuadas en sus instalaciones, en materia de desinfecci\u00f3n de agua potable, higiene, preparaci\u00f3n adecuada de alimentos y el cumplimiento de los protocolos para prevenir el COVID-19.<\/p>\n\n\n\n<p>Los verificadores trabajaron en los refugios instalados en la Escuela ICO de Mazatl\u00e1n, con 30 personas; en la Escuela Primaria Sixto Osuna, de Concordia, con 33 personas; en Ceuta Agr\u00edcola, Solidaridad, Elota, con 156 personas; y en Auditorio Bicentenario, Concordia, con 13 personas.<\/p>\n\n\n\n<p>Tambi\u00e9n en Escuela Secundaria 51, Navolato, con 25 personas; en Escuela General Antonio Rosales, en Costa Rica, con 17 personas; Estaci\u00f3n Obispo, Emiliano Zapata, con 6 personas; en CONALEP Escuinapa con 4 personas y en COBAES 41 El Rosario con 101 personas, lo que suma 385 personas atendidas.<\/p>\n\n\n\n<p>Inform\u00f3 que en Ahome se habilitaron 8 albergues con una capacidad para 3500 personas, mismos que fueron revisados por Coepriss. \u201cEn Ahome encontramos varias calles anegadas, colectores y \u201cbocas de tormenta\u201d con taponamientos de basura.<\/p>\n\n\n\n<p>\u201cEn Sinaloa municipio resultaron afectadas 15 viviendas en la cabecera, en el Norte\u00f1o, comunidad de El Caimanero y en Guasave se tienen reportes de afectaciones de viviendas en Ruiz Cortinez; en El Fuerte pudimos constatar la creciente de un arroyo y en el Choix niebla densa sin lluvia\u201d, dijo.<\/p>\n\n\n\n<p>Se\u00f1al\u00f3 que personal de Coperiss verific\u00f3 12 refugios temporales en Guasave con capacidad para 4730 personas entre los que figuran el Auditorio Luis Estrada Medina, Club de Leones, Gimnasio Guasave, Primarias Club de Leones, Mariano Escobedo, Carmen Serd\u00e1n, 6 de Enero y 18 de marzo, as\u00ed como Secundaria E.S.G.I, Cobaes 10 y Cobaes 55.<\/p>\n\n\n\n<p>\u201c\u00danicamente nos falt\u00f3 verificar la Primaria Jaime Nuno, fuimos en varias ocasiones con protecci\u00f3n civil y nunca iban a abrir los responsables\u201d, lament\u00f3.<\/p>\n\n\n\n<p>Jorge Alan Urbina Vidales expuso que en la revisi\u00f3n que realizaron los verificadores en farmacias y supermercados para revisar perecederos y medicamentos refrigerados por los cortes a la energ\u00eda el\u00e9ctrica encontraron que muchos de estos negocios cuentan con plantas el\u00e9ctricas de emergencia.<\/p>\n\n\n\n<p>\u201cEntre las farmacias que revisamos se encuentran Guadalajara y Difarmer, una empresa de distribuci\u00f3n de medicamentos, mismas que operan normalmente y cuentan con planta el\u00e9ctrica de emergencia\u201d, coment\u00f3.<\/p>\n","protected":false},"excerpt":{"rendered":"<p>Se establece el cierre temporal precautorio para la extracci\u00f3n, comercializaci\u00f3n y\/o consumo de moluscos bilvalvos de la barra de Teacap\u00e1n Culiac\u00e1n, Sin.- Coepriss despleg\u00f3 brigadas de verificadores sanitarios para realizar trabajo de campo en las comunidades afectadas por el paso de la depresi\u00f3n tropical \u201cNora\u201d y atender las emergencias sanitarias en un operativo realizado en [&hellip;]<\/p>\n","protected":false},"author":4,"featured_media":11417,"comment_status":"open","ping_status":"open","sticky":false,"template":"","format":"standard","meta":{"tdm_status":"","tdm_grid_status":"","footnotes":""},"categories":[37],"tags":[346,347,1779],"class_list":{"0":"post-11416","1":"post","2":"type-post","3":"status-publish","4":"format-standard","5":"has-post-thumbnail","7":"category-nota-principal","8":"tag-coepriss","9":"tag-comision-estatal-para-la-proteccion-contra-riesgos-sanitarios-de-sinaloa","10":"tag-tormenta-nora"},"yoast_head":"<!-- This site is optimized with the Yoast SEO plugin v27.4 - https:\/\/yoast.com\/product\/yoast-seo-wordpress\/ -->\n<title>Coepriss despliega brigadas de atenci\u00f3n sanitaria en Sinaloa por el paso de la depresi\u00f3n tropical \u201cNora\u201d - Fuentes Fidedignas<\/title>\n<meta name=\"robots\" content=\"index, follow, max-snippet:-1, max-image-preview:large, max-video-preview:-1\" \/>\n<link rel=\"canonical\" href=\"https:\/\/fuentesfidedignas.com.mx\/index.php\/2021\/08\/31\/coepriss-despliega-brigadas-de-atencion-sanitaria-en-sinaloa-por-el-paso-de-la-depresion-tropical-nora\/\" \/>\n<meta property=\"og:locale\" content=\"es_MX\" \/>\n<meta property=\"og:type\" content=\"article\" \/>\n<meta property=\"og:title\" content=\"Coepriss despliega brigadas de atenci\u00f3n sanitaria en Sinaloa por el paso de la depresi\u00f3n tropical \u201cNora\u201d - Fuentes Fidedignas\" \/>\n<meta property=\"og:description\" content=\"Se establece el cierre temporal precautorio para la extracci\u00f3n, comercializaci\u00f3n y\/o consumo de moluscos bilvalvos de la barra de Teacap\u00e1n Culiac\u00e1n, Sin.- Coepriss despleg\u00f3 brigadas de verificadores sanitarios para realizar trabajo de campo en las comunidades afectadas por el paso de la depresi\u00f3n tropical \u201cNora\u201d y atender las emergencias sanitarias en un operativo realizado en [&hellip;]\" \/>\n<meta property=\"og:url\" content=\"https:\/\/fuentesfidedignas.com.mx\/index.php\/2021\/08\/31\/coepriss-despliega-brigadas-de-atencion-sanitaria-en-sinaloa-por-el-paso-de-la-depresion-tropical-nora\/\" \/>\n<meta property=\"og:site_name\" content=\"Fuentes Fidedignas\" \/>\n<meta property=\"article:publisher\" content=\"https:\/\/www.facebook.com\/Fuentes-Fidedignas-368234489921644\" \/>\n<meta property=\"article:published_time\" content=\"2021-09-01T00:37:15+00:00\" \/>\n<meta property=\"article:modified_time\" content=\"2021-09-01T00:37:16+00:00\" \/>\n<meta property=\"og:image\" content=\"https:\/\/fuentesfidedignas.com.mx\/wp-content\/uploads\/2021\/08\/Brigadistas-sanitarios-2.jpg\" \/>\n\t<meta property=\"og:image:width\" content=\"1599\" \/>\n\t<meta property=\"og:image:height\" content=\"1200\" \/>\n\t<meta property=\"og:image:type\" content=\"image\/jpeg\" \/>\n<meta name=\"author\" content=\"Redacci\u00f3n\" \/>\n<meta name=\"twitter:card\" content=\"summary_large_image\" \/>\n<meta name=\"twitter:creator\" content=\"@fidedignas\" \/>\n<meta name=\"twitter:site\" content=\"@fidedignas\" \/>\n<meta name=\"twitter:label1\" content=\"Escrito por\" \/>\n\t<meta name=\"twitter:data1\" content=\"Redacci\u00f3n\" \/>\n\t<meta name=\"twitter:label2\" content=\"Tiempo de lectura\" \/>\n\t<meta name=\"twitter:data2\" content=\"5 minutos\" \/>\n<script type=\"application\/ld+json\" class=\"yoast-schema-graph\">{\"@context\":\"https:\\\/\\\/schema.org\",\"@graph\":[{\"@type\":\"Article\",\"@id\":\"https:\\\/\\\/fuentesfidedignas.com.mx\\\/index.php\\\/2021\\\/08\\\/31\\\/coepriss-despliega-brigadas-de-atencion-sanitaria-en-sinaloa-por-el-paso-de-la-depresion-tropical-nora\\\/#article\",\"isPartOf\":{\"@id\":\"https:\\\/\\\/fuentesfidedignas.com.mx\\\/index.php\\\/2021\\\/08\\\/31\\\/coepriss-despliega-brigadas-de-atencion-sanitaria-en-sinaloa-por-el-paso-de-la-depresion-tropical-nora\\\/\"},\"author\":{\"name\":\"Redacci\u00f3n\",\"@id\":\"https:\\\/\\\/fuentesfidedignas.com.mx\\\/#\\\/schema\\\/person\\\/331be9283d37198e2acd5750279085b0\"},\"headline\":\"Coepriss despliega brigadas de atenci\u00f3n sanitaria en Sinaloa por el paso de la depresi\u00f3n tropical \u201cNora\u201d\",\"datePublished\":\"2021-09-01T00:37:15+00:00\",\"dateModified\":\"2021-09-01T00:37:16+00:00\",\"mainEntityOfPage\":{\"@id\":\"https:\\\/\\\/fuentesfidedignas.com.mx\\\/index.php\\\/2021\\\/08\\\/31\\\/coepriss-despliega-brigadas-de-atencion-sanitaria-en-sinaloa-por-el-paso-de-la-depresion-tropical-nora\\\/\"},\"wordCount\":975,\"commentCount\":0,\"publisher\":{\"@id\":\"https:\\\/\\\/fuentesfidedignas.com.mx\\\/#organization\"},\"image\":{\"@id\":\"https:\\\/\\\/fuentesfidedignas.com.mx\\\/index.php\\\/2021\\\/08\\\/31\\\/coepriss-despliega-brigadas-de-atencion-sanitaria-en-sinaloa-por-el-paso-de-la-depresion-tropical-nora\\\/#primaryimage\"},\"thumbnailUrl\":\"https:\\\/\\\/fuentesfidedignas.com.mx\\\/wp-content\\\/uploads\\\/2021\\\/08\\\/Brigadistas-sanitarios-2.jpg\",\"keywords\":[\"Coepriss\",\"Comisi\u00f3n Estatal para la Protecci\u00f3n contra Riesgos Sanitarios de Sinaloa\",\"Tormenta &quot;Nora&quot;\"],\"articleSection\":[\"NOTA PRINCIPAL\"],\"inLanguage\":\"es\",\"potentialAction\":[{\"@type\":\"CommentAction\",\"name\":\"Comment\",\"target\":[\"https:\\\/\\\/fuentesfidedignas.com.mx\\\/index.php\\\/2021\\\/08\\\/31\\\/coepriss-despliega-brigadas-de-atencion-sanitaria-en-sinaloa-por-el-paso-de-la-depresion-tropical-nora\\\/#respond\"]}]},{\"@type\":\"WebPage\",\"@id\":\"https:\\\/\\\/fuentesfidedignas.com.mx\\\/index.php\\\/2021\\\/08\\\/31\\\/coepriss-despliega-brigadas-de-atencion-sanitaria-en-sinaloa-por-el-paso-de-la-depresion-tropical-nora\\\/\",\"url\":\"https:\\\/\\\/fuentesfidedignas.com.mx\\\/index.php\\\/2021\\\/08\\\/31\\\/coepriss-despliega-brigadas-de-atencion-sanitaria-en-sinaloa-por-el-paso-de-la-depresion-tropical-nora\\\/\",\"name\":\"Coepriss despliega brigadas de atenci\u00f3n sanitaria en Sinaloa por el paso de la depresi\u00f3n tropical \u201cNora\u201d - Fuentes Fidedignas\",\"isPartOf\":{\"@id\":\"https:\\\/\\\/fuentesfidedignas.com.mx\\\/#website\"},\"primaryImageOfPage\":{\"@id\":\"https:\\\/\\\/fuentesfidedignas.com.mx\\\/index.php\\\/2021\\\/08\\\/31\\\/coepriss-despliega-brigadas-de-atencion-sanitaria-en-sinaloa-por-el-paso-de-la-depresion-tropical-nora\\\/#primaryimage\"},\"image\":{\"@id\":\"https:\\\/\\\/fuentesfidedignas.com.mx\\\/index.php\\\/2021\\\/08\\\/31\\\/coepriss-despliega-brigadas-de-atencion-sanitaria-en-sinaloa-por-el-paso-de-la-depresion-tropical-nora\\\/#primaryimage\"},\"thumbnailUrl\":\"https:\\\/\\\/fuentesfidedignas.com.mx\\\/wp-content\\\/uploads\\\/2021\\\/08\\\/Brigadistas-sanitarios-2.jpg\",\"datePublished\":\"2021-09-01T00:37:15+00:00\",\"dateModified\":\"2021-09-01T00:37:16+00:00\",\"breadcrumb\":{\"@id\":\"https:\\\/\\\/fuentesfidedignas.com.mx\\\/index.php\\\/2021\\\/08\\\/31\\\/coepriss-despliega-brigadas-de-atencion-sanitaria-en-sinaloa-por-el-paso-de-la-depresion-tropical-nora\\\/#breadcrumb\"},\"inLanguage\":\"es\",\"potentialAction\":[{\"@type\":\"ReadAction\",\"target\":[\"https:\\\/\\\/fuentesfidedignas.com.mx\\\/index.php\\\/2021\\\/08\\\/31\\\/coepriss-despliega-brigadas-de-atencion-sanitaria-en-sinaloa-por-el-paso-de-la-depresion-tropical-nora\\\/\"]}]},{\"@type\":\"ImageObject\",\"inLanguage\":\"es\",\"@id\":\"https:\\\/\\\/fuentesfidedignas.com.mx\\\/index.php\\\/2021\\\/08\\\/31\\\/coepriss-despliega-brigadas-de-atencion-sanitaria-en-sinaloa-por-el-paso-de-la-depresion-tropical-nora\\\/#primaryimage\",\"url\":\"https:\\\/\\\/fuentesfidedignas.com.mx\\\/wp-content\\\/uploads\\\/2021\\\/08\\\/Brigadistas-sanitarios-2.jpg\",\"contentUrl\":\"https:\\\/\\\/fuentesfidedignas.com.mx\\\/wp-content\\\/uploads\\\/2021\\\/08\\\/Brigadistas-sanitarios-2.jpg\",\"width\":1599,\"height\":1200},{\"@type\":\"BreadcrumbList\",\"@id\":\"https:\\\/\\\/fuentesfidedignas.com.mx\\\/index.php\\\/2021\\\/08\\\/31\\\/coepriss-despliega-brigadas-de-atencion-sanitaria-en-sinaloa-por-el-paso-de-la-depresion-tropical-nora\\\/#breadcrumb\",\"itemListElement\":[{\"@type\":\"ListItem\",\"position\":1,\"name\":\"Inicio\",\"item\":\"https:\\\/\\\/fuentesfidedignas.com.mx\\\/\"},{\"@type\":\"ListItem\",\"position\":2,\"name\":\"Coepriss despliega brigadas de atenci\u00f3n sanitaria en Sinaloa por el paso de la depresi\u00f3n tropical \u201cNora\u201d\"}]},{\"@type\":\"WebSite\",\"@id\":\"https:\\\/\\\/fuentesfidedignas.com.mx\\\/#website\",\"url\":\"https:\\\/\\\/fuentesfidedignas.com.mx\\\/\",\"name\":\"Fuentes Fidedignas\",\"description\":\"Otro sitio realizado con WordPress\",\"publisher\":{\"@id\":\"https:\\\/\\\/fuentesfidedignas.com.mx\\\/#organization\"},\"potentialAction\":[{\"@type\":\"SearchAction\",\"target\":{\"@type\":\"EntryPoint\",\"urlTemplate\":\"https:\\\/\\\/fuentesfidedignas.com.mx\\\/?s={search_term_string}\"},\"query-input\":{\"@type\":\"PropertyValueSpecification\",\"valueRequired\":true,\"valueName\":\"search_term_string\"}}],\"inLanguage\":\"es\"},{\"@type\":\"Organization\",\"@id\":\"https:\\\/\\\/fuentesfidedignas.com.mx\\\/#organization\",\"name\":\"Fuentes Fidedignas\",\"url\":\"https:\\\/\\\/fuentesfidedignas.com.mx\\\/\",\"logo\":{\"@type\":\"ImageObject\",\"inLanguage\":\"es\",\"@id\":\"https:\\\/\\\/fuentesfidedignas.com.mx\\\/#\\\/schema\\\/logo\\\/image\\\/\",\"url\":\"https:\\\/\\\/fuentesfidedignas.com.mx\\\/wp-content\\\/uploads\\\/2021\\\/04\\\/logo-retina.png\",\"contentUrl\":\"https:\\\/\\\/fuentesfidedignas.com.mx\\\/wp-content\\\/uploads\\\/2021\\\/04\\\/logo-retina.png\",\"width\":280,\"height\":51,\"caption\":\"Fuentes Fidedignas\"},\"image\":{\"@id\":\"https:\\\/\\\/fuentesfidedignas.com.mx\\\/#\\\/schema\\\/logo\\\/image\\\/\"},\"sameAs\":[\"https:\\\/\\\/www.facebook.com\\\/Fuentes-Fidedignas-368234489921644\",\"https:\\\/\\\/x.com\\\/fidedignas\"]},{\"@type\":\"Person\",\"@id\":\"https:\\\/\\\/fuentesfidedignas.com.mx\\\/#\\\/schema\\\/person\\\/331be9283d37198e2acd5750279085b0\",\"name\":\"Redacci\u00f3n\",\"image\":{\"@type\":\"ImageObject\",\"inLanguage\":\"es\",\"@id\":\"https:\\\/\\\/secure.gravatar.com\\\/avatar\\\/f6d8782c11d12b2d4ad3fbb6931aeab5309937a4d6cd2fc9cfaa28a6396a5aec?s=96&d=mm&r=g\",\"url\":\"https:\\\/\\\/secure.gravatar.com\\\/avatar\\\/f6d8782c11d12b2d4ad3fbb6931aeab5309937a4d6cd2fc9cfaa28a6396a5aec?s=96&d=mm&r=g\",\"contentUrl\":\"https:\\\/\\\/secure.gravatar.com\\\/avatar\\\/f6d8782c11d12b2d4ad3fbb6931aeab5309937a4d6cd2fc9cfaa28a6396a5aec?s=96&d=mm&r=g\",\"caption\":\"Redacci\u00f3n\"},\"url\":\"https:\\\/\\\/fuentesfidedignas.com.mx\\\/index.php\\\/author\\\/redaccion\\\/\"}]}<\/script>\n<!-- \/ Yoast SEO plugin. -->","yoast_head_json":{"title":"Coepriss despliega brigadas de atenci\u00f3n sanitaria en Sinaloa por el paso de la depresi\u00f3n tropical \u201cNora\u201d - Fuentes Fidedignas","robots":{"index":"index","follow":"follow","max-snippet":"max-snippet:-1","max-image-preview":"max-image-preview:large","max-video-preview":"max-video-preview:-1"},"canonical":"https:\/\/fuentesfidedignas.com.mx\/index.php\/2021\/08\/31\/coepriss-despliega-brigadas-de-atencion-sanitaria-en-sinaloa-por-el-paso-de-la-depresion-tropical-nora\/","og_locale":"es_MX","og_type":"article","og_title":"Coepriss despliega brigadas de atenci\u00f3n sanitaria en Sinaloa por el paso de la depresi\u00f3n tropical \u201cNora\u201d - Fuentes Fidedignas","og_description":"Se establece el cierre temporal precautorio para la extracci\u00f3n, comercializaci\u00f3n y\/o consumo de moluscos bilvalvos de la barra de Teacap\u00e1n Culiac\u00e1n, Sin.- Coepriss despleg\u00f3 brigadas de verificadores sanitarios para realizar trabajo de campo en las comunidades afectadas por el paso de la depresi\u00f3n tropical \u201cNora\u201d y atender las emergencias sanitarias en un operativo realizado en [&hellip;]","og_url":"https:\/\/fuentesfidedignas.com.mx\/index.php\/2021\/08\/31\/coepriss-despliega-brigadas-de-atencion-sanitaria-en-sinaloa-por-el-paso-de-la-depresion-tropical-nora\/","og_site_name":"Fuentes Fidedignas","article_publisher":"https:\/\/www.facebook.com\/Fuentes-Fidedignas-368234489921644","article_published_time":"2021-09-01T00:37:15+00:00","article_modified_time":"2021-09-01T00:37:16+00:00","og_image":[{"width":1599,"height":1200,"url":"https:\/\/fuentesfidedignas.com.mx\/wp-content\/uploads\/2021\/08\/Brigadistas-sanitarios-2.jpg","type":"image\/jpeg"}],"author":"Redacci\u00f3n","twitter_card":"summary_large_image","twitter_creator":"@fidedignas","twitter_site":"@fidedignas","twitter_misc":{"Escrito por":"Redacci\u00f3n","Tiempo de lectura":"5 minutos"},"schema":{"@context":"https:\/\/schema.org","@graph":[{"@type":"Article","@id":"https:\/\/fuentesfidedignas.com.mx\/index.php\/2021\/08\/31\/coepriss-despliega-brigadas-de-atencion-sanitaria-en-sinaloa-por-el-paso-de-la-depresion-tropical-nora\/#article","isPartOf":{"@id":"https:\/\/fuentesfidedignas.com.mx\/index.php\/2021\/08\/31\/coepriss-despliega-brigadas-de-atencion-sanitaria-en-sinaloa-por-el-paso-de-la-depresion-tropical-nora\/"},"author":{"name":"Redacci\u00f3n","@id":"https:\/\/fuentesfidedignas.com.mx\/#\/schema\/person\/331be9283d37198e2acd5750279085b0"},"headline":"Coepriss despliega brigadas de atenci\u00f3n sanitaria en Sinaloa por el paso de la depresi\u00f3n tropical \u201cNora\u201d","datePublished":"2021-09-01T00:37:15+00:00","dateModified":"2021-09-01T00:37:16+00:00","mainEntityOfPage":{"@id":"https:\/\/fuentesfidedignas.com.mx\/index.php\/2021\/08\/31\/coepriss-despliega-brigadas-de-atencion-sanitaria-en-sinaloa-por-el-paso-de-la-depresion-tropical-nora\/"},"wordCount":975,"commentCount":0,"publisher":{"@id":"https:\/\/fuentesfidedignas.com.mx\/#organization"},"image":{"@id":"https:\/\/fuentesfidedignas.com.mx\/index.php\/2021\/08\/31\/coepriss-despliega-brigadas-de-atencion-sanitaria-en-sinaloa-por-el-paso-de-la-depresion-tropical-nora\/#primaryimage"},"thumbnailUrl":"https:\/\/fuentesfidedignas.com.mx\/wp-content\/uploads\/2021\/08\/Brigadistas-sanitarios-2.jpg","keywords":["Coepriss","Comisi\u00f3n Estatal para la Protecci\u00f3n contra Riesgos Sanitarios de Sinaloa","Tormenta &quot;Nora&quot;"],"articleSection":["NOTA PRINCIPAL"],"inLanguage":"es","potentialAction":[{"@type":"CommentAction","name":"Comment","target":["https:\/\/fuentesfidedignas.com.mx\/index.php\/2021\/08\/31\/coepriss-despliega-brigadas-de-atencion-sanitaria-en-sinaloa-por-el-paso-de-la-depresion-tropical-nora\/#respond"]}]},{"@type":"WebPage","@id":"https:\/\/fuentesfidedignas.com.mx\/index.php\/2021\/08\/31\/coepriss-despliega-brigadas-de-atencion-sanitaria-en-sinaloa-por-el-paso-de-la-depresion-tropical-nora\/","url":"https:\/\/fuentesfidedignas.com.mx\/index.php\/2021\/08\/31\/coepriss-despliega-brigadas-de-atencion-sanitaria-en-sinaloa-por-el-paso-de-la-depresion-tropical-nora\/","name":"Coepriss despliega brigadas de atenci\u00f3n sanitaria en Sinaloa por el paso de la depresi\u00f3n tropical \u201cNora\u201d - Fuentes Fidedignas","isPartOf":{"@id":"https:\/\/fuentesfidedignas.com.mx\/#website"},"primaryImageOfPage":{"@id":"https:\/\/fuentesfidedignas.com.mx\/index.php\/2021\/08\/31\/coepriss-despliega-brigadas-de-atencion-sanitaria-en-sinaloa-por-el-paso-de-la-depresion-tropical-nora\/#primaryimage"},"image":{"@id":"https:\/\/fuentesfidedignas.com.mx\/index.php\/2021\/08\/31\/coepriss-despliega-brigadas-de-atencion-sanitaria-en-sinaloa-por-el-paso-de-la-depresion-tropical-nora\/#primaryimage"},"thumbnailUrl":"https:\/\/fuentesfidedignas.com.mx\/wp-content\/uploads\/2021\/08\/Brigadistas-sanitarios-2.jpg","datePublished":"2021-09-01T00:37:15+00:00","dateModified":"2021-09-01T00:37:16+00:00","breadcrumb":{"@id":"https:\/\/fuentesfidedignas.com.mx\/index.php\/2021\/08\/31\/coepriss-despliega-brigadas-de-atencion-sanitaria-en-sinaloa-por-el-paso-de-la-depresion-tropical-nora\/#breadcrumb"},"inLanguage":"es","potentialAction":[{"@type":"ReadAction","target":["https:\/\/fuentesfidedignas.com.mx\/index.php\/2021\/08\/31\/coepriss-despliega-brigadas-de-atencion-sanitaria-en-sinaloa-por-el-paso-de-la-depresion-tropical-nora\/"]}]},{"@type":"ImageObject","inLanguage":"es","@id":"https:\/\/fuentesfidedignas.com.mx\/index.php\/2021\/08\/31\/coepriss-despliega-brigadas-de-atencion-sanitaria-en-sinaloa-por-el-paso-de-la-depresion-tropical-nora\/#primaryimage","url":"https:\/\/fuentesfidedignas.com.mx\/wp-content\/uploads\/2021\/08\/Brigadistas-sanitarios-2.jpg","contentUrl":"https:\/\/fuentesfidedignas.com.mx\/wp-content\/uploads\/2021\/08\/Brigadistas-sanitarios-2.jpg","width":1599,"height":1200},{"@type":"BreadcrumbList","@id":"https:\/\/fuentesfidedignas.com.mx\/index.php\/2021\/08\/31\/coepriss-despliega-brigadas-de-atencion-sanitaria-en-sinaloa-por-el-paso-de-la-depresion-tropical-nora\/#breadcrumb","itemListElement":[{"@type":"ListItem","position":1,"name":"Inicio","item":"https:\/\/fuentesfidedignas.com.mx\/"},{"@type":"ListItem","position":2,"name":"Coepriss despliega brigadas de atenci\u00f3n sanitaria en Sinaloa por el paso de la depresi\u00f3n tropical \u201cNora\u201d"}]},{"@type":"WebSite","@id":"https:\/\/fuentesfidedignas.com.mx\/#website","url":"https:\/\/fuentesfidedignas.com.mx\/","name":"Fuentes Fidedignas","description":"Otro sitio realizado con WordPress","publisher":{"@id":"https:\/\/fuentesfidedignas.com.mx\/#organization"},"potentialAction":[{"@type":"SearchAction","target":{"@type":"EntryPoint","urlTemplate":"https:\/\/fuentesfidedignas.com.mx\/?s={search_term_string}"},"query-input":{"@type":"PropertyValueSpecification","valueRequired":true,"valueName":"search_term_string"}}],"inLanguage":"es"},{"@type":"Organization","@id":"https:\/\/fuentesfidedignas.com.mx\/#organization","name":"Fuentes Fidedignas","url":"https:\/\/fuentesfidedignas.com.mx\/","logo":{"@type":"ImageObject","inLanguage":"es","@id":"https:\/\/fuentesfidedignas.com.mx\/#\/schema\/logo\/image\/","url":"https:\/\/fuentesfidedignas.com.mx\/wp-content\/uploads\/2021\/04\/logo-retina.png","contentUrl":"https:\/\/fuentesfidedignas.com.mx\/wp-content\/uploads\/2021\/04\/logo-retina.png","width":280,"height":51,"caption":"Fuentes Fidedignas"},"image":{"@id":"https:\/\/fuentesfidedignas.com.mx\/#\/schema\/logo\/image\/"},"sameAs":["https:\/\/www.facebook.com\/Fuentes-Fidedignas-368234489921644","https:\/\/x.com\/fidedignas"]},{"@type":"Person","@id":"https:\/\/fuentesfidedignas.com.mx\/#\/schema\/person\/331be9283d37198e2acd5750279085b0","name":"Redacci\u00f3n","image":{"@type":"ImageObject","inLanguage":"es","@id":"https:\/\/secure.gravatar.com\/avatar\/f6d8782c11d12b2d4ad3fbb6931aeab5309937a4d6cd2fc9cfaa28a6396a5aec?s=96&d=mm&r=g","url":"https:\/\/secure.gravatar.com\/avatar\/f6d8782c11d12b2d4ad3fbb6931aeab5309937a4d6cd2fc9cfaa28a6396a5aec?s=96&d=mm&r=g","contentUrl":"https:\/\/secure.gravatar.com\/avatar\/f6d8782c11d12b2d4ad3fbb6931aeab5309937a4d6cd2fc9cfaa28a6396a5aec?s=96&d=mm&r=g","caption":"Redacci\u00f3n"},"url":"https:\/\/fuentesfidedignas.com.mx\/index.php\/author\/redaccion\/"}]}},"_links":{"self":[{"href":"https:\/\/fuentesfidedignas.com.mx\/index.php\/wp-json\/wp\/v2\/posts\/11416","targetHints":{"allow":["GET"]}}],"collection":[{"href":"https:\/\/fuentesfidedignas.com.mx\/index.php\/wp-json\/wp\/v2\/posts"}],"about":[{"href":"https:\/\/fuentesfidedignas.com.mx\/index.php\/wp-json\/wp\/v2\/types\/post"}],"author":[{"embeddable":true,"href":"https:\/\/fuentesfidedignas.com.mx\/index.php\/wp-json\/wp\/v2\/users\/4"}],"replies":[{"embeddable":true,"href":"https:\/\/fuentesfidedignas.com.mx\/index.php\/wp-json\/wp\/v2\/comments?post=11416"}],"version-history":[{"count":1,"href":"https:\/\/fuentesfidedignas.com.mx\/index.php\/wp-json\/wp\/v2\/posts\/11416\/revisions"}],"predecessor-version":[{"id":11418,"href":"https:\/\/fuentesfidedignas.com.mx\/index.php\/wp-json\/wp\/v2\/posts\/11416\/revisions\/11418"}],"wp:featuredmedia":[{"embeddable":true,"href":"https:\/\/fuentesfidedignas.com.mx\/index.php\/wp-json\/wp\/v2\/media\/11417"}],"wp:attachment":[{"href":"https:\/\/fuentesfidedignas.com.mx\/index.php\/wp-json\/wp\/v2\/media?parent=11416"}],"wp:term":[{"taxonomy":"category","embeddable":true,"href":"https:\/\/fuentesfidedignas.com.mx\/index.php\/wp-json\/wp\/v2\/categories?post=11416"},{"taxonomy":"post_tag","embeddable":true,"href":"https:\/\/fuentesfidedignas.com.mx\/index.php\/wp-json\/wp\/v2\/tags?post=11416"}],"curies":[{"name":"wp","href":"https:\/\/api.w.org\/{rel}","templated":true}]}}