{"id":11405,"date":"2021-08-31T17:03:20","date_gmt":"2021-09-01T00:03:20","guid":{"rendered":"https:\/\/fuentesfidedignas.com.mx\/?p=11405"},"modified":"2021-08-31T17:03:22","modified_gmt":"2021-09-01T00:03:22","slug":"fundacion-generando-valores-y-liderazgo-lleva-a-cabo-acciones-en-danos-generados-por-nora","status":"publish","type":"post","link":"https:\/\/fuentesfidedignas.com.mx\/index.php\/2021\/08\/31\/fundacion-generando-valores-y-liderazgo-lleva-a-cabo-acciones-en-danos-generados-por-nora\/","title":{"rendered":"Fundaci\u00f3n Generando Valores y Liderazgo lleva a cabo acciones en da\u00f1os generados por \u201cNora\u201d"},"content":{"rendered":"\n<p><strong><em>Por ello, la Fundaci\u00f3n GVL, te invita a sumarte a este esfuerzo en pro de la mejora del municipio y en apoyo de la sociedad ahomense que conf\u00eda en el alcalde electo para que llegue un nuevo Ahome.<\/em><\/strong> <\/p>\n\n\n\n<p>Los Mochis, Ahome.- Gerardo Vargas, presidente municipal electo de Ahome, a trav\u00e9s de la Fundaci\u00f3n Generando Valores y Liderazgo est\u00e1 realizando acciones para apoyar a la ciudadan\u00eda de su municipio, debido a la contingencia ocasionada por los remanentes de la Tormenta tropical \u201cNora\u201d, presentados el pasado fin de semana.<\/p>\n\n\n\n<p>El fen\u00f3meno meteorol\u00f3gico caus\u00f3 afectaciones en la ciudad de Los Mochis, principalmente en las colonias populares como: El Realito, Las Ma\u00f1anitas, Urbi Villa del Rey, Rosendo G. Castro, entre otras.<\/p>\n\n\n\n<p>Gerardo Vargas a trav\u00e9s de la Fundaci\u00f3n GVL instal\u00f3 de manera permanente el Comit\u00e9 de Apoyo formado por alrededor de 400 voluntarios que est\u00e1n colaborando a trav\u00e9s de brigadas para desazolvar las calles afectadas de dichos asentamientos, usando pipas y maquinaria pesada para limpiar drenes, alcantarillas y bocas de tormenta aleda\u00f1os a las viviendas afectadas.<\/p>\n\n\n\n<p>Los voluntarios de la Fundaci\u00f3n GVL han logrado retirar de las calles y casas toneladas de basura. Adem\u00e1s de esas acciones, los brigadistas est\u00e1n realizando supervisiones en gran parte de las colonias populares de esta ciudad, para corroborar que no hubiese m\u00e1s afectaciones y tambi\u00e9n se han entregado alimentos calientes, despensas y l\u00e1minas.<\/p>\n\n\n\n<p>Asimismo, la Fundaci\u00f3n GVL est\u00e1 recolectando v\u00edveres para la poblaci\u00f3n afectada como son alimentos enlatados y no perecederos, agua embotellada, productos de limpieza y aseo personal, pa\u00f1ales, ropa y zapatos en buen estado, los cuales se pueden llevar al Centro de Acopio Fundaci\u00f3n GVL, ubicado en Marcial Ord\u00f3\u00f1ez esquina Ignacio Allende, frente al Teatro IMSS o bien comunicarse al 6683237767 para que pasen por los v\u00edveres.<\/p>\n\n\n\n<figure class=\"wp-block-image size-full\"><img decoding=\"async\" width=\"940\" height=\"788\" src=\"https:\/\/fuentesfidedignas.com.mx\/wp-content\/uploads\/2021\/08\/GV_008.jpg\" alt=\"\" class=\"wp-image-11406\" srcset=\"https:\/\/fuentesfidedignas.com.mx\/wp-content\/uploads\/2021\/08\/GV_008.jpg 940w, https:\/\/fuentesfidedignas.com.mx\/wp-content\/uploads\/2021\/08\/GV_008-300x251.jpg 300w, https:\/\/fuentesfidedignas.com.mx\/wp-content\/uploads\/2021\/08\/GV_008-768x644.jpg 768w, https:\/\/fuentesfidedignas.com.mx\/wp-content\/uploads\/2021\/08\/GV_008-696x583.jpg 696w, https:\/\/fuentesfidedignas.com.mx\/wp-content\/uploads\/2021\/08\/GV_008-501x420.jpg 501w\" sizes=\"(max-width: 940px) 100vw, 940px\" \/><\/figure>\n\n\n\n<p>Estos esfuerzos son el resultado del gran compromiso de los voluntarios comprometidos con las causas sociales y humanitarias del municipio de Ahome, una de las principales premisas de la Fundaci\u00f3n Generando Valores y Liderazgo.<\/p>\n\n\n\n<p>Por ello, la Fundaci\u00f3n GVL, te invita a sumarte a este esfuerzo en pro de la mejora del municipio y en apoyo de la sociedad ahomense que conf\u00eda en el alcalde electo para que llegue un nuevo Ahome.<\/p>\n\n\n\n<figure class=\"wp-block-gallery columns-3 is-cropped wp-block-gallery-1 is-layout-flex wp-block-gallery-is-layout-flex\"><ul class=\"blocks-gallery-grid\"><li class=\"blocks-gallery-item\"><figure><img decoding=\"async\" width=\"1024\" height=\"768\" src=\"https:\/\/fuentesfidedignas.com.mx\/wp-content\/uploads\/2021\/08\/GV_007-1024x768.jpg\" alt=\"\" data-id=\"11407\" data-full-url=\"https:\/\/fuentesfidedignas.com.mx\/wp-content\/uploads\/2021\/08\/GV_007.jpg\" data-link=\"https:\/\/fuentesfidedignas.com.mx\/?attachment_id=11407\" class=\"wp-image-11407\" srcset=\"https:\/\/fuentesfidedignas.com.mx\/wp-content\/uploads\/2021\/08\/GV_007-1024x768.jpg 1024w, https:\/\/fuentesfidedignas.com.mx\/wp-content\/uploads\/2021\/08\/GV_007-300x225.jpg 300w, https:\/\/fuentesfidedignas.com.mx\/wp-content\/uploads\/2021\/08\/GV_007-768x576.jpg 768w, https:\/\/fuentesfidedignas.com.mx\/wp-content\/uploads\/2021\/08\/GV_007-1536x1152.jpg 1536w, https:\/\/fuentesfidedignas.com.mx\/wp-content\/uploads\/2021\/08\/GV_007-696x522.jpg 696w, https:\/\/fuentesfidedignas.com.mx\/wp-content\/uploads\/2021\/08\/GV_007-1068x801.jpg 1068w, https:\/\/fuentesfidedignas.com.mx\/wp-content\/uploads\/2021\/08\/GV_007-560x420.jpg 560w, https:\/\/fuentesfidedignas.com.mx\/wp-content\/uploads\/2021\/08\/GV_007-80x60.jpg 80w, https:\/\/fuentesfidedignas.com.mx\/wp-content\/uploads\/2021\/08\/GV_007-265x198.jpg 265w, https:\/\/fuentesfidedignas.com.mx\/wp-content\/uploads\/2021\/08\/GV_007.jpg 1600w\" sizes=\"(max-width: 1024px) 100vw, 1024px\" \/><\/figure><\/li><li class=\"blocks-gallery-item\"><figure><img decoding=\"async\" width=\"1024\" height=\"768\" src=\"https:\/\/fuentesfidedignas.com.mx\/wp-content\/uploads\/2021\/08\/GV_004-1024x768.jpg\" alt=\"\" data-id=\"11409\" data-full-url=\"https:\/\/fuentesfidedignas.com.mx\/wp-content\/uploads\/2021\/08\/GV_004.jpg\" data-link=\"https:\/\/fuentesfidedignas.com.mx\/?attachment_id=11409\" class=\"wp-image-11409\" srcset=\"https:\/\/fuentesfidedignas.com.mx\/wp-content\/uploads\/2021\/08\/GV_004-1024x768.jpg 1024w, https:\/\/fuentesfidedignas.com.mx\/wp-content\/uploads\/2021\/08\/GV_004-300x225.jpg 300w, https:\/\/fuentesfidedignas.com.mx\/wp-content\/uploads\/2021\/08\/GV_004-768x576.jpg 768w, https:\/\/fuentesfidedignas.com.mx\/wp-content\/uploads\/2021\/08\/GV_004-1536x1152.jpg 1536w, https:\/\/fuentesfidedignas.com.mx\/wp-content\/uploads\/2021\/08\/GV_004-696x522.jpg 696w, https:\/\/fuentesfidedignas.com.mx\/wp-content\/uploads\/2021\/08\/GV_004-1068x801.jpg 1068w, https:\/\/fuentesfidedignas.com.mx\/wp-content\/uploads\/2021\/08\/GV_004-560x420.jpg 560w, https:\/\/fuentesfidedignas.com.mx\/wp-content\/uploads\/2021\/08\/GV_004-80x60.jpg 80w, https:\/\/fuentesfidedignas.com.mx\/wp-content\/uploads\/2021\/08\/GV_004-265x198.jpg 265w, https:\/\/fuentesfidedignas.com.mx\/wp-content\/uploads\/2021\/08\/GV_004.jpg 1600w\" sizes=\"(max-width: 1024px) 100vw, 1024px\" \/><\/figure><\/li><li class=\"blocks-gallery-item\"><figure><img decoding=\"async\" width=\"1024\" height=\"576\" src=\"https:\/\/fuentesfidedignas.com.mx\/wp-content\/uploads\/2021\/08\/GV_005-1024x576.jpg\" alt=\"\" data-id=\"11410\" data-full-url=\"https:\/\/fuentesfidedignas.com.mx\/wp-content\/uploads\/2021\/08\/GV_005.jpg\" data-link=\"https:\/\/fuentesfidedignas.com.mx\/?attachment_id=11410\" class=\"wp-image-11410\" srcset=\"https:\/\/fuentesfidedignas.com.mx\/wp-content\/uploads\/2021\/08\/GV_005-1024x576.jpg 1024w, https:\/\/fuentesfidedignas.com.mx\/wp-content\/uploads\/2021\/08\/GV_005-300x169.jpg 300w, https:\/\/fuentesfidedignas.com.mx\/wp-content\/uploads\/2021\/08\/GV_005-768x432.jpg 768w, https:\/\/fuentesfidedignas.com.mx\/wp-content\/uploads\/2021\/08\/GV_005-696x392.jpg 696w, https:\/\/fuentesfidedignas.com.mx\/wp-content\/uploads\/2021\/08\/GV_005-1068x601.jpg 1068w, https:\/\/fuentesfidedignas.com.mx\/wp-content\/uploads\/2021\/08\/GV_005-747x420.jpg 747w, https:\/\/fuentesfidedignas.com.mx\/wp-content\/uploads\/2021\/08\/GV_005.jpg 1280w\" sizes=\"(max-width: 1024px) 100vw, 1024px\" \/><\/figure><\/li><li class=\"blocks-gallery-item\"><figure><img decoding=\"async\" width=\"504\" height=\"1024\" src=\"https:\/\/fuentesfidedignas.com.mx\/wp-content\/uploads\/2021\/08\/GV_003-504x1024.jpg\" alt=\"\" data-id=\"11411\" data-full-url=\"https:\/\/fuentesfidedignas.com.mx\/wp-content\/uploads\/2021\/08\/GV_003.jpg\" data-link=\"https:\/\/fuentesfidedignas.com.mx\/?attachment_id=11411\" class=\"wp-image-11411\" srcset=\"https:\/\/fuentesfidedignas.com.mx\/wp-content\/uploads\/2021\/08\/GV_003-504x1024.jpg 504w, https:\/\/fuentesfidedignas.com.mx\/wp-content\/uploads\/2021\/08\/GV_003-148x300.jpg 148w, https:\/\/fuentesfidedignas.com.mx\/wp-content\/uploads\/2021\/08\/GV_003-768x1561.jpg 768w, https:\/\/fuentesfidedignas.com.mx\/wp-content\/uploads\/2021\/08\/GV_003-756x1536.jpg 756w, https:\/\/fuentesfidedignas.com.mx\/wp-content\/uploads\/2021\/08\/GV_003-696x1415.jpg 696w, https:\/\/fuentesfidedignas.com.mx\/wp-content\/uploads\/2021\/08\/GV_003-207x420.jpg 207w, https:\/\/fuentesfidedignas.com.mx\/wp-content\/uploads\/2021\/08\/GV_003.jpg 787w\" sizes=\"(max-width: 504px) 100vw, 504px\" \/><\/figure><\/li><li class=\"blocks-gallery-item\"><figure><img decoding=\"async\" width=\"576\" height=\"1024\" src=\"https:\/\/fuentesfidedignas.com.mx\/wp-content\/uploads\/2021\/08\/GV_002-576x1024.jpg\" alt=\"\" data-id=\"11413\" data-full-url=\"https:\/\/fuentesfidedignas.com.mx\/wp-content\/uploads\/2021\/08\/GV_002.jpg\" data-link=\"https:\/\/fuentesfidedignas.com.mx\/?attachment_id=11413\" class=\"wp-image-11413\" srcset=\"https:\/\/fuentesfidedignas.com.mx\/wp-content\/uploads\/2021\/08\/GV_002-576x1024.jpg 576w, https:\/\/fuentesfidedignas.com.mx\/wp-content\/uploads\/2021\/08\/GV_002-169x300.jpg 169w, https:\/\/fuentesfidedignas.com.mx\/wp-content\/uploads\/2021\/08\/GV_002-696x1237.jpg 696w, https:\/\/fuentesfidedignas.com.mx\/wp-content\/uploads\/2021\/08\/GV_002-236x420.jpg 236w, https:\/\/fuentesfidedignas.com.mx\/wp-content\/uploads\/2021\/08\/GV_002.jpg 720w\" sizes=\"(max-width: 576px) 100vw, 576px\" \/><\/figure><\/li><li class=\"blocks-gallery-item\"><figure><img decoding=\"async\" width=\"1024\" height=\"576\" src=\"https:\/\/fuentesfidedignas.com.mx\/wp-content\/uploads\/2021\/08\/GV_001-1024x576.jpg\" alt=\"\" data-id=\"11414\" data-full-url=\"https:\/\/fuentesfidedignas.com.mx\/wp-content\/uploads\/2021\/08\/GV_001.jpg\" data-link=\"https:\/\/fuentesfidedignas.com.mx\/?attachment_id=11414\" class=\"wp-image-11414\" srcset=\"https:\/\/fuentesfidedignas.com.mx\/wp-content\/uploads\/2021\/08\/GV_001-1024x576.jpg 1024w, https:\/\/fuentesfidedignas.com.mx\/wp-content\/uploads\/2021\/08\/GV_001-300x169.jpg 300w, https:\/\/fuentesfidedignas.com.mx\/wp-content\/uploads\/2021\/08\/GV_001-768x432.jpg 768w, https:\/\/fuentesfidedignas.com.mx\/wp-content\/uploads\/2021\/08\/GV_001-1536x864.jpg 1536w, https:\/\/fuentesfidedignas.com.mx\/wp-content\/uploads\/2021\/08\/GV_001-696x391.jpg 696w, https:\/\/fuentesfidedignas.com.mx\/wp-content\/uploads\/2021\/08\/GV_001-1068x600.jpg 1068w, https:\/\/fuentesfidedignas.com.mx\/wp-content\/uploads\/2021\/08\/GV_001-747x420.jpg 747w, https:\/\/fuentesfidedignas.com.mx\/wp-content\/uploads\/2021\/08\/GV_001.jpg 1599w\" sizes=\"(max-width: 1024px) 100vw, 1024px\" \/><\/figure><\/li><\/ul><\/figure>\n","protected":false},"excerpt":{"rendered":"<p>Por ello, la Fundaci\u00f3n GVL, te invita a sumarte a este esfuerzo en pro de la mejora del municipio y en apoyo de la sociedad ahomense que conf\u00eda en el alcalde electo para que llegue un nuevo Ahome. Los Mochis, Ahome.- Gerardo Vargas, presidente municipal electo de Ahome, a trav\u00e9s de la Fundaci\u00f3n Generando Valores [&hellip;]<\/p>\n","protected":false},"author":4,"featured_media":11408,"comment_status":"open","ping_status":"open","sticky":false,"template":"","format":"standard","meta":{"tdm_status":"","tdm_grid_status":"","footnotes":""},"categories":[38],"tags":[1654,1779],"class_list":{"0":"post-11405","1":"post","2":"type-post","3":"status-publish","4":"format-standard","5":"has-post-thumbnail","7":"category-noticias-locales","8":"tag-gerardo-vargas-landeros","9":"tag-tormenta-nora"},"yoast_head":"<!-- This site is optimized with the Yoast SEO plugin v27.4 - https:\/\/yoast.com\/product\/yoast-seo-wordpress\/ -->\n<title>Fundaci\u00f3n Generando Valores y Liderazgo lleva a cabo acciones en da\u00f1os generados por \u201cNora\u201d - Fuentes Fidedignas<\/title>\n<meta name=\"robots\" content=\"index, follow, max-snippet:-1, max-image-preview:large, max-video-preview:-1\" \/>\n<link rel=\"canonical\" href=\"https:\/\/fuentesfidedignas.com.mx\/index.php\/2021\/08\/31\/fundacion-generando-valores-y-liderazgo-lleva-a-cabo-acciones-en-danos-generados-por-nora\/\" \/>\n<meta property=\"og:locale\" content=\"es_MX\" \/>\n<meta property=\"og:type\" content=\"article\" \/>\n<meta property=\"og:title\" content=\"Fundaci\u00f3n Generando Valores y Liderazgo lleva a cabo acciones en da\u00f1os generados por \u201cNora\u201d - Fuentes Fidedignas\" \/>\n<meta property=\"og:description\" content=\"Por ello, la Fundaci\u00f3n GVL, te invita a sumarte a este esfuerzo en pro de la mejora del municipio y en apoyo de la sociedad ahomense que conf\u00eda en el alcalde electo para que llegue un nuevo Ahome. Los Mochis, Ahome.- Gerardo Vargas, presidente municipal electo de Ahome, a trav\u00e9s de la Fundaci\u00f3n Generando Valores [&hellip;]\" \/>\n<meta property=\"og:url\" content=\"https:\/\/fuentesfidedignas.com.mx\/index.php\/2021\/08\/31\/fundacion-generando-valores-y-liderazgo-lleva-a-cabo-acciones-en-danos-generados-por-nora\/\" \/>\n<meta property=\"og:site_name\" content=\"Fuentes Fidedignas\" \/>\n<meta property=\"article:publisher\" content=\"https:\/\/www.facebook.com\/Fuentes-Fidedignas-368234489921644\" \/>\n<meta property=\"article:published_time\" content=\"2021-09-01T00:03:20+00:00\" \/>\n<meta property=\"article:modified_time\" content=\"2021-09-01T00:03:22+00:00\" \/>\n<meta property=\"og:image\" content=\"https:\/\/fuentesfidedignas.com.mx\/wp-content\/uploads\/2021\/08\/GV_006.jpg\" \/>\n\t<meta property=\"og:image:width\" content=\"1600\" \/>\n\t<meta property=\"og:image:height\" content=\"1201\" \/>\n\t<meta property=\"og:image:type\" content=\"image\/jpeg\" \/>\n<meta name=\"author\" content=\"Redacci\u00f3n\" \/>\n<meta name=\"twitter:card\" content=\"summary_large_image\" \/>\n<meta name=\"twitter:creator\" content=\"@fidedignas\" \/>\n<meta name=\"twitter:site\" content=\"@fidedignas\" \/>\n<meta name=\"twitter:label1\" content=\"Escrito por\" \/>\n\t<meta name=\"twitter:data1\" content=\"Redacci\u00f3n\" \/>\n\t<meta name=\"twitter:label2\" content=\"Tiempo de lectura\" \/>\n\t<meta name=\"twitter:data2\" content=\"3 minutos\" \/>\n<script type=\"application\/ld+json\" class=\"yoast-schema-graph\">{\"@context\":\"https:\\\/\\\/schema.org\",\"@graph\":[{\"@type\":\"Article\",\"@id\":\"https:\\\/\\\/fuentesfidedignas.com.mx\\\/index.php\\\/2021\\\/08\\\/31\\\/fundacion-generando-valores-y-liderazgo-lleva-a-cabo-acciones-en-danos-generados-por-nora\\\/#article\",\"isPartOf\":{\"@id\":\"https:\\\/\\\/fuentesfidedignas.com.mx\\\/index.php\\\/2021\\\/08\\\/31\\\/fundacion-generando-valores-y-liderazgo-lleva-a-cabo-acciones-en-danos-generados-por-nora\\\/\"},\"author\":{\"name\":\"Redacci\u00f3n\",\"@id\":\"https:\\\/\\\/fuentesfidedignas.com.mx\\\/#\\\/schema\\\/person\\\/331be9283d37198e2acd5750279085b0\"},\"headline\":\"Fundaci\u00f3n Generando Valores y Liderazgo lleva a cabo acciones en da\u00f1os generados por \u201cNora\u201d\",\"datePublished\":\"2021-09-01T00:03:20+00:00\",\"dateModified\":\"2021-09-01T00:03:22+00:00\",\"mainEntityOfPage\":{\"@id\":\"https:\\\/\\\/fuentesfidedignas.com.mx\\\/index.php\\\/2021\\\/08\\\/31\\\/fundacion-generando-valores-y-liderazgo-lleva-a-cabo-acciones-en-danos-generados-por-nora\\\/\"},\"wordCount\":407,\"commentCount\":0,\"publisher\":{\"@id\":\"https:\\\/\\\/fuentesfidedignas.com.mx\\\/#organization\"},\"image\":{\"@id\":\"https:\\\/\\\/fuentesfidedignas.com.mx\\\/index.php\\\/2021\\\/08\\\/31\\\/fundacion-generando-valores-y-liderazgo-lleva-a-cabo-acciones-en-danos-generados-por-nora\\\/#primaryimage\"},\"thumbnailUrl\":\"https:\\\/\\\/fuentesfidedignas.com.mx\\\/wp-content\\\/uploads\\\/2021\\\/08\\\/GV_006.jpg\",\"keywords\":[\"Gerardo Vargas Landeros\",\"Tormenta &quot;Nora&quot;\"],\"articleSection\":[\"NOTICIAS LOCALES\"],\"inLanguage\":\"es\",\"potentialAction\":[{\"@type\":\"CommentAction\",\"name\":\"Comment\",\"target\":[\"https:\\\/\\\/fuentesfidedignas.com.mx\\\/index.php\\\/2021\\\/08\\\/31\\\/fundacion-generando-valores-y-liderazgo-lleva-a-cabo-acciones-en-danos-generados-por-nora\\\/#respond\"]}]},{\"@type\":\"WebPage\",\"@id\":\"https:\\\/\\\/fuentesfidedignas.com.mx\\\/index.php\\\/2021\\\/08\\\/31\\\/fundacion-generando-valores-y-liderazgo-lleva-a-cabo-acciones-en-danos-generados-por-nora\\\/\",\"url\":\"https:\\\/\\\/fuentesfidedignas.com.mx\\\/index.php\\\/2021\\\/08\\\/31\\\/fundacion-generando-valores-y-liderazgo-lleva-a-cabo-acciones-en-danos-generados-por-nora\\\/\",\"name\":\"Fundaci\u00f3n Generando Valores y Liderazgo lleva a cabo acciones en da\u00f1os generados por \u201cNora\u201d - Fuentes Fidedignas\",\"isPartOf\":{\"@id\":\"https:\\\/\\\/fuentesfidedignas.com.mx\\\/#website\"},\"primaryImageOfPage\":{\"@id\":\"https:\\\/\\\/fuentesfidedignas.com.mx\\\/index.php\\\/2021\\\/08\\\/31\\\/fundacion-generando-valores-y-liderazgo-lleva-a-cabo-acciones-en-danos-generados-por-nora\\\/#primaryimage\"},\"image\":{\"@id\":\"https:\\\/\\\/fuentesfidedignas.com.mx\\\/index.php\\\/2021\\\/08\\\/31\\\/fundacion-generando-valores-y-liderazgo-lleva-a-cabo-acciones-en-danos-generados-por-nora\\\/#primaryimage\"},\"thumbnailUrl\":\"https:\\\/\\\/fuentesfidedignas.com.mx\\\/wp-content\\\/uploads\\\/2021\\\/08\\\/GV_006.jpg\",\"datePublished\":\"2021-09-01T00:03:20+00:00\",\"dateModified\":\"2021-09-01T00:03:22+00:00\",\"breadcrumb\":{\"@id\":\"https:\\\/\\\/fuentesfidedignas.com.mx\\\/index.php\\\/2021\\\/08\\\/31\\\/fundacion-generando-valores-y-liderazgo-lleva-a-cabo-acciones-en-danos-generados-por-nora\\\/#breadcrumb\"},\"inLanguage\":\"es\",\"potentialAction\":[{\"@type\":\"ReadAction\",\"target\":[\"https:\\\/\\\/fuentesfidedignas.com.mx\\\/index.php\\\/2021\\\/08\\\/31\\\/fundacion-generando-valores-y-liderazgo-lleva-a-cabo-acciones-en-danos-generados-por-nora\\\/\"]}]},{\"@type\":\"ImageObject\",\"inLanguage\":\"es\",\"@id\":\"https:\\\/\\\/fuentesfidedignas.com.mx\\\/index.php\\\/2021\\\/08\\\/31\\\/fundacion-generando-valores-y-liderazgo-lleva-a-cabo-acciones-en-danos-generados-por-nora\\\/#primaryimage\",\"url\":\"https:\\\/\\\/fuentesfidedignas.com.mx\\\/wp-content\\\/uploads\\\/2021\\\/08\\\/GV_006.jpg\",\"contentUrl\":\"https:\\\/\\\/fuentesfidedignas.com.mx\\\/wp-content\\\/uploads\\\/2021\\\/08\\\/GV_006.jpg\",\"width\":1600,\"height\":1201},{\"@type\":\"BreadcrumbList\",\"@id\":\"https:\\\/\\\/fuentesfidedignas.com.mx\\\/index.php\\\/2021\\\/08\\\/31\\\/fundacion-generando-valores-y-liderazgo-lleva-a-cabo-acciones-en-danos-generados-por-nora\\\/#breadcrumb\",\"itemListElement\":[{\"@type\":\"ListItem\",\"position\":1,\"name\":\"Inicio\",\"item\":\"https:\\\/\\\/fuentesfidedignas.com.mx\\\/\"},{\"@type\":\"ListItem\",\"position\":2,\"name\":\"Fundaci\u00f3n Generando Valores y Liderazgo lleva a cabo acciones en da\u00f1os generados por \u201cNora\u201d\"}]},{\"@type\":\"WebSite\",\"@id\":\"https:\\\/\\\/fuentesfidedignas.com.mx\\\/#website\",\"url\":\"https:\\\/\\\/fuentesfidedignas.com.mx\\\/\",\"name\":\"Fuentes Fidedignas\",\"description\":\"Otro sitio realizado con WordPress\",\"publisher\":{\"@id\":\"https:\\\/\\\/fuentesfidedignas.com.mx\\\/#organization\"},\"potentialAction\":[{\"@type\":\"SearchAction\",\"target\":{\"@type\":\"EntryPoint\",\"urlTemplate\":\"https:\\\/\\\/fuentesfidedignas.com.mx\\\/?s={search_term_string}\"},\"query-input\":{\"@type\":\"PropertyValueSpecification\",\"valueRequired\":true,\"valueName\":\"search_term_string\"}}],\"inLanguage\":\"es\"},{\"@type\":\"Organization\",\"@id\":\"https:\\\/\\\/fuentesfidedignas.com.mx\\\/#organization\",\"name\":\"Fuentes Fidedignas\",\"url\":\"https:\\\/\\\/fuentesfidedignas.com.mx\\\/\",\"logo\":{\"@type\":\"ImageObject\",\"inLanguage\":\"es\",\"@id\":\"https:\\\/\\\/fuentesfidedignas.com.mx\\\/#\\\/schema\\\/logo\\\/image\\\/\",\"url\":\"https:\\\/\\\/fuentesfidedignas.com.mx\\\/wp-content\\\/uploads\\\/2021\\\/04\\\/logo-retina.png\",\"contentUrl\":\"https:\\\/\\\/fuentesfidedignas.com.mx\\\/wp-content\\\/uploads\\\/2021\\\/04\\\/logo-retina.png\",\"width\":280,\"height\":51,\"caption\":\"Fuentes Fidedignas\"},\"image\":{\"@id\":\"https:\\\/\\\/fuentesfidedignas.com.mx\\\/#\\\/schema\\\/logo\\\/image\\\/\"},\"sameAs\":[\"https:\\\/\\\/www.facebook.com\\\/Fuentes-Fidedignas-368234489921644\",\"https:\\\/\\\/x.com\\\/fidedignas\"]},{\"@type\":\"Person\",\"@id\":\"https:\\\/\\\/fuentesfidedignas.com.mx\\\/#\\\/schema\\\/person\\\/331be9283d37198e2acd5750279085b0\",\"name\":\"Redacci\u00f3n\",\"image\":{\"@type\":\"ImageObject\",\"inLanguage\":\"es\",\"@id\":\"https:\\\/\\\/secure.gravatar.com\\\/avatar\\\/f6d8782c11d12b2d4ad3fbb6931aeab5309937a4d6cd2fc9cfaa28a6396a5aec?s=96&d=mm&r=g\",\"url\":\"https:\\\/\\\/secure.gravatar.com\\\/avatar\\\/f6d8782c11d12b2d4ad3fbb6931aeab5309937a4d6cd2fc9cfaa28a6396a5aec?s=96&d=mm&r=g\",\"contentUrl\":\"https:\\\/\\\/secure.gravatar.com\\\/avatar\\\/f6d8782c11d12b2d4ad3fbb6931aeab5309937a4d6cd2fc9cfaa28a6396a5aec?s=96&d=mm&r=g\",\"caption\":\"Redacci\u00f3n\"},\"url\":\"https:\\\/\\\/fuentesfidedignas.com.mx\\\/index.php\\\/author\\\/redaccion\\\/\"}]}<\/script>\n<!-- \/ Yoast SEO plugin. -->","yoast_head_json":{"title":"Fundaci\u00f3n Generando Valores y Liderazgo lleva a cabo acciones en da\u00f1os generados por \u201cNora\u201d - Fuentes Fidedignas","robots":{"index":"index","follow":"follow","max-snippet":"max-snippet:-1","max-image-preview":"max-image-preview:large","max-video-preview":"max-video-preview:-1"},"canonical":"https:\/\/fuentesfidedignas.com.mx\/index.php\/2021\/08\/31\/fundacion-generando-valores-y-liderazgo-lleva-a-cabo-acciones-en-danos-generados-por-nora\/","og_locale":"es_MX","og_type":"article","og_title":"Fundaci\u00f3n Generando Valores y Liderazgo lleva a cabo acciones en da\u00f1os generados por \u201cNora\u201d - Fuentes Fidedignas","og_description":"Por ello, la Fundaci\u00f3n GVL, te invita a sumarte a este esfuerzo en pro de la mejora del municipio y en apoyo de la sociedad ahomense que conf\u00eda en el alcalde electo para que llegue un nuevo Ahome. Los Mochis, Ahome.- Gerardo Vargas, presidente municipal electo de Ahome, a trav\u00e9s de la Fundaci\u00f3n Generando Valores [&hellip;]","og_url":"https:\/\/fuentesfidedignas.com.mx\/index.php\/2021\/08\/31\/fundacion-generando-valores-y-liderazgo-lleva-a-cabo-acciones-en-danos-generados-por-nora\/","og_site_name":"Fuentes Fidedignas","article_publisher":"https:\/\/www.facebook.com\/Fuentes-Fidedignas-368234489921644","article_published_time":"2021-09-01T00:03:20+00:00","article_modified_time":"2021-09-01T00:03:22+00:00","og_image":[{"width":1600,"height":1201,"url":"https:\/\/fuentesfidedignas.com.mx\/wp-content\/uploads\/2021\/08\/GV_006.jpg","type":"image\/jpeg"}],"author":"Redacci\u00f3n","twitter_card":"summary_large_image","twitter_creator":"@fidedignas","twitter_site":"@fidedignas","twitter_misc":{"Escrito por":"Redacci\u00f3n","Tiempo de lectura":"3 minutos"},"schema":{"@context":"https:\/\/schema.org","@graph":[{"@type":"Article","@id":"https:\/\/fuentesfidedignas.com.mx\/index.php\/2021\/08\/31\/fundacion-generando-valores-y-liderazgo-lleva-a-cabo-acciones-en-danos-generados-por-nora\/#article","isPartOf":{"@id":"https:\/\/fuentesfidedignas.com.mx\/index.php\/2021\/08\/31\/fundacion-generando-valores-y-liderazgo-lleva-a-cabo-acciones-en-danos-generados-por-nora\/"},"author":{"name":"Redacci\u00f3n","@id":"https:\/\/fuentesfidedignas.com.mx\/#\/schema\/person\/331be9283d37198e2acd5750279085b0"},"headline":"Fundaci\u00f3n Generando Valores y Liderazgo lleva a cabo acciones en da\u00f1os generados por \u201cNora\u201d","datePublished":"2021-09-01T00:03:20+00:00","dateModified":"2021-09-01T00:03:22+00:00","mainEntityOfPage":{"@id":"https:\/\/fuentesfidedignas.com.mx\/index.php\/2021\/08\/31\/fundacion-generando-valores-y-liderazgo-lleva-a-cabo-acciones-en-danos-generados-por-nora\/"},"wordCount":407,"commentCount":0,"publisher":{"@id":"https:\/\/fuentesfidedignas.com.mx\/#organization"},"image":{"@id":"https:\/\/fuentesfidedignas.com.mx\/index.php\/2021\/08\/31\/fundacion-generando-valores-y-liderazgo-lleva-a-cabo-acciones-en-danos-generados-por-nora\/#primaryimage"},"thumbnailUrl":"https:\/\/fuentesfidedignas.com.mx\/wp-content\/uploads\/2021\/08\/GV_006.jpg","keywords":["Gerardo Vargas Landeros","Tormenta &quot;Nora&quot;"],"articleSection":["NOTICIAS LOCALES"],"inLanguage":"es","potentialAction":[{"@type":"CommentAction","name":"Comment","target":["https:\/\/fuentesfidedignas.com.mx\/index.php\/2021\/08\/31\/fundacion-generando-valores-y-liderazgo-lleva-a-cabo-acciones-en-danos-generados-por-nora\/#respond"]}]},{"@type":"WebPage","@id":"https:\/\/fuentesfidedignas.com.mx\/index.php\/2021\/08\/31\/fundacion-generando-valores-y-liderazgo-lleva-a-cabo-acciones-en-danos-generados-por-nora\/","url":"https:\/\/fuentesfidedignas.com.mx\/index.php\/2021\/08\/31\/fundacion-generando-valores-y-liderazgo-lleva-a-cabo-acciones-en-danos-generados-por-nora\/","name":"Fundaci\u00f3n Generando Valores y Liderazgo lleva a cabo acciones en da\u00f1os generados por \u201cNora\u201d - Fuentes Fidedignas","isPartOf":{"@id":"https:\/\/fuentesfidedignas.com.mx\/#website"},"primaryImageOfPage":{"@id":"https:\/\/fuentesfidedignas.com.mx\/index.php\/2021\/08\/31\/fundacion-generando-valores-y-liderazgo-lleva-a-cabo-acciones-en-danos-generados-por-nora\/#primaryimage"},"image":{"@id":"https:\/\/fuentesfidedignas.com.mx\/index.php\/2021\/08\/31\/fundacion-generando-valores-y-liderazgo-lleva-a-cabo-acciones-en-danos-generados-por-nora\/#primaryimage"},"thumbnailUrl":"https:\/\/fuentesfidedignas.com.mx\/wp-content\/uploads\/2021\/08\/GV_006.jpg","datePublished":"2021-09-01T00:03:20+00:00","dateModified":"2021-09-01T00:03:22+00:00","breadcrumb":{"@id":"https:\/\/fuentesfidedignas.com.mx\/index.php\/2021\/08\/31\/fundacion-generando-valores-y-liderazgo-lleva-a-cabo-acciones-en-danos-generados-por-nora\/#breadcrumb"},"inLanguage":"es","potentialAction":[{"@type":"ReadAction","target":["https:\/\/fuentesfidedignas.com.mx\/index.php\/2021\/08\/31\/fundacion-generando-valores-y-liderazgo-lleva-a-cabo-acciones-en-danos-generados-por-nora\/"]}]},{"@type":"ImageObject","inLanguage":"es","@id":"https:\/\/fuentesfidedignas.com.mx\/index.php\/2021\/08\/31\/fundacion-generando-valores-y-liderazgo-lleva-a-cabo-acciones-en-danos-generados-por-nora\/#primaryimage","url":"https:\/\/fuentesfidedignas.com.mx\/wp-content\/uploads\/2021\/08\/GV_006.jpg","contentUrl":"https:\/\/fuentesfidedignas.com.mx\/wp-content\/uploads\/2021\/08\/GV_006.jpg","width":1600,"height":1201},{"@type":"BreadcrumbList","@id":"https:\/\/fuentesfidedignas.com.mx\/index.php\/2021\/08\/31\/fundacion-generando-valores-y-liderazgo-lleva-a-cabo-acciones-en-danos-generados-por-nora\/#breadcrumb","itemListElement":[{"@type":"ListItem","position":1,"name":"Inicio","item":"https:\/\/fuentesfidedignas.com.mx\/"},{"@type":"ListItem","position":2,"name":"Fundaci\u00f3n Generando Valores y Liderazgo lleva a cabo acciones en da\u00f1os generados por \u201cNora\u201d"}]},{"@type":"WebSite","@id":"https:\/\/fuentesfidedignas.com.mx\/#website","url":"https:\/\/fuentesfidedignas.com.mx\/","name":"Fuentes Fidedignas","description":"Otro sitio realizado con WordPress","publisher":{"@id":"https:\/\/fuentesfidedignas.com.mx\/#organization"},"potentialAction":[{"@type":"SearchAction","target":{"@type":"EntryPoint","urlTemplate":"https:\/\/fuentesfidedignas.com.mx\/?s={search_term_string}"},"query-input":{"@type":"PropertyValueSpecification","valueRequired":true,"valueName":"search_term_string"}}],"inLanguage":"es"},{"@type":"Organization","@id":"https:\/\/fuentesfidedignas.com.mx\/#organization","name":"Fuentes Fidedignas","url":"https:\/\/fuentesfidedignas.com.mx\/","logo":{"@type":"ImageObject","inLanguage":"es","@id":"https:\/\/fuentesfidedignas.com.mx\/#\/schema\/logo\/image\/","url":"https:\/\/fuentesfidedignas.com.mx\/wp-content\/uploads\/2021\/04\/logo-retina.png","contentUrl":"https:\/\/fuentesfidedignas.com.mx\/wp-content\/uploads\/2021\/04\/logo-retina.png","width":280,"height":51,"caption":"Fuentes Fidedignas"},"image":{"@id":"https:\/\/fuentesfidedignas.com.mx\/#\/schema\/logo\/image\/"},"sameAs":["https:\/\/www.facebook.com\/Fuentes-Fidedignas-368234489921644","https:\/\/x.com\/fidedignas"]},{"@type":"Person","@id":"https:\/\/fuentesfidedignas.com.mx\/#\/schema\/person\/331be9283d37198e2acd5750279085b0","name":"Redacci\u00f3n","image":{"@type":"ImageObject","inLanguage":"es","@id":"https:\/\/secure.gravatar.com\/avatar\/f6d8782c11d12b2d4ad3fbb6931aeab5309937a4d6cd2fc9cfaa28a6396a5aec?s=96&d=mm&r=g","url":"https:\/\/secure.gravatar.com\/avatar\/f6d8782c11d12b2d4ad3fbb6931aeab5309937a4d6cd2fc9cfaa28a6396a5aec?s=96&d=mm&r=g","contentUrl":"https:\/\/secure.gravatar.com\/avatar\/f6d8782c11d12b2d4ad3fbb6931aeab5309937a4d6cd2fc9cfaa28a6396a5aec?s=96&d=mm&r=g","caption":"Redacci\u00f3n"},"url":"https:\/\/fuentesfidedignas.com.mx\/index.php\/author\/redaccion\/"}]}},"_links":{"self":[{"href":"https:\/\/fuentesfidedignas.com.mx\/index.php\/wp-json\/wp\/v2\/posts\/11405","targetHints":{"allow":["GET"]}}],"collection":[{"href":"https:\/\/fuentesfidedignas.com.mx\/index.php\/wp-json\/wp\/v2\/posts"}],"about":[{"href":"https:\/\/fuentesfidedignas.com.mx\/index.php\/wp-json\/wp\/v2\/types\/post"}],"author":[{"embeddable":true,"href":"https:\/\/fuentesfidedignas.com.mx\/index.php\/wp-json\/wp\/v2\/users\/4"}],"replies":[{"embeddable":true,"href":"https:\/\/fuentesfidedignas.com.mx\/index.php\/wp-json\/wp\/v2\/comments?post=11405"}],"version-history":[{"count":1,"href":"https:\/\/fuentesfidedignas.com.mx\/index.php\/wp-json\/wp\/v2\/posts\/11405\/revisions"}],"predecessor-version":[{"id":11415,"href":"https:\/\/fuentesfidedignas.com.mx\/index.php\/wp-json\/wp\/v2\/posts\/11405\/revisions\/11415"}],"wp:featuredmedia":[{"embeddable":true,"href":"https:\/\/fuentesfidedignas.com.mx\/index.php\/wp-json\/wp\/v2\/media\/11408"}],"wp:attachment":[{"href":"https:\/\/fuentesfidedignas.com.mx\/index.php\/wp-json\/wp\/v2\/media?parent=11405"}],"wp:term":[{"taxonomy":"category","embeddable":true,"href":"https:\/\/fuentesfidedignas.com.mx\/index.php\/wp-json\/wp\/v2\/categories?post=11405"},{"taxonomy":"post_tag","embeddable":true,"href":"https:\/\/fuentesfidedignas.com.mx\/index.php\/wp-json\/wp\/v2\/tags?post=11405"}],"curies":[{"name":"wp","href":"https:\/\/api.w.org\/{rel}","templated":true}]}}