{"id":11402,"date":"2021-08-31T16:08:04","date_gmt":"2021-08-31T23:08:04","guid":{"rendered":"https:\/\/fuentesfidedignas.com.mx\/?p=11402"},"modified":"2021-08-31T16:08:05","modified_gmt":"2021-08-31T23:08:05","slug":"esto-es-lo-que-se-sabe-sobre-c-1-2-la-nueva-variante-de-coronavirus-de-sudafrica-altamente-mutada","status":"publish","type":"post","link":"https:\/\/fuentesfidedignas.com.mx\/index.php\/2021\/08\/31\/esto-es-lo-que-se-sabe-sobre-c-1-2-la-nueva-variante-de-coronavirus-de-sudafrica-altamente-mutada\/","title":{"rendered":"Esto es lo que se sabe sobre C.1.2: la nueva variante de coronavirus de Sud\u00e1frica altamente mutada"},"content":{"rendered":"\n<p><strong><em>Los autores del estudio dijeron que est\u00e1n preocupados por esta variante debido a la rapidez con la que ha mutado: est\u00e1 entre 44 y 59 mutaciones del virus original detectado en Wuhan.<\/em><\/strong><\/p>\n\n\n\n<p>Ciudad de M\u00e9xico.- Ha habido muchos rumores desde la semana pasada sobre una nueva variante de coronavirus identificada en Sud\u00e1frica que parece tener m\u00e1s mutaciones que cualquier otra variante marcada por la Organizaci\u00f3n Mundial de la Salud (OMS) como de inter\u00e9s o preocupaci\u00f3n, pero a\u00fan comprende solo una peque\u00f1a parte de los casos de Covid-19 del pa\u00eds y no se ha investigado de manera concluyente sobre c\u00f3mo sus mutaciones afectan el comportamiento del virus.<\/p>\n\n\n\n<p><strong>HECHOS CLAVE<\/strong><\/p>\n\n\n\n<p>La evoluci\u00f3n de esta nueva variante, denominada C.1.2. se detall\u00f3 en un estudio preliminar publicado a principios de este mes por el Instituto Nacional de Enfermedades Transmisibles de Sud\u00e1frica y la Plataforma de Secuencia e Innovaci\u00f3n en Investigaci\u00f3n de KwaZulu-Natal.<\/p>\n\n\n\n<p>Evolucion\u00f3 de C.1., Uno de los linajes de coronavirus que domin\u00f3 durante la primera ola de infecciones en Sud\u00e1frica a mediados de mayo del a\u00f1o pasado, C.1.2. se identific\u00f3 por primera vez en las provincias sudafricanas de Mpumalanga y Gauteng en mayo de 2021. Desde entonces se ha extendido a la mayor\u00eda de las provincias de Sud\u00e1frica, as\u00ed como a un pu\u00f1ado de otros pa\u00edses de \u00c1frica, Europa, Asia y Ocean\u00eda, seg\u00fan la investigaci\u00f3n, que a\u00fan est\u00e1 pendiente de revisi\u00f3n por pares.<\/p>\n\n\n\n<p>Los autores del estudio dijeron que est\u00e1n preocupados por la variante debido a la rapidez con la que ha mutado: est\u00e1 entre 44 y 59 mutaciones del virus original detectado en Wuhan, lo que lo hace el m\u00e1s mutado que cualquier otra variante de preocupaci\u00f3n identificada por la OMS.<\/p>\n\n\n\n<p>Tambi\u00e9n contiene muchas mutaciones que se han asociado con una mayor transmisibilidad y una mayor capacidad para evadir anticuerpos en otras variantes, dijeron los cient\u00edficos, aunque ocurren en diferentes mezclas y sus impactos en el virus a\u00fan no se conocen por completo.<\/p>\n\n\n\n<p>Richard Lessells, un especialista en enfermedades infecciosas, que es uno de los autores del estudio, dijo a Reuters que C.1.2. puede tener m\u00e1s propiedades de evasi\u00f3n inmunol\u00f3gica que la variante delta superprevalente, en funci\u00f3n de su patr\u00f3n de mutaciones, pero la nueva variante a\u00fan est\u00e1 en fase de revisi\u00f3n.<\/p>\n\n\n\n<p><strong>EN<\/strong> <strong>CONTRA<\/strong><br>M\u00e1s all\u00e1 de que se desconozca su transmisi\u00f3n y respuesta a las vacunas, Lessells advirti\u00f3 que la gente no debe preocuparse demasiado por C.1.2. sin embargo, como se esperaba, m\u00e1s adelante en la pandemia surgir\u00edan variantes con m\u00e1s mutaciones. Adem\u00e1s, C.1.2. todav\u00eda representa una parte muy peque\u00f1a, pero en constante crecimiento, de todos los casos de Sud\u00e1frica. Representaba solo el 1% de las muestras en junio y el 3% en julio, frente al 67% de las muestras en junio y el 89% en julio para la variante delta.<\/p>\n\n\n\n<p><strong>CITA CLAVE<\/strong><br>Tulio de Oliveira, director de la Plataforma de Secuencia e Innovaci\u00f3n en Investigaci\u00f3n de KwaZulu-Natal, dijo que la variante solo se ha detectado en unas 100 de las muestras secuenciadas, \u201cun n\u00famero muy bajo\u201d, subray\u00f3 en una conferencia el lunes. \u201cSigue siendo un porcentaje muy peque\u00f1o, pero de nuevo lo estamos vigilando muy bien. Tiene todas las firmas de un escape inmune\u201d.<\/p>\n\n\n\n<p><strong>ANTECEDENTES CLAVE<\/strong><br>Los cambios en el virus han provocado nuevas oleadas de infecciones a trav\u00e9s de la pandemia. Por ejemplo, Estados Unidos se encuentra en medio de un aumento masivo de infecciones, hospitalizaciones y muertes debido a la variante delta m\u00e1s infecciosa.<\/p>\n\n\n\n<p>La investigaci\u00f3n sugiere que esta variante tiene m\u00e1s del doble del riesgo de hospitalizaci\u00f3n de la variante alfa del Reino Unido, y tambi\u00e9n ha afectado la eficacia de la vacuna en t\u00e9rminos de prevenci\u00f3n de infecciones, aunque los jabs todav\u00eda previenen en gran medida enfermedades graves. Lambda, identificada por primera vez en Per\u00fa pero que ahora se est\u00e1 extendiendo por Sud\u00e1frica, es otra variante que causa preocupaci\u00f3n luego de una investigaci\u00f3n que sugiere que algunas de sus mutaciones pueden resistir la neutralizaci\u00f3n por anticuerpos inducidos por vacunas. No est\u00e1 claro si Lambda es m\u00e1s peligroso que la variante delta.<\/p>\n\n\n\n<p><strong>TANGENTE<\/strong><br>La Organizaci\u00f3n Mundial de la Salud tiene cuatro variantes identificadas como de preocupaci\u00f3n y cuatro como de inter\u00e9s (esta etiqueta se da cuando se confirma que son m\u00e1s graves o transmisibles). C.1.2. actualmente no califica como ninguno. Sin embargo, otra variante que se cree que se origin\u00f3 en Sud\u00e1frica ha calificado como variante de preocupaci\u00f3n, Beta preocup\u00f3 a cient\u00edficos y funcionarios de salud debido a su r\u00e1pida propagaci\u00f3n por Sud\u00e1frica y debido a la evidencia de que algunas vacunas eran menos poderosas contra ella.<\/p>\n","protected":false},"excerpt":{"rendered":"<p>Los autores del estudio dijeron que est\u00e1n preocupados por esta variante debido a la rapidez con la que ha mutado: est\u00e1 entre 44 y 59 mutaciones del virus original detectado en Wuhan. Ciudad de M\u00e9xico.- Ha habido muchos rumores desde la semana pasada sobre una nueva variante de coronavirus identificada en Sud\u00e1frica que parece tener [&hellip;]<\/p>\n","protected":false},"author":5,"featured_media":11403,"comment_status":"open","ping_status":"open","sticky":false,"template":"","format":"standard","meta":{"tdm_status":"","tdm_grid_status":"","footnotes":""},"categories":[39],"tags":[332,59,416],"class_list":{"0":"post-11402","1":"post","2":"type-post","3":"status-publish","4":"format-standard","5":"has-post-thumbnail","7":"category-noticias-nacionales","8":"tag-coronavirus","9":"tag-covid-19","10":"tag-sars-cov-2"},"yoast_head":"<!-- This site is optimized with the Yoast SEO plugin v27.4 - https:\/\/yoast.com\/product\/yoast-seo-wordpress\/ -->\n<title>Esto es lo que se sabe sobre C.1.2: la nueva variante de coronavirus de Sud\u00e1frica altamente mutada - Fuentes Fidedignas<\/title>\n<meta name=\"robots\" content=\"index, follow, max-snippet:-1, max-image-preview:large, max-video-preview:-1\" \/>\n<link rel=\"canonical\" href=\"https:\/\/fuentesfidedignas.com.mx\/index.php\/2021\/08\/31\/esto-es-lo-que-se-sabe-sobre-c-1-2-la-nueva-variante-de-coronavirus-de-sudafrica-altamente-mutada\/\" \/>\n<meta property=\"og:locale\" content=\"es_MX\" \/>\n<meta property=\"og:type\" content=\"article\" \/>\n<meta property=\"og:title\" content=\"Esto es lo que se sabe sobre C.1.2: la nueva variante de coronavirus de Sud\u00e1frica altamente mutada - Fuentes Fidedignas\" \/>\n<meta property=\"og:description\" content=\"Los autores del estudio dijeron que est\u00e1n preocupados por esta variante debido a la rapidez con la que ha mutado: est\u00e1 entre 44 y 59 mutaciones del virus original detectado en Wuhan. Ciudad de M\u00e9xico.- Ha habido muchos rumores desde la semana pasada sobre una nueva variante de coronavirus identificada en Sud\u00e1frica que parece tener [&hellip;]\" \/>\n<meta property=\"og:url\" content=\"https:\/\/fuentesfidedignas.com.mx\/index.php\/2021\/08\/31\/esto-es-lo-que-se-sabe-sobre-c-1-2-la-nueva-variante-de-coronavirus-de-sudafrica-altamente-mutada\/\" \/>\n<meta property=\"og:site_name\" content=\"Fuentes Fidedignas\" \/>\n<meta property=\"article:publisher\" content=\"https:\/\/www.facebook.com\/Fuentes-Fidedignas-368234489921644\" \/>\n<meta property=\"article:published_time\" content=\"2021-08-31T23:08:04+00:00\" \/>\n<meta property=\"article:modified_time\" content=\"2021-08-31T23:08:05+00:00\" \/>\n<meta property=\"og:image\" content=\"https:\/\/fuentesfidedignas.com.mx\/wp-content\/uploads\/2021\/08\/brasil-variante-covid-640x360-1.jpg\" \/>\n\t<meta property=\"og:image:width\" content=\"640\" \/>\n\t<meta property=\"og:image:height\" content=\"360\" \/>\n\t<meta property=\"og:image:type\" content=\"image\/jpeg\" \/>\n<meta name=\"author\" content=\"Forbes\" \/>\n<meta name=\"twitter:card\" content=\"summary_large_image\" \/>\n<meta name=\"twitter:creator\" content=\"@fidedignas\" \/>\n<meta name=\"twitter:site\" content=\"@fidedignas\" \/>\n<meta name=\"twitter:label1\" content=\"Escrito por\" \/>\n\t<meta name=\"twitter:data1\" content=\"Forbes\" \/>\n\t<meta name=\"twitter:label2\" content=\"Tiempo de lectura\" \/>\n\t<meta name=\"twitter:data2\" content=\"4 minutos\" \/>\n<script type=\"application\/ld+json\" class=\"yoast-schema-graph\">{\"@context\":\"https:\\\/\\\/schema.org\",\"@graph\":[{\"@type\":\"Article\",\"@id\":\"https:\\\/\\\/fuentesfidedignas.com.mx\\\/index.php\\\/2021\\\/08\\\/31\\\/esto-es-lo-que-se-sabe-sobre-c-1-2-la-nueva-variante-de-coronavirus-de-sudafrica-altamente-mutada\\\/#article\",\"isPartOf\":{\"@id\":\"https:\\\/\\\/fuentesfidedignas.com.mx\\\/index.php\\\/2021\\\/08\\\/31\\\/esto-es-lo-que-se-sabe-sobre-c-1-2-la-nueva-variante-de-coronavirus-de-sudafrica-altamente-mutada\\\/\"},\"author\":{\"name\":\"Forbes\",\"@id\":\"https:\\\/\\\/fuentesfidedignas.com.mx\\\/#\\\/schema\\\/person\\\/5623d53fe2e579d825b1679734abcc44\"},\"headline\":\"Esto es lo que se sabe sobre C.1.2: la nueva variante de coronavirus de Sud\u00e1frica altamente mutada\",\"datePublished\":\"2021-08-31T23:08:04+00:00\",\"dateModified\":\"2021-08-31T23:08:05+00:00\",\"mainEntityOfPage\":{\"@id\":\"https:\\\/\\\/fuentesfidedignas.com.mx\\\/index.php\\\/2021\\\/08\\\/31\\\/esto-es-lo-que-se-sabe-sobre-c-1-2-la-nueva-variante-de-coronavirus-de-sudafrica-altamente-mutada\\\/\"},\"wordCount\":835,\"commentCount\":0,\"publisher\":{\"@id\":\"https:\\\/\\\/fuentesfidedignas.com.mx\\\/#organization\"},\"image\":{\"@id\":\"https:\\\/\\\/fuentesfidedignas.com.mx\\\/index.php\\\/2021\\\/08\\\/31\\\/esto-es-lo-que-se-sabe-sobre-c-1-2-la-nueva-variante-de-coronavirus-de-sudafrica-altamente-mutada\\\/#primaryimage\"},\"thumbnailUrl\":\"https:\\\/\\\/fuentesfidedignas.com.mx\\\/wp-content\\\/uploads\\\/2021\\\/08\\\/brasil-variante-covid-640x360-1.jpg\",\"keywords\":[\"Coronavirus\",\"Covid-19\",\"SARS-CoV-2\"],\"articleSection\":[\"NOTICIAS NACIONALES\"],\"inLanguage\":\"es\",\"potentialAction\":[{\"@type\":\"CommentAction\",\"name\":\"Comment\",\"target\":[\"https:\\\/\\\/fuentesfidedignas.com.mx\\\/index.php\\\/2021\\\/08\\\/31\\\/esto-es-lo-que-se-sabe-sobre-c-1-2-la-nueva-variante-de-coronavirus-de-sudafrica-altamente-mutada\\\/#respond\"]}]},{\"@type\":\"WebPage\",\"@id\":\"https:\\\/\\\/fuentesfidedignas.com.mx\\\/index.php\\\/2021\\\/08\\\/31\\\/esto-es-lo-que-se-sabe-sobre-c-1-2-la-nueva-variante-de-coronavirus-de-sudafrica-altamente-mutada\\\/\",\"url\":\"https:\\\/\\\/fuentesfidedignas.com.mx\\\/index.php\\\/2021\\\/08\\\/31\\\/esto-es-lo-que-se-sabe-sobre-c-1-2-la-nueva-variante-de-coronavirus-de-sudafrica-altamente-mutada\\\/\",\"name\":\"Esto es lo que se sabe sobre C.1.2: la nueva variante de coronavirus de Sud\u00e1frica altamente mutada - Fuentes Fidedignas\",\"isPartOf\":{\"@id\":\"https:\\\/\\\/fuentesfidedignas.com.mx\\\/#website\"},\"primaryImageOfPage\":{\"@id\":\"https:\\\/\\\/fuentesfidedignas.com.mx\\\/index.php\\\/2021\\\/08\\\/31\\\/esto-es-lo-que-se-sabe-sobre-c-1-2-la-nueva-variante-de-coronavirus-de-sudafrica-altamente-mutada\\\/#primaryimage\"},\"image\":{\"@id\":\"https:\\\/\\\/fuentesfidedignas.com.mx\\\/index.php\\\/2021\\\/08\\\/31\\\/esto-es-lo-que-se-sabe-sobre-c-1-2-la-nueva-variante-de-coronavirus-de-sudafrica-altamente-mutada\\\/#primaryimage\"},\"thumbnailUrl\":\"https:\\\/\\\/fuentesfidedignas.com.mx\\\/wp-content\\\/uploads\\\/2021\\\/08\\\/brasil-variante-covid-640x360-1.jpg\",\"datePublished\":\"2021-08-31T23:08:04+00:00\",\"dateModified\":\"2021-08-31T23:08:05+00:00\",\"breadcrumb\":{\"@id\":\"https:\\\/\\\/fuentesfidedignas.com.mx\\\/index.php\\\/2021\\\/08\\\/31\\\/esto-es-lo-que-se-sabe-sobre-c-1-2-la-nueva-variante-de-coronavirus-de-sudafrica-altamente-mutada\\\/#breadcrumb\"},\"inLanguage\":\"es\",\"potentialAction\":[{\"@type\":\"ReadAction\",\"target\":[\"https:\\\/\\\/fuentesfidedignas.com.mx\\\/index.php\\\/2021\\\/08\\\/31\\\/esto-es-lo-que-se-sabe-sobre-c-1-2-la-nueva-variante-de-coronavirus-de-sudafrica-altamente-mutada\\\/\"]}]},{\"@type\":\"ImageObject\",\"inLanguage\":\"es\",\"@id\":\"https:\\\/\\\/fuentesfidedignas.com.mx\\\/index.php\\\/2021\\\/08\\\/31\\\/esto-es-lo-que-se-sabe-sobre-c-1-2-la-nueva-variante-de-coronavirus-de-sudafrica-altamente-mutada\\\/#primaryimage\",\"url\":\"https:\\\/\\\/fuentesfidedignas.com.mx\\\/wp-content\\\/uploads\\\/2021\\\/08\\\/brasil-variante-covid-640x360-1.jpg\",\"contentUrl\":\"https:\\\/\\\/fuentesfidedignas.com.mx\\\/wp-content\\\/uploads\\\/2021\\\/08\\\/brasil-variante-covid-640x360-1.jpg\",\"width\":640,\"height\":360},{\"@type\":\"BreadcrumbList\",\"@id\":\"https:\\\/\\\/fuentesfidedignas.com.mx\\\/index.php\\\/2021\\\/08\\\/31\\\/esto-es-lo-que-se-sabe-sobre-c-1-2-la-nueva-variante-de-coronavirus-de-sudafrica-altamente-mutada\\\/#breadcrumb\",\"itemListElement\":[{\"@type\":\"ListItem\",\"position\":1,\"name\":\"Inicio\",\"item\":\"https:\\\/\\\/fuentesfidedignas.com.mx\\\/\"},{\"@type\":\"ListItem\",\"position\":2,\"name\":\"Esto es lo que se sabe sobre C.1.2: la nueva variante de coronavirus de Sud\u00e1frica altamente mutada\"}]},{\"@type\":\"WebSite\",\"@id\":\"https:\\\/\\\/fuentesfidedignas.com.mx\\\/#website\",\"url\":\"https:\\\/\\\/fuentesfidedignas.com.mx\\\/\",\"name\":\"Fuentes Fidedignas\",\"description\":\"Otro sitio realizado con WordPress\",\"publisher\":{\"@id\":\"https:\\\/\\\/fuentesfidedignas.com.mx\\\/#organization\"},\"potentialAction\":[{\"@type\":\"SearchAction\",\"target\":{\"@type\":\"EntryPoint\",\"urlTemplate\":\"https:\\\/\\\/fuentesfidedignas.com.mx\\\/?s={search_term_string}\"},\"query-input\":{\"@type\":\"PropertyValueSpecification\",\"valueRequired\":true,\"valueName\":\"search_term_string\"}}],\"inLanguage\":\"es\"},{\"@type\":\"Organization\",\"@id\":\"https:\\\/\\\/fuentesfidedignas.com.mx\\\/#organization\",\"name\":\"Fuentes Fidedignas\",\"url\":\"https:\\\/\\\/fuentesfidedignas.com.mx\\\/\",\"logo\":{\"@type\":\"ImageObject\",\"inLanguage\":\"es\",\"@id\":\"https:\\\/\\\/fuentesfidedignas.com.mx\\\/#\\\/schema\\\/logo\\\/image\\\/\",\"url\":\"https:\\\/\\\/fuentesfidedignas.com.mx\\\/wp-content\\\/uploads\\\/2021\\\/04\\\/logo-retina.png\",\"contentUrl\":\"https:\\\/\\\/fuentesfidedignas.com.mx\\\/wp-content\\\/uploads\\\/2021\\\/04\\\/logo-retina.png\",\"width\":280,\"height\":51,\"caption\":\"Fuentes Fidedignas\"},\"image\":{\"@id\":\"https:\\\/\\\/fuentesfidedignas.com.mx\\\/#\\\/schema\\\/logo\\\/image\\\/\"},\"sameAs\":[\"https:\\\/\\\/www.facebook.com\\\/Fuentes-Fidedignas-368234489921644\",\"https:\\\/\\\/x.com\\\/fidedignas\"]},{\"@type\":\"Person\",\"@id\":\"https:\\\/\\\/fuentesfidedignas.com.mx\\\/#\\\/schema\\\/person\\\/5623d53fe2e579d825b1679734abcc44\",\"name\":\"Forbes\",\"image\":{\"@type\":\"ImageObject\",\"inLanguage\":\"es\",\"@id\":\"https:\\\/\\\/secure.gravatar.com\\\/avatar\\\/87ce3dd4e41e60c22a79c758614f01a6bc2469255fc936ec7b15efb9bb5cb66f?s=96&d=mm&r=g\",\"url\":\"https:\\\/\\\/secure.gravatar.com\\\/avatar\\\/87ce3dd4e41e60c22a79c758614f01a6bc2469255fc936ec7b15efb9bb5cb66f?s=96&d=mm&r=g\",\"contentUrl\":\"https:\\\/\\\/secure.gravatar.com\\\/avatar\\\/87ce3dd4e41e60c22a79c758614f01a6bc2469255fc936ec7b15efb9bb5cb66f?s=96&d=mm&r=g\",\"caption\":\"Forbes\"},\"url\":\"https:\\\/\\\/fuentesfidedignas.com.mx\\\/index.php\\\/author\\\/forbes\\\/\"}]}<\/script>\n<!-- \/ Yoast SEO plugin. -->","yoast_head_json":{"title":"Esto es lo que se sabe sobre C.1.2: la nueva variante de coronavirus de Sud\u00e1frica altamente mutada - Fuentes Fidedignas","robots":{"index":"index","follow":"follow","max-snippet":"max-snippet:-1","max-image-preview":"max-image-preview:large","max-video-preview":"max-video-preview:-1"},"canonical":"https:\/\/fuentesfidedignas.com.mx\/index.php\/2021\/08\/31\/esto-es-lo-que-se-sabe-sobre-c-1-2-la-nueva-variante-de-coronavirus-de-sudafrica-altamente-mutada\/","og_locale":"es_MX","og_type":"article","og_title":"Esto es lo que se sabe sobre C.1.2: la nueva variante de coronavirus de Sud\u00e1frica altamente mutada - Fuentes Fidedignas","og_description":"Los autores del estudio dijeron que est\u00e1n preocupados por esta variante debido a la rapidez con la que ha mutado: est\u00e1 entre 44 y 59 mutaciones del virus original detectado en Wuhan. Ciudad de M\u00e9xico.- Ha habido muchos rumores desde la semana pasada sobre una nueva variante de coronavirus identificada en Sud\u00e1frica que parece tener [&hellip;]","og_url":"https:\/\/fuentesfidedignas.com.mx\/index.php\/2021\/08\/31\/esto-es-lo-que-se-sabe-sobre-c-1-2-la-nueva-variante-de-coronavirus-de-sudafrica-altamente-mutada\/","og_site_name":"Fuentes Fidedignas","article_publisher":"https:\/\/www.facebook.com\/Fuentes-Fidedignas-368234489921644","article_published_time":"2021-08-31T23:08:04+00:00","article_modified_time":"2021-08-31T23:08:05+00:00","og_image":[{"width":640,"height":360,"url":"https:\/\/fuentesfidedignas.com.mx\/wp-content\/uploads\/2021\/08\/brasil-variante-covid-640x360-1.jpg","type":"image\/jpeg"}],"author":"Forbes","twitter_card":"summary_large_image","twitter_creator":"@fidedignas","twitter_site":"@fidedignas","twitter_misc":{"Escrito por":"Forbes","Tiempo de lectura":"4 minutos"},"schema":{"@context":"https:\/\/schema.org","@graph":[{"@type":"Article","@id":"https:\/\/fuentesfidedignas.com.mx\/index.php\/2021\/08\/31\/esto-es-lo-que-se-sabe-sobre-c-1-2-la-nueva-variante-de-coronavirus-de-sudafrica-altamente-mutada\/#article","isPartOf":{"@id":"https:\/\/fuentesfidedignas.com.mx\/index.php\/2021\/08\/31\/esto-es-lo-que-se-sabe-sobre-c-1-2-la-nueva-variante-de-coronavirus-de-sudafrica-altamente-mutada\/"},"author":{"name":"Forbes","@id":"https:\/\/fuentesfidedignas.com.mx\/#\/schema\/person\/5623d53fe2e579d825b1679734abcc44"},"headline":"Esto es lo que se sabe sobre C.1.2: la nueva variante de coronavirus de Sud\u00e1frica altamente mutada","datePublished":"2021-08-31T23:08:04+00:00","dateModified":"2021-08-31T23:08:05+00:00","mainEntityOfPage":{"@id":"https:\/\/fuentesfidedignas.com.mx\/index.php\/2021\/08\/31\/esto-es-lo-que-se-sabe-sobre-c-1-2-la-nueva-variante-de-coronavirus-de-sudafrica-altamente-mutada\/"},"wordCount":835,"commentCount":0,"publisher":{"@id":"https:\/\/fuentesfidedignas.com.mx\/#organization"},"image":{"@id":"https:\/\/fuentesfidedignas.com.mx\/index.php\/2021\/08\/31\/esto-es-lo-que-se-sabe-sobre-c-1-2-la-nueva-variante-de-coronavirus-de-sudafrica-altamente-mutada\/#primaryimage"},"thumbnailUrl":"https:\/\/fuentesfidedignas.com.mx\/wp-content\/uploads\/2021\/08\/brasil-variante-covid-640x360-1.jpg","keywords":["Coronavirus","Covid-19","SARS-CoV-2"],"articleSection":["NOTICIAS NACIONALES"],"inLanguage":"es","potentialAction":[{"@type":"CommentAction","name":"Comment","target":["https:\/\/fuentesfidedignas.com.mx\/index.php\/2021\/08\/31\/esto-es-lo-que-se-sabe-sobre-c-1-2-la-nueva-variante-de-coronavirus-de-sudafrica-altamente-mutada\/#respond"]}]},{"@type":"WebPage","@id":"https:\/\/fuentesfidedignas.com.mx\/index.php\/2021\/08\/31\/esto-es-lo-que-se-sabe-sobre-c-1-2-la-nueva-variante-de-coronavirus-de-sudafrica-altamente-mutada\/","url":"https:\/\/fuentesfidedignas.com.mx\/index.php\/2021\/08\/31\/esto-es-lo-que-se-sabe-sobre-c-1-2-la-nueva-variante-de-coronavirus-de-sudafrica-altamente-mutada\/","name":"Esto es lo que se sabe sobre C.1.2: la nueva variante de coronavirus de Sud\u00e1frica altamente mutada - Fuentes Fidedignas","isPartOf":{"@id":"https:\/\/fuentesfidedignas.com.mx\/#website"},"primaryImageOfPage":{"@id":"https:\/\/fuentesfidedignas.com.mx\/index.php\/2021\/08\/31\/esto-es-lo-que-se-sabe-sobre-c-1-2-la-nueva-variante-de-coronavirus-de-sudafrica-altamente-mutada\/#primaryimage"},"image":{"@id":"https:\/\/fuentesfidedignas.com.mx\/index.php\/2021\/08\/31\/esto-es-lo-que-se-sabe-sobre-c-1-2-la-nueva-variante-de-coronavirus-de-sudafrica-altamente-mutada\/#primaryimage"},"thumbnailUrl":"https:\/\/fuentesfidedignas.com.mx\/wp-content\/uploads\/2021\/08\/brasil-variante-covid-640x360-1.jpg","datePublished":"2021-08-31T23:08:04+00:00","dateModified":"2021-08-31T23:08:05+00:00","breadcrumb":{"@id":"https:\/\/fuentesfidedignas.com.mx\/index.php\/2021\/08\/31\/esto-es-lo-que-se-sabe-sobre-c-1-2-la-nueva-variante-de-coronavirus-de-sudafrica-altamente-mutada\/#breadcrumb"},"inLanguage":"es","potentialAction":[{"@type":"ReadAction","target":["https:\/\/fuentesfidedignas.com.mx\/index.php\/2021\/08\/31\/esto-es-lo-que-se-sabe-sobre-c-1-2-la-nueva-variante-de-coronavirus-de-sudafrica-altamente-mutada\/"]}]},{"@type":"ImageObject","inLanguage":"es","@id":"https:\/\/fuentesfidedignas.com.mx\/index.php\/2021\/08\/31\/esto-es-lo-que-se-sabe-sobre-c-1-2-la-nueva-variante-de-coronavirus-de-sudafrica-altamente-mutada\/#primaryimage","url":"https:\/\/fuentesfidedignas.com.mx\/wp-content\/uploads\/2021\/08\/brasil-variante-covid-640x360-1.jpg","contentUrl":"https:\/\/fuentesfidedignas.com.mx\/wp-content\/uploads\/2021\/08\/brasil-variante-covid-640x360-1.jpg","width":640,"height":360},{"@type":"BreadcrumbList","@id":"https:\/\/fuentesfidedignas.com.mx\/index.php\/2021\/08\/31\/esto-es-lo-que-se-sabe-sobre-c-1-2-la-nueva-variante-de-coronavirus-de-sudafrica-altamente-mutada\/#breadcrumb","itemListElement":[{"@type":"ListItem","position":1,"name":"Inicio","item":"https:\/\/fuentesfidedignas.com.mx\/"},{"@type":"ListItem","position":2,"name":"Esto es lo que se sabe sobre C.1.2: la nueva variante de coronavirus de Sud\u00e1frica altamente mutada"}]},{"@type":"WebSite","@id":"https:\/\/fuentesfidedignas.com.mx\/#website","url":"https:\/\/fuentesfidedignas.com.mx\/","name":"Fuentes Fidedignas","description":"Otro sitio realizado con WordPress","publisher":{"@id":"https:\/\/fuentesfidedignas.com.mx\/#organization"},"potentialAction":[{"@type":"SearchAction","target":{"@type":"EntryPoint","urlTemplate":"https:\/\/fuentesfidedignas.com.mx\/?s={search_term_string}"},"query-input":{"@type":"PropertyValueSpecification","valueRequired":true,"valueName":"search_term_string"}}],"inLanguage":"es"},{"@type":"Organization","@id":"https:\/\/fuentesfidedignas.com.mx\/#organization","name":"Fuentes Fidedignas","url":"https:\/\/fuentesfidedignas.com.mx\/","logo":{"@type":"ImageObject","inLanguage":"es","@id":"https:\/\/fuentesfidedignas.com.mx\/#\/schema\/logo\/image\/","url":"https:\/\/fuentesfidedignas.com.mx\/wp-content\/uploads\/2021\/04\/logo-retina.png","contentUrl":"https:\/\/fuentesfidedignas.com.mx\/wp-content\/uploads\/2021\/04\/logo-retina.png","width":280,"height":51,"caption":"Fuentes Fidedignas"},"image":{"@id":"https:\/\/fuentesfidedignas.com.mx\/#\/schema\/logo\/image\/"},"sameAs":["https:\/\/www.facebook.com\/Fuentes-Fidedignas-368234489921644","https:\/\/x.com\/fidedignas"]},{"@type":"Person","@id":"https:\/\/fuentesfidedignas.com.mx\/#\/schema\/person\/5623d53fe2e579d825b1679734abcc44","name":"Forbes","image":{"@type":"ImageObject","inLanguage":"es","@id":"https:\/\/secure.gravatar.com\/avatar\/87ce3dd4e41e60c22a79c758614f01a6bc2469255fc936ec7b15efb9bb5cb66f?s=96&d=mm&r=g","url":"https:\/\/secure.gravatar.com\/avatar\/87ce3dd4e41e60c22a79c758614f01a6bc2469255fc936ec7b15efb9bb5cb66f?s=96&d=mm&r=g","contentUrl":"https:\/\/secure.gravatar.com\/avatar\/87ce3dd4e41e60c22a79c758614f01a6bc2469255fc936ec7b15efb9bb5cb66f?s=96&d=mm&r=g","caption":"Forbes"},"url":"https:\/\/fuentesfidedignas.com.mx\/index.php\/author\/forbes\/"}]}},"_links":{"self":[{"href":"https:\/\/fuentesfidedignas.com.mx\/index.php\/wp-json\/wp\/v2\/posts\/11402","targetHints":{"allow":["GET"]}}],"collection":[{"href":"https:\/\/fuentesfidedignas.com.mx\/index.php\/wp-json\/wp\/v2\/posts"}],"about":[{"href":"https:\/\/fuentesfidedignas.com.mx\/index.php\/wp-json\/wp\/v2\/types\/post"}],"author":[{"embeddable":true,"href":"https:\/\/fuentesfidedignas.com.mx\/index.php\/wp-json\/wp\/v2\/users\/5"}],"replies":[{"embeddable":true,"href":"https:\/\/fuentesfidedignas.com.mx\/index.php\/wp-json\/wp\/v2\/comments?post=11402"}],"version-history":[{"count":1,"href":"https:\/\/fuentesfidedignas.com.mx\/index.php\/wp-json\/wp\/v2\/posts\/11402\/revisions"}],"predecessor-version":[{"id":11404,"href":"https:\/\/fuentesfidedignas.com.mx\/index.php\/wp-json\/wp\/v2\/posts\/11402\/revisions\/11404"}],"wp:featuredmedia":[{"embeddable":true,"href":"https:\/\/fuentesfidedignas.com.mx\/index.php\/wp-json\/wp\/v2\/media\/11403"}],"wp:attachment":[{"href":"https:\/\/fuentesfidedignas.com.mx\/index.php\/wp-json\/wp\/v2\/media?parent=11402"}],"wp:term":[{"taxonomy":"category","embeddable":true,"href":"https:\/\/fuentesfidedignas.com.mx\/index.php\/wp-json\/wp\/v2\/categories?post=11402"},{"taxonomy":"post_tag","embeddable":true,"href":"https:\/\/fuentesfidedignas.com.mx\/index.php\/wp-json\/wp\/v2\/tags?post=11402"}],"curies":[{"name":"wp","href":"https:\/\/api.w.org\/{rel}","templated":true}]}}