{"id":114006,"date":"2025-07-31T02:23:00","date_gmt":"2025-07-31T09:23:00","guid":{"rendered":"https:\/\/fuentesfidedignas.com.mx\/?p=114006"},"modified":"2025-07-30T23:23:31","modified_gmt":"2025-07-31T06:23:31","slug":"la-primera-modelo-creada-por-ia-llega-a-vogue-y-genera-intensa-polemica","status":"publish","type":"post","link":"https:\/\/fuentesfidedignas.com.mx\/index.php\/2025\/07\/31\/la-primera-modelo-creada-por-ia-llega-a-vogue-y-genera-intensa-polemica\/","title":{"rendered":"La primera modelo creada por IA llega a Vogue y genera intensa pol\u00e9mica"},"content":{"rendered":"\n<p><\/p>\n\n\n\n<p><strong><em>La publicaci\u00f3n de moda utiliz\u00f3 por primera vez una modelo IA en un anuncio, desatando el debate sobre la est\u00e9tica<\/em><\/strong><\/p>\n\n\n\n<p>El mundo de la moda est\u00e1 a un paso de cambiar para siempre con la integraci\u00f3n de una modelo hecha con Inteligencia Artificial, en una campa\u00f1a en la revista estadounidense Vogue. Su presencia gener\u00f3 pol\u00e9mica, pero tambi\u00e9n marc\u00f3 un hito en la industria editorial.<\/p>\n\n\n\n<p>Esta modelo generada digitalmente es parte de una campa\u00f1a publicitaria publicada en Vogue, como parte de un anuncio de la marca Guess en su edici\u00f3n de agosto.<\/p>\n\n\n\n<p>Mientras algunos ven innovaci\u00f3n, otros cuestionan c\u00f3mo esto redefine los est\u00e1ndares de belleza y pone en tensi\u00f3n la autenticidad. Aunque esta incorporaci\u00f3n hecha digitalmente ya ha generado reacciones por todo el mundo, no solo por esta vez, sino por otras anteriores.<\/p>\n\n\n\n<p><br><strong>\u00bfLa primera modelo hecha con IA en Vogue?<\/strong><\/p>\n\n\n\n<p>Aunque Vogue aclara que se trat\u00f3 de un anuncio pagado de Guess y no una elecci\u00f3n editorial directa del equipo de la revista, a las p\u00e1ginas lleg\u00f3 una modela hecha con IA, una creaci\u00f3n de la agencia digital Seraphinne Vallora.<\/p>\n\n\n\n<p>En peque\u00f1os detalles tipogr\u00e1ficos se advierte que la imagen fue \u201cproducida por Seraphinne Vallora con IA\u201d, aunque muchos lectores ni siquiera lo notaron al hojear la revista. La est\u00e9tica impecable de la modelo\u2014piel sin imperfecciones, rasgos sim\u00e9tricos, proporciones casi irreales\u2014ha sido catalogada como \u201cperfecta en exceso\u201d por cr\u00edticos y usuarios en redes sociales.<\/p>\n\n\n\n<p>En colaboraci\u00f3n con el cofundador de Guess, Paul Marciano, se desarrollaron varios prototipos; pero finalmente se eligi\u00f3 una figura femenina rubia y otra morena para desplegar la campa\u00f1a.<\/p>\n\n\n\n<p>El proceso creativo de generar im\u00e1genes con IA puede tomar semanas y requiere un equipo t\u00e9cnico y art\u00edstico. Sin embargo, las desarrolladoras aseguran que su modelo no reemplaza a los humanos, sino que se propone como una opci\u00f3n m\u00e1s en el repertorio publicitario.<\/p>\n\n\n\n<p>La modelo Felicity Hayward describi\u00f3 esta decisi\u00f3n como \u201cdesalentadora y bastante alarmante\u201d, advirtiendo que podr\u00eda retroceder d\u00e9cadas de progreso hacia m\u00e1s inclusi\u00f3n en la industria.<\/p>\n","protected":false},"excerpt":{"rendered":"<p>La publicaci\u00f3n de moda utiliz\u00f3 por primera vez una modelo IA en un anuncio, desatando el debate sobre la est\u00e9tica El mundo de la moda est\u00e1 a un paso de cambiar para siempre con la integraci\u00f3n de una modelo hecha con Inteligencia Artificial, en una campa\u00f1a en la revista estadounidense Vogue. Su presencia gener\u00f3 pol\u00e9mica, [&hellip;]<\/p>\n","protected":false},"author":7,"featured_media":114005,"comment_status":"closed","ping_status":"open","sticky":false,"template":"","format":"standard","meta":{"tdm_status":"","tdm_grid_status":"","footnotes":""},"categories":[40],"tags":[],"class_list":{"0":"post-114006","1":"post","2":"type-post","3":"status-publish","4":"format-standard","5":"has-post-thumbnail","7":"category-las-asombrosas"},"yoast_head":"<!-- This site is optimized with the Yoast SEO plugin v27.5 - https:\/\/yoast.com\/product\/yoast-seo-wordpress\/ -->\n<title>La primera modelo creada por IA llega a Vogue y genera intensa pol\u00e9mica - Fuentes Fidedignas<\/title>\n<meta name=\"robots\" content=\"index, follow, max-snippet:-1, max-image-preview:large, max-video-preview:-1\" \/>\n<link rel=\"canonical\" href=\"https:\/\/fuentesfidedignas.com.mx\/index.php\/2025\/07\/31\/la-primera-modelo-creada-por-ia-llega-a-vogue-y-genera-intensa-polemica\/\" \/>\n<meta property=\"og:locale\" content=\"es_MX\" \/>\n<meta property=\"og:type\" content=\"article\" \/>\n<meta property=\"og:title\" content=\"La primera modelo creada por IA llega a Vogue y genera intensa pol\u00e9mica - Fuentes Fidedignas\" \/>\n<meta property=\"og:description\" content=\"La publicaci\u00f3n de moda utiliz\u00f3 por primera vez una modelo IA en un anuncio, desatando el debate sobre la est\u00e9tica El mundo de la moda est\u00e1 a un paso de cambiar para siempre con la integraci\u00f3n de una modelo hecha con Inteligencia Artificial, en una campa\u00f1a en la revista estadounidense Vogue. Su presencia gener\u00f3 pol\u00e9mica, [&hellip;]\" \/>\n<meta property=\"og:url\" content=\"https:\/\/fuentesfidedignas.com.mx\/index.php\/2025\/07\/31\/la-primera-modelo-creada-por-ia-llega-a-vogue-y-genera-intensa-polemica\/\" \/>\n<meta property=\"og:site_name\" content=\"Fuentes Fidedignas\" \/>\n<meta property=\"article:publisher\" content=\"https:\/\/www.facebook.com\/Fuentes-Fidedignas-368234489921644\" \/>\n<meta property=\"article:published_time\" content=\"2025-07-31T09:23:00+00:00\" \/>\n<meta property=\"og:image\" content=\"https:\/\/fuentesfidedignas.com.mx\/wp-content\/uploads\/2025\/07\/img_3817.jpg\" \/>\n\t<meta property=\"og:image:width\" content=\"380\" \/>\n\t<meta property=\"og:image:height\" content=\"308\" \/>\n\t<meta property=\"og:image:type\" content=\"image\/jpeg\" \/>\n<meta name=\"author\" content=\"Exc\u00e9lsior\" \/>\n<meta name=\"twitter:card\" content=\"summary_large_image\" \/>\n<meta name=\"twitter:creator\" content=\"@fidedignas\" \/>\n<meta name=\"twitter:site\" content=\"@fidedignas\" \/>\n<meta name=\"twitter:label1\" content=\"Escrito por\" \/>\n\t<meta name=\"twitter:data1\" content=\"Exc\u00e9lsior\" \/>\n\t<meta name=\"twitter:label2\" content=\"Tiempo de lectura\" \/>\n\t<meta name=\"twitter:data2\" content=\"2 minutos\" \/>\n<script type=\"application\/ld+json\" class=\"yoast-schema-graph\">{\"@context\":\"https:\\\/\\\/schema.org\",\"@graph\":[{\"@type\":\"Article\",\"@id\":\"https:\\\/\\\/fuentesfidedignas.com.mx\\\/index.php\\\/2025\\\/07\\\/31\\\/la-primera-modelo-creada-por-ia-llega-a-vogue-y-genera-intensa-polemica\\\/#article\",\"isPartOf\":{\"@id\":\"https:\\\/\\\/fuentesfidedignas.com.mx\\\/index.php\\\/2025\\\/07\\\/31\\\/la-primera-modelo-creada-por-ia-llega-a-vogue-y-genera-intensa-polemica\\\/\"},\"author\":{\"name\":\"Exc\u00e9lsior\",\"@id\":\"https:\\\/\\\/fuentesfidedignas.com.mx\\\/#\\\/schema\\\/person\\\/ec4edd1fbf5efa3e44fce34fe2787780\"},\"headline\":\"La primera modelo creada por IA llega a Vogue y genera intensa pol\u00e9mica\",\"datePublished\":\"2025-07-31T09:23:00+00:00\",\"mainEntityOfPage\":{\"@id\":\"https:\\\/\\\/fuentesfidedignas.com.mx\\\/index.php\\\/2025\\\/07\\\/31\\\/la-primera-modelo-creada-por-ia-llega-a-vogue-y-genera-intensa-polemica\\\/\"},\"wordCount\":378,\"publisher\":{\"@id\":\"https:\\\/\\\/fuentesfidedignas.com.mx\\\/#organization\"},\"image\":{\"@id\":\"https:\\\/\\\/fuentesfidedignas.com.mx\\\/index.php\\\/2025\\\/07\\\/31\\\/la-primera-modelo-creada-por-ia-llega-a-vogue-y-genera-intensa-polemica\\\/#primaryimage\"},\"thumbnailUrl\":\"https:\\\/\\\/fuentesfidedignas.com.mx\\\/wp-content\\\/uploads\\\/2025\\\/07\\\/img_3817.jpg\",\"articleSection\":[\"LAS ASOMBROSAS\"],\"inLanguage\":\"es\"},{\"@type\":\"WebPage\",\"@id\":\"https:\\\/\\\/fuentesfidedignas.com.mx\\\/index.php\\\/2025\\\/07\\\/31\\\/la-primera-modelo-creada-por-ia-llega-a-vogue-y-genera-intensa-polemica\\\/\",\"url\":\"https:\\\/\\\/fuentesfidedignas.com.mx\\\/index.php\\\/2025\\\/07\\\/31\\\/la-primera-modelo-creada-por-ia-llega-a-vogue-y-genera-intensa-polemica\\\/\",\"name\":\"La primera modelo creada por IA llega a Vogue y genera intensa pol\u00e9mica - Fuentes Fidedignas\",\"isPartOf\":{\"@id\":\"https:\\\/\\\/fuentesfidedignas.com.mx\\\/#website\"},\"primaryImageOfPage\":{\"@id\":\"https:\\\/\\\/fuentesfidedignas.com.mx\\\/index.php\\\/2025\\\/07\\\/31\\\/la-primera-modelo-creada-por-ia-llega-a-vogue-y-genera-intensa-polemica\\\/#primaryimage\"},\"image\":{\"@id\":\"https:\\\/\\\/fuentesfidedignas.com.mx\\\/index.php\\\/2025\\\/07\\\/31\\\/la-primera-modelo-creada-por-ia-llega-a-vogue-y-genera-intensa-polemica\\\/#primaryimage\"},\"thumbnailUrl\":\"https:\\\/\\\/fuentesfidedignas.com.mx\\\/wp-content\\\/uploads\\\/2025\\\/07\\\/img_3817.jpg\",\"datePublished\":\"2025-07-31T09:23:00+00:00\",\"breadcrumb\":{\"@id\":\"https:\\\/\\\/fuentesfidedignas.com.mx\\\/index.php\\\/2025\\\/07\\\/31\\\/la-primera-modelo-creada-por-ia-llega-a-vogue-y-genera-intensa-polemica\\\/#breadcrumb\"},\"inLanguage\":\"es\",\"potentialAction\":[{\"@type\":\"ReadAction\",\"target\":[\"https:\\\/\\\/fuentesfidedignas.com.mx\\\/index.php\\\/2025\\\/07\\\/31\\\/la-primera-modelo-creada-por-ia-llega-a-vogue-y-genera-intensa-polemica\\\/\"]}]},{\"@type\":\"ImageObject\",\"inLanguage\":\"es\",\"@id\":\"https:\\\/\\\/fuentesfidedignas.com.mx\\\/index.php\\\/2025\\\/07\\\/31\\\/la-primera-modelo-creada-por-ia-llega-a-vogue-y-genera-intensa-polemica\\\/#primaryimage\",\"url\":\"https:\\\/\\\/fuentesfidedignas.com.mx\\\/wp-content\\\/uploads\\\/2025\\\/07\\\/img_3817.jpg\",\"contentUrl\":\"https:\\\/\\\/fuentesfidedignas.com.mx\\\/wp-content\\\/uploads\\\/2025\\\/07\\\/img_3817.jpg\",\"width\":380,\"height\":308},{\"@type\":\"BreadcrumbList\",\"@id\":\"https:\\\/\\\/fuentesfidedignas.com.mx\\\/index.php\\\/2025\\\/07\\\/31\\\/la-primera-modelo-creada-por-ia-llega-a-vogue-y-genera-intensa-polemica\\\/#breadcrumb\",\"itemListElement\":[{\"@type\":\"ListItem\",\"position\":1,\"name\":\"Inicio\",\"item\":\"https:\\\/\\\/fuentesfidedignas.com.mx\\\/\"},{\"@type\":\"ListItem\",\"position\":2,\"name\":\"La primera modelo creada por IA llega a Vogue y genera intensa pol\u00e9mica\"}]},{\"@type\":\"WebSite\",\"@id\":\"https:\\\/\\\/fuentesfidedignas.com.mx\\\/#website\",\"url\":\"https:\\\/\\\/fuentesfidedignas.com.mx\\\/\",\"name\":\"Fuentes Fidedignas\",\"description\":\"Otro sitio realizado con WordPress\",\"publisher\":{\"@id\":\"https:\\\/\\\/fuentesfidedignas.com.mx\\\/#organization\"},\"potentialAction\":[{\"@type\":\"SearchAction\",\"target\":{\"@type\":\"EntryPoint\",\"urlTemplate\":\"https:\\\/\\\/fuentesfidedignas.com.mx\\\/?s={search_term_string}\"},\"query-input\":{\"@type\":\"PropertyValueSpecification\",\"valueRequired\":true,\"valueName\":\"search_term_string\"}}],\"inLanguage\":\"es\"},{\"@type\":\"Organization\",\"@id\":\"https:\\\/\\\/fuentesfidedignas.com.mx\\\/#organization\",\"name\":\"Fuentes Fidedignas\",\"url\":\"https:\\\/\\\/fuentesfidedignas.com.mx\\\/\",\"logo\":{\"@type\":\"ImageObject\",\"inLanguage\":\"es\",\"@id\":\"https:\\\/\\\/fuentesfidedignas.com.mx\\\/#\\\/schema\\\/logo\\\/image\\\/\",\"url\":\"https:\\\/\\\/fuentesfidedignas.com.mx\\\/wp-content\\\/uploads\\\/2021\\\/04\\\/logo-retina.png\",\"contentUrl\":\"https:\\\/\\\/fuentesfidedignas.com.mx\\\/wp-content\\\/uploads\\\/2021\\\/04\\\/logo-retina.png\",\"width\":280,\"height\":51,\"caption\":\"Fuentes Fidedignas\"},\"image\":{\"@id\":\"https:\\\/\\\/fuentesfidedignas.com.mx\\\/#\\\/schema\\\/logo\\\/image\\\/\"},\"sameAs\":[\"https:\\\/\\\/www.facebook.com\\\/Fuentes-Fidedignas-368234489921644\",\"https:\\\/\\\/x.com\\\/fidedignas\"]},{\"@type\":\"Person\",\"@id\":\"https:\\\/\\\/fuentesfidedignas.com.mx\\\/#\\\/schema\\\/person\\\/ec4edd1fbf5efa3e44fce34fe2787780\",\"name\":\"Exc\u00e9lsior\",\"image\":{\"@type\":\"ImageObject\",\"inLanguage\":\"es\",\"@id\":\"https:\\\/\\\/secure.gravatar.com\\\/avatar\\\/4b7ee9206b48be08447852b3f0814dbc7c0f3b51541b164f1464a2725614020b?s=96&d=mm&r=g\",\"url\":\"https:\\\/\\\/secure.gravatar.com\\\/avatar\\\/4b7ee9206b48be08447852b3f0814dbc7c0f3b51541b164f1464a2725614020b?s=96&d=mm&r=g\",\"contentUrl\":\"https:\\\/\\\/secure.gravatar.com\\\/avatar\\\/4b7ee9206b48be08447852b3f0814dbc7c0f3b51541b164f1464a2725614020b?s=96&d=mm&r=g\",\"caption\":\"Exc\u00e9lsior\"},\"url\":\"https:\\\/\\\/fuentesfidedignas.com.mx\\\/index.php\\\/author\\\/excelsior\\\/\"}]}<\/script>\n<!-- \/ Yoast SEO plugin. -->","yoast_head_json":{"title":"La primera modelo creada por IA llega a Vogue y genera intensa pol\u00e9mica - Fuentes Fidedignas","robots":{"index":"index","follow":"follow","max-snippet":"max-snippet:-1","max-image-preview":"max-image-preview:large","max-video-preview":"max-video-preview:-1"},"canonical":"https:\/\/fuentesfidedignas.com.mx\/index.php\/2025\/07\/31\/la-primera-modelo-creada-por-ia-llega-a-vogue-y-genera-intensa-polemica\/","og_locale":"es_MX","og_type":"article","og_title":"La primera modelo creada por IA llega a Vogue y genera intensa pol\u00e9mica - Fuentes Fidedignas","og_description":"La publicaci\u00f3n de moda utiliz\u00f3 por primera vez una modelo IA en un anuncio, desatando el debate sobre la est\u00e9tica El mundo de la moda est\u00e1 a un paso de cambiar para siempre con la integraci\u00f3n de una modelo hecha con Inteligencia Artificial, en una campa\u00f1a en la revista estadounidense Vogue. Su presencia gener\u00f3 pol\u00e9mica, [&hellip;]","og_url":"https:\/\/fuentesfidedignas.com.mx\/index.php\/2025\/07\/31\/la-primera-modelo-creada-por-ia-llega-a-vogue-y-genera-intensa-polemica\/","og_site_name":"Fuentes Fidedignas","article_publisher":"https:\/\/www.facebook.com\/Fuentes-Fidedignas-368234489921644","article_published_time":"2025-07-31T09:23:00+00:00","og_image":[{"width":380,"height":308,"url":"https:\/\/fuentesfidedignas.com.mx\/wp-content\/uploads\/2025\/07\/img_3817.jpg","type":"image\/jpeg"}],"author":"Exc\u00e9lsior","twitter_card":"summary_large_image","twitter_creator":"@fidedignas","twitter_site":"@fidedignas","twitter_misc":{"Escrito por":"Exc\u00e9lsior","Tiempo de lectura":"2 minutos"},"schema":{"@context":"https:\/\/schema.org","@graph":[{"@type":"Article","@id":"https:\/\/fuentesfidedignas.com.mx\/index.php\/2025\/07\/31\/la-primera-modelo-creada-por-ia-llega-a-vogue-y-genera-intensa-polemica\/#article","isPartOf":{"@id":"https:\/\/fuentesfidedignas.com.mx\/index.php\/2025\/07\/31\/la-primera-modelo-creada-por-ia-llega-a-vogue-y-genera-intensa-polemica\/"},"author":{"name":"Exc\u00e9lsior","@id":"https:\/\/fuentesfidedignas.com.mx\/#\/schema\/person\/ec4edd1fbf5efa3e44fce34fe2787780"},"headline":"La primera modelo creada por IA llega a Vogue y genera intensa pol\u00e9mica","datePublished":"2025-07-31T09:23:00+00:00","mainEntityOfPage":{"@id":"https:\/\/fuentesfidedignas.com.mx\/index.php\/2025\/07\/31\/la-primera-modelo-creada-por-ia-llega-a-vogue-y-genera-intensa-polemica\/"},"wordCount":378,"publisher":{"@id":"https:\/\/fuentesfidedignas.com.mx\/#organization"},"image":{"@id":"https:\/\/fuentesfidedignas.com.mx\/index.php\/2025\/07\/31\/la-primera-modelo-creada-por-ia-llega-a-vogue-y-genera-intensa-polemica\/#primaryimage"},"thumbnailUrl":"https:\/\/fuentesfidedignas.com.mx\/wp-content\/uploads\/2025\/07\/img_3817.jpg","articleSection":["LAS ASOMBROSAS"],"inLanguage":"es"},{"@type":"WebPage","@id":"https:\/\/fuentesfidedignas.com.mx\/index.php\/2025\/07\/31\/la-primera-modelo-creada-por-ia-llega-a-vogue-y-genera-intensa-polemica\/","url":"https:\/\/fuentesfidedignas.com.mx\/index.php\/2025\/07\/31\/la-primera-modelo-creada-por-ia-llega-a-vogue-y-genera-intensa-polemica\/","name":"La primera modelo creada por IA llega a Vogue y genera intensa pol\u00e9mica - Fuentes Fidedignas","isPartOf":{"@id":"https:\/\/fuentesfidedignas.com.mx\/#website"},"primaryImageOfPage":{"@id":"https:\/\/fuentesfidedignas.com.mx\/index.php\/2025\/07\/31\/la-primera-modelo-creada-por-ia-llega-a-vogue-y-genera-intensa-polemica\/#primaryimage"},"image":{"@id":"https:\/\/fuentesfidedignas.com.mx\/index.php\/2025\/07\/31\/la-primera-modelo-creada-por-ia-llega-a-vogue-y-genera-intensa-polemica\/#primaryimage"},"thumbnailUrl":"https:\/\/fuentesfidedignas.com.mx\/wp-content\/uploads\/2025\/07\/img_3817.jpg","datePublished":"2025-07-31T09:23:00+00:00","breadcrumb":{"@id":"https:\/\/fuentesfidedignas.com.mx\/index.php\/2025\/07\/31\/la-primera-modelo-creada-por-ia-llega-a-vogue-y-genera-intensa-polemica\/#breadcrumb"},"inLanguage":"es","potentialAction":[{"@type":"ReadAction","target":["https:\/\/fuentesfidedignas.com.mx\/index.php\/2025\/07\/31\/la-primera-modelo-creada-por-ia-llega-a-vogue-y-genera-intensa-polemica\/"]}]},{"@type":"ImageObject","inLanguage":"es","@id":"https:\/\/fuentesfidedignas.com.mx\/index.php\/2025\/07\/31\/la-primera-modelo-creada-por-ia-llega-a-vogue-y-genera-intensa-polemica\/#primaryimage","url":"https:\/\/fuentesfidedignas.com.mx\/wp-content\/uploads\/2025\/07\/img_3817.jpg","contentUrl":"https:\/\/fuentesfidedignas.com.mx\/wp-content\/uploads\/2025\/07\/img_3817.jpg","width":380,"height":308},{"@type":"BreadcrumbList","@id":"https:\/\/fuentesfidedignas.com.mx\/index.php\/2025\/07\/31\/la-primera-modelo-creada-por-ia-llega-a-vogue-y-genera-intensa-polemica\/#breadcrumb","itemListElement":[{"@type":"ListItem","position":1,"name":"Inicio","item":"https:\/\/fuentesfidedignas.com.mx\/"},{"@type":"ListItem","position":2,"name":"La primera modelo creada por IA llega a Vogue y genera intensa pol\u00e9mica"}]},{"@type":"WebSite","@id":"https:\/\/fuentesfidedignas.com.mx\/#website","url":"https:\/\/fuentesfidedignas.com.mx\/","name":"Fuentes Fidedignas","description":"Otro sitio realizado con WordPress","publisher":{"@id":"https:\/\/fuentesfidedignas.com.mx\/#organization"},"potentialAction":[{"@type":"SearchAction","target":{"@type":"EntryPoint","urlTemplate":"https:\/\/fuentesfidedignas.com.mx\/?s={search_term_string}"},"query-input":{"@type":"PropertyValueSpecification","valueRequired":true,"valueName":"search_term_string"}}],"inLanguage":"es"},{"@type":"Organization","@id":"https:\/\/fuentesfidedignas.com.mx\/#organization","name":"Fuentes Fidedignas","url":"https:\/\/fuentesfidedignas.com.mx\/","logo":{"@type":"ImageObject","inLanguage":"es","@id":"https:\/\/fuentesfidedignas.com.mx\/#\/schema\/logo\/image\/","url":"https:\/\/fuentesfidedignas.com.mx\/wp-content\/uploads\/2021\/04\/logo-retina.png","contentUrl":"https:\/\/fuentesfidedignas.com.mx\/wp-content\/uploads\/2021\/04\/logo-retina.png","width":280,"height":51,"caption":"Fuentes Fidedignas"},"image":{"@id":"https:\/\/fuentesfidedignas.com.mx\/#\/schema\/logo\/image\/"},"sameAs":["https:\/\/www.facebook.com\/Fuentes-Fidedignas-368234489921644","https:\/\/x.com\/fidedignas"]},{"@type":"Person","@id":"https:\/\/fuentesfidedignas.com.mx\/#\/schema\/person\/ec4edd1fbf5efa3e44fce34fe2787780","name":"Exc\u00e9lsior","image":{"@type":"ImageObject","inLanguage":"es","@id":"https:\/\/secure.gravatar.com\/avatar\/4b7ee9206b48be08447852b3f0814dbc7c0f3b51541b164f1464a2725614020b?s=96&d=mm&r=g","url":"https:\/\/secure.gravatar.com\/avatar\/4b7ee9206b48be08447852b3f0814dbc7c0f3b51541b164f1464a2725614020b?s=96&d=mm&r=g","contentUrl":"https:\/\/secure.gravatar.com\/avatar\/4b7ee9206b48be08447852b3f0814dbc7c0f3b51541b164f1464a2725614020b?s=96&d=mm&r=g","caption":"Exc\u00e9lsior"},"url":"https:\/\/fuentesfidedignas.com.mx\/index.php\/author\/excelsior\/"}]}},"_links":{"self":[{"href":"https:\/\/fuentesfidedignas.com.mx\/index.php\/wp-json\/wp\/v2\/posts\/114006","targetHints":{"allow":["GET"]}}],"collection":[{"href":"https:\/\/fuentesfidedignas.com.mx\/index.php\/wp-json\/wp\/v2\/posts"}],"about":[{"href":"https:\/\/fuentesfidedignas.com.mx\/index.php\/wp-json\/wp\/v2\/types\/post"}],"author":[{"embeddable":true,"href":"https:\/\/fuentesfidedignas.com.mx\/index.php\/wp-json\/wp\/v2\/users\/7"}],"replies":[{"embeddable":true,"href":"https:\/\/fuentesfidedignas.com.mx\/index.php\/wp-json\/wp\/v2\/comments?post=114006"}],"version-history":[{"count":1,"href":"https:\/\/fuentesfidedignas.com.mx\/index.php\/wp-json\/wp\/v2\/posts\/114006\/revisions"}],"predecessor-version":[{"id":114007,"href":"https:\/\/fuentesfidedignas.com.mx\/index.php\/wp-json\/wp\/v2\/posts\/114006\/revisions\/114007"}],"wp:featuredmedia":[{"embeddable":true,"href":"https:\/\/fuentesfidedignas.com.mx\/index.php\/wp-json\/wp\/v2\/media\/114005"}],"wp:attachment":[{"href":"https:\/\/fuentesfidedignas.com.mx\/index.php\/wp-json\/wp\/v2\/media?parent=114006"}],"wp:term":[{"taxonomy":"category","embeddable":true,"href":"https:\/\/fuentesfidedignas.com.mx\/index.php\/wp-json\/wp\/v2\/categories?post=114006"},{"taxonomy":"post_tag","embeddable":true,"href":"https:\/\/fuentesfidedignas.com.mx\/index.php\/wp-json\/wp\/v2\/tags?post=114006"}],"curies":[{"name":"wp","href":"https:\/\/api.w.org\/{rel}","templated":true}]}}