{"id":114003,"date":"2025-07-30T16:45:42","date_gmt":"2025-07-30T23:45:42","guid":{"rendered":"https:\/\/fuentesfidedignas.com.mx\/?p=114003"},"modified":"2025-07-30T16:45:42","modified_gmt":"2025-07-30T23:45:42","slug":"familias-sinaloenses-en-contra-de-la-imposicion-de-uniformes-neutros-en-las-escuelas-pan","status":"publish","type":"post","link":"https:\/\/fuentesfidedignas.com.mx\/index.php\/2025\/07\/30\/familias-sinaloenses-en-contra-de-la-imposicion-de-uniformes-neutros-en-las-escuelas-pan\/","title":{"rendered":"Familias sinaloenses en contra de la imposici\u00f3n de uniformes neutros en las escuelas: PAN"},"content":{"rendered":"\n<p><\/p>\n\n\n\n<p><em>El Partido Acci\u00f3n Nacional realiz\u00f3 encuesta para conocer la postura de los padres de familia<\/em><\/p>\n\n\n\n<p>Culiac\u00e1n, Sinaloa.- La presidenta del PAN Sinaloa, Wendy Barajas Cort\u00e9s, denunci\u00f3 que la propuesta de \u201cuniformes neutros\u201d en escuelas p\u00fablicas no es m\u00e1s que una cortina de humo para distraer a la sociedad mientras el gobierno evade su responsabilidad de garantizar lo verdaderamente prioritario: seguridad, salud y educaci\u00f3n con calidad.<\/p>\n\n\n\n<p>\u201cEs una ocurrencia ideol\u00f3gica que va en contra del sentido com\u00fan y del sentir de las familias sinaloenses. Morena no quiere resolver los problemas reales: quiere reeducar desde el Estado a nuestros hijos. Y eso no lo vamos a permitir\u201d, declar\u00f3 Barajas.<\/p>\n\n\n\n<p>Acci\u00f3n Nacional realiz\u00f3 una encuesta digital dirigida a madres y padres de familia, cuyo resultado fue que el 73% de los participantes rechazan la imposici\u00f3n de uniformes neutros. \u201cEs evidente que Sinaloa no est\u00e1 de acuerdo con esta agenda ideol\u00f3gica disfrazada de modernidad. Nuestros ni\u00f1os necesitan certezas, no confusi\u00f3n\u201d, puntualiz\u00f3 la dirigente estatal.<\/p>\n\n\n\n<p>Durante la rueda de prensa, la Diputada Roxana Rubio, coordinadora del Grupo Parlamentario del PAN, fue clara: \u201cQue primero eduquen en sus casas. Morena ya tiene suficientes problemas abiertos como para abrir uno m\u00e1s en el n\u00facleo m\u00e1s sagrado de nuestra sociedad: la familia\u201d.<\/p>\n\n\n\n<p>Tambi\u00e9n participaron representantes de la sociedad civil como Ana Laura Hern\u00e1ndez, presidenta de V\u00eda Familia, quien hizo un en\u00e9rgico llamado a detener esta iniciativa que \u201catenta contra el desarrollo emocional y psicol\u00f3gico de los menores\u201d. Con sustento cient\u00edfico, advirti\u00f3 que los ni\u00f1os no tienen la madurez neurol\u00f3gica para tomar decisiones sobre su identidad sexual, y que manipularlos desde temprana edad solo los convierte en blancos vulnerables.<\/p>\n\n\n\n<p>\u201cParen esta necedad de querer confundir a nuestros hijos\u201d, sentenci\u00f3. \u201cNo vamos a permitir que el Estado se entrometa en la crianza\u201d.<\/p>\n\n\n\n<p>Francisco Ortiz Castillo, del Frente Nacional de Asociaciones de Padres de Familia, se\u00f1al\u00f3 que esta imposici\u00f3n se quiere aprobar en vacaciones, cuando los padres no est\u00e1n enterados. \u201cEs una estrategia con alevos\u00eda. No se vale usar palabras como inclusi\u00f3n o respeto para imponer ideolog\u00eda. Con nuestros hijos, \u00a1no!\u201d.<\/p>\n\n\n\n<p>Desde el PAN Sinaloa, reiteramos que la familia es la base de toda sociedad fuerte y libre. Defenderla no es conservadurismo: es sentido com\u00fan. Decimos s\u00ed a la libertad de los padres para educar, s\u00ed a proteger la infancia, y no a las imposiciones ideol\u00f3gicas disfrazadas de tolerancia.<\/p>\n\n\n\n<p>El PAN est\u00e1 con las familias sinaloenses. Morena, una vez m\u00e1s, est\u00e1 contra ellas.<\/p>\n","protected":false},"excerpt":{"rendered":"<p>El Partido Acci\u00f3n Nacional realiz\u00f3 encuesta para conocer la postura de los padres de familia Culiac\u00e1n, Sinaloa.- La presidenta del PAN Sinaloa, Wendy Barajas Cort\u00e9s, denunci\u00f3 que la propuesta de \u201cuniformes neutros\u201d en escuelas p\u00fablicas no es m\u00e1s que una cortina de humo para distraer a la sociedad mientras el gobierno evade su responsabilidad de [&hellip;]<\/p>\n","protected":false},"author":4,"featured_media":114002,"comment_status":"closed","ping_status":"open","sticky":false,"template":"","format":"standard","meta":{"tdm_status":"","tdm_grid_status":"","footnotes":""},"categories":[37],"tags":[],"class_list":{"0":"post-114003","1":"post","2":"type-post","3":"status-publish","4":"format-standard","5":"has-post-thumbnail","7":"category-nota-principal"},"yoast_head":"<!-- This site is optimized with the Yoast SEO plugin v27.5 - https:\/\/yoast.com\/product\/yoast-seo-wordpress\/ -->\n<title>Familias sinaloenses en contra de la imposici\u00f3n de uniformes neutros en las escuelas: PAN - Fuentes Fidedignas<\/title>\n<meta name=\"robots\" content=\"index, follow, max-snippet:-1, max-image-preview:large, max-video-preview:-1\" \/>\n<link rel=\"canonical\" href=\"https:\/\/fuentesfidedignas.com.mx\/index.php\/2025\/07\/30\/familias-sinaloenses-en-contra-de-la-imposicion-de-uniformes-neutros-en-las-escuelas-pan\/\" \/>\n<meta property=\"og:locale\" content=\"es_MX\" \/>\n<meta property=\"og:type\" content=\"article\" \/>\n<meta property=\"og:title\" content=\"Familias sinaloenses en contra de la imposici\u00f3n de uniformes neutros en las escuelas: PAN - Fuentes Fidedignas\" \/>\n<meta property=\"og:description\" content=\"El Partido Acci\u00f3n Nacional realiz\u00f3 encuesta para conocer la postura de los padres de familia Culiac\u00e1n, Sinaloa.- La presidenta del PAN Sinaloa, Wendy Barajas Cort\u00e9s, denunci\u00f3 que la propuesta de \u201cuniformes neutros\u201d en escuelas p\u00fablicas no es m\u00e1s que una cortina de humo para distraer a la sociedad mientras el gobierno evade su responsabilidad de [&hellip;]\" \/>\n<meta property=\"og:url\" content=\"https:\/\/fuentesfidedignas.com.mx\/index.php\/2025\/07\/30\/familias-sinaloenses-en-contra-de-la-imposicion-de-uniformes-neutros-en-las-escuelas-pan\/\" \/>\n<meta property=\"og:site_name\" content=\"Fuentes Fidedignas\" \/>\n<meta property=\"article:publisher\" content=\"https:\/\/www.facebook.com\/Fuentes-Fidedignas-368234489921644\" \/>\n<meta property=\"article:published_time\" content=\"2025-07-30T23:45:42+00:00\" \/>\n<meta property=\"og:image\" content=\"https:\/\/fuentesfidedignas.com.mx\/wp-content\/uploads\/2025\/07\/a114134a-4540-4b8f-ab73-14f2165ae1e7.jpg\" \/>\n\t<meta property=\"og:image:width\" content=\"1600\" \/>\n\t<meta property=\"og:image:height\" content=\"1066\" \/>\n\t<meta property=\"og:image:type\" content=\"image\/jpeg\" \/>\n<meta name=\"author\" content=\"Redacci\u00f3n\" \/>\n<meta name=\"twitter:card\" content=\"summary_large_image\" \/>\n<meta name=\"twitter:creator\" content=\"@fidedignas\" \/>\n<meta name=\"twitter:site\" content=\"@fidedignas\" \/>\n<meta name=\"twitter:label1\" content=\"Escrito por\" \/>\n\t<meta name=\"twitter:data1\" content=\"Redacci\u00f3n\" \/>\n\t<meta name=\"twitter:label2\" content=\"Tiempo de lectura\" \/>\n\t<meta name=\"twitter:data2\" content=\"2 minutos\" \/>\n<script type=\"application\/ld+json\" class=\"yoast-schema-graph\">{\"@context\":\"https:\\\/\\\/schema.org\",\"@graph\":[{\"@type\":\"Article\",\"@id\":\"https:\\\/\\\/fuentesfidedignas.com.mx\\\/index.php\\\/2025\\\/07\\\/30\\\/familias-sinaloenses-en-contra-de-la-imposicion-de-uniformes-neutros-en-las-escuelas-pan\\\/#article\",\"isPartOf\":{\"@id\":\"https:\\\/\\\/fuentesfidedignas.com.mx\\\/index.php\\\/2025\\\/07\\\/30\\\/familias-sinaloenses-en-contra-de-la-imposicion-de-uniformes-neutros-en-las-escuelas-pan\\\/\"},\"author\":{\"name\":\"Redacci\u00f3n\",\"@id\":\"https:\\\/\\\/fuentesfidedignas.com.mx\\\/#\\\/schema\\\/person\\\/331be9283d37198e2acd5750279085b0\"},\"headline\":\"Familias sinaloenses en contra de la imposici\u00f3n de uniformes neutros en las escuelas: PAN\",\"datePublished\":\"2025-07-30T23:45:42+00:00\",\"mainEntityOfPage\":{\"@id\":\"https:\\\/\\\/fuentesfidedignas.com.mx\\\/index.php\\\/2025\\\/07\\\/30\\\/familias-sinaloenses-en-contra-de-la-imposicion-de-uniformes-neutros-en-las-escuelas-pan\\\/\"},\"wordCount\":450,\"publisher\":{\"@id\":\"https:\\\/\\\/fuentesfidedignas.com.mx\\\/#organization\"},\"image\":{\"@id\":\"https:\\\/\\\/fuentesfidedignas.com.mx\\\/index.php\\\/2025\\\/07\\\/30\\\/familias-sinaloenses-en-contra-de-la-imposicion-de-uniformes-neutros-en-las-escuelas-pan\\\/#primaryimage\"},\"thumbnailUrl\":\"https:\\\/\\\/fuentesfidedignas.com.mx\\\/wp-content\\\/uploads\\\/2025\\\/07\\\/a114134a-4540-4b8f-ab73-14f2165ae1e7.jpg\",\"articleSection\":[\"NOTA PRINCIPAL\"],\"inLanguage\":\"es\"},{\"@type\":\"WebPage\",\"@id\":\"https:\\\/\\\/fuentesfidedignas.com.mx\\\/index.php\\\/2025\\\/07\\\/30\\\/familias-sinaloenses-en-contra-de-la-imposicion-de-uniformes-neutros-en-las-escuelas-pan\\\/\",\"url\":\"https:\\\/\\\/fuentesfidedignas.com.mx\\\/index.php\\\/2025\\\/07\\\/30\\\/familias-sinaloenses-en-contra-de-la-imposicion-de-uniformes-neutros-en-las-escuelas-pan\\\/\",\"name\":\"Familias sinaloenses en contra de la imposici\u00f3n de uniformes neutros en las escuelas: PAN - Fuentes Fidedignas\",\"isPartOf\":{\"@id\":\"https:\\\/\\\/fuentesfidedignas.com.mx\\\/#website\"},\"primaryImageOfPage\":{\"@id\":\"https:\\\/\\\/fuentesfidedignas.com.mx\\\/index.php\\\/2025\\\/07\\\/30\\\/familias-sinaloenses-en-contra-de-la-imposicion-de-uniformes-neutros-en-las-escuelas-pan\\\/#primaryimage\"},\"image\":{\"@id\":\"https:\\\/\\\/fuentesfidedignas.com.mx\\\/index.php\\\/2025\\\/07\\\/30\\\/familias-sinaloenses-en-contra-de-la-imposicion-de-uniformes-neutros-en-las-escuelas-pan\\\/#primaryimage\"},\"thumbnailUrl\":\"https:\\\/\\\/fuentesfidedignas.com.mx\\\/wp-content\\\/uploads\\\/2025\\\/07\\\/a114134a-4540-4b8f-ab73-14f2165ae1e7.jpg\",\"datePublished\":\"2025-07-30T23:45:42+00:00\",\"breadcrumb\":{\"@id\":\"https:\\\/\\\/fuentesfidedignas.com.mx\\\/index.php\\\/2025\\\/07\\\/30\\\/familias-sinaloenses-en-contra-de-la-imposicion-de-uniformes-neutros-en-las-escuelas-pan\\\/#breadcrumb\"},\"inLanguage\":\"es\",\"potentialAction\":[{\"@type\":\"ReadAction\",\"target\":[\"https:\\\/\\\/fuentesfidedignas.com.mx\\\/index.php\\\/2025\\\/07\\\/30\\\/familias-sinaloenses-en-contra-de-la-imposicion-de-uniformes-neutros-en-las-escuelas-pan\\\/\"]}]},{\"@type\":\"ImageObject\",\"inLanguage\":\"es\",\"@id\":\"https:\\\/\\\/fuentesfidedignas.com.mx\\\/index.php\\\/2025\\\/07\\\/30\\\/familias-sinaloenses-en-contra-de-la-imposicion-de-uniformes-neutros-en-las-escuelas-pan\\\/#primaryimage\",\"url\":\"https:\\\/\\\/fuentesfidedignas.com.mx\\\/wp-content\\\/uploads\\\/2025\\\/07\\\/a114134a-4540-4b8f-ab73-14f2165ae1e7.jpg\",\"contentUrl\":\"https:\\\/\\\/fuentesfidedignas.com.mx\\\/wp-content\\\/uploads\\\/2025\\\/07\\\/a114134a-4540-4b8f-ab73-14f2165ae1e7.jpg\",\"width\":1600,\"height\":1066},{\"@type\":\"BreadcrumbList\",\"@id\":\"https:\\\/\\\/fuentesfidedignas.com.mx\\\/index.php\\\/2025\\\/07\\\/30\\\/familias-sinaloenses-en-contra-de-la-imposicion-de-uniformes-neutros-en-las-escuelas-pan\\\/#breadcrumb\",\"itemListElement\":[{\"@type\":\"ListItem\",\"position\":1,\"name\":\"Inicio\",\"item\":\"https:\\\/\\\/fuentesfidedignas.com.mx\\\/\"},{\"@type\":\"ListItem\",\"position\":2,\"name\":\"Familias sinaloenses en contra de la imposici\u00f3n de uniformes neutros en las escuelas: PAN\"}]},{\"@type\":\"WebSite\",\"@id\":\"https:\\\/\\\/fuentesfidedignas.com.mx\\\/#website\",\"url\":\"https:\\\/\\\/fuentesfidedignas.com.mx\\\/\",\"name\":\"Fuentes Fidedignas\",\"description\":\"Otro sitio realizado con WordPress\",\"publisher\":{\"@id\":\"https:\\\/\\\/fuentesfidedignas.com.mx\\\/#organization\"},\"potentialAction\":[{\"@type\":\"SearchAction\",\"target\":{\"@type\":\"EntryPoint\",\"urlTemplate\":\"https:\\\/\\\/fuentesfidedignas.com.mx\\\/?s={search_term_string}\"},\"query-input\":{\"@type\":\"PropertyValueSpecification\",\"valueRequired\":true,\"valueName\":\"search_term_string\"}}],\"inLanguage\":\"es\"},{\"@type\":\"Organization\",\"@id\":\"https:\\\/\\\/fuentesfidedignas.com.mx\\\/#organization\",\"name\":\"Fuentes Fidedignas\",\"url\":\"https:\\\/\\\/fuentesfidedignas.com.mx\\\/\",\"logo\":{\"@type\":\"ImageObject\",\"inLanguage\":\"es\",\"@id\":\"https:\\\/\\\/fuentesfidedignas.com.mx\\\/#\\\/schema\\\/logo\\\/image\\\/\",\"url\":\"https:\\\/\\\/fuentesfidedignas.com.mx\\\/wp-content\\\/uploads\\\/2021\\\/04\\\/logo-retina.png\",\"contentUrl\":\"https:\\\/\\\/fuentesfidedignas.com.mx\\\/wp-content\\\/uploads\\\/2021\\\/04\\\/logo-retina.png\",\"width\":280,\"height\":51,\"caption\":\"Fuentes Fidedignas\"},\"image\":{\"@id\":\"https:\\\/\\\/fuentesfidedignas.com.mx\\\/#\\\/schema\\\/logo\\\/image\\\/\"},\"sameAs\":[\"https:\\\/\\\/www.facebook.com\\\/Fuentes-Fidedignas-368234489921644\",\"https:\\\/\\\/x.com\\\/fidedignas\"]},{\"@type\":\"Person\",\"@id\":\"https:\\\/\\\/fuentesfidedignas.com.mx\\\/#\\\/schema\\\/person\\\/331be9283d37198e2acd5750279085b0\",\"name\":\"Redacci\u00f3n\",\"image\":{\"@type\":\"ImageObject\",\"inLanguage\":\"es\",\"@id\":\"https:\\\/\\\/secure.gravatar.com\\\/avatar\\\/f6d8782c11d12b2d4ad3fbb6931aeab5309937a4d6cd2fc9cfaa28a6396a5aec?s=96&d=mm&r=g\",\"url\":\"https:\\\/\\\/secure.gravatar.com\\\/avatar\\\/f6d8782c11d12b2d4ad3fbb6931aeab5309937a4d6cd2fc9cfaa28a6396a5aec?s=96&d=mm&r=g\",\"contentUrl\":\"https:\\\/\\\/secure.gravatar.com\\\/avatar\\\/f6d8782c11d12b2d4ad3fbb6931aeab5309937a4d6cd2fc9cfaa28a6396a5aec?s=96&d=mm&r=g\",\"caption\":\"Redacci\u00f3n\"},\"url\":\"https:\\\/\\\/fuentesfidedignas.com.mx\\\/index.php\\\/author\\\/redaccion\\\/\"}]}<\/script>\n<!-- \/ Yoast SEO plugin. -->","yoast_head_json":{"title":"Familias sinaloenses en contra de la imposici\u00f3n de uniformes neutros en las escuelas: PAN - Fuentes Fidedignas","robots":{"index":"index","follow":"follow","max-snippet":"max-snippet:-1","max-image-preview":"max-image-preview:large","max-video-preview":"max-video-preview:-1"},"canonical":"https:\/\/fuentesfidedignas.com.mx\/index.php\/2025\/07\/30\/familias-sinaloenses-en-contra-de-la-imposicion-de-uniformes-neutros-en-las-escuelas-pan\/","og_locale":"es_MX","og_type":"article","og_title":"Familias sinaloenses en contra de la imposici\u00f3n de uniformes neutros en las escuelas: PAN - Fuentes Fidedignas","og_description":"El Partido Acci\u00f3n Nacional realiz\u00f3 encuesta para conocer la postura de los padres de familia Culiac\u00e1n, Sinaloa.- La presidenta del PAN Sinaloa, Wendy Barajas Cort\u00e9s, denunci\u00f3 que la propuesta de \u201cuniformes neutros\u201d en escuelas p\u00fablicas no es m\u00e1s que una cortina de humo para distraer a la sociedad mientras el gobierno evade su responsabilidad de [&hellip;]","og_url":"https:\/\/fuentesfidedignas.com.mx\/index.php\/2025\/07\/30\/familias-sinaloenses-en-contra-de-la-imposicion-de-uniformes-neutros-en-las-escuelas-pan\/","og_site_name":"Fuentes Fidedignas","article_publisher":"https:\/\/www.facebook.com\/Fuentes-Fidedignas-368234489921644","article_published_time":"2025-07-30T23:45:42+00:00","og_image":[{"width":1600,"height":1066,"url":"https:\/\/fuentesfidedignas.com.mx\/wp-content\/uploads\/2025\/07\/a114134a-4540-4b8f-ab73-14f2165ae1e7.jpg","type":"image\/jpeg"}],"author":"Redacci\u00f3n","twitter_card":"summary_large_image","twitter_creator":"@fidedignas","twitter_site":"@fidedignas","twitter_misc":{"Escrito por":"Redacci\u00f3n","Tiempo de lectura":"2 minutos"},"schema":{"@context":"https:\/\/schema.org","@graph":[{"@type":"Article","@id":"https:\/\/fuentesfidedignas.com.mx\/index.php\/2025\/07\/30\/familias-sinaloenses-en-contra-de-la-imposicion-de-uniformes-neutros-en-las-escuelas-pan\/#article","isPartOf":{"@id":"https:\/\/fuentesfidedignas.com.mx\/index.php\/2025\/07\/30\/familias-sinaloenses-en-contra-de-la-imposicion-de-uniformes-neutros-en-las-escuelas-pan\/"},"author":{"name":"Redacci\u00f3n","@id":"https:\/\/fuentesfidedignas.com.mx\/#\/schema\/person\/331be9283d37198e2acd5750279085b0"},"headline":"Familias sinaloenses en contra de la imposici\u00f3n de uniformes neutros en las escuelas: PAN","datePublished":"2025-07-30T23:45:42+00:00","mainEntityOfPage":{"@id":"https:\/\/fuentesfidedignas.com.mx\/index.php\/2025\/07\/30\/familias-sinaloenses-en-contra-de-la-imposicion-de-uniformes-neutros-en-las-escuelas-pan\/"},"wordCount":450,"publisher":{"@id":"https:\/\/fuentesfidedignas.com.mx\/#organization"},"image":{"@id":"https:\/\/fuentesfidedignas.com.mx\/index.php\/2025\/07\/30\/familias-sinaloenses-en-contra-de-la-imposicion-de-uniformes-neutros-en-las-escuelas-pan\/#primaryimage"},"thumbnailUrl":"https:\/\/fuentesfidedignas.com.mx\/wp-content\/uploads\/2025\/07\/a114134a-4540-4b8f-ab73-14f2165ae1e7.jpg","articleSection":["NOTA PRINCIPAL"],"inLanguage":"es"},{"@type":"WebPage","@id":"https:\/\/fuentesfidedignas.com.mx\/index.php\/2025\/07\/30\/familias-sinaloenses-en-contra-de-la-imposicion-de-uniformes-neutros-en-las-escuelas-pan\/","url":"https:\/\/fuentesfidedignas.com.mx\/index.php\/2025\/07\/30\/familias-sinaloenses-en-contra-de-la-imposicion-de-uniformes-neutros-en-las-escuelas-pan\/","name":"Familias sinaloenses en contra de la imposici\u00f3n de uniformes neutros en las escuelas: PAN - Fuentes Fidedignas","isPartOf":{"@id":"https:\/\/fuentesfidedignas.com.mx\/#website"},"primaryImageOfPage":{"@id":"https:\/\/fuentesfidedignas.com.mx\/index.php\/2025\/07\/30\/familias-sinaloenses-en-contra-de-la-imposicion-de-uniformes-neutros-en-las-escuelas-pan\/#primaryimage"},"image":{"@id":"https:\/\/fuentesfidedignas.com.mx\/index.php\/2025\/07\/30\/familias-sinaloenses-en-contra-de-la-imposicion-de-uniformes-neutros-en-las-escuelas-pan\/#primaryimage"},"thumbnailUrl":"https:\/\/fuentesfidedignas.com.mx\/wp-content\/uploads\/2025\/07\/a114134a-4540-4b8f-ab73-14f2165ae1e7.jpg","datePublished":"2025-07-30T23:45:42+00:00","breadcrumb":{"@id":"https:\/\/fuentesfidedignas.com.mx\/index.php\/2025\/07\/30\/familias-sinaloenses-en-contra-de-la-imposicion-de-uniformes-neutros-en-las-escuelas-pan\/#breadcrumb"},"inLanguage":"es","potentialAction":[{"@type":"ReadAction","target":["https:\/\/fuentesfidedignas.com.mx\/index.php\/2025\/07\/30\/familias-sinaloenses-en-contra-de-la-imposicion-de-uniformes-neutros-en-las-escuelas-pan\/"]}]},{"@type":"ImageObject","inLanguage":"es","@id":"https:\/\/fuentesfidedignas.com.mx\/index.php\/2025\/07\/30\/familias-sinaloenses-en-contra-de-la-imposicion-de-uniformes-neutros-en-las-escuelas-pan\/#primaryimage","url":"https:\/\/fuentesfidedignas.com.mx\/wp-content\/uploads\/2025\/07\/a114134a-4540-4b8f-ab73-14f2165ae1e7.jpg","contentUrl":"https:\/\/fuentesfidedignas.com.mx\/wp-content\/uploads\/2025\/07\/a114134a-4540-4b8f-ab73-14f2165ae1e7.jpg","width":1600,"height":1066},{"@type":"BreadcrumbList","@id":"https:\/\/fuentesfidedignas.com.mx\/index.php\/2025\/07\/30\/familias-sinaloenses-en-contra-de-la-imposicion-de-uniformes-neutros-en-las-escuelas-pan\/#breadcrumb","itemListElement":[{"@type":"ListItem","position":1,"name":"Inicio","item":"https:\/\/fuentesfidedignas.com.mx\/"},{"@type":"ListItem","position":2,"name":"Familias sinaloenses en contra de la imposici\u00f3n de uniformes neutros en las escuelas: PAN"}]},{"@type":"WebSite","@id":"https:\/\/fuentesfidedignas.com.mx\/#website","url":"https:\/\/fuentesfidedignas.com.mx\/","name":"Fuentes Fidedignas","description":"Otro sitio realizado con WordPress","publisher":{"@id":"https:\/\/fuentesfidedignas.com.mx\/#organization"},"potentialAction":[{"@type":"SearchAction","target":{"@type":"EntryPoint","urlTemplate":"https:\/\/fuentesfidedignas.com.mx\/?s={search_term_string}"},"query-input":{"@type":"PropertyValueSpecification","valueRequired":true,"valueName":"search_term_string"}}],"inLanguage":"es"},{"@type":"Organization","@id":"https:\/\/fuentesfidedignas.com.mx\/#organization","name":"Fuentes Fidedignas","url":"https:\/\/fuentesfidedignas.com.mx\/","logo":{"@type":"ImageObject","inLanguage":"es","@id":"https:\/\/fuentesfidedignas.com.mx\/#\/schema\/logo\/image\/","url":"https:\/\/fuentesfidedignas.com.mx\/wp-content\/uploads\/2021\/04\/logo-retina.png","contentUrl":"https:\/\/fuentesfidedignas.com.mx\/wp-content\/uploads\/2021\/04\/logo-retina.png","width":280,"height":51,"caption":"Fuentes Fidedignas"},"image":{"@id":"https:\/\/fuentesfidedignas.com.mx\/#\/schema\/logo\/image\/"},"sameAs":["https:\/\/www.facebook.com\/Fuentes-Fidedignas-368234489921644","https:\/\/x.com\/fidedignas"]},{"@type":"Person","@id":"https:\/\/fuentesfidedignas.com.mx\/#\/schema\/person\/331be9283d37198e2acd5750279085b0","name":"Redacci\u00f3n","image":{"@type":"ImageObject","inLanguage":"es","@id":"https:\/\/secure.gravatar.com\/avatar\/f6d8782c11d12b2d4ad3fbb6931aeab5309937a4d6cd2fc9cfaa28a6396a5aec?s=96&d=mm&r=g","url":"https:\/\/secure.gravatar.com\/avatar\/f6d8782c11d12b2d4ad3fbb6931aeab5309937a4d6cd2fc9cfaa28a6396a5aec?s=96&d=mm&r=g","contentUrl":"https:\/\/secure.gravatar.com\/avatar\/f6d8782c11d12b2d4ad3fbb6931aeab5309937a4d6cd2fc9cfaa28a6396a5aec?s=96&d=mm&r=g","caption":"Redacci\u00f3n"},"url":"https:\/\/fuentesfidedignas.com.mx\/index.php\/author\/redaccion\/"}]}},"_links":{"self":[{"href":"https:\/\/fuentesfidedignas.com.mx\/index.php\/wp-json\/wp\/v2\/posts\/114003","targetHints":{"allow":["GET"]}}],"collection":[{"href":"https:\/\/fuentesfidedignas.com.mx\/index.php\/wp-json\/wp\/v2\/posts"}],"about":[{"href":"https:\/\/fuentesfidedignas.com.mx\/index.php\/wp-json\/wp\/v2\/types\/post"}],"author":[{"embeddable":true,"href":"https:\/\/fuentesfidedignas.com.mx\/index.php\/wp-json\/wp\/v2\/users\/4"}],"replies":[{"embeddable":true,"href":"https:\/\/fuentesfidedignas.com.mx\/index.php\/wp-json\/wp\/v2\/comments?post=114003"}],"version-history":[{"count":1,"href":"https:\/\/fuentesfidedignas.com.mx\/index.php\/wp-json\/wp\/v2\/posts\/114003\/revisions"}],"predecessor-version":[{"id":114004,"href":"https:\/\/fuentesfidedignas.com.mx\/index.php\/wp-json\/wp\/v2\/posts\/114003\/revisions\/114004"}],"wp:featuredmedia":[{"embeddable":true,"href":"https:\/\/fuentesfidedignas.com.mx\/index.php\/wp-json\/wp\/v2\/media\/114002"}],"wp:attachment":[{"href":"https:\/\/fuentesfidedignas.com.mx\/index.php\/wp-json\/wp\/v2\/media?parent=114003"}],"wp:term":[{"taxonomy":"category","embeddable":true,"href":"https:\/\/fuentesfidedignas.com.mx\/index.php\/wp-json\/wp\/v2\/categories?post=114003"},{"taxonomy":"post_tag","embeddable":true,"href":"https:\/\/fuentesfidedignas.com.mx\/index.php\/wp-json\/wp\/v2\/tags?post=114003"}],"curies":[{"name":"wp","href":"https:\/\/api.w.org\/{rel}","templated":true}]}}