{"id":113978,"date":"2025-07-30T12:39:32","date_gmt":"2025-07-30T19:39:32","guid":{"rendered":"https:\/\/fuentesfidedignas.com.mx\/?p=113978"},"modified":"2025-07-30T12:39:32","modified_gmt":"2025-07-30T19:39:32","slug":"autoridades-detienen-a-11-presuntos-delincuentes-asegura-armas-y-vehiculos","status":"publish","type":"post","link":"https:\/\/fuentesfidedignas.com.mx\/index.php\/2025\/07\/30\/autoridades-detienen-a-11-presuntos-delincuentes-asegura-armas-y-vehiculos\/","title":{"rendered":"Autoridades detienen a 11 presuntos delincuentes, asegura armas y veh\u00edculos"},"content":{"rendered":"\n<p><\/p>\n\n\n\n<p><em>\u2022 <strong>Fue en los municipios de Culiac\u00e1n, Mazatl\u00e1n, El Fuerte y Cosal\u00e1 que el Grupo Interinstitucional obtuvo estos resultados<\/strong><\/em><\/p>\n\n\n\n<p>Culiac\u00e1n, Sinaloa.- Mediante diversas acciones de seguridad en distintos municipios, autoridades que integran el Grupo Interinstitucional aseguraron a civiles, veh\u00edculos, armamento, equipo t\u00e1ctico y sustancias il\u00edcitas, adem\u00e1s dos personas fueron liberadas.<\/p>\n\n\n\n<p>En conferencia de prensa, Verona Hern\u00e1ndez Valenzuela, vocera de la Secretar\u00eda de Seguridad P\u00fablica del Estado, inform\u00f3 que, en la capital del estado, autoridades aseguraron en el sector Los \u00c1ngeles a tres civiles, cinco veh\u00edculos, armas largas, cargadores, cartuchos y chalecos con placas bal\u00edsticas. En otro hecho y luego de un reporte al n\u00famero de emergencias que indicaba una persecuci\u00f3n en el ejido San Rafael y al acudir la autoridad, rescataron a dos personas que se encontraban privadas de la libertad, adem\u00e1s se aseguraron a seis civiles, dos veh\u00edculos, uno de ellos con reporte de robo, as\u00ed como tres motocicletas, tres armas largas, 11 cargadores y 130 cartuchos.<\/p>\n\n\n\n<p>Tambi\u00e9n se dio a conocer que, cinco veh\u00edculos con reporte de robo, fueron recuperados por las autoridades en diversas acciones y ubicaciones en la capital del estado; en otra acci\u00f3n, un veh\u00edculo compacto fue asegurado con cartuchos al interior y en la colonia Lombardo Toledano, una motocicleta con alteraciones en su serie fue asegurada.<\/p>\n\n\n\n<p>Asimismo, militares aseguraron armas largas, cargadores, cartuchos, chalecos t\u00e1cticos y placas bal\u00edsticas, en distintas tareas realizadas en las localidades de Tachinolpa y La Cuesta. En otro hecho, autoridades aseguraron a un civil en poder de 12 artefactos explosivos, el cual circulaba en un autom\u00f3vil, por lo que lo anterior fue asegurado y la unidad fue resguardada con las medidas de seguridad pertinente en espera del personal especializado para la neutralizaci\u00f3n de los artefactos explosivos.<\/p>\n\n\n\n<p>Hern\u00e1ndez Valenzuela, comunic\u00f3 que en la colonia El Palmito, se asegur\u00f3 a un civil, un veh\u00edculo, dos celulares, efectivo y diversas dosis de presuntas drogas. La madrugada de este mi\u00e9rcoles, polic\u00edas estatales de manera coordinada, aseguraron un veh\u00edculo tipo torton con diversas sustancias utilizadas para la producci\u00f3n de drogas en el interior.<\/p>\n\n\n\n<p>Adem\u00e1s, en la comunidad Chinobampo del municipio de El Fuerte, militares aseguraron dos armas largas, seis cargadores y 60 cartuchos. En Mazatl\u00e1n, durante reconocimiento terrestre en el poblado La Noria de San Antonio, personal del Ej\u00e9rcito Mexicano localizaron e inhabilitaron un \u00e1rea utilizada como campamento, en el lugar se asegur\u00f3 diverso equipo t\u00e1ctico. En la comunidad de La Tasajera en Cosal\u00e1, autoridades aseguraron un fusil Barret, ocho cargadores y 520 cartuchos.<\/p>\n\n\n\n<p>La vocera de seguridad tambi\u00e9n dio a conocer que, en el marco de la \u201cOperaci\u00f3n b\u00fasqueda, Localizaci\u00f3n y Destrucci\u00f3n de Laboratorios Clandestinos\u201d, personal militar localiz\u00f3 y destruy\u00f3 cinco \u00e1reas de almacenamiento de qu\u00edmicos para la elaboraci\u00f3n de drogas sint\u00e9ticas en los municipios de Culiac\u00e1n y Cosal\u00e1.<\/p>\n\n\n\n<p>Por medio de estas acciones, los gobiernos de M\u00e9xico y Sinaloa, reiteran su compromiso de continuar trabajando de manera coordinada en beneficio de la sociedad.<\/p>\n","protected":false},"excerpt":{"rendered":"<p>\u2022 Fue en los municipios de Culiac\u00e1n, Mazatl\u00e1n, El Fuerte y Cosal\u00e1 que el Grupo Interinstitucional obtuvo estos resultados Culiac\u00e1n, Sinaloa.- Mediante diversas acciones de seguridad en distintos municipios, autoridades que integran el Grupo Interinstitucional aseguraron a civiles, veh\u00edculos, armamento, equipo t\u00e1ctico y sustancias il\u00edcitas, adem\u00e1s dos personas fueron liberadas. En conferencia de prensa, Verona [&hellip;]<\/p>\n","protected":false},"author":4,"featured_media":113924,"comment_status":"closed","ping_status":"open","sticky":false,"template":"","format":"standard","meta":{"tdm_status":"","tdm_grid_status":"","footnotes":""},"categories":[37],"tags":[],"class_list":{"0":"post-113978","1":"post","2":"type-post","3":"status-publish","4":"format-standard","5":"has-post-thumbnail","7":"category-nota-principal"},"yoast_head":"<!-- This site is optimized with the Yoast SEO plugin v27.5 - https:\/\/yoast.com\/product\/yoast-seo-wordpress\/ -->\n<title>Autoridades detienen a 11 presuntos delincuentes, asegura armas y veh\u00edculos - Fuentes Fidedignas<\/title>\n<meta name=\"robots\" content=\"index, follow, max-snippet:-1, max-image-preview:large, max-video-preview:-1\" \/>\n<link rel=\"canonical\" href=\"https:\/\/fuentesfidedignas.com.mx\/index.php\/2025\/07\/30\/autoridades-detienen-a-11-presuntos-delincuentes-asegura-armas-y-vehiculos\/\" \/>\n<meta property=\"og:locale\" content=\"es_MX\" \/>\n<meta property=\"og:type\" content=\"article\" \/>\n<meta property=\"og:title\" content=\"Autoridades detienen a 11 presuntos delincuentes, asegura armas y veh\u00edculos - Fuentes Fidedignas\" \/>\n<meta property=\"og:description\" content=\"\u2022 Fue en los municipios de Culiac\u00e1n, Mazatl\u00e1n, El Fuerte y Cosal\u00e1 que el Grupo Interinstitucional obtuvo estos resultados Culiac\u00e1n, Sinaloa.- Mediante diversas acciones de seguridad en distintos municipios, autoridades que integran el Grupo Interinstitucional aseguraron a civiles, veh\u00edculos, armamento, equipo t\u00e1ctico y sustancias il\u00edcitas, adem\u00e1s dos personas fueron liberadas. En conferencia de prensa, Verona [&hellip;]\" \/>\n<meta property=\"og:url\" content=\"https:\/\/fuentesfidedignas.com.mx\/index.php\/2025\/07\/30\/autoridades-detienen-a-11-presuntos-delincuentes-asegura-armas-y-vehiculos\/\" \/>\n<meta property=\"og:site_name\" content=\"Fuentes Fidedignas\" \/>\n<meta property=\"article:publisher\" content=\"https:\/\/www.facebook.com\/Fuentes-Fidedignas-368234489921644\" \/>\n<meta property=\"article:published_time\" content=\"2025-07-30T19:39:32+00:00\" \/>\n<meta property=\"og:image\" content=\"https:\/\/fuentesfidedignas.com.mx\/wp-content\/uploads\/2025\/07\/b3c881d5-1ff4-40ca-9637-c5f8a467aebf.jpg\" \/>\n\t<meta property=\"og:image:width\" content=\"1178\" \/>\n\t<meta property=\"og:image:height\" content=\"1007\" \/>\n\t<meta property=\"og:image:type\" content=\"image\/jpeg\" \/>\n<meta name=\"author\" content=\"Redacci\u00f3n\" \/>\n<meta name=\"twitter:card\" content=\"summary_large_image\" \/>\n<meta name=\"twitter:creator\" content=\"@fidedignas\" \/>\n<meta name=\"twitter:site\" content=\"@fidedignas\" \/>\n<meta name=\"twitter:label1\" content=\"Escrito por\" \/>\n\t<meta name=\"twitter:data1\" content=\"Redacci\u00f3n\" \/>\n\t<meta name=\"twitter:label2\" content=\"Tiempo de lectura\" \/>\n\t<meta name=\"twitter:data2\" content=\"3 minutos\" \/>\n<script type=\"application\/ld+json\" class=\"yoast-schema-graph\">{\"@context\":\"https:\\\/\\\/schema.org\",\"@graph\":[{\"@type\":\"Article\",\"@id\":\"https:\\\/\\\/fuentesfidedignas.com.mx\\\/index.php\\\/2025\\\/07\\\/30\\\/autoridades-detienen-a-11-presuntos-delincuentes-asegura-armas-y-vehiculos\\\/#article\",\"isPartOf\":{\"@id\":\"https:\\\/\\\/fuentesfidedignas.com.mx\\\/index.php\\\/2025\\\/07\\\/30\\\/autoridades-detienen-a-11-presuntos-delincuentes-asegura-armas-y-vehiculos\\\/\"},\"author\":{\"name\":\"Redacci\u00f3n\",\"@id\":\"https:\\\/\\\/fuentesfidedignas.com.mx\\\/#\\\/schema\\\/person\\\/331be9283d37198e2acd5750279085b0\"},\"headline\":\"Autoridades detienen a 11 presuntos delincuentes, asegura armas y veh\u00edculos\",\"datePublished\":\"2025-07-30T19:39:32+00:00\",\"mainEntityOfPage\":{\"@id\":\"https:\\\/\\\/fuentesfidedignas.com.mx\\\/index.php\\\/2025\\\/07\\\/30\\\/autoridades-detienen-a-11-presuntos-delincuentes-asegura-armas-y-vehiculos\\\/\"},\"wordCount\":529,\"publisher\":{\"@id\":\"https:\\\/\\\/fuentesfidedignas.com.mx\\\/#organization\"},\"image\":{\"@id\":\"https:\\\/\\\/fuentesfidedignas.com.mx\\\/index.php\\\/2025\\\/07\\\/30\\\/autoridades-detienen-a-11-presuntos-delincuentes-asegura-armas-y-vehiculos\\\/#primaryimage\"},\"thumbnailUrl\":\"https:\\\/\\\/fuentesfidedignas.com.mx\\\/wp-content\\\/uploads\\\/2025\\\/07\\\/b3c881d5-1ff4-40ca-9637-c5f8a467aebf.jpg\",\"articleSection\":[\"NOTA PRINCIPAL\"],\"inLanguage\":\"es\"},{\"@type\":\"WebPage\",\"@id\":\"https:\\\/\\\/fuentesfidedignas.com.mx\\\/index.php\\\/2025\\\/07\\\/30\\\/autoridades-detienen-a-11-presuntos-delincuentes-asegura-armas-y-vehiculos\\\/\",\"url\":\"https:\\\/\\\/fuentesfidedignas.com.mx\\\/index.php\\\/2025\\\/07\\\/30\\\/autoridades-detienen-a-11-presuntos-delincuentes-asegura-armas-y-vehiculos\\\/\",\"name\":\"Autoridades detienen a 11 presuntos delincuentes, asegura armas y veh\u00edculos - Fuentes Fidedignas\",\"isPartOf\":{\"@id\":\"https:\\\/\\\/fuentesfidedignas.com.mx\\\/#website\"},\"primaryImageOfPage\":{\"@id\":\"https:\\\/\\\/fuentesfidedignas.com.mx\\\/index.php\\\/2025\\\/07\\\/30\\\/autoridades-detienen-a-11-presuntos-delincuentes-asegura-armas-y-vehiculos\\\/#primaryimage\"},\"image\":{\"@id\":\"https:\\\/\\\/fuentesfidedignas.com.mx\\\/index.php\\\/2025\\\/07\\\/30\\\/autoridades-detienen-a-11-presuntos-delincuentes-asegura-armas-y-vehiculos\\\/#primaryimage\"},\"thumbnailUrl\":\"https:\\\/\\\/fuentesfidedignas.com.mx\\\/wp-content\\\/uploads\\\/2025\\\/07\\\/b3c881d5-1ff4-40ca-9637-c5f8a467aebf.jpg\",\"datePublished\":\"2025-07-30T19:39:32+00:00\",\"breadcrumb\":{\"@id\":\"https:\\\/\\\/fuentesfidedignas.com.mx\\\/index.php\\\/2025\\\/07\\\/30\\\/autoridades-detienen-a-11-presuntos-delincuentes-asegura-armas-y-vehiculos\\\/#breadcrumb\"},\"inLanguage\":\"es\",\"potentialAction\":[{\"@type\":\"ReadAction\",\"target\":[\"https:\\\/\\\/fuentesfidedignas.com.mx\\\/index.php\\\/2025\\\/07\\\/30\\\/autoridades-detienen-a-11-presuntos-delincuentes-asegura-armas-y-vehiculos\\\/\"]}]},{\"@type\":\"ImageObject\",\"inLanguage\":\"es\",\"@id\":\"https:\\\/\\\/fuentesfidedignas.com.mx\\\/index.php\\\/2025\\\/07\\\/30\\\/autoridades-detienen-a-11-presuntos-delincuentes-asegura-armas-y-vehiculos\\\/#primaryimage\",\"url\":\"https:\\\/\\\/fuentesfidedignas.com.mx\\\/wp-content\\\/uploads\\\/2025\\\/07\\\/b3c881d5-1ff4-40ca-9637-c5f8a467aebf.jpg\",\"contentUrl\":\"https:\\\/\\\/fuentesfidedignas.com.mx\\\/wp-content\\\/uploads\\\/2025\\\/07\\\/b3c881d5-1ff4-40ca-9637-c5f8a467aebf.jpg\",\"width\":1178,\"height\":1007},{\"@type\":\"BreadcrumbList\",\"@id\":\"https:\\\/\\\/fuentesfidedignas.com.mx\\\/index.php\\\/2025\\\/07\\\/30\\\/autoridades-detienen-a-11-presuntos-delincuentes-asegura-armas-y-vehiculos\\\/#breadcrumb\",\"itemListElement\":[{\"@type\":\"ListItem\",\"position\":1,\"name\":\"Inicio\",\"item\":\"https:\\\/\\\/fuentesfidedignas.com.mx\\\/\"},{\"@type\":\"ListItem\",\"position\":2,\"name\":\"Autoridades detienen a 11 presuntos delincuentes, asegura armas y veh\u00edculos\"}]},{\"@type\":\"WebSite\",\"@id\":\"https:\\\/\\\/fuentesfidedignas.com.mx\\\/#website\",\"url\":\"https:\\\/\\\/fuentesfidedignas.com.mx\\\/\",\"name\":\"Fuentes Fidedignas\",\"description\":\"Otro sitio realizado con WordPress\",\"publisher\":{\"@id\":\"https:\\\/\\\/fuentesfidedignas.com.mx\\\/#organization\"},\"potentialAction\":[{\"@type\":\"SearchAction\",\"target\":{\"@type\":\"EntryPoint\",\"urlTemplate\":\"https:\\\/\\\/fuentesfidedignas.com.mx\\\/?s={search_term_string}\"},\"query-input\":{\"@type\":\"PropertyValueSpecification\",\"valueRequired\":true,\"valueName\":\"search_term_string\"}}],\"inLanguage\":\"es\"},{\"@type\":\"Organization\",\"@id\":\"https:\\\/\\\/fuentesfidedignas.com.mx\\\/#organization\",\"name\":\"Fuentes Fidedignas\",\"url\":\"https:\\\/\\\/fuentesfidedignas.com.mx\\\/\",\"logo\":{\"@type\":\"ImageObject\",\"inLanguage\":\"es\",\"@id\":\"https:\\\/\\\/fuentesfidedignas.com.mx\\\/#\\\/schema\\\/logo\\\/image\\\/\",\"url\":\"https:\\\/\\\/fuentesfidedignas.com.mx\\\/wp-content\\\/uploads\\\/2021\\\/04\\\/logo-retina.png\",\"contentUrl\":\"https:\\\/\\\/fuentesfidedignas.com.mx\\\/wp-content\\\/uploads\\\/2021\\\/04\\\/logo-retina.png\",\"width\":280,\"height\":51,\"caption\":\"Fuentes Fidedignas\"},\"image\":{\"@id\":\"https:\\\/\\\/fuentesfidedignas.com.mx\\\/#\\\/schema\\\/logo\\\/image\\\/\"},\"sameAs\":[\"https:\\\/\\\/www.facebook.com\\\/Fuentes-Fidedignas-368234489921644\",\"https:\\\/\\\/x.com\\\/fidedignas\"]},{\"@type\":\"Person\",\"@id\":\"https:\\\/\\\/fuentesfidedignas.com.mx\\\/#\\\/schema\\\/person\\\/331be9283d37198e2acd5750279085b0\",\"name\":\"Redacci\u00f3n\",\"image\":{\"@type\":\"ImageObject\",\"inLanguage\":\"es\",\"@id\":\"https:\\\/\\\/secure.gravatar.com\\\/avatar\\\/f6d8782c11d12b2d4ad3fbb6931aeab5309937a4d6cd2fc9cfaa28a6396a5aec?s=96&d=mm&r=g\",\"url\":\"https:\\\/\\\/secure.gravatar.com\\\/avatar\\\/f6d8782c11d12b2d4ad3fbb6931aeab5309937a4d6cd2fc9cfaa28a6396a5aec?s=96&d=mm&r=g\",\"contentUrl\":\"https:\\\/\\\/secure.gravatar.com\\\/avatar\\\/f6d8782c11d12b2d4ad3fbb6931aeab5309937a4d6cd2fc9cfaa28a6396a5aec?s=96&d=mm&r=g\",\"caption\":\"Redacci\u00f3n\"},\"url\":\"https:\\\/\\\/fuentesfidedignas.com.mx\\\/index.php\\\/author\\\/redaccion\\\/\"}]}<\/script>\n<!-- \/ Yoast SEO plugin. -->","yoast_head_json":{"title":"Autoridades detienen a 11 presuntos delincuentes, asegura armas y veh\u00edculos - Fuentes Fidedignas","robots":{"index":"index","follow":"follow","max-snippet":"max-snippet:-1","max-image-preview":"max-image-preview:large","max-video-preview":"max-video-preview:-1"},"canonical":"https:\/\/fuentesfidedignas.com.mx\/index.php\/2025\/07\/30\/autoridades-detienen-a-11-presuntos-delincuentes-asegura-armas-y-vehiculos\/","og_locale":"es_MX","og_type":"article","og_title":"Autoridades detienen a 11 presuntos delincuentes, asegura armas y veh\u00edculos - Fuentes Fidedignas","og_description":"\u2022 Fue en los municipios de Culiac\u00e1n, Mazatl\u00e1n, El Fuerte y Cosal\u00e1 que el Grupo Interinstitucional obtuvo estos resultados Culiac\u00e1n, Sinaloa.- Mediante diversas acciones de seguridad en distintos municipios, autoridades que integran el Grupo Interinstitucional aseguraron a civiles, veh\u00edculos, armamento, equipo t\u00e1ctico y sustancias il\u00edcitas, adem\u00e1s dos personas fueron liberadas. En conferencia de prensa, Verona [&hellip;]","og_url":"https:\/\/fuentesfidedignas.com.mx\/index.php\/2025\/07\/30\/autoridades-detienen-a-11-presuntos-delincuentes-asegura-armas-y-vehiculos\/","og_site_name":"Fuentes Fidedignas","article_publisher":"https:\/\/www.facebook.com\/Fuentes-Fidedignas-368234489921644","article_published_time":"2025-07-30T19:39:32+00:00","og_image":[{"width":1178,"height":1007,"url":"https:\/\/fuentesfidedignas.com.mx\/wp-content\/uploads\/2025\/07\/b3c881d5-1ff4-40ca-9637-c5f8a467aebf.jpg","type":"image\/jpeg"}],"author":"Redacci\u00f3n","twitter_card":"summary_large_image","twitter_creator":"@fidedignas","twitter_site":"@fidedignas","twitter_misc":{"Escrito por":"Redacci\u00f3n","Tiempo de lectura":"3 minutos"},"schema":{"@context":"https:\/\/schema.org","@graph":[{"@type":"Article","@id":"https:\/\/fuentesfidedignas.com.mx\/index.php\/2025\/07\/30\/autoridades-detienen-a-11-presuntos-delincuentes-asegura-armas-y-vehiculos\/#article","isPartOf":{"@id":"https:\/\/fuentesfidedignas.com.mx\/index.php\/2025\/07\/30\/autoridades-detienen-a-11-presuntos-delincuentes-asegura-armas-y-vehiculos\/"},"author":{"name":"Redacci\u00f3n","@id":"https:\/\/fuentesfidedignas.com.mx\/#\/schema\/person\/331be9283d37198e2acd5750279085b0"},"headline":"Autoridades detienen a 11 presuntos delincuentes, asegura armas y veh\u00edculos","datePublished":"2025-07-30T19:39:32+00:00","mainEntityOfPage":{"@id":"https:\/\/fuentesfidedignas.com.mx\/index.php\/2025\/07\/30\/autoridades-detienen-a-11-presuntos-delincuentes-asegura-armas-y-vehiculos\/"},"wordCount":529,"publisher":{"@id":"https:\/\/fuentesfidedignas.com.mx\/#organization"},"image":{"@id":"https:\/\/fuentesfidedignas.com.mx\/index.php\/2025\/07\/30\/autoridades-detienen-a-11-presuntos-delincuentes-asegura-armas-y-vehiculos\/#primaryimage"},"thumbnailUrl":"https:\/\/fuentesfidedignas.com.mx\/wp-content\/uploads\/2025\/07\/b3c881d5-1ff4-40ca-9637-c5f8a467aebf.jpg","articleSection":["NOTA PRINCIPAL"],"inLanguage":"es"},{"@type":"WebPage","@id":"https:\/\/fuentesfidedignas.com.mx\/index.php\/2025\/07\/30\/autoridades-detienen-a-11-presuntos-delincuentes-asegura-armas-y-vehiculos\/","url":"https:\/\/fuentesfidedignas.com.mx\/index.php\/2025\/07\/30\/autoridades-detienen-a-11-presuntos-delincuentes-asegura-armas-y-vehiculos\/","name":"Autoridades detienen a 11 presuntos delincuentes, asegura armas y veh\u00edculos - Fuentes Fidedignas","isPartOf":{"@id":"https:\/\/fuentesfidedignas.com.mx\/#website"},"primaryImageOfPage":{"@id":"https:\/\/fuentesfidedignas.com.mx\/index.php\/2025\/07\/30\/autoridades-detienen-a-11-presuntos-delincuentes-asegura-armas-y-vehiculos\/#primaryimage"},"image":{"@id":"https:\/\/fuentesfidedignas.com.mx\/index.php\/2025\/07\/30\/autoridades-detienen-a-11-presuntos-delincuentes-asegura-armas-y-vehiculos\/#primaryimage"},"thumbnailUrl":"https:\/\/fuentesfidedignas.com.mx\/wp-content\/uploads\/2025\/07\/b3c881d5-1ff4-40ca-9637-c5f8a467aebf.jpg","datePublished":"2025-07-30T19:39:32+00:00","breadcrumb":{"@id":"https:\/\/fuentesfidedignas.com.mx\/index.php\/2025\/07\/30\/autoridades-detienen-a-11-presuntos-delincuentes-asegura-armas-y-vehiculos\/#breadcrumb"},"inLanguage":"es","potentialAction":[{"@type":"ReadAction","target":["https:\/\/fuentesfidedignas.com.mx\/index.php\/2025\/07\/30\/autoridades-detienen-a-11-presuntos-delincuentes-asegura-armas-y-vehiculos\/"]}]},{"@type":"ImageObject","inLanguage":"es","@id":"https:\/\/fuentesfidedignas.com.mx\/index.php\/2025\/07\/30\/autoridades-detienen-a-11-presuntos-delincuentes-asegura-armas-y-vehiculos\/#primaryimage","url":"https:\/\/fuentesfidedignas.com.mx\/wp-content\/uploads\/2025\/07\/b3c881d5-1ff4-40ca-9637-c5f8a467aebf.jpg","contentUrl":"https:\/\/fuentesfidedignas.com.mx\/wp-content\/uploads\/2025\/07\/b3c881d5-1ff4-40ca-9637-c5f8a467aebf.jpg","width":1178,"height":1007},{"@type":"BreadcrumbList","@id":"https:\/\/fuentesfidedignas.com.mx\/index.php\/2025\/07\/30\/autoridades-detienen-a-11-presuntos-delincuentes-asegura-armas-y-vehiculos\/#breadcrumb","itemListElement":[{"@type":"ListItem","position":1,"name":"Inicio","item":"https:\/\/fuentesfidedignas.com.mx\/"},{"@type":"ListItem","position":2,"name":"Autoridades detienen a 11 presuntos delincuentes, asegura armas y veh\u00edculos"}]},{"@type":"WebSite","@id":"https:\/\/fuentesfidedignas.com.mx\/#website","url":"https:\/\/fuentesfidedignas.com.mx\/","name":"Fuentes Fidedignas","description":"Otro sitio realizado con WordPress","publisher":{"@id":"https:\/\/fuentesfidedignas.com.mx\/#organization"},"potentialAction":[{"@type":"SearchAction","target":{"@type":"EntryPoint","urlTemplate":"https:\/\/fuentesfidedignas.com.mx\/?s={search_term_string}"},"query-input":{"@type":"PropertyValueSpecification","valueRequired":true,"valueName":"search_term_string"}}],"inLanguage":"es"},{"@type":"Organization","@id":"https:\/\/fuentesfidedignas.com.mx\/#organization","name":"Fuentes Fidedignas","url":"https:\/\/fuentesfidedignas.com.mx\/","logo":{"@type":"ImageObject","inLanguage":"es","@id":"https:\/\/fuentesfidedignas.com.mx\/#\/schema\/logo\/image\/","url":"https:\/\/fuentesfidedignas.com.mx\/wp-content\/uploads\/2021\/04\/logo-retina.png","contentUrl":"https:\/\/fuentesfidedignas.com.mx\/wp-content\/uploads\/2021\/04\/logo-retina.png","width":280,"height":51,"caption":"Fuentes Fidedignas"},"image":{"@id":"https:\/\/fuentesfidedignas.com.mx\/#\/schema\/logo\/image\/"},"sameAs":["https:\/\/www.facebook.com\/Fuentes-Fidedignas-368234489921644","https:\/\/x.com\/fidedignas"]},{"@type":"Person","@id":"https:\/\/fuentesfidedignas.com.mx\/#\/schema\/person\/331be9283d37198e2acd5750279085b0","name":"Redacci\u00f3n","image":{"@type":"ImageObject","inLanguage":"es","@id":"https:\/\/secure.gravatar.com\/avatar\/f6d8782c11d12b2d4ad3fbb6931aeab5309937a4d6cd2fc9cfaa28a6396a5aec?s=96&d=mm&r=g","url":"https:\/\/secure.gravatar.com\/avatar\/f6d8782c11d12b2d4ad3fbb6931aeab5309937a4d6cd2fc9cfaa28a6396a5aec?s=96&d=mm&r=g","contentUrl":"https:\/\/secure.gravatar.com\/avatar\/f6d8782c11d12b2d4ad3fbb6931aeab5309937a4d6cd2fc9cfaa28a6396a5aec?s=96&d=mm&r=g","caption":"Redacci\u00f3n"},"url":"https:\/\/fuentesfidedignas.com.mx\/index.php\/author\/redaccion\/"}]}},"_links":{"self":[{"href":"https:\/\/fuentesfidedignas.com.mx\/index.php\/wp-json\/wp\/v2\/posts\/113978","targetHints":{"allow":["GET"]}}],"collection":[{"href":"https:\/\/fuentesfidedignas.com.mx\/index.php\/wp-json\/wp\/v2\/posts"}],"about":[{"href":"https:\/\/fuentesfidedignas.com.mx\/index.php\/wp-json\/wp\/v2\/types\/post"}],"author":[{"embeddable":true,"href":"https:\/\/fuentesfidedignas.com.mx\/index.php\/wp-json\/wp\/v2\/users\/4"}],"replies":[{"embeddable":true,"href":"https:\/\/fuentesfidedignas.com.mx\/index.php\/wp-json\/wp\/v2\/comments?post=113978"}],"version-history":[{"count":1,"href":"https:\/\/fuentesfidedignas.com.mx\/index.php\/wp-json\/wp\/v2\/posts\/113978\/revisions"}],"predecessor-version":[{"id":113979,"href":"https:\/\/fuentesfidedignas.com.mx\/index.php\/wp-json\/wp\/v2\/posts\/113978\/revisions\/113979"}],"wp:featuredmedia":[{"embeddable":true,"href":"https:\/\/fuentesfidedignas.com.mx\/index.php\/wp-json\/wp\/v2\/media\/113924"}],"wp:attachment":[{"href":"https:\/\/fuentesfidedignas.com.mx\/index.php\/wp-json\/wp\/v2\/media?parent=113978"}],"wp:term":[{"taxonomy":"category","embeddable":true,"href":"https:\/\/fuentesfidedignas.com.mx\/index.php\/wp-json\/wp\/v2\/categories?post=113978"},{"taxonomy":"post_tag","embeddable":true,"href":"https:\/\/fuentesfidedignas.com.mx\/index.php\/wp-json\/wp\/v2\/tags?post=113978"}],"curies":[{"name":"wp","href":"https:\/\/api.w.org\/{rel}","templated":true}]}}