{"id":113848,"date":"2025-07-28T19:01:55","date_gmt":"2025-07-29T02:01:55","guid":{"rendered":"https:\/\/fuentesfidedignas.com.mx\/?p=113848"},"modified":"2025-07-28T19:01:55","modified_gmt":"2025-07-29T02:01:55","slug":"la-ambiguedad-como-recurso-estetico-mi-experiencia-como-escritor","status":"publish","type":"post","link":"https:\/\/fuentesfidedignas.com.mx\/index.php\/2025\/07\/28\/la-ambiguedad-como-recurso-estetico-mi-experiencia-como-escritor\/","title":{"rendered":"La ambig\u00fcedad como recurso est\u00e9tico: Mi experiencia como escritor"},"content":{"rendered":"\n<p><\/p>\n\n\n\n<p>Escribir no siempre ha sido, para m\u00ed, un acto de decir. A menudo, ha sido el arte de no decir del todo. En la ambig\u00fcedad encontr\u00e9 un hogar narrativo, una habitaci\u00f3n con luces tenues en la que los personajes pueden ser ellos mismos sin la vigilancia constante de un lector que lo entiende todo. No por desd\u00e9n al lector, sino por respeto a su inteligencia, a su intuici\u00f3n, a su silencio lector. Me interesa \u2014y me obsesiona, a ratos\u2014 esa zona de penumbra donde los sentidos se entrecruzan y las certezas se diluyen. Tal vez por eso titul\u00e9 uno de mis libros Conversaciones en la Penumbra, como una forma de nombrar esa vocaci\u00f3n por lo no dicho, lo insinuado, lo roto.<\/p>\n\n\n\n<p>No se trata de un gesto est\u00e9tico gratuito, ni de un recurso decorativo. La ambig\u00fcedad ha sido, desde que comenc\u00e9 a escribir, una forma de sostener lo indecible, de mantener abiertas las puertas del misterio sin la necesidad de cerrarlas con explicaciones. Cuando escribo, me interesa m\u00e1s la atm\u00f3sfera que la trama, m\u00e1s la tensi\u00f3n latente que el desenlace. As\u00ed, la ambig\u00fcedad se vuelve una respiraci\u00f3n del texto, una forma de vida del lenguaje. \u00bfQui\u00e9n habla en mis cuentos? \u00bfQui\u00e9n muere? \u00bfQui\u00e9n miente? A veces ni yo lo s\u00e9 del todo, y cuando lo s\u00e9, prefiero no dec\u00edrselo al lector. No porque falte claridad, sino porque la claridad plena puede resultar una forma de mutilaci\u00f3n de la experiencia est\u00e9tica.<\/p>\n\n\n\n<p>De alguna manera, he llegado a pensar que escribir desde la ambig\u00fcedad es tambi\u00e9n una forma de posicionarse \u00e9ticamente frente al lector. No se le impone un sentido \u00fanico, no se le obliga a seguir un camino trazado de antemano, sino que se le invita a caminar con libertad, a construir sentidos, a dudar. Esta postura me ha llevado a desarrollar ciertos recursos narrativos que acompa\u00f1an esta intenci\u00f3n: narradores poco confiables, cambios sutiles de perspectiva, silencios significativos, s\u00edmbolos recurrentes que no terminan de cerrarse, y sobre todo, fragmentos. Me interesa lo fragmentario no como ruptura, sino como estilo: lo inconcluso como forma de verdad, lo contradictorio como huella de humanidad.<\/p>\n\n\n\n<p>Cuando pienso en los relatos que he escrito, reconozco en ellos un deseo de no apresar al lector, sino de provocarlo suavemente, como quien enciende una vela en medio de una habitaci\u00f3n oscura. El lector, si quiere, puede acercarse. Puede encender otras velas, o puede permanecer en penumbra. Puede leer como quien escucha una confidencia, o como quien abre una puerta a lo incierto. En cualquier caso, no busco que comprenda todo, sino que lo sienta. Que viva, incluso sin entender del todo, el eco de lo que se est\u00e1 diciendo.<\/p>\n\n\n\n<p>Quiz\u00e1 por eso, escribir se me ha vuelto m\u00e1s un acto de b\u00fasqueda que de hallazgo. No escribo para encontrar respuestas, sino para permanecer en el filo de las preguntas. Y la ambig\u00fcedad me permite mantenerme en esa tensi\u00f3n, en ese estado de vigilia creativa donde cada palabra es un abismo y cada personaje una m\u00e1scara. No todos los lectores disfrutan de ese pacto con la incertidumbre, lo s\u00e9. Pero aquellos que lo aceptan, descubren que la literatura \u2014como la vida\u2014 no siempre necesita respuestas, sino buenas preguntas. Y en lo ambiguo, a veces, se esconden las preguntas m\u00e1s duraderas.<\/p>\n\n\n\n<p>A lo largo del tiempo, he aprendido que no todo debe cerrarse, que no todo debe explicarse, que no todo debe resolverse. Hay belleza en lo irresuelto, dignidad en lo insinuado, profundidad en lo no dicho. Escribo desde ese lugar. Escribo hacia ese lugar. Y si el lector quiere acompa\u00f1arme, sabr\u00e1 que no le ofrezco certezas, sino ecos. No puertas, sino umbrales. No finales, sino resonancias.<\/p>\n","protected":false},"excerpt":{"rendered":"<p>Escribir no siempre ha sido, para m\u00ed, un acto de decir. A menudo, ha sido el arte de no decir del todo. En la ambig\u00fcedad encontr\u00e9 un hogar narrativo, una habitaci\u00f3n con luces tenues en la que los personajes pueden ser ellos mismos sin la vigilancia constante de un lector que lo entiende todo. No [&hellip;]<\/p>\n","protected":false},"author":146,"featured_media":113847,"comment_status":"closed","ping_status":"open","sticky":false,"template":"","format":"standard","meta":{"tdm_status":"","tdm_grid_status":"","footnotes":""},"categories":[3064,3089],"tags":[],"class_list":{"0":"post-113848","1":"post","2":"type-post","3":"status-publish","4":"format-standard","5":"has-post-thumbnail","7":"category-columnas","8":"category-nutriendo-la-mente"},"yoast_head":"<!-- This site is optimized with the Yoast SEO plugin v27.5 - https:\/\/yoast.com\/product\/yoast-seo-wordpress\/ -->\n<title>La ambig\u00fcedad como recurso est\u00e9tico: Mi experiencia como escritor - Fuentes Fidedignas<\/title>\n<meta name=\"robots\" content=\"index, follow, max-snippet:-1, max-image-preview:large, max-video-preview:-1\" \/>\n<link rel=\"canonical\" href=\"https:\/\/fuentesfidedignas.com.mx\/index.php\/2025\/07\/28\/la-ambiguedad-como-recurso-estetico-mi-experiencia-como-escritor\/\" \/>\n<meta property=\"og:locale\" content=\"es_MX\" \/>\n<meta property=\"og:type\" content=\"article\" \/>\n<meta property=\"og:title\" content=\"La ambig\u00fcedad como recurso est\u00e9tico: Mi experiencia como escritor - Fuentes Fidedignas\" \/>\n<meta property=\"og:description\" content=\"Escribir no siempre ha sido, para m\u00ed, un acto de decir. A menudo, ha sido el arte de no decir del todo. En la ambig\u00fcedad encontr\u00e9 un hogar narrativo, una habitaci\u00f3n con luces tenues en la que los personajes pueden ser ellos mismos sin la vigilancia constante de un lector que lo entiende todo. No [&hellip;]\" \/>\n<meta property=\"og:url\" content=\"https:\/\/fuentesfidedignas.com.mx\/index.php\/2025\/07\/28\/la-ambiguedad-como-recurso-estetico-mi-experiencia-como-escritor\/\" \/>\n<meta property=\"og:site_name\" content=\"Fuentes Fidedignas\" \/>\n<meta property=\"article:publisher\" content=\"https:\/\/www.facebook.com\/Fuentes-Fidedignas-368234489921644\" \/>\n<meta property=\"article:published_time\" content=\"2025-07-29T02:01:55+00:00\" \/>\n<meta property=\"og:image\" content=\"https:\/\/fuentesfidedignas.com.mx\/wp-content\/uploads\/2025\/07\/04b04a10-3be5-4b06-a284-8b9d1ae6fde9.jpg\" \/>\n\t<meta property=\"og:image:width\" content=\"1600\" \/>\n\t<meta property=\"og:image:height\" content=\"1066\" \/>\n\t<meta property=\"og:image:type\" content=\"image\/jpeg\" \/>\n<meta name=\"author\" content=\"Mtro. Horacio de Jes\u00fas Malcampo Moreno\" \/>\n<meta name=\"twitter:card\" content=\"summary_large_image\" \/>\n<meta name=\"twitter:creator\" content=\"@fidedignas\" \/>\n<meta name=\"twitter:site\" content=\"@fidedignas\" \/>\n<meta name=\"twitter:label1\" content=\"Escrito por\" \/>\n\t<meta name=\"twitter:data1\" content=\"Mtro. Horacio de Jes\u00fas Malcampo Moreno\" \/>\n\t<meta name=\"twitter:label2\" content=\"Tiempo de lectura\" \/>\n\t<meta name=\"twitter:data2\" content=\"3 minutos\" \/>\n<script type=\"application\/ld+json\" class=\"yoast-schema-graph\">{\"@context\":\"https:\\\/\\\/schema.org\",\"@graph\":[{\"@type\":\"Article\",\"@id\":\"https:\\\/\\\/fuentesfidedignas.com.mx\\\/index.php\\\/2025\\\/07\\\/28\\\/la-ambiguedad-como-recurso-estetico-mi-experiencia-como-escritor\\\/#article\",\"isPartOf\":{\"@id\":\"https:\\\/\\\/fuentesfidedignas.com.mx\\\/index.php\\\/2025\\\/07\\\/28\\\/la-ambiguedad-como-recurso-estetico-mi-experiencia-como-escritor\\\/\"},\"author\":{\"name\":\"Mtro. Horacio de Jes\u00fas Malcampo Moreno\",\"@id\":\"https:\\\/\\\/fuentesfidedignas.com.mx\\\/#\\\/schema\\\/person\\\/3f687c55082c557a647c7836bde45728\"},\"headline\":\"La ambig\u00fcedad como recurso est\u00e9tico: Mi experiencia como escritor\",\"datePublished\":\"2025-07-29T02:01:55+00:00\",\"mainEntityOfPage\":{\"@id\":\"https:\\\/\\\/fuentesfidedignas.com.mx\\\/index.php\\\/2025\\\/07\\\/28\\\/la-ambiguedad-como-recurso-estetico-mi-experiencia-como-escritor\\\/\"},\"wordCount\":650,\"publisher\":{\"@id\":\"https:\\\/\\\/fuentesfidedignas.com.mx\\\/#organization\"},\"image\":{\"@id\":\"https:\\\/\\\/fuentesfidedignas.com.mx\\\/index.php\\\/2025\\\/07\\\/28\\\/la-ambiguedad-como-recurso-estetico-mi-experiencia-como-escritor\\\/#primaryimage\"},\"thumbnailUrl\":\"https:\\\/\\\/fuentesfidedignas.com.mx\\\/wp-content\\\/uploads\\\/2025\\\/07\\\/04b04a10-3be5-4b06-a284-8b9d1ae6fde9.jpg\",\"articleSection\":[\"COLUMNAS\",\"NUTRIENDO LA MENTE\"],\"inLanguage\":\"es\"},{\"@type\":\"WebPage\",\"@id\":\"https:\\\/\\\/fuentesfidedignas.com.mx\\\/index.php\\\/2025\\\/07\\\/28\\\/la-ambiguedad-como-recurso-estetico-mi-experiencia-como-escritor\\\/\",\"url\":\"https:\\\/\\\/fuentesfidedignas.com.mx\\\/index.php\\\/2025\\\/07\\\/28\\\/la-ambiguedad-como-recurso-estetico-mi-experiencia-como-escritor\\\/\",\"name\":\"La ambig\u00fcedad como recurso est\u00e9tico: Mi experiencia como escritor - Fuentes Fidedignas\",\"isPartOf\":{\"@id\":\"https:\\\/\\\/fuentesfidedignas.com.mx\\\/#website\"},\"primaryImageOfPage\":{\"@id\":\"https:\\\/\\\/fuentesfidedignas.com.mx\\\/index.php\\\/2025\\\/07\\\/28\\\/la-ambiguedad-como-recurso-estetico-mi-experiencia-como-escritor\\\/#primaryimage\"},\"image\":{\"@id\":\"https:\\\/\\\/fuentesfidedignas.com.mx\\\/index.php\\\/2025\\\/07\\\/28\\\/la-ambiguedad-como-recurso-estetico-mi-experiencia-como-escritor\\\/#primaryimage\"},\"thumbnailUrl\":\"https:\\\/\\\/fuentesfidedignas.com.mx\\\/wp-content\\\/uploads\\\/2025\\\/07\\\/04b04a10-3be5-4b06-a284-8b9d1ae6fde9.jpg\",\"datePublished\":\"2025-07-29T02:01:55+00:00\",\"breadcrumb\":{\"@id\":\"https:\\\/\\\/fuentesfidedignas.com.mx\\\/index.php\\\/2025\\\/07\\\/28\\\/la-ambiguedad-como-recurso-estetico-mi-experiencia-como-escritor\\\/#breadcrumb\"},\"inLanguage\":\"es\",\"potentialAction\":[{\"@type\":\"ReadAction\",\"target\":[\"https:\\\/\\\/fuentesfidedignas.com.mx\\\/index.php\\\/2025\\\/07\\\/28\\\/la-ambiguedad-como-recurso-estetico-mi-experiencia-como-escritor\\\/\"]}]},{\"@type\":\"ImageObject\",\"inLanguage\":\"es\",\"@id\":\"https:\\\/\\\/fuentesfidedignas.com.mx\\\/index.php\\\/2025\\\/07\\\/28\\\/la-ambiguedad-como-recurso-estetico-mi-experiencia-como-escritor\\\/#primaryimage\",\"url\":\"https:\\\/\\\/fuentesfidedignas.com.mx\\\/wp-content\\\/uploads\\\/2025\\\/07\\\/04b04a10-3be5-4b06-a284-8b9d1ae6fde9.jpg\",\"contentUrl\":\"https:\\\/\\\/fuentesfidedignas.com.mx\\\/wp-content\\\/uploads\\\/2025\\\/07\\\/04b04a10-3be5-4b06-a284-8b9d1ae6fde9.jpg\",\"width\":1600,\"height\":1066},{\"@type\":\"BreadcrumbList\",\"@id\":\"https:\\\/\\\/fuentesfidedignas.com.mx\\\/index.php\\\/2025\\\/07\\\/28\\\/la-ambiguedad-como-recurso-estetico-mi-experiencia-como-escritor\\\/#breadcrumb\",\"itemListElement\":[{\"@type\":\"ListItem\",\"position\":1,\"name\":\"Inicio\",\"item\":\"https:\\\/\\\/fuentesfidedignas.com.mx\\\/\"},{\"@type\":\"ListItem\",\"position\":2,\"name\":\"La ambig\u00fcedad como recurso est\u00e9tico: Mi experiencia como escritor\"}]},{\"@type\":\"WebSite\",\"@id\":\"https:\\\/\\\/fuentesfidedignas.com.mx\\\/#website\",\"url\":\"https:\\\/\\\/fuentesfidedignas.com.mx\\\/\",\"name\":\"Fuentes Fidedignas\",\"description\":\"Otro sitio realizado con WordPress\",\"publisher\":{\"@id\":\"https:\\\/\\\/fuentesfidedignas.com.mx\\\/#organization\"},\"potentialAction\":[{\"@type\":\"SearchAction\",\"target\":{\"@type\":\"EntryPoint\",\"urlTemplate\":\"https:\\\/\\\/fuentesfidedignas.com.mx\\\/?s={search_term_string}\"},\"query-input\":{\"@type\":\"PropertyValueSpecification\",\"valueRequired\":true,\"valueName\":\"search_term_string\"}}],\"inLanguage\":\"es\"},{\"@type\":\"Organization\",\"@id\":\"https:\\\/\\\/fuentesfidedignas.com.mx\\\/#organization\",\"name\":\"Fuentes Fidedignas\",\"url\":\"https:\\\/\\\/fuentesfidedignas.com.mx\\\/\",\"logo\":{\"@type\":\"ImageObject\",\"inLanguage\":\"es\",\"@id\":\"https:\\\/\\\/fuentesfidedignas.com.mx\\\/#\\\/schema\\\/logo\\\/image\\\/\",\"url\":\"https:\\\/\\\/fuentesfidedignas.com.mx\\\/wp-content\\\/uploads\\\/2021\\\/04\\\/logo-retina.png\",\"contentUrl\":\"https:\\\/\\\/fuentesfidedignas.com.mx\\\/wp-content\\\/uploads\\\/2021\\\/04\\\/logo-retina.png\",\"width\":280,\"height\":51,\"caption\":\"Fuentes Fidedignas\"},\"image\":{\"@id\":\"https:\\\/\\\/fuentesfidedignas.com.mx\\\/#\\\/schema\\\/logo\\\/image\\\/\"},\"sameAs\":[\"https:\\\/\\\/www.facebook.com\\\/Fuentes-Fidedignas-368234489921644\",\"https:\\\/\\\/x.com\\\/fidedignas\"]},{\"@type\":\"Person\",\"@id\":\"https:\\\/\\\/fuentesfidedignas.com.mx\\\/#\\\/schema\\\/person\\\/3f687c55082c557a647c7836bde45728\",\"name\":\"Mtro. Horacio de Jes\u00fas Malcampo Moreno\",\"image\":{\"@type\":\"ImageObject\",\"inLanguage\":\"es\",\"@id\":\"https:\\\/\\\/secure.gravatar.com\\\/avatar\\\/21fd667a5b9de079d383e44390566d4c728a6ce47b9b5e8419c61f1b793461ac?s=96&d=mm&r=g\",\"url\":\"https:\\\/\\\/secure.gravatar.com\\\/avatar\\\/21fd667a5b9de079d383e44390566d4c728a6ce47b9b5e8419c61f1b793461ac?s=96&d=mm&r=g\",\"contentUrl\":\"https:\\\/\\\/secure.gravatar.com\\\/avatar\\\/21fd667a5b9de079d383e44390566d4c728a6ce47b9b5e8419c61f1b793461ac?s=96&d=mm&r=g\",\"caption\":\"Mtro. Horacio de Jes\u00fas Malcampo Moreno\"},\"url\":\"https:\\\/\\\/fuentesfidedignas.com.mx\\\/index.php\\\/author\\\/horacio\\\/\"}]}<\/script>\n<!-- \/ Yoast SEO plugin. -->","yoast_head_json":{"title":"La ambig\u00fcedad como recurso est\u00e9tico: Mi experiencia como escritor - Fuentes Fidedignas","robots":{"index":"index","follow":"follow","max-snippet":"max-snippet:-1","max-image-preview":"max-image-preview:large","max-video-preview":"max-video-preview:-1"},"canonical":"https:\/\/fuentesfidedignas.com.mx\/index.php\/2025\/07\/28\/la-ambiguedad-como-recurso-estetico-mi-experiencia-como-escritor\/","og_locale":"es_MX","og_type":"article","og_title":"La ambig\u00fcedad como recurso est\u00e9tico: Mi experiencia como escritor - Fuentes Fidedignas","og_description":"Escribir no siempre ha sido, para m\u00ed, un acto de decir. A menudo, ha sido el arte de no decir del todo. En la ambig\u00fcedad encontr\u00e9 un hogar narrativo, una habitaci\u00f3n con luces tenues en la que los personajes pueden ser ellos mismos sin la vigilancia constante de un lector que lo entiende todo. No [&hellip;]","og_url":"https:\/\/fuentesfidedignas.com.mx\/index.php\/2025\/07\/28\/la-ambiguedad-como-recurso-estetico-mi-experiencia-como-escritor\/","og_site_name":"Fuentes Fidedignas","article_publisher":"https:\/\/www.facebook.com\/Fuentes-Fidedignas-368234489921644","article_published_time":"2025-07-29T02:01:55+00:00","og_image":[{"width":1600,"height":1066,"url":"https:\/\/fuentesfidedignas.com.mx\/wp-content\/uploads\/2025\/07\/04b04a10-3be5-4b06-a284-8b9d1ae6fde9.jpg","type":"image\/jpeg"}],"author":"Mtro. Horacio de Jes\u00fas Malcampo Moreno","twitter_card":"summary_large_image","twitter_creator":"@fidedignas","twitter_site":"@fidedignas","twitter_misc":{"Escrito por":"Mtro. Horacio de Jes\u00fas Malcampo Moreno","Tiempo de lectura":"3 minutos"},"schema":{"@context":"https:\/\/schema.org","@graph":[{"@type":"Article","@id":"https:\/\/fuentesfidedignas.com.mx\/index.php\/2025\/07\/28\/la-ambiguedad-como-recurso-estetico-mi-experiencia-como-escritor\/#article","isPartOf":{"@id":"https:\/\/fuentesfidedignas.com.mx\/index.php\/2025\/07\/28\/la-ambiguedad-como-recurso-estetico-mi-experiencia-como-escritor\/"},"author":{"name":"Mtro. Horacio de Jes\u00fas Malcampo Moreno","@id":"https:\/\/fuentesfidedignas.com.mx\/#\/schema\/person\/3f687c55082c557a647c7836bde45728"},"headline":"La ambig\u00fcedad como recurso est\u00e9tico: Mi experiencia como escritor","datePublished":"2025-07-29T02:01:55+00:00","mainEntityOfPage":{"@id":"https:\/\/fuentesfidedignas.com.mx\/index.php\/2025\/07\/28\/la-ambiguedad-como-recurso-estetico-mi-experiencia-como-escritor\/"},"wordCount":650,"publisher":{"@id":"https:\/\/fuentesfidedignas.com.mx\/#organization"},"image":{"@id":"https:\/\/fuentesfidedignas.com.mx\/index.php\/2025\/07\/28\/la-ambiguedad-como-recurso-estetico-mi-experiencia-como-escritor\/#primaryimage"},"thumbnailUrl":"https:\/\/fuentesfidedignas.com.mx\/wp-content\/uploads\/2025\/07\/04b04a10-3be5-4b06-a284-8b9d1ae6fde9.jpg","articleSection":["COLUMNAS","NUTRIENDO LA MENTE"],"inLanguage":"es"},{"@type":"WebPage","@id":"https:\/\/fuentesfidedignas.com.mx\/index.php\/2025\/07\/28\/la-ambiguedad-como-recurso-estetico-mi-experiencia-como-escritor\/","url":"https:\/\/fuentesfidedignas.com.mx\/index.php\/2025\/07\/28\/la-ambiguedad-como-recurso-estetico-mi-experiencia-como-escritor\/","name":"La ambig\u00fcedad como recurso est\u00e9tico: Mi experiencia como escritor - Fuentes Fidedignas","isPartOf":{"@id":"https:\/\/fuentesfidedignas.com.mx\/#website"},"primaryImageOfPage":{"@id":"https:\/\/fuentesfidedignas.com.mx\/index.php\/2025\/07\/28\/la-ambiguedad-como-recurso-estetico-mi-experiencia-como-escritor\/#primaryimage"},"image":{"@id":"https:\/\/fuentesfidedignas.com.mx\/index.php\/2025\/07\/28\/la-ambiguedad-como-recurso-estetico-mi-experiencia-como-escritor\/#primaryimage"},"thumbnailUrl":"https:\/\/fuentesfidedignas.com.mx\/wp-content\/uploads\/2025\/07\/04b04a10-3be5-4b06-a284-8b9d1ae6fde9.jpg","datePublished":"2025-07-29T02:01:55+00:00","breadcrumb":{"@id":"https:\/\/fuentesfidedignas.com.mx\/index.php\/2025\/07\/28\/la-ambiguedad-como-recurso-estetico-mi-experiencia-como-escritor\/#breadcrumb"},"inLanguage":"es","potentialAction":[{"@type":"ReadAction","target":["https:\/\/fuentesfidedignas.com.mx\/index.php\/2025\/07\/28\/la-ambiguedad-como-recurso-estetico-mi-experiencia-como-escritor\/"]}]},{"@type":"ImageObject","inLanguage":"es","@id":"https:\/\/fuentesfidedignas.com.mx\/index.php\/2025\/07\/28\/la-ambiguedad-como-recurso-estetico-mi-experiencia-como-escritor\/#primaryimage","url":"https:\/\/fuentesfidedignas.com.mx\/wp-content\/uploads\/2025\/07\/04b04a10-3be5-4b06-a284-8b9d1ae6fde9.jpg","contentUrl":"https:\/\/fuentesfidedignas.com.mx\/wp-content\/uploads\/2025\/07\/04b04a10-3be5-4b06-a284-8b9d1ae6fde9.jpg","width":1600,"height":1066},{"@type":"BreadcrumbList","@id":"https:\/\/fuentesfidedignas.com.mx\/index.php\/2025\/07\/28\/la-ambiguedad-como-recurso-estetico-mi-experiencia-como-escritor\/#breadcrumb","itemListElement":[{"@type":"ListItem","position":1,"name":"Inicio","item":"https:\/\/fuentesfidedignas.com.mx\/"},{"@type":"ListItem","position":2,"name":"La ambig\u00fcedad como recurso est\u00e9tico: Mi experiencia como escritor"}]},{"@type":"WebSite","@id":"https:\/\/fuentesfidedignas.com.mx\/#website","url":"https:\/\/fuentesfidedignas.com.mx\/","name":"Fuentes Fidedignas","description":"Otro sitio realizado con WordPress","publisher":{"@id":"https:\/\/fuentesfidedignas.com.mx\/#organization"},"potentialAction":[{"@type":"SearchAction","target":{"@type":"EntryPoint","urlTemplate":"https:\/\/fuentesfidedignas.com.mx\/?s={search_term_string}"},"query-input":{"@type":"PropertyValueSpecification","valueRequired":true,"valueName":"search_term_string"}}],"inLanguage":"es"},{"@type":"Organization","@id":"https:\/\/fuentesfidedignas.com.mx\/#organization","name":"Fuentes Fidedignas","url":"https:\/\/fuentesfidedignas.com.mx\/","logo":{"@type":"ImageObject","inLanguage":"es","@id":"https:\/\/fuentesfidedignas.com.mx\/#\/schema\/logo\/image\/","url":"https:\/\/fuentesfidedignas.com.mx\/wp-content\/uploads\/2021\/04\/logo-retina.png","contentUrl":"https:\/\/fuentesfidedignas.com.mx\/wp-content\/uploads\/2021\/04\/logo-retina.png","width":280,"height":51,"caption":"Fuentes Fidedignas"},"image":{"@id":"https:\/\/fuentesfidedignas.com.mx\/#\/schema\/logo\/image\/"},"sameAs":["https:\/\/www.facebook.com\/Fuentes-Fidedignas-368234489921644","https:\/\/x.com\/fidedignas"]},{"@type":"Person","@id":"https:\/\/fuentesfidedignas.com.mx\/#\/schema\/person\/3f687c55082c557a647c7836bde45728","name":"Mtro. Horacio de Jes\u00fas Malcampo Moreno","image":{"@type":"ImageObject","inLanguage":"es","@id":"https:\/\/secure.gravatar.com\/avatar\/21fd667a5b9de079d383e44390566d4c728a6ce47b9b5e8419c61f1b793461ac?s=96&d=mm&r=g","url":"https:\/\/secure.gravatar.com\/avatar\/21fd667a5b9de079d383e44390566d4c728a6ce47b9b5e8419c61f1b793461ac?s=96&d=mm&r=g","contentUrl":"https:\/\/secure.gravatar.com\/avatar\/21fd667a5b9de079d383e44390566d4c728a6ce47b9b5e8419c61f1b793461ac?s=96&d=mm&r=g","caption":"Mtro. Horacio de Jes\u00fas Malcampo Moreno"},"url":"https:\/\/fuentesfidedignas.com.mx\/index.php\/author\/horacio\/"}]}},"_links":{"self":[{"href":"https:\/\/fuentesfidedignas.com.mx\/index.php\/wp-json\/wp\/v2\/posts\/113848","targetHints":{"allow":["GET"]}}],"collection":[{"href":"https:\/\/fuentesfidedignas.com.mx\/index.php\/wp-json\/wp\/v2\/posts"}],"about":[{"href":"https:\/\/fuentesfidedignas.com.mx\/index.php\/wp-json\/wp\/v2\/types\/post"}],"author":[{"embeddable":true,"href":"https:\/\/fuentesfidedignas.com.mx\/index.php\/wp-json\/wp\/v2\/users\/146"}],"replies":[{"embeddable":true,"href":"https:\/\/fuentesfidedignas.com.mx\/index.php\/wp-json\/wp\/v2\/comments?post=113848"}],"version-history":[{"count":1,"href":"https:\/\/fuentesfidedignas.com.mx\/index.php\/wp-json\/wp\/v2\/posts\/113848\/revisions"}],"predecessor-version":[{"id":113849,"href":"https:\/\/fuentesfidedignas.com.mx\/index.php\/wp-json\/wp\/v2\/posts\/113848\/revisions\/113849"}],"wp:featuredmedia":[{"embeddable":true,"href":"https:\/\/fuentesfidedignas.com.mx\/index.php\/wp-json\/wp\/v2\/media\/113847"}],"wp:attachment":[{"href":"https:\/\/fuentesfidedignas.com.mx\/index.php\/wp-json\/wp\/v2\/media?parent=113848"}],"wp:term":[{"taxonomy":"category","embeddable":true,"href":"https:\/\/fuentesfidedignas.com.mx\/index.php\/wp-json\/wp\/v2\/categories?post=113848"},{"taxonomy":"post_tag","embeddable":true,"href":"https:\/\/fuentesfidedignas.com.mx\/index.php\/wp-json\/wp\/v2\/tags?post=113848"}],"curies":[{"name":"wp","href":"https:\/\/api.w.org\/{rel}","templated":true}]}}