{"id":113723,"date":"2025-07-26T09:35:58","date_gmt":"2025-07-26T16:35:58","guid":{"rendered":"https:\/\/fuentesfidedignas.com.mx\/?p=113723"},"modified":"2025-07-26T09:36:09","modified_gmt":"2025-07-26T16:36:09","slug":"ovidio-guzman-regresara-a-corte-federal-de-eu-en-2026-para-definir-fecha-de-su-sentencia","status":"publish","type":"post","link":"https:\/\/fuentesfidedignas.com.mx\/index.php\/2025\/07\/26\/ovidio-guzman-regresara-a-corte-federal-de-eu-en-2026-para-definir-fecha-de-su-sentencia\/","title":{"rendered":"Ovidio Guzm\u00e1n regresar\u00e1 a corte federal de EU en 2026 para definir fecha de su sentencia"},"content":{"rendered":"\n<p><strong><em>&#8216;El Rat\u00f3n&#8217; se declar\u00f3 culpable en EU de cuatro cargos por crimen organizado y tr\u00e1fico de drogas.<\/em><\/strong><\/p>\n\n\n\n<p>Ovidio Guzm\u00e1n L\u00f3pez, alias El Rat\u00f3n, ex l\u00edder de la c\u00e9lula criminal de &#8216;Los Chapitos&#8217;, regresar\u00e1 a la corte federal de Chicago, Illinois, el pr\u00f3ximo 9 de enero para que se establezca una fecha para su sentencia, luego de que el pasado 11 de julio se declarara culpable de cuatro cargos por crimen organizado y tr\u00e1fico de drogas.<\/p>\n\n\n\n<p>\u201cUna audiencia en persona de estatus ha sido establecida para el 9 de enero de 2026 a las 11 de la ma\u00f1ana para establecer una fecha para sentencia. Se acepta el acuerdo de culpabilidad\u201d, se lee en la minuta actualizada por la Corte de Distrito para el Norte de Illinois, donde est\u00e1 la causa contra el hijo del Chapo Guzm\u00e1n.<\/p>\n\n\n\n<p>La corte hab\u00eda establecido una fecha en enero de 2025 para la pr\u00f3xima comparecencia del mexicano, quien adem\u00e1s, es un testigo colaborador activo de las autoridades estadunidenses, por lo que este 26 de julio por la ma\u00f1ana determin\u00f3 que ser\u00e1 en enero del pr\u00f3ximo a\u00f1o que vuelva a ver a la jueza Sharon Johnson Coleman.<\/p>\n\n\n\n<p>Adem\u00e1s, durante el periodo entre su declaratoria de culpabilidad y su pr\u00f3xima audiencia deber\u00e1 seguir colaborando con Washington para que los fiscales con los que negoci\u00f3 su acuerdo de culpabilidad presenten una moci\u00f3n para una reducci\u00f3n de sentencia, o de lo contrario, tendr\u00eda que ser enviado a prisi\u00f3n de por vida debido a los dos cargos por delincuencia organizada.<\/p>\n\n\n\n<p>\u201cHay un acuerdo de cooperaci\u00f3n, de asistencia para cooperaci\u00f3n o testimonio (\u2026) si el acusado contin\u00faa con una asistencia sustancial, el gobierno est\u00e1 preparado para solicitar una disminuci\u00f3n con base en una moci\u00f3n 5k\u201d, explic\u00f3 la fiscal\u00eda durante la audiencia del mexicano.<\/p>\n\n\n\n<p>Guzm\u00e1n L\u00f3pez formaliz\u00f3 su acuerdo ante la corte de Chicago el pasado 11 de julio, en una negociaci\u00f3n que, adem\u00e1s de los cargos por tr\u00e1fico de drogas como coca\u00edna y hero\u00edna, acept\u00f3 que se le transfirieran otros cargos que inclu\u00edan tr\u00e1fico de fentanilo, presentados en la corte del sur de Nueva York.<\/p>\n","protected":false},"excerpt":{"rendered":"<p>&#8216;El Rat\u00f3n&#8217; se declar\u00f3 culpable en EU de cuatro cargos por crimen organizado y tr\u00e1fico de drogas. Ovidio Guzm\u00e1n L\u00f3pez, alias El Rat\u00f3n, ex l\u00edder de la c\u00e9lula criminal de &#8216;Los Chapitos&#8217;, regresar\u00e1 a la corte federal de Chicago, Illinois, el pr\u00f3ximo 9 de enero para que se establezca una fecha para su sentencia, luego [&hellip;]<\/p>\n","protected":false},"author":9,"featured_media":59255,"comment_status":"open","ping_status":"open","sticky":false,"template":"","format":"standard","meta":{"tdm_status":"","tdm_grid_status":"","footnotes":""},"categories":[39],"tags":[],"class_list":{"0":"post-113723","1":"post","2":"type-post","3":"status-publish","4":"format-standard","5":"has-post-thumbnail","7":"category-noticias-nacionales"},"yoast_head":"<!-- This site is optimized with the Yoast SEO plugin v27.4 - https:\/\/yoast.com\/product\/yoast-seo-wordpress\/ -->\n<title>Ovidio Guzm\u00e1n regresar\u00e1 a corte federal de EU en 2026 para definir fecha de su sentencia - Fuentes Fidedignas<\/title>\n<meta name=\"robots\" content=\"index, follow, max-snippet:-1, max-image-preview:large, max-video-preview:-1\" \/>\n<link rel=\"canonical\" href=\"https:\/\/fuentesfidedignas.com.mx\/index.php\/2025\/07\/26\/ovidio-guzman-regresara-a-corte-federal-de-eu-en-2026-para-definir-fecha-de-su-sentencia\/\" \/>\n<meta property=\"og:locale\" content=\"es_MX\" \/>\n<meta property=\"og:type\" content=\"article\" \/>\n<meta property=\"og:title\" content=\"Ovidio Guzm\u00e1n regresar\u00e1 a corte federal de EU en 2026 para definir fecha de su sentencia - Fuentes Fidedignas\" \/>\n<meta property=\"og:description\" content=\"&#8216;El Rat\u00f3n&#8217; se declar\u00f3 culpable en EU de cuatro cargos por crimen organizado y tr\u00e1fico de drogas. Ovidio Guzm\u00e1n L\u00f3pez, alias El Rat\u00f3n, ex l\u00edder de la c\u00e9lula criminal de &#8216;Los Chapitos&#8217;, regresar\u00e1 a la corte federal de Chicago, Illinois, el pr\u00f3ximo 9 de enero para que se establezca una fecha para su sentencia, luego [&hellip;]\" \/>\n<meta property=\"og:url\" content=\"https:\/\/fuentesfidedignas.com.mx\/index.php\/2025\/07\/26\/ovidio-guzman-regresara-a-corte-federal-de-eu-en-2026-para-definir-fecha-de-su-sentencia\/\" \/>\n<meta property=\"og:site_name\" content=\"Fuentes Fidedignas\" \/>\n<meta property=\"article:publisher\" content=\"https:\/\/www.facebook.com\/Fuentes-Fidedignas-368234489921644\" \/>\n<meta property=\"article:published_time\" content=\"2025-07-26T16:35:58+00:00\" \/>\n<meta property=\"article:modified_time\" content=\"2025-07-26T16:36:09+00:00\" \/>\n<meta property=\"og:image\" content=\"https:\/\/fuentesfidedignas.com.mx\/wp-content\/uploads\/2023\/09\/ovidio-guzman-extradicion-foto.jpg\" \/>\n\t<meta property=\"og:image:width\" content=\"1100\" \/>\n\t<meta property=\"og:image:height\" content=\"580\" \/>\n\t<meta property=\"og:image:type\" content=\"image\/jpeg\" \/>\n<meta name=\"author\" content=\"Milenio\" \/>\n<meta name=\"twitter:card\" content=\"summary_large_image\" \/>\n<meta name=\"twitter:creator\" content=\"@fidedignas\" \/>\n<meta name=\"twitter:site\" content=\"@fidedignas\" \/>\n<meta name=\"twitter:label1\" content=\"Escrito por\" \/>\n\t<meta name=\"twitter:data1\" content=\"Milenio\" \/>\n\t<meta name=\"twitter:label2\" content=\"Tiempo de lectura\" \/>\n\t<meta name=\"twitter:data2\" content=\"2 minutos\" \/>\n<script type=\"application\/ld+json\" class=\"yoast-schema-graph\">{\"@context\":\"https:\\\/\\\/schema.org\",\"@graph\":[{\"@type\":\"Article\",\"@id\":\"https:\\\/\\\/fuentesfidedignas.com.mx\\\/index.php\\\/2025\\\/07\\\/26\\\/ovidio-guzman-regresara-a-corte-federal-de-eu-en-2026-para-definir-fecha-de-su-sentencia\\\/#article\",\"isPartOf\":{\"@id\":\"https:\\\/\\\/fuentesfidedignas.com.mx\\\/index.php\\\/2025\\\/07\\\/26\\\/ovidio-guzman-regresara-a-corte-federal-de-eu-en-2026-para-definir-fecha-de-su-sentencia\\\/\"},\"author\":{\"name\":\"Milenio\",\"@id\":\"https:\\\/\\\/fuentesfidedignas.com.mx\\\/#\\\/schema\\\/person\\\/47ec0135738f4b0c7495f06a77a2c976\"},\"headline\":\"Ovidio Guzm\u00e1n regresar\u00e1 a corte federal de EU en 2026 para definir fecha de su sentencia\",\"datePublished\":\"2025-07-26T16:35:58+00:00\",\"dateModified\":\"2025-07-26T16:36:09+00:00\",\"mainEntityOfPage\":{\"@id\":\"https:\\\/\\\/fuentesfidedignas.com.mx\\\/index.php\\\/2025\\\/07\\\/26\\\/ovidio-guzman-regresara-a-corte-federal-de-eu-en-2026-para-definir-fecha-de-su-sentencia\\\/\"},\"wordCount\":388,\"commentCount\":0,\"publisher\":{\"@id\":\"https:\\\/\\\/fuentesfidedignas.com.mx\\\/#organization\"},\"image\":{\"@id\":\"https:\\\/\\\/fuentesfidedignas.com.mx\\\/index.php\\\/2025\\\/07\\\/26\\\/ovidio-guzman-regresara-a-corte-federal-de-eu-en-2026-para-definir-fecha-de-su-sentencia\\\/#primaryimage\"},\"thumbnailUrl\":\"https:\\\/\\\/fuentesfidedignas.com.mx\\\/wp-content\\\/uploads\\\/2023\\\/09\\\/ovidio-guzman-extradicion-foto.jpg\",\"articleSection\":[\"NOTICIAS NACIONALES\"],\"inLanguage\":\"es\",\"potentialAction\":[{\"@type\":\"CommentAction\",\"name\":\"Comment\",\"target\":[\"https:\\\/\\\/fuentesfidedignas.com.mx\\\/index.php\\\/2025\\\/07\\\/26\\\/ovidio-guzman-regresara-a-corte-federal-de-eu-en-2026-para-definir-fecha-de-su-sentencia\\\/#respond\"]}]},{\"@type\":\"WebPage\",\"@id\":\"https:\\\/\\\/fuentesfidedignas.com.mx\\\/index.php\\\/2025\\\/07\\\/26\\\/ovidio-guzman-regresara-a-corte-federal-de-eu-en-2026-para-definir-fecha-de-su-sentencia\\\/\",\"url\":\"https:\\\/\\\/fuentesfidedignas.com.mx\\\/index.php\\\/2025\\\/07\\\/26\\\/ovidio-guzman-regresara-a-corte-federal-de-eu-en-2026-para-definir-fecha-de-su-sentencia\\\/\",\"name\":\"Ovidio Guzm\u00e1n regresar\u00e1 a corte federal de EU en 2026 para definir fecha de su sentencia - Fuentes Fidedignas\",\"isPartOf\":{\"@id\":\"https:\\\/\\\/fuentesfidedignas.com.mx\\\/#website\"},\"primaryImageOfPage\":{\"@id\":\"https:\\\/\\\/fuentesfidedignas.com.mx\\\/index.php\\\/2025\\\/07\\\/26\\\/ovidio-guzman-regresara-a-corte-federal-de-eu-en-2026-para-definir-fecha-de-su-sentencia\\\/#primaryimage\"},\"image\":{\"@id\":\"https:\\\/\\\/fuentesfidedignas.com.mx\\\/index.php\\\/2025\\\/07\\\/26\\\/ovidio-guzman-regresara-a-corte-federal-de-eu-en-2026-para-definir-fecha-de-su-sentencia\\\/#primaryimage\"},\"thumbnailUrl\":\"https:\\\/\\\/fuentesfidedignas.com.mx\\\/wp-content\\\/uploads\\\/2023\\\/09\\\/ovidio-guzman-extradicion-foto.jpg\",\"datePublished\":\"2025-07-26T16:35:58+00:00\",\"dateModified\":\"2025-07-26T16:36:09+00:00\",\"breadcrumb\":{\"@id\":\"https:\\\/\\\/fuentesfidedignas.com.mx\\\/index.php\\\/2025\\\/07\\\/26\\\/ovidio-guzman-regresara-a-corte-federal-de-eu-en-2026-para-definir-fecha-de-su-sentencia\\\/#breadcrumb\"},\"inLanguage\":\"es\",\"potentialAction\":[{\"@type\":\"ReadAction\",\"target\":[\"https:\\\/\\\/fuentesfidedignas.com.mx\\\/index.php\\\/2025\\\/07\\\/26\\\/ovidio-guzman-regresara-a-corte-federal-de-eu-en-2026-para-definir-fecha-de-su-sentencia\\\/\"]}]},{\"@type\":\"ImageObject\",\"inLanguage\":\"es\",\"@id\":\"https:\\\/\\\/fuentesfidedignas.com.mx\\\/index.php\\\/2025\\\/07\\\/26\\\/ovidio-guzman-regresara-a-corte-federal-de-eu-en-2026-para-definir-fecha-de-su-sentencia\\\/#primaryimage\",\"url\":\"https:\\\/\\\/fuentesfidedignas.com.mx\\\/wp-content\\\/uploads\\\/2023\\\/09\\\/ovidio-guzman-extradicion-foto.jpg\",\"contentUrl\":\"https:\\\/\\\/fuentesfidedignas.com.mx\\\/wp-content\\\/uploads\\\/2023\\\/09\\\/ovidio-guzman-extradicion-foto.jpg\",\"width\":1100,\"height\":580},{\"@type\":\"BreadcrumbList\",\"@id\":\"https:\\\/\\\/fuentesfidedignas.com.mx\\\/index.php\\\/2025\\\/07\\\/26\\\/ovidio-guzman-regresara-a-corte-federal-de-eu-en-2026-para-definir-fecha-de-su-sentencia\\\/#breadcrumb\",\"itemListElement\":[{\"@type\":\"ListItem\",\"position\":1,\"name\":\"Inicio\",\"item\":\"https:\\\/\\\/fuentesfidedignas.com.mx\\\/\"},{\"@type\":\"ListItem\",\"position\":2,\"name\":\"Ovidio Guzm\u00e1n regresar\u00e1 a corte federal de EU en 2026 para definir fecha de su sentencia\"}]},{\"@type\":\"WebSite\",\"@id\":\"https:\\\/\\\/fuentesfidedignas.com.mx\\\/#website\",\"url\":\"https:\\\/\\\/fuentesfidedignas.com.mx\\\/\",\"name\":\"Fuentes Fidedignas\",\"description\":\"Otro sitio realizado con WordPress\",\"publisher\":{\"@id\":\"https:\\\/\\\/fuentesfidedignas.com.mx\\\/#organization\"},\"potentialAction\":[{\"@type\":\"SearchAction\",\"target\":{\"@type\":\"EntryPoint\",\"urlTemplate\":\"https:\\\/\\\/fuentesfidedignas.com.mx\\\/?s={search_term_string}\"},\"query-input\":{\"@type\":\"PropertyValueSpecification\",\"valueRequired\":true,\"valueName\":\"search_term_string\"}}],\"inLanguage\":\"es\"},{\"@type\":\"Organization\",\"@id\":\"https:\\\/\\\/fuentesfidedignas.com.mx\\\/#organization\",\"name\":\"Fuentes Fidedignas\",\"url\":\"https:\\\/\\\/fuentesfidedignas.com.mx\\\/\",\"logo\":{\"@type\":\"ImageObject\",\"inLanguage\":\"es\",\"@id\":\"https:\\\/\\\/fuentesfidedignas.com.mx\\\/#\\\/schema\\\/logo\\\/image\\\/\",\"url\":\"https:\\\/\\\/fuentesfidedignas.com.mx\\\/wp-content\\\/uploads\\\/2021\\\/04\\\/logo-retina.png\",\"contentUrl\":\"https:\\\/\\\/fuentesfidedignas.com.mx\\\/wp-content\\\/uploads\\\/2021\\\/04\\\/logo-retina.png\",\"width\":280,\"height\":51,\"caption\":\"Fuentes Fidedignas\"},\"image\":{\"@id\":\"https:\\\/\\\/fuentesfidedignas.com.mx\\\/#\\\/schema\\\/logo\\\/image\\\/\"},\"sameAs\":[\"https:\\\/\\\/www.facebook.com\\\/Fuentes-Fidedignas-368234489921644\",\"https:\\\/\\\/x.com\\\/fidedignas\"]},{\"@type\":\"Person\",\"@id\":\"https:\\\/\\\/fuentesfidedignas.com.mx\\\/#\\\/schema\\\/person\\\/47ec0135738f4b0c7495f06a77a2c976\",\"name\":\"Milenio\",\"image\":{\"@type\":\"ImageObject\",\"inLanguage\":\"es\",\"@id\":\"https:\\\/\\\/secure.gravatar.com\\\/avatar\\\/acabf7b54753e51c2c76457954577c236b3b764789b19879565769739d1e4a75?s=96&d=mm&r=g\",\"url\":\"https:\\\/\\\/secure.gravatar.com\\\/avatar\\\/acabf7b54753e51c2c76457954577c236b3b764789b19879565769739d1e4a75?s=96&d=mm&r=g\",\"contentUrl\":\"https:\\\/\\\/secure.gravatar.com\\\/avatar\\\/acabf7b54753e51c2c76457954577c236b3b764789b19879565769739d1e4a75?s=96&d=mm&r=g\",\"caption\":\"Milenio\"},\"url\":\"https:\\\/\\\/fuentesfidedignas.com.mx\\\/index.php\\\/author\\\/milenio\\\/\"}]}<\/script>\n<!-- \/ Yoast SEO plugin. -->","yoast_head_json":{"title":"Ovidio Guzm\u00e1n regresar\u00e1 a corte federal de EU en 2026 para definir fecha de su sentencia - Fuentes Fidedignas","robots":{"index":"index","follow":"follow","max-snippet":"max-snippet:-1","max-image-preview":"max-image-preview:large","max-video-preview":"max-video-preview:-1"},"canonical":"https:\/\/fuentesfidedignas.com.mx\/index.php\/2025\/07\/26\/ovidio-guzman-regresara-a-corte-federal-de-eu-en-2026-para-definir-fecha-de-su-sentencia\/","og_locale":"es_MX","og_type":"article","og_title":"Ovidio Guzm\u00e1n regresar\u00e1 a corte federal de EU en 2026 para definir fecha de su sentencia - Fuentes Fidedignas","og_description":"&#8216;El Rat\u00f3n&#8217; se declar\u00f3 culpable en EU de cuatro cargos por crimen organizado y tr\u00e1fico de drogas. Ovidio Guzm\u00e1n L\u00f3pez, alias El Rat\u00f3n, ex l\u00edder de la c\u00e9lula criminal de &#8216;Los Chapitos&#8217;, regresar\u00e1 a la corte federal de Chicago, Illinois, el pr\u00f3ximo 9 de enero para que se establezca una fecha para su sentencia, luego [&hellip;]","og_url":"https:\/\/fuentesfidedignas.com.mx\/index.php\/2025\/07\/26\/ovidio-guzman-regresara-a-corte-federal-de-eu-en-2026-para-definir-fecha-de-su-sentencia\/","og_site_name":"Fuentes Fidedignas","article_publisher":"https:\/\/www.facebook.com\/Fuentes-Fidedignas-368234489921644","article_published_time":"2025-07-26T16:35:58+00:00","article_modified_time":"2025-07-26T16:36:09+00:00","og_image":[{"width":1100,"height":580,"url":"https:\/\/fuentesfidedignas.com.mx\/wp-content\/uploads\/2023\/09\/ovidio-guzman-extradicion-foto.jpg","type":"image\/jpeg"}],"author":"Milenio","twitter_card":"summary_large_image","twitter_creator":"@fidedignas","twitter_site":"@fidedignas","twitter_misc":{"Escrito por":"Milenio","Tiempo de lectura":"2 minutos"},"schema":{"@context":"https:\/\/schema.org","@graph":[{"@type":"Article","@id":"https:\/\/fuentesfidedignas.com.mx\/index.php\/2025\/07\/26\/ovidio-guzman-regresara-a-corte-federal-de-eu-en-2026-para-definir-fecha-de-su-sentencia\/#article","isPartOf":{"@id":"https:\/\/fuentesfidedignas.com.mx\/index.php\/2025\/07\/26\/ovidio-guzman-regresara-a-corte-federal-de-eu-en-2026-para-definir-fecha-de-su-sentencia\/"},"author":{"name":"Milenio","@id":"https:\/\/fuentesfidedignas.com.mx\/#\/schema\/person\/47ec0135738f4b0c7495f06a77a2c976"},"headline":"Ovidio Guzm\u00e1n regresar\u00e1 a corte federal de EU en 2026 para definir fecha de su sentencia","datePublished":"2025-07-26T16:35:58+00:00","dateModified":"2025-07-26T16:36:09+00:00","mainEntityOfPage":{"@id":"https:\/\/fuentesfidedignas.com.mx\/index.php\/2025\/07\/26\/ovidio-guzman-regresara-a-corte-federal-de-eu-en-2026-para-definir-fecha-de-su-sentencia\/"},"wordCount":388,"commentCount":0,"publisher":{"@id":"https:\/\/fuentesfidedignas.com.mx\/#organization"},"image":{"@id":"https:\/\/fuentesfidedignas.com.mx\/index.php\/2025\/07\/26\/ovidio-guzman-regresara-a-corte-federal-de-eu-en-2026-para-definir-fecha-de-su-sentencia\/#primaryimage"},"thumbnailUrl":"https:\/\/fuentesfidedignas.com.mx\/wp-content\/uploads\/2023\/09\/ovidio-guzman-extradicion-foto.jpg","articleSection":["NOTICIAS NACIONALES"],"inLanguage":"es","potentialAction":[{"@type":"CommentAction","name":"Comment","target":["https:\/\/fuentesfidedignas.com.mx\/index.php\/2025\/07\/26\/ovidio-guzman-regresara-a-corte-federal-de-eu-en-2026-para-definir-fecha-de-su-sentencia\/#respond"]}]},{"@type":"WebPage","@id":"https:\/\/fuentesfidedignas.com.mx\/index.php\/2025\/07\/26\/ovidio-guzman-regresara-a-corte-federal-de-eu-en-2026-para-definir-fecha-de-su-sentencia\/","url":"https:\/\/fuentesfidedignas.com.mx\/index.php\/2025\/07\/26\/ovidio-guzman-regresara-a-corte-federal-de-eu-en-2026-para-definir-fecha-de-su-sentencia\/","name":"Ovidio Guzm\u00e1n regresar\u00e1 a corte federal de EU en 2026 para definir fecha de su sentencia - Fuentes Fidedignas","isPartOf":{"@id":"https:\/\/fuentesfidedignas.com.mx\/#website"},"primaryImageOfPage":{"@id":"https:\/\/fuentesfidedignas.com.mx\/index.php\/2025\/07\/26\/ovidio-guzman-regresara-a-corte-federal-de-eu-en-2026-para-definir-fecha-de-su-sentencia\/#primaryimage"},"image":{"@id":"https:\/\/fuentesfidedignas.com.mx\/index.php\/2025\/07\/26\/ovidio-guzman-regresara-a-corte-federal-de-eu-en-2026-para-definir-fecha-de-su-sentencia\/#primaryimage"},"thumbnailUrl":"https:\/\/fuentesfidedignas.com.mx\/wp-content\/uploads\/2023\/09\/ovidio-guzman-extradicion-foto.jpg","datePublished":"2025-07-26T16:35:58+00:00","dateModified":"2025-07-26T16:36:09+00:00","breadcrumb":{"@id":"https:\/\/fuentesfidedignas.com.mx\/index.php\/2025\/07\/26\/ovidio-guzman-regresara-a-corte-federal-de-eu-en-2026-para-definir-fecha-de-su-sentencia\/#breadcrumb"},"inLanguage":"es","potentialAction":[{"@type":"ReadAction","target":["https:\/\/fuentesfidedignas.com.mx\/index.php\/2025\/07\/26\/ovidio-guzman-regresara-a-corte-federal-de-eu-en-2026-para-definir-fecha-de-su-sentencia\/"]}]},{"@type":"ImageObject","inLanguage":"es","@id":"https:\/\/fuentesfidedignas.com.mx\/index.php\/2025\/07\/26\/ovidio-guzman-regresara-a-corte-federal-de-eu-en-2026-para-definir-fecha-de-su-sentencia\/#primaryimage","url":"https:\/\/fuentesfidedignas.com.mx\/wp-content\/uploads\/2023\/09\/ovidio-guzman-extradicion-foto.jpg","contentUrl":"https:\/\/fuentesfidedignas.com.mx\/wp-content\/uploads\/2023\/09\/ovidio-guzman-extradicion-foto.jpg","width":1100,"height":580},{"@type":"BreadcrumbList","@id":"https:\/\/fuentesfidedignas.com.mx\/index.php\/2025\/07\/26\/ovidio-guzman-regresara-a-corte-federal-de-eu-en-2026-para-definir-fecha-de-su-sentencia\/#breadcrumb","itemListElement":[{"@type":"ListItem","position":1,"name":"Inicio","item":"https:\/\/fuentesfidedignas.com.mx\/"},{"@type":"ListItem","position":2,"name":"Ovidio Guzm\u00e1n regresar\u00e1 a corte federal de EU en 2026 para definir fecha de su sentencia"}]},{"@type":"WebSite","@id":"https:\/\/fuentesfidedignas.com.mx\/#website","url":"https:\/\/fuentesfidedignas.com.mx\/","name":"Fuentes Fidedignas","description":"Otro sitio realizado con WordPress","publisher":{"@id":"https:\/\/fuentesfidedignas.com.mx\/#organization"},"potentialAction":[{"@type":"SearchAction","target":{"@type":"EntryPoint","urlTemplate":"https:\/\/fuentesfidedignas.com.mx\/?s={search_term_string}"},"query-input":{"@type":"PropertyValueSpecification","valueRequired":true,"valueName":"search_term_string"}}],"inLanguage":"es"},{"@type":"Organization","@id":"https:\/\/fuentesfidedignas.com.mx\/#organization","name":"Fuentes Fidedignas","url":"https:\/\/fuentesfidedignas.com.mx\/","logo":{"@type":"ImageObject","inLanguage":"es","@id":"https:\/\/fuentesfidedignas.com.mx\/#\/schema\/logo\/image\/","url":"https:\/\/fuentesfidedignas.com.mx\/wp-content\/uploads\/2021\/04\/logo-retina.png","contentUrl":"https:\/\/fuentesfidedignas.com.mx\/wp-content\/uploads\/2021\/04\/logo-retina.png","width":280,"height":51,"caption":"Fuentes Fidedignas"},"image":{"@id":"https:\/\/fuentesfidedignas.com.mx\/#\/schema\/logo\/image\/"},"sameAs":["https:\/\/www.facebook.com\/Fuentes-Fidedignas-368234489921644","https:\/\/x.com\/fidedignas"]},{"@type":"Person","@id":"https:\/\/fuentesfidedignas.com.mx\/#\/schema\/person\/47ec0135738f4b0c7495f06a77a2c976","name":"Milenio","image":{"@type":"ImageObject","inLanguage":"es","@id":"https:\/\/secure.gravatar.com\/avatar\/acabf7b54753e51c2c76457954577c236b3b764789b19879565769739d1e4a75?s=96&d=mm&r=g","url":"https:\/\/secure.gravatar.com\/avatar\/acabf7b54753e51c2c76457954577c236b3b764789b19879565769739d1e4a75?s=96&d=mm&r=g","contentUrl":"https:\/\/secure.gravatar.com\/avatar\/acabf7b54753e51c2c76457954577c236b3b764789b19879565769739d1e4a75?s=96&d=mm&r=g","caption":"Milenio"},"url":"https:\/\/fuentesfidedignas.com.mx\/index.php\/author\/milenio\/"}]}},"_links":{"self":[{"href":"https:\/\/fuentesfidedignas.com.mx\/index.php\/wp-json\/wp\/v2\/posts\/113723","targetHints":{"allow":["GET"]}}],"collection":[{"href":"https:\/\/fuentesfidedignas.com.mx\/index.php\/wp-json\/wp\/v2\/posts"}],"about":[{"href":"https:\/\/fuentesfidedignas.com.mx\/index.php\/wp-json\/wp\/v2\/types\/post"}],"author":[{"embeddable":true,"href":"https:\/\/fuentesfidedignas.com.mx\/index.php\/wp-json\/wp\/v2\/users\/9"}],"replies":[{"embeddable":true,"href":"https:\/\/fuentesfidedignas.com.mx\/index.php\/wp-json\/wp\/v2\/comments?post=113723"}],"version-history":[{"count":1,"href":"https:\/\/fuentesfidedignas.com.mx\/index.php\/wp-json\/wp\/v2\/posts\/113723\/revisions"}],"predecessor-version":[{"id":113724,"href":"https:\/\/fuentesfidedignas.com.mx\/index.php\/wp-json\/wp\/v2\/posts\/113723\/revisions\/113724"}],"wp:featuredmedia":[{"embeddable":true,"href":"https:\/\/fuentesfidedignas.com.mx\/index.php\/wp-json\/wp\/v2\/media\/59255"}],"wp:attachment":[{"href":"https:\/\/fuentesfidedignas.com.mx\/index.php\/wp-json\/wp\/v2\/media?parent=113723"}],"wp:term":[{"taxonomy":"category","embeddable":true,"href":"https:\/\/fuentesfidedignas.com.mx\/index.php\/wp-json\/wp\/v2\/categories?post=113723"},{"taxonomy":"post_tag","embeddable":true,"href":"https:\/\/fuentesfidedignas.com.mx\/index.php\/wp-json\/wp\/v2\/tags?post=113723"}],"curies":[{"name":"wp","href":"https:\/\/api.w.org\/{rel}","templated":true}]}}