{"id":113702,"date":"2025-07-26T05:43:00","date_gmt":"2025-07-26T12:43:00","guid":{"rendered":"https:\/\/fuentesfidedignas.com.mx\/?p=113702"},"modified":"2025-07-25T21:22:08","modified_gmt":"2025-07-26T04:22:08","slug":"video-torbellinos-y-vientos-locos-tornado-azota-un-aeropuerto-en-francia","status":"publish","type":"post","link":"https:\/\/fuentesfidedignas.com.mx\/index.php\/2025\/07\/26\/video-torbellinos-y-vientos-locos-tornado-azota-un-aeropuerto-en-francia\/","title":{"rendered":"VIDEO | Torbellinos y vientos locos: tornado azota un aeropuerto en Francia"},"content":{"rendered":"\n<p><br>Un tornado golpe\u00f3 este lunes el aeropuerto de la ciudad francesa de Tours durante una tormenta. Un empleado del aeropuerto logr\u00f3 grabar el momento en que se form\u00f3 el fen\u00f3meno meteorol\u00f3gico. No se han reportado da\u00f1os significativos.<\/p>\n\n\n\n<figure class=\"wp-block-embed is-type-rich is-provider-twitter wp-block-embed-twitter\"><div class=\"wp-block-embed__wrapper\">\n<blockquote class=\"twitter-tweet\" data-width=\"550\" data-dnt=\"true\"><p lang=\"fr\" dir=\"ltr\">[Tornade \ud83c\udf2a\ufe0f \u00e0 Tours ce lundi matin]<br><br>Images impressionnantes d&#39;une <a href=\"https:\/\/twitter.com\/hashtag\/tornade?src=hash&amp;ref_src=twsrc%5Etfw\">#tornade<\/a> \ud83c\udf2a\ufe0f ayant touch\u00e9 l&#39;a\u00e9roport de la <a href=\"https:\/\/twitter.com\/villedetours?ref_src=twsrc%5Etfw\">@villedetours<\/a> (<a href=\"https:\/\/twitter.com\/CD37_touraine?ref_src=twsrc%5Etfw\">@CD37_touraine<\/a>), ce lundi 21 juillet 2025, \u00e0 10h23, sous un <a href=\"https:\/\/twitter.com\/hashtag\/orage?src=hash&amp;ref_src=twsrc%5Etfw\">#orage<\/a> \u26c8\ufe0f actif, circulant rapidement au Nord de la ville !<br>On voit parfaitement l&#39;aspiration et\u2026 <a href=\"https:\/\/t.co\/cs81MFVXNA\">pic.twitter.com\/cs81MFVXNA<\/a><\/p>&mdash; Association M\u00e9t\u00e9o Centre &#8211; Val de Loire (@AssoMeteoCVDL) <a href=\"https:\/\/twitter.com\/AssoMeteoCVDL\/status\/1947252693707145249?ref_src=twsrc%5Etfw\">July 21, 2025<\/a><\/blockquote><script async src=\"https:\/\/platform.twitter.com\/widgets.js\" charset=\"utf-8\"><\/script>\n<\/div><\/figure>\n","protected":false},"excerpt":{"rendered":"<p>Un tornado golpe\u00f3 este lunes el aeropuerto de la ciudad francesa de Tours durante una tormenta. Un empleado del aeropuerto logr\u00f3 grabar el momento en que se form\u00f3 el fen\u00f3meno meteorol\u00f3gico. No se han reportado da\u00f1os significativos.<\/p>\n","protected":false},"author":38,"featured_media":113701,"comment_status":"closed","ping_status":"open","sticky":false,"template":"","format":"standard","meta":{"tdm_status":"","tdm_grid_status":"","footnotes":""},"categories":[40],"tags":[],"class_list":{"0":"post-113702","1":"post","2":"type-post","3":"status-publish","4":"format-standard","5":"has-post-thumbnail","7":"category-las-asombrosas"},"yoast_head":"<!-- This site is optimized with the Yoast SEO plugin v27.5 - https:\/\/yoast.com\/product\/yoast-seo-wordpress\/ -->\n<title>VIDEO | Torbellinos y vientos locos: tornado azota un aeropuerto en Francia - Fuentes Fidedignas<\/title>\n<meta name=\"robots\" content=\"index, follow, max-snippet:-1, max-image-preview:large, max-video-preview:-1\" \/>\n<link rel=\"canonical\" href=\"https:\/\/fuentesfidedignas.com.mx\/index.php\/2025\/07\/26\/video-torbellinos-y-vientos-locos-tornado-azota-un-aeropuerto-en-francia\/\" \/>\n<meta property=\"og:locale\" content=\"es_MX\" \/>\n<meta property=\"og:type\" content=\"article\" \/>\n<meta property=\"og:title\" content=\"VIDEO | Torbellinos y vientos locos: tornado azota un aeropuerto en Francia - Fuentes Fidedignas\" \/>\n<meta property=\"og:description\" content=\"Un tornado golpe\u00f3 este lunes el aeropuerto de la ciudad francesa de Tours durante una tormenta. Un empleado del aeropuerto logr\u00f3 grabar el momento en que se form\u00f3 el fen\u00f3meno meteorol\u00f3gico. No se han reportado da\u00f1os significativos.\" \/>\n<meta property=\"og:url\" content=\"https:\/\/fuentesfidedignas.com.mx\/index.php\/2025\/07\/26\/video-torbellinos-y-vientos-locos-tornado-azota-un-aeropuerto-en-francia\/\" \/>\n<meta property=\"og:site_name\" content=\"Fuentes Fidedignas\" \/>\n<meta property=\"article:publisher\" content=\"https:\/\/www.facebook.com\/Fuentes-Fidedignas-368234489921644\" \/>\n<meta property=\"article:published_time\" content=\"2025-07-26T12:43:00+00:00\" \/>\n<meta property=\"og:image\" content=\"https:\/\/fuentesfidedignas.com.mx\/wp-content\/uploads\/2025\/07\/img_3170.jpg\" \/>\n\t<meta property=\"og:image:width\" content=\"1104\" \/>\n\t<meta property=\"og:image:height\" content=\"622\" \/>\n\t<meta property=\"og:image:type\" content=\"image\/jpeg\" \/>\n<meta name=\"author\" content=\"Actualidad RT\" \/>\n<meta name=\"twitter:card\" content=\"summary_large_image\" \/>\n<meta name=\"twitter:creator\" content=\"@fidedignas\" \/>\n<meta name=\"twitter:site\" content=\"@fidedignas\" \/>\n<meta name=\"twitter:label1\" content=\"Escrito por\" \/>\n\t<meta name=\"twitter:data1\" content=\"Actualidad RT\" \/>\n\t<meta name=\"twitter:label2\" content=\"Tiempo de lectura\" \/>\n\t<meta name=\"twitter:data2\" content=\"1 minuto\" \/>\n<script type=\"application\/ld+json\" class=\"yoast-schema-graph\">{\"@context\":\"https:\\\/\\\/schema.org\",\"@graph\":[{\"@type\":\"Article\",\"@id\":\"https:\\\/\\\/fuentesfidedignas.com.mx\\\/index.php\\\/2025\\\/07\\\/26\\\/video-torbellinos-y-vientos-locos-tornado-azota-un-aeropuerto-en-francia\\\/#article\",\"isPartOf\":{\"@id\":\"https:\\\/\\\/fuentesfidedignas.com.mx\\\/index.php\\\/2025\\\/07\\\/26\\\/video-torbellinos-y-vientos-locos-tornado-azota-un-aeropuerto-en-francia\\\/\"},\"author\":{\"name\":\"Actualidad RT\",\"@id\":\"https:\\\/\\\/fuentesfidedignas.com.mx\\\/#\\\/schema\\\/person\\\/eade03a5d4a96f9b557ac266e3d63718\"},\"headline\":\"VIDEO | Torbellinos y vientos locos: tornado azota un aeropuerto en Francia\",\"datePublished\":\"2025-07-26T12:43:00+00:00\",\"mainEntityOfPage\":{\"@id\":\"https:\\\/\\\/fuentesfidedignas.com.mx\\\/index.php\\\/2025\\\/07\\\/26\\\/video-torbellinos-y-vientos-locos-tornado-azota-un-aeropuerto-en-francia\\\/\"},\"wordCount\":57,\"publisher\":{\"@id\":\"https:\\\/\\\/fuentesfidedignas.com.mx\\\/#organization\"},\"image\":{\"@id\":\"https:\\\/\\\/fuentesfidedignas.com.mx\\\/index.php\\\/2025\\\/07\\\/26\\\/video-torbellinos-y-vientos-locos-tornado-azota-un-aeropuerto-en-francia\\\/#primaryimage\"},\"thumbnailUrl\":\"https:\\\/\\\/fuentesfidedignas.com.mx\\\/wp-content\\\/uploads\\\/2025\\\/07\\\/img_3170.jpg\",\"articleSection\":[\"LAS ASOMBROSAS\"],\"inLanguage\":\"es\"},{\"@type\":\"WebPage\",\"@id\":\"https:\\\/\\\/fuentesfidedignas.com.mx\\\/index.php\\\/2025\\\/07\\\/26\\\/video-torbellinos-y-vientos-locos-tornado-azota-un-aeropuerto-en-francia\\\/\",\"url\":\"https:\\\/\\\/fuentesfidedignas.com.mx\\\/index.php\\\/2025\\\/07\\\/26\\\/video-torbellinos-y-vientos-locos-tornado-azota-un-aeropuerto-en-francia\\\/\",\"name\":\"VIDEO | Torbellinos y vientos locos: tornado azota un aeropuerto en Francia - Fuentes Fidedignas\",\"isPartOf\":{\"@id\":\"https:\\\/\\\/fuentesfidedignas.com.mx\\\/#website\"},\"primaryImageOfPage\":{\"@id\":\"https:\\\/\\\/fuentesfidedignas.com.mx\\\/index.php\\\/2025\\\/07\\\/26\\\/video-torbellinos-y-vientos-locos-tornado-azota-un-aeropuerto-en-francia\\\/#primaryimage\"},\"image\":{\"@id\":\"https:\\\/\\\/fuentesfidedignas.com.mx\\\/index.php\\\/2025\\\/07\\\/26\\\/video-torbellinos-y-vientos-locos-tornado-azota-un-aeropuerto-en-francia\\\/#primaryimage\"},\"thumbnailUrl\":\"https:\\\/\\\/fuentesfidedignas.com.mx\\\/wp-content\\\/uploads\\\/2025\\\/07\\\/img_3170.jpg\",\"datePublished\":\"2025-07-26T12:43:00+00:00\",\"breadcrumb\":{\"@id\":\"https:\\\/\\\/fuentesfidedignas.com.mx\\\/index.php\\\/2025\\\/07\\\/26\\\/video-torbellinos-y-vientos-locos-tornado-azota-un-aeropuerto-en-francia\\\/#breadcrumb\"},\"inLanguage\":\"es\",\"potentialAction\":[{\"@type\":\"ReadAction\",\"target\":[\"https:\\\/\\\/fuentesfidedignas.com.mx\\\/index.php\\\/2025\\\/07\\\/26\\\/video-torbellinos-y-vientos-locos-tornado-azota-un-aeropuerto-en-francia\\\/\"]}]},{\"@type\":\"ImageObject\",\"inLanguage\":\"es\",\"@id\":\"https:\\\/\\\/fuentesfidedignas.com.mx\\\/index.php\\\/2025\\\/07\\\/26\\\/video-torbellinos-y-vientos-locos-tornado-azota-un-aeropuerto-en-francia\\\/#primaryimage\",\"url\":\"https:\\\/\\\/fuentesfidedignas.com.mx\\\/wp-content\\\/uploads\\\/2025\\\/07\\\/img_3170.jpg\",\"contentUrl\":\"https:\\\/\\\/fuentesfidedignas.com.mx\\\/wp-content\\\/uploads\\\/2025\\\/07\\\/img_3170.jpg\",\"width\":1104,\"height\":622},{\"@type\":\"BreadcrumbList\",\"@id\":\"https:\\\/\\\/fuentesfidedignas.com.mx\\\/index.php\\\/2025\\\/07\\\/26\\\/video-torbellinos-y-vientos-locos-tornado-azota-un-aeropuerto-en-francia\\\/#breadcrumb\",\"itemListElement\":[{\"@type\":\"ListItem\",\"position\":1,\"name\":\"Inicio\",\"item\":\"https:\\\/\\\/fuentesfidedignas.com.mx\\\/\"},{\"@type\":\"ListItem\",\"position\":2,\"name\":\"VIDEO | Torbellinos y vientos locos: tornado azota un aeropuerto en Francia\"}]},{\"@type\":\"WebSite\",\"@id\":\"https:\\\/\\\/fuentesfidedignas.com.mx\\\/#website\",\"url\":\"https:\\\/\\\/fuentesfidedignas.com.mx\\\/\",\"name\":\"Fuentes Fidedignas\",\"description\":\"Otro sitio realizado con WordPress\",\"publisher\":{\"@id\":\"https:\\\/\\\/fuentesfidedignas.com.mx\\\/#organization\"},\"potentialAction\":[{\"@type\":\"SearchAction\",\"target\":{\"@type\":\"EntryPoint\",\"urlTemplate\":\"https:\\\/\\\/fuentesfidedignas.com.mx\\\/?s={search_term_string}\"},\"query-input\":{\"@type\":\"PropertyValueSpecification\",\"valueRequired\":true,\"valueName\":\"search_term_string\"}}],\"inLanguage\":\"es\"},{\"@type\":\"Organization\",\"@id\":\"https:\\\/\\\/fuentesfidedignas.com.mx\\\/#organization\",\"name\":\"Fuentes Fidedignas\",\"url\":\"https:\\\/\\\/fuentesfidedignas.com.mx\\\/\",\"logo\":{\"@type\":\"ImageObject\",\"inLanguage\":\"es\",\"@id\":\"https:\\\/\\\/fuentesfidedignas.com.mx\\\/#\\\/schema\\\/logo\\\/image\\\/\",\"url\":\"https:\\\/\\\/fuentesfidedignas.com.mx\\\/wp-content\\\/uploads\\\/2021\\\/04\\\/logo-retina.png\",\"contentUrl\":\"https:\\\/\\\/fuentesfidedignas.com.mx\\\/wp-content\\\/uploads\\\/2021\\\/04\\\/logo-retina.png\",\"width\":280,\"height\":51,\"caption\":\"Fuentes Fidedignas\"},\"image\":{\"@id\":\"https:\\\/\\\/fuentesfidedignas.com.mx\\\/#\\\/schema\\\/logo\\\/image\\\/\"},\"sameAs\":[\"https:\\\/\\\/www.facebook.com\\\/Fuentes-Fidedignas-368234489921644\",\"https:\\\/\\\/x.com\\\/fidedignas\"]},{\"@type\":\"Person\",\"@id\":\"https:\\\/\\\/fuentesfidedignas.com.mx\\\/#\\\/schema\\\/person\\\/eade03a5d4a96f9b557ac266e3d63718\",\"name\":\"Actualidad RT\",\"image\":{\"@type\":\"ImageObject\",\"inLanguage\":\"es\",\"@id\":\"https:\\\/\\\/secure.gravatar.com\\\/avatar\\\/443e88260a6a7111cf83d7014ab1894f91a4053ffd4e9da37d79effad3a35c81?s=96&d=mm&r=g\",\"url\":\"https:\\\/\\\/secure.gravatar.com\\\/avatar\\\/443e88260a6a7111cf83d7014ab1894f91a4053ffd4e9da37d79effad3a35c81?s=96&d=mm&r=g\",\"contentUrl\":\"https:\\\/\\\/secure.gravatar.com\\\/avatar\\\/443e88260a6a7111cf83d7014ab1894f91a4053ffd4e9da37d79effad3a35c81?s=96&d=mm&r=g\",\"caption\":\"Actualidad RT\"},\"url\":\"https:\\\/\\\/fuentesfidedignas.com.mx\\\/index.php\\\/author\\\/actualidad\\\/\"}]}<\/script>\n<!-- \/ Yoast SEO plugin. -->","yoast_head_json":{"title":"VIDEO | Torbellinos y vientos locos: tornado azota un aeropuerto en Francia - Fuentes Fidedignas","robots":{"index":"index","follow":"follow","max-snippet":"max-snippet:-1","max-image-preview":"max-image-preview:large","max-video-preview":"max-video-preview:-1"},"canonical":"https:\/\/fuentesfidedignas.com.mx\/index.php\/2025\/07\/26\/video-torbellinos-y-vientos-locos-tornado-azota-un-aeropuerto-en-francia\/","og_locale":"es_MX","og_type":"article","og_title":"VIDEO | Torbellinos y vientos locos: tornado azota un aeropuerto en Francia - Fuentes Fidedignas","og_description":"Un tornado golpe\u00f3 este lunes el aeropuerto de la ciudad francesa de Tours durante una tormenta. Un empleado del aeropuerto logr\u00f3 grabar el momento en que se form\u00f3 el fen\u00f3meno meteorol\u00f3gico. No se han reportado da\u00f1os significativos.","og_url":"https:\/\/fuentesfidedignas.com.mx\/index.php\/2025\/07\/26\/video-torbellinos-y-vientos-locos-tornado-azota-un-aeropuerto-en-francia\/","og_site_name":"Fuentes Fidedignas","article_publisher":"https:\/\/www.facebook.com\/Fuentes-Fidedignas-368234489921644","article_published_time":"2025-07-26T12:43:00+00:00","og_image":[{"width":1104,"height":622,"url":"https:\/\/fuentesfidedignas.com.mx\/wp-content\/uploads\/2025\/07\/img_3170.jpg","type":"image\/jpeg"}],"author":"Actualidad RT","twitter_card":"summary_large_image","twitter_creator":"@fidedignas","twitter_site":"@fidedignas","twitter_misc":{"Escrito por":"Actualidad RT","Tiempo de lectura":"1 minuto"},"schema":{"@context":"https:\/\/schema.org","@graph":[{"@type":"Article","@id":"https:\/\/fuentesfidedignas.com.mx\/index.php\/2025\/07\/26\/video-torbellinos-y-vientos-locos-tornado-azota-un-aeropuerto-en-francia\/#article","isPartOf":{"@id":"https:\/\/fuentesfidedignas.com.mx\/index.php\/2025\/07\/26\/video-torbellinos-y-vientos-locos-tornado-azota-un-aeropuerto-en-francia\/"},"author":{"name":"Actualidad RT","@id":"https:\/\/fuentesfidedignas.com.mx\/#\/schema\/person\/eade03a5d4a96f9b557ac266e3d63718"},"headline":"VIDEO | Torbellinos y vientos locos: tornado azota un aeropuerto en Francia","datePublished":"2025-07-26T12:43:00+00:00","mainEntityOfPage":{"@id":"https:\/\/fuentesfidedignas.com.mx\/index.php\/2025\/07\/26\/video-torbellinos-y-vientos-locos-tornado-azota-un-aeropuerto-en-francia\/"},"wordCount":57,"publisher":{"@id":"https:\/\/fuentesfidedignas.com.mx\/#organization"},"image":{"@id":"https:\/\/fuentesfidedignas.com.mx\/index.php\/2025\/07\/26\/video-torbellinos-y-vientos-locos-tornado-azota-un-aeropuerto-en-francia\/#primaryimage"},"thumbnailUrl":"https:\/\/fuentesfidedignas.com.mx\/wp-content\/uploads\/2025\/07\/img_3170.jpg","articleSection":["LAS ASOMBROSAS"],"inLanguage":"es"},{"@type":"WebPage","@id":"https:\/\/fuentesfidedignas.com.mx\/index.php\/2025\/07\/26\/video-torbellinos-y-vientos-locos-tornado-azota-un-aeropuerto-en-francia\/","url":"https:\/\/fuentesfidedignas.com.mx\/index.php\/2025\/07\/26\/video-torbellinos-y-vientos-locos-tornado-azota-un-aeropuerto-en-francia\/","name":"VIDEO | Torbellinos y vientos locos: tornado azota un aeropuerto en Francia - Fuentes Fidedignas","isPartOf":{"@id":"https:\/\/fuentesfidedignas.com.mx\/#website"},"primaryImageOfPage":{"@id":"https:\/\/fuentesfidedignas.com.mx\/index.php\/2025\/07\/26\/video-torbellinos-y-vientos-locos-tornado-azota-un-aeropuerto-en-francia\/#primaryimage"},"image":{"@id":"https:\/\/fuentesfidedignas.com.mx\/index.php\/2025\/07\/26\/video-torbellinos-y-vientos-locos-tornado-azota-un-aeropuerto-en-francia\/#primaryimage"},"thumbnailUrl":"https:\/\/fuentesfidedignas.com.mx\/wp-content\/uploads\/2025\/07\/img_3170.jpg","datePublished":"2025-07-26T12:43:00+00:00","breadcrumb":{"@id":"https:\/\/fuentesfidedignas.com.mx\/index.php\/2025\/07\/26\/video-torbellinos-y-vientos-locos-tornado-azota-un-aeropuerto-en-francia\/#breadcrumb"},"inLanguage":"es","potentialAction":[{"@type":"ReadAction","target":["https:\/\/fuentesfidedignas.com.mx\/index.php\/2025\/07\/26\/video-torbellinos-y-vientos-locos-tornado-azota-un-aeropuerto-en-francia\/"]}]},{"@type":"ImageObject","inLanguage":"es","@id":"https:\/\/fuentesfidedignas.com.mx\/index.php\/2025\/07\/26\/video-torbellinos-y-vientos-locos-tornado-azota-un-aeropuerto-en-francia\/#primaryimage","url":"https:\/\/fuentesfidedignas.com.mx\/wp-content\/uploads\/2025\/07\/img_3170.jpg","contentUrl":"https:\/\/fuentesfidedignas.com.mx\/wp-content\/uploads\/2025\/07\/img_3170.jpg","width":1104,"height":622},{"@type":"BreadcrumbList","@id":"https:\/\/fuentesfidedignas.com.mx\/index.php\/2025\/07\/26\/video-torbellinos-y-vientos-locos-tornado-azota-un-aeropuerto-en-francia\/#breadcrumb","itemListElement":[{"@type":"ListItem","position":1,"name":"Inicio","item":"https:\/\/fuentesfidedignas.com.mx\/"},{"@type":"ListItem","position":2,"name":"VIDEO | Torbellinos y vientos locos: tornado azota un aeropuerto en Francia"}]},{"@type":"WebSite","@id":"https:\/\/fuentesfidedignas.com.mx\/#website","url":"https:\/\/fuentesfidedignas.com.mx\/","name":"Fuentes Fidedignas","description":"Otro sitio realizado con WordPress","publisher":{"@id":"https:\/\/fuentesfidedignas.com.mx\/#organization"},"potentialAction":[{"@type":"SearchAction","target":{"@type":"EntryPoint","urlTemplate":"https:\/\/fuentesfidedignas.com.mx\/?s={search_term_string}"},"query-input":{"@type":"PropertyValueSpecification","valueRequired":true,"valueName":"search_term_string"}}],"inLanguage":"es"},{"@type":"Organization","@id":"https:\/\/fuentesfidedignas.com.mx\/#organization","name":"Fuentes Fidedignas","url":"https:\/\/fuentesfidedignas.com.mx\/","logo":{"@type":"ImageObject","inLanguage":"es","@id":"https:\/\/fuentesfidedignas.com.mx\/#\/schema\/logo\/image\/","url":"https:\/\/fuentesfidedignas.com.mx\/wp-content\/uploads\/2021\/04\/logo-retina.png","contentUrl":"https:\/\/fuentesfidedignas.com.mx\/wp-content\/uploads\/2021\/04\/logo-retina.png","width":280,"height":51,"caption":"Fuentes Fidedignas"},"image":{"@id":"https:\/\/fuentesfidedignas.com.mx\/#\/schema\/logo\/image\/"},"sameAs":["https:\/\/www.facebook.com\/Fuentes-Fidedignas-368234489921644","https:\/\/x.com\/fidedignas"]},{"@type":"Person","@id":"https:\/\/fuentesfidedignas.com.mx\/#\/schema\/person\/eade03a5d4a96f9b557ac266e3d63718","name":"Actualidad RT","image":{"@type":"ImageObject","inLanguage":"es","@id":"https:\/\/secure.gravatar.com\/avatar\/443e88260a6a7111cf83d7014ab1894f91a4053ffd4e9da37d79effad3a35c81?s=96&d=mm&r=g","url":"https:\/\/secure.gravatar.com\/avatar\/443e88260a6a7111cf83d7014ab1894f91a4053ffd4e9da37d79effad3a35c81?s=96&d=mm&r=g","contentUrl":"https:\/\/secure.gravatar.com\/avatar\/443e88260a6a7111cf83d7014ab1894f91a4053ffd4e9da37d79effad3a35c81?s=96&d=mm&r=g","caption":"Actualidad RT"},"url":"https:\/\/fuentesfidedignas.com.mx\/index.php\/author\/actualidad\/"}]}},"_links":{"self":[{"href":"https:\/\/fuentesfidedignas.com.mx\/index.php\/wp-json\/wp\/v2\/posts\/113702","targetHints":{"allow":["GET"]}}],"collection":[{"href":"https:\/\/fuentesfidedignas.com.mx\/index.php\/wp-json\/wp\/v2\/posts"}],"about":[{"href":"https:\/\/fuentesfidedignas.com.mx\/index.php\/wp-json\/wp\/v2\/types\/post"}],"author":[{"embeddable":true,"href":"https:\/\/fuentesfidedignas.com.mx\/index.php\/wp-json\/wp\/v2\/users\/38"}],"replies":[{"embeddable":true,"href":"https:\/\/fuentesfidedignas.com.mx\/index.php\/wp-json\/wp\/v2\/comments?post=113702"}],"version-history":[{"count":2,"href":"https:\/\/fuentesfidedignas.com.mx\/index.php\/wp-json\/wp\/v2\/posts\/113702\/revisions"}],"predecessor-version":[{"id":113704,"href":"https:\/\/fuentesfidedignas.com.mx\/index.php\/wp-json\/wp\/v2\/posts\/113702\/revisions\/113704"}],"wp:featuredmedia":[{"embeddable":true,"href":"https:\/\/fuentesfidedignas.com.mx\/index.php\/wp-json\/wp\/v2\/media\/113701"}],"wp:attachment":[{"href":"https:\/\/fuentesfidedignas.com.mx\/index.php\/wp-json\/wp\/v2\/media?parent=113702"}],"wp:term":[{"taxonomy":"category","embeddable":true,"href":"https:\/\/fuentesfidedignas.com.mx\/index.php\/wp-json\/wp\/v2\/categories?post=113702"},{"taxonomy":"post_tag","embeddable":true,"href":"https:\/\/fuentesfidedignas.com.mx\/index.php\/wp-json\/wp\/v2\/tags?post=113702"}],"curies":[{"name":"wp","href":"https:\/\/api.w.org\/{rel}","templated":true}]}}