{"id":113698,"date":"2025-07-26T05:34:00","date_gmt":"2025-07-26T12:34:00","guid":{"rendered":"https:\/\/fuentesfidedignas.com.mx\/?p=113698"},"modified":"2025-07-25T20:37:29","modified_gmt":"2025-07-26T03:37:29","slug":"agreden-a-lady-racista-tras-audiencia-judicial-en-la-cdmx-video","status":"publish","type":"post","link":"https:\/\/fuentesfidedignas.com.mx\/index.php\/2025\/07\/26\/agreden-a-lady-racista-tras-audiencia-judicial-en-la-cdmx-video\/","title":{"rendered":"Agreden a \u201cLady Racista\u201d, tras audiencia judicial en la CDMX | VIDEO"},"content":{"rendered":"\n<p><\/p>\n\n\n\n<p><strong><em>Ximena \u201cN\u201d, conocida como \u201cLady Racista\u201d, fue agredida por ciudadanos tras comparecer en audiencia judicial en CDMX; el caso gener\u00f3 debate sobre la discriminaci\u00f3n.<\/em><\/strong><\/p>\n\n\n\n<p>La pol\u00e9mica ciudadana conocida como Ximena \u201cN\u201d, identificada en redes sociales como \u201cLady Racista\u201d por emitir presuntos comentarios discriminatorios hacia un agente de seguridad p\u00fablica, fue v\u00edctima de una agresi\u00f3n colectiva luego de comparecer ante las autoridades judiciales en la capital del pa\u00eds.<\/p>\n\n\n\n<p>El caso de Ximena \u201cN\u201d se viraliz\u00f3 recientemente, luego de que una grabaci\u00f3n difundida en plataformas digitales la mostrara profiriendo comentarios de corte racista contra un polic\u00eda capitalino, durante una inspecci\u00f3n rutinaria en v\u00eda p\u00fablica. El contenido gener\u00f3 indignaci\u00f3n masiva, convirti\u00e9ndose en tema de conversaci\u00f3n nacional y provocando una oleada de rechazo por parte de la ciudadan\u00eda.<\/p>\n\n\n\n<figure class=\"wp-block-embed is-type-rich is-provider-twitter wp-block-embed-twitter\"><div class=\"wp-block-embed__wrapper\">\n<blockquote class=\"twitter-tweet\" data-width=\"550\" data-dnt=\"true\"><p lang=\"es\" dir=\"ltr\">Sale Ximena, <a href=\"https:\/\/twitter.com\/hashtag\/LadyRacista?src=hash&amp;ref_src=twsrc%5Etfw\">#LadyRacista<\/a>, de la audiencia en la que fue se\u00f1alada por discriminaci\u00f3n en contra de un polic\u00eda. <a href=\"https:\/\/t.co\/xqtuhNOmmN\">pic.twitter.com\/xqtuhNOmmN<\/a><\/p>&mdash; Jos\u00e9 D\u00edaz (@JJDiazMachuca) <a href=\"https:\/\/twitter.com\/JJDiazMachuca\/status\/1948865326504095839?ref_src=twsrc%5Etfw\">July 25, 2025<\/a><\/blockquote><script async src=\"https:\/\/platform.twitter.com\/widgets.js\" charset=\"utf-8\"><\/script>\n<\/div><\/figure>\n","protected":false},"excerpt":{"rendered":"<p>Ximena \u201cN\u201d, conocida como \u201cLady Racista\u201d, fue agredida por ciudadanos tras comparecer en audiencia judicial en CDMX; el caso gener\u00f3 debate sobre la discriminaci\u00f3n. La pol\u00e9mica ciudadana conocida como Ximena \u201cN\u201d, identificada en redes sociales como \u201cLady Racista\u201d por emitir presuntos comentarios discriminatorios hacia un agente de seguridad p\u00fablica, fue v\u00edctima de una agresi\u00f3n colectiva [&hellip;]<\/p>\n","protected":false},"author":7,"featured_media":113697,"comment_status":"closed","ping_status":"open","sticky":false,"template":"","format":"standard","meta":{"tdm_status":"","tdm_grid_status":"","footnotes":""},"categories":[40],"tags":[],"class_list":{"0":"post-113698","1":"post","2":"type-post","3":"status-publish","4":"format-standard","5":"has-post-thumbnail","7":"category-las-asombrosas"},"yoast_head":"<!-- This site is optimized with the Yoast SEO plugin v27.5 - https:\/\/yoast.com\/product\/yoast-seo-wordpress\/ -->\n<title>Agreden a \u201cLady Racista\u201d, tras audiencia judicial en la CDMX | VIDEO - Fuentes Fidedignas<\/title>\n<meta name=\"robots\" content=\"index, follow, max-snippet:-1, max-image-preview:large, max-video-preview:-1\" \/>\n<link rel=\"canonical\" href=\"https:\/\/fuentesfidedignas.com.mx\/index.php\/2025\/07\/26\/agreden-a-lady-racista-tras-audiencia-judicial-en-la-cdmx-video\/\" \/>\n<meta property=\"og:locale\" content=\"es_MX\" \/>\n<meta property=\"og:type\" content=\"article\" \/>\n<meta property=\"og:title\" content=\"Agreden a \u201cLady Racista\u201d, tras audiencia judicial en la CDMX | VIDEO - Fuentes Fidedignas\" \/>\n<meta property=\"og:description\" content=\"Ximena \u201cN\u201d, conocida como \u201cLady Racista\u201d, fue agredida por ciudadanos tras comparecer en audiencia judicial en CDMX; el caso gener\u00f3 debate sobre la discriminaci\u00f3n. La pol\u00e9mica ciudadana conocida como Ximena \u201cN\u201d, identificada en redes sociales como \u201cLady Racista\u201d por emitir presuntos comentarios discriminatorios hacia un agente de seguridad p\u00fablica, fue v\u00edctima de una agresi\u00f3n colectiva [&hellip;]\" \/>\n<meta property=\"og:url\" content=\"https:\/\/fuentesfidedignas.com.mx\/index.php\/2025\/07\/26\/agreden-a-lady-racista-tras-audiencia-judicial-en-la-cdmx-video\/\" \/>\n<meta property=\"og:site_name\" content=\"Fuentes Fidedignas\" \/>\n<meta property=\"article:publisher\" content=\"https:\/\/www.facebook.com\/Fuentes-Fidedignas-368234489921644\" \/>\n<meta property=\"article:published_time\" content=\"2025-07-26T12:34:00+00:00\" \/>\n<meta property=\"og:image\" content=\"https:\/\/fuentesfidedignas.com.mx\/wp-content\/uploads\/2025\/07\/img_3169.jpg\" \/>\n\t<meta property=\"og:image:width\" content=\"380\" \/>\n\t<meta property=\"og:image:height\" content=\"308\" \/>\n\t<meta property=\"og:image:type\" content=\"image\/jpeg\" \/>\n<meta name=\"author\" content=\"Exc\u00e9lsior\" \/>\n<meta name=\"twitter:card\" content=\"summary_large_image\" \/>\n<meta name=\"twitter:creator\" content=\"@fidedignas\" \/>\n<meta name=\"twitter:site\" content=\"@fidedignas\" \/>\n<meta name=\"twitter:label1\" content=\"Escrito por\" \/>\n\t<meta name=\"twitter:data1\" content=\"Exc\u00e9lsior\" \/>\n\t<meta name=\"twitter:label2\" content=\"Tiempo de lectura\" \/>\n\t<meta name=\"twitter:data2\" content=\"1 minuto\" \/>\n<script type=\"application\/ld+json\" class=\"yoast-schema-graph\">{\"@context\":\"https:\\\/\\\/schema.org\",\"@graph\":[{\"@type\":\"Article\",\"@id\":\"https:\\\/\\\/fuentesfidedignas.com.mx\\\/index.php\\\/2025\\\/07\\\/26\\\/agreden-a-lady-racista-tras-audiencia-judicial-en-la-cdmx-video\\\/#article\",\"isPartOf\":{\"@id\":\"https:\\\/\\\/fuentesfidedignas.com.mx\\\/index.php\\\/2025\\\/07\\\/26\\\/agreden-a-lady-racista-tras-audiencia-judicial-en-la-cdmx-video\\\/\"},\"author\":{\"name\":\"Exc\u00e9lsior\",\"@id\":\"https:\\\/\\\/fuentesfidedignas.com.mx\\\/#\\\/schema\\\/person\\\/ec4edd1fbf5efa3e44fce34fe2787780\"},\"headline\":\"Agreden a \u201cLady Racista\u201d, tras audiencia judicial en la CDMX | VIDEO\",\"datePublished\":\"2025-07-26T12:34:00+00:00\",\"mainEntityOfPage\":{\"@id\":\"https:\\\/\\\/fuentesfidedignas.com.mx\\\/index.php\\\/2025\\\/07\\\/26\\\/agreden-a-lady-racista-tras-audiencia-judicial-en-la-cdmx-video\\\/\"},\"wordCount\":189,\"publisher\":{\"@id\":\"https:\\\/\\\/fuentesfidedignas.com.mx\\\/#organization\"},\"image\":{\"@id\":\"https:\\\/\\\/fuentesfidedignas.com.mx\\\/index.php\\\/2025\\\/07\\\/26\\\/agreden-a-lady-racista-tras-audiencia-judicial-en-la-cdmx-video\\\/#primaryimage\"},\"thumbnailUrl\":\"https:\\\/\\\/fuentesfidedignas.com.mx\\\/wp-content\\\/uploads\\\/2025\\\/07\\\/img_3169.jpg\",\"articleSection\":[\"LAS ASOMBROSAS\"],\"inLanguage\":\"es\"},{\"@type\":\"WebPage\",\"@id\":\"https:\\\/\\\/fuentesfidedignas.com.mx\\\/index.php\\\/2025\\\/07\\\/26\\\/agreden-a-lady-racista-tras-audiencia-judicial-en-la-cdmx-video\\\/\",\"url\":\"https:\\\/\\\/fuentesfidedignas.com.mx\\\/index.php\\\/2025\\\/07\\\/26\\\/agreden-a-lady-racista-tras-audiencia-judicial-en-la-cdmx-video\\\/\",\"name\":\"Agreden a \u201cLady Racista\u201d, tras audiencia judicial en la CDMX | VIDEO - Fuentes Fidedignas\",\"isPartOf\":{\"@id\":\"https:\\\/\\\/fuentesfidedignas.com.mx\\\/#website\"},\"primaryImageOfPage\":{\"@id\":\"https:\\\/\\\/fuentesfidedignas.com.mx\\\/index.php\\\/2025\\\/07\\\/26\\\/agreden-a-lady-racista-tras-audiencia-judicial-en-la-cdmx-video\\\/#primaryimage\"},\"image\":{\"@id\":\"https:\\\/\\\/fuentesfidedignas.com.mx\\\/index.php\\\/2025\\\/07\\\/26\\\/agreden-a-lady-racista-tras-audiencia-judicial-en-la-cdmx-video\\\/#primaryimage\"},\"thumbnailUrl\":\"https:\\\/\\\/fuentesfidedignas.com.mx\\\/wp-content\\\/uploads\\\/2025\\\/07\\\/img_3169.jpg\",\"datePublished\":\"2025-07-26T12:34:00+00:00\",\"breadcrumb\":{\"@id\":\"https:\\\/\\\/fuentesfidedignas.com.mx\\\/index.php\\\/2025\\\/07\\\/26\\\/agreden-a-lady-racista-tras-audiencia-judicial-en-la-cdmx-video\\\/#breadcrumb\"},\"inLanguage\":\"es\",\"potentialAction\":[{\"@type\":\"ReadAction\",\"target\":[\"https:\\\/\\\/fuentesfidedignas.com.mx\\\/index.php\\\/2025\\\/07\\\/26\\\/agreden-a-lady-racista-tras-audiencia-judicial-en-la-cdmx-video\\\/\"]}]},{\"@type\":\"ImageObject\",\"inLanguage\":\"es\",\"@id\":\"https:\\\/\\\/fuentesfidedignas.com.mx\\\/index.php\\\/2025\\\/07\\\/26\\\/agreden-a-lady-racista-tras-audiencia-judicial-en-la-cdmx-video\\\/#primaryimage\",\"url\":\"https:\\\/\\\/fuentesfidedignas.com.mx\\\/wp-content\\\/uploads\\\/2025\\\/07\\\/img_3169.jpg\",\"contentUrl\":\"https:\\\/\\\/fuentesfidedignas.com.mx\\\/wp-content\\\/uploads\\\/2025\\\/07\\\/img_3169.jpg\",\"width\":380,\"height\":308},{\"@type\":\"BreadcrumbList\",\"@id\":\"https:\\\/\\\/fuentesfidedignas.com.mx\\\/index.php\\\/2025\\\/07\\\/26\\\/agreden-a-lady-racista-tras-audiencia-judicial-en-la-cdmx-video\\\/#breadcrumb\",\"itemListElement\":[{\"@type\":\"ListItem\",\"position\":1,\"name\":\"Inicio\",\"item\":\"https:\\\/\\\/fuentesfidedignas.com.mx\\\/\"},{\"@type\":\"ListItem\",\"position\":2,\"name\":\"Agreden a \u201cLady Racista\u201d, tras audiencia judicial en la CDMX | VIDEO\"}]},{\"@type\":\"WebSite\",\"@id\":\"https:\\\/\\\/fuentesfidedignas.com.mx\\\/#website\",\"url\":\"https:\\\/\\\/fuentesfidedignas.com.mx\\\/\",\"name\":\"Fuentes Fidedignas\",\"description\":\"Otro sitio realizado con WordPress\",\"publisher\":{\"@id\":\"https:\\\/\\\/fuentesfidedignas.com.mx\\\/#organization\"},\"potentialAction\":[{\"@type\":\"SearchAction\",\"target\":{\"@type\":\"EntryPoint\",\"urlTemplate\":\"https:\\\/\\\/fuentesfidedignas.com.mx\\\/?s={search_term_string}\"},\"query-input\":{\"@type\":\"PropertyValueSpecification\",\"valueRequired\":true,\"valueName\":\"search_term_string\"}}],\"inLanguage\":\"es\"},{\"@type\":\"Organization\",\"@id\":\"https:\\\/\\\/fuentesfidedignas.com.mx\\\/#organization\",\"name\":\"Fuentes Fidedignas\",\"url\":\"https:\\\/\\\/fuentesfidedignas.com.mx\\\/\",\"logo\":{\"@type\":\"ImageObject\",\"inLanguage\":\"es\",\"@id\":\"https:\\\/\\\/fuentesfidedignas.com.mx\\\/#\\\/schema\\\/logo\\\/image\\\/\",\"url\":\"https:\\\/\\\/fuentesfidedignas.com.mx\\\/wp-content\\\/uploads\\\/2021\\\/04\\\/logo-retina.png\",\"contentUrl\":\"https:\\\/\\\/fuentesfidedignas.com.mx\\\/wp-content\\\/uploads\\\/2021\\\/04\\\/logo-retina.png\",\"width\":280,\"height\":51,\"caption\":\"Fuentes Fidedignas\"},\"image\":{\"@id\":\"https:\\\/\\\/fuentesfidedignas.com.mx\\\/#\\\/schema\\\/logo\\\/image\\\/\"},\"sameAs\":[\"https:\\\/\\\/www.facebook.com\\\/Fuentes-Fidedignas-368234489921644\",\"https:\\\/\\\/x.com\\\/fidedignas\"]},{\"@type\":\"Person\",\"@id\":\"https:\\\/\\\/fuentesfidedignas.com.mx\\\/#\\\/schema\\\/person\\\/ec4edd1fbf5efa3e44fce34fe2787780\",\"name\":\"Exc\u00e9lsior\",\"image\":{\"@type\":\"ImageObject\",\"inLanguage\":\"es\",\"@id\":\"https:\\\/\\\/secure.gravatar.com\\\/avatar\\\/4b7ee9206b48be08447852b3f0814dbc7c0f3b51541b164f1464a2725614020b?s=96&d=mm&r=g\",\"url\":\"https:\\\/\\\/secure.gravatar.com\\\/avatar\\\/4b7ee9206b48be08447852b3f0814dbc7c0f3b51541b164f1464a2725614020b?s=96&d=mm&r=g\",\"contentUrl\":\"https:\\\/\\\/secure.gravatar.com\\\/avatar\\\/4b7ee9206b48be08447852b3f0814dbc7c0f3b51541b164f1464a2725614020b?s=96&d=mm&r=g\",\"caption\":\"Exc\u00e9lsior\"},\"url\":\"https:\\\/\\\/fuentesfidedignas.com.mx\\\/index.php\\\/author\\\/excelsior\\\/\"}]}<\/script>\n<!-- \/ Yoast SEO plugin. -->","yoast_head_json":{"title":"Agreden a \u201cLady Racista\u201d, tras audiencia judicial en la CDMX | VIDEO - Fuentes Fidedignas","robots":{"index":"index","follow":"follow","max-snippet":"max-snippet:-1","max-image-preview":"max-image-preview:large","max-video-preview":"max-video-preview:-1"},"canonical":"https:\/\/fuentesfidedignas.com.mx\/index.php\/2025\/07\/26\/agreden-a-lady-racista-tras-audiencia-judicial-en-la-cdmx-video\/","og_locale":"es_MX","og_type":"article","og_title":"Agreden a \u201cLady Racista\u201d, tras audiencia judicial en la CDMX | VIDEO - Fuentes Fidedignas","og_description":"Ximena \u201cN\u201d, conocida como \u201cLady Racista\u201d, fue agredida por ciudadanos tras comparecer en audiencia judicial en CDMX; el caso gener\u00f3 debate sobre la discriminaci\u00f3n. La pol\u00e9mica ciudadana conocida como Ximena \u201cN\u201d, identificada en redes sociales como \u201cLady Racista\u201d por emitir presuntos comentarios discriminatorios hacia un agente de seguridad p\u00fablica, fue v\u00edctima de una agresi\u00f3n colectiva [&hellip;]","og_url":"https:\/\/fuentesfidedignas.com.mx\/index.php\/2025\/07\/26\/agreden-a-lady-racista-tras-audiencia-judicial-en-la-cdmx-video\/","og_site_name":"Fuentes Fidedignas","article_publisher":"https:\/\/www.facebook.com\/Fuentes-Fidedignas-368234489921644","article_published_time":"2025-07-26T12:34:00+00:00","og_image":[{"width":380,"height":308,"url":"https:\/\/fuentesfidedignas.com.mx\/wp-content\/uploads\/2025\/07\/img_3169.jpg","type":"image\/jpeg"}],"author":"Exc\u00e9lsior","twitter_card":"summary_large_image","twitter_creator":"@fidedignas","twitter_site":"@fidedignas","twitter_misc":{"Escrito por":"Exc\u00e9lsior","Tiempo de lectura":"1 minuto"},"schema":{"@context":"https:\/\/schema.org","@graph":[{"@type":"Article","@id":"https:\/\/fuentesfidedignas.com.mx\/index.php\/2025\/07\/26\/agreden-a-lady-racista-tras-audiencia-judicial-en-la-cdmx-video\/#article","isPartOf":{"@id":"https:\/\/fuentesfidedignas.com.mx\/index.php\/2025\/07\/26\/agreden-a-lady-racista-tras-audiencia-judicial-en-la-cdmx-video\/"},"author":{"name":"Exc\u00e9lsior","@id":"https:\/\/fuentesfidedignas.com.mx\/#\/schema\/person\/ec4edd1fbf5efa3e44fce34fe2787780"},"headline":"Agreden a \u201cLady Racista\u201d, tras audiencia judicial en la CDMX | VIDEO","datePublished":"2025-07-26T12:34:00+00:00","mainEntityOfPage":{"@id":"https:\/\/fuentesfidedignas.com.mx\/index.php\/2025\/07\/26\/agreden-a-lady-racista-tras-audiencia-judicial-en-la-cdmx-video\/"},"wordCount":189,"publisher":{"@id":"https:\/\/fuentesfidedignas.com.mx\/#organization"},"image":{"@id":"https:\/\/fuentesfidedignas.com.mx\/index.php\/2025\/07\/26\/agreden-a-lady-racista-tras-audiencia-judicial-en-la-cdmx-video\/#primaryimage"},"thumbnailUrl":"https:\/\/fuentesfidedignas.com.mx\/wp-content\/uploads\/2025\/07\/img_3169.jpg","articleSection":["LAS ASOMBROSAS"],"inLanguage":"es"},{"@type":"WebPage","@id":"https:\/\/fuentesfidedignas.com.mx\/index.php\/2025\/07\/26\/agreden-a-lady-racista-tras-audiencia-judicial-en-la-cdmx-video\/","url":"https:\/\/fuentesfidedignas.com.mx\/index.php\/2025\/07\/26\/agreden-a-lady-racista-tras-audiencia-judicial-en-la-cdmx-video\/","name":"Agreden a \u201cLady Racista\u201d, tras audiencia judicial en la CDMX | VIDEO - Fuentes Fidedignas","isPartOf":{"@id":"https:\/\/fuentesfidedignas.com.mx\/#website"},"primaryImageOfPage":{"@id":"https:\/\/fuentesfidedignas.com.mx\/index.php\/2025\/07\/26\/agreden-a-lady-racista-tras-audiencia-judicial-en-la-cdmx-video\/#primaryimage"},"image":{"@id":"https:\/\/fuentesfidedignas.com.mx\/index.php\/2025\/07\/26\/agreden-a-lady-racista-tras-audiencia-judicial-en-la-cdmx-video\/#primaryimage"},"thumbnailUrl":"https:\/\/fuentesfidedignas.com.mx\/wp-content\/uploads\/2025\/07\/img_3169.jpg","datePublished":"2025-07-26T12:34:00+00:00","breadcrumb":{"@id":"https:\/\/fuentesfidedignas.com.mx\/index.php\/2025\/07\/26\/agreden-a-lady-racista-tras-audiencia-judicial-en-la-cdmx-video\/#breadcrumb"},"inLanguage":"es","potentialAction":[{"@type":"ReadAction","target":["https:\/\/fuentesfidedignas.com.mx\/index.php\/2025\/07\/26\/agreden-a-lady-racista-tras-audiencia-judicial-en-la-cdmx-video\/"]}]},{"@type":"ImageObject","inLanguage":"es","@id":"https:\/\/fuentesfidedignas.com.mx\/index.php\/2025\/07\/26\/agreden-a-lady-racista-tras-audiencia-judicial-en-la-cdmx-video\/#primaryimage","url":"https:\/\/fuentesfidedignas.com.mx\/wp-content\/uploads\/2025\/07\/img_3169.jpg","contentUrl":"https:\/\/fuentesfidedignas.com.mx\/wp-content\/uploads\/2025\/07\/img_3169.jpg","width":380,"height":308},{"@type":"BreadcrumbList","@id":"https:\/\/fuentesfidedignas.com.mx\/index.php\/2025\/07\/26\/agreden-a-lady-racista-tras-audiencia-judicial-en-la-cdmx-video\/#breadcrumb","itemListElement":[{"@type":"ListItem","position":1,"name":"Inicio","item":"https:\/\/fuentesfidedignas.com.mx\/"},{"@type":"ListItem","position":2,"name":"Agreden a \u201cLady Racista\u201d, tras audiencia judicial en la CDMX | VIDEO"}]},{"@type":"WebSite","@id":"https:\/\/fuentesfidedignas.com.mx\/#website","url":"https:\/\/fuentesfidedignas.com.mx\/","name":"Fuentes Fidedignas","description":"Otro sitio realizado con WordPress","publisher":{"@id":"https:\/\/fuentesfidedignas.com.mx\/#organization"},"potentialAction":[{"@type":"SearchAction","target":{"@type":"EntryPoint","urlTemplate":"https:\/\/fuentesfidedignas.com.mx\/?s={search_term_string}"},"query-input":{"@type":"PropertyValueSpecification","valueRequired":true,"valueName":"search_term_string"}}],"inLanguage":"es"},{"@type":"Organization","@id":"https:\/\/fuentesfidedignas.com.mx\/#organization","name":"Fuentes Fidedignas","url":"https:\/\/fuentesfidedignas.com.mx\/","logo":{"@type":"ImageObject","inLanguage":"es","@id":"https:\/\/fuentesfidedignas.com.mx\/#\/schema\/logo\/image\/","url":"https:\/\/fuentesfidedignas.com.mx\/wp-content\/uploads\/2021\/04\/logo-retina.png","contentUrl":"https:\/\/fuentesfidedignas.com.mx\/wp-content\/uploads\/2021\/04\/logo-retina.png","width":280,"height":51,"caption":"Fuentes Fidedignas"},"image":{"@id":"https:\/\/fuentesfidedignas.com.mx\/#\/schema\/logo\/image\/"},"sameAs":["https:\/\/www.facebook.com\/Fuentes-Fidedignas-368234489921644","https:\/\/x.com\/fidedignas"]},{"@type":"Person","@id":"https:\/\/fuentesfidedignas.com.mx\/#\/schema\/person\/ec4edd1fbf5efa3e44fce34fe2787780","name":"Exc\u00e9lsior","image":{"@type":"ImageObject","inLanguage":"es","@id":"https:\/\/secure.gravatar.com\/avatar\/4b7ee9206b48be08447852b3f0814dbc7c0f3b51541b164f1464a2725614020b?s=96&d=mm&r=g","url":"https:\/\/secure.gravatar.com\/avatar\/4b7ee9206b48be08447852b3f0814dbc7c0f3b51541b164f1464a2725614020b?s=96&d=mm&r=g","contentUrl":"https:\/\/secure.gravatar.com\/avatar\/4b7ee9206b48be08447852b3f0814dbc7c0f3b51541b164f1464a2725614020b?s=96&d=mm&r=g","caption":"Exc\u00e9lsior"},"url":"https:\/\/fuentesfidedignas.com.mx\/index.php\/author\/excelsior\/"}]}},"_links":{"self":[{"href":"https:\/\/fuentesfidedignas.com.mx\/index.php\/wp-json\/wp\/v2\/posts\/113698","targetHints":{"allow":["GET"]}}],"collection":[{"href":"https:\/\/fuentesfidedignas.com.mx\/index.php\/wp-json\/wp\/v2\/posts"}],"about":[{"href":"https:\/\/fuentesfidedignas.com.mx\/index.php\/wp-json\/wp\/v2\/types\/post"}],"author":[{"embeddable":true,"href":"https:\/\/fuentesfidedignas.com.mx\/index.php\/wp-json\/wp\/v2\/users\/7"}],"replies":[{"embeddable":true,"href":"https:\/\/fuentesfidedignas.com.mx\/index.php\/wp-json\/wp\/v2\/comments?post=113698"}],"version-history":[{"count":2,"href":"https:\/\/fuentesfidedignas.com.mx\/index.php\/wp-json\/wp\/v2\/posts\/113698\/revisions"}],"predecessor-version":[{"id":113700,"href":"https:\/\/fuentesfidedignas.com.mx\/index.php\/wp-json\/wp\/v2\/posts\/113698\/revisions\/113700"}],"wp:featuredmedia":[{"embeddable":true,"href":"https:\/\/fuentesfidedignas.com.mx\/index.php\/wp-json\/wp\/v2\/media\/113697"}],"wp:attachment":[{"href":"https:\/\/fuentesfidedignas.com.mx\/index.php\/wp-json\/wp\/v2\/media?parent=113698"}],"wp:term":[{"taxonomy":"category","embeddable":true,"href":"https:\/\/fuentesfidedignas.com.mx\/index.php\/wp-json\/wp\/v2\/categories?post=113698"},{"taxonomy":"post_tag","embeddable":true,"href":"https:\/\/fuentesfidedignas.com.mx\/index.php\/wp-json\/wp\/v2\/tags?post=113698"}],"curies":[{"name":"wp","href":"https:\/\/api.w.org\/{rel}","templated":true}]}}