{"id":11348,"date":"2021-08-31T12:12:15","date_gmt":"2021-08-31T19:12:15","guid":{"rendered":"https:\/\/fuentesfidedignas.com.mx\/?p=11348"},"modified":"2021-08-31T12:12:16","modified_gmt":"2021-08-31T19:12:16","slug":"vamos-a-recuperar-programas-y-asignacion-presupuestaria-para-las-mujeres-pri","status":"publish","type":"post","link":"https:\/\/fuentesfidedignas.com.mx\/index.php\/2021\/08\/31\/vamos-a-recuperar-programas-y-asignacion-presupuestaria-para-las-mujeres-pri\/","title":{"rendered":"Vamos a recuperar programas y asignaci\u00f3n presupuestaria para las mujeres: PRI"},"content":{"rendered":"\n<p><strong><em>Monserrat Arcos, al t\u00e9rmino de la jornada \u201cmarat\u00f3nica\u201d de capacitaci\u00f3n de casi diez horas, dijo que se discutieron temas propuestos en la Agenda Legislativa, de los logros y retos para el sector.<\/em><\/strong><\/p>\n\n\n\n<p>Ciudad de M\u00e9xico.- Vamos a recuperar los programas y la asignaci\u00f3n presupuestaria para las mujeres, porque desde el actual gobierno, son el sector que m\u00e1s ha sido atacado, agraviado presupuestalmente, afirm\u00f3 Alejandro Moreno, Presidente del Comit\u00e9 Ejecutivo Nacional (CEN) del Partido Revolucionario Institucional (PRI).<\/p>\n\n\n\n<p>Inform\u00f3 que en la C\u00e1mara de Diputados, los legisladores del PRI \u201cllevaremos una agenda de g\u00e9nero y seremos impulsores de iniciativas que protejan a las mujeres de la violencia\u201d. Adelant\u00f3 que se impulsar\u00e1n temas que tengan el visto bueno de organizaciones de la sociedad civil, de colectivos de mujeres, y de especialistas nacionales e internacionales.<\/p>\n\n\n\n<p>Al participar en el Seminario \u201cParidad de g\u00e9nero y pol\u00edticas p\u00fablicas\u201d, organizado por el Organismo Nacional de Mujeres Priistas (ONMPRI), que preside Montserrat Arcos Vel\u00e1zquez, el l\u00edder del tricolor dijo que el PRI, con su coordinador en la C\u00e1mara de Diputados, Rub\u00e9n Moreira, dar\u00e1 la batalla para que regresen, entre otros, el Programa de Estancias Infantiles, refugios para mujeres, el seguro de vida para jefas de familia, comedores escolares y comedores comunitarios, as\u00ed como el Prospera y el Seguro Popular, los cuales, subray\u00f3, no debieron desaparecer.<\/p>\n\n\n\n<p>A su vez, Rub\u00e9n Moreira, Coordinador de los diputados federales del tricolor, afirm\u00f3 que el PRI debe ser un partido de derechos, de los derechos de las personas. Y, en el caso de las mujeres, agreg\u00f3, todas sus causas son importantes. Lament\u00f3 que muy pocas veces se levante la voz, cuando a las mujeres candidatas las matan, no las dejan competir o hacen que se retiren.<\/p>\n\n\n\n<p>El ex gobernador de Coahuila subray\u00f3 que \u201ces muy importante que la Legislatura de la paridad efectiva, que es \u00e9sta, se refleje en iniciativas que aborden profundamente los temas de las mujeres. Es muy importante el agregar el lenguaje de g\u00e9nero, pero es m\u00e1s importante que no maten candidatas y el matrimonio igualitario\u201d.<\/p>\n\n\n\n<p>Monserrat Arcos, al t\u00e9rmino de la jornada \u201cmarat\u00f3nica\u201d de capacitaci\u00f3n de casi diez horas, dijo que se discutieron temas propuestos en la Agenda Legislativa, de los logros y retos para el sector.<\/p>\n\n\n\n<p>\u201cAqu\u00ed estamos convencidos que un partido que capacita a las mujeres ve a futuro y \u00e9ste tiene rostro de mujer en M\u00e9xico. Y los priistas lo tenemos claro\u201d, asever\u00f3 la Presidenta del ONMPRI, acompa\u00f1ada por Cynthia L\u00f3pez Castro, Secretaria General de este organismo. Destac\u00f3 que el PRI es el partido que siempre a impulsado los derechos pol\u00edticos de la mujer, por lo que record\u00f3 que la primera gobernadora, senadora y diputada federal salieron de este instituto pol\u00edtico.<\/p>\n\n\n\n<p>En el evento, realizado de manera presencial y por plataformas digitales, participaron legisladores federales y locales electos y en funciones, funcionarios p\u00fablicos municipales y estatales, dirigentes estatales del tricolor y secretarios del CEN, a fin de que integren la perspectiva de g\u00e9nero en las pol\u00edticas p\u00fablicas e iniciativas que impulsar\u00e1n.<\/p>\n","protected":false},"excerpt":{"rendered":"<p>Monserrat Arcos, al t\u00e9rmino de la jornada \u201cmarat\u00f3nica\u201d de capacitaci\u00f3n de casi diez horas, dijo que se discutieron temas propuestos en la Agenda Legislativa, de los logros y retos para el sector. Ciudad de M\u00e9xico.- Vamos a recuperar los programas y la asignaci\u00f3n presupuestaria para las mujeres, porque desde el actual gobierno, son el sector [&hellip;]<\/p>\n","protected":false},"author":4,"featured_media":11349,"comment_status":"open","ping_status":"open","sticky":false,"template":"","format":"standard","meta":{"tdm_status":"","tdm_grid_status":"","footnotes":""},"categories":[39],"tags":[799,212],"class_list":{"0":"post-11348","1":"post","2":"type-post","3":"status-publish","4":"format-standard","5":"has-post-thumbnail","7":"category-noticias-nacionales","8":"tag-partido-revolucionario-institucional","9":"tag-pri"},"yoast_head":"<!-- This site is optimized with the Yoast SEO plugin v27.4 - https:\/\/yoast.com\/product\/yoast-seo-wordpress\/ -->\n<title>Vamos a recuperar programas y asignaci\u00f3n presupuestaria para las mujeres: PRI - Fuentes Fidedignas<\/title>\n<meta name=\"robots\" content=\"index, follow, max-snippet:-1, max-image-preview:large, max-video-preview:-1\" \/>\n<link rel=\"canonical\" href=\"https:\/\/fuentesfidedignas.com.mx\/index.php\/2021\/08\/31\/vamos-a-recuperar-programas-y-asignacion-presupuestaria-para-las-mujeres-pri\/\" \/>\n<meta property=\"og:locale\" content=\"es_MX\" \/>\n<meta property=\"og:type\" content=\"article\" \/>\n<meta property=\"og:title\" content=\"Vamos a recuperar programas y asignaci\u00f3n presupuestaria para las mujeres: PRI - Fuentes Fidedignas\" \/>\n<meta property=\"og:description\" content=\"Monserrat Arcos, al t\u00e9rmino de la jornada \u201cmarat\u00f3nica\u201d de capacitaci\u00f3n de casi diez horas, dijo que se discutieron temas propuestos en la Agenda Legislativa, de los logros y retos para el sector. Ciudad de M\u00e9xico.- Vamos a recuperar los programas y la asignaci\u00f3n presupuestaria para las mujeres, porque desde el actual gobierno, son el sector [&hellip;]\" \/>\n<meta property=\"og:url\" content=\"https:\/\/fuentesfidedignas.com.mx\/index.php\/2021\/08\/31\/vamos-a-recuperar-programas-y-asignacion-presupuestaria-para-las-mujeres-pri\/\" \/>\n<meta property=\"og:site_name\" content=\"Fuentes Fidedignas\" \/>\n<meta property=\"article:publisher\" content=\"https:\/\/www.facebook.com\/Fuentes-Fidedignas-368234489921644\" \/>\n<meta property=\"article:published_time\" content=\"2021-08-31T19:12:15+00:00\" \/>\n<meta property=\"article:modified_time\" content=\"2021-08-31T19:12:16+00:00\" \/>\n<meta property=\"og:image\" content=\"https:\/\/fuentesfidedignas.com.mx\/wp-content\/uploads\/2021\/08\/1-2.jpg\" \/>\n\t<meta property=\"og:image:width\" content=\"1024\" \/>\n\t<meta property=\"og:image:height\" content=\"683\" \/>\n\t<meta property=\"og:image:type\" content=\"image\/jpeg\" \/>\n<meta name=\"author\" content=\"Redacci\u00f3n\" \/>\n<meta name=\"twitter:card\" content=\"summary_large_image\" \/>\n<meta name=\"twitter:creator\" content=\"@fidedignas\" \/>\n<meta name=\"twitter:site\" content=\"@fidedignas\" \/>\n<meta name=\"twitter:label1\" content=\"Escrito por\" \/>\n\t<meta name=\"twitter:data1\" content=\"Redacci\u00f3n\" \/>\n\t<meta name=\"twitter:label2\" content=\"Tiempo de lectura\" \/>\n\t<meta name=\"twitter:data2\" content=\"3 minutos\" \/>\n<script type=\"application\/ld+json\" class=\"yoast-schema-graph\">{\"@context\":\"https:\\\/\\\/schema.org\",\"@graph\":[{\"@type\":\"Article\",\"@id\":\"https:\\\/\\\/fuentesfidedignas.com.mx\\\/index.php\\\/2021\\\/08\\\/31\\\/vamos-a-recuperar-programas-y-asignacion-presupuestaria-para-las-mujeres-pri\\\/#article\",\"isPartOf\":{\"@id\":\"https:\\\/\\\/fuentesfidedignas.com.mx\\\/index.php\\\/2021\\\/08\\\/31\\\/vamos-a-recuperar-programas-y-asignacion-presupuestaria-para-las-mujeres-pri\\\/\"},\"author\":{\"name\":\"Redacci\u00f3n\",\"@id\":\"https:\\\/\\\/fuentesfidedignas.com.mx\\\/#\\\/schema\\\/person\\\/331be9283d37198e2acd5750279085b0\"},\"headline\":\"Vamos a recuperar programas y asignaci\u00f3n presupuestaria para las mujeres: PRI\",\"datePublished\":\"2021-08-31T19:12:15+00:00\",\"dateModified\":\"2021-08-31T19:12:16+00:00\",\"mainEntityOfPage\":{\"@id\":\"https:\\\/\\\/fuentesfidedignas.com.mx\\\/index.php\\\/2021\\\/08\\\/31\\\/vamos-a-recuperar-programas-y-asignacion-presupuestaria-para-las-mujeres-pri\\\/\"},\"wordCount\":540,\"commentCount\":0,\"publisher\":{\"@id\":\"https:\\\/\\\/fuentesfidedignas.com.mx\\\/#organization\"},\"image\":{\"@id\":\"https:\\\/\\\/fuentesfidedignas.com.mx\\\/index.php\\\/2021\\\/08\\\/31\\\/vamos-a-recuperar-programas-y-asignacion-presupuestaria-para-las-mujeres-pri\\\/#primaryimage\"},\"thumbnailUrl\":\"https:\\\/\\\/fuentesfidedignas.com.mx\\\/wp-content\\\/uploads\\\/2021\\\/08\\\/1-2.jpg\",\"keywords\":[\"Partido Revolucionario Institucional\",\"PRI\"],\"articleSection\":[\"NOTICIAS NACIONALES\"],\"inLanguage\":\"es\",\"potentialAction\":[{\"@type\":\"CommentAction\",\"name\":\"Comment\",\"target\":[\"https:\\\/\\\/fuentesfidedignas.com.mx\\\/index.php\\\/2021\\\/08\\\/31\\\/vamos-a-recuperar-programas-y-asignacion-presupuestaria-para-las-mujeres-pri\\\/#respond\"]}]},{\"@type\":\"WebPage\",\"@id\":\"https:\\\/\\\/fuentesfidedignas.com.mx\\\/index.php\\\/2021\\\/08\\\/31\\\/vamos-a-recuperar-programas-y-asignacion-presupuestaria-para-las-mujeres-pri\\\/\",\"url\":\"https:\\\/\\\/fuentesfidedignas.com.mx\\\/index.php\\\/2021\\\/08\\\/31\\\/vamos-a-recuperar-programas-y-asignacion-presupuestaria-para-las-mujeres-pri\\\/\",\"name\":\"Vamos a recuperar programas y asignaci\u00f3n presupuestaria para las mujeres: PRI - Fuentes Fidedignas\",\"isPartOf\":{\"@id\":\"https:\\\/\\\/fuentesfidedignas.com.mx\\\/#website\"},\"primaryImageOfPage\":{\"@id\":\"https:\\\/\\\/fuentesfidedignas.com.mx\\\/index.php\\\/2021\\\/08\\\/31\\\/vamos-a-recuperar-programas-y-asignacion-presupuestaria-para-las-mujeres-pri\\\/#primaryimage\"},\"image\":{\"@id\":\"https:\\\/\\\/fuentesfidedignas.com.mx\\\/index.php\\\/2021\\\/08\\\/31\\\/vamos-a-recuperar-programas-y-asignacion-presupuestaria-para-las-mujeres-pri\\\/#primaryimage\"},\"thumbnailUrl\":\"https:\\\/\\\/fuentesfidedignas.com.mx\\\/wp-content\\\/uploads\\\/2021\\\/08\\\/1-2.jpg\",\"datePublished\":\"2021-08-31T19:12:15+00:00\",\"dateModified\":\"2021-08-31T19:12:16+00:00\",\"breadcrumb\":{\"@id\":\"https:\\\/\\\/fuentesfidedignas.com.mx\\\/index.php\\\/2021\\\/08\\\/31\\\/vamos-a-recuperar-programas-y-asignacion-presupuestaria-para-las-mujeres-pri\\\/#breadcrumb\"},\"inLanguage\":\"es\",\"potentialAction\":[{\"@type\":\"ReadAction\",\"target\":[\"https:\\\/\\\/fuentesfidedignas.com.mx\\\/index.php\\\/2021\\\/08\\\/31\\\/vamos-a-recuperar-programas-y-asignacion-presupuestaria-para-las-mujeres-pri\\\/\"]}]},{\"@type\":\"ImageObject\",\"inLanguage\":\"es\",\"@id\":\"https:\\\/\\\/fuentesfidedignas.com.mx\\\/index.php\\\/2021\\\/08\\\/31\\\/vamos-a-recuperar-programas-y-asignacion-presupuestaria-para-las-mujeres-pri\\\/#primaryimage\",\"url\":\"https:\\\/\\\/fuentesfidedignas.com.mx\\\/wp-content\\\/uploads\\\/2021\\\/08\\\/1-2.jpg\",\"contentUrl\":\"https:\\\/\\\/fuentesfidedignas.com.mx\\\/wp-content\\\/uploads\\\/2021\\\/08\\\/1-2.jpg\",\"width\":1024,\"height\":683},{\"@type\":\"BreadcrumbList\",\"@id\":\"https:\\\/\\\/fuentesfidedignas.com.mx\\\/index.php\\\/2021\\\/08\\\/31\\\/vamos-a-recuperar-programas-y-asignacion-presupuestaria-para-las-mujeres-pri\\\/#breadcrumb\",\"itemListElement\":[{\"@type\":\"ListItem\",\"position\":1,\"name\":\"Inicio\",\"item\":\"https:\\\/\\\/fuentesfidedignas.com.mx\\\/\"},{\"@type\":\"ListItem\",\"position\":2,\"name\":\"Vamos a recuperar programas y asignaci\u00f3n presupuestaria para las mujeres: PRI\"}]},{\"@type\":\"WebSite\",\"@id\":\"https:\\\/\\\/fuentesfidedignas.com.mx\\\/#website\",\"url\":\"https:\\\/\\\/fuentesfidedignas.com.mx\\\/\",\"name\":\"Fuentes Fidedignas\",\"description\":\"Otro sitio realizado con WordPress\",\"publisher\":{\"@id\":\"https:\\\/\\\/fuentesfidedignas.com.mx\\\/#organization\"},\"potentialAction\":[{\"@type\":\"SearchAction\",\"target\":{\"@type\":\"EntryPoint\",\"urlTemplate\":\"https:\\\/\\\/fuentesfidedignas.com.mx\\\/?s={search_term_string}\"},\"query-input\":{\"@type\":\"PropertyValueSpecification\",\"valueRequired\":true,\"valueName\":\"search_term_string\"}}],\"inLanguage\":\"es\"},{\"@type\":\"Organization\",\"@id\":\"https:\\\/\\\/fuentesfidedignas.com.mx\\\/#organization\",\"name\":\"Fuentes Fidedignas\",\"url\":\"https:\\\/\\\/fuentesfidedignas.com.mx\\\/\",\"logo\":{\"@type\":\"ImageObject\",\"inLanguage\":\"es\",\"@id\":\"https:\\\/\\\/fuentesfidedignas.com.mx\\\/#\\\/schema\\\/logo\\\/image\\\/\",\"url\":\"https:\\\/\\\/fuentesfidedignas.com.mx\\\/wp-content\\\/uploads\\\/2021\\\/04\\\/logo-retina.png\",\"contentUrl\":\"https:\\\/\\\/fuentesfidedignas.com.mx\\\/wp-content\\\/uploads\\\/2021\\\/04\\\/logo-retina.png\",\"width\":280,\"height\":51,\"caption\":\"Fuentes Fidedignas\"},\"image\":{\"@id\":\"https:\\\/\\\/fuentesfidedignas.com.mx\\\/#\\\/schema\\\/logo\\\/image\\\/\"},\"sameAs\":[\"https:\\\/\\\/www.facebook.com\\\/Fuentes-Fidedignas-368234489921644\",\"https:\\\/\\\/x.com\\\/fidedignas\"]},{\"@type\":\"Person\",\"@id\":\"https:\\\/\\\/fuentesfidedignas.com.mx\\\/#\\\/schema\\\/person\\\/331be9283d37198e2acd5750279085b0\",\"name\":\"Redacci\u00f3n\",\"image\":{\"@type\":\"ImageObject\",\"inLanguage\":\"es\",\"@id\":\"https:\\\/\\\/secure.gravatar.com\\\/avatar\\\/f6d8782c11d12b2d4ad3fbb6931aeab5309937a4d6cd2fc9cfaa28a6396a5aec?s=96&d=mm&r=g\",\"url\":\"https:\\\/\\\/secure.gravatar.com\\\/avatar\\\/f6d8782c11d12b2d4ad3fbb6931aeab5309937a4d6cd2fc9cfaa28a6396a5aec?s=96&d=mm&r=g\",\"contentUrl\":\"https:\\\/\\\/secure.gravatar.com\\\/avatar\\\/f6d8782c11d12b2d4ad3fbb6931aeab5309937a4d6cd2fc9cfaa28a6396a5aec?s=96&d=mm&r=g\",\"caption\":\"Redacci\u00f3n\"},\"url\":\"https:\\\/\\\/fuentesfidedignas.com.mx\\\/index.php\\\/author\\\/redaccion\\\/\"}]}<\/script>\n<!-- \/ Yoast SEO plugin. -->","yoast_head_json":{"title":"Vamos a recuperar programas y asignaci\u00f3n presupuestaria para las mujeres: PRI - Fuentes Fidedignas","robots":{"index":"index","follow":"follow","max-snippet":"max-snippet:-1","max-image-preview":"max-image-preview:large","max-video-preview":"max-video-preview:-1"},"canonical":"https:\/\/fuentesfidedignas.com.mx\/index.php\/2021\/08\/31\/vamos-a-recuperar-programas-y-asignacion-presupuestaria-para-las-mujeres-pri\/","og_locale":"es_MX","og_type":"article","og_title":"Vamos a recuperar programas y asignaci\u00f3n presupuestaria para las mujeres: PRI - Fuentes Fidedignas","og_description":"Monserrat Arcos, al t\u00e9rmino de la jornada \u201cmarat\u00f3nica\u201d de capacitaci\u00f3n de casi diez horas, dijo que se discutieron temas propuestos en la Agenda Legislativa, de los logros y retos para el sector. Ciudad de M\u00e9xico.- Vamos a recuperar los programas y la asignaci\u00f3n presupuestaria para las mujeres, porque desde el actual gobierno, son el sector [&hellip;]","og_url":"https:\/\/fuentesfidedignas.com.mx\/index.php\/2021\/08\/31\/vamos-a-recuperar-programas-y-asignacion-presupuestaria-para-las-mujeres-pri\/","og_site_name":"Fuentes Fidedignas","article_publisher":"https:\/\/www.facebook.com\/Fuentes-Fidedignas-368234489921644","article_published_time":"2021-08-31T19:12:15+00:00","article_modified_time":"2021-08-31T19:12:16+00:00","og_image":[{"width":1024,"height":683,"url":"https:\/\/fuentesfidedignas.com.mx\/wp-content\/uploads\/2021\/08\/1-2.jpg","type":"image\/jpeg"}],"author":"Redacci\u00f3n","twitter_card":"summary_large_image","twitter_creator":"@fidedignas","twitter_site":"@fidedignas","twitter_misc":{"Escrito por":"Redacci\u00f3n","Tiempo de lectura":"3 minutos"},"schema":{"@context":"https:\/\/schema.org","@graph":[{"@type":"Article","@id":"https:\/\/fuentesfidedignas.com.mx\/index.php\/2021\/08\/31\/vamos-a-recuperar-programas-y-asignacion-presupuestaria-para-las-mujeres-pri\/#article","isPartOf":{"@id":"https:\/\/fuentesfidedignas.com.mx\/index.php\/2021\/08\/31\/vamos-a-recuperar-programas-y-asignacion-presupuestaria-para-las-mujeres-pri\/"},"author":{"name":"Redacci\u00f3n","@id":"https:\/\/fuentesfidedignas.com.mx\/#\/schema\/person\/331be9283d37198e2acd5750279085b0"},"headline":"Vamos a recuperar programas y asignaci\u00f3n presupuestaria para las mujeres: PRI","datePublished":"2021-08-31T19:12:15+00:00","dateModified":"2021-08-31T19:12:16+00:00","mainEntityOfPage":{"@id":"https:\/\/fuentesfidedignas.com.mx\/index.php\/2021\/08\/31\/vamos-a-recuperar-programas-y-asignacion-presupuestaria-para-las-mujeres-pri\/"},"wordCount":540,"commentCount":0,"publisher":{"@id":"https:\/\/fuentesfidedignas.com.mx\/#organization"},"image":{"@id":"https:\/\/fuentesfidedignas.com.mx\/index.php\/2021\/08\/31\/vamos-a-recuperar-programas-y-asignacion-presupuestaria-para-las-mujeres-pri\/#primaryimage"},"thumbnailUrl":"https:\/\/fuentesfidedignas.com.mx\/wp-content\/uploads\/2021\/08\/1-2.jpg","keywords":["Partido Revolucionario Institucional","PRI"],"articleSection":["NOTICIAS NACIONALES"],"inLanguage":"es","potentialAction":[{"@type":"CommentAction","name":"Comment","target":["https:\/\/fuentesfidedignas.com.mx\/index.php\/2021\/08\/31\/vamos-a-recuperar-programas-y-asignacion-presupuestaria-para-las-mujeres-pri\/#respond"]}]},{"@type":"WebPage","@id":"https:\/\/fuentesfidedignas.com.mx\/index.php\/2021\/08\/31\/vamos-a-recuperar-programas-y-asignacion-presupuestaria-para-las-mujeres-pri\/","url":"https:\/\/fuentesfidedignas.com.mx\/index.php\/2021\/08\/31\/vamos-a-recuperar-programas-y-asignacion-presupuestaria-para-las-mujeres-pri\/","name":"Vamos a recuperar programas y asignaci\u00f3n presupuestaria para las mujeres: PRI - Fuentes Fidedignas","isPartOf":{"@id":"https:\/\/fuentesfidedignas.com.mx\/#website"},"primaryImageOfPage":{"@id":"https:\/\/fuentesfidedignas.com.mx\/index.php\/2021\/08\/31\/vamos-a-recuperar-programas-y-asignacion-presupuestaria-para-las-mujeres-pri\/#primaryimage"},"image":{"@id":"https:\/\/fuentesfidedignas.com.mx\/index.php\/2021\/08\/31\/vamos-a-recuperar-programas-y-asignacion-presupuestaria-para-las-mujeres-pri\/#primaryimage"},"thumbnailUrl":"https:\/\/fuentesfidedignas.com.mx\/wp-content\/uploads\/2021\/08\/1-2.jpg","datePublished":"2021-08-31T19:12:15+00:00","dateModified":"2021-08-31T19:12:16+00:00","breadcrumb":{"@id":"https:\/\/fuentesfidedignas.com.mx\/index.php\/2021\/08\/31\/vamos-a-recuperar-programas-y-asignacion-presupuestaria-para-las-mujeres-pri\/#breadcrumb"},"inLanguage":"es","potentialAction":[{"@type":"ReadAction","target":["https:\/\/fuentesfidedignas.com.mx\/index.php\/2021\/08\/31\/vamos-a-recuperar-programas-y-asignacion-presupuestaria-para-las-mujeres-pri\/"]}]},{"@type":"ImageObject","inLanguage":"es","@id":"https:\/\/fuentesfidedignas.com.mx\/index.php\/2021\/08\/31\/vamos-a-recuperar-programas-y-asignacion-presupuestaria-para-las-mujeres-pri\/#primaryimage","url":"https:\/\/fuentesfidedignas.com.mx\/wp-content\/uploads\/2021\/08\/1-2.jpg","contentUrl":"https:\/\/fuentesfidedignas.com.mx\/wp-content\/uploads\/2021\/08\/1-2.jpg","width":1024,"height":683},{"@type":"BreadcrumbList","@id":"https:\/\/fuentesfidedignas.com.mx\/index.php\/2021\/08\/31\/vamos-a-recuperar-programas-y-asignacion-presupuestaria-para-las-mujeres-pri\/#breadcrumb","itemListElement":[{"@type":"ListItem","position":1,"name":"Inicio","item":"https:\/\/fuentesfidedignas.com.mx\/"},{"@type":"ListItem","position":2,"name":"Vamos a recuperar programas y asignaci\u00f3n presupuestaria para las mujeres: PRI"}]},{"@type":"WebSite","@id":"https:\/\/fuentesfidedignas.com.mx\/#website","url":"https:\/\/fuentesfidedignas.com.mx\/","name":"Fuentes Fidedignas","description":"Otro sitio realizado con WordPress","publisher":{"@id":"https:\/\/fuentesfidedignas.com.mx\/#organization"},"potentialAction":[{"@type":"SearchAction","target":{"@type":"EntryPoint","urlTemplate":"https:\/\/fuentesfidedignas.com.mx\/?s={search_term_string}"},"query-input":{"@type":"PropertyValueSpecification","valueRequired":true,"valueName":"search_term_string"}}],"inLanguage":"es"},{"@type":"Organization","@id":"https:\/\/fuentesfidedignas.com.mx\/#organization","name":"Fuentes Fidedignas","url":"https:\/\/fuentesfidedignas.com.mx\/","logo":{"@type":"ImageObject","inLanguage":"es","@id":"https:\/\/fuentesfidedignas.com.mx\/#\/schema\/logo\/image\/","url":"https:\/\/fuentesfidedignas.com.mx\/wp-content\/uploads\/2021\/04\/logo-retina.png","contentUrl":"https:\/\/fuentesfidedignas.com.mx\/wp-content\/uploads\/2021\/04\/logo-retina.png","width":280,"height":51,"caption":"Fuentes Fidedignas"},"image":{"@id":"https:\/\/fuentesfidedignas.com.mx\/#\/schema\/logo\/image\/"},"sameAs":["https:\/\/www.facebook.com\/Fuentes-Fidedignas-368234489921644","https:\/\/x.com\/fidedignas"]},{"@type":"Person","@id":"https:\/\/fuentesfidedignas.com.mx\/#\/schema\/person\/331be9283d37198e2acd5750279085b0","name":"Redacci\u00f3n","image":{"@type":"ImageObject","inLanguage":"es","@id":"https:\/\/secure.gravatar.com\/avatar\/f6d8782c11d12b2d4ad3fbb6931aeab5309937a4d6cd2fc9cfaa28a6396a5aec?s=96&d=mm&r=g","url":"https:\/\/secure.gravatar.com\/avatar\/f6d8782c11d12b2d4ad3fbb6931aeab5309937a4d6cd2fc9cfaa28a6396a5aec?s=96&d=mm&r=g","contentUrl":"https:\/\/secure.gravatar.com\/avatar\/f6d8782c11d12b2d4ad3fbb6931aeab5309937a4d6cd2fc9cfaa28a6396a5aec?s=96&d=mm&r=g","caption":"Redacci\u00f3n"},"url":"https:\/\/fuentesfidedignas.com.mx\/index.php\/author\/redaccion\/"}]}},"_links":{"self":[{"href":"https:\/\/fuentesfidedignas.com.mx\/index.php\/wp-json\/wp\/v2\/posts\/11348","targetHints":{"allow":["GET"]}}],"collection":[{"href":"https:\/\/fuentesfidedignas.com.mx\/index.php\/wp-json\/wp\/v2\/posts"}],"about":[{"href":"https:\/\/fuentesfidedignas.com.mx\/index.php\/wp-json\/wp\/v2\/types\/post"}],"author":[{"embeddable":true,"href":"https:\/\/fuentesfidedignas.com.mx\/index.php\/wp-json\/wp\/v2\/users\/4"}],"replies":[{"embeddable":true,"href":"https:\/\/fuentesfidedignas.com.mx\/index.php\/wp-json\/wp\/v2\/comments?post=11348"}],"version-history":[{"count":1,"href":"https:\/\/fuentesfidedignas.com.mx\/index.php\/wp-json\/wp\/v2\/posts\/11348\/revisions"}],"predecessor-version":[{"id":11350,"href":"https:\/\/fuentesfidedignas.com.mx\/index.php\/wp-json\/wp\/v2\/posts\/11348\/revisions\/11350"}],"wp:featuredmedia":[{"embeddable":true,"href":"https:\/\/fuentesfidedignas.com.mx\/index.php\/wp-json\/wp\/v2\/media\/11349"}],"wp:attachment":[{"href":"https:\/\/fuentesfidedignas.com.mx\/index.php\/wp-json\/wp\/v2\/media?parent=11348"}],"wp:term":[{"taxonomy":"category","embeddable":true,"href":"https:\/\/fuentesfidedignas.com.mx\/index.php\/wp-json\/wp\/v2\/categories?post=11348"},{"taxonomy":"post_tag","embeddable":true,"href":"https:\/\/fuentesfidedignas.com.mx\/index.php\/wp-json\/wp\/v2\/tags?post=11348"}],"curies":[{"name":"wp","href":"https:\/\/api.w.org\/{rel}","templated":true}]}}