{"id":11345,"date":"2021-08-31T12:08:11","date_gmt":"2021-08-31T19:08:11","guid":{"rendered":"https:\/\/fuentesfidedignas.com.mx\/?p=11345"},"modified":"2021-08-31T12:08:12","modified_gmt":"2021-08-31T19:08:12","slug":"necesario-apoyo-del-gobierno-federal-tras-el-dano-provocado-por-nora-jorge-rodriguez","status":"publish","type":"post","link":"https:\/\/fuentesfidedignas.com.mx\/index.php\/2021\/08\/31\/necesario-apoyo-del-gobierno-federal-tras-el-dano-provocado-por-nora-jorge-rodriguez\/","title":{"rendered":"Necesario apoyo del Gobierno Federal, tras el da\u00f1o provocado por &#8216;Nora&#8217;: Jorge Rodr\u00edguez"},"content":{"rendered":"\n<p><strong><em>El legislador que es tambi\u00e9n el presidente de la Comisi\u00f3n de Recursos Hidr\u00e1ulicos del Congreso del Estado, manifest\u00f3 que una adecuada coordinaci\u00f3n entre los tres niveles de gobierno es lo que permitir\u00e1 multiplicar la ayuda a los damnificados<\/em><\/strong> <\/p>\n\n\n\n<p>Culiac\u00e1n, Sin.- Tras el recuento de da\u00f1os provocado por el hurac\u00e1n \u201cNora\u201d, el diputado del PRI, Jorge Rodr\u00edguez Ayala exhort\u00f3 al resto de las fuerzas pol\u00edticas presentes en el H. Congreso del Estado de Sinaloa para \u201ccerrar filas\u201d en torno al Gobernador en su solicitud de declaratoria de emergencia y recibir de inmediato los recursos federales necesarios para el apoyo y reconstrucci\u00f3n.<\/p>\n\n\n\n<p>El legislador que es tambi\u00e9n el presidente de la Comisi\u00f3n de Recursos Hidr\u00e1ulicos del Congreso del Estado, manifest\u00f3 que una adecuada coordinaci\u00f3n entre los tres niveles de gobierno es lo que permitir\u00e1 multiplicar la ayuda a los damnificados e iniciar de inmediato la rehabilitaci\u00f3n de camino, carreteras, calles, escuelas y centros de salud que tanto da\u00f1o resintieron con motivo de las copiosas lluvias.<\/p>\n\n\n\n<p>Jorge Rodr\u00edguez, destac\u00f3 que principalmente en los municipios del sur de Sinaloa es donde se requiere de inmediato el apoyo, dado que es donde se registr\u00f3 la mayor parte de las precipitaciones con registros hist\u00f3ricos que provocaron desborde en el cauce de los r\u00edos y de los arroyos.<\/p>\n\n\n\n<p>El legislador local del PRI consider\u00f3 que las autoridades de Protecci\u00f3n Civil desplegaron de manera oportuna un operativo para trasladar a las familias afectadas hacia los albergues, pero tambi\u00e9n muchas otras se vieron obligadas a dormir a la intemperie, porque sus viviendas no se pueden habitar por la cantidad de agua que inund\u00f3 las casas, colonias y comunidades.<\/p>\n\n\n\n<p>Manifest\u00f3 tambi\u00e9n que es necesario que esta legislatura local haga causa com\u00fan causa com\u00fan con el jefe del ejecutivo estatal, con los presidentes municipales, con las organizaciones sociales y civiles, con el fin de otorgar toda la ayuda necesaria en esta situaci\u00f3n de emergencia.<\/p>\n\n\n\n<p>El legislador local del PRI destac\u00f3 que tambi\u00e9n hay muchas calles en mal estado, as\u00ed como escuelas, centros de salud y parques. En muchas partes, dijo, fue suspendido el servicio de energ\u00eda el\u00e9ctrica y de distribuci\u00f3n de agua potable.<\/p>\n\n\n\n<p>\u201cPara mucha gente, la situaci\u00f3n es verdaderamente cr\u00edtica y desesperante. Los organismos de protecci\u00f3n civil, estatales y municipales, pusieron en marcha diversos programas de emergencia para tratar de evitar tragedias humanas.Afortunadamente, seg\u00fan informaci\u00f3n que se ha dado a conocer, hasta ahora ninguna persona ha perdido la vida como resultado de este fen\u00f3meno meteorol\u00f3gico\u201d.<\/p>\n\n\n\n<p>\u201cSin embargo, la magnitud de las p\u00e9rdidas materiales es enorme. Adem\u00e1s de la infraestructura en materia de comunicaciones, muchas viviendas est\u00e1n seriamente da\u00f1adas, y las familias perdieron gran parte de sus enseres dom\u00e9sticos y todas sus pertenencias\u201d.<\/p>\n","protected":false},"excerpt":{"rendered":"<p>El legislador que es tambi\u00e9n el presidente de la Comisi\u00f3n de Recursos Hidr\u00e1ulicos del Congreso del Estado, manifest\u00f3 que una adecuada coordinaci\u00f3n entre los tres niveles de gobierno es lo que permitir\u00e1 multiplicar la ayuda a los damnificados Culiac\u00e1n, Sin.- Tras el recuento de da\u00f1os provocado por el hurac\u00e1n \u201cNora\u201d, el diputado del PRI, Jorge [&hellip;]<\/p>\n","protected":false},"author":4,"featured_media":11346,"comment_status":"open","ping_status":"open","sticky":false,"template":"","format":"standard","meta":{"tdm_status":"","tdm_grid_status":"","footnotes":""},"categories":[38],"tags":[799,212,1779],"class_list":{"0":"post-11345","1":"post","2":"type-post","3":"status-publish","4":"format-standard","5":"has-post-thumbnail","7":"category-noticias-locales","8":"tag-partido-revolucionario-institucional","9":"tag-pri","10":"tag-tormenta-nora"},"yoast_head":"<!-- This site is optimized with the Yoast SEO plugin v27.4 - https:\/\/yoast.com\/product\/yoast-seo-wordpress\/ -->\n<title>Necesario apoyo del Gobierno Federal, tras el da\u00f1o provocado por &#039;Nora&#039;: Jorge Rodr\u00edguez - Fuentes Fidedignas<\/title>\n<meta name=\"robots\" content=\"index, follow, max-snippet:-1, max-image-preview:large, max-video-preview:-1\" \/>\n<link rel=\"canonical\" href=\"https:\/\/fuentesfidedignas.com.mx\/index.php\/2021\/08\/31\/necesario-apoyo-del-gobierno-federal-tras-el-dano-provocado-por-nora-jorge-rodriguez\/\" \/>\n<meta property=\"og:locale\" content=\"es_MX\" \/>\n<meta property=\"og:type\" content=\"article\" \/>\n<meta property=\"og:title\" content=\"Necesario apoyo del Gobierno Federal, tras el da\u00f1o provocado por &#039;Nora&#039;: Jorge Rodr\u00edguez - Fuentes Fidedignas\" \/>\n<meta property=\"og:description\" content=\"El legislador que es tambi\u00e9n el presidente de la Comisi\u00f3n de Recursos Hidr\u00e1ulicos del Congreso del Estado, manifest\u00f3 que una adecuada coordinaci\u00f3n entre los tres niveles de gobierno es lo que permitir\u00e1 multiplicar la ayuda a los damnificados Culiac\u00e1n, Sin.- Tras el recuento de da\u00f1os provocado por el hurac\u00e1n \u201cNora\u201d, el diputado del PRI, Jorge [&hellip;]\" \/>\n<meta property=\"og:url\" content=\"https:\/\/fuentesfidedignas.com.mx\/index.php\/2021\/08\/31\/necesario-apoyo-del-gobierno-federal-tras-el-dano-provocado-por-nora-jorge-rodriguez\/\" \/>\n<meta property=\"og:site_name\" content=\"Fuentes Fidedignas\" \/>\n<meta property=\"article:publisher\" content=\"https:\/\/www.facebook.com\/Fuentes-Fidedignas-368234489921644\" \/>\n<meta property=\"article:published_time\" content=\"2021-08-31T19:08:11+00:00\" \/>\n<meta property=\"article:modified_time\" content=\"2021-08-31T19:08:12+00:00\" \/>\n<meta property=\"og:image\" content=\"https:\/\/fuentesfidedignas.com.mx\/wp-content\/uploads\/2021\/08\/WhatsApp-Image-2021-08-31-at-12.42.35-PM.jpeg\" \/>\n\t<meta property=\"og:image:width\" content=\"1280\" \/>\n\t<meta property=\"og:image:height\" content=\"720\" \/>\n\t<meta property=\"og:image:type\" content=\"image\/jpeg\" \/>\n<meta name=\"author\" content=\"Redacci\u00f3n\" \/>\n<meta name=\"twitter:card\" content=\"summary_large_image\" \/>\n<meta name=\"twitter:creator\" content=\"@fidedignas\" \/>\n<meta name=\"twitter:site\" content=\"@fidedignas\" \/>\n<meta name=\"twitter:label1\" content=\"Escrito por\" \/>\n\t<meta name=\"twitter:data1\" content=\"Redacci\u00f3n\" \/>\n\t<meta name=\"twitter:label2\" content=\"Tiempo de lectura\" \/>\n\t<meta name=\"twitter:data2\" content=\"2 minutos\" \/>\n<script type=\"application\/ld+json\" class=\"yoast-schema-graph\">{\"@context\":\"https:\\\/\\\/schema.org\",\"@graph\":[{\"@type\":\"Article\",\"@id\":\"https:\\\/\\\/fuentesfidedignas.com.mx\\\/index.php\\\/2021\\\/08\\\/31\\\/necesario-apoyo-del-gobierno-federal-tras-el-dano-provocado-por-nora-jorge-rodriguez\\\/#article\",\"isPartOf\":{\"@id\":\"https:\\\/\\\/fuentesfidedignas.com.mx\\\/index.php\\\/2021\\\/08\\\/31\\\/necesario-apoyo-del-gobierno-federal-tras-el-dano-provocado-por-nora-jorge-rodriguez\\\/\"},\"author\":{\"name\":\"Redacci\u00f3n\",\"@id\":\"https:\\\/\\\/fuentesfidedignas.com.mx\\\/#\\\/schema\\\/person\\\/331be9283d37198e2acd5750279085b0\"},\"headline\":\"Necesario apoyo del Gobierno Federal, tras el da\u00f1o provocado por &#8216;Nora&#8217;: Jorge Rodr\u00edguez\",\"datePublished\":\"2021-08-31T19:08:11+00:00\",\"dateModified\":\"2021-08-31T19:08:12+00:00\",\"mainEntityOfPage\":{\"@id\":\"https:\\\/\\\/fuentesfidedignas.com.mx\\\/index.php\\\/2021\\\/08\\\/31\\\/necesario-apoyo-del-gobierno-federal-tras-el-dano-provocado-por-nora-jorge-rodriguez\\\/\"},\"wordCount\":500,\"commentCount\":0,\"publisher\":{\"@id\":\"https:\\\/\\\/fuentesfidedignas.com.mx\\\/#organization\"},\"image\":{\"@id\":\"https:\\\/\\\/fuentesfidedignas.com.mx\\\/index.php\\\/2021\\\/08\\\/31\\\/necesario-apoyo-del-gobierno-federal-tras-el-dano-provocado-por-nora-jorge-rodriguez\\\/#primaryimage\"},\"thumbnailUrl\":\"https:\\\/\\\/fuentesfidedignas.com.mx\\\/wp-content\\\/uploads\\\/2021\\\/08\\\/WhatsApp-Image-2021-08-31-at-12.42.35-PM.jpeg\",\"keywords\":[\"Partido Revolucionario Institucional\",\"PRI\",\"Tormenta &quot;Nora&quot;\"],\"articleSection\":[\"NOTICIAS LOCALES\"],\"inLanguage\":\"es\",\"potentialAction\":[{\"@type\":\"CommentAction\",\"name\":\"Comment\",\"target\":[\"https:\\\/\\\/fuentesfidedignas.com.mx\\\/index.php\\\/2021\\\/08\\\/31\\\/necesario-apoyo-del-gobierno-federal-tras-el-dano-provocado-por-nora-jorge-rodriguez\\\/#respond\"]}]},{\"@type\":\"WebPage\",\"@id\":\"https:\\\/\\\/fuentesfidedignas.com.mx\\\/index.php\\\/2021\\\/08\\\/31\\\/necesario-apoyo-del-gobierno-federal-tras-el-dano-provocado-por-nora-jorge-rodriguez\\\/\",\"url\":\"https:\\\/\\\/fuentesfidedignas.com.mx\\\/index.php\\\/2021\\\/08\\\/31\\\/necesario-apoyo-del-gobierno-federal-tras-el-dano-provocado-por-nora-jorge-rodriguez\\\/\",\"name\":\"Necesario apoyo del Gobierno Federal, tras el da\u00f1o provocado por 'Nora': Jorge Rodr\u00edguez - Fuentes Fidedignas\",\"isPartOf\":{\"@id\":\"https:\\\/\\\/fuentesfidedignas.com.mx\\\/#website\"},\"primaryImageOfPage\":{\"@id\":\"https:\\\/\\\/fuentesfidedignas.com.mx\\\/index.php\\\/2021\\\/08\\\/31\\\/necesario-apoyo-del-gobierno-federal-tras-el-dano-provocado-por-nora-jorge-rodriguez\\\/#primaryimage\"},\"image\":{\"@id\":\"https:\\\/\\\/fuentesfidedignas.com.mx\\\/index.php\\\/2021\\\/08\\\/31\\\/necesario-apoyo-del-gobierno-federal-tras-el-dano-provocado-por-nora-jorge-rodriguez\\\/#primaryimage\"},\"thumbnailUrl\":\"https:\\\/\\\/fuentesfidedignas.com.mx\\\/wp-content\\\/uploads\\\/2021\\\/08\\\/WhatsApp-Image-2021-08-31-at-12.42.35-PM.jpeg\",\"datePublished\":\"2021-08-31T19:08:11+00:00\",\"dateModified\":\"2021-08-31T19:08:12+00:00\",\"breadcrumb\":{\"@id\":\"https:\\\/\\\/fuentesfidedignas.com.mx\\\/index.php\\\/2021\\\/08\\\/31\\\/necesario-apoyo-del-gobierno-federal-tras-el-dano-provocado-por-nora-jorge-rodriguez\\\/#breadcrumb\"},\"inLanguage\":\"es\",\"potentialAction\":[{\"@type\":\"ReadAction\",\"target\":[\"https:\\\/\\\/fuentesfidedignas.com.mx\\\/index.php\\\/2021\\\/08\\\/31\\\/necesario-apoyo-del-gobierno-federal-tras-el-dano-provocado-por-nora-jorge-rodriguez\\\/\"]}]},{\"@type\":\"ImageObject\",\"inLanguage\":\"es\",\"@id\":\"https:\\\/\\\/fuentesfidedignas.com.mx\\\/index.php\\\/2021\\\/08\\\/31\\\/necesario-apoyo-del-gobierno-federal-tras-el-dano-provocado-por-nora-jorge-rodriguez\\\/#primaryimage\",\"url\":\"https:\\\/\\\/fuentesfidedignas.com.mx\\\/wp-content\\\/uploads\\\/2021\\\/08\\\/WhatsApp-Image-2021-08-31-at-12.42.35-PM.jpeg\",\"contentUrl\":\"https:\\\/\\\/fuentesfidedignas.com.mx\\\/wp-content\\\/uploads\\\/2021\\\/08\\\/WhatsApp-Image-2021-08-31-at-12.42.35-PM.jpeg\",\"width\":1280,\"height\":720},{\"@type\":\"BreadcrumbList\",\"@id\":\"https:\\\/\\\/fuentesfidedignas.com.mx\\\/index.php\\\/2021\\\/08\\\/31\\\/necesario-apoyo-del-gobierno-federal-tras-el-dano-provocado-por-nora-jorge-rodriguez\\\/#breadcrumb\",\"itemListElement\":[{\"@type\":\"ListItem\",\"position\":1,\"name\":\"Inicio\",\"item\":\"https:\\\/\\\/fuentesfidedignas.com.mx\\\/\"},{\"@type\":\"ListItem\",\"position\":2,\"name\":\"Necesario apoyo del Gobierno Federal, tras el da\u00f1o provocado por &#8216;Nora&#8217;: Jorge Rodr\u00edguez\"}]},{\"@type\":\"WebSite\",\"@id\":\"https:\\\/\\\/fuentesfidedignas.com.mx\\\/#website\",\"url\":\"https:\\\/\\\/fuentesfidedignas.com.mx\\\/\",\"name\":\"Fuentes Fidedignas\",\"description\":\"Otro sitio realizado con WordPress\",\"publisher\":{\"@id\":\"https:\\\/\\\/fuentesfidedignas.com.mx\\\/#organization\"},\"potentialAction\":[{\"@type\":\"SearchAction\",\"target\":{\"@type\":\"EntryPoint\",\"urlTemplate\":\"https:\\\/\\\/fuentesfidedignas.com.mx\\\/?s={search_term_string}\"},\"query-input\":{\"@type\":\"PropertyValueSpecification\",\"valueRequired\":true,\"valueName\":\"search_term_string\"}}],\"inLanguage\":\"es\"},{\"@type\":\"Organization\",\"@id\":\"https:\\\/\\\/fuentesfidedignas.com.mx\\\/#organization\",\"name\":\"Fuentes Fidedignas\",\"url\":\"https:\\\/\\\/fuentesfidedignas.com.mx\\\/\",\"logo\":{\"@type\":\"ImageObject\",\"inLanguage\":\"es\",\"@id\":\"https:\\\/\\\/fuentesfidedignas.com.mx\\\/#\\\/schema\\\/logo\\\/image\\\/\",\"url\":\"https:\\\/\\\/fuentesfidedignas.com.mx\\\/wp-content\\\/uploads\\\/2021\\\/04\\\/logo-retina.png\",\"contentUrl\":\"https:\\\/\\\/fuentesfidedignas.com.mx\\\/wp-content\\\/uploads\\\/2021\\\/04\\\/logo-retina.png\",\"width\":280,\"height\":51,\"caption\":\"Fuentes Fidedignas\"},\"image\":{\"@id\":\"https:\\\/\\\/fuentesfidedignas.com.mx\\\/#\\\/schema\\\/logo\\\/image\\\/\"},\"sameAs\":[\"https:\\\/\\\/www.facebook.com\\\/Fuentes-Fidedignas-368234489921644\",\"https:\\\/\\\/x.com\\\/fidedignas\"]},{\"@type\":\"Person\",\"@id\":\"https:\\\/\\\/fuentesfidedignas.com.mx\\\/#\\\/schema\\\/person\\\/331be9283d37198e2acd5750279085b0\",\"name\":\"Redacci\u00f3n\",\"image\":{\"@type\":\"ImageObject\",\"inLanguage\":\"es\",\"@id\":\"https:\\\/\\\/secure.gravatar.com\\\/avatar\\\/f6d8782c11d12b2d4ad3fbb6931aeab5309937a4d6cd2fc9cfaa28a6396a5aec?s=96&d=mm&r=g\",\"url\":\"https:\\\/\\\/secure.gravatar.com\\\/avatar\\\/f6d8782c11d12b2d4ad3fbb6931aeab5309937a4d6cd2fc9cfaa28a6396a5aec?s=96&d=mm&r=g\",\"contentUrl\":\"https:\\\/\\\/secure.gravatar.com\\\/avatar\\\/f6d8782c11d12b2d4ad3fbb6931aeab5309937a4d6cd2fc9cfaa28a6396a5aec?s=96&d=mm&r=g\",\"caption\":\"Redacci\u00f3n\"},\"url\":\"https:\\\/\\\/fuentesfidedignas.com.mx\\\/index.php\\\/author\\\/redaccion\\\/\"}]}<\/script>\n<!-- \/ Yoast SEO plugin. -->","yoast_head_json":{"title":"Necesario apoyo del Gobierno Federal, tras el da\u00f1o provocado por 'Nora': Jorge Rodr\u00edguez - Fuentes Fidedignas","robots":{"index":"index","follow":"follow","max-snippet":"max-snippet:-1","max-image-preview":"max-image-preview:large","max-video-preview":"max-video-preview:-1"},"canonical":"https:\/\/fuentesfidedignas.com.mx\/index.php\/2021\/08\/31\/necesario-apoyo-del-gobierno-federal-tras-el-dano-provocado-por-nora-jorge-rodriguez\/","og_locale":"es_MX","og_type":"article","og_title":"Necesario apoyo del Gobierno Federal, tras el da\u00f1o provocado por 'Nora': Jorge Rodr\u00edguez - Fuentes Fidedignas","og_description":"El legislador que es tambi\u00e9n el presidente de la Comisi\u00f3n de Recursos Hidr\u00e1ulicos del Congreso del Estado, manifest\u00f3 que una adecuada coordinaci\u00f3n entre los tres niveles de gobierno es lo que permitir\u00e1 multiplicar la ayuda a los damnificados Culiac\u00e1n, Sin.- Tras el recuento de da\u00f1os provocado por el hurac\u00e1n \u201cNora\u201d, el diputado del PRI, Jorge [&hellip;]","og_url":"https:\/\/fuentesfidedignas.com.mx\/index.php\/2021\/08\/31\/necesario-apoyo-del-gobierno-federal-tras-el-dano-provocado-por-nora-jorge-rodriguez\/","og_site_name":"Fuentes Fidedignas","article_publisher":"https:\/\/www.facebook.com\/Fuentes-Fidedignas-368234489921644","article_published_time":"2021-08-31T19:08:11+00:00","article_modified_time":"2021-08-31T19:08:12+00:00","og_image":[{"width":1280,"height":720,"url":"https:\/\/fuentesfidedignas.com.mx\/wp-content\/uploads\/2021\/08\/WhatsApp-Image-2021-08-31-at-12.42.35-PM.jpeg","type":"image\/jpeg"}],"author":"Redacci\u00f3n","twitter_card":"summary_large_image","twitter_creator":"@fidedignas","twitter_site":"@fidedignas","twitter_misc":{"Escrito por":"Redacci\u00f3n","Tiempo de lectura":"2 minutos"},"schema":{"@context":"https:\/\/schema.org","@graph":[{"@type":"Article","@id":"https:\/\/fuentesfidedignas.com.mx\/index.php\/2021\/08\/31\/necesario-apoyo-del-gobierno-federal-tras-el-dano-provocado-por-nora-jorge-rodriguez\/#article","isPartOf":{"@id":"https:\/\/fuentesfidedignas.com.mx\/index.php\/2021\/08\/31\/necesario-apoyo-del-gobierno-federal-tras-el-dano-provocado-por-nora-jorge-rodriguez\/"},"author":{"name":"Redacci\u00f3n","@id":"https:\/\/fuentesfidedignas.com.mx\/#\/schema\/person\/331be9283d37198e2acd5750279085b0"},"headline":"Necesario apoyo del Gobierno Federal, tras el da\u00f1o provocado por &#8216;Nora&#8217;: Jorge Rodr\u00edguez","datePublished":"2021-08-31T19:08:11+00:00","dateModified":"2021-08-31T19:08:12+00:00","mainEntityOfPage":{"@id":"https:\/\/fuentesfidedignas.com.mx\/index.php\/2021\/08\/31\/necesario-apoyo-del-gobierno-federal-tras-el-dano-provocado-por-nora-jorge-rodriguez\/"},"wordCount":500,"commentCount":0,"publisher":{"@id":"https:\/\/fuentesfidedignas.com.mx\/#organization"},"image":{"@id":"https:\/\/fuentesfidedignas.com.mx\/index.php\/2021\/08\/31\/necesario-apoyo-del-gobierno-federal-tras-el-dano-provocado-por-nora-jorge-rodriguez\/#primaryimage"},"thumbnailUrl":"https:\/\/fuentesfidedignas.com.mx\/wp-content\/uploads\/2021\/08\/WhatsApp-Image-2021-08-31-at-12.42.35-PM.jpeg","keywords":["Partido Revolucionario Institucional","PRI","Tormenta &quot;Nora&quot;"],"articleSection":["NOTICIAS LOCALES"],"inLanguage":"es","potentialAction":[{"@type":"CommentAction","name":"Comment","target":["https:\/\/fuentesfidedignas.com.mx\/index.php\/2021\/08\/31\/necesario-apoyo-del-gobierno-federal-tras-el-dano-provocado-por-nora-jorge-rodriguez\/#respond"]}]},{"@type":"WebPage","@id":"https:\/\/fuentesfidedignas.com.mx\/index.php\/2021\/08\/31\/necesario-apoyo-del-gobierno-federal-tras-el-dano-provocado-por-nora-jorge-rodriguez\/","url":"https:\/\/fuentesfidedignas.com.mx\/index.php\/2021\/08\/31\/necesario-apoyo-del-gobierno-federal-tras-el-dano-provocado-por-nora-jorge-rodriguez\/","name":"Necesario apoyo del Gobierno Federal, tras el da\u00f1o provocado por 'Nora': Jorge Rodr\u00edguez - Fuentes Fidedignas","isPartOf":{"@id":"https:\/\/fuentesfidedignas.com.mx\/#website"},"primaryImageOfPage":{"@id":"https:\/\/fuentesfidedignas.com.mx\/index.php\/2021\/08\/31\/necesario-apoyo-del-gobierno-federal-tras-el-dano-provocado-por-nora-jorge-rodriguez\/#primaryimage"},"image":{"@id":"https:\/\/fuentesfidedignas.com.mx\/index.php\/2021\/08\/31\/necesario-apoyo-del-gobierno-federal-tras-el-dano-provocado-por-nora-jorge-rodriguez\/#primaryimage"},"thumbnailUrl":"https:\/\/fuentesfidedignas.com.mx\/wp-content\/uploads\/2021\/08\/WhatsApp-Image-2021-08-31-at-12.42.35-PM.jpeg","datePublished":"2021-08-31T19:08:11+00:00","dateModified":"2021-08-31T19:08:12+00:00","breadcrumb":{"@id":"https:\/\/fuentesfidedignas.com.mx\/index.php\/2021\/08\/31\/necesario-apoyo-del-gobierno-federal-tras-el-dano-provocado-por-nora-jorge-rodriguez\/#breadcrumb"},"inLanguage":"es","potentialAction":[{"@type":"ReadAction","target":["https:\/\/fuentesfidedignas.com.mx\/index.php\/2021\/08\/31\/necesario-apoyo-del-gobierno-federal-tras-el-dano-provocado-por-nora-jorge-rodriguez\/"]}]},{"@type":"ImageObject","inLanguage":"es","@id":"https:\/\/fuentesfidedignas.com.mx\/index.php\/2021\/08\/31\/necesario-apoyo-del-gobierno-federal-tras-el-dano-provocado-por-nora-jorge-rodriguez\/#primaryimage","url":"https:\/\/fuentesfidedignas.com.mx\/wp-content\/uploads\/2021\/08\/WhatsApp-Image-2021-08-31-at-12.42.35-PM.jpeg","contentUrl":"https:\/\/fuentesfidedignas.com.mx\/wp-content\/uploads\/2021\/08\/WhatsApp-Image-2021-08-31-at-12.42.35-PM.jpeg","width":1280,"height":720},{"@type":"BreadcrumbList","@id":"https:\/\/fuentesfidedignas.com.mx\/index.php\/2021\/08\/31\/necesario-apoyo-del-gobierno-federal-tras-el-dano-provocado-por-nora-jorge-rodriguez\/#breadcrumb","itemListElement":[{"@type":"ListItem","position":1,"name":"Inicio","item":"https:\/\/fuentesfidedignas.com.mx\/"},{"@type":"ListItem","position":2,"name":"Necesario apoyo del Gobierno Federal, tras el da\u00f1o provocado por &#8216;Nora&#8217;: Jorge Rodr\u00edguez"}]},{"@type":"WebSite","@id":"https:\/\/fuentesfidedignas.com.mx\/#website","url":"https:\/\/fuentesfidedignas.com.mx\/","name":"Fuentes Fidedignas","description":"Otro sitio realizado con WordPress","publisher":{"@id":"https:\/\/fuentesfidedignas.com.mx\/#organization"},"potentialAction":[{"@type":"SearchAction","target":{"@type":"EntryPoint","urlTemplate":"https:\/\/fuentesfidedignas.com.mx\/?s={search_term_string}"},"query-input":{"@type":"PropertyValueSpecification","valueRequired":true,"valueName":"search_term_string"}}],"inLanguage":"es"},{"@type":"Organization","@id":"https:\/\/fuentesfidedignas.com.mx\/#organization","name":"Fuentes Fidedignas","url":"https:\/\/fuentesfidedignas.com.mx\/","logo":{"@type":"ImageObject","inLanguage":"es","@id":"https:\/\/fuentesfidedignas.com.mx\/#\/schema\/logo\/image\/","url":"https:\/\/fuentesfidedignas.com.mx\/wp-content\/uploads\/2021\/04\/logo-retina.png","contentUrl":"https:\/\/fuentesfidedignas.com.mx\/wp-content\/uploads\/2021\/04\/logo-retina.png","width":280,"height":51,"caption":"Fuentes Fidedignas"},"image":{"@id":"https:\/\/fuentesfidedignas.com.mx\/#\/schema\/logo\/image\/"},"sameAs":["https:\/\/www.facebook.com\/Fuentes-Fidedignas-368234489921644","https:\/\/x.com\/fidedignas"]},{"@type":"Person","@id":"https:\/\/fuentesfidedignas.com.mx\/#\/schema\/person\/331be9283d37198e2acd5750279085b0","name":"Redacci\u00f3n","image":{"@type":"ImageObject","inLanguage":"es","@id":"https:\/\/secure.gravatar.com\/avatar\/f6d8782c11d12b2d4ad3fbb6931aeab5309937a4d6cd2fc9cfaa28a6396a5aec?s=96&d=mm&r=g","url":"https:\/\/secure.gravatar.com\/avatar\/f6d8782c11d12b2d4ad3fbb6931aeab5309937a4d6cd2fc9cfaa28a6396a5aec?s=96&d=mm&r=g","contentUrl":"https:\/\/secure.gravatar.com\/avatar\/f6d8782c11d12b2d4ad3fbb6931aeab5309937a4d6cd2fc9cfaa28a6396a5aec?s=96&d=mm&r=g","caption":"Redacci\u00f3n"},"url":"https:\/\/fuentesfidedignas.com.mx\/index.php\/author\/redaccion\/"}]}},"_links":{"self":[{"href":"https:\/\/fuentesfidedignas.com.mx\/index.php\/wp-json\/wp\/v2\/posts\/11345","targetHints":{"allow":["GET"]}}],"collection":[{"href":"https:\/\/fuentesfidedignas.com.mx\/index.php\/wp-json\/wp\/v2\/posts"}],"about":[{"href":"https:\/\/fuentesfidedignas.com.mx\/index.php\/wp-json\/wp\/v2\/types\/post"}],"author":[{"embeddable":true,"href":"https:\/\/fuentesfidedignas.com.mx\/index.php\/wp-json\/wp\/v2\/users\/4"}],"replies":[{"embeddable":true,"href":"https:\/\/fuentesfidedignas.com.mx\/index.php\/wp-json\/wp\/v2\/comments?post=11345"}],"version-history":[{"count":1,"href":"https:\/\/fuentesfidedignas.com.mx\/index.php\/wp-json\/wp\/v2\/posts\/11345\/revisions"}],"predecessor-version":[{"id":11347,"href":"https:\/\/fuentesfidedignas.com.mx\/index.php\/wp-json\/wp\/v2\/posts\/11345\/revisions\/11347"}],"wp:featuredmedia":[{"embeddable":true,"href":"https:\/\/fuentesfidedignas.com.mx\/index.php\/wp-json\/wp\/v2\/media\/11346"}],"wp:attachment":[{"href":"https:\/\/fuentesfidedignas.com.mx\/index.php\/wp-json\/wp\/v2\/media?parent=11345"}],"wp:term":[{"taxonomy":"category","embeddable":true,"href":"https:\/\/fuentesfidedignas.com.mx\/index.php\/wp-json\/wp\/v2\/categories?post=11345"},{"taxonomy":"post_tag","embeddable":true,"href":"https:\/\/fuentesfidedignas.com.mx\/index.php\/wp-json\/wp\/v2\/tags?post=11345"}],"curies":[{"name":"wp","href":"https:\/\/api.w.org\/{rel}","templated":true}]}}