{"id":113401,"date":"2025-07-22T06:33:40","date_gmt":"2025-07-22T13:33:40","guid":{"rendered":"https:\/\/fuentesfidedignas.com.mx\/?p=113401"},"modified":"2025-07-22T06:33:40","modified_gmt":"2025-07-22T13:33:40","slug":"encarecimiento-del-chocolate-en-mexico-precios-suben-hasta-20-por-crisis-global-de-cacao","status":"publish","type":"post","link":"https:\/\/fuentesfidedignas.com.mx\/index.php\/2025\/07\/22\/encarecimiento-del-chocolate-en-mexico-precios-suben-hasta-20-por-crisis-global-de-cacao\/","title":{"rendered":"Encarecimiento del chocolate en M\u00e9xico: Precios suben hasta 20% por crisis global de cacao"},"content":{"rendered":"\n<p><\/p>\n\n\n\n<p><strong><em>La tonelada de cacao pas\u00f3 de 4,000 d\u00f3lares en 2023 a un pico de 12,000 d\u00f3lares, estabiliz\u00e1ndose ahora en 8,400 d\u00f3lares<\/em><\/strong><\/p>\n\n\n\n<p>El precio del chocolate en M\u00e9xico ha registrado un aumento acumulado de hasta 20% en los \u00faltimos 18 meses, impulsado por una escasez hist\u00f3rica de cacao a nivel global, revel\u00f3 la Asociaci\u00f3n Nacional de Fabricantes de Chocolates (ASCHOCO).<\/p>\n\n\n\n<p>Crisis en \u00c1frica golpea al mercado<br>Paolo Quadrini, director general de ASCHOCO, detall\u00f3 que el 70% de la producci\u00f3n mundial \u2013que asciende a 5 millones de toneladas anuales\u2013 proviene de pa\u00edses africanos como Ghana, donde desde 2023 se enfrentan cambios clim\u00e1ticos, deforestaci\u00f3n y plagas que redujeron la oferta. Esta situaci\u00f3n dispar\u00f3 los precios: la tonelada de cacao pas\u00f3 de 4,000 d\u00f3lares en 2023 a un pico de 12,000 d\u00f3lares, estabiliz\u00e1ndose ahora en 8,400 d\u00f3lares.<\/p>\n\n\n\n<h2 class=\"wp-block-heading ei-articleBodyHeading__StyledHeading-sc-11axkf8-0 ksJtGZ ei-heading\"><strong>Estrategias para amortiguar el impacto<\/strong><\/h2>\n\n\n\n<p class=\"ei-articleBody__StyledText-sc-1wmd47a-1 gXgyFY body-paragraph ei-article-body-text\">Ante el alza, la industria mexicana ha implementado medidas para proteger al consumidor:<\/p>\n\n\n\n<ul class=\"wp-block-list list__StyledUnorderedList-sc-5rk09c-2 rJagZ list-unordered-list\">\n<li><strong>Redise\u00f1o de empaques<\/strong>\u00a0y ajustes en gramajes<\/li>\n\n\n\n<li><strong>Promoci\u00f3n de l\u00edneas veganas<\/strong>\u00a0y productos con menos az\u00facar<\/li>\n\n\n\n<li><strong>Canales alternativos<\/strong>\u00a0como ventas en l\u00ednea<\/li>\n<\/ul>\n\n\n\n<p>\u201cLas grandes empresas tienen mayor capacidad de absorber costos, pero las&nbsp;<strong>mipymes<\/strong>&nbsp;deben ajustar precios m\u00e1s r\u00e1pido&#8221;, explic\u00f3 Quadrini a La Jornada. Pese a ello, no se reportan cierres de negocios, aunque el sector \u2013que genera&nbsp;<strong>50,000 mdp anuales<\/strong>&nbsp;y&nbsp;<strong>60,000 empleos directos<\/strong>\u2013 enfrenta desaf\u00edos.<\/p>\n\n\n\n<h3 class=\"wp-block-heading ei-articleBodyHeading__StyledHeading-sc-11axkf8-0 ksJtGZ ei-heading\"><strong>M\u00e9xico: Potencial desaprovechado<\/strong><\/h3>\n\n\n\n<p class=\"ei-articleBody__StyledText-sc-1wmd47a-1 gXgyFY body-paragraph ei-article-body-text\">Aunque el cacao es originario del pa\u00eds, M\u00e9xico ocupa el&nbsp;<strong>lugar 13<\/strong>&nbsp;en producci\u00f3n mundial, con&nbsp;<strong>27,000 toneladas anuales<\/strong>&nbsp;(85% concentradas en&nbsp;<strong>Tabasco y Chiapas<\/strong>). La producci\u00f3n ha ca\u00eddo dr\u00e1sticamente desde hace dos d\u00e9cadas, cuando promediaba&nbsp;<strong>40,000-45,000 toneladas<\/strong>. Quadrini destac\u00f3 que&nbsp;<strong>programas de apoyo a productores<\/strong>&nbsp;comienzan a revertir esta tendencia.<\/p>\n\n\n\n<p class=\"ei-articleBody__StyledText-sc-1wmd47a-1 gXgyFY body-paragraph ei-article-body-text\"><strong>Consecuencias para el consumidor<\/strong><\/p>\n\n\n\n<ul class=\"wp-block-list list__StyledUnorderedList-sc-5rk09c-2 rJagZ list-unordered-list\">\n<li>Chocolates comerciales con\u00a0<strong>menor contenido de cacao<\/strong><\/li>\n\n\n\n<li>Aumentos m\u00e1s pronunciados en\u00a0<strong>productos artesanales<\/strong><\/li>\n\n\n\n<li>Mayor promoci\u00f3n de\u00a0<strong>alternativas con sustitutos<\/strong>\u00a0como cocoa o mezclas vegetales<\/li>\n<\/ul>\n\n\n\n<p class=\"ei-articleBody__StyledText-sc-1wmd47a-1 gXgyFY body-paragraph ei-article-body-text\">Mientras la crisis global persista, la industria prev\u00e9 que los precios se mantendr\u00e1n&nbsp;<strong>vol\u00e1tiles<\/strong>, lo que podr\u00eda acelerar la innovaci\u00f3n en f\u00f3rmulas y el impulso a la producci\u00f3n nacional.<\/p>\n","protected":false},"excerpt":{"rendered":"<p>La tonelada de cacao pas\u00f3 de 4,000 d\u00f3lares en 2023 a un pico de 12,000 d\u00f3lares, estabiliz\u00e1ndose ahora en 8,400 d\u00f3lares El precio del chocolate en M\u00e9xico ha registrado un aumento acumulado de hasta 20% en los \u00faltimos 18 meses, impulsado por una escasez hist\u00f3rica de cacao a nivel global, revel\u00f3 la Asociaci\u00f3n Nacional de [&hellip;]<\/p>\n","protected":false},"author":40,"featured_media":113400,"comment_status":"closed","ping_status":"open","sticky":false,"template":"","format":"standard","meta":{"tdm_status":"","tdm_grid_status":"","footnotes":""},"categories":[39],"tags":[],"class_list":{"0":"post-113401","1":"post","2":"type-post","3":"status-publish","4":"format-standard","5":"has-post-thumbnail","7":"category-noticias-nacionales"},"yoast_head":"<!-- This site is optimized with the Yoast SEO plugin v27.5 - https:\/\/yoast.com\/product\/yoast-seo-wordpress\/ -->\n<title>Encarecimiento del chocolate en M\u00e9xico: Precios suben hasta 20% por crisis global de cacao - Fuentes Fidedignas<\/title>\n<meta name=\"robots\" content=\"index, follow, max-snippet:-1, max-image-preview:large, max-video-preview:-1\" \/>\n<link rel=\"canonical\" href=\"https:\/\/fuentesfidedignas.com.mx\/index.php\/2025\/07\/22\/encarecimiento-del-chocolate-en-mexico-precios-suben-hasta-20-por-crisis-global-de-cacao\/\" \/>\n<meta property=\"og:locale\" content=\"es_MX\" \/>\n<meta property=\"og:type\" content=\"article\" \/>\n<meta property=\"og:title\" content=\"Encarecimiento del chocolate en M\u00e9xico: Precios suben hasta 20% por crisis global de cacao - Fuentes Fidedignas\" \/>\n<meta property=\"og:description\" content=\"La tonelada de cacao pas\u00f3 de 4,000 d\u00f3lares en 2023 a un pico de 12,000 d\u00f3lares, estabiliz\u00e1ndose ahora en 8,400 d\u00f3lares El precio del chocolate en M\u00e9xico ha registrado un aumento acumulado de hasta 20% en los \u00faltimos 18 meses, impulsado por una escasez hist\u00f3rica de cacao a nivel global, revel\u00f3 la Asociaci\u00f3n Nacional de [&hellip;]\" \/>\n<meta property=\"og:url\" content=\"https:\/\/fuentesfidedignas.com.mx\/index.php\/2025\/07\/22\/encarecimiento-del-chocolate-en-mexico-precios-suben-hasta-20-por-crisis-global-de-cacao\/\" \/>\n<meta property=\"og:site_name\" content=\"Fuentes Fidedignas\" \/>\n<meta property=\"article:publisher\" content=\"https:\/\/www.facebook.com\/Fuentes-Fidedignas-368234489921644\" \/>\n<meta property=\"article:published_time\" content=\"2025-07-22T13:33:40+00:00\" \/>\n<meta property=\"og:image\" content=\"https:\/\/fuentesfidedignas.com.mx\/wp-content\/uploads\/2025\/07\/img_2503.jpg\" \/>\n\t<meta property=\"og:image:width\" content=\"768\" \/>\n\t<meta property=\"og:image:height\" content=\"512\" \/>\n\t<meta property=\"og:image:type\" content=\"image\/jpeg\" \/>\n<meta name=\"author\" content=\"El Imparcial\" \/>\n<meta name=\"twitter:card\" content=\"summary_large_image\" \/>\n<meta name=\"twitter:creator\" content=\"@fidedignas\" \/>\n<meta name=\"twitter:site\" content=\"@fidedignas\" \/>\n<meta name=\"twitter:label1\" content=\"Escrito por\" \/>\n\t<meta name=\"twitter:data1\" content=\"El Imparcial\" \/>\n\t<meta name=\"twitter:label2\" content=\"Tiempo de lectura\" \/>\n\t<meta name=\"twitter:data2\" content=\"2 minutos\" \/>\n<script type=\"application\/ld+json\" class=\"yoast-schema-graph\">{\"@context\":\"https:\\\/\\\/schema.org\",\"@graph\":[{\"@type\":\"Article\",\"@id\":\"https:\\\/\\\/fuentesfidedignas.com.mx\\\/index.php\\\/2025\\\/07\\\/22\\\/encarecimiento-del-chocolate-en-mexico-precios-suben-hasta-20-por-crisis-global-de-cacao\\\/#article\",\"isPartOf\":{\"@id\":\"https:\\\/\\\/fuentesfidedignas.com.mx\\\/index.php\\\/2025\\\/07\\\/22\\\/encarecimiento-del-chocolate-en-mexico-precios-suben-hasta-20-por-crisis-global-de-cacao\\\/\"},\"author\":{\"name\":\"El Imparcial\",\"@id\":\"https:\\\/\\\/fuentesfidedignas.com.mx\\\/#\\\/schema\\\/person\\\/ff4db17f8fd9c584e0cfc2a0c436b8a1\"},\"headline\":\"Encarecimiento del chocolate en M\u00e9xico: Precios suben hasta 20% por crisis global de cacao\",\"datePublished\":\"2025-07-22T13:33:40+00:00\",\"mainEntityOfPage\":{\"@id\":\"https:\\\/\\\/fuentesfidedignas.com.mx\\\/index.php\\\/2025\\\/07\\\/22\\\/encarecimiento-del-chocolate-en-mexico-precios-suben-hasta-20-por-crisis-global-de-cacao\\\/\"},\"wordCount\":378,\"publisher\":{\"@id\":\"https:\\\/\\\/fuentesfidedignas.com.mx\\\/#organization\"},\"image\":{\"@id\":\"https:\\\/\\\/fuentesfidedignas.com.mx\\\/index.php\\\/2025\\\/07\\\/22\\\/encarecimiento-del-chocolate-en-mexico-precios-suben-hasta-20-por-crisis-global-de-cacao\\\/#primaryimage\"},\"thumbnailUrl\":\"https:\\\/\\\/fuentesfidedignas.com.mx\\\/wp-content\\\/uploads\\\/2025\\\/07\\\/img_2503.jpg\",\"articleSection\":[\"NOTICIAS NACIONALES\"],\"inLanguage\":\"es\"},{\"@type\":\"WebPage\",\"@id\":\"https:\\\/\\\/fuentesfidedignas.com.mx\\\/index.php\\\/2025\\\/07\\\/22\\\/encarecimiento-del-chocolate-en-mexico-precios-suben-hasta-20-por-crisis-global-de-cacao\\\/\",\"url\":\"https:\\\/\\\/fuentesfidedignas.com.mx\\\/index.php\\\/2025\\\/07\\\/22\\\/encarecimiento-del-chocolate-en-mexico-precios-suben-hasta-20-por-crisis-global-de-cacao\\\/\",\"name\":\"Encarecimiento del chocolate en M\u00e9xico: Precios suben hasta 20% por crisis global de cacao - Fuentes Fidedignas\",\"isPartOf\":{\"@id\":\"https:\\\/\\\/fuentesfidedignas.com.mx\\\/#website\"},\"primaryImageOfPage\":{\"@id\":\"https:\\\/\\\/fuentesfidedignas.com.mx\\\/index.php\\\/2025\\\/07\\\/22\\\/encarecimiento-del-chocolate-en-mexico-precios-suben-hasta-20-por-crisis-global-de-cacao\\\/#primaryimage\"},\"image\":{\"@id\":\"https:\\\/\\\/fuentesfidedignas.com.mx\\\/index.php\\\/2025\\\/07\\\/22\\\/encarecimiento-del-chocolate-en-mexico-precios-suben-hasta-20-por-crisis-global-de-cacao\\\/#primaryimage\"},\"thumbnailUrl\":\"https:\\\/\\\/fuentesfidedignas.com.mx\\\/wp-content\\\/uploads\\\/2025\\\/07\\\/img_2503.jpg\",\"datePublished\":\"2025-07-22T13:33:40+00:00\",\"breadcrumb\":{\"@id\":\"https:\\\/\\\/fuentesfidedignas.com.mx\\\/index.php\\\/2025\\\/07\\\/22\\\/encarecimiento-del-chocolate-en-mexico-precios-suben-hasta-20-por-crisis-global-de-cacao\\\/#breadcrumb\"},\"inLanguage\":\"es\",\"potentialAction\":[{\"@type\":\"ReadAction\",\"target\":[\"https:\\\/\\\/fuentesfidedignas.com.mx\\\/index.php\\\/2025\\\/07\\\/22\\\/encarecimiento-del-chocolate-en-mexico-precios-suben-hasta-20-por-crisis-global-de-cacao\\\/\"]}]},{\"@type\":\"ImageObject\",\"inLanguage\":\"es\",\"@id\":\"https:\\\/\\\/fuentesfidedignas.com.mx\\\/index.php\\\/2025\\\/07\\\/22\\\/encarecimiento-del-chocolate-en-mexico-precios-suben-hasta-20-por-crisis-global-de-cacao\\\/#primaryimage\",\"url\":\"https:\\\/\\\/fuentesfidedignas.com.mx\\\/wp-content\\\/uploads\\\/2025\\\/07\\\/img_2503.jpg\",\"contentUrl\":\"https:\\\/\\\/fuentesfidedignas.com.mx\\\/wp-content\\\/uploads\\\/2025\\\/07\\\/img_2503.jpg\",\"width\":768,\"height\":512},{\"@type\":\"BreadcrumbList\",\"@id\":\"https:\\\/\\\/fuentesfidedignas.com.mx\\\/index.php\\\/2025\\\/07\\\/22\\\/encarecimiento-del-chocolate-en-mexico-precios-suben-hasta-20-por-crisis-global-de-cacao\\\/#breadcrumb\",\"itemListElement\":[{\"@type\":\"ListItem\",\"position\":1,\"name\":\"Inicio\",\"item\":\"https:\\\/\\\/fuentesfidedignas.com.mx\\\/\"},{\"@type\":\"ListItem\",\"position\":2,\"name\":\"Encarecimiento del chocolate en M\u00e9xico: Precios suben hasta 20% por crisis global de cacao\"}]},{\"@type\":\"WebSite\",\"@id\":\"https:\\\/\\\/fuentesfidedignas.com.mx\\\/#website\",\"url\":\"https:\\\/\\\/fuentesfidedignas.com.mx\\\/\",\"name\":\"Fuentes Fidedignas\",\"description\":\"Otro sitio realizado con WordPress\",\"publisher\":{\"@id\":\"https:\\\/\\\/fuentesfidedignas.com.mx\\\/#organization\"},\"potentialAction\":[{\"@type\":\"SearchAction\",\"target\":{\"@type\":\"EntryPoint\",\"urlTemplate\":\"https:\\\/\\\/fuentesfidedignas.com.mx\\\/?s={search_term_string}\"},\"query-input\":{\"@type\":\"PropertyValueSpecification\",\"valueRequired\":true,\"valueName\":\"search_term_string\"}}],\"inLanguage\":\"es\"},{\"@type\":\"Organization\",\"@id\":\"https:\\\/\\\/fuentesfidedignas.com.mx\\\/#organization\",\"name\":\"Fuentes Fidedignas\",\"url\":\"https:\\\/\\\/fuentesfidedignas.com.mx\\\/\",\"logo\":{\"@type\":\"ImageObject\",\"inLanguage\":\"es\",\"@id\":\"https:\\\/\\\/fuentesfidedignas.com.mx\\\/#\\\/schema\\\/logo\\\/image\\\/\",\"url\":\"https:\\\/\\\/fuentesfidedignas.com.mx\\\/wp-content\\\/uploads\\\/2021\\\/04\\\/logo-retina.png\",\"contentUrl\":\"https:\\\/\\\/fuentesfidedignas.com.mx\\\/wp-content\\\/uploads\\\/2021\\\/04\\\/logo-retina.png\",\"width\":280,\"height\":51,\"caption\":\"Fuentes Fidedignas\"},\"image\":{\"@id\":\"https:\\\/\\\/fuentesfidedignas.com.mx\\\/#\\\/schema\\\/logo\\\/image\\\/\"},\"sameAs\":[\"https:\\\/\\\/www.facebook.com\\\/Fuentes-Fidedignas-368234489921644\",\"https:\\\/\\\/x.com\\\/fidedignas\"]},{\"@type\":\"Person\",\"@id\":\"https:\\\/\\\/fuentesfidedignas.com.mx\\\/#\\\/schema\\\/person\\\/ff4db17f8fd9c584e0cfc2a0c436b8a1\",\"name\":\"El Imparcial\",\"image\":{\"@type\":\"ImageObject\",\"inLanguage\":\"es\",\"@id\":\"https:\\\/\\\/secure.gravatar.com\\\/avatar\\\/accd6807585a75316c237ee783498317be6f66ab34c47c940966f26a3f613161?s=96&d=mm&r=g\",\"url\":\"https:\\\/\\\/secure.gravatar.com\\\/avatar\\\/accd6807585a75316c237ee783498317be6f66ab34c47c940966f26a3f613161?s=96&d=mm&r=g\",\"contentUrl\":\"https:\\\/\\\/secure.gravatar.com\\\/avatar\\\/accd6807585a75316c237ee783498317be6f66ab34c47c940966f26a3f613161?s=96&d=mm&r=g\",\"caption\":\"El Imparcial\"},\"url\":\"https:\\\/\\\/fuentesfidedignas.com.mx\\\/index.php\\\/author\\\/imparcial\\\/\"}]}<\/script>\n<!-- \/ Yoast SEO plugin. -->","yoast_head_json":{"title":"Encarecimiento del chocolate en M\u00e9xico: Precios suben hasta 20% por crisis global de cacao - Fuentes Fidedignas","robots":{"index":"index","follow":"follow","max-snippet":"max-snippet:-1","max-image-preview":"max-image-preview:large","max-video-preview":"max-video-preview:-1"},"canonical":"https:\/\/fuentesfidedignas.com.mx\/index.php\/2025\/07\/22\/encarecimiento-del-chocolate-en-mexico-precios-suben-hasta-20-por-crisis-global-de-cacao\/","og_locale":"es_MX","og_type":"article","og_title":"Encarecimiento del chocolate en M\u00e9xico: Precios suben hasta 20% por crisis global de cacao - Fuentes Fidedignas","og_description":"La tonelada de cacao pas\u00f3 de 4,000 d\u00f3lares en 2023 a un pico de 12,000 d\u00f3lares, estabiliz\u00e1ndose ahora en 8,400 d\u00f3lares El precio del chocolate en M\u00e9xico ha registrado un aumento acumulado de hasta 20% en los \u00faltimos 18 meses, impulsado por una escasez hist\u00f3rica de cacao a nivel global, revel\u00f3 la Asociaci\u00f3n Nacional de [&hellip;]","og_url":"https:\/\/fuentesfidedignas.com.mx\/index.php\/2025\/07\/22\/encarecimiento-del-chocolate-en-mexico-precios-suben-hasta-20-por-crisis-global-de-cacao\/","og_site_name":"Fuentes Fidedignas","article_publisher":"https:\/\/www.facebook.com\/Fuentes-Fidedignas-368234489921644","article_published_time":"2025-07-22T13:33:40+00:00","og_image":[{"width":768,"height":512,"url":"https:\/\/fuentesfidedignas.com.mx\/wp-content\/uploads\/2025\/07\/img_2503.jpg","type":"image\/jpeg"}],"author":"El Imparcial","twitter_card":"summary_large_image","twitter_creator":"@fidedignas","twitter_site":"@fidedignas","twitter_misc":{"Escrito por":"El Imparcial","Tiempo de lectura":"2 minutos"},"schema":{"@context":"https:\/\/schema.org","@graph":[{"@type":"Article","@id":"https:\/\/fuentesfidedignas.com.mx\/index.php\/2025\/07\/22\/encarecimiento-del-chocolate-en-mexico-precios-suben-hasta-20-por-crisis-global-de-cacao\/#article","isPartOf":{"@id":"https:\/\/fuentesfidedignas.com.mx\/index.php\/2025\/07\/22\/encarecimiento-del-chocolate-en-mexico-precios-suben-hasta-20-por-crisis-global-de-cacao\/"},"author":{"name":"El Imparcial","@id":"https:\/\/fuentesfidedignas.com.mx\/#\/schema\/person\/ff4db17f8fd9c584e0cfc2a0c436b8a1"},"headline":"Encarecimiento del chocolate en M\u00e9xico: Precios suben hasta 20% por crisis global de cacao","datePublished":"2025-07-22T13:33:40+00:00","mainEntityOfPage":{"@id":"https:\/\/fuentesfidedignas.com.mx\/index.php\/2025\/07\/22\/encarecimiento-del-chocolate-en-mexico-precios-suben-hasta-20-por-crisis-global-de-cacao\/"},"wordCount":378,"publisher":{"@id":"https:\/\/fuentesfidedignas.com.mx\/#organization"},"image":{"@id":"https:\/\/fuentesfidedignas.com.mx\/index.php\/2025\/07\/22\/encarecimiento-del-chocolate-en-mexico-precios-suben-hasta-20-por-crisis-global-de-cacao\/#primaryimage"},"thumbnailUrl":"https:\/\/fuentesfidedignas.com.mx\/wp-content\/uploads\/2025\/07\/img_2503.jpg","articleSection":["NOTICIAS NACIONALES"],"inLanguage":"es"},{"@type":"WebPage","@id":"https:\/\/fuentesfidedignas.com.mx\/index.php\/2025\/07\/22\/encarecimiento-del-chocolate-en-mexico-precios-suben-hasta-20-por-crisis-global-de-cacao\/","url":"https:\/\/fuentesfidedignas.com.mx\/index.php\/2025\/07\/22\/encarecimiento-del-chocolate-en-mexico-precios-suben-hasta-20-por-crisis-global-de-cacao\/","name":"Encarecimiento del chocolate en M\u00e9xico: Precios suben hasta 20% por crisis global de cacao - Fuentes Fidedignas","isPartOf":{"@id":"https:\/\/fuentesfidedignas.com.mx\/#website"},"primaryImageOfPage":{"@id":"https:\/\/fuentesfidedignas.com.mx\/index.php\/2025\/07\/22\/encarecimiento-del-chocolate-en-mexico-precios-suben-hasta-20-por-crisis-global-de-cacao\/#primaryimage"},"image":{"@id":"https:\/\/fuentesfidedignas.com.mx\/index.php\/2025\/07\/22\/encarecimiento-del-chocolate-en-mexico-precios-suben-hasta-20-por-crisis-global-de-cacao\/#primaryimage"},"thumbnailUrl":"https:\/\/fuentesfidedignas.com.mx\/wp-content\/uploads\/2025\/07\/img_2503.jpg","datePublished":"2025-07-22T13:33:40+00:00","breadcrumb":{"@id":"https:\/\/fuentesfidedignas.com.mx\/index.php\/2025\/07\/22\/encarecimiento-del-chocolate-en-mexico-precios-suben-hasta-20-por-crisis-global-de-cacao\/#breadcrumb"},"inLanguage":"es","potentialAction":[{"@type":"ReadAction","target":["https:\/\/fuentesfidedignas.com.mx\/index.php\/2025\/07\/22\/encarecimiento-del-chocolate-en-mexico-precios-suben-hasta-20-por-crisis-global-de-cacao\/"]}]},{"@type":"ImageObject","inLanguage":"es","@id":"https:\/\/fuentesfidedignas.com.mx\/index.php\/2025\/07\/22\/encarecimiento-del-chocolate-en-mexico-precios-suben-hasta-20-por-crisis-global-de-cacao\/#primaryimage","url":"https:\/\/fuentesfidedignas.com.mx\/wp-content\/uploads\/2025\/07\/img_2503.jpg","contentUrl":"https:\/\/fuentesfidedignas.com.mx\/wp-content\/uploads\/2025\/07\/img_2503.jpg","width":768,"height":512},{"@type":"BreadcrumbList","@id":"https:\/\/fuentesfidedignas.com.mx\/index.php\/2025\/07\/22\/encarecimiento-del-chocolate-en-mexico-precios-suben-hasta-20-por-crisis-global-de-cacao\/#breadcrumb","itemListElement":[{"@type":"ListItem","position":1,"name":"Inicio","item":"https:\/\/fuentesfidedignas.com.mx\/"},{"@type":"ListItem","position":2,"name":"Encarecimiento del chocolate en M\u00e9xico: Precios suben hasta 20% por crisis global de cacao"}]},{"@type":"WebSite","@id":"https:\/\/fuentesfidedignas.com.mx\/#website","url":"https:\/\/fuentesfidedignas.com.mx\/","name":"Fuentes Fidedignas","description":"Otro sitio realizado con WordPress","publisher":{"@id":"https:\/\/fuentesfidedignas.com.mx\/#organization"},"potentialAction":[{"@type":"SearchAction","target":{"@type":"EntryPoint","urlTemplate":"https:\/\/fuentesfidedignas.com.mx\/?s={search_term_string}"},"query-input":{"@type":"PropertyValueSpecification","valueRequired":true,"valueName":"search_term_string"}}],"inLanguage":"es"},{"@type":"Organization","@id":"https:\/\/fuentesfidedignas.com.mx\/#organization","name":"Fuentes Fidedignas","url":"https:\/\/fuentesfidedignas.com.mx\/","logo":{"@type":"ImageObject","inLanguage":"es","@id":"https:\/\/fuentesfidedignas.com.mx\/#\/schema\/logo\/image\/","url":"https:\/\/fuentesfidedignas.com.mx\/wp-content\/uploads\/2021\/04\/logo-retina.png","contentUrl":"https:\/\/fuentesfidedignas.com.mx\/wp-content\/uploads\/2021\/04\/logo-retina.png","width":280,"height":51,"caption":"Fuentes Fidedignas"},"image":{"@id":"https:\/\/fuentesfidedignas.com.mx\/#\/schema\/logo\/image\/"},"sameAs":["https:\/\/www.facebook.com\/Fuentes-Fidedignas-368234489921644","https:\/\/x.com\/fidedignas"]},{"@type":"Person","@id":"https:\/\/fuentesfidedignas.com.mx\/#\/schema\/person\/ff4db17f8fd9c584e0cfc2a0c436b8a1","name":"El Imparcial","image":{"@type":"ImageObject","inLanguage":"es","@id":"https:\/\/secure.gravatar.com\/avatar\/accd6807585a75316c237ee783498317be6f66ab34c47c940966f26a3f613161?s=96&d=mm&r=g","url":"https:\/\/secure.gravatar.com\/avatar\/accd6807585a75316c237ee783498317be6f66ab34c47c940966f26a3f613161?s=96&d=mm&r=g","contentUrl":"https:\/\/secure.gravatar.com\/avatar\/accd6807585a75316c237ee783498317be6f66ab34c47c940966f26a3f613161?s=96&d=mm&r=g","caption":"El Imparcial"},"url":"https:\/\/fuentesfidedignas.com.mx\/index.php\/author\/imparcial\/"}]}},"_links":{"self":[{"href":"https:\/\/fuentesfidedignas.com.mx\/index.php\/wp-json\/wp\/v2\/posts\/113401","targetHints":{"allow":["GET"]}}],"collection":[{"href":"https:\/\/fuentesfidedignas.com.mx\/index.php\/wp-json\/wp\/v2\/posts"}],"about":[{"href":"https:\/\/fuentesfidedignas.com.mx\/index.php\/wp-json\/wp\/v2\/types\/post"}],"author":[{"embeddable":true,"href":"https:\/\/fuentesfidedignas.com.mx\/index.php\/wp-json\/wp\/v2\/users\/40"}],"replies":[{"embeddable":true,"href":"https:\/\/fuentesfidedignas.com.mx\/index.php\/wp-json\/wp\/v2\/comments?post=113401"}],"version-history":[{"count":1,"href":"https:\/\/fuentesfidedignas.com.mx\/index.php\/wp-json\/wp\/v2\/posts\/113401\/revisions"}],"predecessor-version":[{"id":113402,"href":"https:\/\/fuentesfidedignas.com.mx\/index.php\/wp-json\/wp\/v2\/posts\/113401\/revisions\/113402"}],"wp:featuredmedia":[{"embeddable":true,"href":"https:\/\/fuentesfidedignas.com.mx\/index.php\/wp-json\/wp\/v2\/media\/113400"}],"wp:attachment":[{"href":"https:\/\/fuentesfidedignas.com.mx\/index.php\/wp-json\/wp\/v2\/media?parent=113401"}],"wp:term":[{"taxonomy":"category","embeddable":true,"href":"https:\/\/fuentesfidedignas.com.mx\/index.php\/wp-json\/wp\/v2\/categories?post=113401"},{"taxonomy":"post_tag","embeddable":true,"href":"https:\/\/fuentesfidedignas.com.mx\/index.php\/wp-json\/wp\/v2\/tags?post=113401"}],"curies":[{"name":"wp","href":"https:\/\/api.w.org\/{rel}","templated":true}]}}