{"id":113392,"date":"2025-07-22T06:18:46","date_gmt":"2025-07-22T13:18:46","guid":{"rendered":"https:\/\/fuentesfidedignas.com.mx\/?p=113392"},"modified":"2025-07-22T06:24:09","modified_gmt":"2025-07-22T13:24:09","slug":"periodista-descubre-por-accidente-el-cuerpo-de-una-nina-mientras-cubria-la-desaparicion-de-la-menor","status":"publish","type":"post","link":"https:\/\/fuentesfidedignas.com.mx\/index.php\/2025\/07\/22\/periodista-descubre-por-accidente-el-cuerpo-de-una-nina-mientras-cubria-la-desaparicion-de-la-menor\/","title":{"rendered":"Periodista descubre por accidente el cuerpo de una ni\u00f1a mientras cubr\u00eda la desaparici\u00f3n de la menor"},"content":{"rendered":"\n<p><\/p>\n\n\n\n<p><strong><em>Un periodista brasile\u00f1o descubri\u00f3 por accidente el cuerpo de una ni\u00f1a desaparecida mientras grababa en un r\u00ed<\/em><\/strong>o.<\/p>\n\n\n\n<p>La cobertura sobre una desaparici\u00f3n termin\u00f3 convirti\u00e9ndose en una escena que dif\u00edcilmente olvidar\u00e1 el periodista brasile\u00f1o&nbsp;<strong>Lenildo Fraz\u00e3o<\/strong>cuando, por accidente, termin\u00f3 haciendo un macabro hallazgo.<\/p>\n\n\n\n<p>Los hechos ocurrieron el pasado 30 de junio, mientras realizaba un reportaje en el r\u00edo Mearim, en el municipio de&nbsp;<strong>Bacabal<\/strong>, al noreste de Brasil, cuando el comunicador&nbsp;<strong>pis\u00f3 accidentalmente el cuerpo sin vida de Ra\u00edssa<\/strong>,&nbsp;<strong>una ni\u00f1a de 13 a\u00f1os que hab\u00eda sido reportada como desaparecida.<\/strong><\/p>\n\n\n\n<p><strong>Fraz\u00e3o y su equipo recorr\u00edan el \u00e1rea donde la menor fue vista por \u00faltima vez<\/strong>, el objetivo era documentar las condiciones del r\u00edo y apoyar, desde el periodismo, la b\u00fasqueda que manten\u00eda en vilo a la comunidad, sin embargo, en plena grabaci\u00f3n, un estremecedor momento cambi\u00f3 todo.<\/p>\n\n\n\n<figure class=\"wp-block-embed is-type-rich is-provider-twitter wp-block-embed-twitter\"><div class=\"wp-block-embed__wrapper\">\n<blockquote class=\"twitter-tweet\" data-width=\"550\" data-dnt=\"true\"><p lang=\"pt\" dir=\"ltr\">\ud83d\udd4a\ufe0f Rep\u00f3rter encontra corpo de adolescente desaparecida durante grava\u00e7\u00e3o no Maranh\u00e3o<br><br>O rep\u00f3rter Lenildo Fraz\u00e3o viveu um momento chocante enquanto gravava uma mat\u00e9ria sobre o desaparecimento de Ra\u00edssa, de 13 anos, que havia se afogado no Rio Mearim, em Bacabal (MA). <a href=\"https:\/\/t.co\/Qbv93OA2Fx\">pic.twitter.com\/Qbv93OA2Fx<\/a><\/p>&mdash; Paiquer\u00ea Fm 98.9 (@radiopaiquerefm) <a href=\"https:\/\/twitter.com\/radiopaiquerefm\/status\/1945103272160739704?ref_src=twsrc%5Etfw\">July 15, 2025<\/a><\/blockquote><script async src=\"https:\/\/platform.twitter.com\/widgets.js\" charset=\"utf-8\"><\/script>\n<\/div><\/figure>\n\n\n\n<blockquote class=\"wp-block-quote is-layout-flow wp-block-quote-is-layout-flow\">\n<p>&#8220;Creo que hay algo aqu\u00ed abajo. Parec\u00eda un brazo. \u00bfPodr\u00eda ser ella?&#8221;, dijo el periodista en voz alta, visiblemente afectado.<\/p>\n<\/blockquote>\n\n\n\n<p>El instante qued\u00f3 registrado en video y, como era de esperarse,&nbsp;<strong>se viraliz\u00f3 en redes sociales<\/strong>luego de que las im\u00e1genes mostraron a&nbsp;<strong>Fraz\u00e3o retrocediendo con una mezcla de miedo y shock tras sentir que hab\u00eda pisado algo anormal bajo el agua<\/strong>&nbsp;lo que le produjo una escalofriante reacci\u00f3n.<\/p>\n\n\n\n<blockquote class=\"wp-block-quote is-layout-flow wp-block-quote-is-layout-flow\">\n<p>\u201cNo, no voy. Tengo miedo\u201d, alcanz\u00f3 a decir, mientras intentaba recomponerse.<\/p>\n<\/blockquote>\n","protected":false},"excerpt":{"rendered":"<p>Un periodista brasile\u00f1o descubri\u00f3 por accidente el cuerpo de una ni\u00f1a desaparecida mientras grababa en un r\u00edo. La cobertura sobre una desaparici\u00f3n termin\u00f3 convirti\u00e9ndose en una escena que dif\u00edcilmente olvidar\u00e1 el periodista brasile\u00f1o&nbsp;Lenildo Fraz\u00e3ocuando, por accidente, termin\u00f3 haciendo un macabro hallazgo. Los hechos ocurrieron el pasado 30 de junio, mientras realizaba un reportaje en el [&hellip;]<\/p>\n","protected":false},"author":7,"featured_media":113391,"comment_status":"closed","ping_status":"open","sticky":false,"template":"","format":"standard","meta":{"tdm_status":"","tdm_grid_status":"","footnotes":""},"categories":[40],"tags":[],"class_list":{"0":"post-113392","1":"post","2":"type-post","3":"status-publish","4":"format-standard","5":"has-post-thumbnail","7":"category-las-asombrosas"},"yoast_head":"<!-- This site is optimized with the Yoast SEO plugin v27.5 - https:\/\/yoast.com\/product\/yoast-seo-wordpress\/ -->\n<title>Periodista descubre por accidente el cuerpo de una ni\u00f1a mientras cubr\u00eda la desaparici\u00f3n de la menor - Fuentes Fidedignas<\/title>\n<meta name=\"robots\" content=\"index, follow, max-snippet:-1, max-image-preview:large, max-video-preview:-1\" \/>\n<link rel=\"canonical\" href=\"https:\/\/fuentesfidedignas.com.mx\/index.php\/2025\/07\/22\/periodista-descubre-por-accidente-el-cuerpo-de-una-nina-mientras-cubria-la-desaparicion-de-la-menor\/\" \/>\n<meta property=\"og:locale\" content=\"es_MX\" \/>\n<meta property=\"og:type\" content=\"article\" \/>\n<meta property=\"og:title\" content=\"Periodista descubre por accidente el cuerpo de una ni\u00f1a mientras cubr\u00eda la desaparici\u00f3n de la menor - Fuentes Fidedignas\" \/>\n<meta property=\"og:description\" content=\"Un periodista brasile\u00f1o descubri\u00f3 por accidente el cuerpo de una ni\u00f1a desaparecida mientras grababa en un r\u00edo. La cobertura sobre una desaparici\u00f3n termin\u00f3 convirti\u00e9ndose en una escena que dif\u00edcilmente olvidar\u00e1 el periodista brasile\u00f1o&nbsp;Lenildo Fraz\u00e3ocuando, por accidente, termin\u00f3 haciendo un macabro hallazgo. Los hechos ocurrieron el pasado 30 de junio, mientras realizaba un reportaje en el [&hellip;]\" \/>\n<meta property=\"og:url\" content=\"https:\/\/fuentesfidedignas.com.mx\/index.php\/2025\/07\/22\/periodista-descubre-por-accidente-el-cuerpo-de-una-nina-mientras-cubria-la-desaparicion-de-la-menor\/\" \/>\n<meta property=\"og:site_name\" content=\"Fuentes Fidedignas\" \/>\n<meta property=\"article:publisher\" content=\"https:\/\/www.facebook.com\/Fuentes-Fidedignas-368234489921644\" \/>\n<meta property=\"article:published_time\" content=\"2025-07-22T13:18:46+00:00\" \/>\n<meta property=\"article:modified_time\" content=\"2025-07-22T13:24:09+00:00\" \/>\n<meta property=\"og:image\" content=\"https:\/\/fuentesfidedignas.com.mx\/wp-content\/uploads\/2025\/07\/img_2501.jpg\" \/>\n\t<meta property=\"og:image:width\" content=\"380\" \/>\n\t<meta property=\"og:image:height\" content=\"308\" \/>\n\t<meta property=\"og:image:type\" content=\"image\/jpeg\" \/>\n<meta name=\"author\" content=\"Exc\u00e9lsior\" \/>\n<meta name=\"twitter:card\" content=\"summary_large_image\" \/>\n<meta name=\"twitter:creator\" content=\"@fidedignas\" \/>\n<meta name=\"twitter:site\" content=\"@fidedignas\" \/>\n<meta name=\"twitter:label1\" content=\"Escrito por\" \/>\n\t<meta name=\"twitter:data1\" content=\"Exc\u00e9lsior\" \/>\n\t<meta name=\"twitter:label2\" content=\"Tiempo de lectura\" \/>\n\t<meta name=\"twitter:data2\" content=\"1 minuto\" \/>\n<script type=\"application\/ld+json\" class=\"yoast-schema-graph\">{\"@context\":\"https:\\\/\\\/schema.org\",\"@graph\":[{\"@type\":\"Article\",\"@id\":\"https:\\\/\\\/fuentesfidedignas.com.mx\\\/index.php\\\/2025\\\/07\\\/22\\\/periodista-descubre-por-accidente-el-cuerpo-de-una-nina-mientras-cubria-la-desaparicion-de-la-menor\\\/#article\",\"isPartOf\":{\"@id\":\"https:\\\/\\\/fuentesfidedignas.com.mx\\\/index.php\\\/2025\\\/07\\\/22\\\/periodista-descubre-por-accidente-el-cuerpo-de-una-nina-mientras-cubria-la-desaparicion-de-la-menor\\\/\"},\"author\":{\"name\":\"Exc\u00e9lsior\",\"@id\":\"https:\\\/\\\/fuentesfidedignas.com.mx\\\/#\\\/schema\\\/person\\\/ec4edd1fbf5efa3e44fce34fe2787780\"},\"headline\":\"Periodista descubre por accidente el cuerpo de una ni\u00f1a mientras cubr\u00eda la desaparici\u00f3n de la menor\",\"datePublished\":\"2025-07-22T13:18:46+00:00\",\"dateModified\":\"2025-07-22T13:24:09+00:00\",\"mainEntityOfPage\":{\"@id\":\"https:\\\/\\\/fuentesfidedignas.com.mx\\\/index.php\\\/2025\\\/07\\\/22\\\/periodista-descubre-por-accidente-el-cuerpo-de-una-nina-mientras-cubria-la-desaparicion-de-la-menor\\\/\"},\"wordCount\":301,\"publisher\":{\"@id\":\"https:\\\/\\\/fuentesfidedignas.com.mx\\\/#organization\"},\"image\":{\"@id\":\"https:\\\/\\\/fuentesfidedignas.com.mx\\\/index.php\\\/2025\\\/07\\\/22\\\/periodista-descubre-por-accidente-el-cuerpo-de-una-nina-mientras-cubria-la-desaparicion-de-la-menor\\\/#primaryimage\"},\"thumbnailUrl\":\"https:\\\/\\\/fuentesfidedignas.com.mx\\\/wp-content\\\/uploads\\\/2025\\\/07\\\/img_2501.jpg\",\"articleSection\":[\"LAS ASOMBROSAS\"],\"inLanguage\":\"es\"},{\"@type\":\"WebPage\",\"@id\":\"https:\\\/\\\/fuentesfidedignas.com.mx\\\/index.php\\\/2025\\\/07\\\/22\\\/periodista-descubre-por-accidente-el-cuerpo-de-una-nina-mientras-cubria-la-desaparicion-de-la-menor\\\/\",\"url\":\"https:\\\/\\\/fuentesfidedignas.com.mx\\\/index.php\\\/2025\\\/07\\\/22\\\/periodista-descubre-por-accidente-el-cuerpo-de-una-nina-mientras-cubria-la-desaparicion-de-la-menor\\\/\",\"name\":\"Periodista descubre por accidente el cuerpo de una ni\u00f1a mientras cubr\u00eda la desaparici\u00f3n de la menor - Fuentes Fidedignas\",\"isPartOf\":{\"@id\":\"https:\\\/\\\/fuentesfidedignas.com.mx\\\/#website\"},\"primaryImageOfPage\":{\"@id\":\"https:\\\/\\\/fuentesfidedignas.com.mx\\\/index.php\\\/2025\\\/07\\\/22\\\/periodista-descubre-por-accidente-el-cuerpo-de-una-nina-mientras-cubria-la-desaparicion-de-la-menor\\\/#primaryimage\"},\"image\":{\"@id\":\"https:\\\/\\\/fuentesfidedignas.com.mx\\\/index.php\\\/2025\\\/07\\\/22\\\/periodista-descubre-por-accidente-el-cuerpo-de-una-nina-mientras-cubria-la-desaparicion-de-la-menor\\\/#primaryimage\"},\"thumbnailUrl\":\"https:\\\/\\\/fuentesfidedignas.com.mx\\\/wp-content\\\/uploads\\\/2025\\\/07\\\/img_2501.jpg\",\"datePublished\":\"2025-07-22T13:18:46+00:00\",\"dateModified\":\"2025-07-22T13:24:09+00:00\",\"breadcrumb\":{\"@id\":\"https:\\\/\\\/fuentesfidedignas.com.mx\\\/index.php\\\/2025\\\/07\\\/22\\\/periodista-descubre-por-accidente-el-cuerpo-de-una-nina-mientras-cubria-la-desaparicion-de-la-menor\\\/#breadcrumb\"},\"inLanguage\":\"es\",\"potentialAction\":[{\"@type\":\"ReadAction\",\"target\":[\"https:\\\/\\\/fuentesfidedignas.com.mx\\\/index.php\\\/2025\\\/07\\\/22\\\/periodista-descubre-por-accidente-el-cuerpo-de-una-nina-mientras-cubria-la-desaparicion-de-la-menor\\\/\"]}]},{\"@type\":\"ImageObject\",\"inLanguage\":\"es\",\"@id\":\"https:\\\/\\\/fuentesfidedignas.com.mx\\\/index.php\\\/2025\\\/07\\\/22\\\/periodista-descubre-por-accidente-el-cuerpo-de-una-nina-mientras-cubria-la-desaparicion-de-la-menor\\\/#primaryimage\",\"url\":\"https:\\\/\\\/fuentesfidedignas.com.mx\\\/wp-content\\\/uploads\\\/2025\\\/07\\\/img_2501.jpg\",\"contentUrl\":\"https:\\\/\\\/fuentesfidedignas.com.mx\\\/wp-content\\\/uploads\\\/2025\\\/07\\\/img_2501.jpg\",\"width\":380,\"height\":308},{\"@type\":\"BreadcrumbList\",\"@id\":\"https:\\\/\\\/fuentesfidedignas.com.mx\\\/index.php\\\/2025\\\/07\\\/22\\\/periodista-descubre-por-accidente-el-cuerpo-de-una-nina-mientras-cubria-la-desaparicion-de-la-menor\\\/#breadcrumb\",\"itemListElement\":[{\"@type\":\"ListItem\",\"position\":1,\"name\":\"Inicio\",\"item\":\"https:\\\/\\\/fuentesfidedignas.com.mx\\\/\"},{\"@type\":\"ListItem\",\"position\":2,\"name\":\"Periodista descubre por accidente el cuerpo de una ni\u00f1a mientras cubr\u00eda la desaparici\u00f3n de la menor\"}]},{\"@type\":\"WebSite\",\"@id\":\"https:\\\/\\\/fuentesfidedignas.com.mx\\\/#website\",\"url\":\"https:\\\/\\\/fuentesfidedignas.com.mx\\\/\",\"name\":\"Fuentes Fidedignas\",\"description\":\"Otro sitio realizado con WordPress\",\"publisher\":{\"@id\":\"https:\\\/\\\/fuentesfidedignas.com.mx\\\/#organization\"},\"potentialAction\":[{\"@type\":\"SearchAction\",\"target\":{\"@type\":\"EntryPoint\",\"urlTemplate\":\"https:\\\/\\\/fuentesfidedignas.com.mx\\\/?s={search_term_string}\"},\"query-input\":{\"@type\":\"PropertyValueSpecification\",\"valueRequired\":true,\"valueName\":\"search_term_string\"}}],\"inLanguage\":\"es\"},{\"@type\":\"Organization\",\"@id\":\"https:\\\/\\\/fuentesfidedignas.com.mx\\\/#organization\",\"name\":\"Fuentes Fidedignas\",\"url\":\"https:\\\/\\\/fuentesfidedignas.com.mx\\\/\",\"logo\":{\"@type\":\"ImageObject\",\"inLanguage\":\"es\",\"@id\":\"https:\\\/\\\/fuentesfidedignas.com.mx\\\/#\\\/schema\\\/logo\\\/image\\\/\",\"url\":\"https:\\\/\\\/fuentesfidedignas.com.mx\\\/wp-content\\\/uploads\\\/2021\\\/04\\\/logo-retina.png\",\"contentUrl\":\"https:\\\/\\\/fuentesfidedignas.com.mx\\\/wp-content\\\/uploads\\\/2021\\\/04\\\/logo-retina.png\",\"width\":280,\"height\":51,\"caption\":\"Fuentes Fidedignas\"},\"image\":{\"@id\":\"https:\\\/\\\/fuentesfidedignas.com.mx\\\/#\\\/schema\\\/logo\\\/image\\\/\"},\"sameAs\":[\"https:\\\/\\\/www.facebook.com\\\/Fuentes-Fidedignas-368234489921644\",\"https:\\\/\\\/x.com\\\/fidedignas\"]},{\"@type\":\"Person\",\"@id\":\"https:\\\/\\\/fuentesfidedignas.com.mx\\\/#\\\/schema\\\/person\\\/ec4edd1fbf5efa3e44fce34fe2787780\",\"name\":\"Exc\u00e9lsior\",\"image\":{\"@type\":\"ImageObject\",\"inLanguage\":\"es\",\"@id\":\"https:\\\/\\\/secure.gravatar.com\\\/avatar\\\/4b7ee9206b48be08447852b3f0814dbc7c0f3b51541b164f1464a2725614020b?s=96&d=mm&r=g\",\"url\":\"https:\\\/\\\/secure.gravatar.com\\\/avatar\\\/4b7ee9206b48be08447852b3f0814dbc7c0f3b51541b164f1464a2725614020b?s=96&d=mm&r=g\",\"contentUrl\":\"https:\\\/\\\/secure.gravatar.com\\\/avatar\\\/4b7ee9206b48be08447852b3f0814dbc7c0f3b51541b164f1464a2725614020b?s=96&d=mm&r=g\",\"caption\":\"Exc\u00e9lsior\"},\"url\":\"https:\\\/\\\/fuentesfidedignas.com.mx\\\/index.php\\\/author\\\/excelsior\\\/\"}]}<\/script>\n<!-- \/ Yoast SEO plugin. -->","yoast_head_json":{"title":"Periodista descubre por accidente el cuerpo de una ni\u00f1a mientras cubr\u00eda la desaparici\u00f3n de la menor - Fuentes Fidedignas","robots":{"index":"index","follow":"follow","max-snippet":"max-snippet:-1","max-image-preview":"max-image-preview:large","max-video-preview":"max-video-preview:-1"},"canonical":"https:\/\/fuentesfidedignas.com.mx\/index.php\/2025\/07\/22\/periodista-descubre-por-accidente-el-cuerpo-de-una-nina-mientras-cubria-la-desaparicion-de-la-menor\/","og_locale":"es_MX","og_type":"article","og_title":"Periodista descubre por accidente el cuerpo de una ni\u00f1a mientras cubr\u00eda la desaparici\u00f3n de la menor - Fuentes Fidedignas","og_description":"Un periodista brasile\u00f1o descubri\u00f3 por accidente el cuerpo de una ni\u00f1a desaparecida mientras grababa en un r\u00edo. La cobertura sobre una desaparici\u00f3n termin\u00f3 convirti\u00e9ndose en una escena que dif\u00edcilmente olvidar\u00e1 el periodista brasile\u00f1o&nbsp;Lenildo Fraz\u00e3ocuando, por accidente, termin\u00f3 haciendo un macabro hallazgo. Los hechos ocurrieron el pasado 30 de junio, mientras realizaba un reportaje en el [&hellip;]","og_url":"https:\/\/fuentesfidedignas.com.mx\/index.php\/2025\/07\/22\/periodista-descubre-por-accidente-el-cuerpo-de-una-nina-mientras-cubria-la-desaparicion-de-la-menor\/","og_site_name":"Fuentes Fidedignas","article_publisher":"https:\/\/www.facebook.com\/Fuentes-Fidedignas-368234489921644","article_published_time":"2025-07-22T13:18:46+00:00","article_modified_time":"2025-07-22T13:24:09+00:00","og_image":[{"width":380,"height":308,"url":"https:\/\/fuentesfidedignas.com.mx\/wp-content\/uploads\/2025\/07\/img_2501.jpg","type":"image\/jpeg"}],"author":"Exc\u00e9lsior","twitter_card":"summary_large_image","twitter_creator":"@fidedignas","twitter_site":"@fidedignas","twitter_misc":{"Escrito por":"Exc\u00e9lsior","Tiempo de lectura":"1 minuto"},"schema":{"@context":"https:\/\/schema.org","@graph":[{"@type":"Article","@id":"https:\/\/fuentesfidedignas.com.mx\/index.php\/2025\/07\/22\/periodista-descubre-por-accidente-el-cuerpo-de-una-nina-mientras-cubria-la-desaparicion-de-la-menor\/#article","isPartOf":{"@id":"https:\/\/fuentesfidedignas.com.mx\/index.php\/2025\/07\/22\/periodista-descubre-por-accidente-el-cuerpo-de-una-nina-mientras-cubria-la-desaparicion-de-la-menor\/"},"author":{"name":"Exc\u00e9lsior","@id":"https:\/\/fuentesfidedignas.com.mx\/#\/schema\/person\/ec4edd1fbf5efa3e44fce34fe2787780"},"headline":"Periodista descubre por accidente el cuerpo de una ni\u00f1a mientras cubr\u00eda la desaparici\u00f3n de la menor","datePublished":"2025-07-22T13:18:46+00:00","dateModified":"2025-07-22T13:24:09+00:00","mainEntityOfPage":{"@id":"https:\/\/fuentesfidedignas.com.mx\/index.php\/2025\/07\/22\/periodista-descubre-por-accidente-el-cuerpo-de-una-nina-mientras-cubria-la-desaparicion-de-la-menor\/"},"wordCount":301,"publisher":{"@id":"https:\/\/fuentesfidedignas.com.mx\/#organization"},"image":{"@id":"https:\/\/fuentesfidedignas.com.mx\/index.php\/2025\/07\/22\/periodista-descubre-por-accidente-el-cuerpo-de-una-nina-mientras-cubria-la-desaparicion-de-la-menor\/#primaryimage"},"thumbnailUrl":"https:\/\/fuentesfidedignas.com.mx\/wp-content\/uploads\/2025\/07\/img_2501.jpg","articleSection":["LAS ASOMBROSAS"],"inLanguage":"es"},{"@type":"WebPage","@id":"https:\/\/fuentesfidedignas.com.mx\/index.php\/2025\/07\/22\/periodista-descubre-por-accidente-el-cuerpo-de-una-nina-mientras-cubria-la-desaparicion-de-la-menor\/","url":"https:\/\/fuentesfidedignas.com.mx\/index.php\/2025\/07\/22\/periodista-descubre-por-accidente-el-cuerpo-de-una-nina-mientras-cubria-la-desaparicion-de-la-menor\/","name":"Periodista descubre por accidente el cuerpo de una ni\u00f1a mientras cubr\u00eda la desaparici\u00f3n de la menor - Fuentes Fidedignas","isPartOf":{"@id":"https:\/\/fuentesfidedignas.com.mx\/#website"},"primaryImageOfPage":{"@id":"https:\/\/fuentesfidedignas.com.mx\/index.php\/2025\/07\/22\/periodista-descubre-por-accidente-el-cuerpo-de-una-nina-mientras-cubria-la-desaparicion-de-la-menor\/#primaryimage"},"image":{"@id":"https:\/\/fuentesfidedignas.com.mx\/index.php\/2025\/07\/22\/periodista-descubre-por-accidente-el-cuerpo-de-una-nina-mientras-cubria-la-desaparicion-de-la-menor\/#primaryimage"},"thumbnailUrl":"https:\/\/fuentesfidedignas.com.mx\/wp-content\/uploads\/2025\/07\/img_2501.jpg","datePublished":"2025-07-22T13:18:46+00:00","dateModified":"2025-07-22T13:24:09+00:00","breadcrumb":{"@id":"https:\/\/fuentesfidedignas.com.mx\/index.php\/2025\/07\/22\/periodista-descubre-por-accidente-el-cuerpo-de-una-nina-mientras-cubria-la-desaparicion-de-la-menor\/#breadcrumb"},"inLanguage":"es","potentialAction":[{"@type":"ReadAction","target":["https:\/\/fuentesfidedignas.com.mx\/index.php\/2025\/07\/22\/periodista-descubre-por-accidente-el-cuerpo-de-una-nina-mientras-cubria-la-desaparicion-de-la-menor\/"]}]},{"@type":"ImageObject","inLanguage":"es","@id":"https:\/\/fuentesfidedignas.com.mx\/index.php\/2025\/07\/22\/periodista-descubre-por-accidente-el-cuerpo-de-una-nina-mientras-cubria-la-desaparicion-de-la-menor\/#primaryimage","url":"https:\/\/fuentesfidedignas.com.mx\/wp-content\/uploads\/2025\/07\/img_2501.jpg","contentUrl":"https:\/\/fuentesfidedignas.com.mx\/wp-content\/uploads\/2025\/07\/img_2501.jpg","width":380,"height":308},{"@type":"BreadcrumbList","@id":"https:\/\/fuentesfidedignas.com.mx\/index.php\/2025\/07\/22\/periodista-descubre-por-accidente-el-cuerpo-de-una-nina-mientras-cubria-la-desaparicion-de-la-menor\/#breadcrumb","itemListElement":[{"@type":"ListItem","position":1,"name":"Inicio","item":"https:\/\/fuentesfidedignas.com.mx\/"},{"@type":"ListItem","position":2,"name":"Periodista descubre por accidente el cuerpo de una ni\u00f1a mientras cubr\u00eda la desaparici\u00f3n de la menor"}]},{"@type":"WebSite","@id":"https:\/\/fuentesfidedignas.com.mx\/#website","url":"https:\/\/fuentesfidedignas.com.mx\/","name":"Fuentes Fidedignas","description":"Otro sitio realizado con WordPress","publisher":{"@id":"https:\/\/fuentesfidedignas.com.mx\/#organization"},"potentialAction":[{"@type":"SearchAction","target":{"@type":"EntryPoint","urlTemplate":"https:\/\/fuentesfidedignas.com.mx\/?s={search_term_string}"},"query-input":{"@type":"PropertyValueSpecification","valueRequired":true,"valueName":"search_term_string"}}],"inLanguage":"es"},{"@type":"Organization","@id":"https:\/\/fuentesfidedignas.com.mx\/#organization","name":"Fuentes Fidedignas","url":"https:\/\/fuentesfidedignas.com.mx\/","logo":{"@type":"ImageObject","inLanguage":"es","@id":"https:\/\/fuentesfidedignas.com.mx\/#\/schema\/logo\/image\/","url":"https:\/\/fuentesfidedignas.com.mx\/wp-content\/uploads\/2021\/04\/logo-retina.png","contentUrl":"https:\/\/fuentesfidedignas.com.mx\/wp-content\/uploads\/2021\/04\/logo-retina.png","width":280,"height":51,"caption":"Fuentes Fidedignas"},"image":{"@id":"https:\/\/fuentesfidedignas.com.mx\/#\/schema\/logo\/image\/"},"sameAs":["https:\/\/www.facebook.com\/Fuentes-Fidedignas-368234489921644","https:\/\/x.com\/fidedignas"]},{"@type":"Person","@id":"https:\/\/fuentesfidedignas.com.mx\/#\/schema\/person\/ec4edd1fbf5efa3e44fce34fe2787780","name":"Exc\u00e9lsior","image":{"@type":"ImageObject","inLanguage":"es","@id":"https:\/\/secure.gravatar.com\/avatar\/4b7ee9206b48be08447852b3f0814dbc7c0f3b51541b164f1464a2725614020b?s=96&d=mm&r=g","url":"https:\/\/secure.gravatar.com\/avatar\/4b7ee9206b48be08447852b3f0814dbc7c0f3b51541b164f1464a2725614020b?s=96&d=mm&r=g","contentUrl":"https:\/\/secure.gravatar.com\/avatar\/4b7ee9206b48be08447852b3f0814dbc7c0f3b51541b164f1464a2725614020b?s=96&d=mm&r=g","caption":"Exc\u00e9lsior"},"url":"https:\/\/fuentesfidedignas.com.mx\/index.php\/author\/excelsior\/"}]}},"_links":{"self":[{"href":"https:\/\/fuentesfidedignas.com.mx\/index.php\/wp-json\/wp\/v2\/posts\/113392","targetHints":{"allow":["GET"]}}],"collection":[{"href":"https:\/\/fuentesfidedignas.com.mx\/index.php\/wp-json\/wp\/v2\/posts"}],"about":[{"href":"https:\/\/fuentesfidedignas.com.mx\/index.php\/wp-json\/wp\/v2\/types\/post"}],"author":[{"embeddable":true,"href":"https:\/\/fuentesfidedignas.com.mx\/index.php\/wp-json\/wp\/v2\/users\/7"}],"replies":[{"embeddable":true,"href":"https:\/\/fuentesfidedignas.com.mx\/index.php\/wp-json\/wp\/v2\/comments?post=113392"}],"version-history":[{"count":3,"href":"https:\/\/fuentesfidedignas.com.mx\/index.php\/wp-json\/wp\/v2\/posts\/113392\/revisions"}],"predecessor-version":[{"id":113399,"href":"https:\/\/fuentesfidedignas.com.mx\/index.php\/wp-json\/wp\/v2\/posts\/113392\/revisions\/113399"}],"wp:featuredmedia":[{"embeddable":true,"href":"https:\/\/fuentesfidedignas.com.mx\/index.php\/wp-json\/wp\/v2\/media\/113391"}],"wp:attachment":[{"href":"https:\/\/fuentesfidedignas.com.mx\/index.php\/wp-json\/wp\/v2\/media?parent=113392"}],"wp:term":[{"taxonomy":"category","embeddable":true,"href":"https:\/\/fuentesfidedignas.com.mx\/index.php\/wp-json\/wp\/v2\/categories?post=113392"},{"taxonomy":"post_tag","embeddable":true,"href":"https:\/\/fuentesfidedignas.com.mx\/index.php\/wp-json\/wp\/v2\/tags?post=113392"}],"curies":[{"name":"wp","href":"https:\/\/api.w.org\/{rel}","templated":true}]}}