{"id":113274,"date":"2025-07-20T09:24:28","date_gmt":"2025-07-20T16:24:28","guid":{"rendered":"https:\/\/fuentesfidedignas.com.mx\/?p=113274"},"modified":"2025-07-20T09:24:33","modified_gmt":"2025-07-20T16:24:33","slug":"fallece-el-principe-durmiente-al-waleed-bin-khaled-de-arabia-saudita-tras-20-anos-en-coma","status":"publish","type":"post","link":"https:\/\/fuentesfidedignas.com.mx\/index.php\/2025\/07\/20\/fallece-el-principe-durmiente-al-waleed-bin-khaled-de-arabia-saudita-tras-20-anos-en-coma\/","title":{"rendered":"Fallece el \u201cPr\u00edncipe Durmiente\u201d, Al-Waleed bin Khaled, de Arabia Saudita tras 20 a\u00f1os en coma"},"content":{"rendered":"\n<p><strong><em>La conmovedora historia del pr\u00edncipe saudita que vivi\u00f3 dos d\u00e9cadas en estado vegetativo.<\/em><\/strong><\/p>\n\n\n\n<p>La familia real saudita y miles de personas en el mundo lamentan la muerte del pr\u00edncipe Al-Waleed bin Khaled bin Talal, conocido como el \u201cPr\u00edncipe Durmiente\u201d, quien falleci\u00f3 este s\u00e1bado a los 36 a\u00f1os tras pasar 20 en coma.<\/p>\n\n\n\n<p>Su padre, el pr\u00edncipe Khaled bin Talal, confirm\u00f3 la noticia en un emotivo mensaje en X (antes Twitter), donde expres\u00f3 su dolor y resignaci\u00f3n ante la voluntad divina.<\/p>\n\n\n\n<p>De acuerdo con Infobae, el tr\u00e1gico accidente que cambi\u00f3 su vida para siempre ocurri\u00f3 en 2005, cuando el joven pr\u00edncipe, con apenas 15 a\u00f1os, estudiaba en una academia militar en Londres. Un brutal choque automovil\u00edstico le provoc\u00f3 una hemorragia cerebral masiva y un traumatismo craneoencef\u00e1lico severo, dej\u00e1ndolo en estado vegetativo persistente.<\/p>\n\n\n\n<p><strong>Una lucha de dos d\u00e9cadas: Fe, medicina y esperanza<\/strong><br>Tras el accidente, Al-Waleed fue trasladado de urgencia a la Ciudad M\u00e9dica Rey Abdulaziz en Riad, el hospital m\u00e1s avanzado de Arabia Saudita, donde recibi\u00f3 atenci\u00f3n m\u00e9dica permanente con ventilaci\u00f3n mec\u00e1nica y alimentaci\u00f3n por sonda. A pesar de los esfuerzos, nunca mostr\u00f3 signos de recuperaci\u00f3n neurol\u00f3gica significativa.<\/p>\n\n\n\n<p>Su familia, perteneciente a una de las ramas m\u00e1s influyentes de la realeza saudita, decidi\u00f3 mantenerlo con vida como un acto de fe y resistencia.<\/p>\n\n\n\n<p>Su padre, el pr\u00edncipe Khaled bin Talal, rechaz\u00f3 en m\u00faltiples ocasiones la posibilidad de retirar el soporte vital, argumentando que \u201csi Dios hubiera querido que muriera, ya estar\u00eda en su tumba\u201d.<\/p>\n\n\n\n<p><strong>Peque\u00f1os gestos que mantuvieron viva la esperanza<\/strong><br>A lo largo de los a\u00f1os, hubo momentos que avivaron la ilusi\u00f3n de una posible mejor\u00eda. En 2019 y 2020, circul\u00f3 en redes sociales un video donde Al-Waleed mov\u00eda ligeramente los dedos y, en otra ocasi\u00f3n, levantaba la mano al escuchar un saludo.<\/p>\n\n\n\n<p>Estos gestos, aunque m\u00ednimos, fueron interpretados por su familia como se\u00f1ales de conciencia, pero los m\u00e9dicos confirmaron que no indicaban un verdadero despertar.<\/p>\n\n\n\n<p>Cada 18 de abril, d\u00eda de su cumplea\u00f1os, miles de personas en Arabia Saudita y el mundo musulm\u00e1n compart\u00edan mensajes de apoyo y oraciones por su recuperaci\u00f3n. Su madre, la princesa Reema bint Talal, publicaba con frecuencia emotivos homenajes, destacando el amor inquebrantable de la familia hacia el joven pr\u00edncipe.<\/p>\n\n\n\n<p><strong>Un legado de fe y resiliencia<\/strong><br>La muerte de Al-Waleed cierra un cap\u00edtulo que conmovi\u00f3 a millones. Su historia se convirti\u00f3 en un s\u00edmbolo de perseverancia y en un debate \u00e9tico y espiritual sobre los l\u00edmites de la medicina y la voluntad divina.<\/p>\n\n\n\n<p>El pr\u00edncipe Al-Waleed ser\u00e1 sepultado en la Mezquita Imam Turki bin Abdullah en Riad, en una ceremonia que contar\u00e1 con la presencia de miembros de la realeza, autoridades y ciudadanos que siguieron su historia. Su partida no solo deja un profundo dolor en su familia, sino tambi\u00e9n un mensaje de fe inquebrantable frente a la adversidad.<\/p>\n","protected":false},"excerpt":{"rendered":"<p>La conmovedora historia del pr\u00edncipe saudita que vivi\u00f3 dos d\u00e9cadas en estado vegetativo. La familia real saudita y miles de personas en el mundo lamentan la muerte del pr\u00edncipe Al-Waleed bin Khaled bin Talal, conocido como el \u201cPr\u00edncipe Durmiente\u201d, quien falleci\u00f3 este s\u00e1bado a los 36 a\u00f1os tras pasar 20 en coma. Su padre, el [&hellip;]<\/p>\n","protected":false},"author":40,"featured_media":113275,"comment_status":"open","ping_status":"open","sticky":false,"template":"","format":"standard","meta":{"tdm_status":"","tdm_grid_status":"","footnotes":""},"categories":[39],"tags":[],"class_list":{"0":"post-113274","1":"post","2":"type-post","3":"status-publish","4":"format-standard","5":"has-post-thumbnail","7":"category-noticias-nacionales"},"yoast_head":"<!-- This site is optimized with the Yoast SEO plugin v27.5 - https:\/\/yoast.com\/product\/yoast-seo-wordpress\/ -->\n<title>Fallece el \u201cPr\u00edncipe Durmiente\u201d, Al-Waleed bin Khaled, de Arabia Saudita tras 20 a\u00f1os en coma - Fuentes Fidedignas<\/title>\n<meta name=\"robots\" content=\"index, follow, max-snippet:-1, max-image-preview:large, max-video-preview:-1\" \/>\n<link rel=\"canonical\" href=\"https:\/\/fuentesfidedignas.com.mx\/index.php\/2025\/07\/20\/fallece-el-principe-durmiente-al-waleed-bin-khaled-de-arabia-saudita-tras-20-anos-en-coma\/\" \/>\n<meta property=\"og:locale\" content=\"es_MX\" \/>\n<meta property=\"og:type\" content=\"article\" \/>\n<meta property=\"og:title\" content=\"Fallece el \u201cPr\u00edncipe Durmiente\u201d, Al-Waleed bin Khaled, de Arabia Saudita tras 20 a\u00f1os en coma - Fuentes Fidedignas\" \/>\n<meta property=\"og:description\" content=\"La conmovedora historia del pr\u00edncipe saudita que vivi\u00f3 dos d\u00e9cadas en estado vegetativo. La familia real saudita y miles de personas en el mundo lamentan la muerte del pr\u00edncipe Al-Waleed bin Khaled bin Talal, conocido como el \u201cPr\u00edncipe Durmiente\u201d, quien falleci\u00f3 este s\u00e1bado a los 36 a\u00f1os tras pasar 20 en coma. Su padre, el [&hellip;]\" \/>\n<meta property=\"og:url\" content=\"https:\/\/fuentesfidedignas.com.mx\/index.php\/2025\/07\/20\/fallece-el-principe-durmiente-al-waleed-bin-khaled-de-arabia-saudita-tras-20-anos-en-coma\/\" \/>\n<meta property=\"og:site_name\" content=\"Fuentes Fidedignas\" \/>\n<meta property=\"article:publisher\" content=\"https:\/\/www.facebook.com\/Fuentes-Fidedignas-368234489921644\" \/>\n<meta property=\"article:published_time\" content=\"2025-07-20T16:24:28+00:00\" \/>\n<meta property=\"article:modified_time\" content=\"2025-07-20T16:24:33+00:00\" \/>\n<meta property=\"og:image\" content=\"https:\/\/fuentesfidedignas.com.mx\/wp-content\/uploads\/2025\/07\/Muere-el-principe-durmiente-de-Arabia-Saudita-2-T.jpg\" \/>\n\t<meta property=\"og:image:width\" content=\"600\" \/>\n\t<meta property=\"og:image:height\" content=\"380\" \/>\n\t<meta property=\"og:image:type\" content=\"image\/jpeg\" \/>\n<meta name=\"author\" content=\"El Imparcial\" \/>\n<meta name=\"twitter:card\" content=\"summary_large_image\" \/>\n<meta name=\"twitter:creator\" content=\"@fidedignas\" \/>\n<meta name=\"twitter:site\" content=\"@fidedignas\" \/>\n<meta name=\"twitter:label1\" content=\"Escrito por\" \/>\n\t<meta name=\"twitter:data1\" content=\"El Imparcial\" \/>\n\t<meta name=\"twitter:label2\" content=\"Tiempo de lectura\" \/>\n\t<meta name=\"twitter:data2\" content=\"3 minutos\" \/>\n<script type=\"application\/ld+json\" class=\"yoast-schema-graph\">{\"@context\":\"https:\\\/\\\/schema.org\",\"@graph\":[{\"@type\":\"Article\",\"@id\":\"https:\\\/\\\/fuentesfidedignas.com.mx\\\/index.php\\\/2025\\\/07\\\/20\\\/fallece-el-principe-durmiente-al-waleed-bin-khaled-de-arabia-saudita-tras-20-anos-en-coma\\\/#article\",\"isPartOf\":{\"@id\":\"https:\\\/\\\/fuentesfidedignas.com.mx\\\/index.php\\\/2025\\\/07\\\/20\\\/fallece-el-principe-durmiente-al-waleed-bin-khaled-de-arabia-saudita-tras-20-anos-en-coma\\\/\"},\"author\":{\"name\":\"El Imparcial\",\"@id\":\"https:\\\/\\\/fuentesfidedignas.com.mx\\\/#\\\/schema\\\/person\\\/ff4db17f8fd9c584e0cfc2a0c436b8a1\"},\"headline\":\"Fallece el \u201cPr\u00edncipe Durmiente\u201d, Al-Waleed bin Khaled, de Arabia Saudita tras 20 a\u00f1os en coma\",\"datePublished\":\"2025-07-20T16:24:28+00:00\",\"dateModified\":\"2025-07-20T16:24:33+00:00\",\"mainEntityOfPage\":{\"@id\":\"https:\\\/\\\/fuentesfidedignas.com.mx\\\/index.php\\\/2025\\\/07\\\/20\\\/fallece-el-principe-durmiente-al-waleed-bin-khaled-de-arabia-saudita-tras-20-anos-en-coma\\\/\"},\"wordCount\":522,\"commentCount\":0,\"publisher\":{\"@id\":\"https:\\\/\\\/fuentesfidedignas.com.mx\\\/#organization\"},\"image\":{\"@id\":\"https:\\\/\\\/fuentesfidedignas.com.mx\\\/index.php\\\/2025\\\/07\\\/20\\\/fallece-el-principe-durmiente-al-waleed-bin-khaled-de-arabia-saudita-tras-20-anos-en-coma\\\/#primaryimage\"},\"thumbnailUrl\":\"https:\\\/\\\/fuentesfidedignas.com.mx\\\/wp-content\\\/uploads\\\/2025\\\/07\\\/Muere-el-principe-durmiente-de-Arabia-Saudita-2-T.jpg\",\"articleSection\":[\"NOTICIAS NACIONALES\"],\"inLanguage\":\"es\",\"potentialAction\":[{\"@type\":\"CommentAction\",\"name\":\"Comment\",\"target\":[\"https:\\\/\\\/fuentesfidedignas.com.mx\\\/index.php\\\/2025\\\/07\\\/20\\\/fallece-el-principe-durmiente-al-waleed-bin-khaled-de-arabia-saudita-tras-20-anos-en-coma\\\/#respond\"]}]},{\"@type\":\"WebPage\",\"@id\":\"https:\\\/\\\/fuentesfidedignas.com.mx\\\/index.php\\\/2025\\\/07\\\/20\\\/fallece-el-principe-durmiente-al-waleed-bin-khaled-de-arabia-saudita-tras-20-anos-en-coma\\\/\",\"url\":\"https:\\\/\\\/fuentesfidedignas.com.mx\\\/index.php\\\/2025\\\/07\\\/20\\\/fallece-el-principe-durmiente-al-waleed-bin-khaled-de-arabia-saudita-tras-20-anos-en-coma\\\/\",\"name\":\"Fallece el \u201cPr\u00edncipe Durmiente\u201d, Al-Waleed bin Khaled, de Arabia Saudita tras 20 a\u00f1os en coma - Fuentes Fidedignas\",\"isPartOf\":{\"@id\":\"https:\\\/\\\/fuentesfidedignas.com.mx\\\/#website\"},\"primaryImageOfPage\":{\"@id\":\"https:\\\/\\\/fuentesfidedignas.com.mx\\\/index.php\\\/2025\\\/07\\\/20\\\/fallece-el-principe-durmiente-al-waleed-bin-khaled-de-arabia-saudita-tras-20-anos-en-coma\\\/#primaryimage\"},\"image\":{\"@id\":\"https:\\\/\\\/fuentesfidedignas.com.mx\\\/index.php\\\/2025\\\/07\\\/20\\\/fallece-el-principe-durmiente-al-waleed-bin-khaled-de-arabia-saudita-tras-20-anos-en-coma\\\/#primaryimage\"},\"thumbnailUrl\":\"https:\\\/\\\/fuentesfidedignas.com.mx\\\/wp-content\\\/uploads\\\/2025\\\/07\\\/Muere-el-principe-durmiente-de-Arabia-Saudita-2-T.jpg\",\"datePublished\":\"2025-07-20T16:24:28+00:00\",\"dateModified\":\"2025-07-20T16:24:33+00:00\",\"breadcrumb\":{\"@id\":\"https:\\\/\\\/fuentesfidedignas.com.mx\\\/index.php\\\/2025\\\/07\\\/20\\\/fallece-el-principe-durmiente-al-waleed-bin-khaled-de-arabia-saudita-tras-20-anos-en-coma\\\/#breadcrumb\"},\"inLanguage\":\"es\",\"potentialAction\":[{\"@type\":\"ReadAction\",\"target\":[\"https:\\\/\\\/fuentesfidedignas.com.mx\\\/index.php\\\/2025\\\/07\\\/20\\\/fallece-el-principe-durmiente-al-waleed-bin-khaled-de-arabia-saudita-tras-20-anos-en-coma\\\/\"]}]},{\"@type\":\"ImageObject\",\"inLanguage\":\"es\",\"@id\":\"https:\\\/\\\/fuentesfidedignas.com.mx\\\/index.php\\\/2025\\\/07\\\/20\\\/fallece-el-principe-durmiente-al-waleed-bin-khaled-de-arabia-saudita-tras-20-anos-en-coma\\\/#primaryimage\",\"url\":\"https:\\\/\\\/fuentesfidedignas.com.mx\\\/wp-content\\\/uploads\\\/2025\\\/07\\\/Muere-el-principe-durmiente-de-Arabia-Saudita-2-T.jpg\",\"contentUrl\":\"https:\\\/\\\/fuentesfidedignas.com.mx\\\/wp-content\\\/uploads\\\/2025\\\/07\\\/Muere-el-principe-durmiente-de-Arabia-Saudita-2-T.jpg\",\"width\":600,\"height\":380},{\"@type\":\"BreadcrumbList\",\"@id\":\"https:\\\/\\\/fuentesfidedignas.com.mx\\\/index.php\\\/2025\\\/07\\\/20\\\/fallece-el-principe-durmiente-al-waleed-bin-khaled-de-arabia-saudita-tras-20-anos-en-coma\\\/#breadcrumb\",\"itemListElement\":[{\"@type\":\"ListItem\",\"position\":1,\"name\":\"Inicio\",\"item\":\"https:\\\/\\\/fuentesfidedignas.com.mx\\\/\"},{\"@type\":\"ListItem\",\"position\":2,\"name\":\"Fallece el \u201cPr\u00edncipe Durmiente\u201d, Al-Waleed bin Khaled, de Arabia Saudita tras 20 a\u00f1os en coma\"}]},{\"@type\":\"WebSite\",\"@id\":\"https:\\\/\\\/fuentesfidedignas.com.mx\\\/#website\",\"url\":\"https:\\\/\\\/fuentesfidedignas.com.mx\\\/\",\"name\":\"Fuentes Fidedignas\",\"description\":\"Otro sitio realizado con WordPress\",\"publisher\":{\"@id\":\"https:\\\/\\\/fuentesfidedignas.com.mx\\\/#organization\"},\"potentialAction\":[{\"@type\":\"SearchAction\",\"target\":{\"@type\":\"EntryPoint\",\"urlTemplate\":\"https:\\\/\\\/fuentesfidedignas.com.mx\\\/?s={search_term_string}\"},\"query-input\":{\"@type\":\"PropertyValueSpecification\",\"valueRequired\":true,\"valueName\":\"search_term_string\"}}],\"inLanguage\":\"es\"},{\"@type\":\"Organization\",\"@id\":\"https:\\\/\\\/fuentesfidedignas.com.mx\\\/#organization\",\"name\":\"Fuentes Fidedignas\",\"url\":\"https:\\\/\\\/fuentesfidedignas.com.mx\\\/\",\"logo\":{\"@type\":\"ImageObject\",\"inLanguage\":\"es\",\"@id\":\"https:\\\/\\\/fuentesfidedignas.com.mx\\\/#\\\/schema\\\/logo\\\/image\\\/\",\"url\":\"https:\\\/\\\/fuentesfidedignas.com.mx\\\/wp-content\\\/uploads\\\/2021\\\/04\\\/logo-retina.png\",\"contentUrl\":\"https:\\\/\\\/fuentesfidedignas.com.mx\\\/wp-content\\\/uploads\\\/2021\\\/04\\\/logo-retina.png\",\"width\":280,\"height\":51,\"caption\":\"Fuentes Fidedignas\"},\"image\":{\"@id\":\"https:\\\/\\\/fuentesfidedignas.com.mx\\\/#\\\/schema\\\/logo\\\/image\\\/\"},\"sameAs\":[\"https:\\\/\\\/www.facebook.com\\\/Fuentes-Fidedignas-368234489921644\",\"https:\\\/\\\/x.com\\\/fidedignas\"]},{\"@type\":\"Person\",\"@id\":\"https:\\\/\\\/fuentesfidedignas.com.mx\\\/#\\\/schema\\\/person\\\/ff4db17f8fd9c584e0cfc2a0c436b8a1\",\"name\":\"El Imparcial\",\"image\":{\"@type\":\"ImageObject\",\"inLanguage\":\"es\",\"@id\":\"https:\\\/\\\/secure.gravatar.com\\\/avatar\\\/accd6807585a75316c237ee783498317be6f66ab34c47c940966f26a3f613161?s=96&d=mm&r=g\",\"url\":\"https:\\\/\\\/secure.gravatar.com\\\/avatar\\\/accd6807585a75316c237ee783498317be6f66ab34c47c940966f26a3f613161?s=96&d=mm&r=g\",\"contentUrl\":\"https:\\\/\\\/secure.gravatar.com\\\/avatar\\\/accd6807585a75316c237ee783498317be6f66ab34c47c940966f26a3f613161?s=96&d=mm&r=g\",\"caption\":\"El Imparcial\"},\"url\":\"https:\\\/\\\/fuentesfidedignas.com.mx\\\/index.php\\\/author\\\/imparcial\\\/\"}]}<\/script>\n<!-- \/ Yoast SEO plugin. -->","yoast_head_json":{"title":"Fallece el \u201cPr\u00edncipe Durmiente\u201d, Al-Waleed bin Khaled, de Arabia Saudita tras 20 a\u00f1os en coma - Fuentes Fidedignas","robots":{"index":"index","follow":"follow","max-snippet":"max-snippet:-1","max-image-preview":"max-image-preview:large","max-video-preview":"max-video-preview:-1"},"canonical":"https:\/\/fuentesfidedignas.com.mx\/index.php\/2025\/07\/20\/fallece-el-principe-durmiente-al-waleed-bin-khaled-de-arabia-saudita-tras-20-anos-en-coma\/","og_locale":"es_MX","og_type":"article","og_title":"Fallece el \u201cPr\u00edncipe Durmiente\u201d, Al-Waleed bin Khaled, de Arabia Saudita tras 20 a\u00f1os en coma - Fuentes Fidedignas","og_description":"La conmovedora historia del pr\u00edncipe saudita que vivi\u00f3 dos d\u00e9cadas en estado vegetativo. La familia real saudita y miles de personas en el mundo lamentan la muerte del pr\u00edncipe Al-Waleed bin Khaled bin Talal, conocido como el \u201cPr\u00edncipe Durmiente\u201d, quien falleci\u00f3 este s\u00e1bado a los 36 a\u00f1os tras pasar 20 en coma. Su padre, el [&hellip;]","og_url":"https:\/\/fuentesfidedignas.com.mx\/index.php\/2025\/07\/20\/fallece-el-principe-durmiente-al-waleed-bin-khaled-de-arabia-saudita-tras-20-anos-en-coma\/","og_site_name":"Fuentes Fidedignas","article_publisher":"https:\/\/www.facebook.com\/Fuentes-Fidedignas-368234489921644","article_published_time":"2025-07-20T16:24:28+00:00","article_modified_time":"2025-07-20T16:24:33+00:00","og_image":[{"width":600,"height":380,"url":"https:\/\/fuentesfidedignas.com.mx\/wp-content\/uploads\/2025\/07\/Muere-el-principe-durmiente-de-Arabia-Saudita-2-T.jpg","type":"image\/jpeg"}],"author":"El Imparcial","twitter_card":"summary_large_image","twitter_creator":"@fidedignas","twitter_site":"@fidedignas","twitter_misc":{"Escrito por":"El Imparcial","Tiempo de lectura":"3 minutos"},"schema":{"@context":"https:\/\/schema.org","@graph":[{"@type":"Article","@id":"https:\/\/fuentesfidedignas.com.mx\/index.php\/2025\/07\/20\/fallece-el-principe-durmiente-al-waleed-bin-khaled-de-arabia-saudita-tras-20-anos-en-coma\/#article","isPartOf":{"@id":"https:\/\/fuentesfidedignas.com.mx\/index.php\/2025\/07\/20\/fallece-el-principe-durmiente-al-waleed-bin-khaled-de-arabia-saudita-tras-20-anos-en-coma\/"},"author":{"name":"El Imparcial","@id":"https:\/\/fuentesfidedignas.com.mx\/#\/schema\/person\/ff4db17f8fd9c584e0cfc2a0c436b8a1"},"headline":"Fallece el \u201cPr\u00edncipe Durmiente\u201d, Al-Waleed bin Khaled, de Arabia Saudita tras 20 a\u00f1os en coma","datePublished":"2025-07-20T16:24:28+00:00","dateModified":"2025-07-20T16:24:33+00:00","mainEntityOfPage":{"@id":"https:\/\/fuentesfidedignas.com.mx\/index.php\/2025\/07\/20\/fallece-el-principe-durmiente-al-waleed-bin-khaled-de-arabia-saudita-tras-20-anos-en-coma\/"},"wordCount":522,"commentCount":0,"publisher":{"@id":"https:\/\/fuentesfidedignas.com.mx\/#organization"},"image":{"@id":"https:\/\/fuentesfidedignas.com.mx\/index.php\/2025\/07\/20\/fallece-el-principe-durmiente-al-waleed-bin-khaled-de-arabia-saudita-tras-20-anos-en-coma\/#primaryimage"},"thumbnailUrl":"https:\/\/fuentesfidedignas.com.mx\/wp-content\/uploads\/2025\/07\/Muere-el-principe-durmiente-de-Arabia-Saudita-2-T.jpg","articleSection":["NOTICIAS NACIONALES"],"inLanguage":"es","potentialAction":[{"@type":"CommentAction","name":"Comment","target":["https:\/\/fuentesfidedignas.com.mx\/index.php\/2025\/07\/20\/fallece-el-principe-durmiente-al-waleed-bin-khaled-de-arabia-saudita-tras-20-anos-en-coma\/#respond"]}]},{"@type":"WebPage","@id":"https:\/\/fuentesfidedignas.com.mx\/index.php\/2025\/07\/20\/fallece-el-principe-durmiente-al-waleed-bin-khaled-de-arabia-saudita-tras-20-anos-en-coma\/","url":"https:\/\/fuentesfidedignas.com.mx\/index.php\/2025\/07\/20\/fallece-el-principe-durmiente-al-waleed-bin-khaled-de-arabia-saudita-tras-20-anos-en-coma\/","name":"Fallece el \u201cPr\u00edncipe Durmiente\u201d, Al-Waleed bin Khaled, de Arabia Saudita tras 20 a\u00f1os en coma - Fuentes Fidedignas","isPartOf":{"@id":"https:\/\/fuentesfidedignas.com.mx\/#website"},"primaryImageOfPage":{"@id":"https:\/\/fuentesfidedignas.com.mx\/index.php\/2025\/07\/20\/fallece-el-principe-durmiente-al-waleed-bin-khaled-de-arabia-saudita-tras-20-anos-en-coma\/#primaryimage"},"image":{"@id":"https:\/\/fuentesfidedignas.com.mx\/index.php\/2025\/07\/20\/fallece-el-principe-durmiente-al-waleed-bin-khaled-de-arabia-saudita-tras-20-anos-en-coma\/#primaryimage"},"thumbnailUrl":"https:\/\/fuentesfidedignas.com.mx\/wp-content\/uploads\/2025\/07\/Muere-el-principe-durmiente-de-Arabia-Saudita-2-T.jpg","datePublished":"2025-07-20T16:24:28+00:00","dateModified":"2025-07-20T16:24:33+00:00","breadcrumb":{"@id":"https:\/\/fuentesfidedignas.com.mx\/index.php\/2025\/07\/20\/fallece-el-principe-durmiente-al-waleed-bin-khaled-de-arabia-saudita-tras-20-anos-en-coma\/#breadcrumb"},"inLanguage":"es","potentialAction":[{"@type":"ReadAction","target":["https:\/\/fuentesfidedignas.com.mx\/index.php\/2025\/07\/20\/fallece-el-principe-durmiente-al-waleed-bin-khaled-de-arabia-saudita-tras-20-anos-en-coma\/"]}]},{"@type":"ImageObject","inLanguage":"es","@id":"https:\/\/fuentesfidedignas.com.mx\/index.php\/2025\/07\/20\/fallece-el-principe-durmiente-al-waleed-bin-khaled-de-arabia-saudita-tras-20-anos-en-coma\/#primaryimage","url":"https:\/\/fuentesfidedignas.com.mx\/wp-content\/uploads\/2025\/07\/Muere-el-principe-durmiente-de-Arabia-Saudita-2-T.jpg","contentUrl":"https:\/\/fuentesfidedignas.com.mx\/wp-content\/uploads\/2025\/07\/Muere-el-principe-durmiente-de-Arabia-Saudita-2-T.jpg","width":600,"height":380},{"@type":"BreadcrumbList","@id":"https:\/\/fuentesfidedignas.com.mx\/index.php\/2025\/07\/20\/fallece-el-principe-durmiente-al-waleed-bin-khaled-de-arabia-saudita-tras-20-anos-en-coma\/#breadcrumb","itemListElement":[{"@type":"ListItem","position":1,"name":"Inicio","item":"https:\/\/fuentesfidedignas.com.mx\/"},{"@type":"ListItem","position":2,"name":"Fallece el \u201cPr\u00edncipe Durmiente\u201d, Al-Waleed bin Khaled, de Arabia Saudita tras 20 a\u00f1os en coma"}]},{"@type":"WebSite","@id":"https:\/\/fuentesfidedignas.com.mx\/#website","url":"https:\/\/fuentesfidedignas.com.mx\/","name":"Fuentes Fidedignas","description":"Otro sitio realizado con WordPress","publisher":{"@id":"https:\/\/fuentesfidedignas.com.mx\/#organization"},"potentialAction":[{"@type":"SearchAction","target":{"@type":"EntryPoint","urlTemplate":"https:\/\/fuentesfidedignas.com.mx\/?s={search_term_string}"},"query-input":{"@type":"PropertyValueSpecification","valueRequired":true,"valueName":"search_term_string"}}],"inLanguage":"es"},{"@type":"Organization","@id":"https:\/\/fuentesfidedignas.com.mx\/#organization","name":"Fuentes Fidedignas","url":"https:\/\/fuentesfidedignas.com.mx\/","logo":{"@type":"ImageObject","inLanguage":"es","@id":"https:\/\/fuentesfidedignas.com.mx\/#\/schema\/logo\/image\/","url":"https:\/\/fuentesfidedignas.com.mx\/wp-content\/uploads\/2021\/04\/logo-retina.png","contentUrl":"https:\/\/fuentesfidedignas.com.mx\/wp-content\/uploads\/2021\/04\/logo-retina.png","width":280,"height":51,"caption":"Fuentes Fidedignas"},"image":{"@id":"https:\/\/fuentesfidedignas.com.mx\/#\/schema\/logo\/image\/"},"sameAs":["https:\/\/www.facebook.com\/Fuentes-Fidedignas-368234489921644","https:\/\/x.com\/fidedignas"]},{"@type":"Person","@id":"https:\/\/fuentesfidedignas.com.mx\/#\/schema\/person\/ff4db17f8fd9c584e0cfc2a0c436b8a1","name":"El Imparcial","image":{"@type":"ImageObject","inLanguage":"es","@id":"https:\/\/secure.gravatar.com\/avatar\/accd6807585a75316c237ee783498317be6f66ab34c47c940966f26a3f613161?s=96&d=mm&r=g","url":"https:\/\/secure.gravatar.com\/avatar\/accd6807585a75316c237ee783498317be6f66ab34c47c940966f26a3f613161?s=96&d=mm&r=g","contentUrl":"https:\/\/secure.gravatar.com\/avatar\/accd6807585a75316c237ee783498317be6f66ab34c47c940966f26a3f613161?s=96&d=mm&r=g","caption":"El Imparcial"},"url":"https:\/\/fuentesfidedignas.com.mx\/index.php\/author\/imparcial\/"}]}},"_links":{"self":[{"href":"https:\/\/fuentesfidedignas.com.mx\/index.php\/wp-json\/wp\/v2\/posts\/113274","targetHints":{"allow":["GET"]}}],"collection":[{"href":"https:\/\/fuentesfidedignas.com.mx\/index.php\/wp-json\/wp\/v2\/posts"}],"about":[{"href":"https:\/\/fuentesfidedignas.com.mx\/index.php\/wp-json\/wp\/v2\/types\/post"}],"author":[{"embeddable":true,"href":"https:\/\/fuentesfidedignas.com.mx\/index.php\/wp-json\/wp\/v2\/users\/40"}],"replies":[{"embeddable":true,"href":"https:\/\/fuentesfidedignas.com.mx\/index.php\/wp-json\/wp\/v2\/comments?post=113274"}],"version-history":[{"count":1,"href":"https:\/\/fuentesfidedignas.com.mx\/index.php\/wp-json\/wp\/v2\/posts\/113274\/revisions"}],"predecessor-version":[{"id":113276,"href":"https:\/\/fuentesfidedignas.com.mx\/index.php\/wp-json\/wp\/v2\/posts\/113274\/revisions\/113276"}],"wp:featuredmedia":[{"embeddable":true,"href":"https:\/\/fuentesfidedignas.com.mx\/index.php\/wp-json\/wp\/v2\/media\/113275"}],"wp:attachment":[{"href":"https:\/\/fuentesfidedignas.com.mx\/index.php\/wp-json\/wp\/v2\/media?parent=113274"}],"wp:term":[{"taxonomy":"category","embeddable":true,"href":"https:\/\/fuentesfidedignas.com.mx\/index.php\/wp-json\/wp\/v2\/categories?post=113274"},{"taxonomy":"post_tag","embeddable":true,"href":"https:\/\/fuentesfidedignas.com.mx\/index.php\/wp-json\/wp\/v2\/tags?post=113274"}],"curies":[{"name":"wp","href":"https:\/\/api.w.org\/{rel}","templated":true}]}}