{"id":113079,"date":"2025-07-17T13:04:29","date_gmt":"2025-07-17T20:04:29","guid":{"rendered":"https:\/\/fuentesfidedignas.com.mx\/?p=113079"},"modified":"2025-07-17T13:04:39","modified_gmt":"2025-07-17T20:04:39","slug":"donald-trump-es-diagnosticado-con-insuficiencia-venosa-cronica","status":"publish","type":"post","link":"https:\/\/fuentesfidedignas.com.mx\/index.php\/2025\/07\/17\/donald-trump-es-diagnosticado-con-insuficiencia-venosa-cronica\/","title":{"rendered":"Donald Trump es diagnosticado con insuficiencia venosa cr\u00f3nica"},"content":{"rendered":"\n<p><strong><em>Seg\u00fan el m\u00e9dico presidencial, el presidente estadounidense padece de una afecci\u00f3n en la que las venas da\u00f1adas de las piernas no mantienen un flujo sangu\u00edneo adecuado, inform\u00f3 la portavoz de la Casa Blanca, Karoline Leavitt.<\/em><\/strong><\/p>\n\n\n\n<p>El presidente de Estados Unidos, Donald Trump, ha sido diagnosticado con una insuficiencia venosa cr\u00f3nica &#8220;benigna&#8221; tras someterse a un examen m\u00e9dico por hinchaz\u00f3n en las piernas, inform\u00f3 este jueves la Casa Blanca.<\/p>\n\n\n\n<p>Trump se convirti\u00f3 en la persona m\u00e1s anciana en asumir la presidencia de Estados Unidos al comienzo de su segundo mandato en enero, en sustituci\u00f3n del dem\u00f3crata Joe Biden, quien termin\u00f3 su mandato a los 81 a\u00f1os.<\/p>\n\n\n\n<p>El republicano de 79 a\u00f1os suele presumir de tener mucha energ\u00eda. Recientemente, la Casa Blanca public\u00f3 un meme en el que aparece como Superman.<\/p>\n\n\n\n<p>Seg\u00fan el m\u00e9dico presidencial, Trump padece &#8220;insuficiencia venosa cr\u00f3nica&#8221;, una afecci\u00f3n en la que las venas da\u00f1adas de las piernas no mantienen un flujo sangu\u00edneo adecuado, inform\u00f3 la portavoz de la Casa Blanca, Karoline Leavitt.<\/p>\n\n\n\n<p>A\u00f1adi\u00f3 que el presidente se ha sometido a un examen exhaustivo que incluy\u00f3 estudios vasculares.<\/p>\n\n\n\n<p>&#8220;Se realizaron ecograf\u00edas Doppler venosas bilaterales de las extremidades inferiores, que revelaron insuficiencia venosa cr\u00f3nica, una afecci\u00f3n benigna y corriente, especialmente en personas mayores de 70 a\u00f1os&#8221;, afirm\u00f3 la portavoz.<\/p>\n\n\n\n<p>&#8220;Es importante destacar que no se encontraron indicios de trombosis venosa profunda ni enfermedad arterial&#8221;, agreg\u00f3.<\/p>\n\n\n\n<p>Seg\u00fan ella todas las pruebas &#8220;est\u00e1n dentro de los l\u00edmites normales&#8221;, sin signos de insuficiencia card\u00edaca, renal ni enfermedad sist\u00e9mica.<\/p>\n\n\n\n<p>En respuesta a las especulaciones sobre fotos recientes en las que se ven hematomas en las manos de Trump, Leavitt afirm\u00f3 que se debe a &#8220;una leve irritaci\u00f3n de los tejidos blandos causada por los frecuentes apretones de manos y el uso de aspirina&#8221;, que toma como &#8220;prevenci\u00f3n cardiovascular&#8221;.<\/p>\n\n\n\n<p>En abril Trump dijo estar &#8220;en muy buena forma&#8221; tras someterse a un chequeo m\u00e9dico rutinario.<\/p>\n\n\n\n<figure class=\"wp-block-embed\"><div class=\"wp-block-embed__wrapper\">\nhttps:\/\/twitter.com\/i\/broadcasts\/1OdJrDzbdOpKX\n<\/div><\/figure>\n","protected":false},"excerpt":{"rendered":"<p>Seg\u00fan el m\u00e9dico presidencial, el presidente estadounidense padece de una afecci\u00f3n en la que las venas da\u00f1adas de las piernas no mantienen un flujo sangu\u00edneo adecuado, inform\u00f3 la portavoz de la Casa Blanca, Karoline Leavitt. El presidente de Estados Unidos, Donald Trump, ha sido diagnosticado con una insuficiencia venosa cr\u00f3nica &#8220;benigna&#8221; tras someterse a un [&hellip;]<\/p>\n","protected":false},"author":12,"featured_media":113080,"comment_status":"open","ping_status":"open","sticky":false,"template":"","format":"standard","meta":{"tdm_status":"","tdm_grid_status":"","footnotes":""},"categories":[39],"tags":[],"class_list":{"0":"post-113079","1":"post","2":"type-post","3":"status-publish","4":"format-standard","5":"has-post-thumbnail","7":"category-noticias-nacionales"},"yoast_head":"<!-- This site is optimized with the Yoast SEO plugin v27.5 - https:\/\/yoast.com\/product\/yoast-seo-wordpress\/ -->\n<title>Donald Trump es diagnosticado con insuficiencia venosa cr\u00f3nica - Fuentes Fidedignas<\/title>\n<meta name=\"robots\" content=\"index, follow, max-snippet:-1, max-image-preview:large, max-video-preview:-1\" \/>\n<link rel=\"canonical\" href=\"https:\/\/fuentesfidedignas.com.mx\/index.php\/2025\/07\/17\/donald-trump-es-diagnosticado-con-insuficiencia-venosa-cronica\/\" \/>\n<meta property=\"og:locale\" content=\"es_MX\" \/>\n<meta property=\"og:type\" content=\"article\" \/>\n<meta property=\"og:title\" content=\"Donald Trump es diagnosticado con insuficiencia venosa cr\u00f3nica - Fuentes Fidedignas\" \/>\n<meta property=\"og:description\" content=\"Seg\u00fan el m\u00e9dico presidencial, el presidente estadounidense padece de una afecci\u00f3n en la que las venas da\u00f1adas de las piernas no mantienen un flujo sangu\u00edneo adecuado, inform\u00f3 la portavoz de la Casa Blanca, Karoline Leavitt. El presidente de Estados Unidos, Donald Trump, ha sido diagnosticado con una insuficiencia venosa cr\u00f3nica &#8220;benigna&#8221; tras someterse a un [&hellip;]\" \/>\n<meta property=\"og:url\" content=\"https:\/\/fuentesfidedignas.com.mx\/index.php\/2025\/07\/17\/donald-trump-es-diagnosticado-con-insuficiencia-venosa-cronica\/\" \/>\n<meta property=\"og:site_name\" content=\"Fuentes Fidedignas\" \/>\n<meta property=\"article:publisher\" content=\"https:\/\/www.facebook.com\/Fuentes-Fidedignas-368234489921644\" \/>\n<meta property=\"article:published_time\" content=\"2025-07-17T20:04:29+00:00\" \/>\n<meta property=\"article:modified_time\" content=\"2025-07-17T20:04:39+00:00\" \/>\n<meta property=\"og:image\" content=\"https:\/\/fuentesfidedignas.com.mx\/wp-content\/uploads\/2025\/07\/Donald-Trump.jpg\" \/>\n\t<meta property=\"og:image:width\" content=\"500\" \/>\n\t<meta property=\"og:image:height\" content=\"330\" \/>\n\t<meta property=\"og:image:type\" content=\"image\/jpeg\" \/>\n<meta name=\"author\" content=\"AFP\" \/>\n<meta name=\"twitter:card\" content=\"summary_large_image\" \/>\n<meta name=\"twitter:creator\" content=\"@fidedignas\" \/>\n<meta name=\"twitter:site\" content=\"@fidedignas\" \/>\n<meta name=\"twitter:label1\" content=\"Escrito por\" \/>\n\t<meta name=\"twitter:data1\" content=\"AFP\" \/>\n\t<meta name=\"twitter:label2\" content=\"Tiempo de lectura\" \/>\n\t<meta name=\"twitter:data2\" content=\"2 minutos\" \/>\n<script type=\"application\/ld+json\" class=\"yoast-schema-graph\">{\"@context\":\"https:\\\/\\\/schema.org\",\"@graph\":[{\"@type\":\"Article\",\"@id\":\"https:\\\/\\\/fuentesfidedignas.com.mx\\\/index.php\\\/2025\\\/07\\\/17\\\/donald-trump-es-diagnosticado-con-insuficiencia-venosa-cronica\\\/#article\",\"isPartOf\":{\"@id\":\"https:\\\/\\\/fuentesfidedignas.com.mx\\\/index.php\\\/2025\\\/07\\\/17\\\/donald-trump-es-diagnosticado-con-insuficiencia-venosa-cronica\\\/\"},\"author\":{\"name\":\"AFP\",\"@id\":\"https:\\\/\\\/fuentesfidedignas.com.mx\\\/#\\\/schema\\\/person\\\/1827b38c6cf89e1d6cc7d78ca3fae732\"},\"headline\":\"Donald Trump es diagnosticado con insuficiencia venosa cr\u00f3nica\",\"datePublished\":\"2025-07-17T20:04:29+00:00\",\"dateModified\":\"2025-07-17T20:04:39+00:00\",\"mainEntityOfPage\":{\"@id\":\"https:\\\/\\\/fuentesfidedignas.com.mx\\\/index.php\\\/2025\\\/07\\\/17\\\/donald-trump-es-diagnosticado-con-insuficiencia-venosa-cronica\\\/\"},\"wordCount\":355,\"commentCount\":0,\"publisher\":{\"@id\":\"https:\\\/\\\/fuentesfidedignas.com.mx\\\/#organization\"},\"image\":{\"@id\":\"https:\\\/\\\/fuentesfidedignas.com.mx\\\/index.php\\\/2025\\\/07\\\/17\\\/donald-trump-es-diagnosticado-con-insuficiencia-venosa-cronica\\\/#primaryimage\"},\"thumbnailUrl\":\"https:\\\/\\\/fuentesfidedignas.com.mx\\\/wp-content\\\/uploads\\\/2025\\\/07\\\/Donald-Trump.jpg\",\"articleSection\":[\"NOTICIAS NACIONALES\"],\"inLanguage\":\"es\",\"potentialAction\":[{\"@type\":\"CommentAction\",\"name\":\"Comment\",\"target\":[\"https:\\\/\\\/fuentesfidedignas.com.mx\\\/index.php\\\/2025\\\/07\\\/17\\\/donald-trump-es-diagnosticado-con-insuficiencia-venosa-cronica\\\/#respond\"]}]},{\"@type\":\"WebPage\",\"@id\":\"https:\\\/\\\/fuentesfidedignas.com.mx\\\/index.php\\\/2025\\\/07\\\/17\\\/donald-trump-es-diagnosticado-con-insuficiencia-venosa-cronica\\\/\",\"url\":\"https:\\\/\\\/fuentesfidedignas.com.mx\\\/index.php\\\/2025\\\/07\\\/17\\\/donald-trump-es-diagnosticado-con-insuficiencia-venosa-cronica\\\/\",\"name\":\"Donald Trump es diagnosticado con insuficiencia venosa cr\u00f3nica - Fuentes Fidedignas\",\"isPartOf\":{\"@id\":\"https:\\\/\\\/fuentesfidedignas.com.mx\\\/#website\"},\"primaryImageOfPage\":{\"@id\":\"https:\\\/\\\/fuentesfidedignas.com.mx\\\/index.php\\\/2025\\\/07\\\/17\\\/donald-trump-es-diagnosticado-con-insuficiencia-venosa-cronica\\\/#primaryimage\"},\"image\":{\"@id\":\"https:\\\/\\\/fuentesfidedignas.com.mx\\\/index.php\\\/2025\\\/07\\\/17\\\/donald-trump-es-diagnosticado-con-insuficiencia-venosa-cronica\\\/#primaryimage\"},\"thumbnailUrl\":\"https:\\\/\\\/fuentesfidedignas.com.mx\\\/wp-content\\\/uploads\\\/2025\\\/07\\\/Donald-Trump.jpg\",\"datePublished\":\"2025-07-17T20:04:29+00:00\",\"dateModified\":\"2025-07-17T20:04:39+00:00\",\"breadcrumb\":{\"@id\":\"https:\\\/\\\/fuentesfidedignas.com.mx\\\/index.php\\\/2025\\\/07\\\/17\\\/donald-trump-es-diagnosticado-con-insuficiencia-venosa-cronica\\\/#breadcrumb\"},\"inLanguage\":\"es\",\"potentialAction\":[{\"@type\":\"ReadAction\",\"target\":[\"https:\\\/\\\/fuentesfidedignas.com.mx\\\/index.php\\\/2025\\\/07\\\/17\\\/donald-trump-es-diagnosticado-con-insuficiencia-venosa-cronica\\\/\"]}]},{\"@type\":\"ImageObject\",\"inLanguage\":\"es\",\"@id\":\"https:\\\/\\\/fuentesfidedignas.com.mx\\\/index.php\\\/2025\\\/07\\\/17\\\/donald-trump-es-diagnosticado-con-insuficiencia-venosa-cronica\\\/#primaryimage\",\"url\":\"https:\\\/\\\/fuentesfidedignas.com.mx\\\/wp-content\\\/uploads\\\/2025\\\/07\\\/Donald-Trump.jpg\",\"contentUrl\":\"https:\\\/\\\/fuentesfidedignas.com.mx\\\/wp-content\\\/uploads\\\/2025\\\/07\\\/Donald-Trump.jpg\",\"width\":500,\"height\":330},{\"@type\":\"BreadcrumbList\",\"@id\":\"https:\\\/\\\/fuentesfidedignas.com.mx\\\/index.php\\\/2025\\\/07\\\/17\\\/donald-trump-es-diagnosticado-con-insuficiencia-venosa-cronica\\\/#breadcrumb\",\"itemListElement\":[{\"@type\":\"ListItem\",\"position\":1,\"name\":\"Inicio\",\"item\":\"https:\\\/\\\/fuentesfidedignas.com.mx\\\/\"},{\"@type\":\"ListItem\",\"position\":2,\"name\":\"Donald Trump es diagnosticado con insuficiencia venosa cr\u00f3nica\"}]},{\"@type\":\"WebSite\",\"@id\":\"https:\\\/\\\/fuentesfidedignas.com.mx\\\/#website\",\"url\":\"https:\\\/\\\/fuentesfidedignas.com.mx\\\/\",\"name\":\"Fuentes Fidedignas\",\"description\":\"Otro sitio realizado con WordPress\",\"publisher\":{\"@id\":\"https:\\\/\\\/fuentesfidedignas.com.mx\\\/#organization\"},\"potentialAction\":[{\"@type\":\"SearchAction\",\"target\":{\"@type\":\"EntryPoint\",\"urlTemplate\":\"https:\\\/\\\/fuentesfidedignas.com.mx\\\/?s={search_term_string}\"},\"query-input\":{\"@type\":\"PropertyValueSpecification\",\"valueRequired\":true,\"valueName\":\"search_term_string\"}}],\"inLanguage\":\"es\"},{\"@type\":\"Organization\",\"@id\":\"https:\\\/\\\/fuentesfidedignas.com.mx\\\/#organization\",\"name\":\"Fuentes Fidedignas\",\"url\":\"https:\\\/\\\/fuentesfidedignas.com.mx\\\/\",\"logo\":{\"@type\":\"ImageObject\",\"inLanguage\":\"es\",\"@id\":\"https:\\\/\\\/fuentesfidedignas.com.mx\\\/#\\\/schema\\\/logo\\\/image\\\/\",\"url\":\"https:\\\/\\\/fuentesfidedignas.com.mx\\\/wp-content\\\/uploads\\\/2021\\\/04\\\/logo-retina.png\",\"contentUrl\":\"https:\\\/\\\/fuentesfidedignas.com.mx\\\/wp-content\\\/uploads\\\/2021\\\/04\\\/logo-retina.png\",\"width\":280,\"height\":51,\"caption\":\"Fuentes Fidedignas\"},\"image\":{\"@id\":\"https:\\\/\\\/fuentesfidedignas.com.mx\\\/#\\\/schema\\\/logo\\\/image\\\/\"},\"sameAs\":[\"https:\\\/\\\/www.facebook.com\\\/Fuentes-Fidedignas-368234489921644\",\"https:\\\/\\\/x.com\\\/fidedignas\"]},{\"@type\":\"Person\",\"@id\":\"https:\\\/\\\/fuentesfidedignas.com.mx\\\/#\\\/schema\\\/person\\\/1827b38c6cf89e1d6cc7d78ca3fae732\",\"name\":\"AFP\",\"image\":{\"@type\":\"ImageObject\",\"inLanguage\":\"es\",\"@id\":\"https:\\\/\\\/secure.gravatar.com\\\/avatar\\\/236827d2ee9bf15e1ea99e0c1cd1b467cffa55e324d177638d0f8de7950cbae6?s=96&d=mm&r=g\",\"url\":\"https:\\\/\\\/secure.gravatar.com\\\/avatar\\\/236827d2ee9bf15e1ea99e0c1cd1b467cffa55e324d177638d0f8de7950cbae6?s=96&d=mm&r=g\",\"contentUrl\":\"https:\\\/\\\/secure.gravatar.com\\\/avatar\\\/236827d2ee9bf15e1ea99e0c1cd1b467cffa55e324d177638d0f8de7950cbae6?s=96&d=mm&r=g\",\"caption\":\"AFP\"},\"url\":\"https:\\\/\\\/fuentesfidedignas.com.mx\\\/index.php\\\/author\\\/afp\\\/\"}]}<\/script>\n<!-- \/ Yoast SEO plugin. -->","yoast_head_json":{"title":"Donald Trump es diagnosticado con insuficiencia venosa cr\u00f3nica - Fuentes Fidedignas","robots":{"index":"index","follow":"follow","max-snippet":"max-snippet:-1","max-image-preview":"max-image-preview:large","max-video-preview":"max-video-preview:-1"},"canonical":"https:\/\/fuentesfidedignas.com.mx\/index.php\/2025\/07\/17\/donald-trump-es-diagnosticado-con-insuficiencia-venosa-cronica\/","og_locale":"es_MX","og_type":"article","og_title":"Donald Trump es diagnosticado con insuficiencia venosa cr\u00f3nica - Fuentes Fidedignas","og_description":"Seg\u00fan el m\u00e9dico presidencial, el presidente estadounidense padece de una afecci\u00f3n en la que las venas da\u00f1adas de las piernas no mantienen un flujo sangu\u00edneo adecuado, inform\u00f3 la portavoz de la Casa Blanca, Karoline Leavitt. El presidente de Estados Unidos, Donald Trump, ha sido diagnosticado con una insuficiencia venosa cr\u00f3nica &#8220;benigna&#8221; tras someterse a un [&hellip;]","og_url":"https:\/\/fuentesfidedignas.com.mx\/index.php\/2025\/07\/17\/donald-trump-es-diagnosticado-con-insuficiencia-venosa-cronica\/","og_site_name":"Fuentes Fidedignas","article_publisher":"https:\/\/www.facebook.com\/Fuentes-Fidedignas-368234489921644","article_published_time":"2025-07-17T20:04:29+00:00","article_modified_time":"2025-07-17T20:04:39+00:00","og_image":[{"width":500,"height":330,"url":"https:\/\/fuentesfidedignas.com.mx\/wp-content\/uploads\/2025\/07\/Donald-Trump.jpg","type":"image\/jpeg"}],"author":"AFP","twitter_card":"summary_large_image","twitter_creator":"@fidedignas","twitter_site":"@fidedignas","twitter_misc":{"Escrito por":"AFP","Tiempo de lectura":"2 minutos"},"schema":{"@context":"https:\/\/schema.org","@graph":[{"@type":"Article","@id":"https:\/\/fuentesfidedignas.com.mx\/index.php\/2025\/07\/17\/donald-trump-es-diagnosticado-con-insuficiencia-venosa-cronica\/#article","isPartOf":{"@id":"https:\/\/fuentesfidedignas.com.mx\/index.php\/2025\/07\/17\/donald-trump-es-diagnosticado-con-insuficiencia-venosa-cronica\/"},"author":{"name":"AFP","@id":"https:\/\/fuentesfidedignas.com.mx\/#\/schema\/person\/1827b38c6cf89e1d6cc7d78ca3fae732"},"headline":"Donald Trump es diagnosticado con insuficiencia venosa cr\u00f3nica","datePublished":"2025-07-17T20:04:29+00:00","dateModified":"2025-07-17T20:04:39+00:00","mainEntityOfPage":{"@id":"https:\/\/fuentesfidedignas.com.mx\/index.php\/2025\/07\/17\/donald-trump-es-diagnosticado-con-insuficiencia-venosa-cronica\/"},"wordCount":355,"commentCount":0,"publisher":{"@id":"https:\/\/fuentesfidedignas.com.mx\/#organization"},"image":{"@id":"https:\/\/fuentesfidedignas.com.mx\/index.php\/2025\/07\/17\/donald-trump-es-diagnosticado-con-insuficiencia-venosa-cronica\/#primaryimage"},"thumbnailUrl":"https:\/\/fuentesfidedignas.com.mx\/wp-content\/uploads\/2025\/07\/Donald-Trump.jpg","articleSection":["NOTICIAS NACIONALES"],"inLanguage":"es","potentialAction":[{"@type":"CommentAction","name":"Comment","target":["https:\/\/fuentesfidedignas.com.mx\/index.php\/2025\/07\/17\/donald-trump-es-diagnosticado-con-insuficiencia-venosa-cronica\/#respond"]}]},{"@type":"WebPage","@id":"https:\/\/fuentesfidedignas.com.mx\/index.php\/2025\/07\/17\/donald-trump-es-diagnosticado-con-insuficiencia-venosa-cronica\/","url":"https:\/\/fuentesfidedignas.com.mx\/index.php\/2025\/07\/17\/donald-trump-es-diagnosticado-con-insuficiencia-venosa-cronica\/","name":"Donald Trump es diagnosticado con insuficiencia venosa cr\u00f3nica - Fuentes Fidedignas","isPartOf":{"@id":"https:\/\/fuentesfidedignas.com.mx\/#website"},"primaryImageOfPage":{"@id":"https:\/\/fuentesfidedignas.com.mx\/index.php\/2025\/07\/17\/donald-trump-es-diagnosticado-con-insuficiencia-venosa-cronica\/#primaryimage"},"image":{"@id":"https:\/\/fuentesfidedignas.com.mx\/index.php\/2025\/07\/17\/donald-trump-es-diagnosticado-con-insuficiencia-venosa-cronica\/#primaryimage"},"thumbnailUrl":"https:\/\/fuentesfidedignas.com.mx\/wp-content\/uploads\/2025\/07\/Donald-Trump.jpg","datePublished":"2025-07-17T20:04:29+00:00","dateModified":"2025-07-17T20:04:39+00:00","breadcrumb":{"@id":"https:\/\/fuentesfidedignas.com.mx\/index.php\/2025\/07\/17\/donald-trump-es-diagnosticado-con-insuficiencia-venosa-cronica\/#breadcrumb"},"inLanguage":"es","potentialAction":[{"@type":"ReadAction","target":["https:\/\/fuentesfidedignas.com.mx\/index.php\/2025\/07\/17\/donald-trump-es-diagnosticado-con-insuficiencia-venosa-cronica\/"]}]},{"@type":"ImageObject","inLanguage":"es","@id":"https:\/\/fuentesfidedignas.com.mx\/index.php\/2025\/07\/17\/donald-trump-es-diagnosticado-con-insuficiencia-venosa-cronica\/#primaryimage","url":"https:\/\/fuentesfidedignas.com.mx\/wp-content\/uploads\/2025\/07\/Donald-Trump.jpg","contentUrl":"https:\/\/fuentesfidedignas.com.mx\/wp-content\/uploads\/2025\/07\/Donald-Trump.jpg","width":500,"height":330},{"@type":"BreadcrumbList","@id":"https:\/\/fuentesfidedignas.com.mx\/index.php\/2025\/07\/17\/donald-trump-es-diagnosticado-con-insuficiencia-venosa-cronica\/#breadcrumb","itemListElement":[{"@type":"ListItem","position":1,"name":"Inicio","item":"https:\/\/fuentesfidedignas.com.mx\/"},{"@type":"ListItem","position":2,"name":"Donald Trump es diagnosticado con insuficiencia venosa cr\u00f3nica"}]},{"@type":"WebSite","@id":"https:\/\/fuentesfidedignas.com.mx\/#website","url":"https:\/\/fuentesfidedignas.com.mx\/","name":"Fuentes Fidedignas","description":"Otro sitio realizado con WordPress","publisher":{"@id":"https:\/\/fuentesfidedignas.com.mx\/#organization"},"potentialAction":[{"@type":"SearchAction","target":{"@type":"EntryPoint","urlTemplate":"https:\/\/fuentesfidedignas.com.mx\/?s={search_term_string}"},"query-input":{"@type":"PropertyValueSpecification","valueRequired":true,"valueName":"search_term_string"}}],"inLanguage":"es"},{"@type":"Organization","@id":"https:\/\/fuentesfidedignas.com.mx\/#organization","name":"Fuentes Fidedignas","url":"https:\/\/fuentesfidedignas.com.mx\/","logo":{"@type":"ImageObject","inLanguage":"es","@id":"https:\/\/fuentesfidedignas.com.mx\/#\/schema\/logo\/image\/","url":"https:\/\/fuentesfidedignas.com.mx\/wp-content\/uploads\/2021\/04\/logo-retina.png","contentUrl":"https:\/\/fuentesfidedignas.com.mx\/wp-content\/uploads\/2021\/04\/logo-retina.png","width":280,"height":51,"caption":"Fuentes Fidedignas"},"image":{"@id":"https:\/\/fuentesfidedignas.com.mx\/#\/schema\/logo\/image\/"},"sameAs":["https:\/\/www.facebook.com\/Fuentes-Fidedignas-368234489921644","https:\/\/x.com\/fidedignas"]},{"@type":"Person","@id":"https:\/\/fuentesfidedignas.com.mx\/#\/schema\/person\/1827b38c6cf89e1d6cc7d78ca3fae732","name":"AFP","image":{"@type":"ImageObject","inLanguage":"es","@id":"https:\/\/secure.gravatar.com\/avatar\/236827d2ee9bf15e1ea99e0c1cd1b467cffa55e324d177638d0f8de7950cbae6?s=96&d=mm&r=g","url":"https:\/\/secure.gravatar.com\/avatar\/236827d2ee9bf15e1ea99e0c1cd1b467cffa55e324d177638d0f8de7950cbae6?s=96&d=mm&r=g","contentUrl":"https:\/\/secure.gravatar.com\/avatar\/236827d2ee9bf15e1ea99e0c1cd1b467cffa55e324d177638d0f8de7950cbae6?s=96&d=mm&r=g","caption":"AFP"},"url":"https:\/\/fuentesfidedignas.com.mx\/index.php\/author\/afp\/"}]}},"_links":{"self":[{"href":"https:\/\/fuentesfidedignas.com.mx\/index.php\/wp-json\/wp\/v2\/posts\/113079","targetHints":{"allow":["GET"]}}],"collection":[{"href":"https:\/\/fuentesfidedignas.com.mx\/index.php\/wp-json\/wp\/v2\/posts"}],"about":[{"href":"https:\/\/fuentesfidedignas.com.mx\/index.php\/wp-json\/wp\/v2\/types\/post"}],"author":[{"embeddable":true,"href":"https:\/\/fuentesfidedignas.com.mx\/index.php\/wp-json\/wp\/v2\/users\/12"}],"replies":[{"embeddable":true,"href":"https:\/\/fuentesfidedignas.com.mx\/index.php\/wp-json\/wp\/v2\/comments?post=113079"}],"version-history":[{"count":1,"href":"https:\/\/fuentesfidedignas.com.mx\/index.php\/wp-json\/wp\/v2\/posts\/113079\/revisions"}],"predecessor-version":[{"id":113081,"href":"https:\/\/fuentesfidedignas.com.mx\/index.php\/wp-json\/wp\/v2\/posts\/113079\/revisions\/113081"}],"wp:featuredmedia":[{"embeddable":true,"href":"https:\/\/fuentesfidedignas.com.mx\/index.php\/wp-json\/wp\/v2\/media\/113080"}],"wp:attachment":[{"href":"https:\/\/fuentesfidedignas.com.mx\/index.php\/wp-json\/wp\/v2\/media?parent=113079"}],"wp:term":[{"taxonomy":"category","embeddable":true,"href":"https:\/\/fuentesfidedignas.com.mx\/index.php\/wp-json\/wp\/v2\/categories?post=113079"},{"taxonomy":"post_tag","embeddable":true,"href":"https:\/\/fuentesfidedignas.com.mx\/index.php\/wp-json\/wp\/v2\/tags?post=113079"}],"curies":[{"name":"wp","href":"https:\/\/api.w.org\/{rel}","templated":true}]}}