{"id":112943,"date":"2025-07-15T16:37:40","date_gmt":"2025-07-15T23:37:40","guid":{"rendered":"https:\/\/fuentesfidedignas.com.mx\/?p=112943"},"modified":"2025-07-15T16:37:40","modified_gmt":"2025-07-15T23:37:40","slug":"rodolfo-valenzuela-llama-a-fortalecer-el-deporte-como-politica-publica-en-sinaloa","status":"publish","type":"post","link":"https:\/\/fuentesfidedignas.com.mx\/index.php\/2025\/07\/15\/rodolfo-valenzuela-llama-a-fortalecer-el-deporte-como-politica-publica-en-sinaloa\/","title":{"rendered":"Rodolfo Valenzuela llama a fortalecer el deporte como pol\u00edtica p\u00fablica en Sinaloa"},"content":{"rendered":"\n<p class=\"p1\"><\/p>\n\n\n\n<p class=\"p1\"><strong><em>El diputado del Partido Verde reafirma su compromiso de convertir al deporte en una herramienta de paz y transformaci\u00f3n social<\/em><\/strong><\/p>\n\n\n\n<p class=\"p1\">Culiac\u00e1n, Sinaloa.\u2014 Durante la sesi\u00f3n ordinaria de este martes en el Congreso del Estado, el diputado Rodolfo Valenzuela Meza, coordinador del Grupo Parlamentario del Partido Verde Ecologista de M\u00e9xico, hizo un en\u00e9rgico llamado a fortalecer el impulso al deporte en Sinaloa, especialmente entre ni\u00f1as, ni\u00f1os y j\u00f3venes.<\/p>\n\n\n\n<p class=\"p1\">Valenzuela destac\u00f3 que el deporte no solo forma campeones, sino ciudadanos con disciplina, salud y valores. El deporte es clave para prevenir adicciones, alejar a nuestros j\u00f3venes de la violencia y reconstruir el tejido social desde las colonias, las sindicaturas y las comunidades m\u00e1s olvidadas, expres\u00f3 en tribuna.<\/p>\n\n\n\n<p class=\"p1\">Ante la presencia de decenas de ni\u00f1as, ni\u00f1os, j\u00f3venes deportistas, entrenadores y padres de familia, el legislador record\u00f3 que ya present\u00f3 una propuesta para que los bienes asegurados al narcotr\u00e1fico sean destinados a infraestructura y programas deportivos en el estado.<\/p>\n\n\n\n<figure class=\"wp-block-image size-large\"><img decoding=\"async\" width=\"1024\" height=\"684\" src=\"https:\/\/fuentesfidedignas.com.mx\/wp-content\/uploads\/2025\/07\/f742ab46-96d1-471c-8e0d-334a343f8fd3-1-1024x684.jpg\" class=\"wp-image-112941\" srcset=\"https:\/\/fuentesfidedignas.com.mx\/wp-content\/uploads\/2025\/07\/f742ab46-96d1-471c-8e0d-334a343f8fd3-1-1024x684.jpg 1024w, https:\/\/fuentesfidedignas.com.mx\/wp-content\/uploads\/2025\/07\/f742ab46-96d1-471c-8e0d-334a343f8fd3-1-300x200.jpg 300w, https:\/\/fuentesfidedignas.com.mx\/wp-content\/uploads\/2025\/07\/f742ab46-96d1-471c-8e0d-334a343f8fd3-1-768x513.jpg 768w, https:\/\/fuentesfidedignas.com.mx\/wp-content\/uploads\/2025\/07\/f742ab46-96d1-471c-8e0d-334a343f8fd3-1.jpg 1280w\" sizes=\"(max-width: 1024px) 100vw, 1024px\" \/><\/figure>\n\n\n\n<p class=\"p1\">Tenemos la oportunidad de transformar lo que una vez caus\u00f3 da\u00f1o en espacios de vida, salud y esperanza. Invertir en deporte es invertir en paz, a\u00f1adi\u00f3.<\/p>\n\n\n\n<p class=\"p1\">Valenzuela subray\u00f3 que el acceso al deporte debe ser un derecho garantizado, no un privilegio, y reiter\u00f3 su compromiso de impulsar desde el Congreso reformas y presupuesto que aseguren apoyos reales para las y los deportistas sinaloenses.<\/p>\n","protected":false},"excerpt":{"rendered":"<p>El diputado del Partido Verde reafirma su compromiso de convertir al deporte en una herramienta de paz y transformaci\u00f3n social Culiac\u00e1n, Sinaloa.\u2014 Durante la sesi\u00f3n ordinaria de este martes en el Congreso del Estado, el diputado Rodolfo Valenzuela Meza, coordinador del Grupo Parlamentario del Partido Verde Ecologista de M\u00e9xico, hizo un en\u00e9rgico llamado a fortalecer [&hellip;]<\/p>\n","protected":false},"author":4,"featured_media":112942,"comment_status":"closed","ping_status":"open","sticky":false,"template":"","format":"standard","meta":{"tdm_status":"","tdm_grid_status":"","footnotes":""},"categories":[38],"tags":[],"class_list":{"0":"post-112943","1":"post","2":"type-post","3":"status-publish","4":"format-standard","5":"has-post-thumbnail","7":"category-noticias-locales"},"yoast_head":"<!-- This site is optimized with the Yoast SEO plugin v27.5 - https:\/\/yoast.com\/product\/yoast-seo-wordpress\/ -->\n<title>Rodolfo Valenzuela llama a fortalecer el deporte como pol\u00edtica p\u00fablica en Sinaloa - Fuentes Fidedignas<\/title>\n<meta name=\"robots\" content=\"index, follow, max-snippet:-1, max-image-preview:large, max-video-preview:-1\" \/>\n<link rel=\"canonical\" href=\"https:\/\/fuentesfidedignas.com.mx\/index.php\/2025\/07\/15\/rodolfo-valenzuela-llama-a-fortalecer-el-deporte-como-politica-publica-en-sinaloa\/\" \/>\n<meta property=\"og:locale\" content=\"es_MX\" \/>\n<meta property=\"og:type\" content=\"article\" \/>\n<meta property=\"og:title\" content=\"Rodolfo Valenzuela llama a fortalecer el deporte como pol\u00edtica p\u00fablica en Sinaloa - Fuentes Fidedignas\" \/>\n<meta property=\"og:description\" content=\"El diputado del Partido Verde reafirma su compromiso de convertir al deporte en una herramienta de paz y transformaci\u00f3n social Culiac\u00e1n, Sinaloa.\u2014 Durante la sesi\u00f3n ordinaria de este martes en el Congreso del Estado, el diputado Rodolfo Valenzuela Meza, coordinador del Grupo Parlamentario del Partido Verde Ecologista de M\u00e9xico, hizo un en\u00e9rgico llamado a fortalecer [&hellip;]\" \/>\n<meta property=\"og:url\" content=\"https:\/\/fuentesfidedignas.com.mx\/index.php\/2025\/07\/15\/rodolfo-valenzuela-llama-a-fortalecer-el-deporte-como-politica-publica-en-sinaloa\/\" \/>\n<meta property=\"og:site_name\" content=\"Fuentes Fidedignas\" \/>\n<meta property=\"article:publisher\" content=\"https:\/\/www.facebook.com\/Fuentes-Fidedignas-368234489921644\" \/>\n<meta property=\"article:published_time\" content=\"2025-07-15T23:37:40+00:00\" \/>\n<meta property=\"og:image\" content=\"https:\/\/fuentesfidedignas.com.mx\/wp-content\/uploads\/2025\/07\/96e078d9-df64-46df-b117-82e261a03a78-1.jpg\" \/>\n\t<meta property=\"og:image:width\" content=\"1280\" \/>\n\t<meta property=\"og:image:height\" content=\"960\" \/>\n\t<meta property=\"og:image:type\" content=\"image\/jpeg\" \/>\n<meta name=\"author\" content=\"Redacci\u00f3n\" \/>\n<meta name=\"twitter:card\" content=\"summary_large_image\" \/>\n<meta name=\"twitter:creator\" content=\"@fidedignas\" \/>\n<meta name=\"twitter:site\" content=\"@fidedignas\" \/>\n<meta name=\"twitter:label1\" content=\"Escrito por\" \/>\n\t<meta name=\"twitter:data1\" content=\"Redacci\u00f3n\" \/>\n\t<meta name=\"twitter:label2\" content=\"Tiempo de lectura\" \/>\n\t<meta name=\"twitter:data2\" content=\"1 minuto\" \/>\n<script type=\"application\/ld+json\" class=\"yoast-schema-graph\">{\"@context\":\"https:\\\/\\\/schema.org\",\"@graph\":[{\"@type\":\"Article\",\"@id\":\"https:\\\/\\\/fuentesfidedignas.com.mx\\\/index.php\\\/2025\\\/07\\\/15\\\/rodolfo-valenzuela-llama-a-fortalecer-el-deporte-como-politica-publica-en-sinaloa\\\/#article\",\"isPartOf\":{\"@id\":\"https:\\\/\\\/fuentesfidedignas.com.mx\\\/index.php\\\/2025\\\/07\\\/15\\\/rodolfo-valenzuela-llama-a-fortalecer-el-deporte-como-politica-publica-en-sinaloa\\\/\"},\"author\":{\"name\":\"Redacci\u00f3n\",\"@id\":\"https:\\\/\\\/fuentesfidedignas.com.mx\\\/#\\\/schema\\\/person\\\/331be9283d37198e2acd5750279085b0\"},\"headline\":\"Rodolfo Valenzuela llama a fortalecer el deporte como pol\u00edtica p\u00fablica en Sinaloa\",\"datePublished\":\"2025-07-15T23:37:40+00:00\",\"mainEntityOfPage\":{\"@id\":\"https:\\\/\\\/fuentesfidedignas.com.mx\\\/index.php\\\/2025\\\/07\\\/15\\\/rodolfo-valenzuela-llama-a-fortalecer-el-deporte-como-politica-publica-en-sinaloa\\\/\"},\"wordCount\":248,\"publisher\":{\"@id\":\"https:\\\/\\\/fuentesfidedignas.com.mx\\\/#organization\"},\"image\":{\"@id\":\"https:\\\/\\\/fuentesfidedignas.com.mx\\\/index.php\\\/2025\\\/07\\\/15\\\/rodolfo-valenzuela-llama-a-fortalecer-el-deporte-como-politica-publica-en-sinaloa\\\/#primaryimage\"},\"thumbnailUrl\":\"https:\\\/\\\/fuentesfidedignas.com.mx\\\/wp-content\\\/uploads\\\/2025\\\/07\\\/96e078d9-df64-46df-b117-82e261a03a78-1.jpg\",\"articleSection\":[\"NOTICIAS LOCALES\"],\"inLanguage\":\"es\"},{\"@type\":\"WebPage\",\"@id\":\"https:\\\/\\\/fuentesfidedignas.com.mx\\\/index.php\\\/2025\\\/07\\\/15\\\/rodolfo-valenzuela-llama-a-fortalecer-el-deporte-como-politica-publica-en-sinaloa\\\/\",\"url\":\"https:\\\/\\\/fuentesfidedignas.com.mx\\\/index.php\\\/2025\\\/07\\\/15\\\/rodolfo-valenzuela-llama-a-fortalecer-el-deporte-como-politica-publica-en-sinaloa\\\/\",\"name\":\"Rodolfo Valenzuela llama a fortalecer el deporte como pol\u00edtica p\u00fablica en Sinaloa - Fuentes Fidedignas\",\"isPartOf\":{\"@id\":\"https:\\\/\\\/fuentesfidedignas.com.mx\\\/#website\"},\"primaryImageOfPage\":{\"@id\":\"https:\\\/\\\/fuentesfidedignas.com.mx\\\/index.php\\\/2025\\\/07\\\/15\\\/rodolfo-valenzuela-llama-a-fortalecer-el-deporte-como-politica-publica-en-sinaloa\\\/#primaryimage\"},\"image\":{\"@id\":\"https:\\\/\\\/fuentesfidedignas.com.mx\\\/index.php\\\/2025\\\/07\\\/15\\\/rodolfo-valenzuela-llama-a-fortalecer-el-deporte-como-politica-publica-en-sinaloa\\\/#primaryimage\"},\"thumbnailUrl\":\"https:\\\/\\\/fuentesfidedignas.com.mx\\\/wp-content\\\/uploads\\\/2025\\\/07\\\/96e078d9-df64-46df-b117-82e261a03a78-1.jpg\",\"datePublished\":\"2025-07-15T23:37:40+00:00\",\"breadcrumb\":{\"@id\":\"https:\\\/\\\/fuentesfidedignas.com.mx\\\/index.php\\\/2025\\\/07\\\/15\\\/rodolfo-valenzuela-llama-a-fortalecer-el-deporte-como-politica-publica-en-sinaloa\\\/#breadcrumb\"},\"inLanguage\":\"es\",\"potentialAction\":[{\"@type\":\"ReadAction\",\"target\":[\"https:\\\/\\\/fuentesfidedignas.com.mx\\\/index.php\\\/2025\\\/07\\\/15\\\/rodolfo-valenzuela-llama-a-fortalecer-el-deporte-como-politica-publica-en-sinaloa\\\/\"]}]},{\"@type\":\"ImageObject\",\"inLanguage\":\"es\",\"@id\":\"https:\\\/\\\/fuentesfidedignas.com.mx\\\/index.php\\\/2025\\\/07\\\/15\\\/rodolfo-valenzuela-llama-a-fortalecer-el-deporte-como-politica-publica-en-sinaloa\\\/#primaryimage\",\"url\":\"https:\\\/\\\/fuentesfidedignas.com.mx\\\/wp-content\\\/uploads\\\/2025\\\/07\\\/96e078d9-df64-46df-b117-82e261a03a78-1.jpg\",\"contentUrl\":\"https:\\\/\\\/fuentesfidedignas.com.mx\\\/wp-content\\\/uploads\\\/2025\\\/07\\\/96e078d9-df64-46df-b117-82e261a03a78-1.jpg\",\"width\":1280,\"height\":960},{\"@type\":\"BreadcrumbList\",\"@id\":\"https:\\\/\\\/fuentesfidedignas.com.mx\\\/index.php\\\/2025\\\/07\\\/15\\\/rodolfo-valenzuela-llama-a-fortalecer-el-deporte-como-politica-publica-en-sinaloa\\\/#breadcrumb\",\"itemListElement\":[{\"@type\":\"ListItem\",\"position\":1,\"name\":\"Inicio\",\"item\":\"https:\\\/\\\/fuentesfidedignas.com.mx\\\/\"},{\"@type\":\"ListItem\",\"position\":2,\"name\":\"Rodolfo Valenzuela llama a fortalecer el deporte como pol\u00edtica p\u00fablica en Sinaloa\"}]},{\"@type\":\"WebSite\",\"@id\":\"https:\\\/\\\/fuentesfidedignas.com.mx\\\/#website\",\"url\":\"https:\\\/\\\/fuentesfidedignas.com.mx\\\/\",\"name\":\"Fuentes Fidedignas\",\"description\":\"Otro sitio realizado con WordPress\",\"publisher\":{\"@id\":\"https:\\\/\\\/fuentesfidedignas.com.mx\\\/#organization\"},\"potentialAction\":[{\"@type\":\"SearchAction\",\"target\":{\"@type\":\"EntryPoint\",\"urlTemplate\":\"https:\\\/\\\/fuentesfidedignas.com.mx\\\/?s={search_term_string}\"},\"query-input\":{\"@type\":\"PropertyValueSpecification\",\"valueRequired\":true,\"valueName\":\"search_term_string\"}}],\"inLanguage\":\"es\"},{\"@type\":\"Organization\",\"@id\":\"https:\\\/\\\/fuentesfidedignas.com.mx\\\/#organization\",\"name\":\"Fuentes Fidedignas\",\"url\":\"https:\\\/\\\/fuentesfidedignas.com.mx\\\/\",\"logo\":{\"@type\":\"ImageObject\",\"inLanguage\":\"es\",\"@id\":\"https:\\\/\\\/fuentesfidedignas.com.mx\\\/#\\\/schema\\\/logo\\\/image\\\/\",\"url\":\"https:\\\/\\\/fuentesfidedignas.com.mx\\\/wp-content\\\/uploads\\\/2021\\\/04\\\/logo-retina.png\",\"contentUrl\":\"https:\\\/\\\/fuentesfidedignas.com.mx\\\/wp-content\\\/uploads\\\/2021\\\/04\\\/logo-retina.png\",\"width\":280,\"height\":51,\"caption\":\"Fuentes Fidedignas\"},\"image\":{\"@id\":\"https:\\\/\\\/fuentesfidedignas.com.mx\\\/#\\\/schema\\\/logo\\\/image\\\/\"},\"sameAs\":[\"https:\\\/\\\/www.facebook.com\\\/Fuentes-Fidedignas-368234489921644\",\"https:\\\/\\\/x.com\\\/fidedignas\"]},{\"@type\":\"Person\",\"@id\":\"https:\\\/\\\/fuentesfidedignas.com.mx\\\/#\\\/schema\\\/person\\\/331be9283d37198e2acd5750279085b0\",\"name\":\"Redacci\u00f3n\",\"image\":{\"@type\":\"ImageObject\",\"inLanguage\":\"es\",\"@id\":\"https:\\\/\\\/secure.gravatar.com\\\/avatar\\\/f6d8782c11d12b2d4ad3fbb6931aeab5309937a4d6cd2fc9cfaa28a6396a5aec?s=96&d=mm&r=g\",\"url\":\"https:\\\/\\\/secure.gravatar.com\\\/avatar\\\/f6d8782c11d12b2d4ad3fbb6931aeab5309937a4d6cd2fc9cfaa28a6396a5aec?s=96&d=mm&r=g\",\"contentUrl\":\"https:\\\/\\\/secure.gravatar.com\\\/avatar\\\/f6d8782c11d12b2d4ad3fbb6931aeab5309937a4d6cd2fc9cfaa28a6396a5aec?s=96&d=mm&r=g\",\"caption\":\"Redacci\u00f3n\"},\"url\":\"https:\\\/\\\/fuentesfidedignas.com.mx\\\/index.php\\\/author\\\/redaccion\\\/\"}]}<\/script>\n<!-- \/ Yoast SEO plugin. -->","yoast_head_json":{"title":"Rodolfo Valenzuela llama a fortalecer el deporte como pol\u00edtica p\u00fablica en Sinaloa - Fuentes Fidedignas","robots":{"index":"index","follow":"follow","max-snippet":"max-snippet:-1","max-image-preview":"max-image-preview:large","max-video-preview":"max-video-preview:-1"},"canonical":"https:\/\/fuentesfidedignas.com.mx\/index.php\/2025\/07\/15\/rodolfo-valenzuela-llama-a-fortalecer-el-deporte-como-politica-publica-en-sinaloa\/","og_locale":"es_MX","og_type":"article","og_title":"Rodolfo Valenzuela llama a fortalecer el deporte como pol\u00edtica p\u00fablica en Sinaloa - Fuentes Fidedignas","og_description":"El diputado del Partido Verde reafirma su compromiso de convertir al deporte en una herramienta de paz y transformaci\u00f3n social Culiac\u00e1n, Sinaloa.\u2014 Durante la sesi\u00f3n ordinaria de este martes en el Congreso del Estado, el diputado Rodolfo Valenzuela Meza, coordinador del Grupo Parlamentario del Partido Verde Ecologista de M\u00e9xico, hizo un en\u00e9rgico llamado a fortalecer [&hellip;]","og_url":"https:\/\/fuentesfidedignas.com.mx\/index.php\/2025\/07\/15\/rodolfo-valenzuela-llama-a-fortalecer-el-deporte-como-politica-publica-en-sinaloa\/","og_site_name":"Fuentes Fidedignas","article_publisher":"https:\/\/www.facebook.com\/Fuentes-Fidedignas-368234489921644","article_published_time":"2025-07-15T23:37:40+00:00","og_image":[{"width":1280,"height":960,"url":"https:\/\/fuentesfidedignas.com.mx\/wp-content\/uploads\/2025\/07\/96e078d9-df64-46df-b117-82e261a03a78-1.jpg","type":"image\/jpeg"}],"author":"Redacci\u00f3n","twitter_card":"summary_large_image","twitter_creator":"@fidedignas","twitter_site":"@fidedignas","twitter_misc":{"Escrito por":"Redacci\u00f3n","Tiempo de lectura":"1 minuto"},"schema":{"@context":"https:\/\/schema.org","@graph":[{"@type":"Article","@id":"https:\/\/fuentesfidedignas.com.mx\/index.php\/2025\/07\/15\/rodolfo-valenzuela-llama-a-fortalecer-el-deporte-como-politica-publica-en-sinaloa\/#article","isPartOf":{"@id":"https:\/\/fuentesfidedignas.com.mx\/index.php\/2025\/07\/15\/rodolfo-valenzuela-llama-a-fortalecer-el-deporte-como-politica-publica-en-sinaloa\/"},"author":{"name":"Redacci\u00f3n","@id":"https:\/\/fuentesfidedignas.com.mx\/#\/schema\/person\/331be9283d37198e2acd5750279085b0"},"headline":"Rodolfo Valenzuela llama a fortalecer el deporte como pol\u00edtica p\u00fablica en Sinaloa","datePublished":"2025-07-15T23:37:40+00:00","mainEntityOfPage":{"@id":"https:\/\/fuentesfidedignas.com.mx\/index.php\/2025\/07\/15\/rodolfo-valenzuela-llama-a-fortalecer-el-deporte-como-politica-publica-en-sinaloa\/"},"wordCount":248,"publisher":{"@id":"https:\/\/fuentesfidedignas.com.mx\/#organization"},"image":{"@id":"https:\/\/fuentesfidedignas.com.mx\/index.php\/2025\/07\/15\/rodolfo-valenzuela-llama-a-fortalecer-el-deporte-como-politica-publica-en-sinaloa\/#primaryimage"},"thumbnailUrl":"https:\/\/fuentesfidedignas.com.mx\/wp-content\/uploads\/2025\/07\/96e078d9-df64-46df-b117-82e261a03a78-1.jpg","articleSection":["NOTICIAS LOCALES"],"inLanguage":"es"},{"@type":"WebPage","@id":"https:\/\/fuentesfidedignas.com.mx\/index.php\/2025\/07\/15\/rodolfo-valenzuela-llama-a-fortalecer-el-deporte-como-politica-publica-en-sinaloa\/","url":"https:\/\/fuentesfidedignas.com.mx\/index.php\/2025\/07\/15\/rodolfo-valenzuela-llama-a-fortalecer-el-deporte-como-politica-publica-en-sinaloa\/","name":"Rodolfo Valenzuela llama a fortalecer el deporte como pol\u00edtica p\u00fablica en Sinaloa - Fuentes Fidedignas","isPartOf":{"@id":"https:\/\/fuentesfidedignas.com.mx\/#website"},"primaryImageOfPage":{"@id":"https:\/\/fuentesfidedignas.com.mx\/index.php\/2025\/07\/15\/rodolfo-valenzuela-llama-a-fortalecer-el-deporte-como-politica-publica-en-sinaloa\/#primaryimage"},"image":{"@id":"https:\/\/fuentesfidedignas.com.mx\/index.php\/2025\/07\/15\/rodolfo-valenzuela-llama-a-fortalecer-el-deporte-como-politica-publica-en-sinaloa\/#primaryimage"},"thumbnailUrl":"https:\/\/fuentesfidedignas.com.mx\/wp-content\/uploads\/2025\/07\/96e078d9-df64-46df-b117-82e261a03a78-1.jpg","datePublished":"2025-07-15T23:37:40+00:00","breadcrumb":{"@id":"https:\/\/fuentesfidedignas.com.mx\/index.php\/2025\/07\/15\/rodolfo-valenzuela-llama-a-fortalecer-el-deporte-como-politica-publica-en-sinaloa\/#breadcrumb"},"inLanguage":"es","potentialAction":[{"@type":"ReadAction","target":["https:\/\/fuentesfidedignas.com.mx\/index.php\/2025\/07\/15\/rodolfo-valenzuela-llama-a-fortalecer-el-deporte-como-politica-publica-en-sinaloa\/"]}]},{"@type":"ImageObject","inLanguage":"es","@id":"https:\/\/fuentesfidedignas.com.mx\/index.php\/2025\/07\/15\/rodolfo-valenzuela-llama-a-fortalecer-el-deporte-como-politica-publica-en-sinaloa\/#primaryimage","url":"https:\/\/fuentesfidedignas.com.mx\/wp-content\/uploads\/2025\/07\/96e078d9-df64-46df-b117-82e261a03a78-1.jpg","contentUrl":"https:\/\/fuentesfidedignas.com.mx\/wp-content\/uploads\/2025\/07\/96e078d9-df64-46df-b117-82e261a03a78-1.jpg","width":1280,"height":960},{"@type":"BreadcrumbList","@id":"https:\/\/fuentesfidedignas.com.mx\/index.php\/2025\/07\/15\/rodolfo-valenzuela-llama-a-fortalecer-el-deporte-como-politica-publica-en-sinaloa\/#breadcrumb","itemListElement":[{"@type":"ListItem","position":1,"name":"Inicio","item":"https:\/\/fuentesfidedignas.com.mx\/"},{"@type":"ListItem","position":2,"name":"Rodolfo Valenzuela llama a fortalecer el deporte como pol\u00edtica p\u00fablica en Sinaloa"}]},{"@type":"WebSite","@id":"https:\/\/fuentesfidedignas.com.mx\/#website","url":"https:\/\/fuentesfidedignas.com.mx\/","name":"Fuentes Fidedignas","description":"Otro sitio realizado con WordPress","publisher":{"@id":"https:\/\/fuentesfidedignas.com.mx\/#organization"},"potentialAction":[{"@type":"SearchAction","target":{"@type":"EntryPoint","urlTemplate":"https:\/\/fuentesfidedignas.com.mx\/?s={search_term_string}"},"query-input":{"@type":"PropertyValueSpecification","valueRequired":true,"valueName":"search_term_string"}}],"inLanguage":"es"},{"@type":"Organization","@id":"https:\/\/fuentesfidedignas.com.mx\/#organization","name":"Fuentes Fidedignas","url":"https:\/\/fuentesfidedignas.com.mx\/","logo":{"@type":"ImageObject","inLanguage":"es","@id":"https:\/\/fuentesfidedignas.com.mx\/#\/schema\/logo\/image\/","url":"https:\/\/fuentesfidedignas.com.mx\/wp-content\/uploads\/2021\/04\/logo-retina.png","contentUrl":"https:\/\/fuentesfidedignas.com.mx\/wp-content\/uploads\/2021\/04\/logo-retina.png","width":280,"height":51,"caption":"Fuentes Fidedignas"},"image":{"@id":"https:\/\/fuentesfidedignas.com.mx\/#\/schema\/logo\/image\/"},"sameAs":["https:\/\/www.facebook.com\/Fuentes-Fidedignas-368234489921644","https:\/\/x.com\/fidedignas"]},{"@type":"Person","@id":"https:\/\/fuentesfidedignas.com.mx\/#\/schema\/person\/331be9283d37198e2acd5750279085b0","name":"Redacci\u00f3n","image":{"@type":"ImageObject","inLanguage":"es","@id":"https:\/\/secure.gravatar.com\/avatar\/f6d8782c11d12b2d4ad3fbb6931aeab5309937a4d6cd2fc9cfaa28a6396a5aec?s=96&d=mm&r=g","url":"https:\/\/secure.gravatar.com\/avatar\/f6d8782c11d12b2d4ad3fbb6931aeab5309937a4d6cd2fc9cfaa28a6396a5aec?s=96&d=mm&r=g","contentUrl":"https:\/\/secure.gravatar.com\/avatar\/f6d8782c11d12b2d4ad3fbb6931aeab5309937a4d6cd2fc9cfaa28a6396a5aec?s=96&d=mm&r=g","caption":"Redacci\u00f3n"},"url":"https:\/\/fuentesfidedignas.com.mx\/index.php\/author\/redaccion\/"}]}},"_links":{"self":[{"href":"https:\/\/fuentesfidedignas.com.mx\/index.php\/wp-json\/wp\/v2\/posts\/112943","targetHints":{"allow":["GET"]}}],"collection":[{"href":"https:\/\/fuentesfidedignas.com.mx\/index.php\/wp-json\/wp\/v2\/posts"}],"about":[{"href":"https:\/\/fuentesfidedignas.com.mx\/index.php\/wp-json\/wp\/v2\/types\/post"}],"author":[{"embeddable":true,"href":"https:\/\/fuentesfidedignas.com.mx\/index.php\/wp-json\/wp\/v2\/users\/4"}],"replies":[{"embeddable":true,"href":"https:\/\/fuentesfidedignas.com.mx\/index.php\/wp-json\/wp\/v2\/comments?post=112943"}],"version-history":[{"count":1,"href":"https:\/\/fuentesfidedignas.com.mx\/index.php\/wp-json\/wp\/v2\/posts\/112943\/revisions"}],"predecessor-version":[{"id":112944,"href":"https:\/\/fuentesfidedignas.com.mx\/index.php\/wp-json\/wp\/v2\/posts\/112943\/revisions\/112944"}],"wp:featuredmedia":[{"embeddable":true,"href":"https:\/\/fuentesfidedignas.com.mx\/index.php\/wp-json\/wp\/v2\/media\/112942"}],"wp:attachment":[{"href":"https:\/\/fuentesfidedignas.com.mx\/index.php\/wp-json\/wp\/v2\/media?parent=112943"}],"wp:term":[{"taxonomy":"category","embeddable":true,"href":"https:\/\/fuentesfidedignas.com.mx\/index.php\/wp-json\/wp\/v2\/categories?post=112943"},{"taxonomy":"post_tag","embeddable":true,"href":"https:\/\/fuentesfidedignas.com.mx\/index.php\/wp-json\/wp\/v2\/tags?post=112943"}],"curies":[{"name":"wp","href":"https:\/\/api.w.org\/{rel}","templated":true}]}}