{"id":112916,"date":"2025-07-15T12:16:31","date_gmt":"2025-07-15T19:16:31","guid":{"rendered":"https:\/\/fuentesfidedignas.com.mx\/?p=112916"},"modified":"2025-07-15T12:37:37","modified_gmt":"2025-07-15T19:37:37","slug":"asesinan-a-subcomandante-de-la-policia-de-mexicali-bc","status":"publish","type":"post","link":"https:\/\/fuentesfidedignas.com.mx\/index.php\/2025\/07\/15\/asesinan-a-subcomandante-de-la-policia-de-mexicali-bc\/","title":{"rendered":"Asesinan a subcomandante de la Polic\u00eda de Mexicali, BC"},"content":{"rendered":"\n<p><strong><em>El subcomandante de la Polic\u00eda de Mexicali, Roberto M\u00e9ndez, fue asesinado a disparos tras salir de su domicilio y disponerse a cruzar una calle<\/em><\/strong><\/p>\n\n\n\n<p>El subcomandante de la Polic\u00eda de Mexicali, Roberto M\u00e9ndez, fue asesinado a disparos tras salir de su domicilio y disponerse a cruzar una calle<\/p>\n\n\n\n<p>Roberto M\u00e9ndez, subcomandante de la Polic\u00eda de Mexicali, Baja California, fue asesinado a disparos.<\/p>\n\n\n\n<p>El homicidio se registr\u00f3 la noche del 14 de julio en el fraccionamiento Lomas Altas, cuando el oficial se encontraba fuera de servicio.<\/p>\n\n\n\n<iframe loading=\"lazy\" src=\"https:\/\/www.facebook.com\/plugins\/post.php?href=https%3A%2F%2Fwww.facebook.com%2FPoliciaMexicali%2Fposts%2Fpfbid04B51WpsaZ2iV2qCgFft3qVjACX1j6gcJ1Yps6gMp9Yi62w3sjeQAY6aZvP2HgCPcl&#038;show_text=true&#038;width=500\" width=\"500\" height=\"698\" style=\"border:none;overflow:hidden\" scrolling=\"no\" frameborder=\"0\" allowfullscreen=\"true\" allow=\"autoplay; clipboard-write; encrypted-media; picture-in-picture; web-share\"><\/iframe>\n\n\n\n<p>Una c\u00e1mara de seguridad capt\u00f3 el momento en que M\u00e9ndez Arreola sale de su casa y es atacado al llegar a la esquina.<\/p>\n\n\n\n<p>Dos sujetos armados dispararon en al menos diez ocasiones contra el oficial de 48 a\u00f1os de edad. Acto seguido escaparon.<\/p>\n\n\n\n<p>M\u00e9ndez Arreola era subcomandante de la Polic\u00eda adscrito al Valle de Mexicali.<\/p>\n\n\n\n<blockquote class=\"twitter-tweet\"><p lang=\"es\" dir=\"ltr\">Luis Felipe Chan asumi\u00f3 la Direcci\u00f3n de Seguridad P\u00fablica con el fin de implementar una estrategia clara y firme para preservar el orden en todo Mexicali.<br><br>Su llegada traer\u00e1 una polic\u00eda m\u00e1s cercana, con visi\u00f3n preventiva y trabajo en equipo con la comunidad.\ud83d\udc6e\ud83c\udffd\u200d\u2642\ufe0f\ud83d\udc6e\ud83c\udffb\u200d\u2640\ufe0f\ud83d\ude94\ud83d\udea8\u2026 <a href=\"https:\/\/t.co\/EWL60Lobbd\">pic.twitter.com\/EWL60Lobbd<\/a><\/p>&mdash; Gobierno de Mexicali (@GobiernoMxl) <a href=\"https:\/\/twitter.com\/GobiernoMxl\/status\/1944920652198052054?ref_src=twsrc%5Etfw\">July 15, 2025<\/a><\/blockquote> <script async src=\"https:\/\/platform.twitter.com\/widgets.js\" charset=\"utf-8\"><\/script>\n\n\n\n<p>El asesinato ocurri\u00f3 el mismo d\u00eda en que Juli\u00e1n Leyzoala P\u00e9rez renunci\u00f3 como director de Seguridad P\u00fablica de Mexicali, por motivos personales.<\/p>\n\n\n\n<p>Horas despu\u00e9s de la renuncia Luis Felipe Chan Baltazar asumi\u00f3 el cargo.<\/p>\n\n\n\n<p>((ADVERTENCIA: IM\u00c1GENES FUERTES))<\/p>\n\n\n\n<figure class=\"wp-block-embed is-type-rich is-provider-twitter wp-block-embed-twitter\"><div class=\"wp-block-embed__wrapper\">\n<blockquote class=\"twitter-tweet\" data-width=\"550\" data-dnt=\"true\"><p lang=\"es\" dir=\"ltr\"><a href=\"https:\/\/twitter.com\/hashtag\/Mexicali?src=hash&amp;ref_src=twsrc%5Etfw\">#Mexicali<\/a><br>EJECUTAN A SUBCOMANDANTE DE LA POLIC\u00cdA MUNICIPAL DE MEXICALI.<br><br>La noche del lunes 14 de julio, alrededor de las 10:22 de la noche, el subcomandante Roberto M\u00e9ndez Arreola de la Direcci\u00f3n de Seguridad P\u00fablica Municipal de Mexicali(DSPM), fue asesinado por disparos de\u2026 <a href=\"https:\/\/t.co\/aH6oTqskRw\">pic.twitter.com\/aH6oTqskRw<\/a><\/p>&mdash; Berenice (@BereniceDiazG) <a href=\"https:\/\/twitter.com\/BereniceDiazG\/status\/1945093432298353150?ref_src=twsrc%5Etfw\">July 15, 2025<\/a><\/blockquote><script async src=\"https:\/\/platform.twitter.com\/widgets.js\" charset=\"utf-8\"><\/script>\n<\/div><\/figure>\n","protected":false},"excerpt":{"rendered":"<p>El subcomandante de la Polic\u00eda de Mexicali, Roberto M\u00e9ndez, fue asesinado a disparos tras salir de su domicilio y disponerse a cruzar una calle El subcomandante de la Polic\u00eda de Mexicali, Roberto M\u00e9ndez, fue asesinado a disparos tras salir de su domicilio y disponerse a cruzar una calle Roberto M\u00e9ndez, subcomandante de la Polic\u00eda de [&hellip;]<\/p>\n","protected":false},"author":47,"featured_media":112917,"comment_status":"open","ping_status":"open","sticky":false,"template":"","format":"standard","meta":{"tdm_status":"","tdm_grid_status":"","footnotes":""},"categories":[39],"tags":[],"class_list":{"0":"post-112916","1":"post","2":"type-post","3":"status-publish","4":"format-standard","5":"has-post-thumbnail","7":"category-noticias-nacionales"},"yoast_head":"<!-- This site is optimized with the Yoast SEO plugin v27.4 - https:\/\/yoast.com\/product\/yoast-seo-wordpress\/ -->\n<title>Asesinan a subcomandante de la Polic\u00eda de Mexicali, BC - Fuentes Fidedignas<\/title>\n<meta name=\"robots\" content=\"index, follow, max-snippet:-1, max-image-preview:large, max-video-preview:-1\" \/>\n<link rel=\"canonical\" href=\"https:\/\/fuentesfidedignas.com.mx\/index.php\/2025\/07\/15\/asesinan-a-subcomandante-de-la-policia-de-mexicali-bc\/\" \/>\n<meta property=\"og:locale\" content=\"es_MX\" \/>\n<meta property=\"og:type\" content=\"article\" \/>\n<meta property=\"og:title\" content=\"Asesinan a subcomandante de la Polic\u00eda de Mexicali, BC - Fuentes Fidedignas\" \/>\n<meta property=\"og:description\" content=\"El subcomandante de la Polic\u00eda de Mexicali, Roberto M\u00e9ndez, fue asesinado a disparos tras salir de su domicilio y disponerse a cruzar una calle El subcomandante de la Polic\u00eda de Mexicali, Roberto M\u00e9ndez, fue asesinado a disparos tras salir de su domicilio y disponerse a cruzar una calle Roberto M\u00e9ndez, subcomandante de la Polic\u00eda de [&hellip;]\" \/>\n<meta property=\"og:url\" content=\"https:\/\/fuentesfidedignas.com.mx\/index.php\/2025\/07\/15\/asesinan-a-subcomandante-de-la-policia-de-mexicali-bc\/\" \/>\n<meta property=\"og:site_name\" content=\"Fuentes Fidedignas\" \/>\n<meta property=\"article:publisher\" content=\"https:\/\/www.facebook.com\/Fuentes-Fidedignas-368234489921644\" \/>\n<meta property=\"article:published_time\" content=\"2025-07-15T19:16:31+00:00\" \/>\n<meta property=\"article:modified_time\" content=\"2025-07-15T19:37:37+00:00\" \/>\n<meta property=\"og:image\" content=\"https:\/\/fuentesfidedignas.com.mx\/wp-content\/uploads\/2025\/07\/roberto-mendez-arreola-subcomandante-de-la-policia-de-mexicali.jpg\" \/>\n\t<meta property=\"og:image:width\" content=\"500\" \/>\n\t<meta property=\"og:image:height\" content=\"308\" \/>\n\t<meta property=\"og:image:type\" content=\"image\/jpeg\" \/>\n<meta name=\"author\" content=\"L\u00f3pez D\u00f3riga\" \/>\n<meta name=\"twitter:card\" content=\"summary_large_image\" \/>\n<meta name=\"twitter:creator\" content=\"@fidedignas\" \/>\n<meta name=\"twitter:site\" content=\"@fidedignas\" \/>\n<meta name=\"twitter:label1\" content=\"Escrito por\" \/>\n\t<meta name=\"twitter:data1\" content=\"L\u00f3pez D\u00f3riga\" \/>\n\t<meta name=\"twitter:label2\" content=\"Tiempo de lectura\" \/>\n\t<meta name=\"twitter:data2\" content=\"2 minutos\" \/>\n<script type=\"application\/ld+json\" class=\"yoast-schema-graph\">{\"@context\":\"https:\\\/\\\/schema.org\",\"@graph\":[{\"@type\":\"Article\",\"@id\":\"https:\\\/\\\/fuentesfidedignas.com.mx\\\/index.php\\\/2025\\\/07\\\/15\\\/asesinan-a-subcomandante-de-la-policia-de-mexicali-bc\\\/#article\",\"isPartOf\":{\"@id\":\"https:\\\/\\\/fuentesfidedignas.com.mx\\\/index.php\\\/2025\\\/07\\\/15\\\/asesinan-a-subcomandante-de-la-policia-de-mexicali-bc\\\/\"},\"author\":{\"name\":\"L\u00f3pez D\u00f3riga\",\"@id\":\"https:\\\/\\\/fuentesfidedignas.com.mx\\\/#\\\/schema\\\/person\\\/67d852f0557c8509146a4b9ddebd543a\"},\"headline\":\"Asesinan a subcomandante de la Polic\u00eda de Mexicali, BC\",\"datePublished\":\"2025-07-15T19:16:31+00:00\",\"dateModified\":\"2025-07-15T19:37:37+00:00\",\"mainEntityOfPage\":{\"@id\":\"https:\\\/\\\/fuentesfidedignas.com.mx\\\/index.php\\\/2025\\\/07\\\/15\\\/asesinan-a-subcomandante-de-la-policia-de-mexicali-bc\\\/\"},\"wordCount\":266,\"commentCount\":0,\"publisher\":{\"@id\":\"https:\\\/\\\/fuentesfidedignas.com.mx\\\/#organization\"},\"image\":{\"@id\":\"https:\\\/\\\/fuentesfidedignas.com.mx\\\/index.php\\\/2025\\\/07\\\/15\\\/asesinan-a-subcomandante-de-la-policia-de-mexicali-bc\\\/#primaryimage\"},\"thumbnailUrl\":\"https:\\\/\\\/fuentesfidedignas.com.mx\\\/wp-content\\\/uploads\\\/2025\\\/07\\\/roberto-mendez-arreola-subcomandante-de-la-policia-de-mexicali.jpg\",\"articleSection\":[\"NOTICIAS NACIONALES\"],\"inLanguage\":\"es\",\"potentialAction\":[{\"@type\":\"CommentAction\",\"name\":\"Comment\",\"target\":[\"https:\\\/\\\/fuentesfidedignas.com.mx\\\/index.php\\\/2025\\\/07\\\/15\\\/asesinan-a-subcomandante-de-la-policia-de-mexicali-bc\\\/#respond\"]}]},{\"@type\":\"WebPage\",\"@id\":\"https:\\\/\\\/fuentesfidedignas.com.mx\\\/index.php\\\/2025\\\/07\\\/15\\\/asesinan-a-subcomandante-de-la-policia-de-mexicali-bc\\\/\",\"url\":\"https:\\\/\\\/fuentesfidedignas.com.mx\\\/index.php\\\/2025\\\/07\\\/15\\\/asesinan-a-subcomandante-de-la-policia-de-mexicali-bc\\\/\",\"name\":\"Asesinan a subcomandante de la Polic\u00eda de Mexicali, BC - Fuentes Fidedignas\",\"isPartOf\":{\"@id\":\"https:\\\/\\\/fuentesfidedignas.com.mx\\\/#website\"},\"primaryImageOfPage\":{\"@id\":\"https:\\\/\\\/fuentesfidedignas.com.mx\\\/index.php\\\/2025\\\/07\\\/15\\\/asesinan-a-subcomandante-de-la-policia-de-mexicali-bc\\\/#primaryimage\"},\"image\":{\"@id\":\"https:\\\/\\\/fuentesfidedignas.com.mx\\\/index.php\\\/2025\\\/07\\\/15\\\/asesinan-a-subcomandante-de-la-policia-de-mexicali-bc\\\/#primaryimage\"},\"thumbnailUrl\":\"https:\\\/\\\/fuentesfidedignas.com.mx\\\/wp-content\\\/uploads\\\/2025\\\/07\\\/roberto-mendez-arreola-subcomandante-de-la-policia-de-mexicali.jpg\",\"datePublished\":\"2025-07-15T19:16:31+00:00\",\"dateModified\":\"2025-07-15T19:37:37+00:00\",\"breadcrumb\":{\"@id\":\"https:\\\/\\\/fuentesfidedignas.com.mx\\\/index.php\\\/2025\\\/07\\\/15\\\/asesinan-a-subcomandante-de-la-policia-de-mexicali-bc\\\/#breadcrumb\"},\"inLanguage\":\"es\",\"potentialAction\":[{\"@type\":\"ReadAction\",\"target\":[\"https:\\\/\\\/fuentesfidedignas.com.mx\\\/index.php\\\/2025\\\/07\\\/15\\\/asesinan-a-subcomandante-de-la-policia-de-mexicali-bc\\\/\"]}]},{\"@type\":\"ImageObject\",\"inLanguage\":\"es\",\"@id\":\"https:\\\/\\\/fuentesfidedignas.com.mx\\\/index.php\\\/2025\\\/07\\\/15\\\/asesinan-a-subcomandante-de-la-policia-de-mexicali-bc\\\/#primaryimage\",\"url\":\"https:\\\/\\\/fuentesfidedignas.com.mx\\\/wp-content\\\/uploads\\\/2025\\\/07\\\/roberto-mendez-arreola-subcomandante-de-la-policia-de-mexicali.jpg\",\"contentUrl\":\"https:\\\/\\\/fuentesfidedignas.com.mx\\\/wp-content\\\/uploads\\\/2025\\\/07\\\/roberto-mendez-arreola-subcomandante-de-la-policia-de-mexicali.jpg\",\"width\":500,\"height\":308},{\"@type\":\"BreadcrumbList\",\"@id\":\"https:\\\/\\\/fuentesfidedignas.com.mx\\\/index.php\\\/2025\\\/07\\\/15\\\/asesinan-a-subcomandante-de-la-policia-de-mexicali-bc\\\/#breadcrumb\",\"itemListElement\":[{\"@type\":\"ListItem\",\"position\":1,\"name\":\"Inicio\",\"item\":\"https:\\\/\\\/fuentesfidedignas.com.mx\\\/\"},{\"@type\":\"ListItem\",\"position\":2,\"name\":\"Asesinan a subcomandante de la Polic\u00eda de Mexicali, BC\"}]},{\"@type\":\"WebSite\",\"@id\":\"https:\\\/\\\/fuentesfidedignas.com.mx\\\/#website\",\"url\":\"https:\\\/\\\/fuentesfidedignas.com.mx\\\/\",\"name\":\"Fuentes Fidedignas\",\"description\":\"Otro sitio realizado con WordPress\",\"publisher\":{\"@id\":\"https:\\\/\\\/fuentesfidedignas.com.mx\\\/#organization\"},\"potentialAction\":[{\"@type\":\"SearchAction\",\"target\":{\"@type\":\"EntryPoint\",\"urlTemplate\":\"https:\\\/\\\/fuentesfidedignas.com.mx\\\/?s={search_term_string}\"},\"query-input\":{\"@type\":\"PropertyValueSpecification\",\"valueRequired\":true,\"valueName\":\"search_term_string\"}}],\"inLanguage\":\"es\"},{\"@type\":\"Organization\",\"@id\":\"https:\\\/\\\/fuentesfidedignas.com.mx\\\/#organization\",\"name\":\"Fuentes Fidedignas\",\"url\":\"https:\\\/\\\/fuentesfidedignas.com.mx\\\/\",\"logo\":{\"@type\":\"ImageObject\",\"inLanguage\":\"es\",\"@id\":\"https:\\\/\\\/fuentesfidedignas.com.mx\\\/#\\\/schema\\\/logo\\\/image\\\/\",\"url\":\"https:\\\/\\\/fuentesfidedignas.com.mx\\\/wp-content\\\/uploads\\\/2021\\\/04\\\/logo-retina.png\",\"contentUrl\":\"https:\\\/\\\/fuentesfidedignas.com.mx\\\/wp-content\\\/uploads\\\/2021\\\/04\\\/logo-retina.png\",\"width\":280,\"height\":51,\"caption\":\"Fuentes Fidedignas\"},\"image\":{\"@id\":\"https:\\\/\\\/fuentesfidedignas.com.mx\\\/#\\\/schema\\\/logo\\\/image\\\/\"},\"sameAs\":[\"https:\\\/\\\/www.facebook.com\\\/Fuentes-Fidedignas-368234489921644\",\"https:\\\/\\\/x.com\\\/fidedignas\"]},{\"@type\":\"Person\",\"@id\":\"https:\\\/\\\/fuentesfidedignas.com.mx\\\/#\\\/schema\\\/person\\\/67d852f0557c8509146a4b9ddebd543a\",\"name\":\"L\u00f3pez D\u00f3riga\",\"image\":{\"@type\":\"ImageObject\",\"inLanguage\":\"es\",\"@id\":\"https:\\\/\\\/secure.gravatar.com\\\/avatar\\\/e525b06574ca18b33cded59dfe5778d6c823b9513154eff47da551b0551bdd1e?s=96&d=mm&r=g\",\"url\":\"https:\\\/\\\/secure.gravatar.com\\\/avatar\\\/e525b06574ca18b33cded59dfe5778d6c823b9513154eff47da551b0551bdd1e?s=96&d=mm&r=g\",\"contentUrl\":\"https:\\\/\\\/secure.gravatar.com\\\/avatar\\\/e525b06574ca18b33cded59dfe5778d6c823b9513154eff47da551b0551bdd1e?s=96&d=mm&r=g\",\"caption\":\"L\u00f3pez D\u00f3riga\"},\"url\":\"https:\\\/\\\/fuentesfidedignas.com.mx\\\/index.php\\\/author\\\/doriga\\\/\"}]}<\/script>\n<!-- \/ Yoast SEO plugin. -->","yoast_head_json":{"title":"Asesinan a subcomandante de la Polic\u00eda de Mexicali, BC - Fuentes Fidedignas","robots":{"index":"index","follow":"follow","max-snippet":"max-snippet:-1","max-image-preview":"max-image-preview:large","max-video-preview":"max-video-preview:-1"},"canonical":"https:\/\/fuentesfidedignas.com.mx\/index.php\/2025\/07\/15\/asesinan-a-subcomandante-de-la-policia-de-mexicali-bc\/","og_locale":"es_MX","og_type":"article","og_title":"Asesinan a subcomandante de la Polic\u00eda de Mexicali, BC - Fuentes Fidedignas","og_description":"El subcomandante de la Polic\u00eda de Mexicali, Roberto M\u00e9ndez, fue asesinado a disparos tras salir de su domicilio y disponerse a cruzar una calle El subcomandante de la Polic\u00eda de Mexicali, Roberto M\u00e9ndez, fue asesinado a disparos tras salir de su domicilio y disponerse a cruzar una calle Roberto M\u00e9ndez, subcomandante de la Polic\u00eda de [&hellip;]","og_url":"https:\/\/fuentesfidedignas.com.mx\/index.php\/2025\/07\/15\/asesinan-a-subcomandante-de-la-policia-de-mexicali-bc\/","og_site_name":"Fuentes Fidedignas","article_publisher":"https:\/\/www.facebook.com\/Fuentes-Fidedignas-368234489921644","article_published_time":"2025-07-15T19:16:31+00:00","article_modified_time":"2025-07-15T19:37:37+00:00","og_image":[{"width":500,"height":308,"url":"https:\/\/fuentesfidedignas.com.mx\/wp-content\/uploads\/2025\/07\/roberto-mendez-arreola-subcomandante-de-la-policia-de-mexicali.jpg","type":"image\/jpeg"}],"author":"L\u00f3pez D\u00f3riga","twitter_card":"summary_large_image","twitter_creator":"@fidedignas","twitter_site":"@fidedignas","twitter_misc":{"Escrito por":"L\u00f3pez D\u00f3riga","Tiempo de lectura":"2 minutos"},"schema":{"@context":"https:\/\/schema.org","@graph":[{"@type":"Article","@id":"https:\/\/fuentesfidedignas.com.mx\/index.php\/2025\/07\/15\/asesinan-a-subcomandante-de-la-policia-de-mexicali-bc\/#article","isPartOf":{"@id":"https:\/\/fuentesfidedignas.com.mx\/index.php\/2025\/07\/15\/asesinan-a-subcomandante-de-la-policia-de-mexicali-bc\/"},"author":{"name":"L\u00f3pez D\u00f3riga","@id":"https:\/\/fuentesfidedignas.com.mx\/#\/schema\/person\/67d852f0557c8509146a4b9ddebd543a"},"headline":"Asesinan a subcomandante de la Polic\u00eda de Mexicali, BC","datePublished":"2025-07-15T19:16:31+00:00","dateModified":"2025-07-15T19:37:37+00:00","mainEntityOfPage":{"@id":"https:\/\/fuentesfidedignas.com.mx\/index.php\/2025\/07\/15\/asesinan-a-subcomandante-de-la-policia-de-mexicali-bc\/"},"wordCount":266,"commentCount":0,"publisher":{"@id":"https:\/\/fuentesfidedignas.com.mx\/#organization"},"image":{"@id":"https:\/\/fuentesfidedignas.com.mx\/index.php\/2025\/07\/15\/asesinan-a-subcomandante-de-la-policia-de-mexicali-bc\/#primaryimage"},"thumbnailUrl":"https:\/\/fuentesfidedignas.com.mx\/wp-content\/uploads\/2025\/07\/roberto-mendez-arreola-subcomandante-de-la-policia-de-mexicali.jpg","articleSection":["NOTICIAS NACIONALES"],"inLanguage":"es","potentialAction":[{"@type":"CommentAction","name":"Comment","target":["https:\/\/fuentesfidedignas.com.mx\/index.php\/2025\/07\/15\/asesinan-a-subcomandante-de-la-policia-de-mexicali-bc\/#respond"]}]},{"@type":"WebPage","@id":"https:\/\/fuentesfidedignas.com.mx\/index.php\/2025\/07\/15\/asesinan-a-subcomandante-de-la-policia-de-mexicali-bc\/","url":"https:\/\/fuentesfidedignas.com.mx\/index.php\/2025\/07\/15\/asesinan-a-subcomandante-de-la-policia-de-mexicali-bc\/","name":"Asesinan a subcomandante de la Polic\u00eda de Mexicali, BC - Fuentes Fidedignas","isPartOf":{"@id":"https:\/\/fuentesfidedignas.com.mx\/#website"},"primaryImageOfPage":{"@id":"https:\/\/fuentesfidedignas.com.mx\/index.php\/2025\/07\/15\/asesinan-a-subcomandante-de-la-policia-de-mexicali-bc\/#primaryimage"},"image":{"@id":"https:\/\/fuentesfidedignas.com.mx\/index.php\/2025\/07\/15\/asesinan-a-subcomandante-de-la-policia-de-mexicali-bc\/#primaryimage"},"thumbnailUrl":"https:\/\/fuentesfidedignas.com.mx\/wp-content\/uploads\/2025\/07\/roberto-mendez-arreola-subcomandante-de-la-policia-de-mexicali.jpg","datePublished":"2025-07-15T19:16:31+00:00","dateModified":"2025-07-15T19:37:37+00:00","breadcrumb":{"@id":"https:\/\/fuentesfidedignas.com.mx\/index.php\/2025\/07\/15\/asesinan-a-subcomandante-de-la-policia-de-mexicali-bc\/#breadcrumb"},"inLanguage":"es","potentialAction":[{"@type":"ReadAction","target":["https:\/\/fuentesfidedignas.com.mx\/index.php\/2025\/07\/15\/asesinan-a-subcomandante-de-la-policia-de-mexicali-bc\/"]}]},{"@type":"ImageObject","inLanguage":"es","@id":"https:\/\/fuentesfidedignas.com.mx\/index.php\/2025\/07\/15\/asesinan-a-subcomandante-de-la-policia-de-mexicali-bc\/#primaryimage","url":"https:\/\/fuentesfidedignas.com.mx\/wp-content\/uploads\/2025\/07\/roberto-mendez-arreola-subcomandante-de-la-policia-de-mexicali.jpg","contentUrl":"https:\/\/fuentesfidedignas.com.mx\/wp-content\/uploads\/2025\/07\/roberto-mendez-arreola-subcomandante-de-la-policia-de-mexicali.jpg","width":500,"height":308},{"@type":"BreadcrumbList","@id":"https:\/\/fuentesfidedignas.com.mx\/index.php\/2025\/07\/15\/asesinan-a-subcomandante-de-la-policia-de-mexicali-bc\/#breadcrumb","itemListElement":[{"@type":"ListItem","position":1,"name":"Inicio","item":"https:\/\/fuentesfidedignas.com.mx\/"},{"@type":"ListItem","position":2,"name":"Asesinan a subcomandante de la Polic\u00eda de Mexicali, BC"}]},{"@type":"WebSite","@id":"https:\/\/fuentesfidedignas.com.mx\/#website","url":"https:\/\/fuentesfidedignas.com.mx\/","name":"Fuentes Fidedignas","description":"Otro sitio realizado con WordPress","publisher":{"@id":"https:\/\/fuentesfidedignas.com.mx\/#organization"},"potentialAction":[{"@type":"SearchAction","target":{"@type":"EntryPoint","urlTemplate":"https:\/\/fuentesfidedignas.com.mx\/?s={search_term_string}"},"query-input":{"@type":"PropertyValueSpecification","valueRequired":true,"valueName":"search_term_string"}}],"inLanguage":"es"},{"@type":"Organization","@id":"https:\/\/fuentesfidedignas.com.mx\/#organization","name":"Fuentes Fidedignas","url":"https:\/\/fuentesfidedignas.com.mx\/","logo":{"@type":"ImageObject","inLanguage":"es","@id":"https:\/\/fuentesfidedignas.com.mx\/#\/schema\/logo\/image\/","url":"https:\/\/fuentesfidedignas.com.mx\/wp-content\/uploads\/2021\/04\/logo-retina.png","contentUrl":"https:\/\/fuentesfidedignas.com.mx\/wp-content\/uploads\/2021\/04\/logo-retina.png","width":280,"height":51,"caption":"Fuentes Fidedignas"},"image":{"@id":"https:\/\/fuentesfidedignas.com.mx\/#\/schema\/logo\/image\/"},"sameAs":["https:\/\/www.facebook.com\/Fuentes-Fidedignas-368234489921644","https:\/\/x.com\/fidedignas"]},{"@type":"Person","@id":"https:\/\/fuentesfidedignas.com.mx\/#\/schema\/person\/67d852f0557c8509146a4b9ddebd543a","name":"L\u00f3pez D\u00f3riga","image":{"@type":"ImageObject","inLanguage":"es","@id":"https:\/\/secure.gravatar.com\/avatar\/e525b06574ca18b33cded59dfe5778d6c823b9513154eff47da551b0551bdd1e?s=96&d=mm&r=g","url":"https:\/\/secure.gravatar.com\/avatar\/e525b06574ca18b33cded59dfe5778d6c823b9513154eff47da551b0551bdd1e?s=96&d=mm&r=g","contentUrl":"https:\/\/secure.gravatar.com\/avatar\/e525b06574ca18b33cded59dfe5778d6c823b9513154eff47da551b0551bdd1e?s=96&d=mm&r=g","caption":"L\u00f3pez D\u00f3riga"},"url":"https:\/\/fuentesfidedignas.com.mx\/index.php\/author\/doriga\/"}]}},"_links":{"self":[{"href":"https:\/\/fuentesfidedignas.com.mx\/index.php\/wp-json\/wp\/v2\/posts\/112916","targetHints":{"allow":["GET"]}}],"collection":[{"href":"https:\/\/fuentesfidedignas.com.mx\/index.php\/wp-json\/wp\/v2\/posts"}],"about":[{"href":"https:\/\/fuentesfidedignas.com.mx\/index.php\/wp-json\/wp\/v2\/types\/post"}],"author":[{"embeddable":true,"href":"https:\/\/fuentesfidedignas.com.mx\/index.php\/wp-json\/wp\/v2\/users\/47"}],"replies":[{"embeddable":true,"href":"https:\/\/fuentesfidedignas.com.mx\/index.php\/wp-json\/wp\/v2\/comments?post=112916"}],"version-history":[{"count":2,"href":"https:\/\/fuentesfidedignas.com.mx\/index.php\/wp-json\/wp\/v2\/posts\/112916\/revisions"}],"predecessor-version":[{"id":112919,"href":"https:\/\/fuentesfidedignas.com.mx\/index.php\/wp-json\/wp\/v2\/posts\/112916\/revisions\/112919"}],"wp:featuredmedia":[{"embeddable":true,"href":"https:\/\/fuentesfidedignas.com.mx\/index.php\/wp-json\/wp\/v2\/media\/112917"}],"wp:attachment":[{"href":"https:\/\/fuentesfidedignas.com.mx\/index.php\/wp-json\/wp\/v2\/media?parent=112916"}],"wp:term":[{"taxonomy":"category","embeddable":true,"href":"https:\/\/fuentesfidedignas.com.mx\/index.php\/wp-json\/wp\/v2\/categories?post=112916"},{"taxonomy":"post_tag","embeddable":true,"href":"https:\/\/fuentesfidedignas.com.mx\/index.php\/wp-json\/wp\/v2\/tags?post=112916"}],"curies":[{"name":"wp","href":"https:\/\/api.w.org\/{rel}","templated":true}]}}