{"id":112868,"date":"2025-07-14T15:57:47","date_gmt":"2025-07-14T22:57:47","guid":{"rendered":"https:\/\/fuentesfidedignas.com.mx\/?p=112868"},"modified":"2025-07-14T20:10:43","modified_gmt":"2025-07-15T03:10:43","slug":"eu-impone-arancel-del-21-al-jitomate-mexicano-desde-hoy","status":"publish","type":"post","link":"https:\/\/fuentesfidedignas.com.mx\/index.php\/2025\/07\/14\/eu-impone-arancel-del-21-al-jitomate-mexicano-desde-hoy\/","title":{"rendered":"EU impondr\u00e1 aranceles del 17 por ciento a tomate mexicano"},"content":{"rendered":"\n<p><\/p>\n\n\n\n<p><strong><em>El Departamento de Comercio estadounidense inform\u00f3 que la Uni\u00f3n Americana impondr\u00e1 aranceles del 17% sobre la mayor\u00eda de los tomates frescos importados de M\u00e9xico<\/em><\/strong><\/p>\n\n\n\n<p><a href=\"https:\/\/www.excelsior.com.mx\/global\/estados-unidos\" target=\"_blank\" rel=\"noreferrer noopener\">Estados Unidos<\/a>&nbsp;impondr\u00e1&nbsp;<a href=\"https:\/\/www.excelsior.com.mx\/aranceles\" target=\"_blank\" rel=\"noreferrer noopener\">aranceles del 17%&nbsp;<\/a>sobre la mayor\u00eda de los tomates frescos importados de M\u00e9xico, inform\u00f3 este lunes el Departamento de Comercio estadounidense.<\/p>\n\n\n\n<p>El 15 de abril el Departamento de Comercio anunci\u00f3 que se retiraba en un plazo de 90 d\u00edas del Acuerdo de Suspensi\u00f3n de la Investigaci\u00f3n Antidumping sobre Tomates Frescos de M\u00e9xico de 2019.<\/p>\n\n\n\n<figure class=\"wp-block-video\"><video muted poster=\"https:\/\/membrana-cdn.media\/video\/exc\/videofile-432192-20250714-0.webp\" preload=\"none\" src=\"https:\/\/membrana-cdn.media\/video\/exc\/videofile-432192-20250714-mobile.mp4?r=61555\" playsinline><\/video><\/figure>\n\n\n\n<p>Este acuerdo permite a los productores mexicanos exportar tomate, conocido en algunas regiones como jitomate, a su vecino del norte, sin pagar aranceles antidumping.<\/p>\n\n\n\n<p>Washington advirti\u00f3 entonces que a partir del 14 de julio aplicar\u00e1 un recargo &#8220;del 20,91% sobre la mayor\u00eda de las importaciones de tomates procedentes de M\u00e9xico&#8221;, pero finalmente el recargo se queda en 17%.<\/p>\n\n\n\n<blockquote class=\"wp-block-quote is-layout-flow wp-block-quote-is-layout-flow\">\n<p>&#8220;M\u00e9xico sigue siendo uno de nuestros mayores aliados, pero durante demasiado tiempo nuestros agricultores han sido aplastados por pr\u00e1cticas comerciales injustas que socavan los precios de productos como los tomates. Eso termina hoy&#8221;, afirm\u00f3 el secretario de Comercio, Howard Lutnick, citado en un comunicado.<\/p>\n<\/blockquote>\n\n\n\n<p>El 90% de los tomates importados a Estados Unidos provienen de M\u00e9xico, record\u00f3 en abril el ministro de Agricultura mexicano, Julio Berdegu\u00e9.<\/p>\n\n\n\n<p>La presidenta mexicana,&nbsp;<a href=\"https:\/\/www.excelsior.com.mx\/claudia-sheinbaum\" target=\"_blank\" rel=\"noreferrer noopener\">Claudia Sheinbaum<\/a>, promete movilizarse para reducir las consecuencias de la decisi\u00f3n de Washington.<\/p>\n\n\n\n<blockquote class=\"wp-block-quote is-layout-flow wp-block-quote-is-layout-flow\">\n<p>&#8220;Estamos trabajando de la mano para que haya los menores efectos. Son decisiones que toman desde Estados Unidos. Es muy dif\u00edcil que se deje de exportar jitomate a Estados Unidos porque no les alcanza con su producci\u00f3n nacional para cubrir la demanda&#8221;, dijo Sheinbaum en su rueda de prensa matutina.<\/p>\n<\/blockquote>\n\n\n\n<p>La mandataria no detall\u00f3 c\u00f3mo ayudar\u00e1 su gobierno a los productores de tomate, principalmente concentrados en los estados de Sinaloa (noroeste) y Sonora (norte).<\/p>\n\n\n\n<p><\/p>\n","protected":false},"excerpt":{"rendered":"<p>El Departamento de Comercio estadounidense inform\u00f3 que la Uni\u00f3n Americana impondr\u00e1 aranceles del 17% sobre la mayor\u00eda de los tomates frescos importados de M\u00e9xico Estados Unidos&nbsp;impondr\u00e1&nbsp;aranceles del 17%&nbsp;sobre la mayor\u00eda de los tomates frescos importados de M\u00e9xico, inform\u00f3 este lunes el Departamento de Comercio estadounidense. El 15 de abril el Departamento de Comercio anunci\u00f3 que [&hellip;]<\/p>\n","protected":false},"author":7,"featured_media":110279,"comment_status":"open","ping_status":"open","sticky":false,"template":"","format":"standard","meta":{"tdm_status":"","tdm_grid_status":"","footnotes":""},"categories":[37],"tags":[],"class_list":{"0":"post-112868","1":"post","2":"type-post","3":"status-publish","4":"format-standard","5":"has-post-thumbnail","7":"category-nota-principal"},"yoast_head":"<!-- This site is optimized with the Yoast SEO plugin v27.5 - https:\/\/yoast.com\/product\/yoast-seo-wordpress\/ -->\n<title>EU impondr\u00e1 aranceles del 17 por ciento a tomate mexicano - Fuentes Fidedignas<\/title>\n<meta name=\"robots\" content=\"index, follow, max-snippet:-1, max-image-preview:large, max-video-preview:-1\" \/>\n<link rel=\"canonical\" href=\"https:\/\/fuentesfidedignas.com.mx\/index.php\/2025\/07\/14\/eu-impone-arancel-del-21-al-jitomate-mexicano-desde-hoy\/\" \/>\n<meta property=\"og:locale\" content=\"es_MX\" \/>\n<meta property=\"og:type\" content=\"article\" \/>\n<meta property=\"og:title\" content=\"EU impondr\u00e1 aranceles del 17 por ciento a tomate mexicano - Fuentes Fidedignas\" \/>\n<meta property=\"og:description\" content=\"El Departamento de Comercio estadounidense inform\u00f3 que la Uni\u00f3n Americana impondr\u00e1 aranceles del 17% sobre la mayor\u00eda de los tomates frescos importados de M\u00e9xico Estados Unidos&nbsp;impondr\u00e1&nbsp;aranceles del 17%&nbsp;sobre la mayor\u00eda de los tomates frescos importados de M\u00e9xico, inform\u00f3 este lunes el Departamento de Comercio estadounidense. El 15 de abril el Departamento de Comercio anunci\u00f3 que [&hellip;]\" \/>\n<meta property=\"og:url\" content=\"https:\/\/fuentesfidedignas.com.mx\/index.php\/2025\/07\/14\/eu-impone-arancel-del-21-al-jitomate-mexicano-desde-hoy\/\" \/>\n<meta property=\"og:site_name\" content=\"Fuentes Fidedignas\" \/>\n<meta property=\"article:publisher\" content=\"https:\/\/www.facebook.com\/Fuentes-Fidedignas-368234489921644\" \/>\n<meta property=\"article:published_time\" content=\"2025-07-14T22:57:47+00:00\" \/>\n<meta property=\"article:modified_time\" content=\"2025-07-15T03:10:43+00:00\" \/>\n<meta property=\"og:image\" content=\"https:\/\/fuentesfidedignas.com.mx\/wp-content\/uploads\/2025\/06\/tomate-inflacion.jpg\" \/>\n\t<meta property=\"og:image:width\" content=\"600\" \/>\n\t<meta property=\"og:image:height\" content=\"316\" \/>\n\t<meta property=\"og:image:type\" content=\"image\/jpeg\" \/>\n<meta name=\"author\" content=\"Exc\u00e9lsior\" \/>\n<meta name=\"twitter:card\" content=\"summary_large_image\" \/>\n<meta name=\"twitter:creator\" content=\"@fidedignas\" \/>\n<meta name=\"twitter:site\" content=\"@fidedignas\" \/>\n<meta name=\"twitter:label1\" content=\"Escrito por\" \/>\n\t<meta name=\"twitter:data1\" content=\"Exc\u00e9lsior\" \/>\n\t<meta name=\"twitter:label2\" content=\"Tiempo de lectura\" \/>\n\t<meta name=\"twitter:data2\" content=\"2 minutos\" \/>\n<script type=\"application\/ld+json\" class=\"yoast-schema-graph\">{\"@context\":\"https:\\\/\\\/schema.org\",\"@graph\":[{\"@type\":\"Article\",\"@id\":\"https:\\\/\\\/fuentesfidedignas.com.mx\\\/index.php\\\/2025\\\/07\\\/14\\\/eu-impone-arancel-del-21-al-jitomate-mexicano-desde-hoy\\\/#article\",\"isPartOf\":{\"@id\":\"https:\\\/\\\/fuentesfidedignas.com.mx\\\/index.php\\\/2025\\\/07\\\/14\\\/eu-impone-arancel-del-21-al-jitomate-mexicano-desde-hoy\\\/\"},\"author\":{\"name\":\"Exc\u00e9lsior\",\"@id\":\"https:\\\/\\\/fuentesfidedignas.com.mx\\\/#\\\/schema\\\/person\\\/ec4edd1fbf5efa3e44fce34fe2787780\"},\"headline\":\"EU impondr\u00e1 aranceles del 17 por ciento a tomate mexicano\",\"datePublished\":\"2025-07-14T22:57:47+00:00\",\"dateModified\":\"2025-07-15T03:10:43+00:00\",\"mainEntityOfPage\":{\"@id\":\"https:\\\/\\\/fuentesfidedignas.com.mx\\\/index.php\\\/2025\\\/07\\\/14\\\/eu-impone-arancel-del-21-al-jitomate-mexicano-desde-hoy\\\/\"},\"wordCount\":317,\"commentCount\":0,\"publisher\":{\"@id\":\"https:\\\/\\\/fuentesfidedignas.com.mx\\\/#organization\"},\"image\":{\"@id\":\"https:\\\/\\\/fuentesfidedignas.com.mx\\\/index.php\\\/2025\\\/07\\\/14\\\/eu-impone-arancel-del-21-al-jitomate-mexicano-desde-hoy\\\/#primaryimage\"},\"thumbnailUrl\":\"https:\\\/\\\/fuentesfidedignas.com.mx\\\/wp-content\\\/uploads\\\/2025\\\/06\\\/tomate-inflacion.jpg\",\"articleSection\":[\"NOTA PRINCIPAL\"],\"inLanguage\":\"es\",\"potentialAction\":[{\"@type\":\"CommentAction\",\"name\":\"Comment\",\"target\":[\"https:\\\/\\\/fuentesfidedignas.com.mx\\\/index.php\\\/2025\\\/07\\\/14\\\/eu-impone-arancel-del-21-al-jitomate-mexicano-desde-hoy\\\/#respond\"]}]},{\"@type\":\"WebPage\",\"@id\":\"https:\\\/\\\/fuentesfidedignas.com.mx\\\/index.php\\\/2025\\\/07\\\/14\\\/eu-impone-arancel-del-21-al-jitomate-mexicano-desde-hoy\\\/\",\"url\":\"https:\\\/\\\/fuentesfidedignas.com.mx\\\/index.php\\\/2025\\\/07\\\/14\\\/eu-impone-arancel-del-21-al-jitomate-mexicano-desde-hoy\\\/\",\"name\":\"EU impondr\u00e1 aranceles del 17 por ciento a tomate mexicano - Fuentes Fidedignas\",\"isPartOf\":{\"@id\":\"https:\\\/\\\/fuentesfidedignas.com.mx\\\/#website\"},\"primaryImageOfPage\":{\"@id\":\"https:\\\/\\\/fuentesfidedignas.com.mx\\\/index.php\\\/2025\\\/07\\\/14\\\/eu-impone-arancel-del-21-al-jitomate-mexicano-desde-hoy\\\/#primaryimage\"},\"image\":{\"@id\":\"https:\\\/\\\/fuentesfidedignas.com.mx\\\/index.php\\\/2025\\\/07\\\/14\\\/eu-impone-arancel-del-21-al-jitomate-mexicano-desde-hoy\\\/#primaryimage\"},\"thumbnailUrl\":\"https:\\\/\\\/fuentesfidedignas.com.mx\\\/wp-content\\\/uploads\\\/2025\\\/06\\\/tomate-inflacion.jpg\",\"datePublished\":\"2025-07-14T22:57:47+00:00\",\"dateModified\":\"2025-07-15T03:10:43+00:00\",\"breadcrumb\":{\"@id\":\"https:\\\/\\\/fuentesfidedignas.com.mx\\\/index.php\\\/2025\\\/07\\\/14\\\/eu-impone-arancel-del-21-al-jitomate-mexicano-desde-hoy\\\/#breadcrumb\"},\"inLanguage\":\"es\",\"potentialAction\":[{\"@type\":\"ReadAction\",\"target\":[\"https:\\\/\\\/fuentesfidedignas.com.mx\\\/index.php\\\/2025\\\/07\\\/14\\\/eu-impone-arancel-del-21-al-jitomate-mexicano-desde-hoy\\\/\"]}]},{\"@type\":\"ImageObject\",\"inLanguage\":\"es\",\"@id\":\"https:\\\/\\\/fuentesfidedignas.com.mx\\\/index.php\\\/2025\\\/07\\\/14\\\/eu-impone-arancel-del-21-al-jitomate-mexicano-desde-hoy\\\/#primaryimage\",\"url\":\"https:\\\/\\\/fuentesfidedignas.com.mx\\\/wp-content\\\/uploads\\\/2025\\\/06\\\/tomate-inflacion.jpg\",\"contentUrl\":\"https:\\\/\\\/fuentesfidedignas.com.mx\\\/wp-content\\\/uploads\\\/2025\\\/06\\\/tomate-inflacion.jpg\",\"width\":600,\"height\":316},{\"@type\":\"BreadcrumbList\",\"@id\":\"https:\\\/\\\/fuentesfidedignas.com.mx\\\/index.php\\\/2025\\\/07\\\/14\\\/eu-impone-arancel-del-21-al-jitomate-mexicano-desde-hoy\\\/#breadcrumb\",\"itemListElement\":[{\"@type\":\"ListItem\",\"position\":1,\"name\":\"Inicio\",\"item\":\"https:\\\/\\\/fuentesfidedignas.com.mx\\\/\"},{\"@type\":\"ListItem\",\"position\":2,\"name\":\"EU impondr\u00e1 aranceles del 17 por ciento a tomate mexicano\"}]},{\"@type\":\"WebSite\",\"@id\":\"https:\\\/\\\/fuentesfidedignas.com.mx\\\/#website\",\"url\":\"https:\\\/\\\/fuentesfidedignas.com.mx\\\/\",\"name\":\"Fuentes Fidedignas\",\"description\":\"Otro sitio realizado con WordPress\",\"publisher\":{\"@id\":\"https:\\\/\\\/fuentesfidedignas.com.mx\\\/#organization\"},\"potentialAction\":[{\"@type\":\"SearchAction\",\"target\":{\"@type\":\"EntryPoint\",\"urlTemplate\":\"https:\\\/\\\/fuentesfidedignas.com.mx\\\/?s={search_term_string}\"},\"query-input\":{\"@type\":\"PropertyValueSpecification\",\"valueRequired\":true,\"valueName\":\"search_term_string\"}}],\"inLanguage\":\"es\"},{\"@type\":\"Organization\",\"@id\":\"https:\\\/\\\/fuentesfidedignas.com.mx\\\/#organization\",\"name\":\"Fuentes Fidedignas\",\"url\":\"https:\\\/\\\/fuentesfidedignas.com.mx\\\/\",\"logo\":{\"@type\":\"ImageObject\",\"inLanguage\":\"es\",\"@id\":\"https:\\\/\\\/fuentesfidedignas.com.mx\\\/#\\\/schema\\\/logo\\\/image\\\/\",\"url\":\"https:\\\/\\\/fuentesfidedignas.com.mx\\\/wp-content\\\/uploads\\\/2021\\\/04\\\/logo-retina.png\",\"contentUrl\":\"https:\\\/\\\/fuentesfidedignas.com.mx\\\/wp-content\\\/uploads\\\/2021\\\/04\\\/logo-retina.png\",\"width\":280,\"height\":51,\"caption\":\"Fuentes Fidedignas\"},\"image\":{\"@id\":\"https:\\\/\\\/fuentesfidedignas.com.mx\\\/#\\\/schema\\\/logo\\\/image\\\/\"},\"sameAs\":[\"https:\\\/\\\/www.facebook.com\\\/Fuentes-Fidedignas-368234489921644\",\"https:\\\/\\\/x.com\\\/fidedignas\"]},{\"@type\":\"Person\",\"@id\":\"https:\\\/\\\/fuentesfidedignas.com.mx\\\/#\\\/schema\\\/person\\\/ec4edd1fbf5efa3e44fce34fe2787780\",\"name\":\"Exc\u00e9lsior\",\"image\":{\"@type\":\"ImageObject\",\"inLanguage\":\"es\",\"@id\":\"https:\\\/\\\/secure.gravatar.com\\\/avatar\\\/4b7ee9206b48be08447852b3f0814dbc7c0f3b51541b164f1464a2725614020b?s=96&d=mm&r=g\",\"url\":\"https:\\\/\\\/secure.gravatar.com\\\/avatar\\\/4b7ee9206b48be08447852b3f0814dbc7c0f3b51541b164f1464a2725614020b?s=96&d=mm&r=g\",\"contentUrl\":\"https:\\\/\\\/secure.gravatar.com\\\/avatar\\\/4b7ee9206b48be08447852b3f0814dbc7c0f3b51541b164f1464a2725614020b?s=96&d=mm&r=g\",\"caption\":\"Exc\u00e9lsior\"},\"url\":\"https:\\\/\\\/fuentesfidedignas.com.mx\\\/index.php\\\/author\\\/excelsior\\\/\"}]}<\/script>\n<!-- \/ Yoast SEO plugin. -->","yoast_head_json":{"title":"EU impondr\u00e1 aranceles del 17 por ciento a tomate mexicano - Fuentes Fidedignas","robots":{"index":"index","follow":"follow","max-snippet":"max-snippet:-1","max-image-preview":"max-image-preview:large","max-video-preview":"max-video-preview:-1"},"canonical":"https:\/\/fuentesfidedignas.com.mx\/index.php\/2025\/07\/14\/eu-impone-arancel-del-21-al-jitomate-mexicano-desde-hoy\/","og_locale":"es_MX","og_type":"article","og_title":"EU impondr\u00e1 aranceles del 17 por ciento a tomate mexicano - Fuentes Fidedignas","og_description":"El Departamento de Comercio estadounidense inform\u00f3 que la Uni\u00f3n Americana impondr\u00e1 aranceles del 17% sobre la mayor\u00eda de los tomates frescos importados de M\u00e9xico Estados Unidos&nbsp;impondr\u00e1&nbsp;aranceles del 17%&nbsp;sobre la mayor\u00eda de los tomates frescos importados de M\u00e9xico, inform\u00f3 este lunes el Departamento de Comercio estadounidense. El 15 de abril el Departamento de Comercio anunci\u00f3 que [&hellip;]","og_url":"https:\/\/fuentesfidedignas.com.mx\/index.php\/2025\/07\/14\/eu-impone-arancel-del-21-al-jitomate-mexicano-desde-hoy\/","og_site_name":"Fuentes Fidedignas","article_publisher":"https:\/\/www.facebook.com\/Fuentes-Fidedignas-368234489921644","article_published_time":"2025-07-14T22:57:47+00:00","article_modified_time":"2025-07-15T03:10:43+00:00","og_image":[{"width":600,"height":316,"url":"https:\/\/fuentesfidedignas.com.mx\/wp-content\/uploads\/2025\/06\/tomate-inflacion.jpg","type":"image\/jpeg"}],"author":"Exc\u00e9lsior","twitter_card":"summary_large_image","twitter_creator":"@fidedignas","twitter_site":"@fidedignas","twitter_misc":{"Escrito por":"Exc\u00e9lsior","Tiempo de lectura":"2 minutos"},"schema":{"@context":"https:\/\/schema.org","@graph":[{"@type":"Article","@id":"https:\/\/fuentesfidedignas.com.mx\/index.php\/2025\/07\/14\/eu-impone-arancel-del-21-al-jitomate-mexicano-desde-hoy\/#article","isPartOf":{"@id":"https:\/\/fuentesfidedignas.com.mx\/index.php\/2025\/07\/14\/eu-impone-arancel-del-21-al-jitomate-mexicano-desde-hoy\/"},"author":{"name":"Exc\u00e9lsior","@id":"https:\/\/fuentesfidedignas.com.mx\/#\/schema\/person\/ec4edd1fbf5efa3e44fce34fe2787780"},"headline":"EU impondr\u00e1 aranceles del 17 por ciento a tomate mexicano","datePublished":"2025-07-14T22:57:47+00:00","dateModified":"2025-07-15T03:10:43+00:00","mainEntityOfPage":{"@id":"https:\/\/fuentesfidedignas.com.mx\/index.php\/2025\/07\/14\/eu-impone-arancel-del-21-al-jitomate-mexicano-desde-hoy\/"},"wordCount":317,"commentCount":0,"publisher":{"@id":"https:\/\/fuentesfidedignas.com.mx\/#organization"},"image":{"@id":"https:\/\/fuentesfidedignas.com.mx\/index.php\/2025\/07\/14\/eu-impone-arancel-del-21-al-jitomate-mexicano-desde-hoy\/#primaryimage"},"thumbnailUrl":"https:\/\/fuentesfidedignas.com.mx\/wp-content\/uploads\/2025\/06\/tomate-inflacion.jpg","articleSection":["NOTA PRINCIPAL"],"inLanguage":"es","potentialAction":[{"@type":"CommentAction","name":"Comment","target":["https:\/\/fuentesfidedignas.com.mx\/index.php\/2025\/07\/14\/eu-impone-arancel-del-21-al-jitomate-mexicano-desde-hoy\/#respond"]}]},{"@type":"WebPage","@id":"https:\/\/fuentesfidedignas.com.mx\/index.php\/2025\/07\/14\/eu-impone-arancel-del-21-al-jitomate-mexicano-desde-hoy\/","url":"https:\/\/fuentesfidedignas.com.mx\/index.php\/2025\/07\/14\/eu-impone-arancel-del-21-al-jitomate-mexicano-desde-hoy\/","name":"EU impondr\u00e1 aranceles del 17 por ciento a tomate mexicano - Fuentes Fidedignas","isPartOf":{"@id":"https:\/\/fuentesfidedignas.com.mx\/#website"},"primaryImageOfPage":{"@id":"https:\/\/fuentesfidedignas.com.mx\/index.php\/2025\/07\/14\/eu-impone-arancel-del-21-al-jitomate-mexicano-desde-hoy\/#primaryimage"},"image":{"@id":"https:\/\/fuentesfidedignas.com.mx\/index.php\/2025\/07\/14\/eu-impone-arancel-del-21-al-jitomate-mexicano-desde-hoy\/#primaryimage"},"thumbnailUrl":"https:\/\/fuentesfidedignas.com.mx\/wp-content\/uploads\/2025\/06\/tomate-inflacion.jpg","datePublished":"2025-07-14T22:57:47+00:00","dateModified":"2025-07-15T03:10:43+00:00","breadcrumb":{"@id":"https:\/\/fuentesfidedignas.com.mx\/index.php\/2025\/07\/14\/eu-impone-arancel-del-21-al-jitomate-mexicano-desde-hoy\/#breadcrumb"},"inLanguage":"es","potentialAction":[{"@type":"ReadAction","target":["https:\/\/fuentesfidedignas.com.mx\/index.php\/2025\/07\/14\/eu-impone-arancel-del-21-al-jitomate-mexicano-desde-hoy\/"]}]},{"@type":"ImageObject","inLanguage":"es","@id":"https:\/\/fuentesfidedignas.com.mx\/index.php\/2025\/07\/14\/eu-impone-arancel-del-21-al-jitomate-mexicano-desde-hoy\/#primaryimage","url":"https:\/\/fuentesfidedignas.com.mx\/wp-content\/uploads\/2025\/06\/tomate-inflacion.jpg","contentUrl":"https:\/\/fuentesfidedignas.com.mx\/wp-content\/uploads\/2025\/06\/tomate-inflacion.jpg","width":600,"height":316},{"@type":"BreadcrumbList","@id":"https:\/\/fuentesfidedignas.com.mx\/index.php\/2025\/07\/14\/eu-impone-arancel-del-21-al-jitomate-mexicano-desde-hoy\/#breadcrumb","itemListElement":[{"@type":"ListItem","position":1,"name":"Inicio","item":"https:\/\/fuentesfidedignas.com.mx\/"},{"@type":"ListItem","position":2,"name":"EU impondr\u00e1 aranceles del 17 por ciento a tomate mexicano"}]},{"@type":"WebSite","@id":"https:\/\/fuentesfidedignas.com.mx\/#website","url":"https:\/\/fuentesfidedignas.com.mx\/","name":"Fuentes Fidedignas","description":"Otro sitio realizado con WordPress","publisher":{"@id":"https:\/\/fuentesfidedignas.com.mx\/#organization"},"potentialAction":[{"@type":"SearchAction","target":{"@type":"EntryPoint","urlTemplate":"https:\/\/fuentesfidedignas.com.mx\/?s={search_term_string}"},"query-input":{"@type":"PropertyValueSpecification","valueRequired":true,"valueName":"search_term_string"}}],"inLanguage":"es"},{"@type":"Organization","@id":"https:\/\/fuentesfidedignas.com.mx\/#organization","name":"Fuentes Fidedignas","url":"https:\/\/fuentesfidedignas.com.mx\/","logo":{"@type":"ImageObject","inLanguage":"es","@id":"https:\/\/fuentesfidedignas.com.mx\/#\/schema\/logo\/image\/","url":"https:\/\/fuentesfidedignas.com.mx\/wp-content\/uploads\/2021\/04\/logo-retina.png","contentUrl":"https:\/\/fuentesfidedignas.com.mx\/wp-content\/uploads\/2021\/04\/logo-retina.png","width":280,"height":51,"caption":"Fuentes Fidedignas"},"image":{"@id":"https:\/\/fuentesfidedignas.com.mx\/#\/schema\/logo\/image\/"},"sameAs":["https:\/\/www.facebook.com\/Fuentes-Fidedignas-368234489921644","https:\/\/x.com\/fidedignas"]},{"@type":"Person","@id":"https:\/\/fuentesfidedignas.com.mx\/#\/schema\/person\/ec4edd1fbf5efa3e44fce34fe2787780","name":"Exc\u00e9lsior","image":{"@type":"ImageObject","inLanguage":"es","@id":"https:\/\/secure.gravatar.com\/avatar\/4b7ee9206b48be08447852b3f0814dbc7c0f3b51541b164f1464a2725614020b?s=96&d=mm&r=g","url":"https:\/\/secure.gravatar.com\/avatar\/4b7ee9206b48be08447852b3f0814dbc7c0f3b51541b164f1464a2725614020b?s=96&d=mm&r=g","contentUrl":"https:\/\/secure.gravatar.com\/avatar\/4b7ee9206b48be08447852b3f0814dbc7c0f3b51541b164f1464a2725614020b?s=96&d=mm&r=g","caption":"Exc\u00e9lsior"},"url":"https:\/\/fuentesfidedignas.com.mx\/index.php\/author\/excelsior\/"}]}},"_links":{"self":[{"href":"https:\/\/fuentesfidedignas.com.mx\/index.php\/wp-json\/wp\/v2\/posts\/112868","targetHints":{"allow":["GET"]}}],"collection":[{"href":"https:\/\/fuentesfidedignas.com.mx\/index.php\/wp-json\/wp\/v2\/posts"}],"about":[{"href":"https:\/\/fuentesfidedignas.com.mx\/index.php\/wp-json\/wp\/v2\/types\/post"}],"author":[{"embeddable":true,"href":"https:\/\/fuentesfidedignas.com.mx\/index.php\/wp-json\/wp\/v2\/users\/7"}],"replies":[{"embeddable":true,"href":"https:\/\/fuentesfidedignas.com.mx\/index.php\/wp-json\/wp\/v2\/comments?post=112868"}],"version-history":[{"count":2,"href":"https:\/\/fuentesfidedignas.com.mx\/index.php\/wp-json\/wp\/v2\/posts\/112868\/revisions"}],"predecessor-version":[{"id":112876,"href":"https:\/\/fuentesfidedignas.com.mx\/index.php\/wp-json\/wp\/v2\/posts\/112868\/revisions\/112876"}],"wp:featuredmedia":[{"embeddable":true,"href":"https:\/\/fuentesfidedignas.com.mx\/index.php\/wp-json\/wp\/v2\/media\/110279"}],"wp:attachment":[{"href":"https:\/\/fuentesfidedignas.com.mx\/index.php\/wp-json\/wp\/v2\/media?parent=112868"}],"wp:term":[{"taxonomy":"category","embeddable":true,"href":"https:\/\/fuentesfidedignas.com.mx\/index.php\/wp-json\/wp\/v2\/categories?post=112868"},{"taxonomy":"post_tag","embeddable":true,"href":"https:\/\/fuentesfidedignas.com.mx\/index.php\/wp-json\/wp\/v2\/tags?post=112868"}],"curies":[{"name":"wp","href":"https:\/\/api.w.org\/{rel}","templated":true}]}}