{"id":1128,"date":"2021-05-05T12:15:38","date_gmt":"2021-05-05T19:15:38","guid":{"rendered":"https:\/\/fuentesfidedignas.com.mx\/?p=1128"},"modified":"2021-05-05T12:19:01","modified_gmt":"2021-05-05T19:19:01","slug":"secretaria-de-salud-se-mantiene-vigilante-y-en-atencion-a-pacientes-con-asma","status":"publish","type":"post","link":"https:\/\/fuentesfidedignas.com.mx\/index.php\/2021\/05\/05\/secretaria-de-salud-se-mantiene-vigilante-y-en-atencion-a-pacientes-con-asma\/","title":{"rendered":"Secretar\u00eda de Salud se mantiene vigilante y en atenci\u00f3n a pacientes con asma"},"content":{"rendered":"\n<p><strong><em>Cada 4 de mayo se conmemora el D\u00eda Mundial del Asma con acciones de prevenci\u00f3n y tratamiento oportuno en las diferentes unidades de salud del estado.<\/em><\/strong><\/p>\n\n\n\n<p>Culiac\u00e1n, Sin.- En el marco conmemorativo del D\u00eda Mundial del Asma, bajo el lema: &#8220;Descubriendo conceptos err\u00f3neos del asma&#8221;, la Secretar\u00eda de Salud, a trav\u00e9s de la Direcci\u00f3n de Prevenci\u00f3n y Promoci\u00f3n de la Salud, realizan acciones de prevenci\u00f3n a trav\u00e9s de la difusi\u00f3n de los principales signos, s\u00edntomas y factores desencadenantes de la enfermedad a trav\u00e9s de las unidades de salud del estado.<\/p>\n\n\n\n<p>El director de Prevenci\u00f3n y Promoci\u00f3n de la Salud, Dr. Cristhian Aldo Mu\u00f1oz Madrid, explic\u00f3 que el asma es la enfermedad respiratoria cr\u00f3nica m\u00e1s frecuente en el mundo; puede afectar a cualquier ser humano, independientemente de la raza, edad o g\u00e9nero y no distingue condici\u00f3n socioecon\u00f3mica, ni regi\u00f3n geogr\u00e1fica, ya que afecta tanto a poblaci\u00f3n de las grandes ciudades como de las zonas marginales y rurales.<\/p>\n\n\n\n<p>\u201cLa Secretar\u00eda de Salud conmemora el D\u00eda Mundial este 4 de mayo, descubriendo conceptos err\u00f3neos del Asma, en M\u00e9xico, esta enfermedad principalmente, presenta silbidos en el pecho, dificultad para respirar o llenar los pulmones de aire, tos, es por ello que recalco, que los factores desencadenantes del asma en su mayor\u00eda son el humo del cigarro, emociones fuertes, cambios de clima, el pelo de las mascotas, polen, entre otras, es de suma importancia que acudas a tu unidad de salud para para que te puedas atender de manera preventiva y tambi\u00e9n de manera puntual\u201d, declar\u00f3.<\/p>\n\n\n\n<p>Por lo anterior, inform\u00f3 que se estiman entre 300 y 235 millones de pacientes con asma en todo el mundo. En M\u00e9xico durante 2019 se registraron en todo el pa\u00eds 254,713 casos de ASMA, siendo la poblaci\u00f3n de 0 a 14 a\u00f1os de edad la m\u00e1s afectada con 47% de los casos, seguida por edades entre 25 y 49 a\u00f1os con 30%.<\/p>\n\n\n\n<p>Los principales s\u00edntomas del asma son: Sibilancias o silbidos en el pecho, dificultad para respirar o llenar los pulmones de aire (pecho apretado) y tos, encontr\u00e1ndose como principales factores predisponentes, atopia, infecciones, respiratorias frecuentes en la infancia, hiper respuesta bronquial, prematuridad, tabaco en el embarazo y obesidad.<\/p>\n\n\n\n<p>Como parte de las acciones para el tratamiento de este padecimiento se destaca que la Secretar\u00eda de Salud hace una invitaci\u00f3n en el marco del D\u00eda Mundial del ASMA a todos los profesionales de la salud, para evidenciar y dar la atenci\u00f3n que requiere la poblaci\u00f3n afectada de asma, enfoc\u00e1ndose a brindar medidas preventivas, de diagn\u00f3stico temprano y seguimiento oportuno, disponibilidad de tratamientos, pruebas diagn\u00f3sticas y de seguimiento, as\u00ed como incrementar la cobertura de vacunaci\u00f3n de influenza, neumococo y dem\u00e1s enfermedades relacionadas con lo respiratorio entre los pacientes, asimismo, informar que los Centros de Salud estar\u00e1n atendiendo de manera permanente para mejora de la salud en nuestro estado de Sinaloa.<\/p>\n\n\n\n<p>Asimismo, hizo menci\u00f3n que desde 2015 la Secretar\u00eda de Salud instrument\u00f3 en el pa\u00eds el Programa de Enfermedades Respiratorias, mediante un enfoque preventivo, orientado a las unidades de salud del Primer Nivel de Atenci\u00f3n (Centros de Salud), adem\u00e1s mediante este programa y en el contexto de la pandemia de Covid-19, se est\u00e1n dise\u00f1ando y planificando las diversas estrategias y l\u00edneas de acci\u00f3n, que nos permitan reactivar y seguir ofertando una atenci\u00f3n oportuna y seguimiento adecuado de los pacientes con asma, mediante la disponibilidad continua de infraestructura (personal de salud del Primer y Segundo Nivel de Atenci\u00f3n capacitado en el diagn\u00f3stico, tratamiento, seguimiento y prevenci\u00f3n de complicaciones del asma, as\u00ed como el entrenamiento y certificaci\u00f3n en espirometr\u00eda, todo esto con alianzas estrat\u00e9gicas.<\/p>\n","protected":false},"excerpt":{"rendered":"<p>Cada 4 de mayo se conmemora el D\u00eda Mundial del Asma con acciones de prevenci\u00f3n y tratamiento oportuno en las diferentes unidades de salud del estado. Culiac\u00e1n, Sin.- En el marco conmemorativo del D\u00eda Mundial del Asma, bajo el lema: &#8220;Descubriendo conceptos err\u00f3neos del asma&#8221;, la Secretar\u00eda de Salud, a trav\u00e9s de la Direcci\u00f3n de [&hellip;]<\/p>\n","protected":false},"author":4,"featured_media":0,"comment_status":"open","ping_status":"open","sticky":false,"template":"","format":"standard","meta":{"tdm_status":"","tdm_grid_status":"","footnotes":""},"categories":[38],"tags":[272,275,273,274],"class_list":{"0":"post-1128","1":"post","2":"type-post","3":"status-publish","4":"format-standard","6":"category-noticias-locales","7":"tag-asma","8":"tag-cristhian-aldo-munoz-madrid","9":"tag-dia-mundial-del-asma","10":"tag-secretaria-de-salud"},"yoast_head":"<!-- This site is optimized with the Yoast SEO plugin v27.5 - https:\/\/yoast.com\/product\/yoast-seo-wordpress\/ -->\n<title>Secretar\u00eda de Salud se mantiene vigilante y en atenci\u00f3n a pacientes con asma - Fuentes Fidedignas<\/title>\n<meta name=\"robots\" content=\"index, follow, max-snippet:-1, max-image-preview:large, max-video-preview:-1\" \/>\n<link rel=\"canonical\" href=\"https:\/\/fuentesfidedignas.com.mx\/index.php\/2021\/05\/05\/secretaria-de-salud-se-mantiene-vigilante-y-en-atencion-a-pacientes-con-asma\/\" \/>\n<meta property=\"og:locale\" content=\"es_MX\" \/>\n<meta property=\"og:type\" content=\"article\" \/>\n<meta property=\"og:title\" content=\"Secretar\u00eda de Salud se mantiene vigilante y en atenci\u00f3n a pacientes con asma - Fuentes Fidedignas\" \/>\n<meta property=\"og:description\" content=\"Cada 4 de mayo se conmemora el D\u00eda Mundial del Asma con acciones de prevenci\u00f3n y tratamiento oportuno en las diferentes unidades de salud del estado. Culiac\u00e1n, Sin.- En el marco conmemorativo del D\u00eda Mundial del Asma, bajo el lema: &#8220;Descubriendo conceptos err\u00f3neos del asma&#8221;, la Secretar\u00eda de Salud, a trav\u00e9s de la Direcci\u00f3n de [&hellip;]\" \/>\n<meta property=\"og:url\" content=\"https:\/\/fuentesfidedignas.com.mx\/index.php\/2021\/05\/05\/secretaria-de-salud-se-mantiene-vigilante-y-en-atencion-a-pacientes-con-asma\/\" \/>\n<meta property=\"og:site_name\" content=\"Fuentes Fidedignas\" \/>\n<meta property=\"article:publisher\" content=\"https:\/\/www.facebook.com\/Fuentes-Fidedignas-368234489921644\" \/>\n<meta property=\"article:published_time\" content=\"2021-05-05T19:15:38+00:00\" \/>\n<meta property=\"article:modified_time\" content=\"2021-05-05T19:19:01+00:00\" \/>\n<meta property=\"og:image\" content=\"https:\/\/fuentesfidedignas.com.mx\/wp-content\/uploads\/2021\/05\/DR.-CRISTHIAN-ALDO-MUNOZ-MADRID.jpg\" \/>\n\t<meta property=\"og:image:width\" content=\"2500\" \/>\n\t<meta property=\"og:image:height\" content=\"1828\" \/>\n\t<meta property=\"og:image:type\" content=\"image\/jpeg\" \/>\n<meta name=\"author\" content=\"Redacci\u00f3n\" \/>\n<meta name=\"twitter:card\" content=\"summary_large_image\" \/>\n<meta name=\"twitter:creator\" content=\"@fidedignas\" \/>\n<meta name=\"twitter:site\" content=\"@fidedignas\" \/>\n<meta name=\"twitter:label1\" content=\"Escrito por\" \/>\n\t<meta name=\"twitter:data1\" content=\"Redacci\u00f3n\" \/>\n\t<meta name=\"twitter:label2\" content=\"Tiempo de lectura\" \/>\n\t<meta name=\"twitter:data2\" content=\"3 minutos\" \/>\n<script type=\"application\/ld+json\" class=\"yoast-schema-graph\">{\"@context\":\"https:\\\/\\\/schema.org\",\"@graph\":[{\"@type\":\"Article\",\"@id\":\"https:\\\/\\\/fuentesfidedignas.com.mx\\\/index.php\\\/2021\\\/05\\\/05\\\/secretaria-de-salud-se-mantiene-vigilante-y-en-atencion-a-pacientes-con-asma\\\/#article\",\"isPartOf\":{\"@id\":\"https:\\\/\\\/fuentesfidedignas.com.mx\\\/index.php\\\/2021\\\/05\\\/05\\\/secretaria-de-salud-se-mantiene-vigilante-y-en-atencion-a-pacientes-con-asma\\\/\"},\"author\":{\"name\":\"Redacci\u00f3n\",\"@id\":\"https:\\\/\\\/fuentesfidedignas.com.mx\\\/#\\\/schema\\\/person\\\/331be9283d37198e2acd5750279085b0\"},\"headline\":\"Secretar\u00eda de Salud se mantiene vigilante y en atenci\u00f3n a pacientes con asma\",\"datePublished\":\"2021-05-05T19:15:38+00:00\",\"dateModified\":\"2021-05-05T19:19:01+00:00\",\"mainEntityOfPage\":{\"@id\":\"https:\\\/\\\/fuentesfidedignas.com.mx\\\/index.php\\\/2021\\\/05\\\/05\\\/secretaria-de-salud-se-mantiene-vigilante-y-en-atencion-a-pacientes-con-asma\\\/\"},\"wordCount\":661,\"commentCount\":0,\"publisher\":{\"@id\":\"https:\\\/\\\/fuentesfidedignas.com.mx\\\/#organization\"},\"keywords\":[\"Asma\",\"Cristhian Aldo Mu\u00f1oz Madrid\",\"D\u00eda Mundial del Asma\",\"Secretar\u00eda de Salud\"],\"articleSection\":[\"NOTICIAS LOCALES\"],\"inLanguage\":\"es\",\"potentialAction\":[{\"@type\":\"CommentAction\",\"name\":\"Comment\",\"target\":[\"https:\\\/\\\/fuentesfidedignas.com.mx\\\/index.php\\\/2021\\\/05\\\/05\\\/secretaria-de-salud-se-mantiene-vigilante-y-en-atencion-a-pacientes-con-asma\\\/#respond\"]}]},{\"@type\":\"WebPage\",\"@id\":\"https:\\\/\\\/fuentesfidedignas.com.mx\\\/index.php\\\/2021\\\/05\\\/05\\\/secretaria-de-salud-se-mantiene-vigilante-y-en-atencion-a-pacientes-con-asma\\\/\",\"url\":\"https:\\\/\\\/fuentesfidedignas.com.mx\\\/index.php\\\/2021\\\/05\\\/05\\\/secretaria-de-salud-se-mantiene-vigilante-y-en-atencion-a-pacientes-con-asma\\\/\",\"name\":\"Secretar\u00eda de Salud se mantiene vigilante y en atenci\u00f3n a pacientes con asma - Fuentes Fidedignas\",\"isPartOf\":{\"@id\":\"https:\\\/\\\/fuentesfidedignas.com.mx\\\/#website\"},\"datePublished\":\"2021-05-05T19:15:38+00:00\",\"dateModified\":\"2021-05-05T19:19:01+00:00\",\"breadcrumb\":{\"@id\":\"https:\\\/\\\/fuentesfidedignas.com.mx\\\/index.php\\\/2021\\\/05\\\/05\\\/secretaria-de-salud-se-mantiene-vigilante-y-en-atencion-a-pacientes-con-asma\\\/#breadcrumb\"},\"inLanguage\":\"es\",\"potentialAction\":[{\"@type\":\"ReadAction\",\"target\":[\"https:\\\/\\\/fuentesfidedignas.com.mx\\\/index.php\\\/2021\\\/05\\\/05\\\/secretaria-de-salud-se-mantiene-vigilante-y-en-atencion-a-pacientes-con-asma\\\/\"]}]},{\"@type\":\"BreadcrumbList\",\"@id\":\"https:\\\/\\\/fuentesfidedignas.com.mx\\\/index.php\\\/2021\\\/05\\\/05\\\/secretaria-de-salud-se-mantiene-vigilante-y-en-atencion-a-pacientes-con-asma\\\/#breadcrumb\",\"itemListElement\":[{\"@type\":\"ListItem\",\"position\":1,\"name\":\"Inicio\",\"item\":\"https:\\\/\\\/fuentesfidedignas.com.mx\\\/\"},{\"@type\":\"ListItem\",\"position\":2,\"name\":\"Secretar\u00eda de Salud se mantiene vigilante y en atenci\u00f3n a pacientes con asma\"}]},{\"@type\":\"WebSite\",\"@id\":\"https:\\\/\\\/fuentesfidedignas.com.mx\\\/#website\",\"url\":\"https:\\\/\\\/fuentesfidedignas.com.mx\\\/\",\"name\":\"Fuentes Fidedignas\",\"description\":\"Otro sitio realizado con WordPress\",\"publisher\":{\"@id\":\"https:\\\/\\\/fuentesfidedignas.com.mx\\\/#organization\"},\"potentialAction\":[{\"@type\":\"SearchAction\",\"target\":{\"@type\":\"EntryPoint\",\"urlTemplate\":\"https:\\\/\\\/fuentesfidedignas.com.mx\\\/?s={search_term_string}\"},\"query-input\":{\"@type\":\"PropertyValueSpecification\",\"valueRequired\":true,\"valueName\":\"search_term_string\"}}],\"inLanguage\":\"es\"},{\"@type\":\"Organization\",\"@id\":\"https:\\\/\\\/fuentesfidedignas.com.mx\\\/#organization\",\"name\":\"Fuentes Fidedignas\",\"url\":\"https:\\\/\\\/fuentesfidedignas.com.mx\\\/\",\"logo\":{\"@type\":\"ImageObject\",\"inLanguage\":\"es\",\"@id\":\"https:\\\/\\\/fuentesfidedignas.com.mx\\\/#\\\/schema\\\/logo\\\/image\\\/\",\"url\":\"https:\\\/\\\/fuentesfidedignas.com.mx\\\/wp-content\\\/uploads\\\/2021\\\/04\\\/logo-retina.png\",\"contentUrl\":\"https:\\\/\\\/fuentesfidedignas.com.mx\\\/wp-content\\\/uploads\\\/2021\\\/04\\\/logo-retina.png\",\"width\":280,\"height\":51,\"caption\":\"Fuentes Fidedignas\"},\"image\":{\"@id\":\"https:\\\/\\\/fuentesfidedignas.com.mx\\\/#\\\/schema\\\/logo\\\/image\\\/\"},\"sameAs\":[\"https:\\\/\\\/www.facebook.com\\\/Fuentes-Fidedignas-368234489921644\",\"https:\\\/\\\/x.com\\\/fidedignas\"]},{\"@type\":\"Person\",\"@id\":\"https:\\\/\\\/fuentesfidedignas.com.mx\\\/#\\\/schema\\\/person\\\/331be9283d37198e2acd5750279085b0\",\"name\":\"Redacci\u00f3n\",\"image\":{\"@type\":\"ImageObject\",\"inLanguage\":\"es\",\"@id\":\"https:\\\/\\\/secure.gravatar.com\\\/avatar\\\/f6d8782c11d12b2d4ad3fbb6931aeab5309937a4d6cd2fc9cfaa28a6396a5aec?s=96&d=mm&r=g\",\"url\":\"https:\\\/\\\/secure.gravatar.com\\\/avatar\\\/f6d8782c11d12b2d4ad3fbb6931aeab5309937a4d6cd2fc9cfaa28a6396a5aec?s=96&d=mm&r=g\",\"contentUrl\":\"https:\\\/\\\/secure.gravatar.com\\\/avatar\\\/f6d8782c11d12b2d4ad3fbb6931aeab5309937a4d6cd2fc9cfaa28a6396a5aec?s=96&d=mm&r=g\",\"caption\":\"Redacci\u00f3n\"},\"url\":\"https:\\\/\\\/fuentesfidedignas.com.mx\\\/index.php\\\/author\\\/redaccion\\\/\"}]}<\/script>\n<!-- \/ Yoast SEO plugin. -->","yoast_head_json":{"title":"Secretar\u00eda de Salud se mantiene vigilante y en atenci\u00f3n a pacientes con asma - Fuentes Fidedignas","robots":{"index":"index","follow":"follow","max-snippet":"max-snippet:-1","max-image-preview":"max-image-preview:large","max-video-preview":"max-video-preview:-1"},"canonical":"https:\/\/fuentesfidedignas.com.mx\/index.php\/2021\/05\/05\/secretaria-de-salud-se-mantiene-vigilante-y-en-atencion-a-pacientes-con-asma\/","og_locale":"es_MX","og_type":"article","og_title":"Secretar\u00eda de Salud se mantiene vigilante y en atenci\u00f3n a pacientes con asma - Fuentes Fidedignas","og_description":"Cada 4 de mayo se conmemora el D\u00eda Mundial del Asma con acciones de prevenci\u00f3n y tratamiento oportuno en las diferentes unidades de salud del estado. Culiac\u00e1n, Sin.- En el marco conmemorativo del D\u00eda Mundial del Asma, bajo el lema: &#8220;Descubriendo conceptos err\u00f3neos del asma&#8221;, la Secretar\u00eda de Salud, a trav\u00e9s de la Direcci\u00f3n de [&hellip;]","og_url":"https:\/\/fuentesfidedignas.com.mx\/index.php\/2021\/05\/05\/secretaria-de-salud-se-mantiene-vigilante-y-en-atencion-a-pacientes-con-asma\/","og_site_name":"Fuentes Fidedignas","article_publisher":"https:\/\/www.facebook.com\/Fuentes-Fidedignas-368234489921644","article_published_time":"2021-05-05T19:15:38+00:00","article_modified_time":"2021-05-05T19:19:01+00:00","og_image":[{"width":2500,"height":1828,"url":"https:\/\/fuentesfidedignas.com.mx\/wp-content\/uploads\/2021\/05\/DR.-CRISTHIAN-ALDO-MUNOZ-MADRID.jpg","type":"image\/jpeg"}],"author":"Redacci\u00f3n","twitter_card":"summary_large_image","twitter_creator":"@fidedignas","twitter_site":"@fidedignas","twitter_misc":{"Escrito por":"Redacci\u00f3n","Tiempo de lectura":"3 minutos"},"schema":{"@context":"https:\/\/schema.org","@graph":[{"@type":"Article","@id":"https:\/\/fuentesfidedignas.com.mx\/index.php\/2021\/05\/05\/secretaria-de-salud-se-mantiene-vigilante-y-en-atencion-a-pacientes-con-asma\/#article","isPartOf":{"@id":"https:\/\/fuentesfidedignas.com.mx\/index.php\/2021\/05\/05\/secretaria-de-salud-se-mantiene-vigilante-y-en-atencion-a-pacientes-con-asma\/"},"author":{"name":"Redacci\u00f3n","@id":"https:\/\/fuentesfidedignas.com.mx\/#\/schema\/person\/331be9283d37198e2acd5750279085b0"},"headline":"Secretar\u00eda de Salud se mantiene vigilante y en atenci\u00f3n a pacientes con asma","datePublished":"2021-05-05T19:15:38+00:00","dateModified":"2021-05-05T19:19:01+00:00","mainEntityOfPage":{"@id":"https:\/\/fuentesfidedignas.com.mx\/index.php\/2021\/05\/05\/secretaria-de-salud-se-mantiene-vigilante-y-en-atencion-a-pacientes-con-asma\/"},"wordCount":661,"commentCount":0,"publisher":{"@id":"https:\/\/fuentesfidedignas.com.mx\/#organization"},"keywords":["Asma","Cristhian Aldo Mu\u00f1oz Madrid","D\u00eda Mundial del Asma","Secretar\u00eda de Salud"],"articleSection":["NOTICIAS LOCALES"],"inLanguage":"es","potentialAction":[{"@type":"CommentAction","name":"Comment","target":["https:\/\/fuentesfidedignas.com.mx\/index.php\/2021\/05\/05\/secretaria-de-salud-se-mantiene-vigilante-y-en-atencion-a-pacientes-con-asma\/#respond"]}]},{"@type":"WebPage","@id":"https:\/\/fuentesfidedignas.com.mx\/index.php\/2021\/05\/05\/secretaria-de-salud-se-mantiene-vigilante-y-en-atencion-a-pacientes-con-asma\/","url":"https:\/\/fuentesfidedignas.com.mx\/index.php\/2021\/05\/05\/secretaria-de-salud-se-mantiene-vigilante-y-en-atencion-a-pacientes-con-asma\/","name":"Secretar\u00eda de Salud se mantiene vigilante y en atenci\u00f3n a pacientes con asma - Fuentes Fidedignas","isPartOf":{"@id":"https:\/\/fuentesfidedignas.com.mx\/#website"},"datePublished":"2021-05-05T19:15:38+00:00","dateModified":"2021-05-05T19:19:01+00:00","breadcrumb":{"@id":"https:\/\/fuentesfidedignas.com.mx\/index.php\/2021\/05\/05\/secretaria-de-salud-se-mantiene-vigilante-y-en-atencion-a-pacientes-con-asma\/#breadcrumb"},"inLanguage":"es","potentialAction":[{"@type":"ReadAction","target":["https:\/\/fuentesfidedignas.com.mx\/index.php\/2021\/05\/05\/secretaria-de-salud-se-mantiene-vigilante-y-en-atencion-a-pacientes-con-asma\/"]}]},{"@type":"BreadcrumbList","@id":"https:\/\/fuentesfidedignas.com.mx\/index.php\/2021\/05\/05\/secretaria-de-salud-se-mantiene-vigilante-y-en-atencion-a-pacientes-con-asma\/#breadcrumb","itemListElement":[{"@type":"ListItem","position":1,"name":"Inicio","item":"https:\/\/fuentesfidedignas.com.mx\/"},{"@type":"ListItem","position":2,"name":"Secretar\u00eda de Salud se mantiene vigilante y en atenci\u00f3n a pacientes con asma"}]},{"@type":"WebSite","@id":"https:\/\/fuentesfidedignas.com.mx\/#website","url":"https:\/\/fuentesfidedignas.com.mx\/","name":"Fuentes Fidedignas","description":"Otro sitio realizado con WordPress","publisher":{"@id":"https:\/\/fuentesfidedignas.com.mx\/#organization"},"potentialAction":[{"@type":"SearchAction","target":{"@type":"EntryPoint","urlTemplate":"https:\/\/fuentesfidedignas.com.mx\/?s={search_term_string}"},"query-input":{"@type":"PropertyValueSpecification","valueRequired":true,"valueName":"search_term_string"}}],"inLanguage":"es"},{"@type":"Organization","@id":"https:\/\/fuentesfidedignas.com.mx\/#organization","name":"Fuentes Fidedignas","url":"https:\/\/fuentesfidedignas.com.mx\/","logo":{"@type":"ImageObject","inLanguage":"es","@id":"https:\/\/fuentesfidedignas.com.mx\/#\/schema\/logo\/image\/","url":"https:\/\/fuentesfidedignas.com.mx\/wp-content\/uploads\/2021\/04\/logo-retina.png","contentUrl":"https:\/\/fuentesfidedignas.com.mx\/wp-content\/uploads\/2021\/04\/logo-retina.png","width":280,"height":51,"caption":"Fuentes Fidedignas"},"image":{"@id":"https:\/\/fuentesfidedignas.com.mx\/#\/schema\/logo\/image\/"},"sameAs":["https:\/\/www.facebook.com\/Fuentes-Fidedignas-368234489921644","https:\/\/x.com\/fidedignas"]},{"@type":"Person","@id":"https:\/\/fuentesfidedignas.com.mx\/#\/schema\/person\/331be9283d37198e2acd5750279085b0","name":"Redacci\u00f3n","image":{"@type":"ImageObject","inLanguage":"es","@id":"https:\/\/secure.gravatar.com\/avatar\/f6d8782c11d12b2d4ad3fbb6931aeab5309937a4d6cd2fc9cfaa28a6396a5aec?s=96&d=mm&r=g","url":"https:\/\/secure.gravatar.com\/avatar\/f6d8782c11d12b2d4ad3fbb6931aeab5309937a4d6cd2fc9cfaa28a6396a5aec?s=96&d=mm&r=g","contentUrl":"https:\/\/secure.gravatar.com\/avatar\/f6d8782c11d12b2d4ad3fbb6931aeab5309937a4d6cd2fc9cfaa28a6396a5aec?s=96&d=mm&r=g","caption":"Redacci\u00f3n"},"url":"https:\/\/fuentesfidedignas.com.mx\/index.php\/author\/redaccion\/"}]}},"_links":{"self":[{"href":"https:\/\/fuentesfidedignas.com.mx\/index.php\/wp-json\/wp\/v2\/posts\/1128","targetHints":{"allow":["GET"]}}],"collection":[{"href":"https:\/\/fuentesfidedignas.com.mx\/index.php\/wp-json\/wp\/v2\/posts"}],"about":[{"href":"https:\/\/fuentesfidedignas.com.mx\/index.php\/wp-json\/wp\/v2\/types\/post"}],"author":[{"embeddable":true,"href":"https:\/\/fuentesfidedignas.com.mx\/index.php\/wp-json\/wp\/v2\/users\/4"}],"replies":[{"embeddable":true,"href":"https:\/\/fuentesfidedignas.com.mx\/index.php\/wp-json\/wp\/v2\/comments?post=1128"}],"version-history":[{"count":2,"href":"https:\/\/fuentesfidedignas.com.mx\/index.php\/wp-json\/wp\/v2\/posts\/1128\/revisions"}],"predecessor-version":[{"id":1131,"href":"https:\/\/fuentesfidedignas.com.mx\/index.php\/wp-json\/wp\/v2\/posts\/1128\/revisions\/1131"}],"wp:attachment":[{"href":"https:\/\/fuentesfidedignas.com.mx\/index.php\/wp-json\/wp\/v2\/media?parent=1128"}],"wp:term":[{"taxonomy":"category","embeddable":true,"href":"https:\/\/fuentesfidedignas.com.mx\/index.php\/wp-json\/wp\/v2\/categories?post=1128"},{"taxonomy":"post_tag","embeddable":true,"href":"https:\/\/fuentesfidedignas.com.mx\/index.php\/wp-json\/wp\/v2\/tags?post=1128"}],"curies":[{"name":"wp","href":"https:\/\/api.w.org\/{rel}","templated":true}]}}