{"id":112795,"date":"2025-07-13T14:35:05","date_gmt":"2025-07-13T21:35:05","guid":{"rendered":"https:\/\/fuentesfidedignas.com.mx\/?p=112795"},"modified":"2025-07-13T14:35:09","modified_gmt":"2025-07-13T21:35:09","slug":"en-lo-que-va-del-ano-suman-4-mil-945-casos-y-22-muertos-por-dengue-en-el-pais","status":"publish","type":"post","link":"https:\/\/fuentesfidedignas.com.mx\/index.php\/2025\/07\/13\/en-lo-que-va-del-ano-suman-4-mil-945-casos-y-22-muertos-por-dengue-en-el-pais\/","title":{"rendered":"En lo que va del a\u00f1o suman 4 mil 945 casos y 22 muertos por dengue en el pa\u00eds"},"content":{"rendered":"\n<p><strong><em>En todo M\u00e9xico, 27 son las entidades afectadas por esta enfermedad viral, solo cinco estados se han mantenido sin casos.<\/em><\/strong><\/p>\n\n\n\n<p>Un total de 4 mil 945 contagios y 22 muertes, es el saldo que ha dejado el dengue en lo que va del a\u00f1o. En todo M\u00e9xico, 27 son las entidades afectadas por esta enfermedad viral.<\/p>\n\n\n\n<p>Hasta el momento solo cinco estados, Ciudad de M\u00e9xico, Baja California, Chihuahua, Tlaxcala y Zacatecas se han mantenido sin casos de esta enfermedad transmitida por el&nbsp; aedes aegypti, \u200bm\u00e1s conocido como el mosquito del dengue.<\/p>\n\n\n\n<h2 class=\"wp-block-heading\"><strong>\u00bfQu\u00e9 entidad tiene m\u00e1s contagios?<\/strong><\/h2>\n\n\n\n<p>De acuerdo al Panorama Epidemiol\u00f3gico del Dengue correspondiente a la semana 27 con corte al 07 de julio, el&nbsp; 57 % del total de&nbsp; personas contagiadas se ubic\u00f3 en 5 entidades, donde con 942 casos, Jalisco es el estado mayormente impactado por el dengue.<\/p>\n\n\n\n<h4 class=\"wp-block-heading\"><strong>Conforman el top 5:<\/strong><\/h4>\n\n\n\n<ul class=\"wp-block-list\">\n<li>Veracruz con 773<\/li>\n\n\n\n<li>Michoac\u00e1n con 442<\/li>\n\n\n\n<li>Guerrero con 362<\/li>\n\n\n\n<li>Tamaulipas con 308<\/li>\n<\/ul>\n\n\n\n<p>De los 4 mil 945 contagios confirmados,&nbsp; 2 mil 444 fueron reportados como dengue con signos de alarma y dengue grave; 187 como dengue grave. El serotipo 3 fue el que sigui\u00f3 presentando mayor circulaci\u00f3n en los 27 estados afectados por el virus.<\/p>\n\n\n\n<h2 class=\"wp-block-heading\"><strong>No se reportan nuevas muertes<\/strong><\/h2>\n\n\n\n<p>Cabe se\u00f1alar que desde la primera semana de junio en que se notific\u00f3 &#8211; en 11 distintas entidades- una cifra total de&nbsp; 22 muertes,&nbsp; ya no se han reportado nuevos decesos.<\/p>\n\n\n\n<p>Cinco defunciones ocurrieron en Guerrero y cinco m\u00e1s en Sinaloa. Chiapas, Puebla y Quintana Roo reportaron dos fallecimientos por estado. En tanto, Michoac\u00e1n, Tamaulipas, Tabasco, Yucat\u00e1n,\u00a0 Morelos y Estado de M\u00e9xico, registraron una deceso por entidad.<\/p>\n","protected":false},"excerpt":{"rendered":"<p>En todo M\u00e9xico, 27 son las entidades afectadas por esta enfermedad viral, solo cinco estados se han mantenido sin casos. Un total de 4 mil 945 contagios y 22 muertes, es el saldo que ha dejado el dengue en lo que va del a\u00f1o. En todo M\u00e9xico, 27 son las entidades afectadas por esta enfermedad [&hellip;]<\/p>\n","protected":false},"author":7,"featured_media":78087,"comment_status":"open","ping_status":"open","sticky":false,"template":"","format":"standard","meta":{"tdm_status":"","tdm_grid_status":"","footnotes":""},"categories":[37],"tags":[],"class_list":{"0":"post-112795","1":"post","2":"type-post","3":"status-publish","4":"format-standard","5":"has-post-thumbnail","7":"category-nota-principal"},"yoast_head":"<!-- This site is optimized with the Yoast SEO plugin v27.5 - https:\/\/yoast.com\/product\/yoast-seo-wordpress\/ -->\n<title>En lo que va del a\u00f1o suman 4 mil 945 casos y 22 muertos por dengue en el pa\u00eds - Fuentes Fidedignas<\/title>\n<meta name=\"robots\" content=\"index, follow, max-snippet:-1, max-image-preview:large, max-video-preview:-1\" \/>\n<link rel=\"canonical\" href=\"https:\/\/fuentesfidedignas.com.mx\/index.php\/2025\/07\/13\/en-lo-que-va-del-ano-suman-4-mil-945-casos-y-22-muertos-por-dengue-en-el-pais\/\" \/>\n<meta property=\"og:locale\" content=\"es_MX\" \/>\n<meta property=\"og:type\" content=\"article\" \/>\n<meta property=\"og:title\" content=\"En lo que va del a\u00f1o suman 4 mil 945 casos y 22 muertos por dengue en el pa\u00eds - Fuentes Fidedignas\" \/>\n<meta property=\"og:description\" content=\"En todo M\u00e9xico, 27 son las entidades afectadas por esta enfermedad viral, solo cinco estados se han mantenido sin casos. Un total de 4 mil 945 contagios y 22 muertes, es el saldo que ha dejado el dengue en lo que va del a\u00f1o. En todo M\u00e9xico, 27 son las entidades afectadas por esta enfermedad [&hellip;]\" \/>\n<meta property=\"og:url\" content=\"https:\/\/fuentesfidedignas.com.mx\/index.php\/2025\/07\/13\/en-lo-que-va-del-ano-suman-4-mil-945-casos-y-22-muertos-por-dengue-en-el-pais\/\" \/>\n<meta property=\"og:site_name\" content=\"Fuentes Fidedignas\" \/>\n<meta property=\"article:publisher\" content=\"https:\/\/www.facebook.com\/Fuentes-Fidedignas-368234489921644\" \/>\n<meta property=\"article:published_time\" content=\"2025-07-13T21:35:05+00:00\" \/>\n<meta property=\"article:modified_time\" content=\"2025-07-13T21:35:09+00:00\" \/>\n<meta property=\"og:image\" content=\"https:\/\/fuentesfidedignas.com.mx\/wp-content\/uploads\/2024\/03\/dengue1.png\" \/>\n\t<meta property=\"og:image:width\" content=\"1304\" \/>\n\t<meta property=\"og:image:height\" content=\"733\" \/>\n\t<meta property=\"og:image:type\" content=\"image\/png\" \/>\n<meta name=\"author\" content=\"Exc\u00e9lsior\" \/>\n<meta name=\"twitter:card\" content=\"summary_large_image\" \/>\n<meta name=\"twitter:creator\" content=\"@fidedignas\" \/>\n<meta name=\"twitter:site\" content=\"@fidedignas\" \/>\n<meta name=\"twitter:label1\" content=\"Escrito por\" \/>\n\t<meta name=\"twitter:data1\" content=\"Exc\u00e9lsior\" \/>\n\t<meta name=\"twitter:label2\" content=\"Tiempo de lectura\" \/>\n\t<meta name=\"twitter:data2\" content=\"2 minutos\" \/>\n<script type=\"application\/ld+json\" class=\"yoast-schema-graph\">{\"@context\":\"https:\\\/\\\/schema.org\",\"@graph\":[{\"@type\":\"Article\",\"@id\":\"https:\\\/\\\/fuentesfidedignas.com.mx\\\/index.php\\\/2025\\\/07\\\/13\\\/en-lo-que-va-del-ano-suman-4-mil-945-casos-y-22-muertos-por-dengue-en-el-pais\\\/#article\",\"isPartOf\":{\"@id\":\"https:\\\/\\\/fuentesfidedignas.com.mx\\\/index.php\\\/2025\\\/07\\\/13\\\/en-lo-que-va-del-ano-suman-4-mil-945-casos-y-22-muertos-por-dengue-en-el-pais\\\/\"},\"author\":{\"name\":\"Exc\u00e9lsior\",\"@id\":\"https:\\\/\\\/fuentesfidedignas.com.mx\\\/#\\\/schema\\\/person\\\/ec4edd1fbf5efa3e44fce34fe2787780\"},\"headline\":\"En lo que va del a\u00f1o suman 4 mil 945 casos y 22 muertos por dengue en el pa\u00eds\",\"datePublished\":\"2025-07-13T21:35:05+00:00\",\"dateModified\":\"2025-07-13T21:35:09+00:00\",\"mainEntityOfPage\":{\"@id\":\"https:\\\/\\\/fuentesfidedignas.com.mx\\\/index.php\\\/2025\\\/07\\\/13\\\/en-lo-que-va-del-ano-suman-4-mil-945-casos-y-22-muertos-por-dengue-en-el-pais\\\/\"},\"wordCount\":284,\"commentCount\":0,\"publisher\":{\"@id\":\"https:\\\/\\\/fuentesfidedignas.com.mx\\\/#organization\"},\"image\":{\"@id\":\"https:\\\/\\\/fuentesfidedignas.com.mx\\\/index.php\\\/2025\\\/07\\\/13\\\/en-lo-que-va-del-ano-suman-4-mil-945-casos-y-22-muertos-por-dengue-en-el-pais\\\/#primaryimage\"},\"thumbnailUrl\":\"https:\\\/\\\/fuentesfidedignas.com.mx\\\/wp-content\\\/uploads\\\/2024\\\/03\\\/dengue1.png\",\"articleSection\":[\"NOTA PRINCIPAL\"],\"inLanguage\":\"es\",\"potentialAction\":[{\"@type\":\"CommentAction\",\"name\":\"Comment\",\"target\":[\"https:\\\/\\\/fuentesfidedignas.com.mx\\\/index.php\\\/2025\\\/07\\\/13\\\/en-lo-que-va-del-ano-suman-4-mil-945-casos-y-22-muertos-por-dengue-en-el-pais\\\/#respond\"]}]},{\"@type\":\"WebPage\",\"@id\":\"https:\\\/\\\/fuentesfidedignas.com.mx\\\/index.php\\\/2025\\\/07\\\/13\\\/en-lo-que-va-del-ano-suman-4-mil-945-casos-y-22-muertos-por-dengue-en-el-pais\\\/\",\"url\":\"https:\\\/\\\/fuentesfidedignas.com.mx\\\/index.php\\\/2025\\\/07\\\/13\\\/en-lo-que-va-del-ano-suman-4-mil-945-casos-y-22-muertos-por-dengue-en-el-pais\\\/\",\"name\":\"En lo que va del a\u00f1o suman 4 mil 945 casos y 22 muertos por dengue en el pa\u00eds - Fuentes Fidedignas\",\"isPartOf\":{\"@id\":\"https:\\\/\\\/fuentesfidedignas.com.mx\\\/#website\"},\"primaryImageOfPage\":{\"@id\":\"https:\\\/\\\/fuentesfidedignas.com.mx\\\/index.php\\\/2025\\\/07\\\/13\\\/en-lo-que-va-del-ano-suman-4-mil-945-casos-y-22-muertos-por-dengue-en-el-pais\\\/#primaryimage\"},\"image\":{\"@id\":\"https:\\\/\\\/fuentesfidedignas.com.mx\\\/index.php\\\/2025\\\/07\\\/13\\\/en-lo-que-va-del-ano-suman-4-mil-945-casos-y-22-muertos-por-dengue-en-el-pais\\\/#primaryimage\"},\"thumbnailUrl\":\"https:\\\/\\\/fuentesfidedignas.com.mx\\\/wp-content\\\/uploads\\\/2024\\\/03\\\/dengue1.png\",\"datePublished\":\"2025-07-13T21:35:05+00:00\",\"dateModified\":\"2025-07-13T21:35:09+00:00\",\"breadcrumb\":{\"@id\":\"https:\\\/\\\/fuentesfidedignas.com.mx\\\/index.php\\\/2025\\\/07\\\/13\\\/en-lo-que-va-del-ano-suman-4-mil-945-casos-y-22-muertos-por-dengue-en-el-pais\\\/#breadcrumb\"},\"inLanguage\":\"es\",\"potentialAction\":[{\"@type\":\"ReadAction\",\"target\":[\"https:\\\/\\\/fuentesfidedignas.com.mx\\\/index.php\\\/2025\\\/07\\\/13\\\/en-lo-que-va-del-ano-suman-4-mil-945-casos-y-22-muertos-por-dengue-en-el-pais\\\/\"]}]},{\"@type\":\"ImageObject\",\"inLanguage\":\"es\",\"@id\":\"https:\\\/\\\/fuentesfidedignas.com.mx\\\/index.php\\\/2025\\\/07\\\/13\\\/en-lo-que-va-del-ano-suman-4-mil-945-casos-y-22-muertos-por-dengue-en-el-pais\\\/#primaryimage\",\"url\":\"https:\\\/\\\/fuentesfidedignas.com.mx\\\/wp-content\\\/uploads\\\/2024\\\/03\\\/dengue1.png\",\"contentUrl\":\"https:\\\/\\\/fuentesfidedignas.com.mx\\\/wp-content\\\/uploads\\\/2024\\\/03\\\/dengue1.png\",\"width\":1304,\"height\":733},{\"@type\":\"BreadcrumbList\",\"@id\":\"https:\\\/\\\/fuentesfidedignas.com.mx\\\/index.php\\\/2025\\\/07\\\/13\\\/en-lo-que-va-del-ano-suman-4-mil-945-casos-y-22-muertos-por-dengue-en-el-pais\\\/#breadcrumb\",\"itemListElement\":[{\"@type\":\"ListItem\",\"position\":1,\"name\":\"Inicio\",\"item\":\"https:\\\/\\\/fuentesfidedignas.com.mx\\\/\"},{\"@type\":\"ListItem\",\"position\":2,\"name\":\"En lo que va del a\u00f1o suman 4 mil 945 casos y 22 muertos por dengue en el pa\u00eds\"}]},{\"@type\":\"WebSite\",\"@id\":\"https:\\\/\\\/fuentesfidedignas.com.mx\\\/#website\",\"url\":\"https:\\\/\\\/fuentesfidedignas.com.mx\\\/\",\"name\":\"Fuentes Fidedignas\",\"description\":\"Otro sitio realizado con WordPress\",\"publisher\":{\"@id\":\"https:\\\/\\\/fuentesfidedignas.com.mx\\\/#organization\"},\"potentialAction\":[{\"@type\":\"SearchAction\",\"target\":{\"@type\":\"EntryPoint\",\"urlTemplate\":\"https:\\\/\\\/fuentesfidedignas.com.mx\\\/?s={search_term_string}\"},\"query-input\":{\"@type\":\"PropertyValueSpecification\",\"valueRequired\":true,\"valueName\":\"search_term_string\"}}],\"inLanguage\":\"es\"},{\"@type\":\"Organization\",\"@id\":\"https:\\\/\\\/fuentesfidedignas.com.mx\\\/#organization\",\"name\":\"Fuentes Fidedignas\",\"url\":\"https:\\\/\\\/fuentesfidedignas.com.mx\\\/\",\"logo\":{\"@type\":\"ImageObject\",\"inLanguage\":\"es\",\"@id\":\"https:\\\/\\\/fuentesfidedignas.com.mx\\\/#\\\/schema\\\/logo\\\/image\\\/\",\"url\":\"https:\\\/\\\/fuentesfidedignas.com.mx\\\/wp-content\\\/uploads\\\/2021\\\/04\\\/logo-retina.png\",\"contentUrl\":\"https:\\\/\\\/fuentesfidedignas.com.mx\\\/wp-content\\\/uploads\\\/2021\\\/04\\\/logo-retina.png\",\"width\":280,\"height\":51,\"caption\":\"Fuentes Fidedignas\"},\"image\":{\"@id\":\"https:\\\/\\\/fuentesfidedignas.com.mx\\\/#\\\/schema\\\/logo\\\/image\\\/\"},\"sameAs\":[\"https:\\\/\\\/www.facebook.com\\\/Fuentes-Fidedignas-368234489921644\",\"https:\\\/\\\/x.com\\\/fidedignas\"]},{\"@type\":\"Person\",\"@id\":\"https:\\\/\\\/fuentesfidedignas.com.mx\\\/#\\\/schema\\\/person\\\/ec4edd1fbf5efa3e44fce34fe2787780\",\"name\":\"Exc\u00e9lsior\",\"image\":{\"@type\":\"ImageObject\",\"inLanguage\":\"es\",\"@id\":\"https:\\\/\\\/secure.gravatar.com\\\/avatar\\\/4b7ee9206b48be08447852b3f0814dbc7c0f3b51541b164f1464a2725614020b?s=96&d=mm&r=g\",\"url\":\"https:\\\/\\\/secure.gravatar.com\\\/avatar\\\/4b7ee9206b48be08447852b3f0814dbc7c0f3b51541b164f1464a2725614020b?s=96&d=mm&r=g\",\"contentUrl\":\"https:\\\/\\\/secure.gravatar.com\\\/avatar\\\/4b7ee9206b48be08447852b3f0814dbc7c0f3b51541b164f1464a2725614020b?s=96&d=mm&r=g\",\"caption\":\"Exc\u00e9lsior\"},\"url\":\"https:\\\/\\\/fuentesfidedignas.com.mx\\\/index.php\\\/author\\\/excelsior\\\/\"}]}<\/script>\n<!-- \/ Yoast SEO plugin. -->","yoast_head_json":{"title":"En lo que va del a\u00f1o suman 4 mil 945 casos y 22 muertos por dengue en el pa\u00eds - Fuentes Fidedignas","robots":{"index":"index","follow":"follow","max-snippet":"max-snippet:-1","max-image-preview":"max-image-preview:large","max-video-preview":"max-video-preview:-1"},"canonical":"https:\/\/fuentesfidedignas.com.mx\/index.php\/2025\/07\/13\/en-lo-que-va-del-ano-suman-4-mil-945-casos-y-22-muertos-por-dengue-en-el-pais\/","og_locale":"es_MX","og_type":"article","og_title":"En lo que va del a\u00f1o suman 4 mil 945 casos y 22 muertos por dengue en el pa\u00eds - Fuentes Fidedignas","og_description":"En todo M\u00e9xico, 27 son las entidades afectadas por esta enfermedad viral, solo cinco estados se han mantenido sin casos. Un total de 4 mil 945 contagios y 22 muertes, es el saldo que ha dejado el dengue en lo que va del a\u00f1o. En todo M\u00e9xico, 27 son las entidades afectadas por esta enfermedad [&hellip;]","og_url":"https:\/\/fuentesfidedignas.com.mx\/index.php\/2025\/07\/13\/en-lo-que-va-del-ano-suman-4-mil-945-casos-y-22-muertos-por-dengue-en-el-pais\/","og_site_name":"Fuentes Fidedignas","article_publisher":"https:\/\/www.facebook.com\/Fuentes-Fidedignas-368234489921644","article_published_time":"2025-07-13T21:35:05+00:00","article_modified_time":"2025-07-13T21:35:09+00:00","og_image":[{"width":1304,"height":733,"url":"https:\/\/fuentesfidedignas.com.mx\/wp-content\/uploads\/2024\/03\/dengue1.png","type":"image\/png"}],"author":"Exc\u00e9lsior","twitter_card":"summary_large_image","twitter_creator":"@fidedignas","twitter_site":"@fidedignas","twitter_misc":{"Escrito por":"Exc\u00e9lsior","Tiempo de lectura":"2 minutos"},"schema":{"@context":"https:\/\/schema.org","@graph":[{"@type":"Article","@id":"https:\/\/fuentesfidedignas.com.mx\/index.php\/2025\/07\/13\/en-lo-que-va-del-ano-suman-4-mil-945-casos-y-22-muertos-por-dengue-en-el-pais\/#article","isPartOf":{"@id":"https:\/\/fuentesfidedignas.com.mx\/index.php\/2025\/07\/13\/en-lo-que-va-del-ano-suman-4-mil-945-casos-y-22-muertos-por-dengue-en-el-pais\/"},"author":{"name":"Exc\u00e9lsior","@id":"https:\/\/fuentesfidedignas.com.mx\/#\/schema\/person\/ec4edd1fbf5efa3e44fce34fe2787780"},"headline":"En lo que va del a\u00f1o suman 4 mil 945 casos y 22 muertos por dengue en el pa\u00eds","datePublished":"2025-07-13T21:35:05+00:00","dateModified":"2025-07-13T21:35:09+00:00","mainEntityOfPage":{"@id":"https:\/\/fuentesfidedignas.com.mx\/index.php\/2025\/07\/13\/en-lo-que-va-del-ano-suman-4-mil-945-casos-y-22-muertos-por-dengue-en-el-pais\/"},"wordCount":284,"commentCount":0,"publisher":{"@id":"https:\/\/fuentesfidedignas.com.mx\/#organization"},"image":{"@id":"https:\/\/fuentesfidedignas.com.mx\/index.php\/2025\/07\/13\/en-lo-que-va-del-ano-suman-4-mil-945-casos-y-22-muertos-por-dengue-en-el-pais\/#primaryimage"},"thumbnailUrl":"https:\/\/fuentesfidedignas.com.mx\/wp-content\/uploads\/2024\/03\/dengue1.png","articleSection":["NOTA PRINCIPAL"],"inLanguage":"es","potentialAction":[{"@type":"CommentAction","name":"Comment","target":["https:\/\/fuentesfidedignas.com.mx\/index.php\/2025\/07\/13\/en-lo-que-va-del-ano-suman-4-mil-945-casos-y-22-muertos-por-dengue-en-el-pais\/#respond"]}]},{"@type":"WebPage","@id":"https:\/\/fuentesfidedignas.com.mx\/index.php\/2025\/07\/13\/en-lo-que-va-del-ano-suman-4-mil-945-casos-y-22-muertos-por-dengue-en-el-pais\/","url":"https:\/\/fuentesfidedignas.com.mx\/index.php\/2025\/07\/13\/en-lo-que-va-del-ano-suman-4-mil-945-casos-y-22-muertos-por-dengue-en-el-pais\/","name":"En lo que va del a\u00f1o suman 4 mil 945 casos y 22 muertos por dengue en el pa\u00eds - Fuentes Fidedignas","isPartOf":{"@id":"https:\/\/fuentesfidedignas.com.mx\/#website"},"primaryImageOfPage":{"@id":"https:\/\/fuentesfidedignas.com.mx\/index.php\/2025\/07\/13\/en-lo-que-va-del-ano-suman-4-mil-945-casos-y-22-muertos-por-dengue-en-el-pais\/#primaryimage"},"image":{"@id":"https:\/\/fuentesfidedignas.com.mx\/index.php\/2025\/07\/13\/en-lo-que-va-del-ano-suman-4-mil-945-casos-y-22-muertos-por-dengue-en-el-pais\/#primaryimage"},"thumbnailUrl":"https:\/\/fuentesfidedignas.com.mx\/wp-content\/uploads\/2024\/03\/dengue1.png","datePublished":"2025-07-13T21:35:05+00:00","dateModified":"2025-07-13T21:35:09+00:00","breadcrumb":{"@id":"https:\/\/fuentesfidedignas.com.mx\/index.php\/2025\/07\/13\/en-lo-que-va-del-ano-suman-4-mil-945-casos-y-22-muertos-por-dengue-en-el-pais\/#breadcrumb"},"inLanguage":"es","potentialAction":[{"@type":"ReadAction","target":["https:\/\/fuentesfidedignas.com.mx\/index.php\/2025\/07\/13\/en-lo-que-va-del-ano-suman-4-mil-945-casos-y-22-muertos-por-dengue-en-el-pais\/"]}]},{"@type":"ImageObject","inLanguage":"es","@id":"https:\/\/fuentesfidedignas.com.mx\/index.php\/2025\/07\/13\/en-lo-que-va-del-ano-suman-4-mil-945-casos-y-22-muertos-por-dengue-en-el-pais\/#primaryimage","url":"https:\/\/fuentesfidedignas.com.mx\/wp-content\/uploads\/2024\/03\/dengue1.png","contentUrl":"https:\/\/fuentesfidedignas.com.mx\/wp-content\/uploads\/2024\/03\/dengue1.png","width":1304,"height":733},{"@type":"BreadcrumbList","@id":"https:\/\/fuentesfidedignas.com.mx\/index.php\/2025\/07\/13\/en-lo-que-va-del-ano-suman-4-mil-945-casos-y-22-muertos-por-dengue-en-el-pais\/#breadcrumb","itemListElement":[{"@type":"ListItem","position":1,"name":"Inicio","item":"https:\/\/fuentesfidedignas.com.mx\/"},{"@type":"ListItem","position":2,"name":"En lo que va del a\u00f1o suman 4 mil 945 casos y 22 muertos por dengue en el pa\u00eds"}]},{"@type":"WebSite","@id":"https:\/\/fuentesfidedignas.com.mx\/#website","url":"https:\/\/fuentesfidedignas.com.mx\/","name":"Fuentes Fidedignas","description":"Otro sitio realizado con WordPress","publisher":{"@id":"https:\/\/fuentesfidedignas.com.mx\/#organization"},"potentialAction":[{"@type":"SearchAction","target":{"@type":"EntryPoint","urlTemplate":"https:\/\/fuentesfidedignas.com.mx\/?s={search_term_string}"},"query-input":{"@type":"PropertyValueSpecification","valueRequired":true,"valueName":"search_term_string"}}],"inLanguage":"es"},{"@type":"Organization","@id":"https:\/\/fuentesfidedignas.com.mx\/#organization","name":"Fuentes Fidedignas","url":"https:\/\/fuentesfidedignas.com.mx\/","logo":{"@type":"ImageObject","inLanguage":"es","@id":"https:\/\/fuentesfidedignas.com.mx\/#\/schema\/logo\/image\/","url":"https:\/\/fuentesfidedignas.com.mx\/wp-content\/uploads\/2021\/04\/logo-retina.png","contentUrl":"https:\/\/fuentesfidedignas.com.mx\/wp-content\/uploads\/2021\/04\/logo-retina.png","width":280,"height":51,"caption":"Fuentes Fidedignas"},"image":{"@id":"https:\/\/fuentesfidedignas.com.mx\/#\/schema\/logo\/image\/"},"sameAs":["https:\/\/www.facebook.com\/Fuentes-Fidedignas-368234489921644","https:\/\/x.com\/fidedignas"]},{"@type":"Person","@id":"https:\/\/fuentesfidedignas.com.mx\/#\/schema\/person\/ec4edd1fbf5efa3e44fce34fe2787780","name":"Exc\u00e9lsior","image":{"@type":"ImageObject","inLanguage":"es","@id":"https:\/\/secure.gravatar.com\/avatar\/4b7ee9206b48be08447852b3f0814dbc7c0f3b51541b164f1464a2725614020b?s=96&d=mm&r=g","url":"https:\/\/secure.gravatar.com\/avatar\/4b7ee9206b48be08447852b3f0814dbc7c0f3b51541b164f1464a2725614020b?s=96&d=mm&r=g","contentUrl":"https:\/\/secure.gravatar.com\/avatar\/4b7ee9206b48be08447852b3f0814dbc7c0f3b51541b164f1464a2725614020b?s=96&d=mm&r=g","caption":"Exc\u00e9lsior"},"url":"https:\/\/fuentesfidedignas.com.mx\/index.php\/author\/excelsior\/"}]}},"_links":{"self":[{"href":"https:\/\/fuentesfidedignas.com.mx\/index.php\/wp-json\/wp\/v2\/posts\/112795","targetHints":{"allow":["GET"]}}],"collection":[{"href":"https:\/\/fuentesfidedignas.com.mx\/index.php\/wp-json\/wp\/v2\/posts"}],"about":[{"href":"https:\/\/fuentesfidedignas.com.mx\/index.php\/wp-json\/wp\/v2\/types\/post"}],"author":[{"embeddable":true,"href":"https:\/\/fuentesfidedignas.com.mx\/index.php\/wp-json\/wp\/v2\/users\/7"}],"replies":[{"embeddable":true,"href":"https:\/\/fuentesfidedignas.com.mx\/index.php\/wp-json\/wp\/v2\/comments?post=112795"}],"version-history":[{"count":1,"href":"https:\/\/fuentesfidedignas.com.mx\/index.php\/wp-json\/wp\/v2\/posts\/112795\/revisions"}],"predecessor-version":[{"id":112796,"href":"https:\/\/fuentesfidedignas.com.mx\/index.php\/wp-json\/wp\/v2\/posts\/112795\/revisions\/112796"}],"wp:featuredmedia":[{"embeddable":true,"href":"https:\/\/fuentesfidedignas.com.mx\/index.php\/wp-json\/wp\/v2\/media\/78087"}],"wp:attachment":[{"href":"https:\/\/fuentesfidedignas.com.mx\/index.php\/wp-json\/wp\/v2\/media?parent=112795"}],"wp:term":[{"taxonomy":"category","embeddable":true,"href":"https:\/\/fuentesfidedignas.com.mx\/index.php\/wp-json\/wp\/v2\/categories?post=112795"},{"taxonomy":"post_tag","embeddable":true,"href":"https:\/\/fuentesfidedignas.com.mx\/index.php\/wp-json\/wp\/v2\/tags?post=112795"}],"curies":[{"name":"wp","href":"https:\/\/api.w.org\/{rel}","templated":true}]}}