{"id":112762,"date":"2025-07-12T19:52:33","date_gmt":"2025-07-13T02:52:33","guid":{"rendered":"https:\/\/fuentesfidedignas.com.mx\/?p=112762"},"modified":"2025-07-12T19:52:33","modified_gmt":"2025-07-13T02:52:33","slug":"el-partido-sinaloense-presenta-propuestas-para-rescatar-al-agro-sinaloense","status":"publish","type":"post","link":"https:\/\/fuentesfidedignas.com.mx\/index.php\/2025\/07\/12\/el-partido-sinaloense-presenta-propuestas-para-rescatar-al-agro-sinaloense\/","title":{"rendered":"El Partido Sinaloense presenta propuestas para rescatar al agro sinaloense"},"content":{"rendered":"\n<p><\/p>\n\n\n\n<p>Culiac\u00e1n, Sinaloa. En un encuentro con integrantes de la Federaci\u00f3n Agron\u00f3mica de Sinaloa, el presidente del Partido Sinaloense (PAS), Robespierre Liz\u00e1rraga Otero, ofreci\u00f3 la conferencia \u201cEl campo sinaloense: agenda, visiones y soluciones\u201d, donde comparti\u00f3 un diagn\u00f3stico profundo sobre la crisis que atraviesa el campo y el posicionamiento del partido ante esta problem\u00e1tica.<\/p>\n\n\n\n<p>Durante su exposici\u00f3n, Liz\u00e1rraga Otero detall\u00f3 que el agro sinaloense enfrenta una crisis estructural sin precedentes, provocada por factores como la sequ\u00eda extrema, la falta de esquemas de comercializaci\u00f3n justos, el abandono institucional y pol\u00edticas p\u00fablicas err\u00e1ticas. Se\u00f1al\u00f3 que en los \u00faltimos a\u00f1os se ha registrado una ca\u00edda del 35% en la producci\u00f3n agroalimentaria y que el 100% del territorio estatal enfrenta condiciones de sequ\u00eda, con niveles cr\u00edticos en presas y m\u00e1s de 260 comunidades abastecidas por pipas.<\/p>\n\n\n\n<p>Adem\u00e1s, denunci\u00f3 que el mercado ha castigado los precios de productos como el ma\u00edz, el sorgo y el frijol, quedando por debajo de los costos de producci\u00f3n, lo que ha dejado a miles de productores en situaci\u00f3n de p\u00e9rdida.<\/p>\n\n\n\n<p><em>Posicionamiento del PAS: defensa, innovaci\u00f3n y acci\u00f3n<\/em><\/p>\n\n\n\n<p>El presidente del PAS dej\u00f3 claro que el partido mantiene una postura firme y activa en la defensa de los agricultores, acompa\u00f1ando sus demandas desde el Congreso, en tribuna, en acciones de gesti\u00f3n directa y en las calles. Reiter\u00f3 que el PAS fue de las pocas fuerzas pol\u00edticas que respald\u00f3 las movilizaciones en defensa del precio justo del ma\u00edz y que contin\u00faa exigiendo la reestructuraci\u00f3n de organismos ineficientes como Segalmex.<\/p>\n\n\n\n<p>En materia de soluciones, destac\u00f3 tres ejes estrat\u00e9gicos:<br \/>\u2022 Agua y sustentabilidad, con propuestas de tecnificaci\u00f3n del riego y captaci\u00f3n pluvial.<br \/>\u2022 Innovaci\u00f3n agropecuaria, con un Observatorio Estatal Agroclim\u00e1tico y una Escuela de Innovaci\u00f3n Rural.<br \/>\u2022 Comercializaci\u00f3n y soberan\u00eda alimentaria, mediante un sistema estatal de acopio, certificaci\u00f3n de productos y leyes para fortalecer el mercado interno.<\/p>\n\n\n\n<p>En su mensaje final ante las y los agr\u00f3nomos sinaloenses, Liz\u00e1rraga Otero hizo un llamado a todos los sectores vinculados al campo:<\/p>\n\n\n\n<p><em>\u201dNo basta con lamentar la situaci\u00f3n del agro. Es momento de actuar con visi\u00f3n t\u00e9cnica, voluntad pol\u00edtica y un compromiso real con quienes alimentan al pa\u00eds. El futuro del campo sinaloense no se improvisa: se planea, se construye y se protege.\u201d<\/em><\/p>\n\n\n\n<p>El PAS reafirma as\u00ed su compromiso de ser una voz firme, propositiva y cercana a las y los productores, apostando por una transformaci\u00f3n real y sustentable del agro sinaloense.<\/p>\n","protected":false},"excerpt":{"rendered":"<p>Culiac\u00e1n, Sinaloa. En un encuentro con integrantes de la Federaci\u00f3n Agron\u00f3mica de Sinaloa, el presidente del Partido Sinaloense (PAS), Robespierre Liz\u00e1rraga Otero, ofreci\u00f3 la conferencia \u201cEl campo sinaloense: agenda, visiones y soluciones\u201d, donde comparti\u00f3 un diagn\u00f3stico profundo sobre la crisis que atraviesa el campo y el posicionamiento del partido ante esta problem\u00e1tica. Durante su exposici\u00f3n, [&hellip;]<\/p>\n","protected":false},"author":4,"featured_media":112755,"comment_status":"closed","ping_status":"open","sticky":false,"template":"","format":"standard","meta":{"tdm_status":"","tdm_grid_status":"","footnotes":""},"categories":[38],"tags":[],"class_list":{"0":"post-112762","1":"post","2":"type-post","3":"status-publish","4":"format-standard","5":"has-post-thumbnail","7":"category-noticias-locales"},"yoast_head":"<!-- This site is optimized with the Yoast SEO plugin v27.5 - https:\/\/yoast.com\/product\/yoast-seo-wordpress\/ -->\n<title>El Partido Sinaloense presenta propuestas para rescatar al agro sinaloense - Fuentes Fidedignas<\/title>\n<meta name=\"robots\" content=\"index, follow, max-snippet:-1, max-image-preview:large, max-video-preview:-1\" \/>\n<link rel=\"canonical\" href=\"https:\/\/fuentesfidedignas.com.mx\/index.php\/2025\/07\/12\/el-partido-sinaloense-presenta-propuestas-para-rescatar-al-agro-sinaloense\/\" \/>\n<meta property=\"og:locale\" content=\"es_MX\" \/>\n<meta property=\"og:type\" content=\"article\" \/>\n<meta property=\"og:title\" content=\"El Partido Sinaloense presenta propuestas para rescatar al agro sinaloense - Fuentes Fidedignas\" \/>\n<meta property=\"og:description\" content=\"Culiac\u00e1n, Sinaloa. En un encuentro con integrantes de la Federaci\u00f3n Agron\u00f3mica de Sinaloa, el presidente del Partido Sinaloense (PAS), Robespierre Liz\u00e1rraga Otero, ofreci\u00f3 la conferencia \u201cEl campo sinaloense: agenda, visiones y soluciones\u201d, donde comparti\u00f3 un diagn\u00f3stico profundo sobre la crisis que atraviesa el campo y el posicionamiento del partido ante esta problem\u00e1tica. Durante su exposici\u00f3n, [&hellip;]\" \/>\n<meta property=\"og:url\" content=\"https:\/\/fuentesfidedignas.com.mx\/index.php\/2025\/07\/12\/el-partido-sinaloense-presenta-propuestas-para-rescatar-al-agro-sinaloense\/\" \/>\n<meta property=\"og:site_name\" content=\"Fuentes Fidedignas\" \/>\n<meta property=\"article:publisher\" content=\"https:\/\/www.facebook.com\/Fuentes-Fidedignas-368234489921644\" \/>\n<meta property=\"article:published_time\" content=\"2025-07-13T02:52:33+00:00\" \/>\n<meta property=\"og:image\" content=\"https:\/\/fuentesfidedignas.com.mx\/wp-content\/uploads\/2025\/07\/edd63d5a-5017-4071-96c3-c9c9fb131c8c-1.jpg\" \/>\n\t<meta property=\"og:image:width\" content=\"1600\" \/>\n\t<meta property=\"og:image:height\" content=\"1200\" \/>\n\t<meta property=\"og:image:type\" content=\"image\/jpeg\" \/>\n<meta name=\"author\" content=\"Redacci\u00f3n\" \/>\n<meta name=\"twitter:card\" content=\"summary_large_image\" \/>\n<meta name=\"twitter:creator\" content=\"@fidedignas\" \/>\n<meta name=\"twitter:site\" content=\"@fidedignas\" \/>\n<meta name=\"twitter:label1\" content=\"Escrito por\" \/>\n\t<meta name=\"twitter:data1\" content=\"Redacci\u00f3n\" \/>\n\t<meta name=\"twitter:label2\" content=\"Tiempo de lectura\" \/>\n\t<meta name=\"twitter:data2\" content=\"2 minutos\" \/>\n<script type=\"application\/ld+json\" class=\"yoast-schema-graph\">{\"@context\":\"https:\\\/\\\/schema.org\",\"@graph\":[{\"@type\":\"Article\",\"@id\":\"https:\\\/\\\/fuentesfidedignas.com.mx\\\/index.php\\\/2025\\\/07\\\/12\\\/el-partido-sinaloense-presenta-propuestas-para-rescatar-al-agro-sinaloense\\\/#article\",\"isPartOf\":{\"@id\":\"https:\\\/\\\/fuentesfidedignas.com.mx\\\/index.php\\\/2025\\\/07\\\/12\\\/el-partido-sinaloense-presenta-propuestas-para-rescatar-al-agro-sinaloense\\\/\"},\"author\":{\"name\":\"Redacci\u00f3n\",\"@id\":\"https:\\\/\\\/fuentesfidedignas.com.mx\\\/#\\\/schema\\\/person\\\/331be9283d37198e2acd5750279085b0\"},\"headline\":\"El Partido Sinaloense presenta propuestas para rescatar al agro sinaloense\",\"datePublished\":\"2025-07-13T02:52:33+00:00\",\"mainEntityOfPage\":{\"@id\":\"https:\\\/\\\/fuentesfidedignas.com.mx\\\/index.php\\\/2025\\\/07\\\/12\\\/el-partido-sinaloense-presenta-propuestas-para-rescatar-al-agro-sinaloense\\\/\"},\"wordCount\":448,\"publisher\":{\"@id\":\"https:\\\/\\\/fuentesfidedignas.com.mx\\\/#organization\"},\"image\":{\"@id\":\"https:\\\/\\\/fuentesfidedignas.com.mx\\\/index.php\\\/2025\\\/07\\\/12\\\/el-partido-sinaloense-presenta-propuestas-para-rescatar-al-agro-sinaloense\\\/#primaryimage\"},\"thumbnailUrl\":\"https:\\\/\\\/fuentesfidedignas.com.mx\\\/wp-content\\\/uploads\\\/2025\\\/07\\\/edd63d5a-5017-4071-96c3-c9c9fb131c8c-1.jpg\",\"articleSection\":[\"NOTICIAS LOCALES\"],\"inLanguage\":\"es\"},{\"@type\":\"WebPage\",\"@id\":\"https:\\\/\\\/fuentesfidedignas.com.mx\\\/index.php\\\/2025\\\/07\\\/12\\\/el-partido-sinaloense-presenta-propuestas-para-rescatar-al-agro-sinaloense\\\/\",\"url\":\"https:\\\/\\\/fuentesfidedignas.com.mx\\\/index.php\\\/2025\\\/07\\\/12\\\/el-partido-sinaloense-presenta-propuestas-para-rescatar-al-agro-sinaloense\\\/\",\"name\":\"El Partido Sinaloense presenta propuestas para rescatar al agro sinaloense - Fuentes Fidedignas\",\"isPartOf\":{\"@id\":\"https:\\\/\\\/fuentesfidedignas.com.mx\\\/#website\"},\"primaryImageOfPage\":{\"@id\":\"https:\\\/\\\/fuentesfidedignas.com.mx\\\/index.php\\\/2025\\\/07\\\/12\\\/el-partido-sinaloense-presenta-propuestas-para-rescatar-al-agro-sinaloense\\\/#primaryimage\"},\"image\":{\"@id\":\"https:\\\/\\\/fuentesfidedignas.com.mx\\\/index.php\\\/2025\\\/07\\\/12\\\/el-partido-sinaloense-presenta-propuestas-para-rescatar-al-agro-sinaloense\\\/#primaryimage\"},\"thumbnailUrl\":\"https:\\\/\\\/fuentesfidedignas.com.mx\\\/wp-content\\\/uploads\\\/2025\\\/07\\\/edd63d5a-5017-4071-96c3-c9c9fb131c8c-1.jpg\",\"datePublished\":\"2025-07-13T02:52:33+00:00\",\"breadcrumb\":{\"@id\":\"https:\\\/\\\/fuentesfidedignas.com.mx\\\/index.php\\\/2025\\\/07\\\/12\\\/el-partido-sinaloense-presenta-propuestas-para-rescatar-al-agro-sinaloense\\\/#breadcrumb\"},\"inLanguage\":\"es\",\"potentialAction\":[{\"@type\":\"ReadAction\",\"target\":[\"https:\\\/\\\/fuentesfidedignas.com.mx\\\/index.php\\\/2025\\\/07\\\/12\\\/el-partido-sinaloense-presenta-propuestas-para-rescatar-al-agro-sinaloense\\\/\"]}]},{\"@type\":\"ImageObject\",\"inLanguage\":\"es\",\"@id\":\"https:\\\/\\\/fuentesfidedignas.com.mx\\\/index.php\\\/2025\\\/07\\\/12\\\/el-partido-sinaloense-presenta-propuestas-para-rescatar-al-agro-sinaloense\\\/#primaryimage\",\"url\":\"https:\\\/\\\/fuentesfidedignas.com.mx\\\/wp-content\\\/uploads\\\/2025\\\/07\\\/edd63d5a-5017-4071-96c3-c9c9fb131c8c-1.jpg\",\"contentUrl\":\"https:\\\/\\\/fuentesfidedignas.com.mx\\\/wp-content\\\/uploads\\\/2025\\\/07\\\/edd63d5a-5017-4071-96c3-c9c9fb131c8c-1.jpg\",\"width\":1600,\"height\":1200},{\"@type\":\"BreadcrumbList\",\"@id\":\"https:\\\/\\\/fuentesfidedignas.com.mx\\\/index.php\\\/2025\\\/07\\\/12\\\/el-partido-sinaloense-presenta-propuestas-para-rescatar-al-agro-sinaloense\\\/#breadcrumb\",\"itemListElement\":[{\"@type\":\"ListItem\",\"position\":1,\"name\":\"Inicio\",\"item\":\"https:\\\/\\\/fuentesfidedignas.com.mx\\\/\"},{\"@type\":\"ListItem\",\"position\":2,\"name\":\"El Partido Sinaloense presenta propuestas para rescatar al agro sinaloense\"}]},{\"@type\":\"WebSite\",\"@id\":\"https:\\\/\\\/fuentesfidedignas.com.mx\\\/#website\",\"url\":\"https:\\\/\\\/fuentesfidedignas.com.mx\\\/\",\"name\":\"Fuentes Fidedignas\",\"description\":\"Otro sitio realizado con WordPress\",\"publisher\":{\"@id\":\"https:\\\/\\\/fuentesfidedignas.com.mx\\\/#organization\"},\"potentialAction\":[{\"@type\":\"SearchAction\",\"target\":{\"@type\":\"EntryPoint\",\"urlTemplate\":\"https:\\\/\\\/fuentesfidedignas.com.mx\\\/?s={search_term_string}\"},\"query-input\":{\"@type\":\"PropertyValueSpecification\",\"valueRequired\":true,\"valueName\":\"search_term_string\"}}],\"inLanguage\":\"es\"},{\"@type\":\"Organization\",\"@id\":\"https:\\\/\\\/fuentesfidedignas.com.mx\\\/#organization\",\"name\":\"Fuentes Fidedignas\",\"url\":\"https:\\\/\\\/fuentesfidedignas.com.mx\\\/\",\"logo\":{\"@type\":\"ImageObject\",\"inLanguage\":\"es\",\"@id\":\"https:\\\/\\\/fuentesfidedignas.com.mx\\\/#\\\/schema\\\/logo\\\/image\\\/\",\"url\":\"https:\\\/\\\/fuentesfidedignas.com.mx\\\/wp-content\\\/uploads\\\/2021\\\/04\\\/logo-retina.png\",\"contentUrl\":\"https:\\\/\\\/fuentesfidedignas.com.mx\\\/wp-content\\\/uploads\\\/2021\\\/04\\\/logo-retina.png\",\"width\":280,\"height\":51,\"caption\":\"Fuentes Fidedignas\"},\"image\":{\"@id\":\"https:\\\/\\\/fuentesfidedignas.com.mx\\\/#\\\/schema\\\/logo\\\/image\\\/\"},\"sameAs\":[\"https:\\\/\\\/www.facebook.com\\\/Fuentes-Fidedignas-368234489921644\",\"https:\\\/\\\/x.com\\\/fidedignas\"]},{\"@type\":\"Person\",\"@id\":\"https:\\\/\\\/fuentesfidedignas.com.mx\\\/#\\\/schema\\\/person\\\/331be9283d37198e2acd5750279085b0\",\"name\":\"Redacci\u00f3n\",\"image\":{\"@type\":\"ImageObject\",\"inLanguage\":\"es\",\"@id\":\"https:\\\/\\\/secure.gravatar.com\\\/avatar\\\/f6d8782c11d12b2d4ad3fbb6931aeab5309937a4d6cd2fc9cfaa28a6396a5aec?s=96&d=mm&r=g\",\"url\":\"https:\\\/\\\/secure.gravatar.com\\\/avatar\\\/f6d8782c11d12b2d4ad3fbb6931aeab5309937a4d6cd2fc9cfaa28a6396a5aec?s=96&d=mm&r=g\",\"contentUrl\":\"https:\\\/\\\/secure.gravatar.com\\\/avatar\\\/f6d8782c11d12b2d4ad3fbb6931aeab5309937a4d6cd2fc9cfaa28a6396a5aec?s=96&d=mm&r=g\",\"caption\":\"Redacci\u00f3n\"},\"url\":\"https:\\\/\\\/fuentesfidedignas.com.mx\\\/index.php\\\/author\\\/redaccion\\\/\"}]}<\/script>\n<!-- \/ Yoast SEO plugin. -->","yoast_head_json":{"title":"El Partido Sinaloense presenta propuestas para rescatar al agro sinaloense - Fuentes Fidedignas","robots":{"index":"index","follow":"follow","max-snippet":"max-snippet:-1","max-image-preview":"max-image-preview:large","max-video-preview":"max-video-preview:-1"},"canonical":"https:\/\/fuentesfidedignas.com.mx\/index.php\/2025\/07\/12\/el-partido-sinaloense-presenta-propuestas-para-rescatar-al-agro-sinaloense\/","og_locale":"es_MX","og_type":"article","og_title":"El Partido Sinaloense presenta propuestas para rescatar al agro sinaloense - Fuentes Fidedignas","og_description":"Culiac\u00e1n, Sinaloa. En un encuentro con integrantes de la Federaci\u00f3n Agron\u00f3mica de Sinaloa, el presidente del Partido Sinaloense (PAS), Robespierre Liz\u00e1rraga Otero, ofreci\u00f3 la conferencia \u201cEl campo sinaloense: agenda, visiones y soluciones\u201d, donde comparti\u00f3 un diagn\u00f3stico profundo sobre la crisis que atraviesa el campo y el posicionamiento del partido ante esta problem\u00e1tica. Durante su exposici\u00f3n, [&hellip;]","og_url":"https:\/\/fuentesfidedignas.com.mx\/index.php\/2025\/07\/12\/el-partido-sinaloense-presenta-propuestas-para-rescatar-al-agro-sinaloense\/","og_site_name":"Fuentes Fidedignas","article_publisher":"https:\/\/www.facebook.com\/Fuentes-Fidedignas-368234489921644","article_published_time":"2025-07-13T02:52:33+00:00","og_image":[{"width":1600,"height":1200,"url":"https:\/\/fuentesfidedignas.com.mx\/wp-content\/uploads\/2025\/07\/edd63d5a-5017-4071-96c3-c9c9fb131c8c-1.jpg","type":"image\/jpeg"}],"author":"Redacci\u00f3n","twitter_card":"summary_large_image","twitter_creator":"@fidedignas","twitter_site":"@fidedignas","twitter_misc":{"Escrito por":"Redacci\u00f3n","Tiempo de lectura":"2 minutos"},"schema":{"@context":"https:\/\/schema.org","@graph":[{"@type":"Article","@id":"https:\/\/fuentesfidedignas.com.mx\/index.php\/2025\/07\/12\/el-partido-sinaloense-presenta-propuestas-para-rescatar-al-agro-sinaloense\/#article","isPartOf":{"@id":"https:\/\/fuentesfidedignas.com.mx\/index.php\/2025\/07\/12\/el-partido-sinaloense-presenta-propuestas-para-rescatar-al-agro-sinaloense\/"},"author":{"name":"Redacci\u00f3n","@id":"https:\/\/fuentesfidedignas.com.mx\/#\/schema\/person\/331be9283d37198e2acd5750279085b0"},"headline":"El Partido Sinaloense presenta propuestas para rescatar al agro sinaloense","datePublished":"2025-07-13T02:52:33+00:00","mainEntityOfPage":{"@id":"https:\/\/fuentesfidedignas.com.mx\/index.php\/2025\/07\/12\/el-partido-sinaloense-presenta-propuestas-para-rescatar-al-agro-sinaloense\/"},"wordCount":448,"publisher":{"@id":"https:\/\/fuentesfidedignas.com.mx\/#organization"},"image":{"@id":"https:\/\/fuentesfidedignas.com.mx\/index.php\/2025\/07\/12\/el-partido-sinaloense-presenta-propuestas-para-rescatar-al-agro-sinaloense\/#primaryimage"},"thumbnailUrl":"https:\/\/fuentesfidedignas.com.mx\/wp-content\/uploads\/2025\/07\/edd63d5a-5017-4071-96c3-c9c9fb131c8c-1.jpg","articleSection":["NOTICIAS LOCALES"],"inLanguage":"es"},{"@type":"WebPage","@id":"https:\/\/fuentesfidedignas.com.mx\/index.php\/2025\/07\/12\/el-partido-sinaloense-presenta-propuestas-para-rescatar-al-agro-sinaloense\/","url":"https:\/\/fuentesfidedignas.com.mx\/index.php\/2025\/07\/12\/el-partido-sinaloense-presenta-propuestas-para-rescatar-al-agro-sinaloense\/","name":"El Partido Sinaloense presenta propuestas para rescatar al agro sinaloense - Fuentes Fidedignas","isPartOf":{"@id":"https:\/\/fuentesfidedignas.com.mx\/#website"},"primaryImageOfPage":{"@id":"https:\/\/fuentesfidedignas.com.mx\/index.php\/2025\/07\/12\/el-partido-sinaloense-presenta-propuestas-para-rescatar-al-agro-sinaloense\/#primaryimage"},"image":{"@id":"https:\/\/fuentesfidedignas.com.mx\/index.php\/2025\/07\/12\/el-partido-sinaloense-presenta-propuestas-para-rescatar-al-agro-sinaloense\/#primaryimage"},"thumbnailUrl":"https:\/\/fuentesfidedignas.com.mx\/wp-content\/uploads\/2025\/07\/edd63d5a-5017-4071-96c3-c9c9fb131c8c-1.jpg","datePublished":"2025-07-13T02:52:33+00:00","breadcrumb":{"@id":"https:\/\/fuentesfidedignas.com.mx\/index.php\/2025\/07\/12\/el-partido-sinaloense-presenta-propuestas-para-rescatar-al-agro-sinaloense\/#breadcrumb"},"inLanguage":"es","potentialAction":[{"@type":"ReadAction","target":["https:\/\/fuentesfidedignas.com.mx\/index.php\/2025\/07\/12\/el-partido-sinaloense-presenta-propuestas-para-rescatar-al-agro-sinaloense\/"]}]},{"@type":"ImageObject","inLanguage":"es","@id":"https:\/\/fuentesfidedignas.com.mx\/index.php\/2025\/07\/12\/el-partido-sinaloense-presenta-propuestas-para-rescatar-al-agro-sinaloense\/#primaryimage","url":"https:\/\/fuentesfidedignas.com.mx\/wp-content\/uploads\/2025\/07\/edd63d5a-5017-4071-96c3-c9c9fb131c8c-1.jpg","contentUrl":"https:\/\/fuentesfidedignas.com.mx\/wp-content\/uploads\/2025\/07\/edd63d5a-5017-4071-96c3-c9c9fb131c8c-1.jpg","width":1600,"height":1200},{"@type":"BreadcrumbList","@id":"https:\/\/fuentesfidedignas.com.mx\/index.php\/2025\/07\/12\/el-partido-sinaloense-presenta-propuestas-para-rescatar-al-agro-sinaloense\/#breadcrumb","itemListElement":[{"@type":"ListItem","position":1,"name":"Inicio","item":"https:\/\/fuentesfidedignas.com.mx\/"},{"@type":"ListItem","position":2,"name":"El Partido Sinaloense presenta propuestas para rescatar al agro sinaloense"}]},{"@type":"WebSite","@id":"https:\/\/fuentesfidedignas.com.mx\/#website","url":"https:\/\/fuentesfidedignas.com.mx\/","name":"Fuentes Fidedignas","description":"Otro sitio realizado con WordPress","publisher":{"@id":"https:\/\/fuentesfidedignas.com.mx\/#organization"},"potentialAction":[{"@type":"SearchAction","target":{"@type":"EntryPoint","urlTemplate":"https:\/\/fuentesfidedignas.com.mx\/?s={search_term_string}"},"query-input":{"@type":"PropertyValueSpecification","valueRequired":true,"valueName":"search_term_string"}}],"inLanguage":"es"},{"@type":"Organization","@id":"https:\/\/fuentesfidedignas.com.mx\/#organization","name":"Fuentes Fidedignas","url":"https:\/\/fuentesfidedignas.com.mx\/","logo":{"@type":"ImageObject","inLanguage":"es","@id":"https:\/\/fuentesfidedignas.com.mx\/#\/schema\/logo\/image\/","url":"https:\/\/fuentesfidedignas.com.mx\/wp-content\/uploads\/2021\/04\/logo-retina.png","contentUrl":"https:\/\/fuentesfidedignas.com.mx\/wp-content\/uploads\/2021\/04\/logo-retina.png","width":280,"height":51,"caption":"Fuentes Fidedignas"},"image":{"@id":"https:\/\/fuentesfidedignas.com.mx\/#\/schema\/logo\/image\/"},"sameAs":["https:\/\/www.facebook.com\/Fuentes-Fidedignas-368234489921644","https:\/\/x.com\/fidedignas"]},{"@type":"Person","@id":"https:\/\/fuentesfidedignas.com.mx\/#\/schema\/person\/331be9283d37198e2acd5750279085b0","name":"Redacci\u00f3n","image":{"@type":"ImageObject","inLanguage":"es","@id":"https:\/\/secure.gravatar.com\/avatar\/f6d8782c11d12b2d4ad3fbb6931aeab5309937a4d6cd2fc9cfaa28a6396a5aec?s=96&d=mm&r=g","url":"https:\/\/secure.gravatar.com\/avatar\/f6d8782c11d12b2d4ad3fbb6931aeab5309937a4d6cd2fc9cfaa28a6396a5aec?s=96&d=mm&r=g","contentUrl":"https:\/\/secure.gravatar.com\/avatar\/f6d8782c11d12b2d4ad3fbb6931aeab5309937a4d6cd2fc9cfaa28a6396a5aec?s=96&d=mm&r=g","caption":"Redacci\u00f3n"},"url":"https:\/\/fuentesfidedignas.com.mx\/index.php\/author\/redaccion\/"}]}},"_links":{"self":[{"href":"https:\/\/fuentesfidedignas.com.mx\/index.php\/wp-json\/wp\/v2\/posts\/112762","targetHints":{"allow":["GET"]}}],"collection":[{"href":"https:\/\/fuentesfidedignas.com.mx\/index.php\/wp-json\/wp\/v2\/posts"}],"about":[{"href":"https:\/\/fuentesfidedignas.com.mx\/index.php\/wp-json\/wp\/v2\/types\/post"}],"author":[{"embeddable":true,"href":"https:\/\/fuentesfidedignas.com.mx\/index.php\/wp-json\/wp\/v2\/users\/4"}],"replies":[{"embeddable":true,"href":"https:\/\/fuentesfidedignas.com.mx\/index.php\/wp-json\/wp\/v2\/comments?post=112762"}],"version-history":[{"count":1,"href":"https:\/\/fuentesfidedignas.com.mx\/index.php\/wp-json\/wp\/v2\/posts\/112762\/revisions"}],"predecessor-version":[{"id":112763,"href":"https:\/\/fuentesfidedignas.com.mx\/index.php\/wp-json\/wp\/v2\/posts\/112762\/revisions\/112763"}],"wp:featuredmedia":[{"embeddable":true,"href":"https:\/\/fuentesfidedignas.com.mx\/index.php\/wp-json\/wp\/v2\/media\/112755"}],"wp:attachment":[{"href":"https:\/\/fuentesfidedignas.com.mx\/index.php\/wp-json\/wp\/v2\/media?parent=112762"}],"wp:term":[{"taxonomy":"category","embeddable":true,"href":"https:\/\/fuentesfidedignas.com.mx\/index.php\/wp-json\/wp\/v2\/categories?post=112762"},{"taxonomy":"post_tag","embeddable":true,"href":"https:\/\/fuentesfidedignas.com.mx\/index.php\/wp-json\/wp\/v2\/tags?post=112762"}],"curies":[{"name":"wp","href":"https:\/\/api.w.org\/{rel}","templated":true}]}}