{"id":112701,"date":"2025-07-12T05:16:00","date_gmt":"2025-07-12T12:16:00","guid":{"rendered":"https:\/\/fuentesfidedignas.com.mx\/?p=112701"},"modified":"2025-07-11T16:25:12","modified_gmt":"2025-07-11T23:25:12","slug":"un-nino-de-8-anos-en-silla-de-ruedas-vuelve-a-caminar-tras-recibir-un-farmaco-experimental","status":"publish","type":"post","link":"https:\/\/fuentesfidedignas.com.mx\/index.php\/2025\/07\/12\/un-nino-de-8-anos-en-silla-de-ruedas-vuelve-a-caminar-tras-recibir-un-farmaco-experimental\/","title":{"rendered":"Un ni\u00f1o de 8 a\u00f1os en silla de ruedas vuelve a caminar tras recibir un f\u00e1rmaco experimental"},"content":{"rendered":"\n<p><strong><em>Un ni\u00f1o de 8 a\u00f1os con enfermedad gen\u00e9tica camin\u00f3 de nuevo tras recibir un f\u00e1rmaco experimental. Esto podr\u00eda cambiar el futuro de miles de familias.<\/em><\/strong><\/p>\n\n\n\n<p>Durante tres a\u00f1os, la silla de ruedas fue su mundo. Hoy, ese mismo ni\u00f1o de 8 a\u00f1os camina por su cuenta, gracias a un tratamiento experimental que est\u00e1 desafiando las leyes de la gen\u00e9tica y la medicina.<\/p>\n\n\n\n<p>El impactante avance fue publicado por la revista cient\u00edfica Nature, se trata del primer caso documentado en el que un ni\u00f1o con una enfermedad gen\u00e9tica rara, degenerativa y considerada mortal, recupera funciones motoras esenciales tras recibir un f\u00e1rmaco personalizado de edici\u00f3n gen\u00e9tica. La comunidad m\u00e9dica lo describe como \u201cun momento hist\u00f3rico\u201d y \u201cuna puerta abierta a nuevas terapias imposibles\u201d.<\/p>\n\n\n\n<p><strong>Una enfermedad cruel, un destino escrito\u2026 hasta ahora<\/strong><\/p>\n\n\n\n<p>El ni\u00f1o fue diagnosticado a los cinco a\u00f1os con una variante ultra rara del s\u00edndrome de AADC (descarboxilasa de amino\u00e1cido arom\u00e1tico), una condici\u00f3n gen\u00e9tica que impide al cerebro producir suficientes neurotransmisores como la dopamina y la serotonina. El resultado: p\u00e9rdida del control muscular, convulsiones, retraso en el desarrollo y, en muchos casos, una expectativa de vida muy limitada.<\/p>\n\n\n\n<p>Durante a\u00f1os, su vida transcurri\u00f3 entre hospitales, fisioterapia y una silla de ruedas que parec\u00eda definitiva. Pero los m\u00e9dicos no se rindieron. Gracias a una colaboraci\u00f3n internacional entre investigadores de EE.UU., Europa e India, el ni\u00f1o fue seleccionado para recibir un tratamiento experimental basado en terapia g\u00e9nica y edici\u00f3n de ARN, dise\u00f1ado espec\u00edficamente para su mutaci\u00f3n gen\u00e9tica \u00fanica.<\/p>\n\n\n\n<p>&#8220;Nunca hab\u00edamos visto una respuesta as\u00ed en un paciente con esta condici\u00f3n. Pas\u00f3 de no poder levantar los brazos a caminar sin ayuda. Fue como ver al cuerpo reescribir su propio destino\u201d, afirm\u00f3 la doctora Priya Muthukumar, l\u00edder del equipo m\u00e9dico.<\/p>\n\n\n\n<p><strong>\u00bfQu\u00e9 es este f\u00e1rmaco experimental y por qu\u00e9 importa tanto?<\/strong><br>El tratamiento forma parte de una nueva generaci\u00f3n de medicamentos de terapia personalizada, basados en edici\u00f3n de ARN. A diferencia de la edici\u00f3n de ADN, esta t\u00e9cnica no altera permanentemente el genoma, sino que corrige temporalmente los errores en el ARN mensajero, lo que permite restaurar funciones espec\u00edficas sin intervenir directamente en el n\u00facleo celular.<\/p>\n\n\n\n<p>En este caso, el f\u00e1rmaco \u2014a\u00fan sin nombre comercial\u2014 fue dise\u00f1ado para corregir la mutaci\u00f3n exacta del gen DDC que causa el s\u00edndrome AADC. Una sola dosis intravenosa fue suficiente para que, en cuesti\u00f3n de semanas, el ni\u00f1o comenzara a recuperar funciones neurol\u00f3gicas b\u00e1sicas como el equilibrio, la coordinaci\u00f3n y el control del tronco.<\/p>\n\n\n\n<p><strong>Una victoria m\u00e9dica\u2026 y humana<\/strong><\/p>\n\n\n\n<p>Para la familia, que pidi\u00f3 mantener el anonimato por razones de privacidad, el cambio ha sido tan abrumador como esperanzador. \u201cAntes solo pod\u00edamos imaginarlo caminando en sue\u00f1os. Ahora lo vemos recorrer el pasillo de casa con una sonrisa que no le cabe en el cuerpo\u201d, dijo el padre del ni\u00f1o.<\/p>\n\n\n\n<p>El\u00a0tratamiento no es una cura definitiva, y los m\u00e9dicos advierten que el seguimiento a largo plazo ser\u00e1 crucial\u00a0para monitorear efectos secundarios o reca\u00eddas. Sin embargo, lo que ya est\u00e1 ocurriendo trasciende los l\u00edmites cl\u00ednicos: plantea un nuevo paradigma para enfermedades que, hasta ahora, eran sentencias de inmovilidad y deterioro progresivo.<\/p>\n\n\n\n<p><strong>\u00bfEsto puede cambiar la medicina gen\u00e9tica en todo el mundo?<\/strong><\/p>\n\n\n\n<p>S\u00ed, y ya lo est\u00e1 haciendo. Aunque este caso fue \u00fanico por la rareza del gen afectado, la tecnolog\u00eda detr\u00e1s del f\u00e1rmaco puede adaptarse a cientos de\u00a0enfermedades monog\u00e9nicas,\u00a0muchas de las cuales afectan a ni\u00f1os y no tienen tratamiento aprobado.<\/p>\n\n\n\n<p>La edici\u00f3n de ARN ofrece ventajas clave frente a otras terapias g\u00e9nicas:<\/p>\n\n\n\n<ul class=\"wp-block-list\">\n<li>No requiere modificar el ADN<\/li>\n\n\n\n<li>Puede administrarse de forma temporal y ajustable<\/li>\n\n\n\n<li>Tiene menor riesgo de efectos adversos permanentes<\/li>\n\n\n\n<li>Es adaptable a variantes gen\u00e9ticas individuales<\/li>\n<\/ul>\n\n\n\n<p>Seg\u00fan el estudio de Nature, esta tecnolog\u00eda podr\u00eda usarse en condiciones como:<\/p>\n\n\n\n<ul class=\"wp-block-list\">\n<li>Distrofias musculares<\/li>\n\n\n\n<li>Encefalopat\u00edas gen\u00e9ticas<\/li>\n\n\n\n<li>Trastornos del desarrollo neurol\u00f3gico<\/li>\n\n\n\n<li>Ciertos tipos de epilepsia<\/li>\n<\/ul>\n\n\n\n<p><strong>\u00bfQu\u00e9 sigue para el f\u00e1rmaco experimental?<\/strong><\/p>\n\n\n\n<p>Aunque los resultados son espectaculares, el tratamiento a\u00fan est\u00e1 en fase de ensayo cl\u00ednico ampliado, lo que significa que no est\u00e1 aprobado para uso general. La buena noticia es que, tras el \u00e9xito en este paciente, se han iniciado protocolos para evaluar su uso en otros ni\u00f1os con mutaciones similares.<\/p>\n\n\n\n<p>La\u00a0comunidad cient\u00edfica ha reaccionado con cautela optimista: si bien no se trata de una cura m\u00e1gica ni inmediata, es una demostraci\u00f3n real de lo que la medicina de precisi\u00f3n puede lograr cuando ciencia, tecnolog\u00eda y voluntad se alinean.<\/p>\n\n\n\n<p>El caso de este ni\u00f1o no solo es un hito cient\u00edfico. Es tambi\u00e9n un recordatorio de que, incluso en los diagn\u00f3sticos m\u00e1s oscuros, la ciencia puede abrir ventanas que parec\u00edan selladas. Un paso dado por un ni\u00f1o puede convertirse en un camino para muchos m\u00e1s.<\/p>\n\n\n\n<p>Y aunque los tratamientos experimentales deben tomarse con cautela, siempre deben acompa\u00f1arse del consejo de profesionales m\u00e9dicos certificados.\u00a0Consultar con un genetista o neur\u00f3logo pedi\u00e1trico es fundamental antes de considerar cualquier terapia avanzada o alternativa.<\/p>\n","protected":false},"excerpt":{"rendered":"<p>Un ni\u00f1o de 8 a\u00f1os con enfermedad gen\u00e9tica camin\u00f3 de nuevo tras recibir un f\u00e1rmaco experimental. Esto podr\u00eda cambiar el futuro de miles de familias. Durante tres a\u00f1os, la silla de ruedas fue su mundo. Hoy, ese mismo ni\u00f1o de 8 a\u00f1os camina por su cuenta, gracias a un tratamiento experimental que est\u00e1 desafiando las [&hellip;]<\/p>\n","protected":false},"author":7,"featured_media":112702,"comment_status":"open","ping_status":"open","sticky":false,"template":"","format":"standard","meta":{"tdm_status":"","tdm_grid_status":"","footnotes":""},"categories":[40],"tags":[],"class_list":{"0":"post-112701","1":"post","2":"type-post","3":"status-publish","4":"format-standard","5":"has-post-thumbnail","7":"category-las-asombrosas"},"yoast_head":"<!-- This site is optimized with the Yoast SEO plugin v27.5 - https:\/\/yoast.com\/product\/yoast-seo-wordpress\/ -->\n<title>Un ni\u00f1o de 8 a\u00f1os en silla de ruedas vuelve a caminar tras recibir un f\u00e1rmaco experimental - Fuentes Fidedignas<\/title>\n<meta name=\"robots\" content=\"index, follow, max-snippet:-1, max-image-preview:large, max-video-preview:-1\" \/>\n<link rel=\"canonical\" href=\"https:\/\/fuentesfidedignas.com.mx\/index.php\/2025\/07\/12\/un-nino-de-8-anos-en-silla-de-ruedas-vuelve-a-caminar-tras-recibir-un-farmaco-experimental\/\" \/>\n<meta property=\"og:locale\" content=\"es_MX\" \/>\n<meta property=\"og:type\" content=\"article\" \/>\n<meta property=\"og:title\" content=\"Un ni\u00f1o de 8 a\u00f1os en silla de ruedas vuelve a caminar tras recibir un f\u00e1rmaco experimental - Fuentes Fidedignas\" \/>\n<meta property=\"og:description\" content=\"Un ni\u00f1o de 8 a\u00f1os con enfermedad gen\u00e9tica camin\u00f3 de nuevo tras recibir un f\u00e1rmaco experimental. Esto podr\u00eda cambiar el futuro de miles de familias. Durante tres a\u00f1os, la silla de ruedas fue su mundo. Hoy, ese mismo ni\u00f1o de 8 a\u00f1os camina por su cuenta, gracias a un tratamiento experimental que est\u00e1 desafiando las [&hellip;]\" \/>\n<meta property=\"og:url\" content=\"https:\/\/fuentesfidedignas.com.mx\/index.php\/2025\/07\/12\/un-nino-de-8-anos-en-silla-de-ruedas-vuelve-a-caminar-tras-recibir-un-farmaco-experimental\/\" \/>\n<meta property=\"og:site_name\" content=\"Fuentes Fidedignas\" \/>\n<meta property=\"article:publisher\" content=\"https:\/\/www.facebook.com\/Fuentes-Fidedignas-368234489921644\" \/>\n<meta property=\"article:published_time\" content=\"2025-07-12T12:16:00+00:00\" \/>\n<meta property=\"og:image\" content=\"https:\/\/fuentesfidedignas.com.mx\/wp-content\/uploads\/2025\/07\/nino_silla.jpg\" \/>\n\t<meta property=\"og:image:width\" content=\"500\" \/>\n\t<meta property=\"og:image:height\" content=\"337\" \/>\n\t<meta property=\"og:image:type\" content=\"image\/jpeg\" \/>\n<meta name=\"author\" content=\"Exc\u00e9lsior\" \/>\n<meta name=\"twitter:card\" content=\"summary_large_image\" \/>\n<meta name=\"twitter:creator\" content=\"@fidedignas\" \/>\n<meta name=\"twitter:site\" content=\"@fidedignas\" \/>\n<meta name=\"twitter:label1\" content=\"Escrito por\" \/>\n\t<meta name=\"twitter:data1\" content=\"Exc\u00e9lsior\" \/>\n\t<meta name=\"twitter:label2\" content=\"Tiempo de lectura\" \/>\n\t<meta name=\"twitter:data2\" content=\"4 minutos\" \/>\n<script type=\"application\/ld+json\" class=\"yoast-schema-graph\">{\"@context\":\"https:\\\/\\\/schema.org\",\"@graph\":[{\"@type\":\"Article\",\"@id\":\"https:\\\/\\\/fuentesfidedignas.com.mx\\\/index.php\\\/2025\\\/07\\\/12\\\/un-nino-de-8-anos-en-silla-de-ruedas-vuelve-a-caminar-tras-recibir-un-farmaco-experimental\\\/#article\",\"isPartOf\":{\"@id\":\"https:\\\/\\\/fuentesfidedignas.com.mx\\\/index.php\\\/2025\\\/07\\\/12\\\/un-nino-de-8-anos-en-silla-de-ruedas-vuelve-a-caminar-tras-recibir-un-farmaco-experimental\\\/\"},\"author\":{\"name\":\"Exc\u00e9lsior\",\"@id\":\"https:\\\/\\\/fuentesfidedignas.com.mx\\\/#\\\/schema\\\/person\\\/ec4edd1fbf5efa3e44fce34fe2787780\"},\"headline\":\"Un ni\u00f1o de 8 a\u00f1os en silla de ruedas vuelve a caminar tras recibir un f\u00e1rmaco experimental\",\"datePublished\":\"2025-07-12T12:16:00+00:00\",\"mainEntityOfPage\":{\"@id\":\"https:\\\/\\\/fuentesfidedignas.com.mx\\\/index.php\\\/2025\\\/07\\\/12\\\/un-nino-de-8-anos-en-silla-de-ruedas-vuelve-a-caminar-tras-recibir-un-farmaco-experimental\\\/\"},\"wordCount\":918,\"commentCount\":0,\"publisher\":{\"@id\":\"https:\\\/\\\/fuentesfidedignas.com.mx\\\/#organization\"},\"image\":{\"@id\":\"https:\\\/\\\/fuentesfidedignas.com.mx\\\/index.php\\\/2025\\\/07\\\/12\\\/un-nino-de-8-anos-en-silla-de-ruedas-vuelve-a-caminar-tras-recibir-un-farmaco-experimental\\\/#primaryimage\"},\"thumbnailUrl\":\"https:\\\/\\\/fuentesfidedignas.com.mx\\\/wp-content\\\/uploads\\\/2025\\\/07\\\/nino_silla.jpg\",\"articleSection\":[\"LAS ASOMBROSAS\"],\"inLanguage\":\"es\",\"potentialAction\":[{\"@type\":\"CommentAction\",\"name\":\"Comment\",\"target\":[\"https:\\\/\\\/fuentesfidedignas.com.mx\\\/index.php\\\/2025\\\/07\\\/12\\\/un-nino-de-8-anos-en-silla-de-ruedas-vuelve-a-caminar-tras-recibir-un-farmaco-experimental\\\/#respond\"]}]},{\"@type\":\"WebPage\",\"@id\":\"https:\\\/\\\/fuentesfidedignas.com.mx\\\/index.php\\\/2025\\\/07\\\/12\\\/un-nino-de-8-anos-en-silla-de-ruedas-vuelve-a-caminar-tras-recibir-un-farmaco-experimental\\\/\",\"url\":\"https:\\\/\\\/fuentesfidedignas.com.mx\\\/index.php\\\/2025\\\/07\\\/12\\\/un-nino-de-8-anos-en-silla-de-ruedas-vuelve-a-caminar-tras-recibir-un-farmaco-experimental\\\/\",\"name\":\"Un ni\u00f1o de 8 a\u00f1os en silla de ruedas vuelve a caminar tras recibir un f\u00e1rmaco experimental - Fuentes Fidedignas\",\"isPartOf\":{\"@id\":\"https:\\\/\\\/fuentesfidedignas.com.mx\\\/#website\"},\"primaryImageOfPage\":{\"@id\":\"https:\\\/\\\/fuentesfidedignas.com.mx\\\/index.php\\\/2025\\\/07\\\/12\\\/un-nino-de-8-anos-en-silla-de-ruedas-vuelve-a-caminar-tras-recibir-un-farmaco-experimental\\\/#primaryimage\"},\"image\":{\"@id\":\"https:\\\/\\\/fuentesfidedignas.com.mx\\\/index.php\\\/2025\\\/07\\\/12\\\/un-nino-de-8-anos-en-silla-de-ruedas-vuelve-a-caminar-tras-recibir-un-farmaco-experimental\\\/#primaryimage\"},\"thumbnailUrl\":\"https:\\\/\\\/fuentesfidedignas.com.mx\\\/wp-content\\\/uploads\\\/2025\\\/07\\\/nino_silla.jpg\",\"datePublished\":\"2025-07-12T12:16:00+00:00\",\"breadcrumb\":{\"@id\":\"https:\\\/\\\/fuentesfidedignas.com.mx\\\/index.php\\\/2025\\\/07\\\/12\\\/un-nino-de-8-anos-en-silla-de-ruedas-vuelve-a-caminar-tras-recibir-un-farmaco-experimental\\\/#breadcrumb\"},\"inLanguage\":\"es\",\"potentialAction\":[{\"@type\":\"ReadAction\",\"target\":[\"https:\\\/\\\/fuentesfidedignas.com.mx\\\/index.php\\\/2025\\\/07\\\/12\\\/un-nino-de-8-anos-en-silla-de-ruedas-vuelve-a-caminar-tras-recibir-un-farmaco-experimental\\\/\"]}]},{\"@type\":\"ImageObject\",\"inLanguage\":\"es\",\"@id\":\"https:\\\/\\\/fuentesfidedignas.com.mx\\\/index.php\\\/2025\\\/07\\\/12\\\/un-nino-de-8-anos-en-silla-de-ruedas-vuelve-a-caminar-tras-recibir-un-farmaco-experimental\\\/#primaryimage\",\"url\":\"https:\\\/\\\/fuentesfidedignas.com.mx\\\/wp-content\\\/uploads\\\/2025\\\/07\\\/nino_silla.jpg\",\"contentUrl\":\"https:\\\/\\\/fuentesfidedignas.com.mx\\\/wp-content\\\/uploads\\\/2025\\\/07\\\/nino_silla.jpg\",\"width\":500,\"height\":337},{\"@type\":\"BreadcrumbList\",\"@id\":\"https:\\\/\\\/fuentesfidedignas.com.mx\\\/index.php\\\/2025\\\/07\\\/12\\\/un-nino-de-8-anos-en-silla-de-ruedas-vuelve-a-caminar-tras-recibir-un-farmaco-experimental\\\/#breadcrumb\",\"itemListElement\":[{\"@type\":\"ListItem\",\"position\":1,\"name\":\"Inicio\",\"item\":\"https:\\\/\\\/fuentesfidedignas.com.mx\\\/\"},{\"@type\":\"ListItem\",\"position\":2,\"name\":\"Un ni\u00f1o de 8 a\u00f1os en silla de ruedas vuelve a caminar tras recibir un f\u00e1rmaco experimental\"}]},{\"@type\":\"WebSite\",\"@id\":\"https:\\\/\\\/fuentesfidedignas.com.mx\\\/#website\",\"url\":\"https:\\\/\\\/fuentesfidedignas.com.mx\\\/\",\"name\":\"Fuentes Fidedignas\",\"description\":\"Otro sitio realizado con WordPress\",\"publisher\":{\"@id\":\"https:\\\/\\\/fuentesfidedignas.com.mx\\\/#organization\"},\"potentialAction\":[{\"@type\":\"SearchAction\",\"target\":{\"@type\":\"EntryPoint\",\"urlTemplate\":\"https:\\\/\\\/fuentesfidedignas.com.mx\\\/?s={search_term_string}\"},\"query-input\":{\"@type\":\"PropertyValueSpecification\",\"valueRequired\":true,\"valueName\":\"search_term_string\"}}],\"inLanguage\":\"es\"},{\"@type\":\"Organization\",\"@id\":\"https:\\\/\\\/fuentesfidedignas.com.mx\\\/#organization\",\"name\":\"Fuentes Fidedignas\",\"url\":\"https:\\\/\\\/fuentesfidedignas.com.mx\\\/\",\"logo\":{\"@type\":\"ImageObject\",\"inLanguage\":\"es\",\"@id\":\"https:\\\/\\\/fuentesfidedignas.com.mx\\\/#\\\/schema\\\/logo\\\/image\\\/\",\"url\":\"https:\\\/\\\/fuentesfidedignas.com.mx\\\/wp-content\\\/uploads\\\/2021\\\/04\\\/logo-retina.png\",\"contentUrl\":\"https:\\\/\\\/fuentesfidedignas.com.mx\\\/wp-content\\\/uploads\\\/2021\\\/04\\\/logo-retina.png\",\"width\":280,\"height\":51,\"caption\":\"Fuentes Fidedignas\"},\"image\":{\"@id\":\"https:\\\/\\\/fuentesfidedignas.com.mx\\\/#\\\/schema\\\/logo\\\/image\\\/\"},\"sameAs\":[\"https:\\\/\\\/www.facebook.com\\\/Fuentes-Fidedignas-368234489921644\",\"https:\\\/\\\/x.com\\\/fidedignas\"]},{\"@type\":\"Person\",\"@id\":\"https:\\\/\\\/fuentesfidedignas.com.mx\\\/#\\\/schema\\\/person\\\/ec4edd1fbf5efa3e44fce34fe2787780\",\"name\":\"Exc\u00e9lsior\",\"image\":{\"@type\":\"ImageObject\",\"inLanguage\":\"es\",\"@id\":\"https:\\\/\\\/secure.gravatar.com\\\/avatar\\\/4b7ee9206b48be08447852b3f0814dbc7c0f3b51541b164f1464a2725614020b?s=96&d=mm&r=g\",\"url\":\"https:\\\/\\\/secure.gravatar.com\\\/avatar\\\/4b7ee9206b48be08447852b3f0814dbc7c0f3b51541b164f1464a2725614020b?s=96&d=mm&r=g\",\"contentUrl\":\"https:\\\/\\\/secure.gravatar.com\\\/avatar\\\/4b7ee9206b48be08447852b3f0814dbc7c0f3b51541b164f1464a2725614020b?s=96&d=mm&r=g\",\"caption\":\"Exc\u00e9lsior\"},\"url\":\"https:\\\/\\\/fuentesfidedignas.com.mx\\\/index.php\\\/author\\\/excelsior\\\/\"}]}<\/script>\n<!-- \/ Yoast SEO plugin. -->","yoast_head_json":{"title":"Un ni\u00f1o de 8 a\u00f1os en silla de ruedas vuelve a caminar tras recibir un f\u00e1rmaco experimental - Fuentes Fidedignas","robots":{"index":"index","follow":"follow","max-snippet":"max-snippet:-1","max-image-preview":"max-image-preview:large","max-video-preview":"max-video-preview:-1"},"canonical":"https:\/\/fuentesfidedignas.com.mx\/index.php\/2025\/07\/12\/un-nino-de-8-anos-en-silla-de-ruedas-vuelve-a-caminar-tras-recibir-un-farmaco-experimental\/","og_locale":"es_MX","og_type":"article","og_title":"Un ni\u00f1o de 8 a\u00f1os en silla de ruedas vuelve a caminar tras recibir un f\u00e1rmaco experimental - Fuentes Fidedignas","og_description":"Un ni\u00f1o de 8 a\u00f1os con enfermedad gen\u00e9tica camin\u00f3 de nuevo tras recibir un f\u00e1rmaco experimental. Esto podr\u00eda cambiar el futuro de miles de familias. Durante tres a\u00f1os, la silla de ruedas fue su mundo. Hoy, ese mismo ni\u00f1o de 8 a\u00f1os camina por su cuenta, gracias a un tratamiento experimental que est\u00e1 desafiando las [&hellip;]","og_url":"https:\/\/fuentesfidedignas.com.mx\/index.php\/2025\/07\/12\/un-nino-de-8-anos-en-silla-de-ruedas-vuelve-a-caminar-tras-recibir-un-farmaco-experimental\/","og_site_name":"Fuentes Fidedignas","article_publisher":"https:\/\/www.facebook.com\/Fuentes-Fidedignas-368234489921644","article_published_time":"2025-07-12T12:16:00+00:00","og_image":[{"width":500,"height":337,"url":"https:\/\/fuentesfidedignas.com.mx\/wp-content\/uploads\/2025\/07\/nino_silla.jpg","type":"image\/jpeg"}],"author":"Exc\u00e9lsior","twitter_card":"summary_large_image","twitter_creator":"@fidedignas","twitter_site":"@fidedignas","twitter_misc":{"Escrito por":"Exc\u00e9lsior","Tiempo de lectura":"4 minutos"},"schema":{"@context":"https:\/\/schema.org","@graph":[{"@type":"Article","@id":"https:\/\/fuentesfidedignas.com.mx\/index.php\/2025\/07\/12\/un-nino-de-8-anos-en-silla-de-ruedas-vuelve-a-caminar-tras-recibir-un-farmaco-experimental\/#article","isPartOf":{"@id":"https:\/\/fuentesfidedignas.com.mx\/index.php\/2025\/07\/12\/un-nino-de-8-anos-en-silla-de-ruedas-vuelve-a-caminar-tras-recibir-un-farmaco-experimental\/"},"author":{"name":"Exc\u00e9lsior","@id":"https:\/\/fuentesfidedignas.com.mx\/#\/schema\/person\/ec4edd1fbf5efa3e44fce34fe2787780"},"headline":"Un ni\u00f1o de 8 a\u00f1os en silla de ruedas vuelve a caminar tras recibir un f\u00e1rmaco experimental","datePublished":"2025-07-12T12:16:00+00:00","mainEntityOfPage":{"@id":"https:\/\/fuentesfidedignas.com.mx\/index.php\/2025\/07\/12\/un-nino-de-8-anos-en-silla-de-ruedas-vuelve-a-caminar-tras-recibir-un-farmaco-experimental\/"},"wordCount":918,"commentCount":0,"publisher":{"@id":"https:\/\/fuentesfidedignas.com.mx\/#organization"},"image":{"@id":"https:\/\/fuentesfidedignas.com.mx\/index.php\/2025\/07\/12\/un-nino-de-8-anos-en-silla-de-ruedas-vuelve-a-caminar-tras-recibir-un-farmaco-experimental\/#primaryimage"},"thumbnailUrl":"https:\/\/fuentesfidedignas.com.mx\/wp-content\/uploads\/2025\/07\/nino_silla.jpg","articleSection":["LAS ASOMBROSAS"],"inLanguage":"es","potentialAction":[{"@type":"CommentAction","name":"Comment","target":["https:\/\/fuentesfidedignas.com.mx\/index.php\/2025\/07\/12\/un-nino-de-8-anos-en-silla-de-ruedas-vuelve-a-caminar-tras-recibir-un-farmaco-experimental\/#respond"]}]},{"@type":"WebPage","@id":"https:\/\/fuentesfidedignas.com.mx\/index.php\/2025\/07\/12\/un-nino-de-8-anos-en-silla-de-ruedas-vuelve-a-caminar-tras-recibir-un-farmaco-experimental\/","url":"https:\/\/fuentesfidedignas.com.mx\/index.php\/2025\/07\/12\/un-nino-de-8-anos-en-silla-de-ruedas-vuelve-a-caminar-tras-recibir-un-farmaco-experimental\/","name":"Un ni\u00f1o de 8 a\u00f1os en silla de ruedas vuelve a caminar tras recibir un f\u00e1rmaco experimental - Fuentes Fidedignas","isPartOf":{"@id":"https:\/\/fuentesfidedignas.com.mx\/#website"},"primaryImageOfPage":{"@id":"https:\/\/fuentesfidedignas.com.mx\/index.php\/2025\/07\/12\/un-nino-de-8-anos-en-silla-de-ruedas-vuelve-a-caminar-tras-recibir-un-farmaco-experimental\/#primaryimage"},"image":{"@id":"https:\/\/fuentesfidedignas.com.mx\/index.php\/2025\/07\/12\/un-nino-de-8-anos-en-silla-de-ruedas-vuelve-a-caminar-tras-recibir-un-farmaco-experimental\/#primaryimage"},"thumbnailUrl":"https:\/\/fuentesfidedignas.com.mx\/wp-content\/uploads\/2025\/07\/nino_silla.jpg","datePublished":"2025-07-12T12:16:00+00:00","breadcrumb":{"@id":"https:\/\/fuentesfidedignas.com.mx\/index.php\/2025\/07\/12\/un-nino-de-8-anos-en-silla-de-ruedas-vuelve-a-caminar-tras-recibir-un-farmaco-experimental\/#breadcrumb"},"inLanguage":"es","potentialAction":[{"@type":"ReadAction","target":["https:\/\/fuentesfidedignas.com.mx\/index.php\/2025\/07\/12\/un-nino-de-8-anos-en-silla-de-ruedas-vuelve-a-caminar-tras-recibir-un-farmaco-experimental\/"]}]},{"@type":"ImageObject","inLanguage":"es","@id":"https:\/\/fuentesfidedignas.com.mx\/index.php\/2025\/07\/12\/un-nino-de-8-anos-en-silla-de-ruedas-vuelve-a-caminar-tras-recibir-un-farmaco-experimental\/#primaryimage","url":"https:\/\/fuentesfidedignas.com.mx\/wp-content\/uploads\/2025\/07\/nino_silla.jpg","contentUrl":"https:\/\/fuentesfidedignas.com.mx\/wp-content\/uploads\/2025\/07\/nino_silla.jpg","width":500,"height":337},{"@type":"BreadcrumbList","@id":"https:\/\/fuentesfidedignas.com.mx\/index.php\/2025\/07\/12\/un-nino-de-8-anos-en-silla-de-ruedas-vuelve-a-caminar-tras-recibir-un-farmaco-experimental\/#breadcrumb","itemListElement":[{"@type":"ListItem","position":1,"name":"Inicio","item":"https:\/\/fuentesfidedignas.com.mx\/"},{"@type":"ListItem","position":2,"name":"Un ni\u00f1o de 8 a\u00f1os en silla de ruedas vuelve a caminar tras recibir un f\u00e1rmaco experimental"}]},{"@type":"WebSite","@id":"https:\/\/fuentesfidedignas.com.mx\/#website","url":"https:\/\/fuentesfidedignas.com.mx\/","name":"Fuentes Fidedignas","description":"Otro sitio realizado con WordPress","publisher":{"@id":"https:\/\/fuentesfidedignas.com.mx\/#organization"},"potentialAction":[{"@type":"SearchAction","target":{"@type":"EntryPoint","urlTemplate":"https:\/\/fuentesfidedignas.com.mx\/?s={search_term_string}"},"query-input":{"@type":"PropertyValueSpecification","valueRequired":true,"valueName":"search_term_string"}}],"inLanguage":"es"},{"@type":"Organization","@id":"https:\/\/fuentesfidedignas.com.mx\/#organization","name":"Fuentes Fidedignas","url":"https:\/\/fuentesfidedignas.com.mx\/","logo":{"@type":"ImageObject","inLanguage":"es","@id":"https:\/\/fuentesfidedignas.com.mx\/#\/schema\/logo\/image\/","url":"https:\/\/fuentesfidedignas.com.mx\/wp-content\/uploads\/2021\/04\/logo-retina.png","contentUrl":"https:\/\/fuentesfidedignas.com.mx\/wp-content\/uploads\/2021\/04\/logo-retina.png","width":280,"height":51,"caption":"Fuentes Fidedignas"},"image":{"@id":"https:\/\/fuentesfidedignas.com.mx\/#\/schema\/logo\/image\/"},"sameAs":["https:\/\/www.facebook.com\/Fuentes-Fidedignas-368234489921644","https:\/\/x.com\/fidedignas"]},{"@type":"Person","@id":"https:\/\/fuentesfidedignas.com.mx\/#\/schema\/person\/ec4edd1fbf5efa3e44fce34fe2787780","name":"Exc\u00e9lsior","image":{"@type":"ImageObject","inLanguage":"es","@id":"https:\/\/secure.gravatar.com\/avatar\/4b7ee9206b48be08447852b3f0814dbc7c0f3b51541b164f1464a2725614020b?s=96&d=mm&r=g","url":"https:\/\/secure.gravatar.com\/avatar\/4b7ee9206b48be08447852b3f0814dbc7c0f3b51541b164f1464a2725614020b?s=96&d=mm&r=g","contentUrl":"https:\/\/secure.gravatar.com\/avatar\/4b7ee9206b48be08447852b3f0814dbc7c0f3b51541b164f1464a2725614020b?s=96&d=mm&r=g","caption":"Exc\u00e9lsior"},"url":"https:\/\/fuentesfidedignas.com.mx\/index.php\/author\/excelsior\/"}]}},"_links":{"self":[{"href":"https:\/\/fuentesfidedignas.com.mx\/index.php\/wp-json\/wp\/v2\/posts\/112701","targetHints":{"allow":["GET"]}}],"collection":[{"href":"https:\/\/fuentesfidedignas.com.mx\/index.php\/wp-json\/wp\/v2\/posts"}],"about":[{"href":"https:\/\/fuentesfidedignas.com.mx\/index.php\/wp-json\/wp\/v2\/types\/post"}],"author":[{"embeddable":true,"href":"https:\/\/fuentesfidedignas.com.mx\/index.php\/wp-json\/wp\/v2\/users\/7"}],"replies":[{"embeddable":true,"href":"https:\/\/fuentesfidedignas.com.mx\/index.php\/wp-json\/wp\/v2\/comments?post=112701"}],"version-history":[{"count":1,"href":"https:\/\/fuentesfidedignas.com.mx\/index.php\/wp-json\/wp\/v2\/posts\/112701\/revisions"}],"predecessor-version":[{"id":112703,"href":"https:\/\/fuentesfidedignas.com.mx\/index.php\/wp-json\/wp\/v2\/posts\/112701\/revisions\/112703"}],"wp:featuredmedia":[{"embeddable":true,"href":"https:\/\/fuentesfidedignas.com.mx\/index.php\/wp-json\/wp\/v2\/media\/112702"}],"wp:attachment":[{"href":"https:\/\/fuentesfidedignas.com.mx\/index.php\/wp-json\/wp\/v2\/media?parent=112701"}],"wp:term":[{"taxonomy":"category","embeddable":true,"href":"https:\/\/fuentesfidedignas.com.mx\/index.php\/wp-json\/wp\/v2\/categories?post=112701"},{"taxonomy":"post_tag","embeddable":true,"href":"https:\/\/fuentesfidedignas.com.mx\/index.php\/wp-json\/wp\/v2\/tags?post=112701"}],"curies":[{"name":"wp","href":"https:\/\/api.w.org\/{rel}","templated":true}]}}