{"id":112699,"date":"2025-07-11T16:04:09","date_gmt":"2025-07-11T23:04:09","guid":{"rendered":"https:\/\/fuentesfidedignas.com.mx\/?p=112699"},"modified":"2025-07-11T16:04:18","modified_gmt":"2025-07-11T23:04:18","slug":"sheinbaum-responde-a-abogado-de-ovidio-guzman-no-hay-contubernio-ni-complicidad-con-nadie","status":"publish","type":"post","link":"https:\/\/fuentesfidedignas.com.mx\/index.php\/2025\/07\/11\/sheinbaum-responde-a-abogado-de-ovidio-guzman-no-hay-contubernio-ni-complicidad-con-nadie\/","title":{"rendered":"Sheinbaum responde a abogado de Ovidio Guzm\u00e1n: \u201cNo hay contubernio ni complicidad con nadie\u201d"},"content":{"rendered":"\n<p><strong><em>Claudia Sheinbaum calific\u00f3 de irrespetuosas las declaraciones del abogado de Ovidio Guzm\u00e1n y neg\u00f3 cualquier complicidad con el crimen organizado.<\/em><\/strong><\/p>\n\n\n\n<p>La presidenta de M\u00e9xico, Claudia Sheinbaum, calific\u00f3 como \u201cirrespetuosas\u201d las declaraciones del abogado Jeffrey Lichtman, defensor de Ovidio Guzm\u00e1n L\u00f3pez, alias El Rat\u00f3n, quien hab\u00eda se\u00f1alado que la intenci\u00f3n del gobierno mexicano de involucrarse en el proceso judicial contra su cliente era \u201cabsurda\u201d.<\/p>\n\n\n\n<p>Durante una rueda de prensa celebrada previo a la inauguraci\u00f3n de \u00e1reas m\u00e9dicas en el Hospital Pedi\u00e1trico IMSS-Bienestar Sinaloa, Sheinbaum reiter\u00f3 que no existe ning\u00fan tipo de alianza o complicidad entre su administraci\u00f3n y actores vinculados al crimen organizado.<\/p>\n\n\n\n<p>\u201cLa FGR est\u00e1 por emitir un comunicado; finalmente es un asunto judicial. Nosotros no establecemos relaciones de contubernio, ni de complicidad con nadie\u201d, declar\u00f3.<\/p>\n\n\n\n<p>Estas declaraciones se dan luego de que Ovidio Guzm\u00e1n, hijo de Joaqu\u00edn \u201cEl Chapo\u201d Guzm\u00e1n, se declarara culpable de cuatro cargos relacionados con narcotr\u00e1fico en una corte de Estados Unidos.<\/p>\n\n\n\n<p><strong>Defensa de Ovidio rechaza participaci\u00f3n mexicana en el caso<\/strong><br>Al salir de la audiencia judicial en Estados Unidos, el abogado Jeffrey Lichtman critic\u00f3 la postura del gobierno mexicano, se\u00f1alando que cualquier intenci\u00f3n de participar en el acuerdo alcanzado con autoridades estadounidenses era innecesaria, especialmente tras la liberaci\u00f3n del exsecretario Salvador Cienfuegos, quien fue regresado a M\u00e9xico sin enfrentar cargos en territorio estadounidense.<\/p>\n\n\n\n<p>\u201cLas intenciones de la presidenta Claudia Sheinbaum de que el gobierno mexicano participara en el proceso de mi cliente son absurdas\u201d, se\u00f1al\u00f3 Lichtman.<\/p>\n\n\n\n<p>El abogado tambi\u00e9n enfatiz\u00f3 que el gobierno mexicano no estuvo involucrado en el acuerdo judicial que permiti\u00f3 la declaraci\u00f3n de culpabilidad de Guzm\u00e1n L\u00f3pez en EE. UU.<\/p>\n\n\n\n<p><strong>FGR rechaza descalificaciones sin sustento sobre el caso Ovidio Guzm\u00e1n<\/strong><br>La Fiscal\u00eda General de la Rep\u00fablica (FGR) emiti\u00f3 un posicionamiento en el que rechaza de manera absoluta y contundente las descalificaciones injustas expresadas de forma irresponsable, sin fundamentos probatorios, y que responden a un oportunismo medi\u00e1tico destinado a desacreditar a la instituci\u00f3n.<\/p>\n\n\n\n<figure class=\"wp-block-embed is-type-rich is-provider-twitter wp-block-embed-twitter\"><div class=\"wp-block-embed__wrapper\">\n<blockquote class=\"twitter-tweet\" data-width=\"550\" data-dnt=\"true\"><p lang=\"es\" dir=\"ltr\"><a href=\"https:\/\/twitter.com\/hashtag\/FGRInforma?src=hash&amp;ref_src=twsrc%5Etfw\">#FGRInforma<\/a> | Con relaci\u00f3n a las declaraciones hechas hoy en torno a la audiencia jur\u00eddica de Ovidio \u201cG\u201d en una Corte de Illinois, la <a href=\"https:\/\/twitter.com\/hashtag\/FGR?src=hash&amp;ref_src=twsrc%5Etfw\">#FGR<\/a> rechaza de manera absoluta y contundente, descalificaciones injustas e irresponsables, sin aportar pruebas. Todo ello en busca de un\u2026 <a href=\"https:\/\/t.co\/8S4KhrZVZh\">pic.twitter.com\/8S4KhrZVZh<\/a><\/p>&mdash; FGR M\u00e9xico (@FGRMexico) <a href=\"https:\/\/twitter.com\/FGRMexico\/status\/1943799866397753688?ref_src=twsrc%5Etfw\">July 11, 2025<\/a><\/blockquote><script async src=\"https:\/\/platform.twitter.com\/widgets.js\" charset=\"utf-8\"><\/script>\n<\/div><\/figure>\n","protected":false},"excerpt":{"rendered":"<p>Claudia Sheinbaum calific\u00f3 de irrespetuosas las declaraciones del abogado de Ovidio Guzm\u00e1n y neg\u00f3 cualquier complicidad con el crimen organizado. La presidenta de M\u00e9xico, Claudia Sheinbaum, calific\u00f3 como \u201cirrespetuosas\u201d las declaraciones del abogado Jeffrey Lichtman, defensor de Ovidio Guzm\u00e1n L\u00f3pez, alias El Rat\u00f3n, quien hab\u00eda se\u00f1alado que la intenci\u00f3n del gobierno mexicano de involucrarse en [&hellip;]<\/p>\n","protected":false},"author":7,"featured_media":92842,"comment_status":"open","ping_status":"open","sticky":false,"template":"","format":"standard","meta":{"tdm_status":"","tdm_grid_status":"","footnotes":""},"categories":[37],"tags":[],"class_list":{"0":"post-112699","1":"post","2":"type-post","3":"status-publish","4":"format-standard","5":"has-post-thumbnail","7":"category-nota-principal"},"yoast_head":"<!-- This site is optimized with the Yoast SEO plugin v27.5 - https:\/\/yoast.com\/product\/yoast-seo-wordpress\/ -->\n<title>Sheinbaum responde a abogado de Ovidio Guzm\u00e1n: \u201cNo hay contubernio ni complicidad con nadie\u201d - Fuentes Fidedignas<\/title>\n<meta name=\"robots\" content=\"index, follow, max-snippet:-1, max-image-preview:large, max-video-preview:-1\" \/>\n<link rel=\"canonical\" href=\"https:\/\/fuentesfidedignas.com.mx\/index.php\/2025\/07\/11\/sheinbaum-responde-a-abogado-de-ovidio-guzman-no-hay-contubernio-ni-complicidad-con-nadie\/\" \/>\n<meta property=\"og:locale\" content=\"es_MX\" \/>\n<meta property=\"og:type\" content=\"article\" \/>\n<meta property=\"og:title\" content=\"Sheinbaum responde a abogado de Ovidio Guzm\u00e1n: \u201cNo hay contubernio ni complicidad con nadie\u201d - Fuentes Fidedignas\" \/>\n<meta property=\"og:description\" content=\"Claudia Sheinbaum calific\u00f3 de irrespetuosas las declaraciones del abogado de Ovidio Guzm\u00e1n y neg\u00f3 cualquier complicidad con el crimen organizado. La presidenta de M\u00e9xico, Claudia Sheinbaum, calific\u00f3 como \u201cirrespetuosas\u201d las declaraciones del abogado Jeffrey Lichtman, defensor de Ovidio Guzm\u00e1n L\u00f3pez, alias El Rat\u00f3n, quien hab\u00eda se\u00f1alado que la intenci\u00f3n del gobierno mexicano de involucrarse en [&hellip;]\" \/>\n<meta property=\"og:url\" content=\"https:\/\/fuentesfidedignas.com.mx\/index.php\/2025\/07\/11\/sheinbaum-responde-a-abogado-de-ovidio-guzman-no-hay-contubernio-ni-complicidad-con-nadie\/\" \/>\n<meta property=\"og:site_name\" content=\"Fuentes Fidedignas\" \/>\n<meta property=\"article:publisher\" content=\"https:\/\/www.facebook.com\/Fuentes-Fidedignas-368234489921644\" \/>\n<meta property=\"article:published_time\" content=\"2025-07-11T23:04:09+00:00\" \/>\n<meta property=\"article:modified_time\" content=\"2025-07-11T23:04:18+00:00\" \/>\n<meta property=\"og:image\" content=\"https:\/\/fuentesfidedignas.com.mx\/wp-content\/uploads\/2024\/10\/Claudia-Sheinbaum.jpg\" \/>\n\t<meta property=\"og:image:width\" content=\"650\" \/>\n\t<meta property=\"og:image:height\" content=\"403\" \/>\n\t<meta property=\"og:image:type\" content=\"image\/jpeg\" \/>\n<meta name=\"author\" content=\"Exc\u00e9lsior\" \/>\n<meta name=\"twitter:card\" content=\"summary_large_image\" \/>\n<meta name=\"twitter:creator\" content=\"@fidedignas\" \/>\n<meta name=\"twitter:site\" content=\"@fidedignas\" \/>\n<meta name=\"twitter:label1\" content=\"Escrito por\" \/>\n\t<meta name=\"twitter:data1\" content=\"Exc\u00e9lsior\" \/>\n\t<meta name=\"twitter:label2\" content=\"Tiempo de lectura\" \/>\n\t<meta name=\"twitter:data2\" content=\"2 minutos\" \/>\n<script type=\"application\/ld+json\" class=\"yoast-schema-graph\">{\"@context\":\"https:\\\/\\\/schema.org\",\"@graph\":[{\"@type\":\"Article\",\"@id\":\"https:\\\/\\\/fuentesfidedignas.com.mx\\\/index.php\\\/2025\\\/07\\\/11\\\/sheinbaum-responde-a-abogado-de-ovidio-guzman-no-hay-contubernio-ni-complicidad-con-nadie\\\/#article\",\"isPartOf\":{\"@id\":\"https:\\\/\\\/fuentesfidedignas.com.mx\\\/index.php\\\/2025\\\/07\\\/11\\\/sheinbaum-responde-a-abogado-de-ovidio-guzman-no-hay-contubernio-ni-complicidad-con-nadie\\\/\"},\"author\":{\"name\":\"Exc\u00e9lsior\",\"@id\":\"https:\\\/\\\/fuentesfidedignas.com.mx\\\/#\\\/schema\\\/person\\\/ec4edd1fbf5efa3e44fce34fe2787780\"},\"headline\":\"Sheinbaum responde a abogado de Ovidio Guzm\u00e1n: \u201cNo hay contubernio ni complicidad con nadie\u201d\",\"datePublished\":\"2025-07-11T23:04:09+00:00\",\"dateModified\":\"2025-07-11T23:04:18+00:00\",\"mainEntityOfPage\":{\"@id\":\"https:\\\/\\\/fuentesfidedignas.com.mx\\\/index.php\\\/2025\\\/07\\\/11\\\/sheinbaum-responde-a-abogado-de-ovidio-guzman-no-hay-contubernio-ni-complicidad-con-nadie\\\/\"},\"wordCount\":372,\"commentCount\":0,\"publisher\":{\"@id\":\"https:\\\/\\\/fuentesfidedignas.com.mx\\\/#organization\"},\"image\":{\"@id\":\"https:\\\/\\\/fuentesfidedignas.com.mx\\\/index.php\\\/2025\\\/07\\\/11\\\/sheinbaum-responde-a-abogado-de-ovidio-guzman-no-hay-contubernio-ni-complicidad-con-nadie\\\/#primaryimage\"},\"thumbnailUrl\":\"https:\\\/\\\/fuentesfidedignas.com.mx\\\/wp-content\\\/uploads\\\/2024\\\/10\\\/Claudia-Sheinbaum.jpg\",\"articleSection\":[\"NOTA PRINCIPAL\"],\"inLanguage\":\"es\",\"potentialAction\":[{\"@type\":\"CommentAction\",\"name\":\"Comment\",\"target\":[\"https:\\\/\\\/fuentesfidedignas.com.mx\\\/index.php\\\/2025\\\/07\\\/11\\\/sheinbaum-responde-a-abogado-de-ovidio-guzman-no-hay-contubernio-ni-complicidad-con-nadie\\\/#respond\"]}]},{\"@type\":\"WebPage\",\"@id\":\"https:\\\/\\\/fuentesfidedignas.com.mx\\\/index.php\\\/2025\\\/07\\\/11\\\/sheinbaum-responde-a-abogado-de-ovidio-guzman-no-hay-contubernio-ni-complicidad-con-nadie\\\/\",\"url\":\"https:\\\/\\\/fuentesfidedignas.com.mx\\\/index.php\\\/2025\\\/07\\\/11\\\/sheinbaum-responde-a-abogado-de-ovidio-guzman-no-hay-contubernio-ni-complicidad-con-nadie\\\/\",\"name\":\"Sheinbaum responde a abogado de Ovidio Guzm\u00e1n: \u201cNo hay contubernio ni complicidad con nadie\u201d - Fuentes Fidedignas\",\"isPartOf\":{\"@id\":\"https:\\\/\\\/fuentesfidedignas.com.mx\\\/#website\"},\"primaryImageOfPage\":{\"@id\":\"https:\\\/\\\/fuentesfidedignas.com.mx\\\/index.php\\\/2025\\\/07\\\/11\\\/sheinbaum-responde-a-abogado-de-ovidio-guzman-no-hay-contubernio-ni-complicidad-con-nadie\\\/#primaryimage\"},\"image\":{\"@id\":\"https:\\\/\\\/fuentesfidedignas.com.mx\\\/index.php\\\/2025\\\/07\\\/11\\\/sheinbaum-responde-a-abogado-de-ovidio-guzman-no-hay-contubernio-ni-complicidad-con-nadie\\\/#primaryimage\"},\"thumbnailUrl\":\"https:\\\/\\\/fuentesfidedignas.com.mx\\\/wp-content\\\/uploads\\\/2024\\\/10\\\/Claudia-Sheinbaum.jpg\",\"datePublished\":\"2025-07-11T23:04:09+00:00\",\"dateModified\":\"2025-07-11T23:04:18+00:00\",\"breadcrumb\":{\"@id\":\"https:\\\/\\\/fuentesfidedignas.com.mx\\\/index.php\\\/2025\\\/07\\\/11\\\/sheinbaum-responde-a-abogado-de-ovidio-guzman-no-hay-contubernio-ni-complicidad-con-nadie\\\/#breadcrumb\"},\"inLanguage\":\"es\",\"potentialAction\":[{\"@type\":\"ReadAction\",\"target\":[\"https:\\\/\\\/fuentesfidedignas.com.mx\\\/index.php\\\/2025\\\/07\\\/11\\\/sheinbaum-responde-a-abogado-de-ovidio-guzman-no-hay-contubernio-ni-complicidad-con-nadie\\\/\"]}]},{\"@type\":\"ImageObject\",\"inLanguage\":\"es\",\"@id\":\"https:\\\/\\\/fuentesfidedignas.com.mx\\\/index.php\\\/2025\\\/07\\\/11\\\/sheinbaum-responde-a-abogado-de-ovidio-guzman-no-hay-contubernio-ni-complicidad-con-nadie\\\/#primaryimage\",\"url\":\"https:\\\/\\\/fuentesfidedignas.com.mx\\\/wp-content\\\/uploads\\\/2024\\\/10\\\/Claudia-Sheinbaum.jpg\",\"contentUrl\":\"https:\\\/\\\/fuentesfidedignas.com.mx\\\/wp-content\\\/uploads\\\/2024\\\/10\\\/Claudia-Sheinbaum.jpg\",\"width\":650,\"height\":403},{\"@type\":\"BreadcrumbList\",\"@id\":\"https:\\\/\\\/fuentesfidedignas.com.mx\\\/index.php\\\/2025\\\/07\\\/11\\\/sheinbaum-responde-a-abogado-de-ovidio-guzman-no-hay-contubernio-ni-complicidad-con-nadie\\\/#breadcrumb\",\"itemListElement\":[{\"@type\":\"ListItem\",\"position\":1,\"name\":\"Inicio\",\"item\":\"https:\\\/\\\/fuentesfidedignas.com.mx\\\/\"},{\"@type\":\"ListItem\",\"position\":2,\"name\":\"Sheinbaum responde a abogado de Ovidio Guzm\u00e1n: \u201cNo hay contubernio ni complicidad con nadie\u201d\"}]},{\"@type\":\"WebSite\",\"@id\":\"https:\\\/\\\/fuentesfidedignas.com.mx\\\/#website\",\"url\":\"https:\\\/\\\/fuentesfidedignas.com.mx\\\/\",\"name\":\"Fuentes Fidedignas\",\"description\":\"Otro sitio realizado con WordPress\",\"publisher\":{\"@id\":\"https:\\\/\\\/fuentesfidedignas.com.mx\\\/#organization\"},\"potentialAction\":[{\"@type\":\"SearchAction\",\"target\":{\"@type\":\"EntryPoint\",\"urlTemplate\":\"https:\\\/\\\/fuentesfidedignas.com.mx\\\/?s={search_term_string}\"},\"query-input\":{\"@type\":\"PropertyValueSpecification\",\"valueRequired\":true,\"valueName\":\"search_term_string\"}}],\"inLanguage\":\"es\"},{\"@type\":\"Organization\",\"@id\":\"https:\\\/\\\/fuentesfidedignas.com.mx\\\/#organization\",\"name\":\"Fuentes Fidedignas\",\"url\":\"https:\\\/\\\/fuentesfidedignas.com.mx\\\/\",\"logo\":{\"@type\":\"ImageObject\",\"inLanguage\":\"es\",\"@id\":\"https:\\\/\\\/fuentesfidedignas.com.mx\\\/#\\\/schema\\\/logo\\\/image\\\/\",\"url\":\"https:\\\/\\\/fuentesfidedignas.com.mx\\\/wp-content\\\/uploads\\\/2021\\\/04\\\/logo-retina.png\",\"contentUrl\":\"https:\\\/\\\/fuentesfidedignas.com.mx\\\/wp-content\\\/uploads\\\/2021\\\/04\\\/logo-retina.png\",\"width\":280,\"height\":51,\"caption\":\"Fuentes Fidedignas\"},\"image\":{\"@id\":\"https:\\\/\\\/fuentesfidedignas.com.mx\\\/#\\\/schema\\\/logo\\\/image\\\/\"},\"sameAs\":[\"https:\\\/\\\/www.facebook.com\\\/Fuentes-Fidedignas-368234489921644\",\"https:\\\/\\\/x.com\\\/fidedignas\"]},{\"@type\":\"Person\",\"@id\":\"https:\\\/\\\/fuentesfidedignas.com.mx\\\/#\\\/schema\\\/person\\\/ec4edd1fbf5efa3e44fce34fe2787780\",\"name\":\"Exc\u00e9lsior\",\"image\":{\"@type\":\"ImageObject\",\"inLanguage\":\"es\",\"@id\":\"https:\\\/\\\/secure.gravatar.com\\\/avatar\\\/4b7ee9206b48be08447852b3f0814dbc7c0f3b51541b164f1464a2725614020b?s=96&d=mm&r=g\",\"url\":\"https:\\\/\\\/secure.gravatar.com\\\/avatar\\\/4b7ee9206b48be08447852b3f0814dbc7c0f3b51541b164f1464a2725614020b?s=96&d=mm&r=g\",\"contentUrl\":\"https:\\\/\\\/secure.gravatar.com\\\/avatar\\\/4b7ee9206b48be08447852b3f0814dbc7c0f3b51541b164f1464a2725614020b?s=96&d=mm&r=g\",\"caption\":\"Exc\u00e9lsior\"},\"url\":\"https:\\\/\\\/fuentesfidedignas.com.mx\\\/index.php\\\/author\\\/excelsior\\\/\"}]}<\/script>\n<!-- \/ Yoast SEO plugin. -->","yoast_head_json":{"title":"Sheinbaum responde a abogado de Ovidio Guzm\u00e1n: \u201cNo hay contubernio ni complicidad con nadie\u201d - Fuentes Fidedignas","robots":{"index":"index","follow":"follow","max-snippet":"max-snippet:-1","max-image-preview":"max-image-preview:large","max-video-preview":"max-video-preview:-1"},"canonical":"https:\/\/fuentesfidedignas.com.mx\/index.php\/2025\/07\/11\/sheinbaum-responde-a-abogado-de-ovidio-guzman-no-hay-contubernio-ni-complicidad-con-nadie\/","og_locale":"es_MX","og_type":"article","og_title":"Sheinbaum responde a abogado de Ovidio Guzm\u00e1n: \u201cNo hay contubernio ni complicidad con nadie\u201d - Fuentes Fidedignas","og_description":"Claudia Sheinbaum calific\u00f3 de irrespetuosas las declaraciones del abogado de Ovidio Guzm\u00e1n y neg\u00f3 cualquier complicidad con el crimen organizado. La presidenta de M\u00e9xico, Claudia Sheinbaum, calific\u00f3 como \u201cirrespetuosas\u201d las declaraciones del abogado Jeffrey Lichtman, defensor de Ovidio Guzm\u00e1n L\u00f3pez, alias El Rat\u00f3n, quien hab\u00eda se\u00f1alado que la intenci\u00f3n del gobierno mexicano de involucrarse en [&hellip;]","og_url":"https:\/\/fuentesfidedignas.com.mx\/index.php\/2025\/07\/11\/sheinbaum-responde-a-abogado-de-ovidio-guzman-no-hay-contubernio-ni-complicidad-con-nadie\/","og_site_name":"Fuentes Fidedignas","article_publisher":"https:\/\/www.facebook.com\/Fuentes-Fidedignas-368234489921644","article_published_time":"2025-07-11T23:04:09+00:00","article_modified_time":"2025-07-11T23:04:18+00:00","og_image":[{"width":650,"height":403,"url":"https:\/\/fuentesfidedignas.com.mx\/wp-content\/uploads\/2024\/10\/Claudia-Sheinbaum.jpg","type":"image\/jpeg"}],"author":"Exc\u00e9lsior","twitter_card":"summary_large_image","twitter_creator":"@fidedignas","twitter_site":"@fidedignas","twitter_misc":{"Escrito por":"Exc\u00e9lsior","Tiempo de lectura":"2 minutos"},"schema":{"@context":"https:\/\/schema.org","@graph":[{"@type":"Article","@id":"https:\/\/fuentesfidedignas.com.mx\/index.php\/2025\/07\/11\/sheinbaum-responde-a-abogado-de-ovidio-guzman-no-hay-contubernio-ni-complicidad-con-nadie\/#article","isPartOf":{"@id":"https:\/\/fuentesfidedignas.com.mx\/index.php\/2025\/07\/11\/sheinbaum-responde-a-abogado-de-ovidio-guzman-no-hay-contubernio-ni-complicidad-con-nadie\/"},"author":{"name":"Exc\u00e9lsior","@id":"https:\/\/fuentesfidedignas.com.mx\/#\/schema\/person\/ec4edd1fbf5efa3e44fce34fe2787780"},"headline":"Sheinbaum responde a abogado de Ovidio Guzm\u00e1n: \u201cNo hay contubernio ni complicidad con nadie\u201d","datePublished":"2025-07-11T23:04:09+00:00","dateModified":"2025-07-11T23:04:18+00:00","mainEntityOfPage":{"@id":"https:\/\/fuentesfidedignas.com.mx\/index.php\/2025\/07\/11\/sheinbaum-responde-a-abogado-de-ovidio-guzman-no-hay-contubernio-ni-complicidad-con-nadie\/"},"wordCount":372,"commentCount":0,"publisher":{"@id":"https:\/\/fuentesfidedignas.com.mx\/#organization"},"image":{"@id":"https:\/\/fuentesfidedignas.com.mx\/index.php\/2025\/07\/11\/sheinbaum-responde-a-abogado-de-ovidio-guzman-no-hay-contubernio-ni-complicidad-con-nadie\/#primaryimage"},"thumbnailUrl":"https:\/\/fuentesfidedignas.com.mx\/wp-content\/uploads\/2024\/10\/Claudia-Sheinbaum.jpg","articleSection":["NOTA PRINCIPAL"],"inLanguage":"es","potentialAction":[{"@type":"CommentAction","name":"Comment","target":["https:\/\/fuentesfidedignas.com.mx\/index.php\/2025\/07\/11\/sheinbaum-responde-a-abogado-de-ovidio-guzman-no-hay-contubernio-ni-complicidad-con-nadie\/#respond"]}]},{"@type":"WebPage","@id":"https:\/\/fuentesfidedignas.com.mx\/index.php\/2025\/07\/11\/sheinbaum-responde-a-abogado-de-ovidio-guzman-no-hay-contubernio-ni-complicidad-con-nadie\/","url":"https:\/\/fuentesfidedignas.com.mx\/index.php\/2025\/07\/11\/sheinbaum-responde-a-abogado-de-ovidio-guzman-no-hay-contubernio-ni-complicidad-con-nadie\/","name":"Sheinbaum responde a abogado de Ovidio Guzm\u00e1n: \u201cNo hay contubernio ni complicidad con nadie\u201d - Fuentes Fidedignas","isPartOf":{"@id":"https:\/\/fuentesfidedignas.com.mx\/#website"},"primaryImageOfPage":{"@id":"https:\/\/fuentesfidedignas.com.mx\/index.php\/2025\/07\/11\/sheinbaum-responde-a-abogado-de-ovidio-guzman-no-hay-contubernio-ni-complicidad-con-nadie\/#primaryimage"},"image":{"@id":"https:\/\/fuentesfidedignas.com.mx\/index.php\/2025\/07\/11\/sheinbaum-responde-a-abogado-de-ovidio-guzman-no-hay-contubernio-ni-complicidad-con-nadie\/#primaryimage"},"thumbnailUrl":"https:\/\/fuentesfidedignas.com.mx\/wp-content\/uploads\/2024\/10\/Claudia-Sheinbaum.jpg","datePublished":"2025-07-11T23:04:09+00:00","dateModified":"2025-07-11T23:04:18+00:00","breadcrumb":{"@id":"https:\/\/fuentesfidedignas.com.mx\/index.php\/2025\/07\/11\/sheinbaum-responde-a-abogado-de-ovidio-guzman-no-hay-contubernio-ni-complicidad-con-nadie\/#breadcrumb"},"inLanguage":"es","potentialAction":[{"@type":"ReadAction","target":["https:\/\/fuentesfidedignas.com.mx\/index.php\/2025\/07\/11\/sheinbaum-responde-a-abogado-de-ovidio-guzman-no-hay-contubernio-ni-complicidad-con-nadie\/"]}]},{"@type":"ImageObject","inLanguage":"es","@id":"https:\/\/fuentesfidedignas.com.mx\/index.php\/2025\/07\/11\/sheinbaum-responde-a-abogado-de-ovidio-guzman-no-hay-contubernio-ni-complicidad-con-nadie\/#primaryimage","url":"https:\/\/fuentesfidedignas.com.mx\/wp-content\/uploads\/2024\/10\/Claudia-Sheinbaum.jpg","contentUrl":"https:\/\/fuentesfidedignas.com.mx\/wp-content\/uploads\/2024\/10\/Claudia-Sheinbaum.jpg","width":650,"height":403},{"@type":"BreadcrumbList","@id":"https:\/\/fuentesfidedignas.com.mx\/index.php\/2025\/07\/11\/sheinbaum-responde-a-abogado-de-ovidio-guzman-no-hay-contubernio-ni-complicidad-con-nadie\/#breadcrumb","itemListElement":[{"@type":"ListItem","position":1,"name":"Inicio","item":"https:\/\/fuentesfidedignas.com.mx\/"},{"@type":"ListItem","position":2,"name":"Sheinbaum responde a abogado de Ovidio Guzm\u00e1n: \u201cNo hay contubernio ni complicidad con nadie\u201d"}]},{"@type":"WebSite","@id":"https:\/\/fuentesfidedignas.com.mx\/#website","url":"https:\/\/fuentesfidedignas.com.mx\/","name":"Fuentes Fidedignas","description":"Otro sitio realizado con WordPress","publisher":{"@id":"https:\/\/fuentesfidedignas.com.mx\/#organization"},"potentialAction":[{"@type":"SearchAction","target":{"@type":"EntryPoint","urlTemplate":"https:\/\/fuentesfidedignas.com.mx\/?s={search_term_string}"},"query-input":{"@type":"PropertyValueSpecification","valueRequired":true,"valueName":"search_term_string"}}],"inLanguage":"es"},{"@type":"Organization","@id":"https:\/\/fuentesfidedignas.com.mx\/#organization","name":"Fuentes Fidedignas","url":"https:\/\/fuentesfidedignas.com.mx\/","logo":{"@type":"ImageObject","inLanguage":"es","@id":"https:\/\/fuentesfidedignas.com.mx\/#\/schema\/logo\/image\/","url":"https:\/\/fuentesfidedignas.com.mx\/wp-content\/uploads\/2021\/04\/logo-retina.png","contentUrl":"https:\/\/fuentesfidedignas.com.mx\/wp-content\/uploads\/2021\/04\/logo-retina.png","width":280,"height":51,"caption":"Fuentes Fidedignas"},"image":{"@id":"https:\/\/fuentesfidedignas.com.mx\/#\/schema\/logo\/image\/"},"sameAs":["https:\/\/www.facebook.com\/Fuentes-Fidedignas-368234489921644","https:\/\/x.com\/fidedignas"]},{"@type":"Person","@id":"https:\/\/fuentesfidedignas.com.mx\/#\/schema\/person\/ec4edd1fbf5efa3e44fce34fe2787780","name":"Exc\u00e9lsior","image":{"@type":"ImageObject","inLanguage":"es","@id":"https:\/\/secure.gravatar.com\/avatar\/4b7ee9206b48be08447852b3f0814dbc7c0f3b51541b164f1464a2725614020b?s=96&d=mm&r=g","url":"https:\/\/secure.gravatar.com\/avatar\/4b7ee9206b48be08447852b3f0814dbc7c0f3b51541b164f1464a2725614020b?s=96&d=mm&r=g","contentUrl":"https:\/\/secure.gravatar.com\/avatar\/4b7ee9206b48be08447852b3f0814dbc7c0f3b51541b164f1464a2725614020b?s=96&d=mm&r=g","caption":"Exc\u00e9lsior"},"url":"https:\/\/fuentesfidedignas.com.mx\/index.php\/author\/excelsior\/"}]}},"_links":{"self":[{"href":"https:\/\/fuentesfidedignas.com.mx\/index.php\/wp-json\/wp\/v2\/posts\/112699","targetHints":{"allow":["GET"]}}],"collection":[{"href":"https:\/\/fuentesfidedignas.com.mx\/index.php\/wp-json\/wp\/v2\/posts"}],"about":[{"href":"https:\/\/fuentesfidedignas.com.mx\/index.php\/wp-json\/wp\/v2\/types\/post"}],"author":[{"embeddable":true,"href":"https:\/\/fuentesfidedignas.com.mx\/index.php\/wp-json\/wp\/v2\/users\/7"}],"replies":[{"embeddable":true,"href":"https:\/\/fuentesfidedignas.com.mx\/index.php\/wp-json\/wp\/v2\/comments?post=112699"}],"version-history":[{"count":1,"href":"https:\/\/fuentesfidedignas.com.mx\/index.php\/wp-json\/wp\/v2\/posts\/112699\/revisions"}],"predecessor-version":[{"id":112700,"href":"https:\/\/fuentesfidedignas.com.mx\/index.php\/wp-json\/wp\/v2\/posts\/112699\/revisions\/112700"}],"wp:featuredmedia":[{"embeddable":true,"href":"https:\/\/fuentesfidedignas.com.mx\/index.php\/wp-json\/wp\/v2\/media\/92842"}],"wp:attachment":[{"href":"https:\/\/fuentesfidedignas.com.mx\/index.php\/wp-json\/wp\/v2\/media?parent=112699"}],"wp:term":[{"taxonomy":"category","embeddable":true,"href":"https:\/\/fuentesfidedignas.com.mx\/index.php\/wp-json\/wp\/v2\/categories?post=112699"},{"taxonomy":"post_tag","embeddable":true,"href":"https:\/\/fuentesfidedignas.com.mx\/index.php\/wp-json\/wp\/v2\/tags?post=112699"}],"curies":[{"name":"wp","href":"https:\/\/api.w.org\/{rel}","templated":true}]}}