{"id":112671,"date":"2025-07-11T14:00:44","date_gmt":"2025-07-11T21:00:44","guid":{"rendered":"https:\/\/fuentesfidedignas.com.mx\/?p=112671"},"modified":"2025-07-11T14:00:47","modified_gmt":"2025-07-11T21:00:47","slug":"julio-cesar-chavez-desconoce-los-amparos-para-evitar-la-detencion-de-su-hijo-en-mexico","status":"publish","type":"post","link":"https:\/\/fuentesfidedignas.com.mx\/index.php\/2025\/07\/11\/julio-cesar-chavez-desconoce-los-amparos-para-evitar-la-detencion-de-su-hijo-en-mexico\/","title":{"rendered":"Julio C\u00e9sar Ch\u00e1vez desconoce los amparos para evitar la detenci\u00f3n de su hijo en M\u00e9xico"},"content":{"rendered":"\n<p><strong><em>Las autoridades norteamericanas revelaron que Ch\u00e1vez Jr. ten\u00eda una orden de aprehensi\u00f3n en M\u00e9xico por presuntos delitos de delincuencia organizada.<\/em><\/strong><\/p>\n\n\n\n<p>Julio C\u00e9sar Ch\u00e1vez, leyenda del boxeo mexicano, asegur\u00f3 el jueves desconocer los amparos que se presentaron para evitar que su hijo, el boxeador Julio C\u00e9sar Ch\u00e1vez Jr., no sea detenido cuando sea deportado de Estados Unidos a M\u00e9xico.<\/p>\n\n\n\n<p>\u201cS\u00e9 que hay muchas personas que quieren ayudarme y lo agradezco de coraz\u00f3n, pero quiero dejar en claro que desconozco los amparos que se han presentado hasta este momento\u201d, explic\u00f3 el excampe\u00f3n del mundo en una carta publicada en su cuenta de X.<\/p>\n\n\n\n<blockquote class=\"twitter-tweet\"><p lang=\"zxx\" dir=\"ltr\"><a href=\"https:\/\/t.co\/CCgcMZgTpN\">pic.twitter.com\/CCgcMZgTpN<\/a><\/p>&mdash; Julio C\u00e9sar Ch\u00e1vez (@Jcchavez115) <a href=\"https:\/\/twitter.com\/Jcchavez115\/status\/1943495385571561729?ref_src=twsrc%5Etfw\">July 11, 2025<\/a><\/blockquote> <script async src=\"https:\/\/platform.twitter.com\/widgets.js\" charset=\"utf-8\"><\/script>\n\n\n\n<p>El domingo pasado, el titular de la Fiscal\u00eda General de la Rep\u00fablica (FGR) de M\u00e9xico, Alejandro Gertz Manero, expuso que los abogados de Ch\u00e1vez Jr., detenido en Estados Unidos por presuntos nexos con el Cartel de Sinaloa, presentaron de cinco a seis amparos para no ser detenido en cuanto pise territorio mexicano.<\/p>\n\n\n\n<p>\u201cNos han presentado, no s\u00e9 si cinco o seis amparos por cuenta de esta persona (Ch\u00e1vez Jr.) para que se le ponga en libertad en cuanto llegue a M\u00e9xico (\u2026) Hemos negado el amparo porque no procede, porque nosotros no lo tenemos en nuestro poder\u201c, dijo Gertz Manero en una rueda de prensa.<\/p>\n\n\n\n<p>Ch\u00e1vez Jr., de 39 a\u00f1os, fue detenido el jueves pasado en Estados Unidos y debe ser deportado a M\u00e9xico.<\/p>\n\n\n\n<p>La detenci\u00f3n fue pocos d\u00edas despu\u00e9s de que el exmonarca de la divisi\u00f3n mediana perdiera en una pelea en Anaheim, Estados Unidos, ante el youtuber Jake Paul.<\/p>\n\n\n\n<p>El Gobierno estadounidense lo acusa de tener nexos con el Cartel de Sinaloa, adem\u00e1s de no contar con documentos para estar de forma legal en el pa\u00eds.<\/p>\n\n\n\n<p>Las autoridades norteamericanas revelaron que Ch\u00e1vez Jr. ten\u00eda una orden de aprehensi\u00f3n en M\u00e9xico por presuntos delitos de delincuencia organizada.<\/p>\n\n\n\n<p>La FGR acept\u00f3 horas despu\u00e9s que la orden fue girada en 2023; sin embargo, las autoridades mexicanas han afirmado que no hab\u00eda sido capturado porque sus contrapartes estadounidenses no lo hab\u00edan detenido para deportarlo.<\/p>\n\n\n\n<p>Ch\u00e1vez Jr. ten\u00eda que asistir el lunes a un par de audiencias para defenderse de unos delitos que est\u00e1n investigando en Estados Unidos y otra por su proceso de deportaci\u00f3n, pero no se present\u00f3.<\/p>\n\n\n\n<p>\u201cEstoy convencido que se aclarar\u00e1n los hechos porque mi hijo no es ning\u00fan delincuente (\u2026) Les pido respeto hacia mi privacidad, la de mi familia y del proceso legal que sigue en estos momentos\u201d, a\u00f1adi\u00f3 Ch\u00e1vez padre en su misiva.<\/p>\n","protected":false},"excerpt":{"rendered":"<p>Las autoridades norteamericanas revelaron que Ch\u00e1vez Jr. ten\u00eda una orden de aprehensi\u00f3n en M\u00e9xico por presuntos delitos de delincuencia organizada. Julio C\u00e9sar Ch\u00e1vez, leyenda del boxeo mexicano, asegur\u00f3 el jueves desconocer los amparos que se presentaron para evitar que su hijo, el boxeador Julio C\u00e9sar Ch\u00e1vez Jr., no sea detenido cuando sea deportado de Estados [&hellip;]<\/p>\n","protected":false},"author":22,"featured_media":112672,"comment_status":"open","ping_status":"open","sticky":false,"template":"","format":"standard","meta":{"tdm_status":"","tdm_grid_status":"","footnotes":""},"categories":[39],"tags":[],"class_list":{"0":"post-112671","1":"post","2":"type-post","3":"status-publish","4":"format-standard","5":"has-post-thumbnail","7":"category-noticias-nacionales"},"yoast_head":"<!-- This site is optimized with the Yoast SEO plugin v27.5 - https:\/\/yoast.com\/product\/yoast-seo-wordpress\/ -->\n<title>Julio C\u00e9sar Ch\u00e1vez desconoce los amparos para evitar la detenci\u00f3n de su hijo en M\u00e9xico - Fuentes Fidedignas<\/title>\n<meta name=\"robots\" content=\"index, follow, max-snippet:-1, max-image-preview:large, max-video-preview:-1\" \/>\n<link rel=\"canonical\" href=\"https:\/\/fuentesfidedignas.com.mx\/index.php\/2025\/07\/11\/julio-cesar-chavez-desconoce-los-amparos-para-evitar-la-detencion-de-su-hijo-en-mexico\/\" \/>\n<meta property=\"og:locale\" content=\"es_MX\" \/>\n<meta property=\"og:type\" content=\"article\" \/>\n<meta property=\"og:title\" content=\"Julio C\u00e9sar Ch\u00e1vez desconoce los amparos para evitar la detenci\u00f3n de su hijo en M\u00e9xico - Fuentes Fidedignas\" \/>\n<meta property=\"og:description\" content=\"Las autoridades norteamericanas revelaron que Ch\u00e1vez Jr. ten\u00eda una orden de aprehensi\u00f3n en M\u00e9xico por presuntos delitos de delincuencia organizada. Julio C\u00e9sar Ch\u00e1vez, leyenda del boxeo mexicano, asegur\u00f3 el jueves desconocer los amparos que se presentaron para evitar que su hijo, el boxeador Julio C\u00e9sar Ch\u00e1vez Jr., no sea detenido cuando sea deportado de Estados [&hellip;]\" \/>\n<meta property=\"og:url\" content=\"https:\/\/fuentesfidedignas.com.mx\/index.php\/2025\/07\/11\/julio-cesar-chavez-desconoce-los-amparos-para-evitar-la-detencion-de-su-hijo-en-mexico\/\" \/>\n<meta property=\"og:site_name\" content=\"Fuentes Fidedignas\" \/>\n<meta property=\"article:publisher\" content=\"https:\/\/www.facebook.com\/Fuentes-Fidedignas-368234489921644\" \/>\n<meta property=\"article:published_time\" content=\"2025-07-11T21:00:44+00:00\" \/>\n<meta property=\"article:modified_time\" content=\"2025-07-11T21:00:47+00:00\" \/>\n<meta property=\"og:image\" content=\"https:\/\/fuentesfidedignas.com.mx\/wp-content\/uploads\/2025\/07\/julio-cesar-chavez.jpg\" \/>\n\t<meta property=\"og:image:width\" content=\"500\" \/>\n\t<meta property=\"og:image:height\" content=\"312\" \/>\n\t<meta property=\"og:image:type\" content=\"image\/jpeg\" \/>\n<meta name=\"author\" content=\"EFE\" \/>\n<meta name=\"twitter:card\" content=\"summary_large_image\" \/>\n<meta name=\"twitter:creator\" content=\"@fidedignas\" \/>\n<meta name=\"twitter:site\" content=\"@fidedignas\" \/>\n<meta name=\"twitter:label1\" content=\"Escrito por\" \/>\n\t<meta name=\"twitter:data1\" content=\"EFE\" \/>\n\t<meta name=\"twitter:label2\" content=\"Tiempo de lectura\" \/>\n\t<meta name=\"twitter:data2\" content=\"3 minutos\" \/>\n<script type=\"application\/ld+json\" class=\"yoast-schema-graph\">{\"@context\":\"https:\\\/\\\/schema.org\",\"@graph\":[{\"@type\":\"Article\",\"@id\":\"https:\\\/\\\/fuentesfidedignas.com.mx\\\/index.php\\\/2025\\\/07\\\/11\\\/julio-cesar-chavez-desconoce-los-amparos-para-evitar-la-detencion-de-su-hijo-en-mexico\\\/#article\",\"isPartOf\":{\"@id\":\"https:\\\/\\\/fuentesfidedignas.com.mx\\\/index.php\\\/2025\\\/07\\\/11\\\/julio-cesar-chavez-desconoce-los-amparos-para-evitar-la-detencion-de-su-hijo-en-mexico\\\/\"},\"author\":{\"name\":\"EFE\",\"@id\":\"https:\\\/\\\/fuentesfidedignas.com.mx\\\/#\\\/schema\\\/person\\\/0d44615087b5a626d5d3f13afe31ac41\"},\"headline\":\"Julio C\u00e9sar Ch\u00e1vez desconoce los amparos para evitar la detenci\u00f3n de su hijo en M\u00e9xico\",\"datePublished\":\"2025-07-11T21:00:44+00:00\",\"dateModified\":\"2025-07-11T21:00:47+00:00\",\"mainEntityOfPage\":{\"@id\":\"https:\\\/\\\/fuentesfidedignas.com.mx\\\/index.php\\\/2025\\\/07\\\/11\\\/julio-cesar-chavez-desconoce-los-amparos-para-evitar-la-detencion-de-su-hijo-en-mexico\\\/\"},\"wordCount\":475,\"commentCount\":0,\"publisher\":{\"@id\":\"https:\\\/\\\/fuentesfidedignas.com.mx\\\/#organization\"},\"image\":{\"@id\":\"https:\\\/\\\/fuentesfidedignas.com.mx\\\/index.php\\\/2025\\\/07\\\/11\\\/julio-cesar-chavez-desconoce-los-amparos-para-evitar-la-detencion-de-su-hijo-en-mexico\\\/#primaryimage\"},\"thumbnailUrl\":\"https:\\\/\\\/fuentesfidedignas.com.mx\\\/wp-content\\\/uploads\\\/2025\\\/07\\\/julio-cesar-chavez.jpg\",\"articleSection\":[\"NOTICIAS NACIONALES\"],\"inLanguage\":\"es\",\"potentialAction\":[{\"@type\":\"CommentAction\",\"name\":\"Comment\",\"target\":[\"https:\\\/\\\/fuentesfidedignas.com.mx\\\/index.php\\\/2025\\\/07\\\/11\\\/julio-cesar-chavez-desconoce-los-amparos-para-evitar-la-detencion-de-su-hijo-en-mexico\\\/#respond\"]}]},{\"@type\":\"WebPage\",\"@id\":\"https:\\\/\\\/fuentesfidedignas.com.mx\\\/index.php\\\/2025\\\/07\\\/11\\\/julio-cesar-chavez-desconoce-los-amparos-para-evitar-la-detencion-de-su-hijo-en-mexico\\\/\",\"url\":\"https:\\\/\\\/fuentesfidedignas.com.mx\\\/index.php\\\/2025\\\/07\\\/11\\\/julio-cesar-chavez-desconoce-los-amparos-para-evitar-la-detencion-de-su-hijo-en-mexico\\\/\",\"name\":\"Julio C\u00e9sar Ch\u00e1vez desconoce los amparos para evitar la detenci\u00f3n de su hijo en M\u00e9xico - Fuentes Fidedignas\",\"isPartOf\":{\"@id\":\"https:\\\/\\\/fuentesfidedignas.com.mx\\\/#website\"},\"primaryImageOfPage\":{\"@id\":\"https:\\\/\\\/fuentesfidedignas.com.mx\\\/index.php\\\/2025\\\/07\\\/11\\\/julio-cesar-chavez-desconoce-los-amparos-para-evitar-la-detencion-de-su-hijo-en-mexico\\\/#primaryimage\"},\"image\":{\"@id\":\"https:\\\/\\\/fuentesfidedignas.com.mx\\\/index.php\\\/2025\\\/07\\\/11\\\/julio-cesar-chavez-desconoce-los-amparos-para-evitar-la-detencion-de-su-hijo-en-mexico\\\/#primaryimage\"},\"thumbnailUrl\":\"https:\\\/\\\/fuentesfidedignas.com.mx\\\/wp-content\\\/uploads\\\/2025\\\/07\\\/julio-cesar-chavez.jpg\",\"datePublished\":\"2025-07-11T21:00:44+00:00\",\"dateModified\":\"2025-07-11T21:00:47+00:00\",\"breadcrumb\":{\"@id\":\"https:\\\/\\\/fuentesfidedignas.com.mx\\\/index.php\\\/2025\\\/07\\\/11\\\/julio-cesar-chavez-desconoce-los-amparos-para-evitar-la-detencion-de-su-hijo-en-mexico\\\/#breadcrumb\"},\"inLanguage\":\"es\",\"potentialAction\":[{\"@type\":\"ReadAction\",\"target\":[\"https:\\\/\\\/fuentesfidedignas.com.mx\\\/index.php\\\/2025\\\/07\\\/11\\\/julio-cesar-chavez-desconoce-los-amparos-para-evitar-la-detencion-de-su-hijo-en-mexico\\\/\"]}]},{\"@type\":\"ImageObject\",\"inLanguage\":\"es\",\"@id\":\"https:\\\/\\\/fuentesfidedignas.com.mx\\\/index.php\\\/2025\\\/07\\\/11\\\/julio-cesar-chavez-desconoce-los-amparos-para-evitar-la-detencion-de-su-hijo-en-mexico\\\/#primaryimage\",\"url\":\"https:\\\/\\\/fuentesfidedignas.com.mx\\\/wp-content\\\/uploads\\\/2025\\\/07\\\/julio-cesar-chavez.jpg\",\"contentUrl\":\"https:\\\/\\\/fuentesfidedignas.com.mx\\\/wp-content\\\/uploads\\\/2025\\\/07\\\/julio-cesar-chavez.jpg\",\"width\":500,\"height\":312},{\"@type\":\"BreadcrumbList\",\"@id\":\"https:\\\/\\\/fuentesfidedignas.com.mx\\\/index.php\\\/2025\\\/07\\\/11\\\/julio-cesar-chavez-desconoce-los-amparos-para-evitar-la-detencion-de-su-hijo-en-mexico\\\/#breadcrumb\",\"itemListElement\":[{\"@type\":\"ListItem\",\"position\":1,\"name\":\"Inicio\",\"item\":\"https:\\\/\\\/fuentesfidedignas.com.mx\\\/\"},{\"@type\":\"ListItem\",\"position\":2,\"name\":\"Julio C\u00e9sar Ch\u00e1vez desconoce los amparos para evitar la detenci\u00f3n de su hijo en M\u00e9xico\"}]},{\"@type\":\"WebSite\",\"@id\":\"https:\\\/\\\/fuentesfidedignas.com.mx\\\/#website\",\"url\":\"https:\\\/\\\/fuentesfidedignas.com.mx\\\/\",\"name\":\"Fuentes Fidedignas\",\"description\":\"Otro sitio realizado con WordPress\",\"publisher\":{\"@id\":\"https:\\\/\\\/fuentesfidedignas.com.mx\\\/#organization\"},\"potentialAction\":[{\"@type\":\"SearchAction\",\"target\":{\"@type\":\"EntryPoint\",\"urlTemplate\":\"https:\\\/\\\/fuentesfidedignas.com.mx\\\/?s={search_term_string}\"},\"query-input\":{\"@type\":\"PropertyValueSpecification\",\"valueRequired\":true,\"valueName\":\"search_term_string\"}}],\"inLanguage\":\"es\"},{\"@type\":\"Organization\",\"@id\":\"https:\\\/\\\/fuentesfidedignas.com.mx\\\/#organization\",\"name\":\"Fuentes Fidedignas\",\"url\":\"https:\\\/\\\/fuentesfidedignas.com.mx\\\/\",\"logo\":{\"@type\":\"ImageObject\",\"inLanguage\":\"es\",\"@id\":\"https:\\\/\\\/fuentesfidedignas.com.mx\\\/#\\\/schema\\\/logo\\\/image\\\/\",\"url\":\"https:\\\/\\\/fuentesfidedignas.com.mx\\\/wp-content\\\/uploads\\\/2021\\\/04\\\/logo-retina.png\",\"contentUrl\":\"https:\\\/\\\/fuentesfidedignas.com.mx\\\/wp-content\\\/uploads\\\/2021\\\/04\\\/logo-retina.png\",\"width\":280,\"height\":51,\"caption\":\"Fuentes Fidedignas\"},\"image\":{\"@id\":\"https:\\\/\\\/fuentesfidedignas.com.mx\\\/#\\\/schema\\\/logo\\\/image\\\/\"},\"sameAs\":[\"https:\\\/\\\/www.facebook.com\\\/Fuentes-Fidedignas-368234489921644\",\"https:\\\/\\\/x.com\\\/fidedignas\"]},{\"@type\":\"Person\",\"@id\":\"https:\\\/\\\/fuentesfidedignas.com.mx\\\/#\\\/schema\\\/person\\\/0d44615087b5a626d5d3f13afe31ac41\",\"name\":\"EFE\",\"image\":{\"@type\":\"ImageObject\",\"inLanguage\":\"es\",\"@id\":\"https:\\\/\\\/secure.gravatar.com\\\/avatar\\\/7048c2d9b569d9bed55bb53ad23821e6e047aa66338fb6ea9868627bbb9f54e8?s=96&d=mm&r=g\",\"url\":\"https:\\\/\\\/secure.gravatar.com\\\/avatar\\\/7048c2d9b569d9bed55bb53ad23821e6e047aa66338fb6ea9868627bbb9f54e8?s=96&d=mm&r=g\",\"contentUrl\":\"https:\\\/\\\/secure.gravatar.com\\\/avatar\\\/7048c2d9b569d9bed55bb53ad23821e6e047aa66338fb6ea9868627bbb9f54e8?s=96&d=mm&r=g\",\"caption\":\"EFE\"},\"url\":\"https:\\\/\\\/fuentesfidedignas.com.mx\\\/index.php\\\/author\\\/efe\\\/\"}]}<\/script>\n<!-- \/ Yoast SEO plugin. -->","yoast_head_json":{"title":"Julio C\u00e9sar Ch\u00e1vez desconoce los amparos para evitar la detenci\u00f3n de su hijo en M\u00e9xico - Fuentes Fidedignas","robots":{"index":"index","follow":"follow","max-snippet":"max-snippet:-1","max-image-preview":"max-image-preview:large","max-video-preview":"max-video-preview:-1"},"canonical":"https:\/\/fuentesfidedignas.com.mx\/index.php\/2025\/07\/11\/julio-cesar-chavez-desconoce-los-amparos-para-evitar-la-detencion-de-su-hijo-en-mexico\/","og_locale":"es_MX","og_type":"article","og_title":"Julio C\u00e9sar Ch\u00e1vez desconoce los amparos para evitar la detenci\u00f3n de su hijo en M\u00e9xico - Fuentes Fidedignas","og_description":"Las autoridades norteamericanas revelaron que Ch\u00e1vez Jr. ten\u00eda una orden de aprehensi\u00f3n en M\u00e9xico por presuntos delitos de delincuencia organizada. Julio C\u00e9sar Ch\u00e1vez, leyenda del boxeo mexicano, asegur\u00f3 el jueves desconocer los amparos que se presentaron para evitar que su hijo, el boxeador Julio C\u00e9sar Ch\u00e1vez Jr., no sea detenido cuando sea deportado de Estados [&hellip;]","og_url":"https:\/\/fuentesfidedignas.com.mx\/index.php\/2025\/07\/11\/julio-cesar-chavez-desconoce-los-amparos-para-evitar-la-detencion-de-su-hijo-en-mexico\/","og_site_name":"Fuentes Fidedignas","article_publisher":"https:\/\/www.facebook.com\/Fuentes-Fidedignas-368234489921644","article_published_time":"2025-07-11T21:00:44+00:00","article_modified_time":"2025-07-11T21:00:47+00:00","og_image":[{"width":500,"height":312,"url":"https:\/\/fuentesfidedignas.com.mx\/wp-content\/uploads\/2025\/07\/julio-cesar-chavez.jpg","type":"image\/jpeg"}],"author":"EFE","twitter_card":"summary_large_image","twitter_creator":"@fidedignas","twitter_site":"@fidedignas","twitter_misc":{"Escrito por":"EFE","Tiempo de lectura":"3 minutos"},"schema":{"@context":"https:\/\/schema.org","@graph":[{"@type":"Article","@id":"https:\/\/fuentesfidedignas.com.mx\/index.php\/2025\/07\/11\/julio-cesar-chavez-desconoce-los-amparos-para-evitar-la-detencion-de-su-hijo-en-mexico\/#article","isPartOf":{"@id":"https:\/\/fuentesfidedignas.com.mx\/index.php\/2025\/07\/11\/julio-cesar-chavez-desconoce-los-amparos-para-evitar-la-detencion-de-su-hijo-en-mexico\/"},"author":{"name":"EFE","@id":"https:\/\/fuentesfidedignas.com.mx\/#\/schema\/person\/0d44615087b5a626d5d3f13afe31ac41"},"headline":"Julio C\u00e9sar Ch\u00e1vez desconoce los amparos para evitar la detenci\u00f3n de su hijo en M\u00e9xico","datePublished":"2025-07-11T21:00:44+00:00","dateModified":"2025-07-11T21:00:47+00:00","mainEntityOfPage":{"@id":"https:\/\/fuentesfidedignas.com.mx\/index.php\/2025\/07\/11\/julio-cesar-chavez-desconoce-los-amparos-para-evitar-la-detencion-de-su-hijo-en-mexico\/"},"wordCount":475,"commentCount":0,"publisher":{"@id":"https:\/\/fuentesfidedignas.com.mx\/#organization"},"image":{"@id":"https:\/\/fuentesfidedignas.com.mx\/index.php\/2025\/07\/11\/julio-cesar-chavez-desconoce-los-amparos-para-evitar-la-detencion-de-su-hijo-en-mexico\/#primaryimage"},"thumbnailUrl":"https:\/\/fuentesfidedignas.com.mx\/wp-content\/uploads\/2025\/07\/julio-cesar-chavez.jpg","articleSection":["NOTICIAS NACIONALES"],"inLanguage":"es","potentialAction":[{"@type":"CommentAction","name":"Comment","target":["https:\/\/fuentesfidedignas.com.mx\/index.php\/2025\/07\/11\/julio-cesar-chavez-desconoce-los-amparos-para-evitar-la-detencion-de-su-hijo-en-mexico\/#respond"]}]},{"@type":"WebPage","@id":"https:\/\/fuentesfidedignas.com.mx\/index.php\/2025\/07\/11\/julio-cesar-chavez-desconoce-los-amparos-para-evitar-la-detencion-de-su-hijo-en-mexico\/","url":"https:\/\/fuentesfidedignas.com.mx\/index.php\/2025\/07\/11\/julio-cesar-chavez-desconoce-los-amparos-para-evitar-la-detencion-de-su-hijo-en-mexico\/","name":"Julio C\u00e9sar Ch\u00e1vez desconoce los amparos para evitar la detenci\u00f3n de su hijo en M\u00e9xico - Fuentes Fidedignas","isPartOf":{"@id":"https:\/\/fuentesfidedignas.com.mx\/#website"},"primaryImageOfPage":{"@id":"https:\/\/fuentesfidedignas.com.mx\/index.php\/2025\/07\/11\/julio-cesar-chavez-desconoce-los-amparos-para-evitar-la-detencion-de-su-hijo-en-mexico\/#primaryimage"},"image":{"@id":"https:\/\/fuentesfidedignas.com.mx\/index.php\/2025\/07\/11\/julio-cesar-chavez-desconoce-los-amparos-para-evitar-la-detencion-de-su-hijo-en-mexico\/#primaryimage"},"thumbnailUrl":"https:\/\/fuentesfidedignas.com.mx\/wp-content\/uploads\/2025\/07\/julio-cesar-chavez.jpg","datePublished":"2025-07-11T21:00:44+00:00","dateModified":"2025-07-11T21:00:47+00:00","breadcrumb":{"@id":"https:\/\/fuentesfidedignas.com.mx\/index.php\/2025\/07\/11\/julio-cesar-chavez-desconoce-los-amparos-para-evitar-la-detencion-de-su-hijo-en-mexico\/#breadcrumb"},"inLanguage":"es","potentialAction":[{"@type":"ReadAction","target":["https:\/\/fuentesfidedignas.com.mx\/index.php\/2025\/07\/11\/julio-cesar-chavez-desconoce-los-amparos-para-evitar-la-detencion-de-su-hijo-en-mexico\/"]}]},{"@type":"ImageObject","inLanguage":"es","@id":"https:\/\/fuentesfidedignas.com.mx\/index.php\/2025\/07\/11\/julio-cesar-chavez-desconoce-los-amparos-para-evitar-la-detencion-de-su-hijo-en-mexico\/#primaryimage","url":"https:\/\/fuentesfidedignas.com.mx\/wp-content\/uploads\/2025\/07\/julio-cesar-chavez.jpg","contentUrl":"https:\/\/fuentesfidedignas.com.mx\/wp-content\/uploads\/2025\/07\/julio-cesar-chavez.jpg","width":500,"height":312},{"@type":"BreadcrumbList","@id":"https:\/\/fuentesfidedignas.com.mx\/index.php\/2025\/07\/11\/julio-cesar-chavez-desconoce-los-amparos-para-evitar-la-detencion-de-su-hijo-en-mexico\/#breadcrumb","itemListElement":[{"@type":"ListItem","position":1,"name":"Inicio","item":"https:\/\/fuentesfidedignas.com.mx\/"},{"@type":"ListItem","position":2,"name":"Julio C\u00e9sar Ch\u00e1vez desconoce los amparos para evitar la detenci\u00f3n de su hijo en M\u00e9xico"}]},{"@type":"WebSite","@id":"https:\/\/fuentesfidedignas.com.mx\/#website","url":"https:\/\/fuentesfidedignas.com.mx\/","name":"Fuentes Fidedignas","description":"Otro sitio realizado con WordPress","publisher":{"@id":"https:\/\/fuentesfidedignas.com.mx\/#organization"},"potentialAction":[{"@type":"SearchAction","target":{"@type":"EntryPoint","urlTemplate":"https:\/\/fuentesfidedignas.com.mx\/?s={search_term_string}"},"query-input":{"@type":"PropertyValueSpecification","valueRequired":true,"valueName":"search_term_string"}}],"inLanguage":"es"},{"@type":"Organization","@id":"https:\/\/fuentesfidedignas.com.mx\/#organization","name":"Fuentes Fidedignas","url":"https:\/\/fuentesfidedignas.com.mx\/","logo":{"@type":"ImageObject","inLanguage":"es","@id":"https:\/\/fuentesfidedignas.com.mx\/#\/schema\/logo\/image\/","url":"https:\/\/fuentesfidedignas.com.mx\/wp-content\/uploads\/2021\/04\/logo-retina.png","contentUrl":"https:\/\/fuentesfidedignas.com.mx\/wp-content\/uploads\/2021\/04\/logo-retina.png","width":280,"height":51,"caption":"Fuentes Fidedignas"},"image":{"@id":"https:\/\/fuentesfidedignas.com.mx\/#\/schema\/logo\/image\/"},"sameAs":["https:\/\/www.facebook.com\/Fuentes-Fidedignas-368234489921644","https:\/\/x.com\/fidedignas"]},{"@type":"Person","@id":"https:\/\/fuentesfidedignas.com.mx\/#\/schema\/person\/0d44615087b5a626d5d3f13afe31ac41","name":"EFE","image":{"@type":"ImageObject","inLanguage":"es","@id":"https:\/\/secure.gravatar.com\/avatar\/7048c2d9b569d9bed55bb53ad23821e6e047aa66338fb6ea9868627bbb9f54e8?s=96&d=mm&r=g","url":"https:\/\/secure.gravatar.com\/avatar\/7048c2d9b569d9bed55bb53ad23821e6e047aa66338fb6ea9868627bbb9f54e8?s=96&d=mm&r=g","contentUrl":"https:\/\/secure.gravatar.com\/avatar\/7048c2d9b569d9bed55bb53ad23821e6e047aa66338fb6ea9868627bbb9f54e8?s=96&d=mm&r=g","caption":"EFE"},"url":"https:\/\/fuentesfidedignas.com.mx\/index.php\/author\/efe\/"}]}},"_links":{"self":[{"href":"https:\/\/fuentesfidedignas.com.mx\/index.php\/wp-json\/wp\/v2\/posts\/112671","targetHints":{"allow":["GET"]}}],"collection":[{"href":"https:\/\/fuentesfidedignas.com.mx\/index.php\/wp-json\/wp\/v2\/posts"}],"about":[{"href":"https:\/\/fuentesfidedignas.com.mx\/index.php\/wp-json\/wp\/v2\/types\/post"}],"author":[{"embeddable":true,"href":"https:\/\/fuentesfidedignas.com.mx\/index.php\/wp-json\/wp\/v2\/users\/22"}],"replies":[{"embeddable":true,"href":"https:\/\/fuentesfidedignas.com.mx\/index.php\/wp-json\/wp\/v2\/comments?post=112671"}],"version-history":[{"count":1,"href":"https:\/\/fuentesfidedignas.com.mx\/index.php\/wp-json\/wp\/v2\/posts\/112671\/revisions"}],"predecessor-version":[{"id":112673,"href":"https:\/\/fuentesfidedignas.com.mx\/index.php\/wp-json\/wp\/v2\/posts\/112671\/revisions\/112673"}],"wp:featuredmedia":[{"embeddable":true,"href":"https:\/\/fuentesfidedignas.com.mx\/index.php\/wp-json\/wp\/v2\/media\/112672"}],"wp:attachment":[{"href":"https:\/\/fuentesfidedignas.com.mx\/index.php\/wp-json\/wp\/v2\/media?parent=112671"}],"wp:term":[{"taxonomy":"category","embeddable":true,"href":"https:\/\/fuentesfidedignas.com.mx\/index.php\/wp-json\/wp\/v2\/categories?post=112671"},{"taxonomy":"post_tag","embeddable":true,"href":"https:\/\/fuentesfidedignas.com.mx\/index.php\/wp-json\/wp\/v2\/tags?post=112671"}],"curies":[{"name":"wp","href":"https:\/\/api.w.org\/{rel}","templated":true}]}}