{"id":112650,"date":"2025-07-11T09:31:09","date_gmt":"2025-07-11T16:31:09","guid":{"rendered":"https:\/\/fuentesfidedignas.com.mx\/?p=112650"},"modified":"2025-07-11T09:31:09","modified_gmt":"2025-07-11T16:31:09","slug":"militarizacion-en-culiacan-no-resuelve-el-problema-de-fondo-advierten","status":"publish","type":"post","link":"https:\/\/fuentesfidedignas.com.mx\/index.php\/2025\/07\/11\/militarizacion-en-culiacan-no-resuelve-el-problema-de-fondo-advierten\/","title":{"rendered":"Militarizaci\u00f3n en Culiac\u00e1n no resuelve el problema de fondo, advierten"},"content":{"rendered":"\n<p><\/p>\n\n\n\n<p>Culiac\u00e1n, Sinaloa.\u2013 Desde la Tribuna del Congreso del Estado, el diputado Jorge Antonio Gonz\u00e1lez Flores advirti\u00f3 que la militarizaci\u00f3n de los mandos operativos de la Polic\u00eda Municipal en Culiac\u00e1n no resolver\u00e1 el problema de fondo: la falta de inversi\u00f3n, prevenci\u00f3n y estrategia integral en materia de seguridad p\u00fablica.<\/p>\n\n\n\n<p>\u201cEl expresidente L\u00f3pez Obrador prometi\u00f3 una Guardia Nacional civil y soldados en los cuarteles, pero hoy la realidad es otra: hay militarizaci\u00f3n y cero prevenci\u00f3n. Estamos siendo reactivos\u201d, lament\u00f3.<\/p>\n\n\n\n<p>El legislador panista alert\u00f3 que Sinaloa arrastra un d\u00e9ficit de m\u00e1s de 4,800 millones de pesos en seguridad p\u00fablica y que el presupuesto per c\u00e1pita para este rubro es el m\u00e1s bajo en comparaci\u00f3n con estados similares:<br \/>\u2022 Sinaloa: $283 pesos por habitante<br \/>\u2022 Chihuahua: $1,386<br \/>\u2022 Sonora: $1,224<\/p>\n\n\n\n<p>Adem\u00e1s, el estado cuenta con solo 1,006 polic\u00edas estatales, cuando el est\u00e1ndar m\u00ednimo exige 5,450, y un \u00edndice de impunidad del 97.76%.<\/p>\n\n\n\n<p>\u201cNo hay suficientes polic\u00edas, fiscales ni jueces. As\u00ed es imposible ofrecer justicia a la ciudadan\u00eda\u201d, expres\u00f3.<\/p>\n\n\n\n<p>Aunque reconoci\u00f3 los ajustes presupuestales hechos por el Congreso para 2025, sostuvo que no son proporcionales al nivel de crisis que se vive desde septiembre de 2024.<\/p>\n\n\n\n<p>\u201cEl pr\u00f3ximo presupuesto debe poner en el centro la seguridad y la justicia. Sinaloa merece estar mejor preparado para recuperar la paz.\u201d<\/p>\n","protected":false},"excerpt":{"rendered":"<p>Culiac\u00e1n, Sinaloa.\u2013 Desde la Tribuna del Congreso del Estado, el diputado Jorge Antonio Gonz\u00e1lez Flores advirti\u00f3 que la militarizaci\u00f3n de los mandos operativos de la Polic\u00eda Municipal en Culiac\u00e1n no resolver\u00e1 el problema de fondo: la falta de inversi\u00f3n, prevenci\u00f3n y estrategia integral en materia de seguridad p\u00fablica. \u201cEl expresidente L\u00f3pez Obrador prometi\u00f3 una Guardia [&hellip;]<\/p>\n","protected":false},"author":4,"featured_media":95917,"comment_status":"closed","ping_status":"open","sticky":false,"template":"","format":"standard","meta":{"tdm_status":"","tdm_grid_status":"","footnotes":""},"categories":[38],"tags":[],"class_list":{"0":"post-112650","1":"post","2":"type-post","3":"status-publish","4":"format-standard","5":"has-post-thumbnail","7":"category-noticias-locales"},"yoast_head":"<!-- This site is optimized with the Yoast SEO plugin v27.5 - https:\/\/yoast.com\/product\/yoast-seo-wordpress\/ -->\n<title>Militarizaci\u00f3n en Culiac\u00e1n no resuelve el problema de fondo, advierten - Fuentes Fidedignas<\/title>\n<meta name=\"robots\" content=\"index, follow, max-snippet:-1, max-image-preview:large, max-video-preview:-1\" \/>\n<link rel=\"canonical\" href=\"https:\/\/fuentesfidedignas.com.mx\/index.php\/2025\/07\/11\/militarizacion-en-culiacan-no-resuelve-el-problema-de-fondo-advierten\/\" \/>\n<meta property=\"og:locale\" content=\"es_MX\" \/>\n<meta property=\"og:type\" content=\"article\" \/>\n<meta property=\"og:title\" content=\"Militarizaci\u00f3n en Culiac\u00e1n no resuelve el problema de fondo, advierten - Fuentes Fidedignas\" \/>\n<meta property=\"og:description\" content=\"Culiac\u00e1n, Sinaloa.\u2013 Desde la Tribuna del Congreso del Estado, el diputado Jorge Antonio Gonz\u00e1lez Flores advirti\u00f3 que la militarizaci\u00f3n de los mandos operativos de la Polic\u00eda Municipal en Culiac\u00e1n no resolver\u00e1 el problema de fondo: la falta de inversi\u00f3n, prevenci\u00f3n y estrategia integral en materia de seguridad p\u00fablica. \u201cEl expresidente L\u00f3pez Obrador prometi\u00f3 una Guardia [&hellip;]\" \/>\n<meta property=\"og:url\" content=\"https:\/\/fuentesfidedignas.com.mx\/index.php\/2025\/07\/11\/militarizacion-en-culiacan-no-resuelve-el-problema-de-fondo-advierten\/\" \/>\n<meta property=\"og:site_name\" content=\"Fuentes Fidedignas\" \/>\n<meta property=\"article:publisher\" content=\"https:\/\/www.facebook.com\/Fuentes-Fidedignas-368234489921644\" \/>\n<meta property=\"article:published_time\" content=\"2025-07-11T16:31:09+00:00\" \/>\n<meta property=\"og:image\" content=\"https:\/\/fuentesfidedignas.com.mx\/wp-content\/uploads\/2024\/11\/policias-estatales-zac.jpg\" \/>\n\t<meta property=\"og:image:width\" content=\"685\" \/>\n\t<meta property=\"og:image:height\" content=\"385\" \/>\n\t<meta property=\"og:image:type\" content=\"image\/jpeg\" \/>\n<meta name=\"author\" content=\"Redacci\u00f3n\" \/>\n<meta name=\"twitter:card\" content=\"summary_large_image\" \/>\n<meta name=\"twitter:creator\" content=\"@fidedignas\" \/>\n<meta name=\"twitter:site\" content=\"@fidedignas\" \/>\n<meta name=\"twitter:label1\" content=\"Escrito por\" \/>\n\t<meta name=\"twitter:data1\" content=\"Redacci\u00f3n\" \/>\n\t<meta name=\"twitter:label2\" content=\"Tiempo de lectura\" \/>\n\t<meta name=\"twitter:data2\" content=\"1 minuto\" \/>\n<script type=\"application\/ld+json\" class=\"yoast-schema-graph\">{\"@context\":\"https:\\\/\\\/schema.org\",\"@graph\":[{\"@type\":\"Article\",\"@id\":\"https:\\\/\\\/fuentesfidedignas.com.mx\\\/index.php\\\/2025\\\/07\\\/11\\\/militarizacion-en-culiacan-no-resuelve-el-problema-de-fondo-advierten\\\/#article\",\"isPartOf\":{\"@id\":\"https:\\\/\\\/fuentesfidedignas.com.mx\\\/index.php\\\/2025\\\/07\\\/11\\\/militarizacion-en-culiacan-no-resuelve-el-problema-de-fondo-advierten\\\/\"},\"author\":{\"name\":\"Redacci\u00f3n\",\"@id\":\"https:\\\/\\\/fuentesfidedignas.com.mx\\\/#\\\/schema\\\/person\\\/331be9283d37198e2acd5750279085b0\"},\"headline\":\"Militarizaci\u00f3n en Culiac\u00e1n no resuelve el problema de fondo, advierten\",\"datePublished\":\"2025-07-11T16:31:09+00:00\",\"mainEntityOfPage\":{\"@id\":\"https:\\\/\\\/fuentesfidedignas.com.mx\\\/index.php\\\/2025\\\/07\\\/11\\\/militarizacion-en-culiacan-no-resuelve-el-problema-de-fondo-advierten\\\/\"},\"wordCount\":237,\"publisher\":{\"@id\":\"https:\\\/\\\/fuentesfidedignas.com.mx\\\/#organization\"},\"image\":{\"@id\":\"https:\\\/\\\/fuentesfidedignas.com.mx\\\/index.php\\\/2025\\\/07\\\/11\\\/militarizacion-en-culiacan-no-resuelve-el-problema-de-fondo-advierten\\\/#primaryimage\"},\"thumbnailUrl\":\"https:\\\/\\\/fuentesfidedignas.com.mx\\\/wp-content\\\/uploads\\\/2024\\\/11\\\/policias-estatales-zac.jpg\",\"articleSection\":[\"NOTICIAS LOCALES\"],\"inLanguage\":\"es\"},{\"@type\":\"WebPage\",\"@id\":\"https:\\\/\\\/fuentesfidedignas.com.mx\\\/index.php\\\/2025\\\/07\\\/11\\\/militarizacion-en-culiacan-no-resuelve-el-problema-de-fondo-advierten\\\/\",\"url\":\"https:\\\/\\\/fuentesfidedignas.com.mx\\\/index.php\\\/2025\\\/07\\\/11\\\/militarizacion-en-culiacan-no-resuelve-el-problema-de-fondo-advierten\\\/\",\"name\":\"Militarizaci\u00f3n en Culiac\u00e1n no resuelve el problema de fondo, advierten - Fuentes Fidedignas\",\"isPartOf\":{\"@id\":\"https:\\\/\\\/fuentesfidedignas.com.mx\\\/#website\"},\"primaryImageOfPage\":{\"@id\":\"https:\\\/\\\/fuentesfidedignas.com.mx\\\/index.php\\\/2025\\\/07\\\/11\\\/militarizacion-en-culiacan-no-resuelve-el-problema-de-fondo-advierten\\\/#primaryimage\"},\"image\":{\"@id\":\"https:\\\/\\\/fuentesfidedignas.com.mx\\\/index.php\\\/2025\\\/07\\\/11\\\/militarizacion-en-culiacan-no-resuelve-el-problema-de-fondo-advierten\\\/#primaryimage\"},\"thumbnailUrl\":\"https:\\\/\\\/fuentesfidedignas.com.mx\\\/wp-content\\\/uploads\\\/2024\\\/11\\\/policias-estatales-zac.jpg\",\"datePublished\":\"2025-07-11T16:31:09+00:00\",\"breadcrumb\":{\"@id\":\"https:\\\/\\\/fuentesfidedignas.com.mx\\\/index.php\\\/2025\\\/07\\\/11\\\/militarizacion-en-culiacan-no-resuelve-el-problema-de-fondo-advierten\\\/#breadcrumb\"},\"inLanguage\":\"es\",\"potentialAction\":[{\"@type\":\"ReadAction\",\"target\":[\"https:\\\/\\\/fuentesfidedignas.com.mx\\\/index.php\\\/2025\\\/07\\\/11\\\/militarizacion-en-culiacan-no-resuelve-el-problema-de-fondo-advierten\\\/\"]}]},{\"@type\":\"ImageObject\",\"inLanguage\":\"es\",\"@id\":\"https:\\\/\\\/fuentesfidedignas.com.mx\\\/index.php\\\/2025\\\/07\\\/11\\\/militarizacion-en-culiacan-no-resuelve-el-problema-de-fondo-advierten\\\/#primaryimage\",\"url\":\"https:\\\/\\\/fuentesfidedignas.com.mx\\\/wp-content\\\/uploads\\\/2024\\\/11\\\/policias-estatales-zac.jpg\",\"contentUrl\":\"https:\\\/\\\/fuentesfidedignas.com.mx\\\/wp-content\\\/uploads\\\/2024\\\/11\\\/policias-estatales-zac.jpg\",\"width\":685,\"height\":385},{\"@type\":\"BreadcrumbList\",\"@id\":\"https:\\\/\\\/fuentesfidedignas.com.mx\\\/index.php\\\/2025\\\/07\\\/11\\\/militarizacion-en-culiacan-no-resuelve-el-problema-de-fondo-advierten\\\/#breadcrumb\",\"itemListElement\":[{\"@type\":\"ListItem\",\"position\":1,\"name\":\"Inicio\",\"item\":\"https:\\\/\\\/fuentesfidedignas.com.mx\\\/\"},{\"@type\":\"ListItem\",\"position\":2,\"name\":\"Militarizaci\u00f3n en Culiac\u00e1n no resuelve el problema de fondo, advierten\"}]},{\"@type\":\"WebSite\",\"@id\":\"https:\\\/\\\/fuentesfidedignas.com.mx\\\/#website\",\"url\":\"https:\\\/\\\/fuentesfidedignas.com.mx\\\/\",\"name\":\"Fuentes Fidedignas\",\"description\":\"Otro sitio realizado con WordPress\",\"publisher\":{\"@id\":\"https:\\\/\\\/fuentesfidedignas.com.mx\\\/#organization\"},\"potentialAction\":[{\"@type\":\"SearchAction\",\"target\":{\"@type\":\"EntryPoint\",\"urlTemplate\":\"https:\\\/\\\/fuentesfidedignas.com.mx\\\/?s={search_term_string}\"},\"query-input\":{\"@type\":\"PropertyValueSpecification\",\"valueRequired\":true,\"valueName\":\"search_term_string\"}}],\"inLanguage\":\"es\"},{\"@type\":\"Organization\",\"@id\":\"https:\\\/\\\/fuentesfidedignas.com.mx\\\/#organization\",\"name\":\"Fuentes Fidedignas\",\"url\":\"https:\\\/\\\/fuentesfidedignas.com.mx\\\/\",\"logo\":{\"@type\":\"ImageObject\",\"inLanguage\":\"es\",\"@id\":\"https:\\\/\\\/fuentesfidedignas.com.mx\\\/#\\\/schema\\\/logo\\\/image\\\/\",\"url\":\"https:\\\/\\\/fuentesfidedignas.com.mx\\\/wp-content\\\/uploads\\\/2021\\\/04\\\/logo-retina.png\",\"contentUrl\":\"https:\\\/\\\/fuentesfidedignas.com.mx\\\/wp-content\\\/uploads\\\/2021\\\/04\\\/logo-retina.png\",\"width\":280,\"height\":51,\"caption\":\"Fuentes Fidedignas\"},\"image\":{\"@id\":\"https:\\\/\\\/fuentesfidedignas.com.mx\\\/#\\\/schema\\\/logo\\\/image\\\/\"},\"sameAs\":[\"https:\\\/\\\/www.facebook.com\\\/Fuentes-Fidedignas-368234489921644\",\"https:\\\/\\\/x.com\\\/fidedignas\"]},{\"@type\":\"Person\",\"@id\":\"https:\\\/\\\/fuentesfidedignas.com.mx\\\/#\\\/schema\\\/person\\\/331be9283d37198e2acd5750279085b0\",\"name\":\"Redacci\u00f3n\",\"image\":{\"@type\":\"ImageObject\",\"inLanguage\":\"es\",\"@id\":\"https:\\\/\\\/secure.gravatar.com\\\/avatar\\\/f6d8782c11d12b2d4ad3fbb6931aeab5309937a4d6cd2fc9cfaa28a6396a5aec?s=96&d=mm&r=g\",\"url\":\"https:\\\/\\\/secure.gravatar.com\\\/avatar\\\/f6d8782c11d12b2d4ad3fbb6931aeab5309937a4d6cd2fc9cfaa28a6396a5aec?s=96&d=mm&r=g\",\"contentUrl\":\"https:\\\/\\\/secure.gravatar.com\\\/avatar\\\/f6d8782c11d12b2d4ad3fbb6931aeab5309937a4d6cd2fc9cfaa28a6396a5aec?s=96&d=mm&r=g\",\"caption\":\"Redacci\u00f3n\"},\"url\":\"https:\\\/\\\/fuentesfidedignas.com.mx\\\/index.php\\\/author\\\/redaccion\\\/\"}]}<\/script>\n<!-- \/ Yoast SEO plugin. -->","yoast_head_json":{"title":"Militarizaci\u00f3n en Culiac\u00e1n no resuelve el problema de fondo, advierten - Fuentes Fidedignas","robots":{"index":"index","follow":"follow","max-snippet":"max-snippet:-1","max-image-preview":"max-image-preview:large","max-video-preview":"max-video-preview:-1"},"canonical":"https:\/\/fuentesfidedignas.com.mx\/index.php\/2025\/07\/11\/militarizacion-en-culiacan-no-resuelve-el-problema-de-fondo-advierten\/","og_locale":"es_MX","og_type":"article","og_title":"Militarizaci\u00f3n en Culiac\u00e1n no resuelve el problema de fondo, advierten - Fuentes Fidedignas","og_description":"Culiac\u00e1n, Sinaloa.\u2013 Desde la Tribuna del Congreso del Estado, el diputado Jorge Antonio Gonz\u00e1lez Flores advirti\u00f3 que la militarizaci\u00f3n de los mandos operativos de la Polic\u00eda Municipal en Culiac\u00e1n no resolver\u00e1 el problema de fondo: la falta de inversi\u00f3n, prevenci\u00f3n y estrategia integral en materia de seguridad p\u00fablica. \u201cEl expresidente L\u00f3pez Obrador prometi\u00f3 una Guardia [&hellip;]","og_url":"https:\/\/fuentesfidedignas.com.mx\/index.php\/2025\/07\/11\/militarizacion-en-culiacan-no-resuelve-el-problema-de-fondo-advierten\/","og_site_name":"Fuentes Fidedignas","article_publisher":"https:\/\/www.facebook.com\/Fuentes-Fidedignas-368234489921644","article_published_time":"2025-07-11T16:31:09+00:00","og_image":[{"width":685,"height":385,"url":"https:\/\/fuentesfidedignas.com.mx\/wp-content\/uploads\/2024\/11\/policias-estatales-zac.jpg","type":"image\/jpeg"}],"author":"Redacci\u00f3n","twitter_card":"summary_large_image","twitter_creator":"@fidedignas","twitter_site":"@fidedignas","twitter_misc":{"Escrito por":"Redacci\u00f3n","Tiempo de lectura":"1 minuto"},"schema":{"@context":"https:\/\/schema.org","@graph":[{"@type":"Article","@id":"https:\/\/fuentesfidedignas.com.mx\/index.php\/2025\/07\/11\/militarizacion-en-culiacan-no-resuelve-el-problema-de-fondo-advierten\/#article","isPartOf":{"@id":"https:\/\/fuentesfidedignas.com.mx\/index.php\/2025\/07\/11\/militarizacion-en-culiacan-no-resuelve-el-problema-de-fondo-advierten\/"},"author":{"name":"Redacci\u00f3n","@id":"https:\/\/fuentesfidedignas.com.mx\/#\/schema\/person\/331be9283d37198e2acd5750279085b0"},"headline":"Militarizaci\u00f3n en Culiac\u00e1n no resuelve el problema de fondo, advierten","datePublished":"2025-07-11T16:31:09+00:00","mainEntityOfPage":{"@id":"https:\/\/fuentesfidedignas.com.mx\/index.php\/2025\/07\/11\/militarizacion-en-culiacan-no-resuelve-el-problema-de-fondo-advierten\/"},"wordCount":237,"publisher":{"@id":"https:\/\/fuentesfidedignas.com.mx\/#organization"},"image":{"@id":"https:\/\/fuentesfidedignas.com.mx\/index.php\/2025\/07\/11\/militarizacion-en-culiacan-no-resuelve-el-problema-de-fondo-advierten\/#primaryimage"},"thumbnailUrl":"https:\/\/fuentesfidedignas.com.mx\/wp-content\/uploads\/2024\/11\/policias-estatales-zac.jpg","articleSection":["NOTICIAS LOCALES"],"inLanguage":"es"},{"@type":"WebPage","@id":"https:\/\/fuentesfidedignas.com.mx\/index.php\/2025\/07\/11\/militarizacion-en-culiacan-no-resuelve-el-problema-de-fondo-advierten\/","url":"https:\/\/fuentesfidedignas.com.mx\/index.php\/2025\/07\/11\/militarizacion-en-culiacan-no-resuelve-el-problema-de-fondo-advierten\/","name":"Militarizaci\u00f3n en Culiac\u00e1n no resuelve el problema de fondo, advierten - Fuentes Fidedignas","isPartOf":{"@id":"https:\/\/fuentesfidedignas.com.mx\/#website"},"primaryImageOfPage":{"@id":"https:\/\/fuentesfidedignas.com.mx\/index.php\/2025\/07\/11\/militarizacion-en-culiacan-no-resuelve-el-problema-de-fondo-advierten\/#primaryimage"},"image":{"@id":"https:\/\/fuentesfidedignas.com.mx\/index.php\/2025\/07\/11\/militarizacion-en-culiacan-no-resuelve-el-problema-de-fondo-advierten\/#primaryimage"},"thumbnailUrl":"https:\/\/fuentesfidedignas.com.mx\/wp-content\/uploads\/2024\/11\/policias-estatales-zac.jpg","datePublished":"2025-07-11T16:31:09+00:00","breadcrumb":{"@id":"https:\/\/fuentesfidedignas.com.mx\/index.php\/2025\/07\/11\/militarizacion-en-culiacan-no-resuelve-el-problema-de-fondo-advierten\/#breadcrumb"},"inLanguage":"es","potentialAction":[{"@type":"ReadAction","target":["https:\/\/fuentesfidedignas.com.mx\/index.php\/2025\/07\/11\/militarizacion-en-culiacan-no-resuelve-el-problema-de-fondo-advierten\/"]}]},{"@type":"ImageObject","inLanguage":"es","@id":"https:\/\/fuentesfidedignas.com.mx\/index.php\/2025\/07\/11\/militarizacion-en-culiacan-no-resuelve-el-problema-de-fondo-advierten\/#primaryimage","url":"https:\/\/fuentesfidedignas.com.mx\/wp-content\/uploads\/2024\/11\/policias-estatales-zac.jpg","contentUrl":"https:\/\/fuentesfidedignas.com.mx\/wp-content\/uploads\/2024\/11\/policias-estatales-zac.jpg","width":685,"height":385},{"@type":"BreadcrumbList","@id":"https:\/\/fuentesfidedignas.com.mx\/index.php\/2025\/07\/11\/militarizacion-en-culiacan-no-resuelve-el-problema-de-fondo-advierten\/#breadcrumb","itemListElement":[{"@type":"ListItem","position":1,"name":"Inicio","item":"https:\/\/fuentesfidedignas.com.mx\/"},{"@type":"ListItem","position":2,"name":"Militarizaci\u00f3n en Culiac\u00e1n no resuelve el problema de fondo, advierten"}]},{"@type":"WebSite","@id":"https:\/\/fuentesfidedignas.com.mx\/#website","url":"https:\/\/fuentesfidedignas.com.mx\/","name":"Fuentes Fidedignas","description":"Otro sitio realizado con WordPress","publisher":{"@id":"https:\/\/fuentesfidedignas.com.mx\/#organization"},"potentialAction":[{"@type":"SearchAction","target":{"@type":"EntryPoint","urlTemplate":"https:\/\/fuentesfidedignas.com.mx\/?s={search_term_string}"},"query-input":{"@type":"PropertyValueSpecification","valueRequired":true,"valueName":"search_term_string"}}],"inLanguage":"es"},{"@type":"Organization","@id":"https:\/\/fuentesfidedignas.com.mx\/#organization","name":"Fuentes Fidedignas","url":"https:\/\/fuentesfidedignas.com.mx\/","logo":{"@type":"ImageObject","inLanguage":"es","@id":"https:\/\/fuentesfidedignas.com.mx\/#\/schema\/logo\/image\/","url":"https:\/\/fuentesfidedignas.com.mx\/wp-content\/uploads\/2021\/04\/logo-retina.png","contentUrl":"https:\/\/fuentesfidedignas.com.mx\/wp-content\/uploads\/2021\/04\/logo-retina.png","width":280,"height":51,"caption":"Fuentes Fidedignas"},"image":{"@id":"https:\/\/fuentesfidedignas.com.mx\/#\/schema\/logo\/image\/"},"sameAs":["https:\/\/www.facebook.com\/Fuentes-Fidedignas-368234489921644","https:\/\/x.com\/fidedignas"]},{"@type":"Person","@id":"https:\/\/fuentesfidedignas.com.mx\/#\/schema\/person\/331be9283d37198e2acd5750279085b0","name":"Redacci\u00f3n","image":{"@type":"ImageObject","inLanguage":"es","@id":"https:\/\/secure.gravatar.com\/avatar\/f6d8782c11d12b2d4ad3fbb6931aeab5309937a4d6cd2fc9cfaa28a6396a5aec?s=96&d=mm&r=g","url":"https:\/\/secure.gravatar.com\/avatar\/f6d8782c11d12b2d4ad3fbb6931aeab5309937a4d6cd2fc9cfaa28a6396a5aec?s=96&d=mm&r=g","contentUrl":"https:\/\/secure.gravatar.com\/avatar\/f6d8782c11d12b2d4ad3fbb6931aeab5309937a4d6cd2fc9cfaa28a6396a5aec?s=96&d=mm&r=g","caption":"Redacci\u00f3n"},"url":"https:\/\/fuentesfidedignas.com.mx\/index.php\/author\/redaccion\/"}]}},"_links":{"self":[{"href":"https:\/\/fuentesfidedignas.com.mx\/index.php\/wp-json\/wp\/v2\/posts\/112650","targetHints":{"allow":["GET"]}}],"collection":[{"href":"https:\/\/fuentesfidedignas.com.mx\/index.php\/wp-json\/wp\/v2\/posts"}],"about":[{"href":"https:\/\/fuentesfidedignas.com.mx\/index.php\/wp-json\/wp\/v2\/types\/post"}],"author":[{"embeddable":true,"href":"https:\/\/fuentesfidedignas.com.mx\/index.php\/wp-json\/wp\/v2\/users\/4"}],"replies":[{"embeddable":true,"href":"https:\/\/fuentesfidedignas.com.mx\/index.php\/wp-json\/wp\/v2\/comments?post=112650"}],"version-history":[{"count":1,"href":"https:\/\/fuentesfidedignas.com.mx\/index.php\/wp-json\/wp\/v2\/posts\/112650\/revisions"}],"predecessor-version":[{"id":112651,"href":"https:\/\/fuentesfidedignas.com.mx\/index.php\/wp-json\/wp\/v2\/posts\/112650\/revisions\/112651"}],"wp:featuredmedia":[{"embeddable":true,"href":"https:\/\/fuentesfidedignas.com.mx\/index.php\/wp-json\/wp\/v2\/media\/95917"}],"wp:attachment":[{"href":"https:\/\/fuentesfidedignas.com.mx\/index.php\/wp-json\/wp\/v2\/media?parent=112650"}],"wp:term":[{"taxonomy":"category","embeddable":true,"href":"https:\/\/fuentesfidedignas.com.mx\/index.php\/wp-json\/wp\/v2\/categories?post=112650"},{"taxonomy":"post_tag","embeddable":true,"href":"https:\/\/fuentesfidedignas.com.mx\/index.php\/wp-json\/wp\/v2\/tags?post=112650"}],"curies":[{"name":"wp","href":"https:\/\/api.w.org\/{rel}","templated":true}]}}