{"id":112595,"date":"2025-07-10T10:29:00","date_gmt":"2025-07-10T17:29:00","guid":{"rendered":"https:\/\/fuentesfidedignas.com.mx\/?p=112595"},"modified":"2025-07-11T11:17:10","modified_gmt":"2025-07-11T18:17:10","slug":"ovidio-guzman-reaparece-en-registros-del-buro-federal-de-prisiones-de-eu","status":"publish","type":"post","link":"https:\/\/fuentesfidedignas.com.mx\/index.php\/2025\/07\/10\/ovidio-guzman-reaparece-en-registros-del-buro-federal-de-prisiones-de-eu\/","title":{"rendered":"Ovidio Guzm\u00e1n reaparece en registros del Bur\u00f3 Federal de Prisiones de EU"},"content":{"rendered":"\n<p><strong><em>Ovidio Guzm\u00e1n, de 35 a\u00f1os, est\u00e1 acusado de conspirar en empresa criminal continuada, importar y distribuir fentanilo, blanquear dinero y usar armas de fuego.<\/em><\/strong><\/p>\n\n\n\n<p>Ovidio Guzm\u00e1n L\u00f3pez, hijo del narcotraficante mexicano Joaqu\u00edn Guzm\u00e1n Loera, regres\u00f3 a los registros del Bur\u00f3 Federal de Prisiones (BOP, por sus siglas en ingl\u00e9s).<\/p>\n\n\n\n<p>De acuerdo con el portal del BOP, Guzm\u00e1n L\u00f3pez est\u00e1 recluido en el Centro Correccional Metropolitano (CCM) de Chicago. Su n\u00famero de registro es el 72884-748.<\/p>\n\n\n\n<p>La audiencia en un tribunal de Chicago de Ovidio Guzm\u00e1n para oficializar su culpabilidad por narcotr\u00e1fico se pospuso hasta el viernes, seg\u00fan documentos judiciales.<\/p>\n\n\n\n<p>Prevista inicialmente para el mi\u00e9rcoles, la audiencia presencial queda fijada ahora para el viernes 11 de julio a las 11:00 horas, se\u00f1ala el documento.<\/p>\n\n\n\n<p>En la misma, debe oficializarse la declaraci\u00f3n de culpabilidad que firm\u00f3 de su pu\u00f1o y letra el pasado 30 de junio.<\/p>\n\n\n\n<p>All\u00ed manifestaba su &#8220;deseo de declarase culpable&#8221;, lo que le evitar\u00e1 sentarse en el banquillo a cambio de brindar valiosa informaci\u00f3n a la fiscal\u00eda y lograr, eventualmente, una condena inferior a la cadena perpetua que cumple su padre en Estados Unidos tras un medi\u00e1tico juicio celebrado en 2018.<\/p>\n\n\n\n<p>Guzm\u00e1n, de 35 a\u00f1os, est\u00e1 acusado de conspirar en empresa criminal continuada, importar y distribuir fentanilo, blanquear dinero y usar armas de fuego.<\/p>\n\n\n\n<p>Las autoridades estadounidenses acusan a Ovidio, su hermano Joaqu\u00edn Guzm\u00e1n L\u00f3pez (tambi\u00e9n detenido en Chicago), y a sus medio hermanos Archivaldo Iv\u00e1n y Jes\u00fas Alfredo Guzm\u00e1n Salazar de ser los l\u00edderes de Los Chapitos, una facci\u00f3n del c\u00e1rtel de Sinaloa, designado por el actual gobierno de Donald Trump como organizaci\u00f3n &#8220;terrorista&#8221; global.<\/p>\n\n\n\n<p><\/p>\n","protected":false},"excerpt":{"rendered":"<p>Ovidio Guzm\u00e1n, de 35 a\u00f1os, est\u00e1 acusado de conspirar en empresa criminal continuada, importar y distribuir fentanilo, blanquear dinero y usar armas de fuego. Ovidio Guzm\u00e1n L\u00f3pez, hijo del narcotraficante mexicano Joaqu\u00edn Guzm\u00e1n Loera, regres\u00f3 a los registros del Bur\u00f3 Federal de Prisiones (BOP, por sus siglas en ingl\u00e9s). De acuerdo con el portal del [&hellip;]<\/p>\n","protected":false},"author":12,"featured_media":59255,"comment_status":"open","ping_status":"open","sticky":false,"template":"","format":"standard","meta":{"tdm_status":"","tdm_grid_status":"","footnotes":""},"categories":[],"tags":[],"class_list":["post-112595","post","type-post","status-publish","format-standard","has-post-thumbnail"],"yoast_head":"<!-- This site is optimized with the Yoast SEO plugin v27.5 - https:\/\/yoast.com\/product\/yoast-seo-wordpress\/ -->\n<title>Ovidio Guzm\u00e1n reaparece en registros del Bur\u00f3 Federal de Prisiones de EU - Fuentes Fidedignas<\/title>\n<meta name=\"robots\" content=\"index, follow, max-snippet:-1, max-image-preview:large, max-video-preview:-1\" \/>\n<link rel=\"canonical\" href=\"https:\/\/fuentesfidedignas.com.mx\/index.php\/2025\/07\/10\/ovidio-guzman-reaparece-en-registros-del-buro-federal-de-prisiones-de-eu\/\" \/>\n<meta property=\"og:locale\" content=\"es_MX\" \/>\n<meta property=\"og:type\" content=\"article\" \/>\n<meta property=\"og:title\" content=\"Ovidio Guzm\u00e1n reaparece en registros del Bur\u00f3 Federal de Prisiones de EU - Fuentes Fidedignas\" \/>\n<meta property=\"og:description\" content=\"Ovidio Guzm\u00e1n, de 35 a\u00f1os, est\u00e1 acusado de conspirar en empresa criminal continuada, importar y distribuir fentanilo, blanquear dinero y usar armas de fuego. Ovidio Guzm\u00e1n L\u00f3pez, hijo del narcotraficante mexicano Joaqu\u00edn Guzm\u00e1n Loera, regres\u00f3 a los registros del Bur\u00f3 Federal de Prisiones (BOP, por sus siglas en ingl\u00e9s). De acuerdo con el portal del [&hellip;]\" \/>\n<meta property=\"og:url\" content=\"https:\/\/fuentesfidedignas.com.mx\/index.php\/2025\/07\/10\/ovidio-guzman-reaparece-en-registros-del-buro-federal-de-prisiones-de-eu\/\" \/>\n<meta property=\"og:site_name\" content=\"Fuentes Fidedignas\" \/>\n<meta property=\"article:publisher\" content=\"https:\/\/www.facebook.com\/Fuentes-Fidedignas-368234489921644\" \/>\n<meta property=\"article:published_time\" content=\"2025-07-10T17:29:00+00:00\" \/>\n<meta property=\"article:modified_time\" content=\"2025-07-11T18:17:10+00:00\" \/>\n<meta property=\"og:image\" content=\"https:\/\/fuentesfidedignas.com.mx\/wp-content\/uploads\/2023\/09\/ovidio-guzman-extradicion-foto.jpg\" \/>\n\t<meta property=\"og:image:width\" content=\"1100\" \/>\n\t<meta property=\"og:image:height\" content=\"580\" \/>\n\t<meta property=\"og:image:type\" content=\"image\/jpeg\" \/>\n<meta name=\"author\" content=\"AFP\" \/>\n<meta name=\"twitter:card\" content=\"summary_large_image\" \/>\n<meta name=\"twitter:creator\" content=\"@fidedignas\" \/>\n<meta name=\"twitter:site\" content=\"@fidedignas\" \/>\n<meta name=\"twitter:label1\" content=\"Escrito por\" \/>\n\t<meta name=\"twitter:data1\" content=\"AFP\" \/>\n\t<meta name=\"twitter:label2\" content=\"Tiempo de lectura\" \/>\n\t<meta name=\"twitter:data2\" content=\"2 minutos\" \/>\n<script type=\"application\/ld+json\" class=\"yoast-schema-graph\">{\"@context\":\"https:\\\/\\\/schema.org\",\"@graph\":[{\"@type\":\"Article\",\"@id\":\"https:\\\/\\\/fuentesfidedignas.com.mx\\\/index.php\\\/2025\\\/07\\\/10\\\/ovidio-guzman-reaparece-en-registros-del-buro-federal-de-prisiones-de-eu\\\/#article\",\"isPartOf\":{\"@id\":\"https:\\\/\\\/fuentesfidedignas.com.mx\\\/index.php\\\/2025\\\/07\\\/10\\\/ovidio-guzman-reaparece-en-registros-del-buro-federal-de-prisiones-de-eu\\\/\"},\"author\":{\"name\":\"AFP\",\"@id\":\"https:\\\/\\\/fuentesfidedignas.com.mx\\\/#\\\/schema\\\/person\\\/1827b38c6cf89e1d6cc7d78ca3fae732\"},\"headline\":\"Ovidio Guzm\u00e1n reaparece en registros del Bur\u00f3 Federal de Prisiones de EU\",\"datePublished\":\"2025-07-10T17:29:00+00:00\",\"dateModified\":\"2025-07-11T18:17:10+00:00\",\"mainEntityOfPage\":{\"@id\":\"https:\\\/\\\/fuentesfidedignas.com.mx\\\/index.php\\\/2025\\\/07\\\/10\\\/ovidio-guzman-reaparece-en-registros-del-buro-federal-de-prisiones-de-eu\\\/\"},\"wordCount\":307,\"commentCount\":0,\"publisher\":{\"@id\":\"https:\\\/\\\/fuentesfidedignas.com.mx\\\/#organization\"},\"image\":{\"@id\":\"https:\\\/\\\/fuentesfidedignas.com.mx\\\/index.php\\\/2025\\\/07\\\/10\\\/ovidio-guzman-reaparece-en-registros-del-buro-federal-de-prisiones-de-eu\\\/#primaryimage\"},\"thumbnailUrl\":\"https:\\\/\\\/fuentesfidedignas.com.mx\\\/wp-content\\\/uploads\\\/2023\\\/09\\\/ovidio-guzman-extradicion-foto.jpg\",\"inLanguage\":\"es\",\"potentialAction\":[{\"@type\":\"CommentAction\",\"name\":\"Comment\",\"target\":[\"https:\\\/\\\/fuentesfidedignas.com.mx\\\/index.php\\\/2025\\\/07\\\/10\\\/ovidio-guzman-reaparece-en-registros-del-buro-federal-de-prisiones-de-eu\\\/#respond\"]}]},{\"@type\":\"WebPage\",\"@id\":\"https:\\\/\\\/fuentesfidedignas.com.mx\\\/index.php\\\/2025\\\/07\\\/10\\\/ovidio-guzman-reaparece-en-registros-del-buro-federal-de-prisiones-de-eu\\\/\",\"url\":\"https:\\\/\\\/fuentesfidedignas.com.mx\\\/index.php\\\/2025\\\/07\\\/10\\\/ovidio-guzman-reaparece-en-registros-del-buro-federal-de-prisiones-de-eu\\\/\",\"name\":\"Ovidio Guzm\u00e1n reaparece en registros del Bur\u00f3 Federal de Prisiones de EU - Fuentes Fidedignas\",\"isPartOf\":{\"@id\":\"https:\\\/\\\/fuentesfidedignas.com.mx\\\/#website\"},\"primaryImageOfPage\":{\"@id\":\"https:\\\/\\\/fuentesfidedignas.com.mx\\\/index.php\\\/2025\\\/07\\\/10\\\/ovidio-guzman-reaparece-en-registros-del-buro-federal-de-prisiones-de-eu\\\/#primaryimage\"},\"image\":{\"@id\":\"https:\\\/\\\/fuentesfidedignas.com.mx\\\/index.php\\\/2025\\\/07\\\/10\\\/ovidio-guzman-reaparece-en-registros-del-buro-federal-de-prisiones-de-eu\\\/#primaryimage\"},\"thumbnailUrl\":\"https:\\\/\\\/fuentesfidedignas.com.mx\\\/wp-content\\\/uploads\\\/2023\\\/09\\\/ovidio-guzman-extradicion-foto.jpg\",\"datePublished\":\"2025-07-10T17:29:00+00:00\",\"dateModified\":\"2025-07-11T18:17:10+00:00\",\"breadcrumb\":{\"@id\":\"https:\\\/\\\/fuentesfidedignas.com.mx\\\/index.php\\\/2025\\\/07\\\/10\\\/ovidio-guzman-reaparece-en-registros-del-buro-federal-de-prisiones-de-eu\\\/#breadcrumb\"},\"inLanguage\":\"es\",\"potentialAction\":[{\"@type\":\"ReadAction\",\"target\":[\"https:\\\/\\\/fuentesfidedignas.com.mx\\\/index.php\\\/2025\\\/07\\\/10\\\/ovidio-guzman-reaparece-en-registros-del-buro-federal-de-prisiones-de-eu\\\/\"]}]},{\"@type\":\"ImageObject\",\"inLanguage\":\"es\",\"@id\":\"https:\\\/\\\/fuentesfidedignas.com.mx\\\/index.php\\\/2025\\\/07\\\/10\\\/ovidio-guzman-reaparece-en-registros-del-buro-federal-de-prisiones-de-eu\\\/#primaryimage\",\"url\":\"https:\\\/\\\/fuentesfidedignas.com.mx\\\/wp-content\\\/uploads\\\/2023\\\/09\\\/ovidio-guzman-extradicion-foto.jpg\",\"contentUrl\":\"https:\\\/\\\/fuentesfidedignas.com.mx\\\/wp-content\\\/uploads\\\/2023\\\/09\\\/ovidio-guzman-extradicion-foto.jpg\",\"width\":1100,\"height\":580},{\"@type\":\"BreadcrumbList\",\"@id\":\"https:\\\/\\\/fuentesfidedignas.com.mx\\\/index.php\\\/2025\\\/07\\\/10\\\/ovidio-guzman-reaparece-en-registros-del-buro-federal-de-prisiones-de-eu\\\/#breadcrumb\",\"itemListElement\":[{\"@type\":\"ListItem\",\"position\":1,\"name\":\"Inicio\",\"item\":\"https:\\\/\\\/fuentesfidedignas.com.mx\\\/\"},{\"@type\":\"ListItem\",\"position\":2,\"name\":\"Ovidio Guzm\u00e1n reaparece en registros del Bur\u00f3 Federal de Prisiones de EU\"}]},{\"@type\":\"WebSite\",\"@id\":\"https:\\\/\\\/fuentesfidedignas.com.mx\\\/#website\",\"url\":\"https:\\\/\\\/fuentesfidedignas.com.mx\\\/\",\"name\":\"Fuentes Fidedignas\",\"description\":\"Otro sitio realizado con WordPress\",\"publisher\":{\"@id\":\"https:\\\/\\\/fuentesfidedignas.com.mx\\\/#organization\"},\"potentialAction\":[{\"@type\":\"SearchAction\",\"target\":{\"@type\":\"EntryPoint\",\"urlTemplate\":\"https:\\\/\\\/fuentesfidedignas.com.mx\\\/?s={search_term_string}\"},\"query-input\":{\"@type\":\"PropertyValueSpecification\",\"valueRequired\":true,\"valueName\":\"search_term_string\"}}],\"inLanguage\":\"es\"},{\"@type\":\"Organization\",\"@id\":\"https:\\\/\\\/fuentesfidedignas.com.mx\\\/#organization\",\"name\":\"Fuentes Fidedignas\",\"url\":\"https:\\\/\\\/fuentesfidedignas.com.mx\\\/\",\"logo\":{\"@type\":\"ImageObject\",\"inLanguage\":\"es\",\"@id\":\"https:\\\/\\\/fuentesfidedignas.com.mx\\\/#\\\/schema\\\/logo\\\/image\\\/\",\"url\":\"https:\\\/\\\/fuentesfidedignas.com.mx\\\/wp-content\\\/uploads\\\/2021\\\/04\\\/logo-retina.png\",\"contentUrl\":\"https:\\\/\\\/fuentesfidedignas.com.mx\\\/wp-content\\\/uploads\\\/2021\\\/04\\\/logo-retina.png\",\"width\":280,\"height\":51,\"caption\":\"Fuentes Fidedignas\"},\"image\":{\"@id\":\"https:\\\/\\\/fuentesfidedignas.com.mx\\\/#\\\/schema\\\/logo\\\/image\\\/\"},\"sameAs\":[\"https:\\\/\\\/www.facebook.com\\\/Fuentes-Fidedignas-368234489921644\",\"https:\\\/\\\/x.com\\\/fidedignas\"]},{\"@type\":\"Person\",\"@id\":\"https:\\\/\\\/fuentesfidedignas.com.mx\\\/#\\\/schema\\\/person\\\/1827b38c6cf89e1d6cc7d78ca3fae732\",\"name\":\"AFP\",\"image\":{\"@type\":\"ImageObject\",\"inLanguage\":\"es\",\"@id\":\"https:\\\/\\\/secure.gravatar.com\\\/avatar\\\/236827d2ee9bf15e1ea99e0c1cd1b467cffa55e324d177638d0f8de7950cbae6?s=96&d=mm&r=g\",\"url\":\"https:\\\/\\\/secure.gravatar.com\\\/avatar\\\/236827d2ee9bf15e1ea99e0c1cd1b467cffa55e324d177638d0f8de7950cbae6?s=96&d=mm&r=g\",\"contentUrl\":\"https:\\\/\\\/secure.gravatar.com\\\/avatar\\\/236827d2ee9bf15e1ea99e0c1cd1b467cffa55e324d177638d0f8de7950cbae6?s=96&d=mm&r=g\",\"caption\":\"AFP\"},\"url\":\"https:\\\/\\\/fuentesfidedignas.com.mx\\\/index.php\\\/author\\\/afp\\\/\"}]}<\/script>\n<!-- \/ Yoast SEO plugin. -->","yoast_head_json":{"title":"Ovidio Guzm\u00e1n reaparece en registros del Bur\u00f3 Federal de Prisiones de EU - Fuentes Fidedignas","robots":{"index":"index","follow":"follow","max-snippet":"max-snippet:-1","max-image-preview":"max-image-preview:large","max-video-preview":"max-video-preview:-1"},"canonical":"https:\/\/fuentesfidedignas.com.mx\/index.php\/2025\/07\/10\/ovidio-guzman-reaparece-en-registros-del-buro-federal-de-prisiones-de-eu\/","og_locale":"es_MX","og_type":"article","og_title":"Ovidio Guzm\u00e1n reaparece en registros del Bur\u00f3 Federal de Prisiones de EU - Fuentes Fidedignas","og_description":"Ovidio Guzm\u00e1n, de 35 a\u00f1os, est\u00e1 acusado de conspirar en empresa criminal continuada, importar y distribuir fentanilo, blanquear dinero y usar armas de fuego. Ovidio Guzm\u00e1n L\u00f3pez, hijo del narcotraficante mexicano Joaqu\u00edn Guzm\u00e1n Loera, regres\u00f3 a los registros del Bur\u00f3 Federal de Prisiones (BOP, por sus siglas en ingl\u00e9s). De acuerdo con el portal del [&hellip;]","og_url":"https:\/\/fuentesfidedignas.com.mx\/index.php\/2025\/07\/10\/ovidio-guzman-reaparece-en-registros-del-buro-federal-de-prisiones-de-eu\/","og_site_name":"Fuentes Fidedignas","article_publisher":"https:\/\/www.facebook.com\/Fuentes-Fidedignas-368234489921644","article_published_time":"2025-07-10T17:29:00+00:00","article_modified_time":"2025-07-11T18:17:10+00:00","og_image":[{"width":1100,"height":580,"url":"https:\/\/fuentesfidedignas.com.mx\/wp-content\/uploads\/2023\/09\/ovidio-guzman-extradicion-foto.jpg","type":"image\/jpeg"}],"author":"AFP","twitter_card":"summary_large_image","twitter_creator":"@fidedignas","twitter_site":"@fidedignas","twitter_misc":{"Escrito por":"AFP","Tiempo de lectura":"2 minutos"},"schema":{"@context":"https:\/\/schema.org","@graph":[{"@type":"Article","@id":"https:\/\/fuentesfidedignas.com.mx\/index.php\/2025\/07\/10\/ovidio-guzman-reaparece-en-registros-del-buro-federal-de-prisiones-de-eu\/#article","isPartOf":{"@id":"https:\/\/fuentesfidedignas.com.mx\/index.php\/2025\/07\/10\/ovidio-guzman-reaparece-en-registros-del-buro-federal-de-prisiones-de-eu\/"},"author":{"name":"AFP","@id":"https:\/\/fuentesfidedignas.com.mx\/#\/schema\/person\/1827b38c6cf89e1d6cc7d78ca3fae732"},"headline":"Ovidio Guzm\u00e1n reaparece en registros del Bur\u00f3 Federal de Prisiones de EU","datePublished":"2025-07-10T17:29:00+00:00","dateModified":"2025-07-11T18:17:10+00:00","mainEntityOfPage":{"@id":"https:\/\/fuentesfidedignas.com.mx\/index.php\/2025\/07\/10\/ovidio-guzman-reaparece-en-registros-del-buro-federal-de-prisiones-de-eu\/"},"wordCount":307,"commentCount":0,"publisher":{"@id":"https:\/\/fuentesfidedignas.com.mx\/#organization"},"image":{"@id":"https:\/\/fuentesfidedignas.com.mx\/index.php\/2025\/07\/10\/ovidio-guzman-reaparece-en-registros-del-buro-federal-de-prisiones-de-eu\/#primaryimage"},"thumbnailUrl":"https:\/\/fuentesfidedignas.com.mx\/wp-content\/uploads\/2023\/09\/ovidio-guzman-extradicion-foto.jpg","inLanguage":"es","potentialAction":[{"@type":"CommentAction","name":"Comment","target":["https:\/\/fuentesfidedignas.com.mx\/index.php\/2025\/07\/10\/ovidio-guzman-reaparece-en-registros-del-buro-federal-de-prisiones-de-eu\/#respond"]}]},{"@type":"WebPage","@id":"https:\/\/fuentesfidedignas.com.mx\/index.php\/2025\/07\/10\/ovidio-guzman-reaparece-en-registros-del-buro-federal-de-prisiones-de-eu\/","url":"https:\/\/fuentesfidedignas.com.mx\/index.php\/2025\/07\/10\/ovidio-guzman-reaparece-en-registros-del-buro-federal-de-prisiones-de-eu\/","name":"Ovidio Guzm\u00e1n reaparece en registros del Bur\u00f3 Federal de Prisiones de EU - Fuentes Fidedignas","isPartOf":{"@id":"https:\/\/fuentesfidedignas.com.mx\/#website"},"primaryImageOfPage":{"@id":"https:\/\/fuentesfidedignas.com.mx\/index.php\/2025\/07\/10\/ovidio-guzman-reaparece-en-registros-del-buro-federal-de-prisiones-de-eu\/#primaryimage"},"image":{"@id":"https:\/\/fuentesfidedignas.com.mx\/index.php\/2025\/07\/10\/ovidio-guzman-reaparece-en-registros-del-buro-federal-de-prisiones-de-eu\/#primaryimage"},"thumbnailUrl":"https:\/\/fuentesfidedignas.com.mx\/wp-content\/uploads\/2023\/09\/ovidio-guzman-extradicion-foto.jpg","datePublished":"2025-07-10T17:29:00+00:00","dateModified":"2025-07-11T18:17:10+00:00","breadcrumb":{"@id":"https:\/\/fuentesfidedignas.com.mx\/index.php\/2025\/07\/10\/ovidio-guzman-reaparece-en-registros-del-buro-federal-de-prisiones-de-eu\/#breadcrumb"},"inLanguage":"es","potentialAction":[{"@type":"ReadAction","target":["https:\/\/fuentesfidedignas.com.mx\/index.php\/2025\/07\/10\/ovidio-guzman-reaparece-en-registros-del-buro-federal-de-prisiones-de-eu\/"]}]},{"@type":"ImageObject","inLanguage":"es","@id":"https:\/\/fuentesfidedignas.com.mx\/index.php\/2025\/07\/10\/ovidio-guzman-reaparece-en-registros-del-buro-federal-de-prisiones-de-eu\/#primaryimage","url":"https:\/\/fuentesfidedignas.com.mx\/wp-content\/uploads\/2023\/09\/ovidio-guzman-extradicion-foto.jpg","contentUrl":"https:\/\/fuentesfidedignas.com.mx\/wp-content\/uploads\/2023\/09\/ovidio-guzman-extradicion-foto.jpg","width":1100,"height":580},{"@type":"BreadcrumbList","@id":"https:\/\/fuentesfidedignas.com.mx\/index.php\/2025\/07\/10\/ovidio-guzman-reaparece-en-registros-del-buro-federal-de-prisiones-de-eu\/#breadcrumb","itemListElement":[{"@type":"ListItem","position":1,"name":"Inicio","item":"https:\/\/fuentesfidedignas.com.mx\/"},{"@type":"ListItem","position":2,"name":"Ovidio Guzm\u00e1n reaparece en registros del Bur\u00f3 Federal de Prisiones de EU"}]},{"@type":"WebSite","@id":"https:\/\/fuentesfidedignas.com.mx\/#website","url":"https:\/\/fuentesfidedignas.com.mx\/","name":"Fuentes Fidedignas","description":"Otro sitio realizado con WordPress","publisher":{"@id":"https:\/\/fuentesfidedignas.com.mx\/#organization"},"potentialAction":[{"@type":"SearchAction","target":{"@type":"EntryPoint","urlTemplate":"https:\/\/fuentesfidedignas.com.mx\/?s={search_term_string}"},"query-input":{"@type":"PropertyValueSpecification","valueRequired":true,"valueName":"search_term_string"}}],"inLanguage":"es"},{"@type":"Organization","@id":"https:\/\/fuentesfidedignas.com.mx\/#organization","name":"Fuentes Fidedignas","url":"https:\/\/fuentesfidedignas.com.mx\/","logo":{"@type":"ImageObject","inLanguage":"es","@id":"https:\/\/fuentesfidedignas.com.mx\/#\/schema\/logo\/image\/","url":"https:\/\/fuentesfidedignas.com.mx\/wp-content\/uploads\/2021\/04\/logo-retina.png","contentUrl":"https:\/\/fuentesfidedignas.com.mx\/wp-content\/uploads\/2021\/04\/logo-retina.png","width":280,"height":51,"caption":"Fuentes Fidedignas"},"image":{"@id":"https:\/\/fuentesfidedignas.com.mx\/#\/schema\/logo\/image\/"},"sameAs":["https:\/\/www.facebook.com\/Fuentes-Fidedignas-368234489921644","https:\/\/x.com\/fidedignas"]},{"@type":"Person","@id":"https:\/\/fuentesfidedignas.com.mx\/#\/schema\/person\/1827b38c6cf89e1d6cc7d78ca3fae732","name":"AFP","image":{"@type":"ImageObject","inLanguage":"es","@id":"https:\/\/secure.gravatar.com\/avatar\/236827d2ee9bf15e1ea99e0c1cd1b467cffa55e324d177638d0f8de7950cbae6?s=96&d=mm&r=g","url":"https:\/\/secure.gravatar.com\/avatar\/236827d2ee9bf15e1ea99e0c1cd1b467cffa55e324d177638d0f8de7950cbae6?s=96&d=mm&r=g","contentUrl":"https:\/\/secure.gravatar.com\/avatar\/236827d2ee9bf15e1ea99e0c1cd1b467cffa55e324d177638d0f8de7950cbae6?s=96&d=mm&r=g","caption":"AFP"},"url":"https:\/\/fuentesfidedignas.com.mx\/index.php\/author\/afp\/"}]}},"_links":{"self":[{"href":"https:\/\/fuentesfidedignas.com.mx\/index.php\/wp-json\/wp\/v2\/posts\/112595","targetHints":{"allow":["GET"]}}],"collection":[{"href":"https:\/\/fuentesfidedignas.com.mx\/index.php\/wp-json\/wp\/v2\/posts"}],"about":[{"href":"https:\/\/fuentesfidedignas.com.mx\/index.php\/wp-json\/wp\/v2\/types\/post"}],"author":[{"embeddable":true,"href":"https:\/\/fuentesfidedignas.com.mx\/index.php\/wp-json\/wp\/v2\/users\/12"}],"replies":[{"embeddable":true,"href":"https:\/\/fuentesfidedignas.com.mx\/index.php\/wp-json\/wp\/v2\/comments?post=112595"}],"version-history":[{"count":1,"href":"https:\/\/fuentesfidedignas.com.mx\/index.php\/wp-json\/wp\/v2\/posts\/112595\/revisions"}],"predecessor-version":[{"id":112596,"href":"https:\/\/fuentesfidedignas.com.mx\/index.php\/wp-json\/wp\/v2\/posts\/112595\/revisions\/112596"}],"wp:featuredmedia":[{"embeddable":true,"href":"https:\/\/fuentesfidedignas.com.mx\/index.php\/wp-json\/wp\/v2\/media\/59255"}],"wp:attachment":[{"href":"https:\/\/fuentesfidedignas.com.mx\/index.php\/wp-json\/wp\/v2\/media?parent=112595"}],"wp:term":[{"taxonomy":"category","embeddable":true,"href":"https:\/\/fuentesfidedignas.com.mx\/index.php\/wp-json\/wp\/v2\/categories?post=112595"},{"taxonomy":"post_tag","embeddable":true,"href":"https:\/\/fuentesfidedignas.com.mx\/index.php\/wp-json\/wp\/v2\/tags?post=112595"}],"curies":[{"name":"wp","href":"https:\/\/api.w.org\/{rel}","templated":true}]}}